{"id":3815,"date":"2020-07-11T21:46:52","date_gmt":"2020-07-12T00:46:52","guid":{"rendered":"http:\/\/diarioprincipios.com\/?p=3815"},"modified":"2020-07-11T21:46:55","modified_gmt":"2020-07-12T00:46:55","slug":"argentina-bien-posicionada-para-estar-entre-los-primeros-paises-que-reciban-una-vacuna-contra-el-coronavirus","status":"publish","type":"post","link":"https:\/\/diarioprincipios.com\/index.php\/2020\/07\/11\/argentina-bien-posicionada-para-estar-entre-los-primeros-paises-que-reciban-una-vacuna-contra-el-coronavirus\/","title":{"rendered":"Argentina bien posicionada para estar entre los primeros pa\u00edses que reciban una vacuna contra el coronavirus"},"content":{"rendered":"\n<p>Fernando Polack, investigador principal del estudio que se realizar\u00e1 a partir de agosto en Argentina de la vacuna contra el coronavirus a cargo de las farmac\u00e9uticas Pfizer y BioNTech, dijo hoy a T\u00e9lam que apuestan a \u00abtener respuestas sobre su efectividad a fin de este a\u00f1o\u00bb y destac\u00f3 que \u00abser parte de estos ensayos posiciona al pa\u00eds en lugar de privilegio para la distribuci\u00f3n\u00bb.<\/p>\n\n\n\n<p>\u00abLa intenci\u00f3n es que la evaluaci\u00f3n de la fase 2\/3 de efectividad de la vacuna se realice reflejando la diversidad de la poblaci\u00f3n, en un rango de 18 a 80 a\u00f1os, en personas que no se hayan infectado y apuntamos a mirar primero a los trabajadores esenciales, sobre todo a la poblaci\u00f3n de salud pero luego se ampliar\u00e1\u00bb, afirm\u00f3 Polack respecto al estudio de prueba de la vacuna contra la Covid-19 que comenzar\u00e1 en agosto en el Hospital Militar de la ciudad de Buenos Aires.<\/p>\n\n\n\n<p>El m\u00e9dico pediatra infect\u00f3logo y director de la Fundaci\u00f3n Infant sostuvo que \u00abvamos a probar la vacuna en miles y miles de personas voluntarias, pero apuntamos a tener respuestas a fin de este a\u00f1o\u00bb.<\/p>\n\n\n\n<p>Argentina fue seleccionada ayer como el \u00fanico pa\u00eds de la regi\u00f3n para llevar adelante una de las fases de prueba con personas de la vacuna contra el coronavirus que preparan Pfizer Inc. y BioNTech SE, que anunciaron que se encuentran a la espera de la aprobaci\u00f3n regulatoria de la Administraci\u00f3n Nacional de Medicamentos, Alimentos y Tecnolog\u00eda M\u00e9dica (Anmat).<\/p>\n\n\n\n<p>En cuanto a la preparaci\u00f3n del estudio, Polack especific\u00f3 que est\u00e1n armando \u00abequipo con organizaciones p\u00fablicas, nacionales y provinciales del AMBA (\u00c1rea Metropolitana de Buenos Aires) y con sectores privados\u00bb, entre los cuales mencion\u00f3 el Instituto Universitario Cemic, el sanatorio De Los Arcos y el Anchorena.<\/p>\n\n\n\n<p>\u00abNo puedo contestar sobre la posibilidad de \u00e9xito, pero hay datos de esta vacuna en un ensayo previo que est\u00e1n publicados y que muestran que con dos dosis genera respuestas de anticuerpos de 10 a 20 veces mejores que una infecci\u00f3n normal por coronavirus\u00bb, indic\u00f3.<\/p>\n\n\n\n<p>Sobre la selecci\u00f3n de Argentina para realizar este estudio, Polack asegur\u00f3 que \u00abfue una enorme compulsa entre muchos otros pa\u00edses e investigadores que estaban interesados en tener el lugar que ocupa hoy nuestro pa\u00eds\u00bb y destac\u00f3 que el trabajo que se hace aqu\u00ed \u00aben el \u00e1rea de virus respiratorios es conocido a nivel mundial\u00bb.<\/p>\n\n\n\n<p>\u00abEl beneficio de realizar estas pruebas es que pone a la Argentina en un mapa de la ciencia y permite que muchos actores est\u00e9n pensando en nosotros y t\u00edpicamente a los pa\u00edses que eval\u00faan las vacunas o los medicamentos, se les abre la puerta para acceder a las remesas de vacunas o medicamentos con prioridad\u00bb, apunt\u00f3.<\/p>\n\n\n\n<p>El m\u00e9dico infect\u00f3logo se encuentra trabajando en vacunas respiratorias desde los 29 a\u00f1os y asegur\u00f3 que \u00abmuchos conocen a nuestro equipo y desde que empez\u00f3 esta enfermedad estuvimos en comunicaci\u00f3n con el presidente (Alberto Fern\u00e1ndez) y el ministro de Salud (Gin\u00e9s Gonz\u00e1lez Garc\u00eda), quienes siempre nos apoyaron y nos dieron el soporte\u00bb.<\/p>\n\n\n\n<p>El estudio de la vacuna contra la Covid-19, que ya se desarrolla en Estados Unidos y Alemania, se inici\u00f3 y cumpli\u00f3 con determinaciones de seguridad, aprobadas por comit\u00e9s independientes y agencias reguladores de Estados Unidos y Europa, \u00ablo que demuestra que es posible avanzar en su eficacia\u00bb, indic\u00f3.<\/p>\n\n\n\n<p>Las fases 1 y 2 de la vacuna comenzaron a fines de abril en Alemania y en mayo en los Estados Unidos, mientras en la primera fase de ensayos cl\u00ednicos la vacuna arroj\u00f3 se\u00f1ales alentadoras, al demostrar que es bien tolerada por humanos. Tambi\u00e9n se comprob\u00f3 que es inmunog\u00e9nica, es decir capaz de general anticuerpos.<\/p>\n\n\n\n<p>El estudio se realizar\u00e1 en un 75% en Estados Unidos y luego se agregar\u00e1 la Argentina mientras existe la posibilidad de que Pfizer sume a otros pa\u00edses \u00abaunque no han acordado nada hasta el momento\u00bb, dijo Polack.<\/p>\n\n\n\n<p>El investigador destac\u00f3 que hasta ahora no se detectaron \u00abefectos adversos serios en la vacuna\u00bb, y dijo que ya fueron inoculados \u00abm\u00e1s de 10.000 personas en Estados Unidos\u00bb del total de 30.000 que incluir\u00eda el estudio a nivel global.<\/p>\n\n\n\n<p>\u00abVamos a entrar al estudio (en momentos en que est\u00e1) m\u00e1s avanzado; vamos a tener bastante informaci\u00f3n antes de empezar\u00bb, resalt\u00f3 en di\u00e1logo con T\u00e9lam.<\/p>\n\n\n\n<p>Con respecto a la tecnolog\u00eda experimental que utiliza esta vacuna, que se conoce como ARN mensajero, el infect\u00f3logo explic\u00f3 que se trata de \u00abusar directamente el c\u00f3digo gen\u00e9tico de una prote\u00edna viral y dejar que el cuerpo humano lo tome y produzca la prote\u00edna tal como si se hubiera infectado\u00bb.<\/p>\n\n\n\n<p>\u00abPara lograr eso, tenes que usar el ARN mensajero, que son instrucciones que le da el virus al cuerpo humano para que sintetice una de sus prote\u00ednas exactamente igual; es solo una parte muy peque\u00f1a del virus, que es donde hay que atacarlo\u00bb, detall\u00f3.<\/p>\n\n\n\n<p>En ese sentido mencion\u00f3 dos beneficios de este sistema. \u00abEstas tiritas de ARN son muy l\u00e1biles, una de las ventajas es que una vez que entra a las c\u00e9lulas da la instrucci\u00f3n y el cuerpo la desarma y la segunda es que en el futuro va a ser una manera muy f\u00e1cil de desarrollar una vacuna\u00bb.<\/p>\n\n\n\n<p>\u00abAl momento, no hay vacunas de ARN que obtuvieron licencias, as\u00ed que habr\u00e1 que ver si esta generar\u00e1 todas las defensas que uno espera\u00bb, dijo.<\/p>\n\n\n\n<p>Por \u00faltimo, Polack destac\u00f3 que \u00abno son vacunas que apuntan a ser caras, sino accesibles\u00bb y record\u00f3 que la Organizaci\u00f3n Mundial de la Salud (OMS) estableci\u00f3 un orden de prioridades para su aplicaci\u00f3n, que lidera el personal de la salud seguido por los mayores de 65 a\u00f1os.<\/p>\n","protected":false},"excerpt":{"rendered":"<p>Fernando Polack, investigador principal del estudio que se realizar\u00e1 a partir de agosto en Argentina de la vacuna contra el coronavirus a cargo de las farmac\u00e9uticas Pfizer y BioNTech, dijo hoy a T\u00e9lam que apuestan a \u00abtener respuestas sobre su efectividad a fin de este a\u00f1o\u00bb y destac\u00f3 que \u00abser parte de estos ensayos posiciona&#8230;<\/p>\n","protected":false},"author":2,"featured_media":3789,"comment_status":"open","ping_status":"open","sticky":false,"template":"","format":"standard","meta":{"footnotes":""},"categories":[10],"tags":[],"class_list":["post-3815","post","type-post","status-publish","format-standard","has-post-thumbnail","hentry","category-nacion"],"featured_image_src":"https:\/\/diarioprincipios.com\/wp-content\/uploads\/2020\/07\/15880146429298.jpg","blog_images":{"medium":"https:\/\/diarioprincipios.com\/wp-content\/uploads\/2020\/07\/15880146429298-300x169.jpg","large":"https:\/\/diarioprincipios.com\/wp-content\/uploads\/2020\/07\/15880146429298.jpg"},"ams_acf":[],"yoast_head":"<!-- This site is optimized with the Yoast SEO plugin v27.3 - https:\/\/yoast.com\/product\/yoast-seo-wordpress\/ -->\n<title>Argentina bien posicionada para estar entre los primeros pa\u00edses que reciban una vacuna contra el coronavirus - Principios<\/title>\n<meta name=\"robots\" content=\"index, follow, max-snippet:-1, max-image-preview:large, max-video-preview:-1\" \/>\n<link rel=\"canonical\" href=\"https:\/\/diarioprincipios.com\/index.php\/2020\/07\/11\/argentina-bien-posicionada-para-estar-entre-los-primeros-paises-que-reciban-una-vacuna-contra-el-coronavirus\/\" \/>\n<meta property=\"og:locale\" content=\"es_ES\" \/>\n<meta property=\"og:type\" content=\"article\" \/>\n<meta property=\"og:title\" content=\"Argentina bien posicionada para estar entre los primeros pa\u00edses que reciban una vacuna contra el coronavirus - Principios\" \/>\n<meta property=\"og:description\" content=\"Fernando Polack, investigador principal del estudio que se realizar\u00e1 a partir de agosto en Argentina de la vacuna contra el coronavirus a cargo de las farmac\u00e9uticas Pfizer y BioNTech, dijo hoy a T\u00e9lam que apuestan a \u00abtener respuestas sobre su efectividad a fin de este a\u00f1o\u00bb y destac\u00f3 que \u00abser parte de estos ensayos posiciona...\" \/>\n<meta property=\"og:url\" content=\"https:\/\/diarioprincipios.com\/index.php\/2020\/07\/11\/argentina-bien-posicionada-para-estar-entre-los-primeros-paises-que-reciban-una-vacuna-contra-el-coronavirus\/\" \/>\n<meta property=\"og:site_name\" content=\"Principios\" \/>\n<meta property=\"article:published_time\" content=\"2020-07-12T00:46:52+00:00\" \/>\n<meta property=\"article:modified_time\" content=\"2020-07-12T00:46:55+00:00\" \/>\n<meta property=\"og:image\" content=\"https:\/\/diarioprincipios.com\/wp-content\/uploads\/2020\/07\/15880146429298.jpg\" \/>\n\t<meta property=\"og:image:width\" content=\"990\" \/>\n\t<meta property=\"og:image:height\" content=\"557\" \/>\n\t<meta property=\"og:image:type\" content=\"image\/jpeg\" \/>\n<meta name=\"author\" content=\"Hern\u00e1n L\u00f3pez\" \/>\n<meta name=\"twitter:card\" content=\"summary_large_image\" \/>\n<meta name=\"twitter:label1\" content=\"Escrito por\" \/>\n\t<meta name=\"twitter:data1\" content=\"Hern\u00e1n L\u00f3pez\" \/>\n\t<meta name=\"twitter:label2\" content=\"Tiempo de lectura\" \/>\n\t<meta name=\"twitter:data2\" content=\"5 minutos\" \/>\n<script type=\"application\/ld+json\" class=\"yoast-schema-graph\">{\"@context\":\"https:\\\/\\\/schema.org\",\"@graph\":[{\"@type\":\"Article\",\"@id\":\"https:\\\/\\\/diarioprincipios.com\\\/index.php\\\/2020\\\/07\\\/11\\\/argentina-bien-posicionada-para-estar-entre-los-primeros-paises-que-reciban-una-vacuna-contra-el-coronavirus\\\/#article\",\"isPartOf\":{\"@id\":\"https:\\\/\\\/diarioprincipios.com\\\/index.php\\\/2020\\\/07\\\/11\\\/argentina-bien-posicionada-para-estar-entre-los-primeros-paises-que-reciban-una-vacuna-contra-el-coronavirus\\\/\"},\"author\":{\"name\":\"Hern\u00e1n L\u00f3pez\",\"@id\":\"https:\\\/\\\/diarioprincipios.com\\\/#\\\/schema\\\/person\\\/436d5a1fd41a5e250e23ff5a6a7cb080\"},\"headline\":\"Argentina bien posicionada para estar entre los primeros pa\u00edses que reciban una vacuna contra el coronavirus\",\"datePublished\":\"2020-07-12T00:46:52+00:00\",\"dateModified\":\"2020-07-12T00:46:55+00:00\",\"mainEntityOfPage\":{\"@id\":\"https:\\\/\\\/diarioprincipios.com\\\/index.php\\\/2020\\\/07\\\/11\\\/argentina-bien-posicionada-para-estar-entre-los-primeros-paises-que-reciban-una-vacuna-contra-el-coronavirus\\\/\"},\"wordCount\":992,\"commentCount\":0,\"publisher\":{\"@id\":\"https:\\\/\\\/diarioprincipios.com\\\/#organization\"},\"image\":{\"@id\":\"https:\\\/\\\/diarioprincipios.com\\\/index.php\\\/2020\\\/07\\\/11\\\/argentina-bien-posicionada-para-estar-entre-los-primeros-paises-que-reciban-una-vacuna-contra-el-coronavirus\\\/#primaryimage\"},\"thumbnailUrl\":\"https:\\\/\\\/diarioprincipios.com\\\/wp-content\\\/uploads\\\/2020\\\/07\\\/15880146429298.jpg\",\"articleSection\":[\"Naci\u00f3n\"],\"inLanguage\":\"es\",\"potentialAction\":[{\"@type\":\"CommentAction\",\"name\":\"Comment\",\"target\":[\"https:\\\/\\\/diarioprincipios.com\\\/index.php\\\/2020\\\/07\\\/11\\\/argentina-bien-posicionada-para-estar-entre-los-primeros-paises-que-reciban-una-vacuna-contra-el-coronavirus\\\/#respond\"]}]},{\"@type\":\"WebPage\",\"@id\":\"https:\\\/\\\/diarioprincipios.com\\\/index.php\\\/2020\\\/07\\\/11\\\/argentina-bien-posicionada-para-estar-entre-los-primeros-paises-que-reciban-una-vacuna-contra-el-coronavirus\\\/\",\"url\":\"https:\\\/\\\/diarioprincipios.com\\\/index.php\\\/2020\\\/07\\\/11\\\/argentina-bien-posicionada-para-estar-entre-los-primeros-paises-que-reciban-una-vacuna-contra-el-coronavirus\\\/\",\"name\":\"Argentina bien posicionada para estar entre los primeros pa\u00edses que reciban una vacuna contra el coronavirus - Principios\",\"isPartOf\":{\"@id\":\"https:\\\/\\\/diarioprincipios.com\\\/#website\"},\"primaryImageOfPage\":{\"@id\":\"https:\\\/\\\/diarioprincipios.com\\\/index.php\\\/2020\\\/07\\\/11\\\/argentina-bien-posicionada-para-estar-entre-los-primeros-paises-que-reciban-una-vacuna-contra-el-coronavirus\\\/#primaryimage\"},\"image\":{\"@id\":\"https:\\\/\\\/diarioprincipios.com\\\/index.php\\\/2020\\\/07\\\/11\\\/argentina-bien-posicionada-para-estar-entre-los-primeros-paises-que-reciban-una-vacuna-contra-el-coronavirus\\\/#primaryimage\"},\"thumbnailUrl\":\"https:\\\/\\\/diarioprincipios.com\\\/wp-content\\\/uploads\\\/2020\\\/07\\\/15880146429298.jpg\",\"datePublished\":\"2020-07-12T00:46:52+00:00\",\"dateModified\":\"2020-07-12T00:46:55+00:00\",\"breadcrumb\":{\"@id\":\"https:\\\/\\\/diarioprincipios.com\\\/index.php\\\/2020\\\/07\\\/11\\\/argentina-bien-posicionada-para-estar-entre-los-primeros-paises-que-reciban-una-vacuna-contra-el-coronavirus\\\/#breadcrumb\"},\"inLanguage\":\"es\",\"potentialAction\":[{\"@type\":\"ReadAction\",\"target\":[\"https:\\\/\\\/diarioprincipios.com\\\/index.php\\\/2020\\\/07\\\/11\\\/argentina-bien-posicionada-para-estar-entre-los-primeros-paises-que-reciban-una-vacuna-contra-el-coronavirus\\\/\"]}]},{\"@type\":\"ImageObject\",\"inLanguage\":\"es\",\"@id\":\"https:\\\/\\\/diarioprincipios.com\\\/index.php\\\/2020\\\/07\\\/11\\\/argentina-bien-posicionada-para-estar-entre-los-primeros-paises-que-reciban-una-vacuna-contra-el-coronavirus\\\/#primaryimage\",\"url\":\"https:\\\/\\\/diarioprincipios.com\\\/wp-content\\\/uploads\\\/2020\\\/07\\\/15880146429298.jpg\",\"contentUrl\":\"https:\\\/\\\/diarioprincipios.com\\\/wp-content\\\/uploads\\\/2020\\\/07\\\/15880146429298.jpg\",\"width\":990,\"height\":557},{\"@type\":\"BreadcrumbList\",\"@id\":\"https:\\\/\\\/diarioprincipios.com\\\/index.php\\\/2020\\\/07\\\/11\\\/argentina-bien-posicionada-para-estar-entre-los-primeros-paises-que-reciban-una-vacuna-contra-el-coronavirus\\\/#breadcrumb\",\"itemListElement\":[{\"@type\":\"ListItem\",\"position\":1,\"name\":\"Portada\",\"item\":\"https:\\\/\\\/diarioprincipios.com\\\/\"},{\"@type\":\"ListItem\",\"position\":2,\"name\":\"Argentina bien posicionada para estar entre los primeros pa\u00edses que reciban una vacuna contra el coronavirus\"}]},{\"@type\":\"WebSite\",\"@id\":\"https:\\\/\\\/diarioprincipios.com\\\/#website\",\"url\":\"https:\\\/\\\/diarioprincipios.com\\\/\",\"name\":\"Principios\",\"description\":\"Principios Diario\",\"publisher\":{\"@id\":\"https:\\\/\\\/diarioprincipios.com\\\/#organization\"},\"potentialAction\":[{\"@type\":\"SearchAction\",\"target\":{\"@type\":\"EntryPoint\",\"urlTemplate\":\"https:\\\/\\\/diarioprincipios.com\\\/?s={search_term_string}\"},\"query-input\":{\"@type\":\"PropertyValueSpecification\",\"valueRequired\":true,\"valueName\":\"search_term_string\"}}],\"inLanguage\":\"es\"},{\"@type\":\"Organization\",\"@id\":\"https:\\\/\\\/diarioprincipios.com\\\/#organization\",\"name\":\"Principios\",\"url\":\"https:\\\/\\\/diarioprincipios.com\\\/\",\"logo\":{\"@type\":\"ImageObject\",\"inLanguage\":\"es\",\"@id\":\"https:\\\/\\\/diarioprincipios.com\\\/#\\\/schema\\\/logo\\\/image\\\/\",\"url\":\"https:\\\/\\\/diarioprincipios.com\\\/wp-content\\\/uploads\\\/2024\\\/04\\\/cropped-www.diarioprincipios.com_-1.png\",\"contentUrl\":\"https:\\\/\\\/diarioprincipios.com\\\/wp-content\\\/uploads\\\/2024\\\/04\\\/cropped-www.diarioprincipios.com_-1.png\",\"width\":5325,\"height\":1454,\"caption\":\"Principios\"},\"image\":{\"@id\":\"https:\\\/\\\/diarioprincipios.com\\\/#\\\/schema\\\/logo\\\/image\\\/\"}},{\"@type\":\"Person\",\"@id\":\"https:\\\/\\\/diarioprincipios.com\\\/#\\\/schema\\\/person\\\/436d5a1fd41a5e250e23ff5a6a7cb080\",\"name\":\"Hern\u00e1n L\u00f3pez\",\"image\":{\"@type\":\"ImageObject\",\"inLanguage\":\"es\",\"@id\":\"https:\\\/\\\/diarioprincipios.com\\\/wp-content\\\/litespeed\\\/avatar\\\/11ddfe5610ff3bd100522525b2571f48.jpg?ver=1777048341\",\"url\":\"https:\\\/\\\/diarioprincipios.com\\\/wp-content\\\/litespeed\\\/avatar\\\/11ddfe5610ff3bd100522525b2571f48.jpg?ver=1777048341\",\"contentUrl\":\"https:\\\/\\\/diarioprincipios.com\\\/wp-content\\\/litespeed\\\/avatar\\\/11ddfe5610ff3bd100522525b2571f48.jpg?ver=1777048341\",\"caption\":\"Hern\u00e1n L\u00f3pez\"},\"url\":\"https:\\\/\\\/diarioprincipios.com\\\/index.php\\\/author\\\/hernan\\\/\"}]}<\/script>\n<!-- \/ Yoast SEO plugin. -->","yoast_head_json":{"title":"Argentina bien posicionada para estar entre los primeros pa\u00edses que reciban una vacuna contra el coronavirus - Principios","robots":{"index":"index","follow":"follow","max-snippet":"max-snippet:-1","max-image-preview":"max-image-preview:large","max-video-preview":"max-video-preview:-1"},"canonical":"https:\/\/diarioprincipios.com\/index.php\/2020\/07\/11\/argentina-bien-posicionada-para-estar-entre-los-primeros-paises-que-reciban-una-vacuna-contra-el-coronavirus\/","og_locale":"es_ES","og_type":"article","og_title":"Argentina bien posicionada para estar entre los primeros pa\u00edses que reciban una vacuna contra el coronavirus - Principios","og_description":"Fernando Polack, investigador principal del estudio que se realizar\u00e1 a partir de agosto en Argentina de la vacuna contra el coronavirus a cargo de las farmac\u00e9uticas Pfizer y BioNTech, dijo hoy a T\u00e9lam que apuestan a \u00abtener respuestas sobre su efectividad a fin de este a\u00f1o\u00bb y destac\u00f3 que \u00abser parte de estos ensayos posiciona...","og_url":"https:\/\/diarioprincipios.com\/index.php\/2020\/07\/11\/argentina-bien-posicionada-para-estar-entre-los-primeros-paises-que-reciban-una-vacuna-contra-el-coronavirus\/","og_site_name":"Principios","article_published_time":"2020-07-12T00:46:52+00:00","article_modified_time":"2020-07-12T00:46:55+00:00","og_image":[{"width":990,"height":557,"url":"https:\/\/diarioprincipios.com\/wp-content\/uploads\/2020\/07\/15880146429298.jpg","type":"image\/jpeg"}],"author":"Hern\u00e1n L\u00f3pez","twitter_card":"summary_large_image","twitter_misc":{"Escrito por":"Hern\u00e1n L\u00f3pez","Tiempo de lectura":"5 minutos"},"schema":{"@context":"https:\/\/schema.org","@graph":[{"@type":"Article","@id":"https:\/\/diarioprincipios.com\/index.php\/2020\/07\/11\/argentina-bien-posicionada-para-estar-entre-los-primeros-paises-que-reciban-una-vacuna-contra-el-coronavirus\/#article","isPartOf":{"@id":"https:\/\/diarioprincipios.com\/index.php\/2020\/07\/11\/argentina-bien-posicionada-para-estar-entre-los-primeros-paises-que-reciban-una-vacuna-contra-el-coronavirus\/"},"author":{"name":"Hern\u00e1n L\u00f3pez","@id":"https:\/\/diarioprincipios.com\/#\/schema\/person\/436d5a1fd41a5e250e23ff5a6a7cb080"},"headline":"Argentina bien posicionada para estar entre los primeros pa\u00edses que reciban una vacuna contra el coronavirus","datePublished":"2020-07-12T00:46:52+00:00","dateModified":"2020-07-12T00:46:55+00:00","mainEntityOfPage":{"@id":"https:\/\/diarioprincipios.com\/index.php\/2020\/07\/11\/argentina-bien-posicionada-para-estar-entre-los-primeros-paises-que-reciban-una-vacuna-contra-el-coronavirus\/"},"wordCount":992,"commentCount":0,"publisher":{"@id":"https:\/\/diarioprincipios.com\/#organization"},"image":{"@id":"https:\/\/diarioprincipios.com\/index.php\/2020\/07\/11\/argentina-bien-posicionada-para-estar-entre-los-primeros-paises-que-reciban-una-vacuna-contra-el-coronavirus\/#primaryimage"},"thumbnailUrl":"https:\/\/diarioprincipios.com\/wp-content\/uploads\/2020\/07\/15880146429298.jpg","articleSection":["Naci\u00f3n"],"inLanguage":"es","potentialAction":[{"@type":"CommentAction","name":"Comment","target":["https:\/\/diarioprincipios.com\/index.php\/2020\/07\/11\/argentina-bien-posicionada-para-estar-entre-los-primeros-paises-que-reciban-una-vacuna-contra-el-coronavirus\/#respond"]}]},{"@type":"WebPage","@id":"https:\/\/diarioprincipios.com\/index.php\/2020\/07\/11\/argentina-bien-posicionada-para-estar-entre-los-primeros-paises-que-reciban-una-vacuna-contra-el-coronavirus\/","url":"https:\/\/diarioprincipios.com\/index.php\/2020\/07\/11\/argentina-bien-posicionada-para-estar-entre-los-primeros-paises-que-reciban-una-vacuna-contra-el-coronavirus\/","name":"Argentina bien posicionada para estar entre los primeros pa\u00edses que reciban una vacuna contra el coronavirus - Principios","isPartOf":{"@id":"https:\/\/diarioprincipios.com\/#website"},"primaryImageOfPage":{"@id":"https:\/\/diarioprincipios.com\/index.php\/2020\/07\/11\/argentina-bien-posicionada-para-estar-entre-los-primeros-paises-que-reciban-una-vacuna-contra-el-coronavirus\/#primaryimage"},"image":{"@id":"https:\/\/diarioprincipios.com\/index.php\/2020\/07\/11\/argentina-bien-posicionada-para-estar-entre-los-primeros-paises-que-reciban-una-vacuna-contra-el-coronavirus\/#primaryimage"},"thumbnailUrl":"https:\/\/diarioprincipios.com\/wp-content\/uploads\/2020\/07\/15880146429298.jpg","datePublished":"2020-07-12T00:46:52+00:00","dateModified":"2020-07-12T00:46:55+00:00","breadcrumb":{"@id":"https:\/\/diarioprincipios.com\/index.php\/2020\/07\/11\/argentina-bien-posicionada-para-estar-entre-los-primeros-paises-que-reciban-una-vacuna-contra-el-coronavirus\/#breadcrumb"},"inLanguage":"es","potentialAction":[{"@type":"ReadAction","target":["https:\/\/diarioprincipios.com\/index.php\/2020\/07\/11\/argentina-bien-posicionada-para-estar-entre-los-primeros-paises-que-reciban-una-vacuna-contra-el-coronavirus\/"]}]},{"@type":"ImageObject","inLanguage":"es","@id":"https:\/\/diarioprincipios.com\/index.php\/2020\/07\/11\/argentina-bien-posicionada-para-estar-entre-los-primeros-paises-que-reciban-una-vacuna-contra-el-coronavirus\/#primaryimage","url":"https:\/\/diarioprincipios.com\/wp-content\/uploads\/2020\/07\/15880146429298.jpg","contentUrl":"https:\/\/diarioprincipios.com\/wp-content\/uploads\/2020\/07\/15880146429298.jpg","width":990,"height":557},{"@type":"BreadcrumbList","@id":"https:\/\/diarioprincipios.com\/index.php\/2020\/07\/11\/argentina-bien-posicionada-para-estar-entre-los-primeros-paises-que-reciban-una-vacuna-contra-el-coronavirus\/#breadcrumb","itemListElement":[{"@type":"ListItem","position":1,"name":"Portada","item":"https:\/\/diarioprincipios.com\/"},{"@type":"ListItem","position":2,"name":"Argentina bien posicionada para estar entre los primeros pa\u00edses que reciban una vacuna contra el coronavirus"}]},{"@type":"WebSite","@id":"https:\/\/diarioprincipios.com\/#website","url":"https:\/\/diarioprincipios.com\/","name":"Principios","description":"Principios Diario","publisher":{"@id":"https:\/\/diarioprincipios.com\/#organization"},"potentialAction":[{"@type":"SearchAction","target":{"@type":"EntryPoint","urlTemplate":"https:\/\/diarioprincipios.com\/?s={search_term_string}"},"query-input":{"@type":"PropertyValueSpecification","valueRequired":true,"valueName":"search_term_string"}}],"inLanguage":"es"},{"@type":"Organization","@id":"https:\/\/diarioprincipios.com\/#organization","name":"Principios","url":"https:\/\/diarioprincipios.com\/","logo":{"@type":"ImageObject","inLanguage":"es","@id":"https:\/\/diarioprincipios.com\/#\/schema\/logo\/image\/","url":"https:\/\/diarioprincipios.com\/wp-content\/uploads\/2024\/04\/cropped-www.diarioprincipios.com_-1.png","contentUrl":"https:\/\/diarioprincipios.com\/wp-content\/uploads\/2024\/04\/cropped-www.diarioprincipios.com_-1.png","width":5325,"height":1454,"caption":"Principios"},"image":{"@id":"https:\/\/diarioprincipios.com\/#\/schema\/logo\/image\/"}},{"@type":"Person","@id":"https:\/\/diarioprincipios.com\/#\/schema\/person\/436d5a1fd41a5e250e23ff5a6a7cb080","name":"Hern\u00e1n L\u00f3pez","image":{"@type":"ImageObject","inLanguage":"es","@id":"https:\/\/diarioprincipios.com\/wp-content\/litespeed\/avatar\/11ddfe5610ff3bd100522525b2571f48.jpg?ver=1777048341","url":"https:\/\/diarioprincipios.com\/wp-content\/litespeed\/avatar\/11ddfe5610ff3bd100522525b2571f48.jpg?ver=1777048341","contentUrl":"https:\/\/diarioprincipios.com\/wp-content\/litespeed\/avatar\/11ddfe5610ff3bd100522525b2571f48.jpg?ver=1777048341","caption":"Hern\u00e1n L\u00f3pez"},"url":"https:\/\/diarioprincipios.com\/index.php\/author\/hernan\/"}]}},"jetpack_featured_media_url":"https:\/\/diarioprincipios.com\/wp-content\/uploads\/2020\/07\/15880146429298.jpg","_links":{"self":[{"href":"https:\/\/diarioprincipios.com\/index.php\/wp-json\/wp\/v2\/posts\/3815","targetHints":{"allow":["GET"]}}],"collection":[{"href":"https:\/\/diarioprincipios.com\/index.php\/wp-json\/wp\/v2\/posts"}],"about":[{"href":"https:\/\/diarioprincipios.com\/index.php\/wp-json\/wp\/v2\/types\/post"}],"author":[{"embeddable":true,"href":"https:\/\/diarioprincipios.com\/index.php\/wp-json\/wp\/v2\/users\/2"}],"replies":[{"embeddable":true,"href":"https:\/\/diarioprincipios.com\/index.php\/wp-json\/wp\/v2\/comments?post=3815"}],"version-history":[{"count":1,"href":"https:\/\/diarioprincipios.com\/index.php\/wp-json\/wp\/v2\/posts\/3815\/revisions"}],"predecessor-version":[{"id":3816,"href":"https:\/\/diarioprincipios.com\/index.php\/wp-json\/wp\/v2\/posts\/3815\/revisions\/3816"}],"wp:featuredmedia":[{"embeddable":true,"href":"https:\/\/diarioprincipios.com\/index.php\/wp-json\/wp\/v2\/media\/3789"}],"wp:attachment":[{"href":"https:\/\/diarioprincipios.com\/index.php\/wp-json\/wp\/v2\/media?parent=3815"}],"wp:term":[{"taxonomy":"category","embeddable":true,"href":"https:\/\/diarioprincipios.com\/index.php\/wp-json\/wp\/v2\/categories?post=3815"},{"taxonomy":"post_tag","embeddable":true,"href":"https:\/\/diarioprincipios.com\/index.php\/wp-json\/wp\/v2\/tags?post=3815"}],"curies":[{"name":"wp","href":"https:\/\/api.w.org\/{rel}","templated":true}]}}