{"id":377,"date":"2020-03-18T18:26:35","date_gmt":"2020-03-18T18:26:35","guid":{"rendered":"http:\/\/diarioprincipios.com\/?p=377"},"modified":"2020-03-18T18:31:44","modified_gmt":"2020-03-18T18:31:44","slug":"edesur-cierra-sus-oficinas-de-atencion-al-publico","status":"publish","type":"post","link":"https:\/\/diarioprincipios.com\/index.php\/2020\/03\/18\/edesur-cierra-sus-oficinas-de-atencion-al-publico\/","title":{"rendered":"Edesur cierra sus oficinas de atenci\u00f3n al p\u00fablico"},"content":{"rendered":"\n<p>La empresa Edesur comunic\u00f3 que cierra la mayor\u00eda de sus oficinas comerciales de atenci\u00f3n al p\u00fablico a fin de prevenir el coronavirus.<\/p>\n\n\n\n<p>En zona sur solo permanecer\u00e1n abiertas las delegaciones de Quilmes, Avellaneda, Lan\u00fas y Lomas.<\/p>\n\n\n\n<p>El comunicado de la empresa reza as\u00ed: \u00abEvitar la propagaci\u00f3n del coronavirus COVID-2019 es responsabilidad de todos, por eso a partir de hoy, mi\u00e9rcoles 18 de marzo y hasta nuevo aviso, la atenci\u00f3n en nuestras oficinas comerciales se ver\u00e1 muy restringida. No habr\u00e1 atenci\u00f3n al p\u00fablico.<\/p>\n\n\n\n<p>De este modo, invitamos a todos nuestros usuarios a evitar concurrir a lugares p\u00fablicos o donde se agrupen muchas personas. Pod\u00e9s realizar todos los tr\u00e1mites a trav\u00e9s de nuestros canales digitales: pagos, descarga de facturas, consultas, adhesi\u00f3n a d\u00e9bito autom\u00e1tico, adhesi\u00f3n a factura digital y m\u00e1s.<\/p>\n\n\n\n<p>La \u00fanica excepci\u00f3n prevista ser\u00e1 la apertura de cajas de 8 a 15 hs. en seis puntos, debido a las necesidades especiales de algunos clientes.\u00bb<\/p>\n","protected":false},"excerpt":{"rendered":"<p>La empresa Edesur comunic\u00f3 que cierra la mayor\u00eda de sus oficinas comerciales de atenci\u00f3n al p\u00fablico a fin de prevenir el coronavirus. En zona sur solo permanecer\u00e1n abiertas las delegaciones de Quilmes, Avellaneda, Lan\u00fas y Lomas. El comunicado de la empresa reza as\u00ed: \u00abEvitar la propagaci\u00f3n del coronavirus COVID-2019 es responsabilidad de todos, por eso&#8230;<\/p>\n","protected":false},"author":2,"featured_media":381,"comment_status":"open","ping_status":"open","sticky":false,"template":"","format":"standard","meta":{"footnotes":""},"categories":[7],"tags":[],"class_list":["post-377","post","type-post","status-publish","format-standard","has-post-thumbnail","hentry","category-provincia"],"featured_image_src":"https:\/\/diarioprincipios.com\/wp-content\/uploads\/2020\/03\/edesir.jpg","blog_images":{"medium":"https:\/\/diarioprincipios.com\/wp-content\/uploads\/2020\/03\/edesir-300x180.jpg","large":"https:\/\/diarioprincipios.com\/wp-content\/uploads\/2020\/03\/edesir.jpg"},"ams_acf":[],"yoast_head":"<!-- This site is optimized with the Yoast SEO plugin v27.3 - https:\/\/yoast.com\/product\/yoast-seo-wordpress\/ -->\n<title>Edesur cierra sus oficinas de atenci\u00f3n al p\u00fablico - Principios<\/title>\n<meta name=\"robots\" content=\"index, follow, max-snippet:-1, max-image-preview:large, max-video-preview:-1\" \/>\n<link rel=\"canonical\" href=\"https:\/\/diarioprincipios.com\/index.php\/2020\/03\/18\/edesur-cierra-sus-oficinas-de-atencion-al-publico\/\" \/>\n<meta property=\"og:locale\" content=\"es_ES\" \/>\n<meta property=\"og:type\" content=\"article\" \/>\n<meta property=\"og:title\" content=\"Edesur cierra sus oficinas de atenci\u00f3n al p\u00fablico - Principios\" \/>\n<meta property=\"og:description\" content=\"La empresa Edesur comunic\u00f3 que cierra la mayor\u00eda de sus oficinas comerciales de atenci\u00f3n al p\u00fablico a fin de prevenir el coronavirus. En zona sur solo permanecer\u00e1n abiertas las delegaciones de Quilmes, Avellaneda, Lan\u00fas y Lomas. El comunicado de la empresa reza as\u00ed: \u00abEvitar la propagaci\u00f3n del coronavirus COVID-2019 es responsabilidad de todos, por eso...\" \/>\n<meta property=\"og:url\" content=\"https:\/\/diarioprincipios.com\/index.php\/2020\/03\/18\/edesur-cierra-sus-oficinas-de-atencion-al-publico\/\" \/>\n<meta property=\"og:site_name\" content=\"Principios\" \/>\n<meta property=\"article:published_time\" content=\"2020-03-18T18:26:35+00:00\" \/>\n<meta property=\"article:modified_time\" content=\"2020-03-18T18:31:44+00:00\" \/>\n<meta property=\"og:image\" content=\"https:\/\/diarioprincipios.com\/wp-content\/uploads\/2020\/03\/edesir.jpg\" \/>\n\t<meta property=\"og:image:width\" content=\"480\" \/>\n\t<meta property=\"og:image:height\" content=\"288\" \/>\n\t<meta property=\"og:image:type\" content=\"image\/jpeg\" \/>\n<meta name=\"author\" content=\"Hern\u00e1n L\u00f3pez\" \/>\n<meta name=\"twitter:card\" content=\"summary_large_image\" \/>\n<meta name=\"twitter:label1\" content=\"Escrito por\" \/>\n\t<meta name=\"twitter:data1\" content=\"Hern\u00e1n L\u00f3pez\" \/>\n\t<meta name=\"twitter:label2\" content=\"Tiempo de lectura\" \/>\n\t<meta name=\"twitter:data2\" content=\"1 minuto\" \/>\n<script type=\"application\/ld+json\" class=\"yoast-schema-graph\">{\"@context\":\"https:\\\/\\\/schema.org\",\"@graph\":[{\"@type\":\"Article\",\"@id\":\"https:\\\/\\\/diarioprincipios.com\\\/index.php\\\/2020\\\/03\\\/18\\\/edesur-cierra-sus-oficinas-de-atencion-al-publico\\\/#article\",\"isPartOf\":{\"@id\":\"https:\\\/\\\/diarioprincipios.com\\\/index.php\\\/2020\\\/03\\\/18\\\/edesur-cierra-sus-oficinas-de-atencion-al-publico\\\/\"},\"author\":{\"name\":\"Hern\u00e1n L\u00f3pez\",\"@id\":\"https:\\\/\\\/diarioprincipios.com\\\/#\\\/schema\\\/person\\\/436d5a1fd41a5e250e23ff5a6a7cb080\"},\"headline\":\"Edesur cierra sus oficinas de atenci\u00f3n al p\u00fablico\",\"datePublished\":\"2020-03-18T18:26:35+00:00\",\"dateModified\":\"2020-03-18T18:31:44+00:00\",\"mainEntityOfPage\":{\"@id\":\"https:\\\/\\\/diarioprincipios.com\\\/index.php\\\/2020\\\/03\\\/18\\\/edesur-cierra-sus-oficinas-de-atencion-al-publico\\\/\"},\"wordCount\":180,\"commentCount\":0,\"publisher\":{\"@id\":\"https:\\\/\\\/diarioprincipios.com\\\/#organization\"},\"image\":{\"@id\":\"https:\\\/\\\/diarioprincipios.com\\\/index.php\\\/2020\\\/03\\\/18\\\/edesur-cierra-sus-oficinas-de-atencion-al-publico\\\/#primaryimage\"},\"thumbnailUrl\":\"https:\\\/\\\/diarioprincipios.com\\\/wp-content\\\/uploads\\\/2020\\\/03\\\/edesir.jpg\",\"articleSection\":[\"Provincia\"],\"inLanguage\":\"es\",\"potentialAction\":[{\"@type\":\"CommentAction\",\"name\":\"Comment\",\"target\":[\"https:\\\/\\\/diarioprincipios.com\\\/index.php\\\/2020\\\/03\\\/18\\\/edesur-cierra-sus-oficinas-de-atencion-al-publico\\\/#respond\"]}]},{\"@type\":\"WebPage\",\"@id\":\"https:\\\/\\\/diarioprincipios.com\\\/index.php\\\/2020\\\/03\\\/18\\\/edesur-cierra-sus-oficinas-de-atencion-al-publico\\\/\",\"url\":\"https:\\\/\\\/diarioprincipios.com\\\/index.php\\\/2020\\\/03\\\/18\\\/edesur-cierra-sus-oficinas-de-atencion-al-publico\\\/\",\"name\":\"Edesur cierra sus oficinas de atenci\u00f3n al p\u00fablico - Principios\",\"isPartOf\":{\"@id\":\"https:\\\/\\\/diarioprincipios.com\\\/#website\"},\"primaryImageOfPage\":{\"@id\":\"https:\\\/\\\/diarioprincipios.com\\\/index.php\\\/2020\\\/03\\\/18\\\/edesur-cierra-sus-oficinas-de-atencion-al-publico\\\/#primaryimage\"},\"image\":{\"@id\":\"https:\\\/\\\/diarioprincipios.com\\\/index.php\\\/2020\\\/03\\\/18\\\/edesur-cierra-sus-oficinas-de-atencion-al-publico\\\/#primaryimage\"},\"thumbnailUrl\":\"https:\\\/\\\/diarioprincipios.com\\\/wp-content\\\/uploads\\\/2020\\\/03\\\/edesir.jpg\",\"datePublished\":\"2020-03-18T18:26:35+00:00\",\"dateModified\":\"2020-03-18T18:31:44+00:00\",\"breadcrumb\":{\"@id\":\"https:\\\/\\\/diarioprincipios.com\\\/index.php\\\/2020\\\/03\\\/18\\\/edesur-cierra-sus-oficinas-de-atencion-al-publico\\\/#breadcrumb\"},\"inLanguage\":\"es\",\"potentialAction\":[{\"@type\":\"ReadAction\",\"target\":[\"https:\\\/\\\/diarioprincipios.com\\\/index.php\\\/2020\\\/03\\\/18\\\/edesur-cierra-sus-oficinas-de-atencion-al-publico\\\/\"]}]},{\"@type\":\"ImageObject\",\"inLanguage\":\"es\",\"@id\":\"https:\\\/\\\/diarioprincipios.com\\\/index.php\\\/2020\\\/03\\\/18\\\/edesur-cierra-sus-oficinas-de-atencion-al-publico\\\/#primaryimage\",\"url\":\"https:\\\/\\\/diarioprincipios.com\\\/wp-content\\\/uploads\\\/2020\\\/03\\\/edesir.jpg\",\"contentUrl\":\"https:\\\/\\\/diarioprincipios.com\\\/wp-content\\\/uploads\\\/2020\\\/03\\\/edesir.jpg\",\"width\":480,\"height\":288},{\"@type\":\"BreadcrumbList\",\"@id\":\"https:\\\/\\\/diarioprincipios.com\\\/index.php\\\/2020\\\/03\\\/18\\\/edesur-cierra-sus-oficinas-de-atencion-al-publico\\\/#breadcrumb\",\"itemListElement\":[{\"@type\":\"ListItem\",\"position\":1,\"name\":\"Portada\",\"item\":\"https:\\\/\\\/diarioprincipios.com\\\/\"},{\"@type\":\"ListItem\",\"position\":2,\"name\":\"Edesur cierra sus oficinas de atenci\u00f3n al p\u00fablico\"}]},{\"@type\":\"WebSite\",\"@id\":\"https:\\\/\\\/diarioprincipios.com\\\/#website\",\"url\":\"https:\\\/\\\/diarioprincipios.com\\\/\",\"name\":\"Principios\",\"description\":\"Principios Diario\",\"publisher\":{\"@id\":\"https:\\\/\\\/diarioprincipios.com\\\/#organization\"},\"potentialAction\":[{\"@type\":\"SearchAction\",\"target\":{\"@type\":\"EntryPoint\",\"urlTemplate\":\"https:\\\/\\\/diarioprincipios.com\\\/?s={search_term_string}\"},\"query-input\":{\"@type\":\"PropertyValueSpecification\",\"valueRequired\":true,\"valueName\":\"search_term_string\"}}],\"inLanguage\":\"es\"},{\"@type\":\"Organization\",\"@id\":\"https:\\\/\\\/diarioprincipios.com\\\/#organization\",\"name\":\"Principios\",\"url\":\"https:\\\/\\\/diarioprincipios.com\\\/\",\"logo\":{\"@type\":\"ImageObject\",\"inLanguage\":\"es\",\"@id\":\"https:\\\/\\\/diarioprincipios.com\\\/#\\\/schema\\\/logo\\\/image\\\/\",\"url\":\"https:\\\/\\\/diarioprincipios.com\\\/wp-content\\\/uploads\\\/2024\\\/04\\\/cropped-www.diarioprincipios.com_-1.png\",\"contentUrl\":\"https:\\\/\\\/diarioprincipios.com\\\/wp-content\\\/uploads\\\/2024\\\/04\\\/cropped-www.diarioprincipios.com_-1.png\",\"width\":5325,\"height\":1454,\"caption\":\"Principios\"},\"image\":{\"@id\":\"https:\\\/\\\/diarioprincipios.com\\\/#\\\/schema\\\/logo\\\/image\\\/\"}},{\"@type\":\"Person\",\"@id\":\"https:\\\/\\\/diarioprincipios.com\\\/#\\\/schema\\\/person\\\/436d5a1fd41a5e250e23ff5a6a7cb080\",\"name\":\"Hern\u00e1n L\u00f3pez\",\"image\":{\"@type\":\"ImageObject\",\"inLanguage\":\"es\",\"@id\":\"https:\\\/\\\/diarioprincipios.com\\\/wp-content\\\/litespeed\\\/avatar\\\/11ddfe5610ff3bd100522525b2571f48.jpg?ver=1777048341\",\"url\":\"https:\\\/\\\/diarioprincipios.com\\\/wp-content\\\/litespeed\\\/avatar\\\/11ddfe5610ff3bd100522525b2571f48.jpg?ver=1777048341\",\"contentUrl\":\"https:\\\/\\\/diarioprincipios.com\\\/wp-content\\\/litespeed\\\/avatar\\\/11ddfe5610ff3bd100522525b2571f48.jpg?ver=1777048341\",\"caption\":\"Hern\u00e1n L\u00f3pez\"},\"url\":\"https:\\\/\\\/diarioprincipios.com\\\/index.php\\\/author\\\/hernan\\\/\"}]}<\/script>\n<!-- \/ Yoast SEO plugin. -->","yoast_head_json":{"title":"Edesur cierra sus oficinas de atenci\u00f3n al p\u00fablico - Principios","robots":{"index":"index","follow":"follow","max-snippet":"max-snippet:-1","max-image-preview":"max-image-preview:large","max-video-preview":"max-video-preview:-1"},"canonical":"https:\/\/diarioprincipios.com\/index.php\/2020\/03\/18\/edesur-cierra-sus-oficinas-de-atencion-al-publico\/","og_locale":"es_ES","og_type":"article","og_title":"Edesur cierra sus oficinas de atenci\u00f3n al p\u00fablico - Principios","og_description":"La empresa Edesur comunic\u00f3 que cierra la mayor\u00eda de sus oficinas comerciales de atenci\u00f3n al p\u00fablico a fin de prevenir el coronavirus. En zona sur solo permanecer\u00e1n abiertas las delegaciones de Quilmes, Avellaneda, Lan\u00fas y Lomas. El comunicado de la empresa reza as\u00ed: \u00abEvitar la propagaci\u00f3n del coronavirus COVID-2019 es responsabilidad de todos, por eso...","og_url":"https:\/\/diarioprincipios.com\/index.php\/2020\/03\/18\/edesur-cierra-sus-oficinas-de-atencion-al-publico\/","og_site_name":"Principios","article_published_time":"2020-03-18T18:26:35+00:00","article_modified_time":"2020-03-18T18:31:44+00:00","og_image":[{"width":480,"height":288,"url":"https:\/\/diarioprincipios.com\/wp-content\/uploads\/2020\/03\/edesir.jpg","type":"image\/jpeg"}],"author":"Hern\u00e1n L\u00f3pez","twitter_card":"summary_large_image","twitter_misc":{"Escrito por":"Hern\u00e1n L\u00f3pez","Tiempo de lectura":"1 minuto"},"schema":{"@context":"https:\/\/schema.org","@graph":[{"@type":"Article","@id":"https:\/\/diarioprincipios.com\/index.php\/2020\/03\/18\/edesur-cierra-sus-oficinas-de-atencion-al-publico\/#article","isPartOf":{"@id":"https:\/\/diarioprincipios.com\/index.php\/2020\/03\/18\/edesur-cierra-sus-oficinas-de-atencion-al-publico\/"},"author":{"name":"Hern\u00e1n L\u00f3pez","@id":"https:\/\/diarioprincipios.com\/#\/schema\/person\/436d5a1fd41a5e250e23ff5a6a7cb080"},"headline":"Edesur cierra sus oficinas de atenci\u00f3n al p\u00fablico","datePublished":"2020-03-18T18:26:35+00:00","dateModified":"2020-03-18T18:31:44+00:00","mainEntityOfPage":{"@id":"https:\/\/diarioprincipios.com\/index.php\/2020\/03\/18\/edesur-cierra-sus-oficinas-de-atencion-al-publico\/"},"wordCount":180,"commentCount":0,"publisher":{"@id":"https:\/\/diarioprincipios.com\/#organization"},"image":{"@id":"https:\/\/diarioprincipios.com\/index.php\/2020\/03\/18\/edesur-cierra-sus-oficinas-de-atencion-al-publico\/#primaryimage"},"thumbnailUrl":"https:\/\/diarioprincipios.com\/wp-content\/uploads\/2020\/03\/edesir.jpg","articleSection":["Provincia"],"inLanguage":"es","potentialAction":[{"@type":"CommentAction","name":"Comment","target":["https:\/\/diarioprincipios.com\/index.php\/2020\/03\/18\/edesur-cierra-sus-oficinas-de-atencion-al-publico\/#respond"]}]},{"@type":"WebPage","@id":"https:\/\/diarioprincipios.com\/index.php\/2020\/03\/18\/edesur-cierra-sus-oficinas-de-atencion-al-publico\/","url":"https:\/\/diarioprincipios.com\/index.php\/2020\/03\/18\/edesur-cierra-sus-oficinas-de-atencion-al-publico\/","name":"Edesur cierra sus oficinas de atenci\u00f3n al p\u00fablico - Principios","isPartOf":{"@id":"https:\/\/diarioprincipios.com\/#website"},"primaryImageOfPage":{"@id":"https:\/\/diarioprincipios.com\/index.php\/2020\/03\/18\/edesur-cierra-sus-oficinas-de-atencion-al-publico\/#primaryimage"},"image":{"@id":"https:\/\/diarioprincipios.com\/index.php\/2020\/03\/18\/edesur-cierra-sus-oficinas-de-atencion-al-publico\/#primaryimage"},"thumbnailUrl":"https:\/\/diarioprincipios.com\/wp-content\/uploads\/2020\/03\/edesir.jpg","datePublished":"2020-03-18T18:26:35+00:00","dateModified":"2020-03-18T18:31:44+00:00","breadcrumb":{"@id":"https:\/\/diarioprincipios.com\/index.php\/2020\/03\/18\/edesur-cierra-sus-oficinas-de-atencion-al-publico\/#breadcrumb"},"inLanguage":"es","potentialAction":[{"@type":"ReadAction","target":["https:\/\/diarioprincipios.com\/index.php\/2020\/03\/18\/edesur-cierra-sus-oficinas-de-atencion-al-publico\/"]}]},{"@type":"ImageObject","inLanguage":"es","@id":"https:\/\/diarioprincipios.com\/index.php\/2020\/03\/18\/edesur-cierra-sus-oficinas-de-atencion-al-publico\/#primaryimage","url":"https:\/\/diarioprincipios.com\/wp-content\/uploads\/2020\/03\/edesir.jpg","contentUrl":"https:\/\/diarioprincipios.com\/wp-content\/uploads\/2020\/03\/edesir.jpg","width":480,"height":288},{"@type":"BreadcrumbList","@id":"https:\/\/diarioprincipios.com\/index.php\/2020\/03\/18\/edesur-cierra-sus-oficinas-de-atencion-al-publico\/#breadcrumb","itemListElement":[{"@type":"ListItem","position":1,"name":"Portada","item":"https:\/\/diarioprincipios.com\/"},{"@type":"ListItem","position":2,"name":"Edesur cierra sus oficinas de atenci\u00f3n al p\u00fablico"}]},{"@type":"WebSite","@id":"https:\/\/diarioprincipios.com\/#website","url":"https:\/\/diarioprincipios.com\/","name":"Principios","description":"Principios Diario","publisher":{"@id":"https:\/\/diarioprincipios.com\/#organization"},"potentialAction":[{"@type":"SearchAction","target":{"@type":"EntryPoint","urlTemplate":"https:\/\/diarioprincipios.com\/?s={search_term_string}"},"query-input":{"@type":"PropertyValueSpecification","valueRequired":true,"valueName":"search_term_string"}}],"inLanguage":"es"},{"@type":"Organization","@id":"https:\/\/diarioprincipios.com\/#organization","name":"Principios","url":"https:\/\/diarioprincipios.com\/","logo":{"@type":"ImageObject","inLanguage":"es","@id":"https:\/\/diarioprincipios.com\/#\/schema\/logo\/image\/","url":"https:\/\/diarioprincipios.com\/wp-content\/uploads\/2024\/04\/cropped-www.diarioprincipios.com_-1.png","contentUrl":"https:\/\/diarioprincipios.com\/wp-content\/uploads\/2024\/04\/cropped-www.diarioprincipios.com_-1.png","width":5325,"height":1454,"caption":"Principios"},"image":{"@id":"https:\/\/diarioprincipios.com\/#\/schema\/logo\/image\/"}},{"@type":"Person","@id":"https:\/\/diarioprincipios.com\/#\/schema\/person\/436d5a1fd41a5e250e23ff5a6a7cb080","name":"Hern\u00e1n L\u00f3pez","image":{"@type":"ImageObject","inLanguage":"es","@id":"https:\/\/diarioprincipios.com\/wp-content\/litespeed\/avatar\/11ddfe5610ff3bd100522525b2571f48.jpg?ver=1777048341","url":"https:\/\/diarioprincipios.com\/wp-content\/litespeed\/avatar\/11ddfe5610ff3bd100522525b2571f48.jpg?ver=1777048341","contentUrl":"https:\/\/diarioprincipios.com\/wp-content\/litespeed\/avatar\/11ddfe5610ff3bd100522525b2571f48.jpg?ver=1777048341","caption":"Hern\u00e1n L\u00f3pez"},"url":"https:\/\/diarioprincipios.com\/index.php\/author\/hernan\/"}]}},"jetpack_featured_media_url":"https:\/\/diarioprincipios.com\/wp-content\/uploads\/2020\/03\/edesir.jpg","_links":{"self":[{"href":"https:\/\/diarioprincipios.com\/index.php\/wp-json\/wp\/v2\/posts\/377","targetHints":{"allow":["GET"]}}],"collection":[{"href":"https:\/\/diarioprincipios.com\/index.php\/wp-json\/wp\/v2\/posts"}],"about":[{"href":"https:\/\/diarioprincipios.com\/index.php\/wp-json\/wp\/v2\/types\/post"}],"author":[{"embeddable":true,"href":"https:\/\/diarioprincipios.com\/index.php\/wp-json\/wp\/v2\/users\/2"}],"replies":[{"embeddable":true,"href":"https:\/\/diarioprincipios.com\/index.php\/wp-json\/wp\/v2\/comments?post=377"}],"version-history":[{"count":1,"href":"https:\/\/diarioprincipios.com\/index.php\/wp-json\/wp\/v2\/posts\/377\/revisions"}],"predecessor-version":[{"id":379,"href":"https:\/\/diarioprincipios.com\/index.php\/wp-json\/wp\/v2\/posts\/377\/revisions\/379"}],"wp:featuredmedia":[{"embeddable":true,"href":"https:\/\/diarioprincipios.com\/index.php\/wp-json\/wp\/v2\/media\/381"}],"wp:attachment":[{"href":"https:\/\/diarioprincipios.com\/index.php\/wp-json\/wp\/v2\/media?parent=377"}],"wp:term":[{"taxonomy":"category","embeddable":true,"href":"https:\/\/diarioprincipios.com\/index.php\/wp-json\/wp\/v2\/categories?post=377"},{"taxonomy":"post_tag","embeddable":true,"href":"https:\/\/diarioprincipios.com\/index.php\/wp-json\/wp\/v2\/tags?post=377"}],"curies":[{"name":"wp","href":"https:\/\/api.w.org\/{rel}","templated":true}]}}