{"id":3736,"date":"2020-07-08T13:58:46","date_gmt":"2020-07-08T16:58:46","guid":{"rendered":"http:\/\/diarioprincipios.com\/?p=3736"},"modified":"2020-07-08T13:58:49","modified_gmt":"2020-07-08T16:58:49","slug":"no-hay-problemas-con-el-protocolo-del-futbol-sostuvo-lammens","status":"publish","type":"post","link":"https:\/\/diarioprincipios.com\/index.php\/2020\/07\/08\/no-hay-problemas-con-el-protocolo-del-futbol-sostuvo-lammens\/","title":{"rendered":"\u00abNo hay problemas con el protocolo del f\u00fatbol\u00bb, sostuvo Lammens"},"content":{"rendered":"\n<p>El Ministro de Turismo y Deportes, Mat\u00edas Lammens, aclar\u00f3 hoy que la vuelta a los entrenamientos en el f\u00fatbol no depende de la confecci\u00f3n del protocolo de AFA, sino de la situaci\u00f3n epidemiol\u00f3gica del AMBA.<\/p>\n\n\n\n<p>\u00abQuiero aclarar que no hay una cuesti\u00f3n con el protocolo, porque el del f\u00fatbol es similar al que est\u00e1n utilizando, por ejemplo, el rugby o el hockey\u00bb, se\u00f1al\u00f3 Lammens, quien remarc\u00f3 que la vuelta del f\u00fatbol depender\u00e1 de la situaci\u00f3n epidemiol\u00f3gica del AMBA.<\/p>\n\n\n\n<p>\u00abEl problema (para la vuelta del f\u00fatbol) es que un porcentaje alt\u00edsimo de los equipos est\u00e1n en AMBA y eso es lo que determin\u00f3 que no empiecen los entrenamientos\u00bb, agreg\u00f3 el titular de la cartera de Deportes en declaraciones a Radio Con Vos.<\/p>\n\n\n\n<p>En ese sentido, Lammens fue m\u00e1s cauteloso que Nicol\u00e1s Russo, presidente de Lan\u00fas y dirigente de AFA, que d\u00edas atr\u00e1s indic\u00f3 que entre el 5 y el 10 de agosto se reanudar\u00edan los entrenamientos.<\/p>\n\n\n\n<p>\u00abTengo un gran respeto por Nicol\u00e1s pero seguramente interpreta que en esa fecha estaremos en una fase diferente en el AMBA y eso permitir\u00e1 los entrenamientos. Ojal\u00e1 as\u00ed sea\u00bb, dese\u00f3 el funcionario.<\/p>\n\n\n\n<p>Consultado por la nueva Liga Profesional que encabeza Marcelo Tinelli, el expresidente de San Lorenzo manifest\u00f3 que \u00abojal\u00e1 sea la oportunidad para encarrilar el f\u00fatbol\u00bb.<\/p>\n","protected":false},"excerpt":{"rendered":"<p>El Ministro de Turismo y Deportes, Mat\u00edas Lammens, aclar\u00f3 hoy que la vuelta a los entrenamientos en el f\u00fatbol no depende de la confecci\u00f3n del protocolo de AFA, sino de la situaci\u00f3n epidemiol\u00f3gica del AMBA. \u00abQuiero aclarar que no hay una cuesti\u00f3n con el protocolo, porque el del f\u00fatbol es similar al que est\u00e1n utilizando,&#8230;<\/p>\n","protected":false},"author":2,"featured_media":3737,"comment_status":"open","ping_status":"open","sticky":false,"template":"","format":"standard","meta":{"footnotes":""},"categories":[6],"tags":[],"class_list":["post-3736","post","type-post","status-publish","format-standard","has-post-thumbnail","hentry","category-deportes"],"featured_image_src":"https:\/\/diarioprincipios.com\/wp-content\/uploads\/2020\/07\/274549_lammens.jpg","blog_images":{"medium":"https:\/\/diarioprincipios.com\/wp-content\/uploads\/2020\/07\/274549_lammens-300x199.jpg","large":"https:\/\/diarioprincipios.com\/wp-content\/uploads\/2020\/07\/274549_lammens.jpg"},"ams_acf":[],"yoast_head":"<!-- This site is optimized with the Yoast SEO plugin v27.3 - https:\/\/yoast.com\/product\/yoast-seo-wordpress\/ -->\n<title>&quot;No hay problemas con el protocolo del f\u00fatbol&quot;, sostuvo Lammens - Principios<\/title>\n<meta name=\"robots\" content=\"index, follow, max-snippet:-1, max-image-preview:large, max-video-preview:-1\" \/>\n<link rel=\"canonical\" href=\"https:\/\/diarioprincipios.com\/index.php\/2020\/07\/08\/no-hay-problemas-con-el-protocolo-del-futbol-sostuvo-lammens\/\" \/>\n<meta property=\"og:locale\" content=\"es_ES\" \/>\n<meta property=\"og:type\" content=\"article\" \/>\n<meta property=\"og:title\" content=\"&quot;No hay problemas con el protocolo del f\u00fatbol&quot;, sostuvo Lammens - Principios\" \/>\n<meta property=\"og:description\" content=\"El Ministro de Turismo y Deportes, Mat\u00edas Lammens, aclar\u00f3 hoy que la vuelta a los entrenamientos en el f\u00fatbol no depende de la confecci\u00f3n del protocolo de AFA, sino de la situaci\u00f3n epidemiol\u00f3gica del AMBA. \u00abQuiero aclarar que no hay una cuesti\u00f3n con el protocolo, porque el del f\u00fatbol es similar al que est\u00e1n utilizando,...\" \/>\n<meta property=\"og:url\" content=\"https:\/\/diarioprincipios.com\/index.php\/2020\/07\/08\/no-hay-problemas-con-el-protocolo-del-futbol-sostuvo-lammens\/\" \/>\n<meta property=\"og:site_name\" content=\"Principios\" \/>\n<meta property=\"article:published_time\" content=\"2020-07-08T16:58:46+00:00\" \/>\n<meta property=\"article:modified_time\" content=\"2020-07-08T16:58:49+00:00\" \/>\n<meta property=\"og:image\" content=\"https:\/\/diarioprincipios.com\/wp-content\/uploads\/2020\/07\/274549_lammens.jpg\" \/>\n\t<meta property=\"og:image:width\" content=\"1025\" \/>\n\t<meta property=\"og:image:height\" content=\"680\" \/>\n\t<meta property=\"og:image:type\" content=\"image\/jpeg\" \/>\n<meta name=\"author\" content=\"Hern\u00e1n L\u00f3pez\" \/>\n<meta name=\"twitter:card\" content=\"summary_large_image\" \/>\n<meta name=\"twitter:label1\" content=\"Escrito por\" \/>\n\t<meta name=\"twitter:data1\" content=\"Hern\u00e1n L\u00f3pez\" \/>\n\t<meta name=\"twitter:label2\" content=\"Tiempo de lectura\" \/>\n\t<meta name=\"twitter:data2\" content=\"1 minuto\" \/>\n<script type=\"application\/ld+json\" class=\"yoast-schema-graph\">{\"@context\":\"https:\\\/\\\/schema.org\",\"@graph\":[{\"@type\":\"Article\",\"@id\":\"https:\\\/\\\/diarioprincipios.com\\\/index.php\\\/2020\\\/07\\\/08\\\/no-hay-problemas-con-el-protocolo-del-futbol-sostuvo-lammens\\\/#article\",\"isPartOf\":{\"@id\":\"https:\\\/\\\/diarioprincipios.com\\\/index.php\\\/2020\\\/07\\\/08\\\/no-hay-problemas-con-el-protocolo-del-futbol-sostuvo-lammens\\\/\"},\"author\":{\"name\":\"Hern\u00e1n L\u00f3pez\",\"@id\":\"https:\\\/\\\/diarioprincipios.com\\\/#\\\/schema\\\/person\\\/436d5a1fd41a5e250e23ff5a6a7cb080\"},\"headline\":\"\u00abNo hay problemas con el protocolo del f\u00fatbol\u00bb, sostuvo Lammens\",\"datePublished\":\"2020-07-08T16:58:46+00:00\",\"dateModified\":\"2020-07-08T16:58:49+00:00\",\"mainEntityOfPage\":{\"@id\":\"https:\\\/\\\/diarioprincipios.com\\\/index.php\\\/2020\\\/07\\\/08\\\/no-hay-problemas-con-el-protocolo-del-futbol-sostuvo-lammens\\\/\"},\"wordCount\":244,\"commentCount\":0,\"publisher\":{\"@id\":\"https:\\\/\\\/diarioprincipios.com\\\/#organization\"},\"image\":{\"@id\":\"https:\\\/\\\/diarioprincipios.com\\\/index.php\\\/2020\\\/07\\\/08\\\/no-hay-problemas-con-el-protocolo-del-futbol-sostuvo-lammens\\\/#primaryimage\"},\"thumbnailUrl\":\"https:\\\/\\\/diarioprincipios.com\\\/wp-content\\\/uploads\\\/2020\\\/07\\\/274549_lammens.jpg\",\"articleSection\":[\"Deportes\"],\"inLanguage\":\"es\",\"potentialAction\":[{\"@type\":\"CommentAction\",\"name\":\"Comment\",\"target\":[\"https:\\\/\\\/diarioprincipios.com\\\/index.php\\\/2020\\\/07\\\/08\\\/no-hay-problemas-con-el-protocolo-del-futbol-sostuvo-lammens\\\/#respond\"]}]},{\"@type\":\"WebPage\",\"@id\":\"https:\\\/\\\/diarioprincipios.com\\\/index.php\\\/2020\\\/07\\\/08\\\/no-hay-problemas-con-el-protocolo-del-futbol-sostuvo-lammens\\\/\",\"url\":\"https:\\\/\\\/diarioprincipios.com\\\/index.php\\\/2020\\\/07\\\/08\\\/no-hay-problemas-con-el-protocolo-del-futbol-sostuvo-lammens\\\/\",\"name\":\"\\\"No hay problemas con el protocolo del f\u00fatbol\\\", sostuvo Lammens - Principios\",\"isPartOf\":{\"@id\":\"https:\\\/\\\/diarioprincipios.com\\\/#website\"},\"primaryImageOfPage\":{\"@id\":\"https:\\\/\\\/diarioprincipios.com\\\/index.php\\\/2020\\\/07\\\/08\\\/no-hay-problemas-con-el-protocolo-del-futbol-sostuvo-lammens\\\/#primaryimage\"},\"image\":{\"@id\":\"https:\\\/\\\/diarioprincipios.com\\\/index.php\\\/2020\\\/07\\\/08\\\/no-hay-problemas-con-el-protocolo-del-futbol-sostuvo-lammens\\\/#primaryimage\"},\"thumbnailUrl\":\"https:\\\/\\\/diarioprincipios.com\\\/wp-content\\\/uploads\\\/2020\\\/07\\\/274549_lammens.jpg\",\"datePublished\":\"2020-07-08T16:58:46+00:00\",\"dateModified\":\"2020-07-08T16:58:49+00:00\",\"breadcrumb\":{\"@id\":\"https:\\\/\\\/diarioprincipios.com\\\/index.php\\\/2020\\\/07\\\/08\\\/no-hay-problemas-con-el-protocolo-del-futbol-sostuvo-lammens\\\/#breadcrumb\"},\"inLanguage\":\"es\",\"potentialAction\":[{\"@type\":\"ReadAction\",\"target\":[\"https:\\\/\\\/diarioprincipios.com\\\/index.php\\\/2020\\\/07\\\/08\\\/no-hay-problemas-con-el-protocolo-del-futbol-sostuvo-lammens\\\/\"]}]},{\"@type\":\"ImageObject\",\"inLanguage\":\"es\",\"@id\":\"https:\\\/\\\/diarioprincipios.com\\\/index.php\\\/2020\\\/07\\\/08\\\/no-hay-problemas-con-el-protocolo-del-futbol-sostuvo-lammens\\\/#primaryimage\",\"url\":\"https:\\\/\\\/diarioprincipios.com\\\/wp-content\\\/uploads\\\/2020\\\/07\\\/274549_lammens.jpg\",\"contentUrl\":\"https:\\\/\\\/diarioprincipios.com\\\/wp-content\\\/uploads\\\/2020\\\/07\\\/274549_lammens.jpg\",\"width\":1025,\"height\":680},{\"@type\":\"BreadcrumbList\",\"@id\":\"https:\\\/\\\/diarioprincipios.com\\\/index.php\\\/2020\\\/07\\\/08\\\/no-hay-problemas-con-el-protocolo-del-futbol-sostuvo-lammens\\\/#breadcrumb\",\"itemListElement\":[{\"@type\":\"ListItem\",\"position\":1,\"name\":\"Portada\",\"item\":\"https:\\\/\\\/diarioprincipios.com\\\/\"},{\"@type\":\"ListItem\",\"position\":2,\"name\":\"\u00abNo hay problemas con el protocolo del f\u00fatbol\u00bb, sostuvo Lammens\"}]},{\"@type\":\"WebSite\",\"@id\":\"https:\\\/\\\/diarioprincipios.com\\\/#website\",\"url\":\"https:\\\/\\\/diarioprincipios.com\\\/\",\"name\":\"Principios\",\"description\":\"Principios Diario\",\"publisher\":{\"@id\":\"https:\\\/\\\/diarioprincipios.com\\\/#organization\"},\"potentialAction\":[{\"@type\":\"SearchAction\",\"target\":{\"@type\":\"EntryPoint\",\"urlTemplate\":\"https:\\\/\\\/diarioprincipios.com\\\/?s={search_term_string}\"},\"query-input\":{\"@type\":\"PropertyValueSpecification\",\"valueRequired\":true,\"valueName\":\"search_term_string\"}}],\"inLanguage\":\"es\"},{\"@type\":\"Organization\",\"@id\":\"https:\\\/\\\/diarioprincipios.com\\\/#organization\",\"name\":\"Principios\",\"url\":\"https:\\\/\\\/diarioprincipios.com\\\/\",\"logo\":{\"@type\":\"ImageObject\",\"inLanguage\":\"es\",\"@id\":\"https:\\\/\\\/diarioprincipios.com\\\/#\\\/schema\\\/logo\\\/image\\\/\",\"url\":\"https:\\\/\\\/diarioprincipios.com\\\/wp-content\\\/uploads\\\/2024\\\/04\\\/cropped-www.diarioprincipios.com_-1.png\",\"contentUrl\":\"https:\\\/\\\/diarioprincipios.com\\\/wp-content\\\/uploads\\\/2024\\\/04\\\/cropped-www.diarioprincipios.com_-1.png\",\"width\":5325,\"height\":1454,\"caption\":\"Principios\"},\"image\":{\"@id\":\"https:\\\/\\\/diarioprincipios.com\\\/#\\\/schema\\\/logo\\\/image\\\/\"}},{\"@type\":\"Person\",\"@id\":\"https:\\\/\\\/diarioprincipios.com\\\/#\\\/schema\\\/person\\\/436d5a1fd41a5e250e23ff5a6a7cb080\",\"name\":\"Hern\u00e1n L\u00f3pez\",\"image\":{\"@type\":\"ImageObject\",\"inLanguage\":\"es\",\"@id\":\"https:\\\/\\\/diarioprincipios.com\\\/wp-content\\\/litespeed\\\/avatar\\\/11ddfe5610ff3bd100522525b2571f48.jpg?ver=1777653193\",\"url\":\"https:\\\/\\\/diarioprincipios.com\\\/wp-content\\\/litespeed\\\/avatar\\\/11ddfe5610ff3bd100522525b2571f48.jpg?ver=1777653193\",\"contentUrl\":\"https:\\\/\\\/diarioprincipios.com\\\/wp-content\\\/litespeed\\\/avatar\\\/11ddfe5610ff3bd100522525b2571f48.jpg?ver=1777653193\",\"caption\":\"Hern\u00e1n L\u00f3pez\"},\"url\":\"https:\\\/\\\/diarioprincipios.com\\\/index.php\\\/author\\\/hernan\\\/\"}]}<\/script>\n<!-- \/ Yoast SEO plugin. -->","yoast_head_json":{"title":"\"No hay problemas con el protocolo del f\u00fatbol\", sostuvo Lammens - Principios","robots":{"index":"index","follow":"follow","max-snippet":"max-snippet:-1","max-image-preview":"max-image-preview:large","max-video-preview":"max-video-preview:-1"},"canonical":"https:\/\/diarioprincipios.com\/index.php\/2020\/07\/08\/no-hay-problemas-con-el-protocolo-del-futbol-sostuvo-lammens\/","og_locale":"es_ES","og_type":"article","og_title":"\"No hay problemas con el protocolo del f\u00fatbol\", sostuvo Lammens - Principios","og_description":"El Ministro de Turismo y Deportes, Mat\u00edas Lammens, aclar\u00f3 hoy que la vuelta a los entrenamientos en el f\u00fatbol no depende de la confecci\u00f3n del protocolo de AFA, sino de la situaci\u00f3n epidemiol\u00f3gica del AMBA. \u00abQuiero aclarar que no hay una cuesti\u00f3n con el protocolo, porque el del f\u00fatbol es similar al que est\u00e1n utilizando,...","og_url":"https:\/\/diarioprincipios.com\/index.php\/2020\/07\/08\/no-hay-problemas-con-el-protocolo-del-futbol-sostuvo-lammens\/","og_site_name":"Principios","article_published_time":"2020-07-08T16:58:46+00:00","article_modified_time":"2020-07-08T16:58:49+00:00","og_image":[{"width":1025,"height":680,"url":"https:\/\/diarioprincipios.com\/wp-content\/uploads\/2020\/07\/274549_lammens.jpg","type":"image\/jpeg"}],"author":"Hern\u00e1n L\u00f3pez","twitter_card":"summary_large_image","twitter_misc":{"Escrito por":"Hern\u00e1n L\u00f3pez","Tiempo de lectura":"1 minuto"},"schema":{"@context":"https:\/\/schema.org","@graph":[{"@type":"Article","@id":"https:\/\/diarioprincipios.com\/index.php\/2020\/07\/08\/no-hay-problemas-con-el-protocolo-del-futbol-sostuvo-lammens\/#article","isPartOf":{"@id":"https:\/\/diarioprincipios.com\/index.php\/2020\/07\/08\/no-hay-problemas-con-el-protocolo-del-futbol-sostuvo-lammens\/"},"author":{"name":"Hern\u00e1n L\u00f3pez","@id":"https:\/\/diarioprincipios.com\/#\/schema\/person\/436d5a1fd41a5e250e23ff5a6a7cb080"},"headline":"\u00abNo hay problemas con el protocolo del f\u00fatbol\u00bb, sostuvo Lammens","datePublished":"2020-07-08T16:58:46+00:00","dateModified":"2020-07-08T16:58:49+00:00","mainEntityOfPage":{"@id":"https:\/\/diarioprincipios.com\/index.php\/2020\/07\/08\/no-hay-problemas-con-el-protocolo-del-futbol-sostuvo-lammens\/"},"wordCount":244,"commentCount":0,"publisher":{"@id":"https:\/\/diarioprincipios.com\/#organization"},"image":{"@id":"https:\/\/diarioprincipios.com\/index.php\/2020\/07\/08\/no-hay-problemas-con-el-protocolo-del-futbol-sostuvo-lammens\/#primaryimage"},"thumbnailUrl":"https:\/\/diarioprincipios.com\/wp-content\/uploads\/2020\/07\/274549_lammens.jpg","articleSection":["Deportes"],"inLanguage":"es","potentialAction":[{"@type":"CommentAction","name":"Comment","target":["https:\/\/diarioprincipios.com\/index.php\/2020\/07\/08\/no-hay-problemas-con-el-protocolo-del-futbol-sostuvo-lammens\/#respond"]}]},{"@type":"WebPage","@id":"https:\/\/diarioprincipios.com\/index.php\/2020\/07\/08\/no-hay-problemas-con-el-protocolo-del-futbol-sostuvo-lammens\/","url":"https:\/\/diarioprincipios.com\/index.php\/2020\/07\/08\/no-hay-problemas-con-el-protocolo-del-futbol-sostuvo-lammens\/","name":"\"No hay problemas con el protocolo del f\u00fatbol\", sostuvo Lammens - Principios","isPartOf":{"@id":"https:\/\/diarioprincipios.com\/#website"},"primaryImageOfPage":{"@id":"https:\/\/diarioprincipios.com\/index.php\/2020\/07\/08\/no-hay-problemas-con-el-protocolo-del-futbol-sostuvo-lammens\/#primaryimage"},"image":{"@id":"https:\/\/diarioprincipios.com\/index.php\/2020\/07\/08\/no-hay-problemas-con-el-protocolo-del-futbol-sostuvo-lammens\/#primaryimage"},"thumbnailUrl":"https:\/\/diarioprincipios.com\/wp-content\/uploads\/2020\/07\/274549_lammens.jpg","datePublished":"2020-07-08T16:58:46+00:00","dateModified":"2020-07-08T16:58:49+00:00","breadcrumb":{"@id":"https:\/\/diarioprincipios.com\/index.php\/2020\/07\/08\/no-hay-problemas-con-el-protocolo-del-futbol-sostuvo-lammens\/#breadcrumb"},"inLanguage":"es","potentialAction":[{"@type":"ReadAction","target":["https:\/\/diarioprincipios.com\/index.php\/2020\/07\/08\/no-hay-problemas-con-el-protocolo-del-futbol-sostuvo-lammens\/"]}]},{"@type":"ImageObject","inLanguage":"es","@id":"https:\/\/diarioprincipios.com\/index.php\/2020\/07\/08\/no-hay-problemas-con-el-protocolo-del-futbol-sostuvo-lammens\/#primaryimage","url":"https:\/\/diarioprincipios.com\/wp-content\/uploads\/2020\/07\/274549_lammens.jpg","contentUrl":"https:\/\/diarioprincipios.com\/wp-content\/uploads\/2020\/07\/274549_lammens.jpg","width":1025,"height":680},{"@type":"BreadcrumbList","@id":"https:\/\/diarioprincipios.com\/index.php\/2020\/07\/08\/no-hay-problemas-con-el-protocolo-del-futbol-sostuvo-lammens\/#breadcrumb","itemListElement":[{"@type":"ListItem","position":1,"name":"Portada","item":"https:\/\/diarioprincipios.com\/"},{"@type":"ListItem","position":2,"name":"\u00abNo hay problemas con el protocolo del f\u00fatbol\u00bb, sostuvo Lammens"}]},{"@type":"WebSite","@id":"https:\/\/diarioprincipios.com\/#website","url":"https:\/\/diarioprincipios.com\/","name":"Principios","description":"Principios Diario","publisher":{"@id":"https:\/\/diarioprincipios.com\/#organization"},"potentialAction":[{"@type":"SearchAction","target":{"@type":"EntryPoint","urlTemplate":"https:\/\/diarioprincipios.com\/?s={search_term_string}"},"query-input":{"@type":"PropertyValueSpecification","valueRequired":true,"valueName":"search_term_string"}}],"inLanguage":"es"},{"@type":"Organization","@id":"https:\/\/diarioprincipios.com\/#organization","name":"Principios","url":"https:\/\/diarioprincipios.com\/","logo":{"@type":"ImageObject","inLanguage":"es","@id":"https:\/\/diarioprincipios.com\/#\/schema\/logo\/image\/","url":"https:\/\/diarioprincipios.com\/wp-content\/uploads\/2024\/04\/cropped-www.diarioprincipios.com_-1.png","contentUrl":"https:\/\/diarioprincipios.com\/wp-content\/uploads\/2024\/04\/cropped-www.diarioprincipios.com_-1.png","width":5325,"height":1454,"caption":"Principios"},"image":{"@id":"https:\/\/diarioprincipios.com\/#\/schema\/logo\/image\/"}},{"@type":"Person","@id":"https:\/\/diarioprincipios.com\/#\/schema\/person\/436d5a1fd41a5e250e23ff5a6a7cb080","name":"Hern\u00e1n L\u00f3pez","image":{"@type":"ImageObject","inLanguage":"es","@id":"https:\/\/diarioprincipios.com\/wp-content\/litespeed\/avatar\/11ddfe5610ff3bd100522525b2571f48.jpg?ver=1777653193","url":"https:\/\/diarioprincipios.com\/wp-content\/litespeed\/avatar\/11ddfe5610ff3bd100522525b2571f48.jpg?ver=1777653193","contentUrl":"https:\/\/diarioprincipios.com\/wp-content\/litespeed\/avatar\/11ddfe5610ff3bd100522525b2571f48.jpg?ver=1777653193","caption":"Hern\u00e1n L\u00f3pez"},"url":"https:\/\/diarioprincipios.com\/index.php\/author\/hernan\/"}]}},"jetpack_featured_media_url":"https:\/\/diarioprincipios.com\/wp-content\/uploads\/2020\/07\/274549_lammens.jpg","_links":{"self":[{"href":"https:\/\/diarioprincipios.com\/index.php\/wp-json\/wp\/v2\/posts\/3736","targetHints":{"allow":["GET"]}}],"collection":[{"href":"https:\/\/diarioprincipios.com\/index.php\/wp-json\/wp\/v2\/posts"}],"about":[{"href":"https:\/\/diarioprincipios.com\/index.php\/wp-json\/wp\/v2\/types\/post"}],"author":[{"embeddable":true,"href":"https:\/\/diarioprincipios.com\/index.php\/wp-json\/wp\/v2\/users\/2"}],"replies":[{"embeddable":true,"href":"https:\/\/diarioprincipios.com\/index.php\/wp-json\/wp\/v2\/comments?post=3736"}],"version-history":[{"count":1,"href":"https:\/\/diarioprincipios.com\/index.php\/wp-json\/wp\/v2\/posts\/3736\/revisions"}],"predecessor-version":[{"id":3738,"href":"https:\/\/diarioprincipios.com\/index.php\/wp-json\/wp\/v2\/posts\/3736\/revisions\/3738"}],"wp:featuredmedia":[{"embeddable":true,"href":"https:\/\/diarioprincipios.com\/index.php\/wp-json\/wp\/v2\/media\/3737"}],"wp:attachment":[{"href":"https:\/\/diarioprincipios.com\/index.php\/wp-json\/wp\/v2\/media?parent=3736"}],"wp:term":[{"taxonomy":"category","embeddable":true,"href":"https:\/\/diarioprincipios.com\/index.php\/wp-json\/wp\/v2\/categories?post=3736"},{"taxonomy":"post_tag","embeddable":true,"href":"https:\/\/diarioprincipios.com\/index.php\/wp-json\/wp\/v2\/tags?post=3736"}],"curies":[{"name":"wp","href":"https:\/\/api.w.org\/{rel}","templated":true}]}}