{"id":3730,"date":"2020-07-08T12:23:42","date_gmt":"2020-07-08T15:23:42","guid":{"rendered":"http:\/\/diarioprincipios.com\/?p=3730"},"modified":"2020-07-08T17:18:20","modified_gmt":"2020-07-08T20:18:20","slug":"mussi-firmo-convenio-con-rector-de-la-unq-para-dar-inicio-a-proyectos-sobre-la-costa-del-rio-de-la-plata","status":"publish","type":"post","link":"https:\/\/diarioprincipios.com\/index.php\/2020\/07\/08\/mussi-firmo-convenio-con-rector-de-la-unq-para-dar-inicio-a-proyectos-sobre-la-costa-del-rio-de-la-plata\/","title":{"rendered":"Mussi firm\u00f3 convenio con rector de la UNQ para dar inicio a proyectos sobre la costa del R\u00edo de la Plata"},"content":{"rendered":"\n<p><strong>El intendente de Berazategui, Dr. Juan Jos\u00e9 Mussi, sell\u00f3 un convenio con la Universidad Nacional de Quilmes (UNQ), representada por su rector, el Dr. Alejandro Villar, para la elaboraci\u00f3n de proyectos para el avance sobre la costa del R\u00edo de la Plata y la consecuente transformaci\u00f3n de la ciudad. A trav\u00e9s de una videoconferencia, el Jefe comunal estuvo acompa\u00f1ado por representantes del Sistema de Planificaci\u00f3n Estrat\u00e9gica local \u00abBerazategui 2050\u00bb. De esta manera, la Casa de altos estudios se suma al listado de Universidades que est\u00e1n brindando apoyo acad\u00e9mico para el desarrollo del partido.<\/strong><\/p>\n\n\n\n<p>Con el objetivo del desarrollo de la Ciudad, el intendente Mussi y el rector de la UNQ, Alejandro Villar, firmaron un convenio -mediante una videoconferencia- para darle inicio a los proyectos integrales de investigaci\u00f3n sobre la costa del R\u00edo de la Plata. Por su parte, la Comisi\u00f3n de la Ribera Rioplatense del \u00abBerazategui 2050\u00bb, trabaja -desde principios del a\u00f1o 2019- con un equipo multidisciplinario de profesionales del Municipio y de la comunidad, bajo la metodolog\u00eda de Taller, realizando un relevamiento y una investigaci\u00f3n inicial para generar las bases de la presente propuesta. En la videoconferencia tambi\u00e9n estuvieron el Dr. Alfredo Alfonso, vicerrector de la UNQ; el Dr. Daniel Cravacuore, director de la Unidad de Investigaci\u00f3n y Fortalecimiento de Gobiernos Locales; el Lic. Daniel Borro, subsecretario de Desarrollo Institucional; Hugo Guerrieri, director ejecutivo de \u00abBerazategui 2050\u00bb; y Federico L\u00f3pez, secretario de Cultura y Educaci\u00f3n de Berazategui.<\/p>\n\n\n\n<p>Seg\u00fan explicaron, el estudio a realizar con la coordinaci\u00f3n de la UNQ &#8211; a partir de este nuevo v\u00ednculo- tiene como objetivo final, \u201cuna vez formulado el Anteproyecto Integral y analizada su Prefactibilidad\u201d, efectuar un posterior Estudio de Impacto Ambiental del mismo. Una vez aprobado por las autoridades correspondientes, se pondr\u00e1 a consideraci\u00f3n de toda la comunidad por medio de una audiencia p\u00fablica. Y por \u00faltimo, habi\u00e9ndose aprobado el anteproyecto en dicha audiencia, se promover\u00e1 la sanci\u00f3n de una Ordenanza que establezca el uso de suelo en el \u00e1rea ribere\u00f1a, de acuerdo a lo formulado en el anteproyecto.<\/p>\n\n\n\n<p>Como sucede con todas las Universidades que acompa\u00f1an a \u00abBerazategui 2050\u00bb, la UNQ tambi\u00e9n ser\u00e1 parte y tendr\u00e1 representaci\u00f3n dentro del futuro Consejo Acad\u00e9mico, que contar\u00e1 con la participaci\u00f3n de diferentes actores para la coordinaci\u00f3n t\u00e9cnica profesional, el desarrollo de estudios y la formulaci\u00f3n de proyectos que surjan dentro del Programa de planificaci\u00f3n local. Pese a la situaci\u00f3n que atraviesa la ciudad y toda la poblaci\u00f3n a partir de la pandemia mundial, \u00abBerazategui 2050\u00bb contin\u00faa trabajando en la medida de sus posibilidades a trav\u00e9s de acuerdos y convenios institucionales para el avance del proyecto y de Berazategui.<\/p>\n\n\n\n<p>Para el distrito y todos sus ciudadanos, este proyecto significar\u00e1 un cambio fundamental. La zona de la Ribera ocupa casi el 30% del territorio y es una regi\u00f3n con una enorme riqueza natural y gran potencial de desarrollo. Es una zona de 75 kil\u00f3metros cuadrados, de una longitud en la franja costera de 18 kil\u00f3metros, con dos accesos al r\u00edo: la avenida 14 y la calle 63.<\/p>\n\n\n\n<figure class=\"wp-block-image\"><img decoding=\"async\" src=\"https:\/\/ecp.yusercontent.com\/mail?url=https%3A%2F%2Fdocs.google.com%2Fuc%3Fexport%3Ddownload%26id%3D1O9ySDGVjFwLiWj3yWiMdjtCw6pHI7T-F%26revid%3D0B9CZhG6aa0VidWpSQjZNZGVndGpYeWM5ZWtiUFNuM1JQV3U4PQ&amp;t=1594236644&amp;ymreqid=5799fcab-b43d-2794-222f-b2001901a200&amp;sig=l_aPAHGCqU3Emlunv9ywvw--~D\" alt=\"\"\/><\/figure>\n","protected":false},"excerpt":{"rendered":"<p>El intendente de Berazategui, Dr. Juan Jos\u00e9 Mussi, sell\u00f3 un convenio con la Universidad Nacional de Quilmes (UNQ), representada por su rector, el Dr. Alejandro Villar, para la elaboraci\u00f3n de proyectos para el avance sobre la costa del R\u00edo de la Plata y la consecuente transformaci\u00f3n de la ciudad. A trav\u00e9s de una videoconferencia, el&#8230;<\/p>\n","protected":false},"author":2,"featured_media":3731,"comment_status":"open","ping_status":"open","sticky":false,"template":"","format":"standard","meta":{"footnotes":""},"categories":[3],"tags":[],"class_list":["post-3730","post","type-post","status-publish","format-standard","has-post-thumbnail","hentry","category-berazategui"],"featured_image_src":"https:\/\/diarioprincipios.com\/wp-content\/uploads\/2020\/07\/FB_IMG_1594221522021.jpg","blog_images":{"medium":"https:\/\/diarioprincipios.com\/wp-content\/uploads\/2020\/07\/FB_IMG_1594221522021-225x300.jpg","large":"https:\/\/diarioprincipios.com\/wp-content\/uploads\/2020\/07\/FB_IMG_1594221522021.jpg"},"ams_acf":[],"yoast_head":"<!-- This site is optimized with the Yoast SEO plugin v27.3 - https:\/\/yoast.com\/product\/yoast-seo-wordpress\/ -->\n<title>Mussi firm\u00f3 convenio con rector de la UNQ para dar inicio a proyectos sobre la costa del R\u00edo de la Plata - Principios<\/title>\n<meta name=\"robots\" content=\"index, follow, max-snippet:-1, max-image-preview:large, max-video-preview:-1\" \/>\n<link rel=\"canonical\" href=\"https:\/\/diarioprincipios.com\/index.php\/2020\/07\/08\/mussi-firmo-convenio-con-rector-de-la-unq-para-dar-inicio-a-proyectos-sobre-la-costa-del-rio-de-la-plata\/\" \/>\n<meta property=\"og:locale\" content=\"es_ES\" \/>\n<meta property=\"og:type\" content=\"article\" \/>\n<meta property=\"og:title\" content=\"Mussi firm\u00f3 convenio con rector de la UNQ para dar inicio a proyectos sobre la costa del R\u00edo de la Plata - Principios\" \/>\n<meta property=\"og:description\" content=\"El intendente de Berazategui, Dr. Juan Jos\u00e9 Mussi, sell\u00f3 un convenio con la Universidad Nacional de Quilmes (UNQ), representada por su rector, el Dr. Alejandro Villar, para la elaboraci\u00f3n de proyectos para el avance sobre la costa del R\u00edo de la Plata y la consecuente transformaci\u00f3n de la ciudad. A trav\u00e9s de una videoconferencia, el...\" \/>\n<meta property=\"og:url\" content=\"https:\/\/diarioprincipios.com\/index.php\/2020\/07\/08\/mussi-firmo-convenio-con-rector-de-la-unq-para-dar-inicio-a-proyectos-sobre-la-costa-del-rio-de-la-plata\/\" \/>\n<meta property=\"og:site_name\" content=\"Principios\" \/>\n<meta property=\"article:published_time\" content=\"2020-07-08T15:23:42+00:00\" \/>\n<meta property=\"article:modified_time\" content=\"2020-07-08T20:18:20+00:00\" \/>\n<meta property=\"og:image\" content=\"https:\/\/diarioprincipios.com\/wp-content\/uploads\/2020\/07\/FB_IMG_1594221522021.jpg\" \/>\n\t<meta property=\"og:image:width\" content=\"768\" \/>\n\t<meta property=\"og:image:height\" content=\"1024\" \/>\n\t<meta property=\"og:image:type\" content=\"image\/jpeg\" \/>\n<meta name=\"author\" content=\"Hern\u00e1n L\u00f3pez\" \/>\n<meta name=\"twitter:card\" content=\"summary_large_image\" \/>\n<meta name=\"twitter:label1\" content=\"Escrito por\" \/>\n\t<meta name=\"twitter:data1\" content=\"Hern\u00e1n L\u00f3pez\" \/>\n\t<meta name=\"twitter:label2\" content=\"Tiempo de lectura\" \/>\n\t<meta name=\"twitter:data2\" content=\"3 minutos\" \/>\n<script type=\"application\/ld+json\" class=\"yoast-schema-graph\">{\"@context\":\"https:\\\/\\\/schema.org\",\"@graph\":[{\"@type\":\"Article\",\"@id\":\"https:\\\/\\\/diarioprincipios.com\\\/index.php\\\/2020\\\/07\\\/08\\\/mussi-firmo-convenio-con-rector-de-la-unq-para-dar-inicio-a-proyectos-sobre-la-costa-del-rio-de-la-plata\\\/#article\",\"isPartOf\":{\"@id\":\"https:\\\/\\\/diarioprincipios.com\\\/index.php\\\/2020\\\/07\\\/08\\\/mussi-firmo-convenio-con-rector-de-la-unq-para-dar-inicio-a-proyectos-sobre-la-costa-del-rio-de-la-plata\\\/\"},\"author\":{\"name\":\"Hern\u00e1n L\u00f3pez\",\"@id\":\"https:\\\/\\\/diarioprincipios.com\\\/#\\\/schema\\\/person\\\/436d5a1fd41a5e250e23ff5a6a7cb080\"},\"headline\":\"Mussi firm\u00f3 convenio con rector de la UNQ para dar inicio a proyectos sobre la costa del R\u00edo de la Plata\",\"datePublished\":\"2020-07-08T15:23:42+00:00\",\"dateModified\":\"2020-07-08T20:18:20+00:00\",\"mainEntityOfPage\":{\"@id\":\"https:\\\/\\\/diarioprincipios.com\\\/index.php\\\/2020\\\/07\\\/08\\\/mussi-firmo-convenio-con-rector-de-la-unq-para-dar-inicio-a-proyectos-sobre-la-costa-del-rio-de-la-plata\\\/\"},\"wordCount\":556,\"commentCount\":0,\"publisher\":{\"@id\":\"https:\\\/\\\/diarioprincipios.com\\\/#organization\"},\"image\":{\"@id\":\"https:\\\/\\\/diarioprincipios.com\\\/index.php\\\/2020\\\/07\\\/08\\\/mussi-firmo-convenio-con-rector-de-la-unq-para-dar-inicio-a-proyectos-sobre-la-costa-del-rio-de-la-plata\\\/#primaryimage\"},\"thumbnailUrl\":\"https:\\\/\\\/diarioprincipios.com\\\/wp-content\\\/uploads\\\/2020\\\/07\\\/FB_IMG_1594221522021.jpg\",\"articleSection\":[\"Berazategui\"],\"inLanguage\":\"es\",\"potentialAction\":[{\"@type\":\"CommentAction\",\"name\":\"Comment\",\"target\":[\"https:\\\/\\\/diarioprincipios.com\\\/index.php\\\/2020\\\/07\\\/08\\\/mussi-firmo-convenio-con-rector-de-la-unq-para-dar-inicio-a-proyectos-sobre-la-costa-del-rio-de-la-plata\\\/#respond\"]}]},{\"@type\":\"WebPage\",\"@id\":\"https:\\\/\\\/diarioprincipios.com\\\/index.php\\\/2020\\\/07\\\/08\\\/mussi-firmo-convenio-con-rector-de-la-unq-para-dar-inicio-a-proyectos-sobre-la-costa-del-rio-de-la-plata\\\/\",\"url\":\"https:\\\/\\\/diarioprincipios.com\\\/index.php\\\/2020\\\/07\\\/08\\\/mussi-firmo-convenio-con-rector-de-la-unq-para-dar-inicio-a-proyectos-sobre-la-costa-del-rio-de-la-plata\\\/\",\"name\":\"Mussi firm\u00f3 convenio con rector de la UNQ para dar inicio a proyectos sobre la costa del R\u00edo de la Plata - Principios\",\"isPartOf\":{\"@id\":\"https:\\\/\\\/diarioprincipios.com\\\/#website\"},\"primaryImageOfPage\":{\"@id\":\"https:\\\/\\\/diarioprincipios.com\\\/index.php\\\/2020\\\/07\\\/08\\\/mussi-firmo-convenio-con-rector-de-la-unq-para-dar-inicio-a-proyectos-sobre-la-costa-del-rio-de-la-plata\\\/#primaryimage\"},\"image\":{\"@id\":\"https:\\\/\\\/diarioprincipios.com\\\/index.php\\\/2020\\\/07\\\/08\\\/mussi-firmo-convenio-con-rector-de-la-unq-para-dar-inicio-a-proyectos-sobre-la-costa-del-rio-de-la-plata\\\/#primaryimage\"},\"thumbnailUrl\":\"https:\\\/\\\/diarioprincipios.com\\\/wp-content\\\/uploads\\\/2020\\\/07\\\/FB_IMG_1594221522021.jpg\",\"datePublished\":\"2020-07-08T15:23:42+00:00\",\"dateModified\":\"2020-07-08T20:18:20+00:00\",\"breadcrumb\":{\"@id\":\"https:\\\/\\\/diarioprincipios.com\\\/index.php\\\/2020\\\/07\\\/08\\\/mussi-firmo-convenio-con-rector-de-la-unq-para-dar-inicio-a-proyectos-sobre-la-costa-del-rio-de-la-plata\\\/#breadcrumb\"},\"inLanguage\":\"es\",\"potentialAction\":[{\"@type\":\"ReadAction\",\"target\":[\"https:\\\/\\\/diarioprincipios.com\\\/index.php\\\/2020\\\/07\\\/08\\\/mussi-firmo-convenio-con-rector-de-la-unq-para-dar-inicio-a-proyectos-sobre-la-costa-del-rio-de-la-plata\\\/\"]}]},{\"@type\":\"ImageObject\",\"inLanguage\":\"es\",\"@id\":\"https:\\\/\\\/diarioprincipios.com\\\/index.php\\\/2020\\\/07\\\/08\\\/mussi-firmo-convenio-con-rector-de-la-unq-para-dar-inicio-a-proyectos-sobre-la-costa-del-rio-de-la-plata\\\/#primaryimage\",\"url\":\"https:\\\/\\\/diarioprincipios.com\\\/wp-content\\\/uploads\\\/2020\\\/07\\\/FB_IMG_1594221522021.jpg\",\"contentUrl\":\"https:\\\/\\\/diarioprincipios.com\\\/wp-content\\\/uploads\\\/2020\\\/07\\\/FB_IMG_1594221522021.jpg\",\"width\":768,\"height\":1024},{\"@type\":\"BreadcrumbList\",\"@id\":\"https:\\\/\\\/diarioprincipios.com\\\/index.php\\\/2020\\\/07\\\/08\\\/mussi-firmo-convenio-con-rector-de-la-unq-para-dar-inicio-a-proyectos-sobre-la-costa-del-rio-de-la-plata\\\/#breadcrumb\",\"itemListElement\":[{\"@type\":\"ListItem\",\"position\":1,\"name\":\"Portada\",\"item\":\"https:\\\/\\\/diarioprincipios.com\\\/\"},{\"@type\":\"ListItem\",\"position\":2,\"name\":\"Mussi firm\u00f3 convenio con rector de la UNQ para dar inicio a proyectos sobre la costa del R\u00edo de la Plata\"}]},{\"@type\":\"WebSite\",\"@id\":\"https:\\\/\\\/diarioprincipios.com\\\/#website\",\"url\":\"https:\\\/\\\/diarioprincipios.com\\\/\",\"name\":\"Principios\",\"description\":\"Principios Diario\",\"publisher\":{\"@id\":\"https:\\\/\\\/diarioprincipios.com\\\/#organization\"},\"potentialAction\":[{\"@type\":\"SearchAction\",\"target\":{\"@type\":\"EntryPoint\",\"urlTemplate\":\"https:\\\/\\\/diarioprincipios.com\\\/?s={search_term_string}\"},\"query-input\":{\"@type\":\"PropertyValueSpecification\",\"valueRequired\":true,\"valueName\":\"search_term_string\"}}],\"inLanguage\":\"es\"},{\"@type\":\"Organization\",\"@id\":\"https:\\\/\\\/diarioprincipios.com\\\/#organization\",\"name\":\"Principios\",\"url\":\"https:\\\/\\\/diarioprincipios.com\\\/\",\"logo\":{\"@type\":\"ImageObject\",\"inLanguage\":\"es\",\"@id\":\"https:\\\/\\\/diarioprincipios.com\\\/#\\\/schema\\\/logo\\\/image\\\/\",\"url\":\"https:\\\/\\\/diarioprincipios.com\\\/wp-content\\\/uploads\\\/2024\\\/04\\\/cropped-www.diarioprincipios.com_-1.png\",\"contentUrl\":\"https:\\\/\\\/diarioprincipios.com\\\/wp-content\\\/uploads\\\/2024\\\/04\\\/cropped-www.diarioprincipios.com_-1.png\",\"width\":5325,\"height\":1454,\"caption\":\"Principios\"},\"image\":{\"@id\":\"https:\\\/\\\/diarioprincipios.com\\\/#\\\/schema\\\/logo\\\/image\\\/\"}},{\"@type\":\"Person\",\"@id\":\"https:\\\/\\\/diarioprincipios.com\\\/#\\\/schema\\\/person\\\/436d5a1fd41a5e250e23ff5a6a7cb080\",\"name\":\"Hern\u00e1n L\u00f3pez\",\"image\":{\"@type\":\"ImageObject\",\"inLanguage\":\"es\",\"@id\":\"https:\\\/\\\/diarioprincipios.com\\\/wp-content\\\/litespeed\\\/avatar\\\/11ddfe5610ff3bd100522525b2571f48.jpg?ver=1777653193\",\"url\":\"https:\\\/\\\/diarioprincipios.com\\\/wp-content\\\/litespeed\\\/avatar\\\/11ddfe5610ff3bd100522525b2571f48.jpg?ver=1777653193\",\"contentUrl\":\"https:\\\/\\\/diarioprincipios.com\\\/wp-content\\\/litespeed\\\/avatar\\\/11ddfe5610ff3bd100522525b2571f48.jpg?ver=1777653193\",\"caption\":\"Hern\u00e1n L\u00f3pez\"},\"url\":\"https:\\\/\\\/diarioprincipios.com\\\/index.php\\\/author\\\/hernan\\\/\"}]}<\/script>\n<!-- \/ Yoast SEO plugin. -->","yoast_head_json":{"title":"Mussi firm\u00f3 convenio con rector de la UNQ para dar inicio a proyectos sobre la costa del R\u00edo de la Plata - Principios","robots":{"index":"index","follow":"follow","max-snippet":"max-snippet:-1","max-image-preview":"max-image-preview:large","max-video-preview":"max-video-preview:-1"},"canonical":"https:\/\/diarioprincipios.com\/index.php\/2020\/07\/08\/mussi-firmo-convenio-con-rector-de-la-unq-para-dar-inicio-a-proyectos-sobre-la-costa-del-rio-de-la-plata\/","og_locale":"es_ES","og_type":"article","og_title":"Mussi firm\u00f3 convenio con rector de la UNQ para dar inicio a proyectos sobre la costa del R\u00edo de la Plata - Principios","og_description":"El intendente de Berazategui, Dr. Juan Jos\u00e9 Mussi, sell\u00f3 un convenio con la Universidad Nacional de Quilmes (UNQ), representada por su rector, el Dr. Alejandro Villar, para la elaboraci\u00f3n de proyectos para el avance sobre la costa del R\u00edo de la Plata y la consecuente transformaci\u00f3n de la ciudad. A trav\u00e9s de una videoconferencia, el...","og_url":"https:\/\/diarioprincipios.com\/index.php\/2020\/07\/08\/mussi-firmo-convenio-con-rector-de-la-unq-para-dar-inicio-a-proyectos-sobre-la-costa-del-rio-de-la-plata\/","og_site_name":"Principios","article_published_time":"2020-07-08T15:23:42+00:00","article_modified_time":"2020-07-08T20:18:20+00:00","og_image":[{"width":768,"height":1024,"url":"https:\/\/diarioprincipios.com\/wp-content\/uploads\/2020\/07\/FB_IMG_1594221522021.jpg","type":"image\/jpeg"}],"author":"Hern\u00e1n L\u00f3pez","twitter_card":"summary_large_image","twitter_misc":{"Escrito por":"Hern\u00e1n L\u00f3pez","Tiempo de lectura":"3 minutos"},"schema":{"@context":"https:\/\/schema.org","@graph":[{"@type":"Article","@id":"https:\/\/diarioprincipios.com\/index.php\/2020\/07\/08\/mussi-firmo-convenio-con-rector-de-la-unq-para-dar-inicio-a-proyectos-sobre-la-costa-del-rio-de-la-plata\/#article","isPartOf":{"@id":"https:\/\/diarioprincipios.com\/index.php\/2020\/07\/08\/mussi-firmo-convenio-con-rector-de-la-unq-para-dar-inicio-a-proyectos-sobre-la-costa-del-rio-de-la-plata\/"},"author":{"name":"Hern\u00e1n L\u00f3pez","@id":"https:\/\/diarioprincipios.com\/#\/schema\/person\/436d5a1fd41a5e250e23ff5a6a7cb080"},"headline":"Mussi firm\u00f3 convenio con rector de la UNQ para dar inicio a proyectos sobre la costa del R\u00edo de la Plata","datePublished":"2020-07-08T15:23:42+00:00","dateModified":"2020-07-08T20:18:20+00:00","mainEntityOfPage":{"@id":"https:\/\/diarioprincipios.com\/index.php\/2020\/07\/08\/mussi-firmo-convenio-con-rector-de-la-unq-para-dar-inicio-a-proyectos-sobre-la-costa-del-rio-de-la-plata\/"},"wordCount":556,"commentCount":0,"publisher":{"@id":"https:\/\/diarioprincipios.com\/#organization"},"image":{"@id":"https:\/\/diarioprincipios.com\/index.php\/2020\/07\/08\/mussi-firmo-convenio-con-rector-de-la-unq-para-dar-inicio-a-proyectos-sobre-la-costa-del-rio-de-la-plata\/#primaryimage"},"thumbnailUrl":"https:\/\/diarioprincipios.com\/wp-content\/uploads\/2020\/07\/FB_IMG_1594221522021.jpg","articleSection":["Berazategui"],"inLanguage":"es","potentialAction":[{"@type":"CommentAction","name":"Comment","target":["https:\/\/diarioprincipios.com\/index.php\/2020\/07\/08\/mussi-firmo-convenio-con-rector-de-la-unq-para-dar-inicio-a-proyectos-sobre-la-costa-del-rio-de-la-plata\/#respond"]}]},{"@type":"WebPage","@id":"https:\/\/diarioprincipios.com\/index.php\/2020\/07\/08\/mussi-firmo-convenio-con-rector-de-la-unq-para-dar-inicio-a-proyectos-sobre-la-costa-del-rio-de-la-plata\/","url":"https:\/\/diarioprincipios.com\/index.php\/2020\/07\/08\/mussi-firmo-convenio-con-rector-de-la-unq-para-dar-inicio-a-proyectos-sobre-la-costa-del-rio-de-la-plata\/","name":"Mussi firm\u00f3 convenio con rector de la UNQ para dar inicio a proyectos sobre la costa del R\u00edo de la Plata - Principios","isPartOf":{"@id":"https:\/\/diarioprincipios.com\/#website"},"primaryImageOfPage":{"@id":"https:\/\/diarioprincipios.com\/index.php\/2020\/07\/08\/mussi-firmo-convenio-con-rector-de-la-unq-para-dar-inicio-a-proyectos-sobre-la-costa-del-rio-de-la-plata\/#primaryimage"},"image":{"@id":"https:\/\/diarioprincipios.com\/index.php\/2020\/07\/08\/mussi-firmo-convenio-con-rector-de-la-unq-para-dar-inicio-a-proyectos-sobre-la-costa-del-rio-de-la-plata\/#primaryimage"},"thumbnailUrl":"https:\/\/diarioprincipios.com\/wp-content\/uploads\/2020\/07\/FB_IMG_1594221522021.jpg","datePublished":"2020-07-08T15:23:42+00:00","dateModified":"2020-07-08T20:18:20+00:00","breadcrumb":{"@id":"https:\/\/diarioprincipios.com\/index.php\/2020\/07\/08\/mussi-firmo-convenio-con-rector-de-la-unq-para-dar-inicio-a-proyectos-sobre-la-costa-del-rio-de-la-plata\/#breadcrumb"},"inLanguage":"es","potentialAction":[{"@type":"ReadAction","target":["https:\/\/diarioprincipios.com\/index.php\/2020\/07\/08\/mussi-firmo-convenio-con-rector-de-la-unq-para-dar-inicio-a-proyectos-sobre-la-costa-del-rio-de-la-plata\/"]}]},{"@type":"ImageObject","inLanguage":"es","@id":"https:\/\/diarioprincipios.com\/index.php\/2020\/07\/08\/mussi-firmo-convenio-con-rector-de-la-unq-para-dar-inicio-a-proyectos-sobre-la-costa-del-rio-de-la-plata\/#primaryimage","url":"https:\/\/diarioprincipios.com\/wp-content\/uploads\/2020\/07\/FB_IMG_1594221522021.jpg","contentUrl":"https:\/\/diarioprincipios.com\/wp-content\/uploads\/2020\/07\/FB_IMG_1594221522021.jpg","width":768,"height":1024},{"@type":"BreadcrumbList","@id":"https:\/\/diarioprincipios.com\/index.php\/2020\/07\/08\/mussi-firmo-convenio-con-rector-de-la-unq-para-dar-inicio-a-proyectos-sobre-la-costa-del-rio-de-la-plata\/#breadcrumb","itemListElement":[{"@type":"ListItem","position":1,"name":"Portada","item":"https:\/\/diarioprincipios.com\/"},{"@type":"ListItem","position":2,"name":"Mussi firm\u00f3 convenio con rector de la UNQ para dar inicio a proyectos sobre la costa del R\u00edo de la Plata"}]},{"@type":"WebSite","@id":"https:\/\/diarioprincipios.com\/#website","url":"https:\/\/diarioprincipios.com\/","name":"Principios","description":"Principios Diario","publisher":{"@id":"https:\/\/diarioprincipios.com\/#organization"},"potentialAction":[{"@type":"SearchAction","target":{"@type":"EntryPoint","urlTemplate":"https:\/\/diarioprincipios.com\/?s={search_term_string}"},"query-input":{"@type":"PropertyValueSpecification","valueRequired":true,"valueName":"search_term_string"}}],"inLanguage":"es"},{"@type":"Organization","@id":"https:\/\/diarioprincipios.com\/#organization","name":"Principios","url":"https:\/\/diarioprincipios.com\/","logo":{"@type":"ImageObject","inLanguage":"es","@id":"https:\/\/diarioprincipios.com\/#\/schema\/logo\/image\/","url":"https:\/\/diarioprincipios.com\/wp-content\/uploads\/2024\/04\/cropped-www.diarioprincipios.com_-1.png","contentUrl":"https:\/\/diarioprincipios.com\/wp-content\/uploads\/2024\/04\/cropped-www.diarioprincipios.com_-1.png","width":5325,"height":1454,"caption":"Principios"},"image":{"@id":"https:\/\/diarioprincipios.com\/#\/schema\/logo\/image\/"}},{"@type":"Person","@id":"https:\/\/diarioprincipios.com\/#\/schema\/person\/436d5a1fd41a5e250e23ff5a6a7cb080","name":"Hern\u00e1n L\u00f3pez","image":{"@type":"ImageObject","inLanguage":"es","@id":"https:\/\/diarioprincipios.com\/wp-content\/litespeed\/avatar\/11ddfe5610ff3bd100522525b2571f48.jpg?ver=1777653193","url":"https:\/\/diarioprincipios.com\/wp-content\/litespeed\/avatar\/11ddfe5610ff3bd100522525b2571f48.jpg?ver=1777653193","contentUrl":"https:\/\/diarioprincipios.com\/wp-content\/litespeed\/avatar\/11ddfe5610ff3bd100522525b2571f48.jpg?ver=1777653193","caption":"Hern\u00e1n L\u00f3pez"},"url":"https:\/\/diarioprincipios.com\/index.php\/author\/hernan\/"}]}},"jetpack_featured_media_url":"https:\/\/diarioprincipios.com\/wp-content\/uploads\/2020\/07\/FB_IMG_1594221522021.jpg","_links":{"self":[{"href":"https:\/\/diarioprincipios.com\/index.php\/wp-json\/wp\/v2\/posts\/3730","targetHints":{"allow":["GET"]}}],"collection":[{"href":"https:\/\/diarioprincipios.com\/index.php\/wp-json\/wp\/v2\/posts"}],"about":[{"href":"https:\/\/diarioprincipios.com\/index.php\/wp-json\/wp\/v2\/types\/post"}],"author":[{"embeddable":true,"href":"https:\/\/diarioprincipios.com\/index.php\/wp-json\/wp\/v2\/users\/2"}],"replies":[{"embeddable":true,"href":"https:\/\/diarioprincipios.com\/index.php\/wp-json\/wp\/v2\/comments?post=3730"}],"version-history":[{"count":2,"href":"https:\/\/diarioprincipios.com\/index.php\/wp-json\/wp\/v2\/posts\/3730\/revisions"}],"predecessor-version":[{"id":3747,"href":"https:\/\/diarioprincipios.com\/index.php\/wp-json\/wp\/v2\/posts\/3730\/revisions\/3747"}],"wp:featuredmedia":[{"embeddable":true,"href":"https:\/\/diarioprincipios.com\/index.php\/wp-json\/wp\/v2\/media\/3731"}],"wp:attachment":[{"href":"https:\/\/diarioprincipios.com\/index.php\/wp-json\/wp\/v2\/media?parent=3730"}],"wp:term":[{"taxonomy":"category","embeddable":true,"href":"https:\/\/diarioprincipios.com\/index.php\/wp-json\/wp\/v2\/categories?post=3730"},{"taxonomy":"post_tag","embeddable":true,"href":"https:\/\/diarioprincipios.com\/index.php\/wp-json\/wp\/v2\/tags?post=3730"}],"curies":[{"name":"wp","href":"https:\/\/api.w.org\/{rel}","templated":true}]}}