{"id":3715,"date":"2020-07-07T22:17:31","date_gmt":"2020-07-08T01:17:31","guid":{"rendered":"http:\/\/diarioprincipios.com\/?p=3715"},"modified":"2020-07-07T22:17:35","modified_gmt":"2020-07-08T01:17:35","slug":"gonzalez-garcia-cree-que-la-curva-de-coronavirus-puede-empezar-a-bajar-en-dos-o-tres-dias","status":"publish","type":"post","link":"https:\/\/diarioprincipios.com\/index.php\/2020\/07\/07\/gonzalez-garcia-cree-que-la-curva-de-coronavirus-puede-empezar-a-bajar-en-dos-o-tres-dias\/","title":{"rendered":"Gonz\u00e1lez Garc\u00eda cree que la curva de coronavirus puede empezar a bajar \u00aben dos o tres d\u00edas\u00bb"},"content":{"rendered":"\n<p>El ministro de Salud, Gin\u00e9s Gonz\u00e1lez Garc\u00eda, consider\u00f3 esta noche que la curva de casos de coronavirus puede empezar a bajar \u00aben dos o tres d\u00edas\u00bb y consider\u00f3 \u00abuna idea descabellada\u00bb separar al AMBA entre Ciudad y Provincia en el marco del aislamiento obligatorio para enfrentar la pandemia.<\/p>\n\n\n\n<p>Consultado por el incremento de decesos y contagios de coronavirus en los \u00faltimos d\u00edas, Gonz\u00e1lez Garc\u00eda dijo al canal C5N: \u00abEstamos en un momento delicado y creo que vamos a seguir subiendo por un par de d\u00edas; creo que en dos o tres d\u00edas esta curva que ven\u00eda ascendiendo y sigue subiendo, como inercia de los d\u00edas anteriores, realmente empiece a bajar, ojal\u00e1 acierte\u00bb.<\/p>\n\n\n\n<p>El titular de la cartera de Salud agreg\u00f3 que se implement\u00f3 la nueva fase del aislamiento social obligatorio hace unos d\u00edas \u00abde manera de tener el aire necesario para que nunca se colapsen los sistemas de atenci\u00f3n de las personas\u00bb.<\/p>\n\n\n\n<p>\u00abSi bien tenemos algo m\u00e1s del 40% de camas disponibles en el AMBA tambi\u00e9n hicimos una expansi\u00f3n de casi 40% y eso nos permite evitar que tengamos los problemas de otros pa\u00edses\u00bb, consider\u00f3.<\/p>\n\n\n\n<p>Gonz\u00e1lez Garc\u00eda sostuvo que \u00abtenemos que trabajar m\u00e1s intensamente en un territorio tan vasto como el AMBA. El tema central es coordinar, mejorar la coordinaci\u00f3n, trabajando municipios, provincia y Naci\u00f3n. Hoy trabajamos en eso con el gobernador Kicillof\u00bb, con quien se reuni\u00f3 a fin de \u00abanalizar la situaci\u00f3n epidemiol\u00f3gica de la Provincia de Buenos Aires teniendo en cuenta la pr\u00f3xima fase\u00bb.<\/p>\n\n\n\n<p>Consultado sobre las opiniones de separar a la Provincia de Buenos Aires de la Ciudad en el marco del aislamiento para enfrentar la pandemia, el ministro de Salud opin\u00f3 que le parece \u00abuna idea descabellada\u00bb.<\/p>\n\n\n\n<p>\u00abNo lo entiendo. El AMBA, una de las megal\u00f3polis m\u00e1s grandes del mundo con una soluci\u00f3n absoluta de continuidad; no vamos a creer que la General Paz o el Riachuelo van a ser una frontera para el virus. El virus va y viene con la gente. Vino desde Europa a la Ciudad y fue expandi\u00e9ndose al conurbano y todo el pa\u00eds\u00bb, agreg\u00f3 a C5N.<\/p>\n\n\n\n<p>\u00abLa mayor\u00eda de los casos en el pa\u00eds suceden por alguien que viaja desde este distrito, el AMBA. Separarlo me parece una idea descabellada. La estrategia en conjunto es indisoluble\u00bb, abund\u00f3.<\/p>\n\n\n\n<p>Respecto de la nueva fase del aislamiento en el AMBA que concluye el 17 de julio, Gonz\u00e1lez Garc\u00eda expuso que \u00abreci\u00e9n sobre el fin de la semana pr\u00f3xima veremos qu\u00e9 resultado ha tenido, que tambi\u00e9n depende del cumplimiento de las personas, que a veces no es el mismo. Si hacemos mejor las cosas vamos a salir cuanto antes\u00bb.<\/p>\n\n\n\n<p>Respecto del contagio de coronavirus del presidente de Brasil, Jair Bolsonaro, el ministro de Salud se\u00f1al\u00f3 que es una \u00abconsecuencia de su actitud, que lamentablemente no le pasa solo a \u00e9l sino tambi\u00e9n al pueblo brasile\u00f1o. Los pa\u00edses que han tenido la idea de dejar en libertad a todo en nombre de una falsa libertad, la \u00fanica libertad que han tenido es la de contagiarse casi; se les complic\u00f3 la vida, la econom\u00eda de muchas personas. Algo parecido le pas\u00f3 a Estados Unidos\u00bb.<\/p>\n\n\n\n<p>\u00abPor eso, hay que elogiar la actitud de los gobernadores y todas las jurisdicciones de Argentina\u00bb para enfrentar la pandemia, ampli\u00f3.<\/p>\n\n\n\n<p>Asimismo, calific\u00f3 como \u00abuna gran alegr\u00eda\u00bb haber anunciado hoy el control del brote de sarampi\u00f3n que surgi\u00f3 en el pa\u00eds en agosto de 2019.<\/p>\n\n\n\n<p>\u00abTrabajamos muy intensamente con las jurisdicciones que ten\u00edan m\u00e1s casos. Pod\u00edamos perder la categor\u00eda de ser un pa\u00eds libre de sarampi\u00f3n. Compramos millones de vacunas y salimos a vacunar, incluso con una nueva dosis antes de cumplir el a\u00f1o y eso dio resultado y estamos al borde de ser declarados nuevamente pa\u00eds libre de sarampi\u00f3n\u00bb, sostuvo.<\/p>\n","protected":false},"excerpt":{"rendered":"<p>El ministro de Salud, Gin\u00e9s Gonz\u00e1lez Garc\u00eda, consider\u00f3 esta noche que la curva de casos de coronavirus puede empezar a bajar \u00aben dos o tres d\u00edas\u00bb y consider\u00f3 \u00abuna idea descabellada\u00bb separar al AMBA entre Ciudad y Provincia en el marco del aislamiento obligatorio para enfrentar la pandemia. Consultado por el incremento de decesos y&#8230;<\/p>\n","protected":false},"author":2,"featured_media":3716,"comment_status":"open","ping_status":"open","sticky":false,"template":"","format":"standard","meta":{"footnotes":""},"categories":[10],"tags":[],"class_list":["post-3715","post","type-post","status-publish","format-standard","has-post-thumbnail","hentry","category-nacion"],"featured_image_src":"https:\/\/diarioprincipios.com\/wp-content\/uploads\/2020\/07\/gg.jpg","blog_images":{"medium":"https:\/\/diarioprincipios.com\/wp-content\/uploads\/2020\/07\/gg-300x169.jpg","large":"https:\/\/diarioprincipios.com\/wp-content\/uploads\/2020\/07\/gg.jpg"},"ams_acf":[],"yoast_head":"<!-- This site is optimized with the Yoast SEO plugin v27.3 - https:\/\/yoast.com\/product\/yoast-seo-wordpress\/ -->\n<title>Gonz\u00e1lez Garc\u00eda cree que la curva de coronavirus puede empezar a bajar &quot;en dos o tres d\u00edas&quot; - Principios<\/title>\n<meta name=\"robots\" content=\"index, follow, max-snippet:-1, max-image-preview:large, max-video-preview:-1\" \/>\n<link rel=\"canonical\" href=\"https:\/\/diarioprincipios.com\/index.php\/2020\/07\/07\/gonzalez-garcia-cree-que-la-curva-de-coronavirus-puede-empezar-a-bajar-en-dos-o-tres-dias\/\" \/>\n<meta property=\"og:locale\" content=\"es_ES\" \/>\n<meta property=\"og:type\" content=\"article\" \/>\n<meta property=\"og:title\" content=\"Gonz\u00e1lez Garc\u00eda cree que la curva de coronavirus puede empezar a bajar &quot;en dos o tres d\u00edas&quot; - Principios\" \/>\n<meta property=\"og:description\" content=\"El ministro de Salud, Gin\u00e9s Gonz\u00e1lez Garc\u00eda, consider\u00f3 esta noche que la curva de casos de coronavirus puede empezar a bajar \u00aben dos o tres d\u00edas\u00bb y consider\u00f3 \u00abuna idea descabellada\u00bb separar al AMBA entre Ciudad y Provincia en el marco del aislamiento obligatorio para enfrentar la pandemia. Consultado por el incremento de decesos y...\" \/>\n<meta property=\"og:url\" content=\"https:\/\/diarioprincipios.com\/index.php\/2020\/07\/07\/gonzalez-garcia-cree-que-la-curva-de-coronavirus-puede-empezar-a-bajar-en-dos-o-tres-dias\/\" \/>\n<meta property=\"og:site_name\" content=\"Principios\" \/>\n<meta property=\"article:published_time\" content=\"2020-07-08T01:17:31+00:00\" \/>\n<meta property=\"article:modified_time\" content=\"2020-07-08T01:17:35+00:00\" \/>\n<meta property=\"og:image\" content=\"https:\/\/diarioprincipios.com\/wp-content\/uploads\/2020\/07\/gg.jpg\" \/>\n\t<meta property=\"og:image:width\" content=\"1004\" \/>\n\t<meta property=\"og:image:height\" content=\"565\" \/>\n\t<meta property=\"og:image:type\" content=\"image\/jpeg\" \/>\n<meta name=\"author\" content=\"Hern\u00e1n L\u00f3pez\" \/>\n<meta name=\"twitter:card\" content=\"summary_large_image\" \/>\n<meta name=\"twitter:label1\" content=\"Escrito por\" \/>\n\t<meta name=\"twitter:data1\" content=\"Hern\u00e1n L\u00f3pez\" \/>\n\t<meta name=\"twitter:label2\" content=\"Tiempo de lectura\" \/>\n\t<meta name=\"twitter:data2\" content=\"3 minutos\" \/>\n<script type=\"application\/ld+json\" class=\"yoast-schema-graph\">{\"@context\":\"https:\\\/\\\/schema.org\",\"@graph\":[{\"@type\":\"Article\",\"@id\":\"https:\\\/\\\/diarioprincipios.com\\\/index.php\\\/2020\\\/07\\\/07\\\/gonzalez-garcia-cree-que-la-curva-de-coronavirus-puede-empezar-a-bajar-en-dos-o-tres-dias\\\/#article\",\"isPartOf\":{\"@id\":\"https:\\\/\\\/diarioprincipios.com\\\/index.php\\\/2020\\\/07\\\/07\\\/gonzalez-garcia-cree-que-la-curva-de-coronavirus-puede-empezar-a-bajar-en-dos-o-tres-dias\\\/\"},\"author\":{\"name\":\"Hern\u00e1n L\u00f3pez\",\"@id\":\"https:\\\/\\\/diarioprincipios.com\\\/#\\\/schema\\\/person\\\/436d5a1fd41a5e250e23ff5a6a7cb080\"},\"headline\":\"Gonz\u00e1lez Garc\u00eda cree que la curva de coronavirus puede empezar a bajar \u00aben dos o tres d\u00edas\u00bb\",\"datePublished\":\"2020-07-08T01:17:31+00:00\",\"dateModified\":\"2020-07-08T01:17:35+00:00\",\"mainEntityOfPage\":{\"@id\":\"https:\\\/\\\/diarioprincipios.com\\\/index.php\\\/2020\\\/07\\\/07\\\/gonzalez-garcia-cree-que-la-curva-de-coronavirus-puede-empezar-a-bajar-en-dos-o-tres-dias\\\/\"},\"wordCount\":690,\"commentCount\":0,\"publisher\":{\"@id\":\"https:\\\/\\\/diarioprincipios.com\\\/#organization\"},\"image\":{\"@id\":\"https:\\\/\\\/diarioprincipios.com\\\/index.php\\\/2020\\\/07\\\/07\\\/gonzalez-garcia-cree-que-la-curva-de-coronavirus-puede-empezar-a-bajar-en-dos-o-tres-dias\\\/#primaryimage\"},\"thumbnailUrl\":\"https:\\\/\\\/diarioprincipios.com\\\/wp-content\\\/uploads\\\/2020\\\/07\\\/gg.jpg\",\"articleSection\":[\"Naci\u00f3n\"],\"inLanguage\":\"es\",\"potentialAction\":[{\"@type\":\"CommentAction\",\"name\":\"Comment\",\"target\":[\"https:\\\/\\\/diarioprincipios.com\\\/index.php\\\/2020\\\/07\\\/07\\\/gonzalez-garcia-cree-que-la-curva-de-coronavirus-puede-empezar-a-bajar-en-dos-o-tres-dias\\\/#respond\"]}]},{\"@type\":\"WebPage\",\"@id\":\"https:\\\/\\\/diarioprincipios.com\\\/index.php\\\/2020\\\/07\\\/07\\\/gonzalez-garcia-cree-que-la-curva-de-coronavirus-puede-empezar-a-bajar-en-dos-o-tres-dias\\\/\",\"url\":\"https:\\\/\\\/diarioprincipios.com\\\/index.php\\\/2020\\\/07\\\/07\\\/gonzalez-garcia-cree-que-la-curva-de-coronavirus-puede-empezar-a-bajar-en-dos-o-tres-dias\\\/\",\"name\":\"Gonz\u00e1lez Garc\u00eda cree que la curva de coronavirus puede empezar a bajar \\\"en dos o tres d\u00edas\\\" - Principios\",\"isPartOf\":{\"@id\":\"https:\\\/\\\/diarioprincipios.com\\\/#website\"},\"primaryImageOfPage\":{\"@id\":\"https:\\\/\\\/diarioprincipios.com\\\/index.php\\\/2020\\\/07\\\/07\\\/gonzalez-garcia-cree-que-la-curva-de-coronavirus-puede-empezar-a-bajar-en-dos-o-tres-dias\\\/#primaryimage\"},\"image\":{\"@id\":\"https:\\\/\\\/diarioprincipios.com\\\/index.php\\\/2020\\\/07\\\/07\\\/gonzalez-garcia-cree-que-la-curva-de-coronavirus-puede-empezar-a-bajar-en-dos-o-tres-dias\\\/#primaryimage\"},\"thumbnailUrl\":\"https:\\\/\\\/diarioprincipios.com\\\/wp-content\\\/uploads\\\/2020\\\/07\\\/gg.jpg\",\"datePublished\":\"2020-07-08T01:17:31+00:00\",\"dateModified\":\"2020-07-08T01:17:35+00:00\",\"breadcrumb\":{\"@id\":\"https:\\\/\\\/diarioprincipios.com\\\/index.php\\\/2020\\\/07\\\/07\\\/gonzalez-garcia-cree-que-la-curva-de-coronavirus-puede-empezar-a-bajar-en-dos-o-tres-dias\\\/#breadcrumb\"},\"inLanguage\":\"es\",\"potentialAction\":[{\"@type\":\"ReadAction\",\"target\":[\"https:\\\/\\\/diarioprincipios.com\\\/index.php\\\/2020\\\/07\\\/07\\\/gonzalez-garcia-cree-que-la-curva-de-coronavirus-puede-empezar-a-bajar-en-dos-o-tres-dias\\\/\"]}]},{\"@type\":\"ImageObject\",\"inLanguage\":\"es\",\"@id\":\"https:\\\/\\\/diarioprincipios.com\\\/index.php\\\/2020\\\/07\\\/07\\\/gonzalez-garcia-cree-que-la-curva-de-coronavirus-puede-empezar-a-bajar-en-dos-o-tres-dias\\\/#primaryimage\",\"url\":\"https:\\\/\\\/diarioprincipios.com\\\/wp-content\\\/uploads\\\/2020\\\/07\\\/gg.jpg\",\"contentUrl\":\"https:\\\/\\\/diarioprincipios.com\\\/wp-content\\\/uploads\\\/2020\\\/07\\\/gg.jpg\",\"width\":1004,\"height\":565},{\"@type\":\"BreadcrumbList\",\"@id\":\"https:\\\/\\\/diarioprincipios.com\\\/index.php\\\/2020\\\/07\\\/07\\\/gonzalez-garcia-cree-que-la-curva-de-coronavirus-puede-empezar-a-bajar-en-dos-o-tres-dias\\\/#breadcrumb\",\"itemListElement\":[{\"@type\":\"ListItem\",\"position\":1,\"name\":\"Portada\",\"item\":\"https:\\\/\\\/diarioprincipios.com\\\/\"},{\"@type\":\"ListItem\",\"position\":2,\"name\":\"Gonz\u00e1lez Garc\u00eda cree que la curva de coronavirus puede empezar a bajar \u00aben dos o tres d\u00edas\u00bb\"}]},{\"@type\":\"WebSite\",\"@id\":\"https:\\\/\\\/diarioprincipios.com\\\/#website\",\"url\":\"https:\\\/\\\/diarioprincipios.com\\\/\",\"name\":\"Principios\",\"description\":\"Principios Diario\",\"publisher\":{\"@id\":\"https:\\\/\\\/diarioprincipios.com\\\/#organization\"},\"potentialAction\":[{\"@type\":\"SearchAction\",\"target\":{\"@type\":\"EntryPoint\",\"urlTemplate\":\"https:\\\/\\\/diarioprincipios.com\\\/?s={search_term_string}\"},\"query-input\":{\"@type\":\"PropertyValueSpecification\",\"valueRequired\":true,\"valueName\":\"search_term_string\"}}],\"inLanguage\":\"es\"},{\"@type\":\"Organization\",\"@id\":\"https:\\\/\\\/diarioprincipios.com\\\/#organization\",\"name\":\"Principios\",\"url\":\"https:\\\/\\\/diarioprincipios.com\\\/\",\"logo\":{\"@type\":\"ImageObject\",\"inLanguage\":\"es\",\"@id\":\"https:\\\/\\\/diarioprincipios.com\\\/#\\\/schema\\\/logo\\\/image\\\/\",\"url\":\"https:\\\/\\\/diarioprincipios.com\\\/wp-content\\\/uploads\\\/2024\\\/04\\\/cropped-www.diarioprincipios.com_-1.png\",\"contentUrl\":\"https:\\\/\\\/diarioprincipios.com\\\/wp-content\\\/uploads\\\/2024\\\/04\\\/cropped-www.diarioprincipios.com_-1.png\",\"width\":5325,\"height\":1454,\"caption\":\"Principios\"},\"image\":{\"@id\":\"https:\\\/\\\/diarioprincipios.com\\\/#\\\/schema\\\/logo\\\/image\\\/\"}},{\"@type\":\"Person\",\"@id\":\"https:\\\/\\\/diarioprincipios.com\\\/#\\\/schema\\\/person\\\/436d5a1fd41a5e250e23ff5a6a7cb080\",\"name\":\"Hern\u00e1n L\u00f3pez\",\"image\":{\"@type\":\"ImageObject\",\"inLanguage\":\"es\",\"@id\":\"https:\\\/\\\/diarioprincipios.com\\\/wp-content\\\/litespeed\\\/avatar\\\/11ddfe5610ff3bd100522525b2571f48.jpg?ver=1777048341\",\"url\":\"https:\\\/\\\/diarioprincipios.com\\\/wp-content\\\/litespeed\\\/avatar\\\/11ddfe5610ff3bd100522525b2571f48.jpg?ver=1777048341\",\"contentUrl\":\"https:\\\/\\\/diarioprincipios.com\\\/wp-content\\\/litespeed\\\/avatar\\\/11ddfe5610ff3bd100522525b2571f48.jpg?ver=1777048341\",\"caption\":\"Hern\u00e1n L\u00f3pez\"},\"url\":\"https:\\\/\\\/diarioprincipios.com\\\/index.php\\\/author\\\/hernan\\\/\"}]}<\/script>\n<!-- \/ Yoast SEO plugin. -->","yoast_head_json":{"title":"Gonz\u00e1lez Garc\u00eda cree que la curva de coronavirus puede empezar a bajar \"en dos o tres d\u00edas\" - Principios","robots":{"index":"index","follow":"follow","max-snippet":"max-snippet:-1","max-image-preview":"max-image-preview:large","max-video-preview":"max-video-preview:-1"},"canonical":"https:\/\/diarioprincipios.com\/index.php\/2020\/07\/07\/gonzalez-garcia-cree-que-la-curva-de-coronavirus-puede-empezar-a-bajar-en-dos-o-tres-dias\/","og_locale":"es_ES","og_type":"article","og_title":"Gonz\u00e1lez Garc\u00eda cree que la curva de coronavirus puede empezar a bajar \"en dos o tres d\u00edas\" - Principios","og_description":"El ministro de Salud, Gin\u00e9s Gonz\u00e1lez Garc\u00eda, consider\u00f3 esta noche que la curva de casos de coronavirus puede empezar a bajar \u00aben dos o tres d\u00edas\u00bb y consider\u00f3 \u00abuna idea descabellada\u00bb separar al AMBA entre Ciudad y Provincia en el marco del aislamiento obligatorio para enfrentar la pandemia. Consultado por el incremento de decesos y...","og_url":"https:\/\/diarioprincipios.com\/index.php\/2020\/07\/07\/gonzalez-garcia-cree-que-la-curva-de-coronavirus-puede-empezar-a-bajar-en-dos-o-tres-dias\/","og_site_name":"Principios","article_published_time":"2020-07-08T01:17:31+00:00","article_modified_time":"2020-07-08T01:17:35+00:00","og_image":[{"width":1004,"height":565,"url":"https:\/\/diarioprincipios.com\/wp-content\/uploads\/2020\/07\/gg.jpg","type":"image\/jpeg"}],"author":"Hern\u00e1n L\u00f3pez","twitter_card":"summary_large_image","twitter_misc":{"Escrito por":"Hern\u00e1n L\u00f3pez","Tiempo de lectura":"3 minutos"},"schema":{"@context":"https:\/\/schema.org","@graph":[{"@type":"Article","@id":"https:\/\/diarioprincipios.com\/index.php\/2020\/07\/07\/gonzalez-garcia-cree-que-la-curva-de-coronavirus-puede-empezar-a-bajar-en-dos-o-tres-dias\/#article","isPartOf":{"@id":"https:\/\/diarioprincipios.com\/index.php\/2020\/07\/07\/gonzalez-garcia-cree-que-la-curva-de-coronavirus-puede-empezar-a-bajar-en-dos-o-tres-dias\/"},"author":{"name":"Hern\u00e1n L\u00f3pez","@id":"https:\/\/diarioprincipios.com\/#\/schema\/person\/436d5a1fd41a5e250e23ff5a6a7cb080"},"headline":"Gonz\u00e1lez Garc\u00eda cree que la curva de coronavirus puede empezar a bajar \u00aben dos o tres d\u00edas\u00bb","datePublished":"2020-07-08T01:17:31+00:00","dateModified":"2020-07-08T01:17:35+00:00","mainEntityOfPage":{"@id":"https:\/\/diarioprincipios.com\/index.php\/2020\/07\/07\/gonzalez-garcia-cree-que-la-curva-de-coronavirus-puede-empezar-a-bajar-en-dos-o-tres-dias\/"},"wordCount":690,"commentCount":0,"publisher":{"@id":"https:\/\/diarioprincipios.com\/#organization"},"image":{"@id":"https:\/\/diarioprincipios.com\/index.php\/2020\/07\/07\/gonzalez-garcia-cree-que-la-curva-de-coronavirus-puede-empezar-a-bajar-en-dos-o-tres-dias\/#primaryimage"},"thumbnailUrl":"https:\/\/diarioprincipios.com\/wp-content\/uploads\/2020\/07\/gg.jpg","articleSection":["Naci\u00f3n"],"inLanguage":"es","potentialAction":[{"@type":"CommentAction","name":"Comment","target":["https:\/\/diarioprincipios.com\/index.php\/2020\/07\/07\/gonzalez-garcia-cree-que-la-curva-de-coronavirus-puede-empezar-a-bajar-en-dos-o-tres-dias\/#respond"]}]},{"@type":"WebPage","@id":"https:\/\/diarioprincipios.com\/index.php\/2020\/07\/07\/gonzalez-garcia-cree-que-la-curva-de-coronavirus-puede-empezar-a-bajar-en-dos-o-tres-dias\/","url":"https:\/\/diarioprincipios.com\/index.php\/2020\/07\/07\/gonzalez-garcia-cree-que-la-curva-de-coronavirus-puede-empezar-a-bajar-en-dos-o-tres-dias\/","name":"Gonz\u00e1lez Garc\u00eda cree que la curva de coronavirus puede empezar a bajar \"en dos o tres d\u00edas\" - Principios","isPartOf":{"@id":"https:\/\/diarioprincipios.com\/#website"},"primaryImageOfPage":{"@id":"https:\/\/diarioprincipios.com\/index.php\/2020\/07\/07\/gonzalez-garcia-cree-que-la-curva-de-coronavirus-puede-empezar-a-bajar-en-dos-o-tres-dias\/#primaryimage"},"image":{"@id":"https:\/\/diarioprincipios.com\/index.php\/2020\/07\/07\/gonzalez-garcia-cree-que-la-curva-de-coronavirus-puede-empezar-a-bajar-en-dos-o-tres-dias\/#primaryimage"},"thumbnailUrl":"https:\/\/diarioprincipios.com\/wp-content\/uploads\/2020\/07\/gg.jpg","datePublished":"2020-07-08T01:17:31+00:00","dateModified":"2020-07-08T01:17:35+00:00","breadcrumb":{"@id":"https:\/\/diarioprincipios.com\/index.php\/2020\/07\/07\/gonzalez-garcia-cree-que-la-curva-de-coronavirus-puede-empezar-a-bajar-en-dos-o-tres-dias\/#breadcrumb"},"inLanguage":"es","potentialAction":[{"@type":"ReadAction","target":["https:\/\/diarioprincipios.com\/index.php\/2020\/07\/07\/gonzalez-garcia-cree-que-la-curva-de-coronavirus-puede-empezar-a-bajar-en-dos-o-tres-dias\/"]}]},{"@type":"ImageObject","inLanguage":"es","@id":"https:\/\/diarioprincipios.com\/index.php\/2020\/07\/07\/gonzalez-garcia-cree-que-la-curva-de-coronavirus-puede-empezar-a-bajar-en-dos-o-tres-dias\/#primaryimage","url":"https:\/\/diarioprincipios.com\/wp-content\/uploads\/2020\/07\/gg.jpg","contentUrl":"https:\/\/diarioprincipios.com\/wp-content\/uploads\/2020\/07\/gg.jpg","width":1004,"height":565},{"@type":"BreadcrumbList","@id":"https:\/\/diarioprincipios.com\/index.php\/2020\/07\/07\/gonzalez-garcia-cree-que-la-curva-de-coronavirus-puede-empezar-a-bajar-en-dos-o-tres-dias\/#breadcrumb","itemListElement":[{"@type":"ListItem","position":1,"name":"Portada","item":"https:\/\/diarioprincipios.com\/"},{"@type":"ListItem","position":2,"name":"Gonz\u00e1lez Garc\u00eda cree que la curva de coronavirus puede empezar a bajar \u00aben dos o tres d\u00edas\u00bb"}]},{"@type":"WebSite","@id":"https:\/\/diarioprincipios.com\/#website","url":"https:\/\/diarioprincipios.com\/","name":"Principios","description":"Principios Diario","publisher":{"@id":"https:\/\/diarioprincipios.com\/#organization"},"potentialAction":[{"@type":"SearchAction","target":{"@type":"EntryPoint","urlTemplate":"https:\/\/diarioprincipios.com\/?s={search_term_string}"},"query-input":{"@type":"PropertyValueSpecification","valueRequired":true,"valueName":"search_term_string"}}],"inLanguage":"es"},{"@type":"Organization","@id":"https:\/\/diarioprincipios.com\/#organization","name":"Principios","url":"https:\/\/diarioprincipios.com\/","logo":{"@type":"ImageObject","inLanguage":"es","@id":"https:\/\/diarioprincipios.com\/#\/schema\/logo\/image\/","url":"https:\/\/diarioprincipios.com\/wp-content\/uploads\/2024\/04\/cropped-www.diarioprincipios.com_-1.png","contentUrl":"https:\/\/diarioprincipios.com\/wp-content\/uploads\/2024\/04\/cropped-www.diarioprincipios.com_-1.png","width":5325,"height":1454,"caption":"Principios"},"image":{"@id":"https:\/\/diarioprincipios.com\/#\/schema\/logo\/image\/"}},{"@type":"Person","@id":"https:\/\/diarioprincipios.com\/#\/schema\/person\/436d5a1fd41a5e250e23ff5a6a7cb080","name":"Hern\u00e1n L\u00f3pez","image":{"@type":"ImageObject","inLanguage":"es","@id":"https:\/\/diarioprincipios.com\/wp-content\/litespeed\/avatar\/11ddfe5610ff3bd100522525b2571f48.jpg?ver=1777048341","url":"https:\/\/diarioprincipios.com\/wp-content\/litespeed\/avatar\/11ddfe5610ff3bd100522525b2571f48.jpg?ver=1777048341","contentUrl":"https:\/\/diarioprincipios.com\/wp-content\/litespeed\/avatar\/11ddfe5610ff3bd100522525b2571f48.jpg?ver=1777048341","caption":"Hern\u00e1n L\u00f3pez"},"url":"https:\/\/diarioprincipios.com\/index.php\/author\/hernan\/"}]}},"jetpack_featured_media_url":"https:\/\/diarioprincipios.com\/wp-content\/uploads\/2020\/07\/gg.jpg","_links":{"self":[{"href":"https:\/\/diarioprincipios.com\/index.php\/wp-json\/wp\/v2\/posts\/3715","targetHints":{"allow":["GET"]}}],"collection":[{"href":"https:\/\/diarioprincipios.com\/index.php\/wp-json\/wp\/v2\/posts"}],"about":[{"href":"https:\/\/diarioprincipios.com\/index.php\/wp-json\/wp\/v2\/types\/post"}],"author":[{"embeddable":true,"href":"https:\/\/diarioprincipios.com\/index.php\/wp-json\/wp\/v2\/users\/2"}],"replies":[{"embeddable":true,"href":"https:\/\/diarioprincipios.com\/index.php\/wp-json\/wp\/v2\/comments?post=3715"}],"version-history":[{"count":1,"href":"https:\/\/diarioprincipios.com\/index.php\/wp-json\/wp\/v2\/posts\/3715\/revisions"}],"predecessor-version":[{"id":3717,"href":"https:\/\/diarioprincipios.com\/index.php\/wp-json\/wp\/v2\/posts\/3715\/revisions\/3717"}],"wp:featuredmedia":[{"embeddable":true,"href":"https:\/\/diarioprincipios.com\/index.php\/wp-json\/wp\/v2\/media\/3716"}],"wp:attachment":[{"href":"https:\/\/diarioprincipios.com\/index.php\/wp-json\/wp\/v2\/media?parent=3715"}],"wp:term":[{"taxonomy":"category","embeddable":true,"href":"https:\/\/diarioprincipios.com\/index.php\/wp-json\/wp\/v2\/categories?post=3715"},{"taxonomy":"post_tag","embeddable":true,"href":"https:\/\/diarioprincipios.com\/index.php\/wp-json\/wp\/v2\/tags?post=3715"}],"curies":[{"name":"wp","href":"https:\/\/api.w.org\/{rel}","templated":true}]}}