{"id":3710,"date":"2020-07-07T17:20:05","date_gmt":"2020-07-07T20:20:05","guid":{"rendered":"http:\/\/diarioprincipios.com\/?p=3710"},"modified":"2020-07-07T17:20:09","modified_gmt":"2020-07-07T20:20:09","slug":"ramales-bosques-via-quilmes-y-alejandro-korn-del-roca-prestaran-servicio-limitado-desde-el-jueves","status":"publish","type":"post","link":"https:\/\/diarioprincipios.com\/index.php\/2020\/07\/07\/ramales-bosques-via-quilmes-y-alejandro-korn-del-roca-prestaran-servicio-limitado-desde-el-jueves\/","title":{"rendered":"Ramales Bosques v\u00eda Quilmes y Alejandro Korn del Roca prestar\u00e1n servicio limitado desde el jueves"},"content":{"rendered":"\n<p>Los ramales hacia Bosques v\u00eda Quilmes y Alejandro Korn del ferrocarril Roca prestar\u00e1n servicio limitado a partir del jueves pr\u00f3ximo por obras de mejoramiento de v\u00edas en ambos sectores, inform\u00f3 la operadora ferroviaria estatal Trenes Argentinos.<\/p>\n\n\n\n<p>El ramal Bosques v\u00eda Quilmes circular\u00e1 solamente entre las estaciones Constituci\u00f3n y Berazategui, desde el jueves 9 y hasta el 19 de julio inclusive, ya que se efectuar\u00e1n trabajos de renovaci\u00f3n de v\u00edas y de topograf\u00eda y adem\u00e1s se realizar\u00e1n desag\u00fces en el tramo comprendido entre Empalme Berazategui y Bosques.<\/p>\n\n\n\n<p>Esta situaci\u00f3n afectar\u00e1, mientras dure la obra, la circulaci\u00f3n en las estaciones Villa Espa\u00f1a, Ranelagh y Sourigues y la obra implica adem\u00e1s que los servicios Bosques V\u00eda Temperley tampoco podr\u00e1n completar el circuito Constituci\u00f3n-Bosques-Constituci\u00f3n y \u00fanicamente llegar\u00e1n a Bosques.<\/p>\n\n\n\n<p>Al mismo tiempo, los servicios que unen la terminal porte\u00f1a y Alejandro Korn circular\u00e1n limitados entre Constituci\u00f3n y Burzaco desde el jueves 9 y hasta el domingo 12 de julio, inclusive, para realizar tareas de reemplazo de durmientes y rieles, alineaci\u00f3n y nivelaci\u00f3n de v\u00edas, agregado de piedra balasto, entre otras.<\/p>\n\n\n\n<p>Por esta raz\u00f3n se ver\u00e1 afectada la circulaci\u00f3n de trenes durante este fin de semana en las estaciones de Longchamps, Glew, Guernica y Alejandro Korn.<\/p>\n\n\n\n<p>La ejecuci\u00f3n de ambos trabajos requerir\u00e1 el corte de energ\u00eda y la utilizaci\u00f3n de maquinaria pesada sobre las v\u00edas, por lo que se hace imposible la circulaci\u00f3n de servicios de pasajeros mientras se desarrollen las tareas.<\/p>\n\n\n\n<p>Las obras se desarrollar\u00e1n en estas fechas para afectar a la menor cantidad de trabajadores y trabajadoras esenciales, considerando el fin de semana largo del 9 y 10 de julio y la vigencia del Aislamiento Social, Preventivo y Obligatorio (ASPO).<\/p>\n\n\n\n<p>Ante cualquier duda o consulta el pasajero puede comunicarse con el 0800-222-TREN (8736) o ingresa en www.argentina.gob.ar\/transporte\/trenes-argentinos.<\/p>\n","protected":false},"excerpt":{"rendered":"<p>Los ramales hacia Bosques v\u00eda Quilmes y Alejandro Korn del ferrocarril Roca prestar\u00e1n servicio limitado a partir del jueves pr\u00f3ximo por obras de mejoramiento de v\u00edas en ambos sectores, inform\u00f3 la operadora ferroviaria estatal Trenes Argentinos. El ramal Bosques v\u00eda Quilmes circular\u00e1 solamente entre las estaciones Constituci\u00f3n y Berazategui, desde el jueves 9 y hasta&#8230;<\/p>\n","protected":false},"author":2,"featured_media":3711,"comment_status":"open","ping_status":"open","sticky":false,"template":"","format":"standard","meta":{"footnotes":""},"categories":[7],"tags":[],"class_list":["post-3710","post","type-post","status-publish","format-standard","has-post-thumbnail","hentry","category-provincia"],"featured_image_src":"https:\/\/diarioprincipios.com\/wp-content\/uploads\/2020\/07\/86916_3.jpg","blog_images":{"medium":"https:\/\/diarioprincipios.com\/wp-content\/uploads\/2020\/07\/86916_3-300x200.jpg","large":"https:\/\/diarioprincipios.com\/wp-content\/uploads\/2020\/07\/86916_3.jpg"},"ams_acf":[],"yoast_head":"<!-- This site is optimized with the Yoast SEO plugin v27.3 - https:\/\/yoast.com\/product\/yoast-seo-wordpress\/ -->\n<title>Ramales Bosques v\u00eda Quilmes y Alejandro Korn del Roca prestar\u00e1n servicio limitado desde el jueves - Principios<\/title>\n<meta name=\"robots\" content=\"index, follow, max-snippet:-1, max-image-preview:large, max-video-preview:-1\" \/>\n<link rel=\"canonical\" href=\"https:\/\/diarioprincipios.com\/index.php\/2020\/07\/07\/ramales-bosques-via-quilmes-y-alejandro-korn-del-roca-prestaran-servicio-limitado-desde-el-jueves\/\" \/>\n<meta property=\"og:locale\" content=\"es_ES\" \/>\n<meta property=\"og:type\" content=\"article\" \/>\n<meta property=\"og:title\" content=\"Ramales Bosques v\u00eda Quilmes y Alejandro Korn del Roca prestar\u00e1n servicio limitado desde el jueves - Principios\" \/>\n<meta property=\"og:description\" content=\"Los ramales hacia Bosques v\u00eda Quilmes y Alejandro Korn del ferrocarril Roca prestar\u00e1n servicio limitado a partir del jueves pr\u00f3ximo por obras de mejoramiento de v\u00edas en ambos sectores, inform\u00f3 la operadora ferroviaria estatal Trenes Argentinos. El ramal Bosques v\u00eda Quilmes circular\u00e1 solamente entre las estaciones Constituci\u00f3n y Berazategui, desde el jueves 9 y hasta...\" \/>\n<meta property=\"og:url\" content=\"https:\/\/diarioprincipios.com\/index.php\/2020\/07\/07\/ramales-bosques-via-quilmes-y-alejandro-korn-del-roca-prestaran-servicio-limitado-desde-el-jueves\/\" \/>\n<meta property=\"og:site_name\" content=\"Principios\" \/>\n<meta property=\"article:published_time\" content=\"2020-07-07T20:20:05+00:00\" \/>\n<meta property=\"article:modified_time\" content=\"2020-07-07T20:20:09+00:00\" \/>\n<meta property=\"og:image\" content=\"https:\/\/diarioprincipios.com\/wp-content\/uploads\/2020\/07\/86916_3.jpg\" \/>\n\t<meta property=\"og:image:width\" content=\"862\" \/>\n\t<meta property=\"og:image:height\" content=\"574\" \/>\n\t<meta property=\"og:image:type\" content=\"image\/jpeg\" \/>\n<meta name=\"author\" content=\"Hern\u00e1n L\u00f3pez\" \/>\n<meta name=\"twitter:card\" content=\"summary_large_image\" \/>\n<meta name=\"twitter:label1\" content=\"Escrito por\" \/>\n\t<meta name=\"twitter:data1\" content=\"Hern\u00e1n L\u00f3pez\" \/>\n\t<meta name=\"twitter:label2\" content=\"Tiempo de lectura\" \/>\n\t<meta name=\"twitter:data2\" content=\"2 minutos\" \/>\n<script type=\"application\/ld+json\" class=\"yoast-schema-graph\">{\"@context\":\"https:\\\/\\\/schema.org\",\"@graph\":[{\"@type\":\"Article\",\"@id\":\"https:\\\/\\\/diarioprincipios.com\\\/index.php\\\/2020\\\/07\\\/07\\\/ramales-bosques-via-quilmes-y-alejandro-korn-del-roca-prestaran-servicio-limitado-desde-el-jueves\\\/#article\",\"isPartOf\":{\"@id\":\"https:\\\/\\\/diarioprincipios.com\\\/index.php\\\/2020\\\/07\\\/07\\\/ramales-bosques-via-quilmes-y-alejandro-korn-del-roca-prestaran-servicio-limitado-desde-el-jueves\\\/\"},\"author\":{\"name\":\"Hern\u00e1n L\u00f3pez\",\"@id\":\"https:\\\/\\\/diarioprincipios.com\\\/#\\\/schema\\\/person\\\/436d5a1fd41a5e250e23ff5a6a7cb080\"},\"headline\":\"Ramales Bosques v\u00eda Quilmes y Alejandro Korn del Roca prestar\u00e1n servicio limitado desde el jueves\",\"datePublished\":\"2020-07-07T20:20:05+00:00\",\"dateModified\":\"2020-07-07T20:20:09+00:00\",\"mainEntityOfPage\":{\"@id\":\"https:\\\/\\\/diarioprincipios.com\\\/index.php\\\/2020\\\/07\\\/07\\\/ramales-bosques-via-quilmes-y-alejandro-korn-del-roca-prestaran-servicio-limitado-desde-el-jueves\\\/\"},\"wordCount\":346,\"commentCount\":0,\"publisher\":{\"@id\":\"https:\\\/\\\/diarioprincipios.com\\\/#organization\"},\"image\":{\"@id\":\"https:\\\/\\\/diarioprincipios.com\\\/index.php\\\/2020\\\/07\\\/07\\\/ramales-bosques-via-quilmes-y-alejandro-korn-del-roca-prestaran-servicio-limitado-desde-el-jueves\\\/#primaryimage\"},\"thumbnailUrl\":\"https:\\\/\\\/diarioprincipios.com\\\/wp-content\\\/uploads\\\/2020\\\/07\\\/86916_3.jpg\",\"articleSection\":[\"Provincia\"],\"inLanguage\":\"es\",\"potentialAction\":[{\"@type\":\"CommentAction\",\"name\":\"Comment\",\"target\":[\"https:\\\/\\\/diarioprincipios.com\\\/index.php\\\/2020\\\/07\\\/07\\\/ramales-bosques-via-quilmes-y-alejandro-korn-del-roca-prestaran-servicio-limitado-desde-el-jueves\\\/#respond\"]}]},{\"@type\":\"WebPage\",\"@id\":\"https:\\\/\\\/diarioprincipios.com\\\/index.php\\\/2020\\\/07\\\/07\\\/ramales-bosques-via-quilmes-y-alejandro-korn-del-roca-prestaran-servicio-limitado-desde-el-jueves\\\/\",\"url\":\"https:\\\/\\\/diarioprincipios.com\\\/index.php\\\/2020\\\/07\\\/07\\\/ramales-bosques-via-quilmes-y-alejandro-korn-del-roca-prestaran-servicio-limitado-desde-el-jueves\\\/\",\"name\":\"Ramales Bosques v\u00eda Quilmes y Alejandro Korn del Roca prestar\u00e1n servicio limitado desde el jueves - Principios\",\"isPartOf\":{\"@id\":\"https:\\\/\\\/diarioprincipios.com\\\/#website\"},\"primaryImageOfPage\":{\"@id\":\"https:\\\/\\\/diarioprincipios.com\\\/index.php\\\/2020\\\/07\\\/07\\\/ramales-bosques-via-quilmes-y-alejandro-korn-del-roca-prestaran-servicio-limitado-desde-el-jueves\\\/#primaryimage\"},\"image\":{\"@id\":\"https:\\\/\\\/diarioprincipios.com\\\/index.php\\\/2020\\\/07\\\/07\\\/ramales-bosques-via-quilmes-y-alejandro-korn-del-roca-prestaran-servicio-limitado-desde-el-jueves\\\/#primaryimage\"},\"thumbnailUrl\":\"https:\\\/\\\/diarioprincipios.com\\\/wp-content\\\/uploads\\\/2020\\\/07\\\/86916_3.jpg\",\"datePublished\":\"2020-07-07T20:20:05+00:00\",\"dateModified\":\"2020-07-07T20:20:09+00:00\",\"breadcrumb\":{\"@id\":\"https:\\\/\\\/diarioprincipios.com\\\/index.php\\\/2020\\\/07\\\/07\\\/ramales-bosques-via-quilmes-y-alejandro-korn-del-roca-prestaran-servicio-limitado-desde-el-jueves\\\/#breadcrumb\"},\"inLanguage\":\"es\",\"potentialAction\":[{\"@type\":\"ReadAction\",\"target\":[\"https:\\\/\\\/diarioprincipios.com\\\/index.php\\\/2020\\\/07\\\/07\\\/ramales-bosques-via-quilmes-y-alejandro-korn-del-roca-prestaran-servicio-limitado-desde-el-jueves\\\/\"]}]},{\"@type\":\"ImageObject\",\"inLanguage\":\"es\",\"@id\":\"https:\\\/\\\/diarioprincipios.com\\\/index.php\\\/2020\\\/07\\\/07\\\/ramales-bosques-via-quilmes-y-alejandro-korn-del-roca-prestaran-servicio-limitado-desde-el-jueves\\\/#primaryimage\",\"url\":\"https:\\\/\\\/diarioprincipios.com\\\/wp-content\\\/uploads\\\/2020\\\/07\\\/86916_3.jpg\",\"contentUrl\":\"https:\\\/\\\/diarioprincipios.com\\\/wp-content\\\/uploads\\\/2020\\\/07\\\/86916_3.jpg\",\"width\":862,\"height\":574},{\"@type\":\"BreadcrumbList\",\"@id\":\"https:\\\/\\\/diarioprincipios.com\\\/index.php\\\/2020\\\/07\\\/07\\\/ramales-bosques-via-quilmes-y-alejandro-korn-del-roca-prestaran-servicio-limitado-desde-el-jueves\\\/#breadcrumb\",\"itemListElement\":[{\"@type\":\"ListItem\",\"position\":1,\"name\":\"Portada\",\"item\":\"https:\\\/\\\/diarioprincipios.com\\\/\"},{\"@type\":\"ListItem\",\"position\":2,\"name\":\"Ramales Bosques v\u00eda Quilmes y Alejandro Korn del Roca prestar\u00e1n servicio limitado desde el jueves\"}]},{\"@type\":\"WebSite\",\"@id\":\"https:\\\/\\\/diarioprincipios.com\\\/#website\",\"url\":\"https:\\\/\\\/diarioprincipios.com\\\/\",\"name\":\"Principios\",\"description\":\"Principios Diario\",\"publisher\":{\"@id\":\"https:\\\/\\\/diarioprincipios.com\\\/#organization\"},\"potentialAction\":[{\"@type\":\"SearchAction\",\"target\":{\"@type\":\"EntryPoint\",\"urlTemplate\":\"https:\\\/\\\/diarioprincipios.com\\\/?s={search_term_string}\"},\"query-input\":{\"@type\":\"PropertyValueSpecification\",\"valueRequired\":true,\"valueName\":\"search_term_string\"}}],\"inLanguage\":\"es\"},{\"@type\":\"Organization\",\"@id\":\"https:\\\/\\\/diarioprincipios.com\\\/#organization\",\"name\":\"Principios\",\"url\":\"https:\\\/\\\/diarioprincipios.com\\\/\",\"logo\":{\"@type\":\"ImageObject\",\"inLanguage\":\"es\",\"@id\":\"https:\\\/\\\/diarioprincipios.com\\\/#\\\/schema\\\/logo\\\/image\\\/\",\"url\":\"https:\\\/\\\/diarioprincipios.com\\\/wp-content\\\/uploads\\\/2024\\\/04\\\/cropped-www.diarioprincipios.com_-1.png\",\"contentUrl\":\"https:\\\/\\\/diarioprincipios.com\\\/wp-content\\\/uploads\\\/2024\\\/04\\\/cropped-www.diarioprincipios.com_-1.png\",\"width\":5325,\"height\":1454,\"caption\":\"Principios\"},\"image\":{\"@id\":\"https:\\\/\\\/diarioprincipios.com\\\/#\\\/schema\\\/logo\\\/image\\\/\"}},{\"@type\":\"Person\",\"@id\":\"https:\\\/\\\/diarioprincipios.com\\\/#\\\/schema\\\/person\\\/436d5a1fd41a5e250e23ff5a6a7cb080\",\"name\":\"Hern\u00e1n L\u00f3pez\",\"image\":{\"@type\":\"ImageObject\",\"inLanguage\":\"es\",\"@id\":\"https:\\\/\\\/diarioprincipios.com\\\/wp-content\\\/litespeed\\\/avatar\\\/11ddfe5610ff3bd100522525b2571f48.jpg?ver=1777048341\",\"url\":\"https:\\\/\\\/diarioprincipios.com\\\/wp-content\\\/litespeed\\\/avatar\\\/11ddfe5610ff3bd100522525b2571f48.jpg?ver=1777048341\",\"contentUrl\":\"https:\\\/\\\/diarioprincipios.com\\\/wp-content\\\/litespeed\\\/avatar\\\/11ddfe5610ff3bd100522525b2571f48.jpg?ver=1777048341\",\"caption\":\"Hern\u00e1n L\u00f3pez\"},\"url\":\"https:\\\/\\\/diarioprincipios.com\\\/index.php\\\/author\\\/hernan\\\/\"}]}<\/script>\n<!-- \/ Yoast SEO plugin. -->","yoast_head_json":{"title":"Ramales Bosques v\u00eda Quilmes y Alejandro Korn del Roca prestar\u00e1n servicio limitado desde el jueves - Principios","robots":{"index":"index","follow":"follow","max-snippet":"max-snippet:-1","max-image-preview":"max-image-preview:large","max-video-preview":"max-video-preview:-1"},"canonical":"https:\/\/diarioprincipios.com\/index.php\/2020\/07\/07\/ramales-bosques-via-quilmes-y-alejandro-korn-del-roca-prestaran-servicio-limitado-desde-el-jueves\/","og_locale":"es_ES","og_type":"article","og_title":"Ramales Bosques v\u00eda Quilmes y Alejandro Korn del Roca prestar\u00e1n servicio limitado desde el jueves - Principios","og_description":"Los ramales hacia Bosques v\u00eda Quilmes y Alejandro Korn del ferrocarril Roca prestar\u00e1n servicio limitado a partir del jueves pr\u00f3ximo por obras de mejoramiento de v\u00edas en ambos sectores, inform\u00f3 la operadora ferroviaria estatal Trenes Argentinos. El ramal Bosques v\u00eda Quilmes circular\u00e1 solamente entre las estaciones Constituci\u00f3n y Berazategui, desde el jueves 9 y hasta...","og_url":"https:\/\/diarioprincipios.com\/index.php\/2020\/07\/07\/ramales-bosques-via-quilmes-y-alejandro-korn-del-roca-prestaran-servicio-limitado-desde-el-jueves\/","og_site_name":"Principios","article_published_time":"2020-07-07T20:20:05+00:00","article_modified_time":"2020-07-07T20:20:09+00:00","og_image":[{"width":862,"height":574,"url":"https:\/\/diarioprincipios.com\/wp-content\/uploads\/2020\/07\/86916_3.jpg","type":"image\/jpeg"}],"author":"Hern\u00e1n L\u00f3pez","twitter_card":"summary_large_image","twitter_misc":{"Escrito por":"Hern\u00e1n L\u00f3pez","Tiempo de lectura":"2 minutos"},"schema":{"@context":"https:\/\/schema.org","@graph":[{"@type":"Article","@id":"https:\/\/diarioprincipios.com\/index.php\/2020\/07\/07\/ramales-bosques-via-quilmes-y-alejandro-korn-del-roca-prestaran-servicio-limitado-desde-el-jueves\/#article","isPartOf":{"@id":"https:\/\/diarioprincipios.com\/index.php\/2020\/07\/07\/ramales-bosques-via-quilmes-y-alejandro-korn-del-roca-prestaran-servicio-limitado-desde-el-jueves\/"},"author":{"name":"Hern\u00e1n L\u00f3pez","@id":"https:\/\/diarioprincipios.com\/#\/schema\/person\/436d5a1fd41a5e250e23ff5a6a7cb080"},"headline":"Ramales Bosques v\u00eda Quilmes y Alejandro Korn del Roca prestar\u00e1n servicio limitado desde el jueves","datePublished":"2020-07-07T20:20:05+00:00","dateModified":"2020-07-07T20:20:09+00:00","mainEntityOfPage":{"@id":"https:\/\/diarioprincipios.com\/index.php\/2020\/07\/07\/ramales-bosques-via-quilmes-y-alejandro-korn-del-roca-prestaran-servicio-limitado-desde-el-jueves\/"},"wordCount":346,"commentCount":0,"publisher":{"@id":"https:\/\/diarioprincipios.com\/#organization"},"image":{"@id":"https:\/\/diarioprincipios.com\/index.php\/2020\/07\/07\/ramales-bosques-via-quilmes-y-alejandro-korn-del-roca-prestaran-servicio-limitado-desde-el-jueves\/#primaryimage"},"thumbnailUrl":"https:\/\/diarioprincipios.com\/wp-content\/uploads\/2020\/07\/86916_3.jpg","articleSection":["Provincia"],"inLanguage":"es","potentialAction":[{"@type":"CommentAction","name":"Comment","target":["https:\/\/diarioprincipios.com\/index.php\/2020\/07\/07\/ramales-bosques-via-quilmes-y-alejandro-korn-del-roca-prestaran-servicio-limitado-desde-el-jueves\/#respond"]}]},{"@type":"WebPage","@id":"https:\/\/diarioprincipios.com\/index.php\/2020\/07\/07\/ramales-bosques-via-quilmes-y-alejandro-korn-del-roca-prestaran-servicio-limitado-desde-el-jueves\/","url":"https:\/\/diarioprincipios.com\/index.php\/2020\/07\/07\/ramales-bosques-via-quilmes-y-alejandro-korn-del-roca-prestaran-servicio-limitado-desde-el-jueves\/","name":"Ramales Bosques v\u00eda Quilmes y Alejandro Korn del Roca prestar\u00e1n servicio limitado desde el jueves - Principios","isPartOf":{"@id":"https:\/\/diarioprincipios.com\/#website"},"primaryImageOfPage":{"@id":"https:\/\/diarioprincipios.com\/index.php\/2020\/07\/07\/ramales-bosques-via-quilmes-y-alejandro-korn-del-roca-prestaran-servicio-limitado-desde-el-jueves\/#primaryimage"},"image":{"@id":"https:\/\/diarioprincipios.com\/index.php\/2020\/07\/07\/ramales-bosques-via-quilmes-y-alejandro-korn-del-roca-prestaran-servicio-limitado-desde-el-jueves\/#primaryimage"},"thumbnailUrl":"https:\/\/diarioprincipios.com\/wp-content\/uploads\/2020\/07\/86916_3.jpg","datePublished":"2020-07-07T20:20:05+00:00","dateModified":"2020-07-07T20:20:09+00:00","breadcrumb":{"@id":"https:\/\/diarioprincipios.com\/index.php\/2020\/07\/07\/ramales-bosques-via-quilmes-y-alejandro-korn-del-roca-prestaran-servicio-limitado-desde-el-jueves\/#breadcrumb"},"inLanguage":"es","potentialAction":[{"@type":"ReadAction","target":["https:\/\/diarioprincipios.com\/index.php\/2020\/07\/07\/ramales-bosques-via-quilmes-y-alejandro-korn-del-roca-prestaran-servicio-limitado-desde-el-jueves\/"]}]},{"@type":"ImageObject","inLanguage":"es","@id":"https:\/\/diarioprincipios.com\/index.php\/2020\/07\/07\/ramales-bosques-via-quilmes-y-alejandro-korn-del-roca-prestaran-servicio-limitado-desde-el-jueves\/#primaryimage","url":"https:\/\/diarioprincipios.com\/wp-content\/uploads\/2020\/07\/86916_3.jpg","contentUrl":"https:\/\/diarioprincipios.com\/wp-content\/uploads\/2020\/07\/86916_3.jpg","width":862,"height":574},{"@type":"BreadcrumbList","@id":"https:\/\/diarioprincipios.com\/index.php\/2020\/07\/07\/ramales-bosques-via-quilmes-y-alejandro-korn-del-roca-prestaran-servicio-limitado-desde-el-jueves\/#breadcrumb","itemListElement":[{"@type":"ListItem","position":1,"name":"Portada","item":"https:\/\/diarioprincipios.com\/"},{"@type":"ListItem","position":2,"name":"Ramales Bosques v\u00eda Quilmes y Alejandro Korn del Roca prestar\u00e1n servicio limitado desde el jueves"}]},{"@type":"WebSite","@id":"https:\/\/diarioprincipios.com\/#website","url":"https:\/\/diarioprincipios.com\/","name":"Principios","description":"Principios Diario","publisher":{"@id":"https:\/\/diarioprincipios.com\/#organization"},"potentialAction":[{"@type":"SearchAction","target":{"@type":"EntryPoint","urlTemplate":"https:\/\/diarioprincipios.com\/?s={search_term_string}"},"query-input":{"@type":"PropertyValueSpecification","valueRequired":true,"valueName":"search_term_string"}}],"inLanguage":"es"},{"@type":"Organization","@id":"https:\/\/diarioprincipios.com\/#organization","name":"Principios","url":"https:\/\/diarioprincipios.com\/","logo":{"@type":"ImageObject","inLanguage":"es","@id":"https:\/\/diarioprincipios.com\/#\/schema\/logo\/image\/","url":"https:\/\/diarioprincipios.com\/wp-content\/uploads\/2024\/04\/cropped-www.diarioprincipios.com_-1.png","contentUrl":"https:\/\/diarioprincipios.com\/wp-content\/uploads\/2024\/04\/cropped-www.diarioprincipios.com_-1.png","width":5325,"height":1454,"caption":"Principios"},"image":{"@id":"https:\/\/diarioprincipios.com\/#\/schema\/logo\/image\/"}},{"@type":"Person","@id":"https:\/\/diarioprincipios.com\/#\/schema\/person\/436d5a1fd41a5e250e23ff5a6a7cb080","name":"Hern\u00e1n L\u00f3pez","image":{"@type":"ImageObject","inLanguage":"es","@id":"https:\/\/diarioprincipios.com\/wp-content\/litespeed\/avatar\/11ddfe5610ff3bd100522525b2571f48.jpg?ver=1777048341","url":"https:\/\/diarioprincipios.com\/wp-content\/litespeed\/avatar\/11ddfe5610ff3bd100522525b2571f48.jpg?ver=1777048341","contentUrl":"https:\/\/diarioprincipios.com\/wp-content\/litespeed\/avatar\/11ddfe5610ff3bd100522525b2571f48.jpg?ver=1777048341","caption":"Hern\u00e1n L\u00f3pez"},"url":"https:\/\/diarioprincipios.com\/index.php\/author\/hernan\/"}]}},"jetpack_featured_media_url":"https:\/\/diarioprincipios.com\/wp-content\/uploads\/2020\/07\/86916_3.jpg","_links":{"self":[{"href":"https:\/\/diarioprincipios.com\/index.php\/wp-json\/wp\/v2\/posts\/3710","targetHints":{"allow":["GET"]}}],"collection":[{"href":"https:\/\/diarioprincipios.com\/index.php\/wp-json\/wp\/v2\/posts"}],"about":[{"href":"https:\/\/diarioprincipios.com\/index.php\/wp-json\/wp\/v2\/types\/post"}],"author":[{"embeddable":true,"href":"https:\/\/diarioprincipios.com\/index.php\/wp-json\/wp\/v2\/users\/2"}],"replies":[{"embeddable":true,"href":"https:\/\/diarioprincipios.com\/index.php\/wp-json\/wp\/v2\/comments?post=3710"}],"version-history":[{"count":1,"href":"https:\/\/diarioprincipios.com\/index.php\/wp-json\/wp\/v2\/posts\/3710\/revisions"}],"predecessor-version":[{"id":3712,"href":"https:\/\/diarioprincipios.com\/index.php\/wp-json\/wp\/v2\/posts\/3710\/revisions\/3712"}],"wp:featuredmedia":[{"embeddable":true,"href":"https:\/\/diarioprincipios.com\/index.php\/wp-json\/wp\/v2\/media\/3711"}],"wp:attachment":[{"href":"https:\/\/diarioprincipios.com\/index.php\/wp-json\/wp\/v2\/media?parent=3710"}],"wp:term":[{"taxonomy":"category","embeddable":true,"href":"https:\/\/diarioprincipios.com\/index.php\/wp-json\/wp\/v2\/categories?post=3710"},{"taxonomy":"post_tag","embeddable":true,"href":"https:\/\/diarioprincipios.com\/index.php\/wp-json\/wp\/v2\/tags?post=3710"}],"curies":[{"name":"wp","href":"https:\/\/api.w.org\/{rel}","templated":true}]}}