{"id":3707,"date":"2020-07-07T15:51:49","date_gmt":"2020-07-07T18:51:49","guid":{"rendered":"http:\/\/diarioprincipios.com\/?p=3707"},"modified":"2020-07-07T15:51:53","modified_gmt":"2020-07-07T18:51:53","slug":"tevez-renovara-su-contrato-con-boca-tras-el-llamado-que-le-hizo-riquelme","status":"publish","type":"post","link":"https:\/\/diarioprincipios.com\/index.php\/2020\/07\/07\/tevez-renovara-su-contrato-con-boca-tras-el-llamado-que-le-hizo-riquelme\/","title":{"rendered":"Tevez renovar\u00e1 su contrato con Boca tras el llamado que le hizo Riquelme"},"content":{"rendered":"\n<p>Carlos Tevez renovar\u00e1 su contrato con Boca Juniors, despu\u00e9s de dos charlas telef\u00f3nicas que mantuvo con Juan Rom\u00e1n Riquelme, vicepresidente segundo y encargado de la secretar\u00eda de f\u00fatbol del club de la Ribera.<\/p>\n\n\n\n<p>Rom\u00e1n llam\u00f3 ayer a \u00abCarlitos\u00bb y le dijo que Boca lo quiere en su plantel, para calmar las aguas agitadas por las declaraciones medi\u00e1ticas -a trav\u00e9s de las redes sociales- de Jorge Berm\u00fadez y Ra\u00fal Cascini, integrantes del \u00e1rea de f\u00fatbol boquense.<\/p>\n\n\n\n<p>El gesto de Riquelme fue gravitante para que Tevez tome la determinaci\u00f3n de continuar en Boca, con un contrato por un a\u00f1o con extensi\u00f3n a seis meses m\u00e1s, como quer\u00eda la dirigencia.<\/p>\n\n\n\n<p>Tambi\u00e9n habr\u00e1 un nuevo articulo en el contrato por el cual si Boca deja de jugar la Copa Libertadores, Tevez podr\u00e1 rescindir el v\u00ednculo de com\u00fan acuerdo con el club \u00abxeneize\u00bb.<\/p>\n","protected":false},"excerpt":{"rendered":"<p>Carlos Tevez renovar\u00e1 su contrato con Boca Juniors, despu\u00e9s de dos charlas telef\u00f3nicas que mantuvo con Juan Rom\u00e1n Riquelme, vicepresidente segundo y encargado de la secretar\u00eda de f\u00fatbol del club de la Ribera. Rom\u00e1n llam\u00f3 ayer a \u00abCarlitos\u00bb y le dijo que Boca lo quiere en su plantel, para calmar las aguas agitadas por las&#8230;<\/p>\n","protected":false},"author":2,"featured_media":3708,"comment_status":"open","ping_status":"open","sticky":false,"template":"","format":"standard","meta":{"footnotes":""},"categories":[6],"tags":[],"class_list":["post-3707","post","type-post","status-publish","format-standard","has-post-thumbnail","hentry","category-deportes"],"featured_image_src":"https:\/\/diarioprincipios.com\/wp-content\/uploads\/2020\/07\/15930182325355.jpg","blog_images":{"medium":"https:\/\/diarioprincipios.com\/wp-content\/uploads\/2020\/07\/15930182325355-300x169.jpg","large":"https:\/\/diarioprincipios.com\/wp-content\/uploads\/2020\/07\/15930182325355.jpg"},"ams_acf":[],"yoast_head":"<!-- This site is optimized with the Yoast SEO plugin v27.3 - https:\/\/yoast.com\/product\/yoast-seo-wordpress\/ -->\n<title>Tevez renovar\u00e1 su contrato con Boca tras el llamado que le hizo Riquelme - Principios<\/title>\n<meta name=\"robots\" content=\"index, follow, max-snippet:-1, max-image-preview:large, max-video-preview:-1\" \/>\n<link rel=\"canonical\" href=\"https:\/\/diarioprincipios.com\/index.php\/2020\/07\/07\/tevez-renovara-su-contrato-con-boca-tras-el-llamado-que-le-hizo-riquelme\/\" \/>\n<meta property=\"og:locale\" content=\"es_ES\" \/>\n<meta property=\"og:type\" content=\"article\" \/>\n<meta property=\"og:title\" content=\"Tevez renovar\u00e1 su contrato con Boca tras el llamado que le hizo Riquelme - Principios\" \/>\n<meta property=\"og:description\" content=\"Carlos Tevez renovar\u00e1 su contrato con Boca Juniors, despu\u00e9s de dos charlas telef\u00f3nicas que mantuvo con Juan Rom\u00e1n Riquelme, vicepresidente segundo y encargado de la secretar\u00eda de f\u00fatbol del club de la Ribera. Rom\u00e1n llam\u00f3 ayer a \u00abCarlitos\u00bb y le dijo que Boca lo quiere en su plantel, para calmar las aguas agitadas por las...\" \/>\n<meta property=\"og:url\" content=\"https:\/\/diarioprincipios.com\/index.php\/2020\/07\/07\/tevez-renovara-su-contrato-con-boca-tras-el-llamado-que-le-hizo-riquelme\/\" \/>\n<meta property=\"og:site_name\" content=\"Principios\" \/>\n<meta property=\"article:published_time\" content=\"2020-07-07T18:51:49+00:00\" \/>\n<meta property=\"article:modified_time\" content=\"2020-07-07T18:51:53+00:00\" \/>\n<meta property=\"og:image\" content=\"https:\/\/diarioprincipios.com\/wp-content\/uploads\/2020\/07\/15930182325355.jpg\" \/>\n\t<meta property=\"og:image:width\" content=\"660\" \/>\n\t<meta property=\"og:image:height\" content=\"371\" \/>\n\t<meta property=\"og:image:type\" content=\"image\/jpeg\" \/>\n<meta name=\"author\" content=\"Hern\u00e1n L\u00f3pez\" \/>\n<meta name=\"twitter:card\" content=\"summary_large_image\" \/>\n<meta name=\"twitter:label1\" content=\"Escrito por\" \/>\n\t<meta name=\"twitter:data1\" content=\"Hern\u00e1n L\u00f3pez\" \/>\n\t<meta name=\"twitter:label2\" content=\"Tiempo de lectura\" \/>\n\t<meta name=\"twitter:data2\" content=\"1 minuto\" \/>\n<script type=\"application\/ld+json\" class=\"yoast-schema-graph\">{\"@context\":\"https:\\\/\\\/schema.org\",\"@graph\":[{\"@type\":\"Article\",\"@id\":\"https:\\\/\\\/diarioprincipios.com\\\/index.php\\\/2020\\\/07\\\/07\\\/tevez-renovara-su-contrato-con-boca-tras-el-llamado-que-le-hizo-riquelme\\\/#article\",\"isPartOf\":{\"@id\":\"https:\\\/\\\/diarioprincipios.com\\\/index.php\\\/2020\\\/07\\\/07\\\/tevez-renovara-su-contrato-con-boca-tras-el-llamado-que-le-hizo-riquelme\\\/\"},\"author\":{\"name\":\"Hern\u00e1n L\u00f3pez\",\"@id\":\"https:\\\/\\\/diarioprincipios.com\\\/#\\\/schema\\\/person\\\/436d5a1fd41a5e250e23ff5a6a7cb080\"},\"headline\":\"Tevez renovar\u00e1 su contrato con Boca tras el llamado que le hizo Riquelme\",\"datePublished\":\"2020-07-07T18:51:49+00:00\",\"dateModified\":\"2020-07-07T18:51:53+00:00\",\"mainEntityOfPage\":{\"@id\":\"https:\\\/\\\/diarioprincipios.com\\\/index.php\\\/2020\\\/07\\\/07\\\/tevez-renovara-su-contrato-con-boca-tras-el-llamado-que-le-hizo-riquelme\\\/\"},\"wordCount\":170,\"commentCount\":0,\"publisher\":{\"@id\":\"https:\\\/\\\/diarioprincipios.com\\\/#organization\"},\"image\":{\"@id\":\"https:\\\/\\\/diarioprincipios.com\\\/index.php\\\/2020\\\/07\\\/07\\\/tevez-renovara-su-contrato-con-boca-tras-el-llamado-que-le-hizo-riquelme\\\/#primaryimage\"},\"thumbnailUrl\":\"https:\\\/\\\/diarioprincipios.com\\\/wp-content\\\/uploads\\\/2020\\\/07\\\/15930182325355.jpg\",\"articleSection\":[\"Deportes\"],\"inLanguage\":\"es\",\"potentialAction\":[{\"@type\":\"CommentAction\",\"name\":\"Comment\",\"target\":[\"https:\\\/\\\/diarioprincipios.com\\\/index.php\\\/2020\\\/07\\\/07\\\/tevez-renovara-su-contrato-con-boca-tras-el-llamado-que-le-hizo-riquelme\\\/#respond\"]}]},{\"@type\":\"WebPage\",\"@id\":\"https:\\\/\\\/diarioprincipios.com\\\/index.php\\\/2020\\\/07\\\/07\\\/tevez-renovara-su-contrato-con-boca-tras-el-llamado-que-le-hizo-riquelme\\\/\",\"url\":\"https:\\\/\\\/diarioprincipios.com\\\/index.php\\\/2020\\\/07\\\/07\\\/tevez-renovara-su-contrato-con-boca-tras-el-llamado-que-le-hizo-riquelme\\\/\",\"name\":\"Tevez renovar\u00e1 su contrato con Boca tras el llamado que le hizo Riquelme - Principios\",\"isPartOf\":{\"@id\":\"https:\\\/\\\/diarioprincipios.com\\\/#website\"},\"primaryImageOfPage\":{\"@id\":\"https:\\\/\\\/diarioprincipios.com\\\/index.php\\\/2020\\\/07\\\/07\\\/tevez-renovara-su-contrato-con-boca-tras-el-llamado-que-le-hizo-riquelme\\\/#primaryimage\"},\"image\":{\"@id\":\"https:\\\/\\\/diarioprincipios.com\\\/index.php\\\/2020\\\/07\\\/07\\\/tevez-renovara-su-contrato-con-boca-tras-el-llamado-que-le-hizo-riquelme\\\/#primaryimage\"},\"thumbnailUrl\":\"https:\\\/\\\/diarioprincipios.com\\\/wp-content\\\/uploads\\\/2020\\\/07\\\/15930182325355.jpg\",\"datePublished\":\"2020-07-07T18:51:49+00:00\",\"dateModified\":\"2020-07-07T18:51:53+00:00\",\"breadcrumb\":{\"@id\":\"https:\\\/\\\/diarioprincipios.com\\\/index.php\\\/2020\\\/07\\\/07\\\/tevez-renovara-su-contrato-con-boca-tras-el-llamado-que-le-hizo-riquelme\\\/#breadcrumb\"},\"inLanguage\":\"es\",\"potentialAction\":[{\"@type\":\"ReadAction\",\"target\":[\"https:\\\/\\\/diarioprincipios.com\\\/index.php\\\/2020\\\/07\\\/07\\\/tevez-renovara-su-contrato-con-boca-tras-el-llamado-que-le-hizo-riquelme\\\/\"]}]},{\"@type\":\"ImageObject\",\"inLanguage\":\"es\",\"@id\":\"https:\\\/\\\/diarioprincipios.com\\\/index.php\\\/2020\\\/07\\\/07\\\/tevez-renovara-su-contrato-con-boca-tras-el-llamado-que-le-hizo-riquelme\\\/#primaryimage\",\"url\":\"https:\\\/\\\/diarioprincipios.com\\\/wp-content\\\/uploads\\\/2020\\\/07\\\/15930182325355.jpg\",\"contentUrl\":\"https:\\\/\\\/diarioprincipios.com\\\/wp-content\\\/uploads\\\/2020\\\/07\\\/15930182325355.jpg\",\"width\":660,\"height\":371},{\"@type\":\"BreadcrumbList\",\"@id\":\"https:\\\/\\\/diarioprincipios.com\\\/index.php\\\/2020\\\/07\\\/07\\\/tevez-renovara-su-contrato-con-boca-tras-el-llamado-que-le-hizo-riquelme\\\/#breadcrumb\",\"itemListElement\":[{\"@type\":\"ListItem\",\"position\":1,\"name\":\"Portada\",\"item\":\"https:\\\/\\\/diarioprincipios.com\\\/\"},{\"@type\":\"ListItem\",\"position\":2,\"name\":\"Tevez renovar\u00e1 su contrato con Boca tras el llamado que le hizo Riquelme\"}]},{\"@type\":\"WebSite\",\"@id\":\"https:\\\/\\\/diarioprincipios.com\\\/#website\",\"url\":\"https:\\\/\\\/diarioprincipios.com\\\/\",\"name\":\"Principios\",\"description\":\"Principios Diario\",\"publisher\":{\"@id\":\"https:\\\/\\\/diarioprincipios.com\\\/#organization\"},\"potentialAction\":[{\"@type\":\"SearchAction\",\"target\":{\"@type\":\"EntryPoint\",\"urlTemplate\":\"https:\\\/\\\/diarioprincipios.com\\\/?s={search_term_string}\"},\"query-input\":{\"@type\":\"PropertyValueSpecification\",\"valueRequired\":true,\"valueName\":\"search_term_string\"}}],\"inLanguage\":\"es\"},{\"@type\":\"Organization\",\"@id\":\"https:\\\/\\\/diarioprincipios.com\\\/#organization\",\"name\":\"Principios\",\"url\":\"https:\\\/\\\/diarioprincipios.com\\\/\",\"logo\":{\"@type\":\"ImageObject\",\"inLanguage\":\"es\",\"@id\":\"https:\\\/\\\/diarioprincipios.com\\\/#\\\/schema\\\/logo\\\/image\\\/\",\"url\":\"https:\\\/\\\/diarioprincipios.com\\\/wp-content\\\/uploads\\\/2024\\\/04\\\/cropped-www.diarioprincipios.com_-1.png\",\"contentUrl\":\"https:\\\/\\\/diarioprincipios.com\\\/wp-content\\\/uploads\\\/2024\\\/04\\\/cropped-www.diarioprincipios.com_-1.png\",\"width\":5325,\"height\":1454,\"caption\":\"Principios\"},\"image\":{\"@id\":\"https:\\\/\\\/diarioprincipios.com\\\/#\\\/schema\\\/logo\\\/image\\\/\"}},{\"@type\":\"Person\",\"@id\":\"https:\\\/\\\/diarioprincipios.com\\\/#\\\/schema\\\/person\\\/436d5a1fd41a5e250e23ff5a6a7cb080\",\"name\":\"Hern\u00e1n L\u00f3pez\",\"image\":{\"@type\":\"ImageObject\",\"inLanguage\":\"es\",\"@id\":\"https:\\\/\\\/diarioprincipios.com\\\/wp-content\\\/litespeed\\\/avatar\\\/11ddfe5610ff3bd100522525b2571f48.jpg?ver=1777653193\",\"url\":\"https:\\\/\\\/diarioprincipios.com\\\/wp-content\\\/litespeed\\\/avatar\\\/11ddfe5610ff3bd100522525b2571f48.jpg?ver=1777653193\",\"contentUrl\":\"https:\\\/\\\/diarioprincipios.com\\\/wp-content\\\/litespeed\\\/avatar\\\/11ddfe5610ff3bd100522525b2571f48.jpg?ver=1777653193\",\"caption\":\"Hern\u00e1n L\u00f3pez\"},\"url\":\"https:\\\/\\\/diarioprincipios.com\\\/index.php\\\/author\\\/hernan\\\/\"}]}<\/script>\n<!-- \/ Yoast SEO plugin. -->","yoast_head_json":{"title":"Tevez renovar\u00e1 su contrato con Boca tras el llamado que le hizo Riquelme - Principios","robots":{"index":"index","follow":"follow","max-snippet":"max-snippet:-1","max-image-preview":"max-image-preview:large","max-video-preview":"max-video-preview:-1"},"canonical":"https:\/\/diarioprincipios.com\/index.php\/2020\/07\/07\/tevez-renovara-su-contrato-con-boca-tras-el-llamado-que-le-hizo-riquelme\/","og_locale":"es_ES","og_type":"article","og_title":"Tevez renovar\u00e1 su contrato con Boca tras el llamado que le hizo Riquelme - Principios","og_description":"Carlos Tevez renovar\u00e1 su contrato con Boca Juniors, despu\u00e9s de dos charlas telef\u00f3nicas que mantuvo con Juan Rom\u00e1n Riquelme, vicepresidente segundo y encargado de la secretar\u00eda de f\u00fatbol del club de la Ribera. Rom\u00e1n llam\u00f3 ayer a \u00abCarlitos\u00bb y le dijo que Boca lo quiere en su plantel, para calmar las aguas agitadas por las...","og_url":"https:\/\/diarioprincipios.com\/index.php\/2020\/07\/07\/tevez-renovara-su-contrato-con-boca-tras-el-llamado-que-le-hizo-riquelme\/","og_site_name":"Principios","article_published_time":"2020-07-07T18:51:49+00:00","article_modified_time":"2020-07-07T18:51:53+00:00","og_image":[{"width":660,"height":371,"url":"https:\/\/diarioprincipios.com\/wp-content\/uploads\/2020\/07\/15930182325355.jpg","type":"image\/jpeg"}],"author":"Hern\u00e1n L\u00f3pez","twitter_card":"summary_large_image","twitter_misc":{"Escrito por":"Hern\u00e1n L\u00f3pez","Tiempo de lectura":"1 minuto"},"schema":{"@context":"https:\/\/schema.org","@graph":[{"@type":"Article","@id":"https:\/\/diarioprincipios.com\/index.php\/2020\/07\/07\/tevez-renovara-su-contrato-con-boca-tras-el-llamado-que-le-hizo-riquelme\/#article","isPartOf":{"@id":"https:\/\/diarioprincipios.com\/index.php\/2020\/07\/07\/tevez-renovara-su-contrato-con-boca-tras-el-llamado-que-le-hizo-riquelme\/"},"author":{"name":"Hern\u00e1n L\u00f3pez","@id":"https:\/\/diarioprincipios.com\/#\/schema\/person\/436d5a1fd41a5e250e23ff5a6a7cb080"},"headline":"Tevez renovar\u00e1 su contrato con Boca tras el llamado que le hizo Riquelme","datePublished":"2020-07-07T18:51:49+00:00","dateModified":"2020-07-07T18:51:53+00:00","mainEntityOfPage":{"@id":"https:\/\/diarioprincipios.com\/index.php\/2020\/07\/07\/tevez-renovara-su-contrato-con-boca-tras-el-llamado-que-le-hizo-riquelme\/"},"wordCount":170,"commentCount":0,"publisher":{"@id":"https:\/\/diarioprincipios.com\/#organization"},"image":{"@id":"https:\/\/diarioprincipios.com\/index.php\/2020\/07\/07\/tevez-renovara-su-contrato-con-boca-tras-el-llamado-que-le-hizo-riquelme\/#primaryimage"},"thumbnailUrl":"https:\/\/diarioprincipios.com\/wp-content\/uploads\/2020\/07\/15930182325355.jpg","articleSection":["Deportes"],"inLanguage":"es","potentialAction":[{"@type":"CommentAction","name":"Comment","target":["https:\/\/diarioprincipios.com\/index.php\/2020\/07\/07\/tevez-renovara-su-contrato-con-boca-tras-el-llamado-que-le-hizo-riquelme\/#respond"]}]},{"@type":"WebPage","@id":"https:\/\/diarioprincipios.com\/index.php\/2020\/07\/07\/tevez-renovara-su-contrato-con-boca-tras-el-llamado-que-le-hizo-riquelme\/","url":"https:\/\/diarioprincipios.com\/index.php\/2020\/07\/07\/tevez-renovara-su-contrato-con-boca-tras-el-llamado-que-le-hizo-riquelme\/","name":"Tevez renovar\u00e1 su contrato con Boca tras el llamado que le hizo Riquelme - Principios","isPartOf":{"@id":"https:\/\/diarioprincipios.com\/#website"},"primaryImageOfPage":{"@id":"https:\/\/diarioprincipios.com\/index.php\/2020\/07\/07\/tevez-renovara-su-contrato-con-boca-tras-el-llamado-que-le-hizo-riquelme\/#primaryimage"},"image":{"@id":"https:\/\/diarioprincipios.com\/index.php\/2020\/07\/07\/tevez-renovara-su-contrato-con-boca-tras-el-llamado-que-le-hizo-riquelme\/#primaryimage"},"thumbnailUrl":"https:\/\/diarioprincipios.com\/wp-content\/uploads\/2020\/07\/15930182325355.jpg","datePublished":"2020-07-07T18:51:49+00:00","dateModified":"2020-07-07T18:51:53+00:00","breadcrumb":{"@id":"https:\/\/diarioprincipios.com\/index.php\/2020\/07\/07\/tevez-renovara-su-contrato-con-boca-tras-el-llamado-que-le-hizo-riquelme\/#breadcrumb"},"inLanguage":"es","potentialAction":[{"@type":"ReadAction","target":["https:\/\/diarioprincipios.com\/index.php\/2020\/07\/07\/tevez-renovara-su-contrato-con-boca-tras-el-llamado-que-le-hizo-riquelme\/"]}]},{"@type":"ImageObject","inLanguage":"es","@id":"https:\/\/diarioprincipios.com\/index.php\/2020\/07\/07\/tevez-renovara-su-contrato-con-boca-tras-el-llamado-que-le-hizo-riquelme\/#primaryimage","url":"https:\/\/diarioprincipios.com\/wp-content\/uploads\/2020\/07\/15930182325355.jpg","contentUrl":"https:\/\/diarioprincipios.com\/wp-content\/uploads\/2020\/07\/15930182325355.jpg","width":660,"height":371},{"@type":"BreadcrumbList","@id":"https:\/\/diarioprincipios.com\/index.php\/2020\/07\/07\/tevez-renovara-su-contrato-con-boca-tras-el-llamado-que-le-hizo-riquelme\/#breadcrumb","itemListElement":[{"@type":"ListItem","position":1,"name":"Portada","item":"https:\/\/diarioprincipios.com\/"},{"@type":"ListItem","position":2,"name":"Tevez renovar\u00e1 su contrato con Boca tras el llamado que le hizo Riquelme"}]},{"@type":"WebSite","@id":"https:\/\/diarioprincipios.com\/#website","url":"https:\/\/diarioprincipios.com\/","name":"Principios","description":"Principios Diario","publisher":{"@id":"https:\/\/diarioprincipios.com\/#organization"},"potentialAction":[{"@type":"SearchAction","target":{"@type":"EntryPoint","urlTemplate":"https:\/\/diarioprincipios.com\/?s={search_term_string}"},"query-input":{"@type":"PropertyValueSpecification","valueRequired":true,"valueName":"search_term_string"}}],"inLanguage":"es"},{"@type":"Organization","@id":"https:\/\/diarioprincipios.com\/#organization","name":"Principios","url":"https:\/\/diarioprincipios.com\/","logo":{"@type":"ImageObject","inLanguage":"es","@id":"https:\/\/diarioprincipios.com\/#\/schema\/logo\/image\/","url":"https:\/\/diarioprincipios.com\/wp-content\/uploads\/2024\/04\/cropped-www.diarioprincipios.com_-1.png","contentUrl":"https:\/\/diarioprincipios.com\/wp-content\/uploads\/2024\/04\/cropped-www.diarioprincipios.com_-1.png","width":5325,"height":1454,"caption":"Principios"},"image":{"@id":"https:\/\/diarioprincipios.com\/#\/schema\/logo\/image\/"}},{"@type":"Person","@id":"https:\/\/diarioprincipios.com\/#\/schema\/person\/436d5a1fd41a5e250e23ff5a6a7cb080","name":"Hern\u00e1n L\u00f3pez","image":{"@type":"ImageObject","inLanguage":"es","@id":"https:\/\/diarioprincipios.com\/wp-content\/litespeed\/avatar\/11ddfe5610ff3bd100522525b2571f48.jpg?ver=1777653193","url":"https:\/\/diarioprincipios.com\/wp-content\/litespeed\/avatar\/11ddfe5610ff3bd100522525b2571f48.jpg?ver=1777653193","contentUrl":"https:\/\/diarioprincipios.com\/wp-content\/litespeed\/avatar\/11ddfe5610ff3bd100522525b2571f48.jpg?ver=1777653193","caption":"Hern\u00e1n L\u00f3pez"},"url":"https:\/\/diarioprincipios.com\/index.php\/author\/hernan\/"}]}},"jetpack_featured_media_url":"https:\/\/diarioprincipios.com\/wp-content\/uploads\/2020\/07\/15930182325355.jpg","_links":{"self":[{"href":"https:\/\/diarioprincipios.com\/index.php\/wp-json\/wp\/v2\/posts\/3707","targetHints":{"allow":["GET"]}}],"collection":[{"href":"https:\/\/diarioprincipios.com\/index.php\/wp-json\/wp\/v2\/posts"}],"about":[{"href":"https:\/\/diarioprincipios.com\/index.php\/wp-json\/wp\/v2\/types\/post"}],"author":[{"embeddable":true,"href":"https:\/\/diarioprincipios.com\/index.php\/wp-json\/wp\/v2\/users\/2"}],"replies":[{"embeddable":true,"href":"https:\/\/diarioprincipios.com\/index.php\/wp-json\/wp\/v2\/comments?post=3707"}],"version-history":[{"count":1,"href":"https:\/\/diarioprincipios.com\/index.php\/wp-json\/wp\/v2\/posts\/3707\/revisions"}],"predecessor-version":[{"id":3709,"href":"https:\/\/diarioprincipios.com\/index.php\/wp-json\/wp\/v2\/posts\/3707\/revisions\/3709"}],"wp:featuredmedia":[{"embeddable":true,"href":"https:\/\/diarioprincipios.com\/index.php\/wp-json\/wp\/v2\/media\/3708"}],"wp:attachment":[{"href":"https:\/\/diarioprincipios.com\/index.php\/wp-json\/wp\/v2\/media?parent=3707"}],"wp:term":[{"taxonomy":"category","embeddable":true,"href":"https:\/\/diarioprincipios.com\/index.php\/wp-json\/wp\/v2\/categories?post=3707"},{"taxonomy":"post_tag","embeddable":true,"href":"https:\/\/diarioprincipios.com\/index.php\/wp-json\/wp\/v2\/tags?post=3707"}],"curies":[{"name":"wp","href":"https:\/\/api.w.org\/{rel}","templated":true}]}}