{"id":3693,"date":"2020-07-06T21:17:33","date_gmt":"2020-07-07T00:17:33","guid":{"rendered":"http:\/\/diarioprincipios.com\/?p=3693"},"modified":"2020-07-06T21:17:37","modified_gmt":"2020-07-07T00:17:37","slug":"el-municipio-invita-a-sumarse-a-la-campana-solidaria-seamos-utiles-donando-para-que-los-ninos-sigan-estudiando-desde-sus-casas","status":"publish","type":"post","link":"https:\/\/diarioprincipios.com\/index.php\/2020\/07\/06\/el-municipio-invita-a-sumarse-a-la-campana-solidaria-seamos-utiles-donando-para-que-los-ninos-sigan-estudiando-desde-sus-casas\/","title":{"rendered":"El Municipio invita a sumarse a la Campa\u00f1a Solidaria \u00abSeamos \u00datiles\u00bb, donando para que los ni\u00f1os sigan estudiando desde sus casas"},"content":{"rendered":"\n<p><strong>La Municipalidad de Berazategui informa a todos los vecinos que se pueden donar \u00fatiles escolares para que los ni\u00f1os y ni\u00f1as en situaci\u00f3n de vulnerabilidad social puedan seguir estudiando desde sus casas. La iniciativa se denomina \u201cSeamos \u00datiles\u201d y, para colaborar, hay que comunicarse al 4356-9200 (Interno 1191).<\/strong><\/p>\n\n\n\n<p>La campa\u00f1a solidaria surgi\u00f3 en 2017, con el fin de recolectar kits escolares para acompa\u00f1ar el comienzo de clases de los ni\u00f1os de Berazategui. En la actualidad, la iniciativa adquiere otra dimensi\u00f3n como consecuencia de la emergencia sanitaria que atraviesa el pa\u00eds por la pandemia de Coronavirus (COVID-19). Su principal objetivo es ayudar a estos ni\u00f1os a que puedan estudiar desde sus hogares durante el aislamiento social, preventivo y obligatorio.<\/p>\n\n\n\n<p>Todos aquellos vecinos, emprendedores, comerciantes y empresarios que deseen sumarse y colaborar con la donaci\u00f3n de \u00fatiles escolares, para que posteriormente se realice el armado de los kits, pueden comunicarse al 4356-9200 (Interno 1191), de lunes a viernes, de 9.00 a 15.00.<\/p>\n\n\n\n<p><strong>Una Ciudad solidaria e inclusiva<br><\/strong><br>Previamente al inicio de la cuarentena, y a trav\u00e9s de esta misma propuesta de la Secretar\u00eda de Trabajo, la Municipalidad de Berazategui lleg\u00f3 a entregar unos 1500 kits de \u00fatiles a estudiantes de la ciudad. Fue en una jornada solidaria, realizada en marzo de este a\u00f1o, en el Centro Integrador Comunitario N\u00b0 33 \u201cMemoria, Verdad y Justicia\u201d, ubicado en calle 45 e\/ Av. Pte. N\u00e9stor Kirchner y 161, Pl\u00e1tanos.<\/p>\n\n\n\n<p>All\u00ed, adem\u00e1s, un grupo de emprendedoras hab\u00eda confeccionado cartucheras con retazos de telas y accesorios donados por empresas locales, mientras los voluntarios del proyecto VolBer (Voluntariado de Berazategui) se encargaron del armado de los kits.<\/p>\n\n\n\n<p>\u201cFue una jornada muy satisfactoria, ya que represent\u00f3 todo un r\u00e9cord para nosotros armar 1500 kits\u201d, informa el director de la Secretar\u00eda de Trabajo, Mat\u00edas Garavagno, y agrega: \u201cSabemos que Berazategui es una ciudad solidaria e inclusiva, y en \u00e9pocas dif\u00edciles como las que estamos viviendo es fundamental realizar este tipo de acciones\u201d.<\/p>\n","protected":false},"excerpt":{"rendered":"<p>La Municipalidad de Berazategui informa a todos los vecinos que se pueden donar \u00fatiles escolares para que los ni\u00f1os y ni\u00f1as en situaci\u00f3n de vulnerabilidad social puedan seguir estudiando desde sus casas. La iniciativa se denomina \u201cSeamos \u00datiles\u201d y, para colaborar, hay que comunicarse al 4356-9200 (Interno 1191). La campa\u00f1a solidaria surgi\u00f3 en 2017, con&#8230;<\/p>\n","protected":false},"author":2,"featured_media":3694,"comment_status":"open","ping_status":"open","sticky":false,"template":"","format":"standard","meta":{"footnotes":""},"categories":[3],"tags":[],"class_list":["post-3693","post","type-post","status-publish","format-standard","has-post-thumbnail","hentry","category-berazategui"],"featured_image_src":"https:\/\/diarioprincipios.com\/wp-content\/uploads\/2020\/07\/SE-PUEDEN-DONAR-\u00daTILES-ESCOLARES-PARA-NI\u00d1OS-EN-SITUACI\u00d3N-DE-VULNERABILIDAD-SOCIAL-3-1024x682.jpeg","blog_images":{"medium":"https:\/\/diarioprincipios.com\/wp-content\/uploads\/2020\/07\/SE-PUEDEN-DONAR-\u00daTILES-ESCOLARES-PARA-NI\u00d1OS-EN-SITUACI\u00d3N-DE-VULNERABILIDAD-SOCIAL-3-300x200.jpeg","large":"https:\/\/diarioprincipios.com\/wp-content\/uploads\/2020\/07\/SE-PUEDEN-DONAR-\u00daTILES-ESCOLARES-PARA-NI\u00d1OS-EN-SITUACI\u00d3N-DE-VULNERABILIDAD-SOCIAL-3-1024x682.jpeg"},"ams_acf":[],"yoast_head":"<!-- This site is optimized with the Yoast SEO plugin v27.3 - https:\/\/yoast.com\/product\/yoast-seo-wordpress\/ -->\n<title>El Municipio invita a sumarse a la Campa\u00f1a Solidaria &quot;Seamos \u00datiles&quot;, donando para que los ni\u00f1os sigan estudiando desde sus casas - Principios<\/title>\n<meta name=\"robots\" content=\"index, follow, max-snippet:-1, max-image-preview:large, max-video-preview:-1\" \/>\n<link rel=\"canonical\" href=\"https:\/\/diarioprincipios.com\/index.php\/2020\/07\/06\/el-municipio-invita-a-sumarse-a-la-campana-solidaria-seamos-utiles-donando-para-que-los-ninos-sigan-estudiando-desde-sus-casas\/\" \/>\n<meta property=\"og:locale\" content=\"es_ES\" \/>\n<meta property=\"og:type\" content=\"article\" \/>\n<meta property=\"og:title\" content=\"El Municipio invita a sumarse a la Campa\u00f1a Solidaria &quot;Seamos \u00datiles&quot;, donando para que los ni\u00f1os sigan estudiando desde sus casas - Principios\" \/>\n<meta property=\"og:description\" content=\"La Municipalidad de Berazategui informa a todos los vecinos que se pueden donar \u00fatiles escolares para que los ni\u00f1os y ni\u00f1as en situaci\u00f3n de vulnerabilidad social puedan seguir estudiando desde sus casas. La iniciativa se denomina \u201cSeamos \u00datiles\u201d y, para colaborar, hay que comunicarse al 4356-9200 (Interno 1191). La campa\u00f1a solidaria surgi\u00f3 en 2017, con...\" \/>\n<meta property=\"og:url\" content=\"https:\/\/diarioprincipios.com\/index.php\/2020\/07\/06\/el-municipio-invita-a-sumarse-a-la-campana-solidaria-seamos-utiles-donando-para-que-los-ninos-sigan-estudiando-desde-sus-casas\/\" \/>\n<meta property=\"og:site_name\" content=\"Principios\" \/>\n<meta property=\"article:published_time\" content=\"2020-07-07T00:17:33+00:00\" \/>\n<meta property=\"article:modified_time\" content=\"2020-07-07T00:17:37+00:00\" \/>\n<meta property=\"og:image\" content=\"https:\/\/diarioprincipios.com\/wp-content\/uploads\/2020\/07\/SE-PUEDEN-DONAR-\u00daTILES-ESCOLARES-PARA-NI\u00d1OS-EN-SITUACI\u00d3N-DE-VULNERABILIDAD-SOCIAL-3.jpeg\" \/>\n\t<meta property=\"og:image:width\" content=\"1280\" \/>\n\t<meta property=\"og:image:height\" content=\"853\" \/>\n\t<meta property=\"og:image:type\" content=\"image\/jpeg\" \/>\n<meta name=\"author\" content=\"Hern\u00e1n L\u00f3pez\" \/>\n<meta name=\"twitter:card\" content=\"summary_large_image\" \/>\n<meta name=\"twitter:label1\" content=\"Escrito por\" \/>\n\t<meta name=\"twitter:data1\" content=\"Hern\u00e1n L\u00f3pez\" \/>\n\t<meta name=\"twitter:label2\" content=\"Tiempo de lectura\" \/>\n\t<meta name=\"twitter:data2\" content=\"2 minutos\" \/>\n<script type=\"application\/ld+json\" class=\"yoast-schema-graph\">{\"@context\":\"https:\\\/\\\/schema.org\",\"@graph\":[{\"@type\":\"Article\",\"@id\":\"https:\\\/\\\/diarioprincipios.com\\\/index.php\\\/2020\\\/07\\\/06\\\/el-municipio-invita-a-sumarse-a-la-campana-solidaria-seamos-utiles-donando-para-que-los-ninos-sigan-estudiando-desde-sus-casas\\\/#article\",\"isPartOf\":{\"@id\":\"https:\\\/\\\/diarioprincipios.com\\\/index.php\\\/2020\\\/07\\\/06\\\/el-municipio-invita-a-sumarse-a-la-campana-solidaria-seamos-utiles-donando-para-que-los-ninos-sigan-estudiando-desde-sus-casas\\\/\"},\"author\":{\"name\":\"Hern\u00e1n L\u00f3pez\",\"@id\":\"https:\\\/\\\/diarioprincipios.com\\\/#\\\/schema\\\/person\\\/436d5a1fd41a5e250e23ff5a6a7cb080\"},\"headline\":\"El Municipio invita a sumarse a la Campa\u00f1a Solidaria \u00abSeamos \u00datiles\u00bb, donando para que los ni\u00f1os sigan estudiando desde sus casas\",\"datePublished\":\"2020-07-07T00:17:33+00:00\",\"dateModified\":\"2020-07-07T00:17:37+00:00\",\"mainEntityOfPage\":{\"@id\":\"https:\\\/\\\/diarioprincipios.com\\\/index.php\\\/2020\\\/07\\\/06\\\/el-municipio-invita-a-sumarse-a-la-campana-solidaria-seamos-utiles-donando-para-que-los-ninos-sigan-estudiando-desde-sus-casas\\\/\"},\"wordCount\":356,\"commentCount\":0,\"publisher\":{\"@id\":\"https:\\\/\\\/diarioprincipios.com\\\/#organization\"},\"image\":{\"@id\":\"https:\\\/\\\/diarioprincipios.com\\\/index.php\\\/2020\\\/07\\\/06\\\/el-municipio-invita-a-sumarse-a-la-campana-solidaria-seamos-utiles-donando-para-que-los-ninos-sigan-estudiando-desde-sus-casas\\\/#primaryimage\"},\"thumbnailUrl\":\"https:\\\/\\\/diarioprincipios.com\\\/wp-content\\\/uploads\\\/2020\\\/07\\\/SE-PUEDEN-DONAR-\u00daTILES-ESCOLARES-PARA-NI\u00d1OS-EN-SITUACI\u00d3N-DE-VULNERABILIDAD-SOCIAL-3.jpeg\",\"articleSection\":[\"Berazategui\"],\"inLanguage\":\"es\",\"potentialAction\":[{\"@type\":\"CommentAction\",\"name\":\"Comment\",\"target\":[\"https:\\\/\\\/diarioprincipios.com\\\/index.php\\\/2020\\\/07\\\/06\\\/el-municipio-invita-a-sumarse-a-la-campana-solidaria-seamos-utiles-donando-para-que-los-ninos-sigan-estudiando-desde-sus-casas\\\/#respond\"]}]},{\"@type\":\"WebPage\",\"@id\":\"https:\\\/\\\/diarioprincipios.com\\\/index.php\\\/2020\\\/07\\\/06\\\/el-municipio-invita-a-sumarse-a-la-campana-solidaria-seamos-utiles-donando-para-que-los-ninos-sigan-estudiando-desde-sus-casas\\\/\",\"url\":\"https:\\\/\\\/diarioprincipios.com\\\/index.php\\\/2020\\\/07\\\/06\\\/el-municipio-invita-a-sumarse-a-la-campana-solidaria-seamos-utiles-donando-para-que-los-ninos-sigan-estudiando-desde-sus-casas\\\/\",\"name\":\"El Municipio invita a sumarse a la Campa\u00f1a Solidaria \\\"Seamos \u00datiles\\\", donando para que los ni\u00f1os sigan estudiando desde sus casas - Principios\",\"isPartOf\":{\"@id\":\"https:\\\/\\\/diarioprincipios.com\\\/#website\"},\"primaryImageOfPage\":{\"@id\":\"https:\\\/\\\/diarioprincipios.com\\\/index.php\\\/2020\\\/07\\\/06\\\/el-municipio-invita-a-sumarse-a-la-campana-solidaria-seamos-utiles-donando-para-que-los-ninos-sigan-estudiando-desde-sus-casas\\\/#primaryimage\"},\"image\":{\"@id\":\"https:\\\/\\\/diarioprincipios.com\\\/index.php\\\/2020\\\/07\\\/06\\\/el-municipio-invita-a-sumarse-a-la-campana-solidaria-seamos-utiles-donando-para-que-los-ninos-sigan-estudiando-desde-sus-casas\\\/#primaryimage\"},\"thumbnailUrl\":\"https:\\\/\\\/diarioprincipios.com\\\/wp-content\\\/uploads\\\/2020\\\/07\\\/SE-PUEDEN-DONAR-\u00daTILES-ESCOLARES-PARA-NI\u00d1OS-EN-SITUACI\u00d3N-DE-VULNERABILIDAD-SOCIAL-3.jpeg\",\"datePublished\":\"2020-07-07T00:17:33+00:00\",\"dateModified\":\"2020-07-07T00:17:37+00:00\",\"breadcrumb\":{\"@id\":\"https:\\\/\\\/diarioprincipios.com\\\/index.php\\\/2020\\\/07\\\/06\\\/el-municipio-invita-a-sumarse-a-la-campana-solidaria-seamos-utiles-donando-para-que-los-ninos-sigan-estudiando-desde-sus-casas\\\/#breadcrumb\"},\"inLanguage\":\"es\",\"potentialAction\":[{\"@type\":\"ReadAction\",\"target\":[\"https:\\\/\\\/diarioprincipios.com\\\/index.php\\\/2020\\\/07\\\/06\\\/el-municipio-invita-a-sumarse-a-la-campana-solidaria-seamos-utiles-donando-para-que-los-ninos-sigan-estudiando-desde-sus-casas\\\/\"]}]},{\"@type\":\"ImageObject\",\"inLanguage\":\"es\",\"@id\":\"https:\\\/\\\/diarioprincipios.com\\\/index.php\\\/2020\\\/07\\\/06\\\/el-municipio-invita-a-sumarse-a-la-campana-solidaria-seamos-utiles-donando-para-que-los-ninos-sigan-estudiando-desde-sus-casas\\\/#primaryimage\",\"url\":\"https:\\\/\\\/diarioprincipios.com\\\/wp-content\\\/uploads\\\/2020\\\/07\\\/SE-PUEDEN-DONAR-\u00daTILES-ESCOLARES-PARA-NI\u00d1OS-EN-SITUACI\u00d3N-DE-VULNERABILIDAD-SOCIAL-3.jpeg\",\"contentUrl\":\"https:\\\/\\\/diarioprincipios.com\\\/wp-content\\\/uploads\\\/2020\\\/07\\\/SE-PUEDEN-DONAR-\u00daTILES-ESCOLARES-PARA-NI\u00d1OS-EN-SITUACI\u00d3N-DE-VULNERABILIDAD-SOCIAL-3.jpeg\",\"width\":1280,\"height\":853},{\"@type\":\"BreadcrumbList\",\"@id\":\"https:\\\/\\\/diarioprincipios.com\\\/index.php\\\/2020\\\/07\\\/06\\\/el-municipio-invita-a-sumarse-a-la-campana-solidaria-seamos-utiles-donando-para-que-los-ninos-sigan-estudiando-desde-sus-casas\\\/#breadcrumb\",\"itemListElement\":[{\"@type\":\"ListItem\",\"position\":1,\"name\":\"Portada\",\"item\":\"https:\\\/\\\/diarioprincipios.com\\\/\"},{\"@type\":\"ListItem\",\"position\":2,\"name\":\"El Municipio invita a sumarse a la Campa\u00f1a Solidaria \u00abSeamos \u00datiles\u00bb, donando para que los ni\u00f1os sigan estudiando desde sus casas\"}]},{\"@type\":\"WebSite\",\"@id\":\"https:\\\/\\\/diarioprincipios.com\\\/#website\",\"url\":\"https:\\\/\\\/diarioprincipios.com\\\/\",\"name\":\"Principios\",\"description\":\"Principios Diario\",\"publisher\":{\"@id\":\"https:\\\/\\\/diarioprincipios.com\\\/#organization\"},\"potentialAction\":[{\"@type\":\"SearchAction\",\"target\":{\"@type\":\"EntryPoint\",\"urlTemplate\":\"https:\\\/\\\/diarioprincipios.com\\\/?s={search_term_string}\"},\"query-input\":{\"@type\":\"PropertyValueSpecification\",\"valueRequired\":true,\"valueName\":\"search_term_string\"}}],\"inLanguage\":\"es\"},{\"@type\":\"Organization\",\"@id\":\"https:\\\/\\\/diarioprincipios.com\\\/#organization\",\"name\":\"Principios\",\"url\":\"https:\\\/\\\/diarioprincipios.com\\\/\",\"logo\":{\"@type\":\"ImageObject\",\"inLanguage\":\"es\",\"@id\":\"https:\\\/\\\/diarioprincipios.com\\\/#\\\/schema\\\/logo\\\/image\\\/\",\"url\":\"https:\\\/\\\/diarioprincipios.com\\\/wp-content\\\/uploads\\\/2024\\\/04\\\/cropped-www.diarioprincipios.com_-1.png\",\"contentUrl\":\"https:\\\/\\\/diarioprincipios.com\\\/wp-content\\\/uploads\\\/2024\\\/04\\\/cropped-www.diarioprincipios.com_-1.png\",\"width\":5325,\"height\":1454,\"caption\":\"Principios\"},\"image\":{\"@id\":\"https:\\\/\\\/diarioprincipios.com\\\/#\\\/schema\\\/logo\\\/image\\\/\"}},{\"@type\":\"Person\",\"@id\":\"https:\\\/\\\/diarioprincipios.com\\\/#\\\/schema\\\/person\\\/436d5a1fd41a5e250e23ff5a6a7cb080\",\"name\":\"Hern\u00e1n L\u00f3pez\",\"image\":{\"@type\":\"ImageObject\",\"inLanguage\":\"es\",\"@id\":\"https:\\\/\\\/diarioprincipios.com\\\/wp-content\\\/litespeed\\\/avatar\\\/11ddfe5610ff3bd100522525b2571f48.jpg?ver=1777653193\",\"url\":\"https:\\\/\\\/diarioprincipios.com\\\/wp-content\\\/litespeed\\\/avatar\\\/11ddfe5610ff3bd100522525b2571f48.jpg?ver=1777653193\",\"contentUrl\":\"https:\\\/\\\/diarioprincipios.com\\\/wp-content\\\/litespeed\\\/avatar\\\/11ddfe5610ff3bd100522525b2571f48.jpg?ver=1777653193\",\"caption\":\"Hern\u00e1n L\u00f3pez\"},\"url\":\"https:\\\/\\\/diarioprincipios.com\\\/index.php\\\/author\\\/hernan\\\/\"}]}<\/script>\n<!-- \/ Yoast SEO plugin. -->","yoast_head_json":{"title":"El Municipio invita a sumarse a la Campa\u00f1a Solidaria \"Seamos \u00datiles\", donando para que los ni\u00f1os sigan estudiando desde sus casas - Principios","robots":{"index":"index","follow":"follow","max-snippet":"max-snippet:-1","max-image-preview":"max-image-preview:large","max-video-preview":"max-video-preview:-1"},"canonical":"https:\/\/diarioprincipios.com\/index.php\/2020\/07\/06\/el-municipio-invita-a-sumarse-a-la-campana-solidaria-seamos-utiles-donando-para-que-los-ninos-sigan-estudiando-desde-sus-casas\/","og_locale":"es_ES","og_type":"article","og_title":"El Municipio invita a sumarse a la Campa\u00f1a Solidaria \"Seamos \u00datiles\", donando para que los ni\u00f1os sigan estudiando desde sus casas - Principios","og_description":"La Municipalidad de Berazategui informa a todos los vecinos que se pueden donar \u00fatiles escolares para que los ni\u00f1os y ni\u00f1as en situaci\u00f3n de vulnerabilidad social puedan seguir estudiando desde sus casas. La iniciativa se denomina \u201cSeamos \u00datiles\u201d y, para colaborar, hay que comunicarse al 4356-9200 (Interno 1191). La campa\u00f1a solidaria surgi\u00f3 en 2017, con...","og_url":"https:\/\/diarioprincipios.com\/index.php\/2020\/07\/06\/el-municipio-invita-a-sumarse-a-la-campana-solidaria-seamos-utiles-donando-para-que-los-ninos-sigan-estudiando-desde-sus-casas\/","og_site_name":"Principios","article_published_time":"2020-07-07T00:17:33+00:00","article_modified_time":"2020-07-07T00:17:37+00:00","og_image":[{"width":1280,"height":853,"url":"https:\/\/diarioprincipios.com\/wp-content\/uploads\/2020\/07\/SE-PUEDEN-DONAR-\u00daTILES-ESCOLARES-PARA-NI\u00d1OS-EN-SITUACI\u00d3N-DE-VULNERABILIDAD-SOCIAL-3.jpeg","type":"image\/jpeg"}],"author":"Hern\u00e1n L\u00f3pez","twitter_card":"summary_large_image","twitter_misc":{"Escrito por":"Hern\u00e1n L\u00f3pez","Tiempo de lectura":"2 minutos"},"schema":{"@context":"https:\/\/schema.org","@graph":[{"@type":"Article","@id":"https:\/\/diarioprincipios.com\/index.php\/2020\/07\/06\/el-municipio-invita-a-sumarse-a-la-campana-solidaria-seamos-utiles-donando-para-que-los-ninos-sigan-estudiando-desde-sus-casas\/#article","isPartOf":{"@id":"https:\/\/diarioprincipios.com\/index.php\/2020\/07\/06\/el-municipio-invita-a-sumarse-a-la-campana-solidaria-seamos-utiles-donando-para-que-los-ninos-sigan-estudiando-desde-sus-casas\/"},"author":{"name":"Hern\u00e1n L\u00f3pez","@id":"https:\/\/diarioprincipios.com\/#\/schema\/person\/436d5a1fd41a5e250e23ff5a6a7cb080"},"headline":"El Municipio invita a sumarse a la Campa\u00f1a Solidaria \u00abSeamos \u00datiles\u00bb, donando para que los ni\u00f1os sigan estudiando desde sus casas","datePublished":"2020-07-07T00:17:33+00:00","dateModified":"2020-07-07T00:17:37+00:00","mainEntityOfPage":{"@id":"https:\/\/diarioprincipios.com\/index.php\/2020\/07\/06\/el-municipio-invita-a-sumarse-a-la-campana-solidaria-seamos-utiles-donando-para-que-los-ninos-sigan-estudiando-desde-sus-casas\/"},"wordCount":356,"commentCount":0,"publisher":{"@id":"https:\/\/diarioprincipios.com\/#organization"},"image":{"@id":"https:\/\/diarioprincipios.com\/index.php\/2020\/07\/06\/el-municipio-invita-a-sumarse-a-la-campana-solidaria-seamos-utiles-donando-para-que-los-ninos-sigan-estudiando-desde-sus-casas\/#primaryimage"},"thumbnailUrl":"https:\/\/diarioprincipios.com\/wp-content\/uploads\/2020\/07\/SE-PUEDEN-DONAR-\u00daTILES-ESCOLARES-PARA-NI\u00d1OS-EN-SITUACI\u00d3N-DE-VULNERABILIDAD-SOCIAL-3.jpeg","articleSection":["Berazategui"],"inLanguage":"es","potentialAction":[{"@type":"CommentAction","name":"Comment","target":["https:\/\/diarioprincipios.com\/index.php\/2020\/07\/06\/el-municipio-invita-a-sumarse-a-la-campana-solidaria-seamos-utiles-donando-para-que-los-ninos-sigan-estudiando-desde-sus-casas\/#respond"]}]},{"@type":"WebPage","@id":"https:\/\/diarioprincipios.com\/index.php\/2020\/07\/06\/el-municipio-invita-a-sumarse-a-la-campana-solidaria-seamos-utiles-donando-para-que-los-ninos-sigan-estudiando-desde-sus-casas\/","url":"https:\/\/diarioprincipios.com\/index.php\/2020\/07\/06\/el-municipio-invita-a-sumarse-a-la-campana-solidaria-seamos-utiles-donando-para-que-los-ninos-sigan-estudiando-desde-sus-casas\/","name":"El Municipio invita a sumarse a la Campa\u00f1a Solidaria \"Seamos \u00datiles\", donando para que los ni\u00f1os sigan estudiando desde sus casas - Principios","isPartOf":{"@id":"https:\/\/diarioprincipios.com\/#website"},"primaryImageOfPage":{"@id":"https:\/\/diarioprincipios.com\/index.php\/2020\/07\/06\/el-municipio-invita-a-sumarse-a-la-campana-solidaria-seamos-utiles-donando-para-que-los-ninos-sigan-estudiando-desde-sus-casas\/#primaryimage"},"image":{"@id":"https:\/\/diarioprincipios.com\/index.php\/2020\/07\/06\/el-municipio-invita-a-sumarse-a-la-campana-solidaria-seamos-utiles-donando-para-que-los-ninos-sigan-estudiando-desde-sus-casas\/#primaryimage"},"thumbnailUrl":"https:\/\/diarioprincipios.com\/wp-content\/uploads\/2020\/07\/SE-PUEDEN-DONAR-\u00daTILES-ESCOLARES-PARA-NI\u00d1OS-EN-SITUACI\u00d3N-DE-VULNERABILIDAD-SOCIAL-3.jpeg","datePublished":"2020-07-07T00:17:33+00:00","dateModified":"2020-07-07T00:17:37+00:00","breadcrumb":{"@id":"https:\/\/diarioprincipios.com\/index.php\/2020\/07\/06\/el-municipio-invita-a-sumarse-a-la-campana-solidaria-seamos-utiles-donando-para-que-los-ninos-sigan-estudiando-desde-sus-casas\/#breadcrumb"},"inLanguage":"es","potentialAction":[{"@type":"ReadAction","target":["https:\/\/diarioprincipios.com\/index.php\/2020\/07\/06\/el-municipio-invita-a-sumarse-a-la-campana-solidaria-seamos-utiles-donando-para-que-los-ninos-sigan-estudiando-desde-sus-casas\/"]}]},{"@type":"ImageObject","inLanguage":"es","@id":"https:\/\/diarioprincipios.com\/index.php\/2020\/07\/06\/el-municipio-invita-a-sumarse-a-la-campana-solidaria-seamos-utiles-donando-para-que-los-ninos-sigan-estudiando-desde-sus-casas\/#primaryimage","url":"https:\/\/diarioprincipios.com\/wp-content\/uploads\/2020\/07\/SE-PUEDEN-DONAR-\u00daTILES-ESCOLARES-PARA-NI\u00d1OS-EN-SITUACI\u00d3N-DE-VULNERABILIDAD-SOCIAL-3.jpeg","contentUrl":"https:\/\/diarioprincipios.com\/wp-content\/uploads\/2020\/07\/SE-PUEDEN-DONAR-\u00daTILES-ESCOLARES-PARA-NI\u00d1OS-EN-SITUACI\u00d3N-DE-VULNERABILIDAD-SOCIAL-3.jpeg","width":1280,"height":853},{"@type":"BreadcrumbList","@id":"https:\/\/diarioprincipios.com\/index.php\/2020\/07\/06\/el-municipio-invita-a-sumarse-a-la-campana-solidaria-seamos-utiles-donando-para-que-los-ninos-sigan-estudiando-desde-sus-casas\/#breadcrumb","itemListElement":[{"@type":"ListItem","position":1,"name":"Portada","item":"https:\/\/diarioprincipios.com\/"},{"@type":"ListItem","position":2,"name":"El Municipio invita a sumarse a la Campa\u00f1a Solidaria \u00abSeamos \u00datiles\u00bb, donando para que los ni\u00f1os sigan estudiando desde sus casas"}]},{"@type":"WebSite","@id":"https:\/\/diarioprincipios.com\/#website","url":"https:\/\/diarioprincipios.com\/","name":"Principios","description":"Principios Diario","publisher":{"@id":"https:\/\/diarioprincipios.com\/#organization"},"potentialAction":[{"@type":"SearchAction","target":{"@type":"EntryPoint","urlTemplate":"https:\/\/diarioprincipios.com\/?s={search_term_string}"},"query-input":{"@type":"PropertyValueSpecification","valueRequired":true,"valueName":"search_term_string"}}],"inLanguage":"es"},{"@type":"Organization","@id":"https:\/\/diarioprincipios.com\/#organization","name":"Principios","url":"https:\/\/diarioprincipios.com\/","logo":{"@type":"ImageObject","inLanguage":"es","@id":"https:\/\/diarioprincipios.com\/#\/schema\/logo\/image\/","url":"https:\/\/diarioprincipios.com\/wp-content\/uploads\/2024\/04\/cropped-www.diarioprincipios.com_-1.png","contentUrl":"https:\/\/diarioprincipios.com\/wp-content\/uploads\/2024\/04\/cropped-www.diarioprincipios.com_-1.png","width":5325,"height":1454,"caption":"Principios"},"image":{"@id":"https:\/\/diarioprincipios.com\/#\/schema\/logo\/image\/"}},{"@type":"Person","@id":"https:\/\/diarioprincipios.com\/#\/schema\/person\/436d5a1fd41a5e250e23ff5a6a7cb080","name":"Hern\u00e1n L\u00f3pez","image":{"@type":"ImageObject","inLanguage":"es","@id":"https:\/\/diarioprincipios.com\/wp-content\/litespeed\/avatar\/11ddfe5610ff3bd100522525b2571f48.jpg?ver=1777653193","url":"https:\/\/diarioprincipios.com\/wp-content\/litespeed\/avatar\/11ddfe5610ff3bd100522525b2571f48.jpg?ver=1777653193","contentUrl":"https:\/\/diarioprincipios.com\/wp-content\/litespeed\/avatar\/11ddfe5610ff3bd100522525b2571f48.jpg?ver=1777653193","caption":"Hern\u00e1n L\u00f3pez"},"url":"https:\/\/diarioprincipios.com\/index.php\/author\/hernan\/"}]}},"jetpack_featured_media_url":"https:\/\/diarioprincipios.com\/wp-content\/uploads\/2020\/07\/SE-PUEDEN-DONAR-\u00daTILES-ESCOLARES-PARA-NI\u00d1OS-EN-SITUACI\u00d3N-DE-VULNERABILIDAD-SOCIAL-3.jpeg","_links":{"self":[{"href":"https:\/\/diarioprincipios.com\/index.php\/wp-json\/wp\/v2\/posts\/3693","targetHints":{"allow":["GET"]}}],"collection":[{"href":"https:\/\/diarioprincipios.com\/index.php\/wp-json\/wp\/v2\/posts"}],"about":[{"href":"https:\/\/diarioprincipios.com\/index.php\/wp-json\/wp\/v2\/types\/post"}],"author":[{"embeddable":true,"href":"https:\/\/diarioprincipios.com\/index.php\/wp-json\/wp\/v2\/users\/2"}],"replies":[{"embeddable":true,"href":"https:\/\/diarioprincipios.com\/index.php\/wp-json\/wp\/v2\/comments?post=3693"}],"version-history":[{"count":1,"href":"https:\/\/diarioprincipios.com\/index.php\/wp-json\/wp\/v2\/posts\/3693\/revisions"}],"predecessor-version":[{"id":3695,"href":"https:\/\/diarioprincipios.com\/index.php\/wp-json\/wp\/v2\/posts\/3693\/revisions\/3695"}],"wp:featuredmedia":[{"embeddable":true,"href":"https:\/\/diarioprincipios.com\/index.php\/wp-json\/wp\/v2\/media\/3694"}],"wp:attachment":[{"href":"https:\/\/diarioprincipios.com\/index.php\/wp-json\/wp\/v2\/media?parent=3693"}],"wp:term":[{"taxonomy":"category","embeddable":true,"href":"https:\/\/diarioprincipios.com\/index.php\/wp-json\/wp\/v2\/categories?post=3693"},{"taxonomy":"post_tag","embeddable":true,"href":"https:\/\/diarioprincipios.com\/index.php\/wp-json\/wp\/v2\/tags?post=3693"}],"curies":[{"name":"wp","href":"https:\/\/api.w.org\/{rel}","templated":true}]}}