{"id":3677,"date":"2020-07-06T16:53:52","date_gmt":"2020-07-06T19:53:52","guid":{"rendered":"http:\/\/diarioprincipios.com\/?p=3677"},"modified":"2020-07-06T16:53:56","modified_gmt":"2020-07-06T19:53:56","slug":"kicillof-lanzo-un-plan-para-auxiliar-a-pymes-y-comercios-bonaerense-para-afrontar-la-pandemia","status":"publish","type":"post","link":"https:\/\/diarioprincipios.com\/index.php\/2020\/07\/06\/kicillof-lanzo-un-plan-para-auxiliar-a-pymes-y-comercios-bonaerense-para-afrontar-la-pandemia\/","title":{"rendered":"Kicillof lanz\u00f3 un plan para auxiliar a pymes y comercios bonaerense para afrontar la pandemia"},"content":{"rendered":"\n<p>El gobernador bonaerense, Axel Kicillof, anunci\u00f3 hoy medidas impositivas, de financiamiento y de asistencia para ayudar a pymes y comercios afectados en su actividad por la pandemia de coronavirus, complementarias a las que implementa el Gobierno nacional.<\/p>\n\n\n\n<p>El conjunto de iniciativas est\u00e1 compuesto por un programa de asistencia tributaria de emergencia instrumentado por la Agencia de Recaudaci\u00f3n bonaerense (Arba), con seis propuestas espec\u00edficas para distintos contribuyentes, y un plan de preservaci\u00f3n de las fuentes de empleo que desarrollar\u00e1 el Ministerio de Trabajo provincial.<\/p>\n\n\n\n<p>Tambi\u00e9n se anunci\u00f3 entre las medidas la creaci\u00f3n de un fondo municipal para la reactivaci\u00f3n de la cultura y el turismo, y un programa de asistencia financiera del Banco Provincia con tres l\u00edneas crediticias.<\/p>\n\n\n\n<p>\u00abEstas medidas son para el apoyo, asistencia y acompa\u00f1amiento de la actividad productiva de la provincia y complementan el inmenso esfuerzo que est\u00e1 haciendo el Gobierno nacional\u00bb, expuso Kicillof durante un acto por teleconferencia que encabez\u00f3 desde la Casa de Gobierno, en La Plata.<\/p>\n\n\n\n<p>El mandatario formul\u00f3 los anuncios acompa\u00f1ado por el ministro de Producci\u00f3n, Ciencia y Tecnolog\u00eda bonaerense, Augusto Costa; de Trabajo, Mar\u00eda Ruiz Malec; los titulares de Arba, Cristian Girard, y del Banco Provincia, Juan Cuattromo; el ministro de Turismo, Matias Lammens, y la secretaria de Comercio Interior, Paula Espa\u00f1ol.<\/p>\n\n\n\n<p>El gobernador sostuvo que el plan de asistencia \u00abapunta a un universo inmenso de empresas\u00bb y subray\u00f3 que esas pol\u00edticas son \u00abel resultado del an\u00e1lisis y el trabajo conjunto con todas las asociaciones empresarias con actividad en la provincia de Buenos Aires\u00bb.<\/p>\n\n\n\n<p>Kicillof explic\u00f3 que el prop\u00f3sito de su administraci\u00f3n es generar herramientas que \u00abden respuestas para sostener la actividad productiva\u00bb ante la crisis desatada a partir de la pandemia de coronavirus.<\/p>\n\n\n\n<p>\u00abUna crisis mundial, financiera, econ\u00f3mica y laboral pega de lleno a nuestro tejido productivo en todas sus \u00e1reas\u00bb, analiz\u00f3 el mandatario y agreg\u00f3 que \u00abprobablemente con estas medidas no alcance para poder llegar a todos los casos\u00bb pero asegur\u00f3 que \u00abest\u00e1 la voluntad de seguir alcanzado ayuda y medidas para que a nadie se quede afuera ni al costado del camino\u00bb<\/p>\n\n\n\n<p>El ministro Costa especific\u00f3 que la bater\u00eda de medidas que implementa la administraci\u00f3n bonaerense \u00abcomplementan las pol\u00edticas que desarrolla el Gobierno nacional y atiende especificidades de la provincia\u00bb.<\/p>\n\n\n\n<p>As\u00ed, anunci\u00f3 la creaci\u00f3n de un fondo que se otorgar\u00e1 a trav\u00e9s de los municipios para reactivar los emprendimientos culturales y tur\u00edsticos de los 135 municipios bonaerenses, que implicar\u00e1 una inversi\u00f3n de 300 millones de pesos, y por el cual \u00abcada intendente determinar\u00e1 qui\u00e9nes ser\u00e1n los beneficiarios de acuerdo a las prioridades a nivel local\u00bb, detall\u00f3.<\/p>\n\n\n\n<p>Durante el acto, el funcionario tambi\u00e9n anunci\u00f3 un plan de pagos de Arba para empresas que se vieron afectadas por la pandemia y la disminuci\u00f3n al m\u00ednimo de las al\u00edcuotas de retenci\u00f3n y percepci\u00f3n a contribuyentes que facturaron hasta 1 mill\u00f3n de pesos en 2019.<\/p>\n\n\n\n<p>Al mismo tiempo, el organismo permitir\u00e1 abonar otros impuestos provinciales con los saldos a favor acumulados de Ingresos Brutos y ampliar\u00e1 el plan de pagos vigente para todos los contribuyentes, incluyendo deuda vencida hasta el 31 de mayo.<\/p>\n\n\n\n<p>Arba dispondr\u00e1, adem\u00e1s, de un plan de pagos especial para las empresas que act\u00faan como agentes de recaudaci\u00f3n que hayan omitido actuar como tales y extender\u00e1 el plazo de 15 a 30 d\u00edas para depositar las retenciones y percepciones.<\/p>\n\n\n\n<p>El organismo tambi\u00e9n otorgar\u00e1 bonificaciones en el impuesto a los Ingresos brutos de 15% para actividades afectadas por la pandemia y de 50% para pymes, y seg\u00fan explic\u00f3 m\u00e1s tarde Girard, esa medida tiene \u00abun costo fiscal de 1500 millones de pesos\u00bb.<\/p>\n\n\n\n<p>El presidente del Banco Provincia, en tanto, anunci\u00f3 el \u00abPr\u00e9stamo Evoluci\u00f3n\u00bb, una l\u00ednea de cr\u00e9dito al 35% para que empresas puedan financiar capital de trabajo con un per\u00edodo de gracia de 3 meses y un plazo de pago de 12 meses y la la ampliaci\u00f3n de la \u00abTarjeta Pactar\u00bb, destinada a que las compa\u00f1\u00edas adquieran bienes e insumos a una tasa del 35% y un plazo de 180 d\u00edas.<\/p>\n\n\n\n<p>Cuattromo tambi\u00e9n lanz\u00f3 el \u00abPrograma Compre Bonaerense\u00bb, una l\u00ednea de financiamiento para la adquisici\u00f3n de bienes de capital nuevos y usados, para ser aplicados a la producci\u00f3n de bienes y servicios, que financia hasta el 100% de la inversi\u00f3n, en 36, 48 y 60 meses a tasas de 20%, 22% y 24%, por hasta $350 millones.<\/p>\n\n\n\n<p>En esa l\u00ednea, la ministra de Trabajo, Mara Ruiz Malec, present\u00f3 el Programa de Preservaci\u00f3n del Trabajo (PPT), una asignaci\u00f3n compensatoria del salario de hasta 50% del Salario Vital y Movil por un plazo de tres meses por un total de 500 millones de pesos.<\/p>\n","protected":false},"excerpt":{"rendered":"<p>El gobernador bonaerense, Axel Kicillof, anunci\u00f3 hoy medidas impositivas, de financiamiento y de asistencia para ayudar a pymes y comercios afectados en su actividad por la pandemia de coronavirus, complementarias a las que implementa el Gobierno nacional. El conjunto de iniciativas est\u00e1 compuesto por un programa de asistencia tributaria de emergencia instrumentado por la Agencia&#8230;<\/p>\n","protected":false},"author":2,"featured_media":3678,"comment_status":"open","ping_status":"open","sticky":false,"template":"","format":"standard","meta":{"footnotes":""},"categories":[7],"tags":[],"class_list":["post-3677","post","type-post","status-publish","format-standard","has-post-thumbnail","hentry","category-provincia"],"featured_image_src":"https:\/\/diarioprincipios.com\/wp-content\/uploads\/2020\/07\/kicillof1200-1024x576.jpg","blog_images":{"medium":"https:\/\/diarioprincipios.com\/wp-content\/uploads\/2020\/07\/kicillof1200-300x169.jpg","large":"https:\/\/diarioprincipios.com\/wp-content\/uploads\/2020\/07\/kicillof1200-1024x576.jpg"},"ams_acf":[],"yoast_head":"<!-- This site is optimized with the Yoast SEO plugin v27.3 - https:\/\/yoast.com\/product\/yoast-seo-wordpress\/ -->\n<title>Kicillof lanz\u00f3 un plan para auxiliar a pymes y comercios bonaerense para afrontar la pandemia - Principios<\/title>\n<meta name=\"robots\" content=\"index, follow, max-snippet:-1, max-image-preview:large, max-video-preview:-1\" \/>\n<link rel=\"canonical\" href=\"https:\/\/diarioprincipios.com\/index.php\/2020\/07\/06\/kicillof-lanzo-un-plan-para-auxiliar-a-pymes-y-comercios-bonaerense-para-afrontar-la-pandemia\/\" \/>\n<meta property=\"og:locale\" content=\"es_ES\" \/>\n<meta property=\"og:type\" content=\"article\" \/>\n<meta property=\"og:title\" content=\"Kicillof lanz\u00f3 un plan para auxiliar a pymes y comercios bonaerense para afrontar la pandemia - Principios\" \/>\n<meta property=\"og:description\" content=\"El gobernador bonaerense, Axel Kicillof, anunci\u00f3 hoy medidas impositivas, de financiamiento y de asistencia para ayudar a pymes y comercios afectados en su actividad por la pandemia de coronavirus, complementarias a las que implementa el Gobierno nacional. El conjunto de iniciativas est\u00e1 compuesto por un programa de asistencia tributaria de emergencia instrumentado por la Agencia...\" \/>\n<meta property=\"og:url\" content=\"https:\/\/diarioprincipios.com\/index.php\/2020\/07\/06\/kicillof-lanzo-un-plan-para-auxiliar-a-pymes-y-comercios-bonaerense-para-afrontar-la-pandemia\/\" \/>\n<meta property=\"og:site_name\" content=\"Principios\" \/>\n<meta property=\"article:published_time\" content=\"2020-07-06T19:53:52+00:00\" \/>\n<meta property=\"article:modified_time\" content=\"2020-07-06T19:53:56+00:00\" \/>\n<meta property=\"og:image\" content=\"https:\/\/diarioprincipios.com\/wp-content\/uploads\/2020\/07\/kicillof1200.jpg\" \/>\n\t<meta property=\"og:image:width\" content=\"1200\" \/>\n\t<meta property=\"og:image:height\" content=\"675\" \/>\n\t<meta property=\"og:image:type\" content=\"image\/jpeg\" \/>\n<meta name=\"author\" content=\"Hern\u00e1n L\u00f3pez\" \/>\n<meta name=\"twitter:card\" content=\"summary_large_image\" \/>\n<meta name=\"twitter:label1\" content=\"Escrito por\" \/>\n\t<meta name=\"twitter:data1\" content=\"Hern\u00e1n L\u00f3pez\" \/>\n\t<meta name=\"twitter:label2\" content=\"Tiempo de lectura\" \/>\n\t<meta name=\"twitter:data2\" content=\"4 minutos\" \/>\n<script type=\"application\/ld+json\" class=\"yoast-schema-graph\">{\"@context\":\"https:\\\/\\\/schema.org\",\"@graph\":[{\"@type\":\"Article\",\"@id\":\"https:\\\/\\\/diarioprincipios.com\\\/index.php\\\/2020\\\/07\\\/06\\\/kicillof-lanzo-un-plan-para-auxiliar-a-pymes-y-comercios-bonaerense-para-afrontar-la-pandemia\\\/#article\",\"isPartOf\":{\"@id\":\"https:\\\/\\\/diarioprincipios.com\\\/index.php\\\/2020\\\/07\\\/06\\\/kicillof-lanzo-un-plan-para-auxiliar-a-pymes-y-comercios-bonaerense-para-afrontar-la-pandemia\\\/\"},\"author\":{\"name\":\"Hern\u00e1n L\u00f3pez\",\"@id\":\"https:\\\/\\\/diarioprincipios.com\\\/#\\\/schema\\\/person\\\/436d5a1fd41a5e250e23ff5a6a7cb080\"},\"headline\":\"Kicillof lanz\u00f3 un plan para auxiliar a pymes y comercios bonaerense para afrontar la pandemia\",\"datePublished\":\"2020-07-06T19:53:52+00:00\",\"dateModified\":\"2020-07-06T19:53:56+00:00\",\"mainEntityOfPage\":{\"@id\":\"https:\\\/\\\/diarioprincipios.com\\\/index.php\\\/2020\\\/07\\\/06\\\/kicillof-lanzo-un-plan-para-auxiliar-a-pymes-y-comercios-bonaerense-para-afrontar-la-pandemia\\\/\"},\"wordCount\":807,\"commentCount\":0,\"publisher\":{\"@id\":\"https:\\\/\\\/diarioprincipios.com\\\/#organization\"},\"image\":{\"@id\":\"https:\\\/\\\/diarioprincipios.com\\\/index.php\\\/2020\\\/07\\\/06\\\/kicillof-lanzo-un-plan-para-auxiliar-a-pymes-y-comercios-bonaerense-para-afrontar-la-pandemia\\\/#primaryimage\"},\"thumbnailUrl\":\"https:\\\/\\\/diarioprincipios.com\\\/wp-content\\\/uploads\\\/2020\\\/07\\\/kicillof1200.jpg\",\"articleSection\":[\"Provincia\"],\"inLanguage\":\"es\",\"potentialAction\":[{\"@type\":\"CommentAction\",\"name\":\"Comment\",\"target\":[\"https:\\\/\\\/diarioprincipios.com\\\/index.php\\\/2020\\\/07\\\/06\\\/kicillof-lanzo-un-plan-para-auxiliar-a-pymes-y-comercios-bonaerense-para-afrontar-la-pandemia\\\/#respond\"]}]},{\"@type\":\"WebPage\",\"@id\":\"https:\\\/\\\/diarioprincipios.com\\\/index.php\\\/2020\\\/07\\\/06\\\/kicillof-lanzo-un-plan-para-auxiliar-a-pymes-y-comercios-bonaerense-para-afrontar-la-pandemia\\\/\",\"url\":\"https:\\\/\\\/diarioprincipios.com\\\/index.php\\\/2020\\\/07\\\/06\\\/kicillof-lanzo-un-plan-para-auxiliar-a-pymes-y-comercios-bonaerense-para-afrontar-la-pandemia\\\/\",\"name\":\"Kicillof lanz\u00f3 un plan para auxiliar a pymes y comercios bonaerense para afrontar la pandemia - Principios\",\"isPartOf\":{\"@id\":\"https:\\\/\\\/diarioprincipios.com\\\/#website\"},\"primaryImageOfPage\":{\"@id\":\"https:\\\/\\\/diarioprincipios.com\\\/index.php\\\/2020\\\/07\\\/06\\\/kicillof-lanzo-un-plan-para-auxiliar-a-pymes-y-comercios-bonaerense-para-afrontar-la-pandemia\\\/#primaryimage\"},\"image\":{\"@id\":\"https:\\\/\\\/diarioprincipios.com\\\/index.php\\\/2020\\\/07\\\/06\\\/kicillof-lanzo-un-plan-para-auxiliar-a-pymes-y-comercios-bonaerense-para-afrontar-la-pandemia\\\/#primaryimage\"},\"thumbnailUrl\":\"https:\\\/\\\/diarioprincipios.com\\\/wp-content\\\/uploads\\\/2020\\\/07\\\/kicillof1200.jpg\",\"datePublished\":\"2020-07-06T19:53:52+00:00\",\"dateModified\":\"2020-07-06T19:53:56+00:00\",\"breadcrumb\":{\"@id\":\"https:\\\/\\\/diarioprincipios.com\\\/index.php\\\/2020\\\/07\\\/06\\\/kicillof-lanzo-un-plan-para-auxiliar-a-pymes-y-comercios-bonaerense-para-afrontar-la-pandemia\\\/#breadcrumb\"},\"inLanguage\":\"es\",\"potentialAction\":[{\"@type\":\"ReadAction\",\"target\":[\"https:\\\/\\\/diarioprincipios.com\\\/index.php\\\/2020\\\/07\\\/06\\\/kicillof-lanzo-un-plan-para-auxiliar-a-pymes-y-comercios-bonaerense-para-afrontar-la-pandemia\\\/\"]}]},{\"@type\":\"ImageObject\",\"inLanguage\":\"es\",\"@id\":\"https:\\\/\\\/diarioprincipios.com\\\/index.php\\\/2020\\\/07\\\/06\\\/kicillof-lanzo-un-plan-para-auxiliar-a-pymes-y-comercios-bonaerense-para-afrontar-la-pandemia\\\/#primaryimage\",\"url\":\"https:\\\/\\\/diarioprincipios.com\\\/wp-content\\\/uploads\\\/2020\\\/07\\\/kicillof1200.jpg\",\"contentUrl\":\"https:\\\/\\\/diarioprincipios.com\\\/wp-content\\\/uploads\\\/2020\\\/07\\\/kicillof1200.jpg\",\"width\":1200,\"height\":675},{\"@type\":\"BreadcrumbList\",\"@id\":\"https:\\\/\\\/diarioprincipios.com\\\/index.php\\\/2020\\\/07\\\/06\\\/kicillof-lanzo-un-plan-para-auxiliar-a-pymes-y-comercios-bonaerense-para-afrontar-la-pandemia\\\/#breadcrumb\",\"itemListElement\":[{\"@type\":\"ListItem\",\"position\":1,\"name\":\"Portada\",\"item\":\"https:\\\/\\\/diarioprincipios.com\\\/\"},{\"@type\":\"ListItem\",\"position\":2,\"name\":\"Kicillof lanz\u00f3 un plan para auxiliar a pymes y comercios bonaerense para afrontar la pandemia\"}]},{\"@type\":\"WebSite\",\"@id\":\"https:\\\/\\\/diarioprincipios.com\\\/#website\",\"url\":\"https:\\\/\\\/diarioprincipios.com\\\/\",\"name\":\"Principios\",\"description\":\"Principios Diario\",\"publisher\":{\"@id\":\"https:\\\/\\\/diarioprincipios.com\\\/#organization\"},\"potentialAction\":[{\"@type\":\"SearchAction\",\"target\":{\"@type\":\"EntryPoint\",\"urlTemplate\":\"https:\\\/\\\/diarioprincipios.com\\\/?s={search_term_string}\"},\"query-input\":{\"@type\":\"PropertyValueSpecification\",\"valueRequired\":true,\"valueName\":\"search_term_string\"}}],\"inLanguage\":\"es\"},{\"@type\":\"Organization\",\"@id\":\"https:\\\/\\\/diarioprincipios.com\\\/#organization\",\"name\":\"Principios\",\"url\":\"https:\\\/\\\/diarioprincipios.com\\\/\",\"logo\":{\"@type\":\"ImageObject\",\"inLanguage\":\"es\",\"@id\":\"https:\\\/\\\/diarioprincipios.com\\\/#\\\/schema\\\/logo\\\/image\\\/\",\"url\":\"https:\\\/\\\/diarioprincipios.com\\\/wp-content\\\/uploads\\\/2024\\\/04\\\/cropped-www.diarioprincipios.com_-1.png\",\"contentUrl\":\"https:\\\/\\\/diarioprincipios.com\\\/wp-content\\\/uploads\\\/2024\\\/04\\\/cropped-www.diarioprincipios.com_-1.png\",\"width\":5325,\"height\":1454,\"caption\":\"Principios\"},\"image\":{\"@id\":\"https:\\\/\\\/diarioprincipios.com\\\/#\\\/schema\\\/logo\\\/image\\\/\"}},{\"@type\":\"Person\",\"@id\":\"https:\\\/\\\/diarioprincipios.com\\\/#\\\/schema\\\/person\\\/436d5a1fd41a5e250e23ff5a6a7cb080\",\"name\":\"Hern\u00e1n L\u00f3pez\",\"image\":{\"@type\":\"ImageObject\",\"inLanguage\":\"es\",\"@id\":\"https:\\\/\\\/diarioprincipios.com\\\/wp-content\\\/litespeed\\\/avatar\\\/11ddfe5610ff3bd100522525b2571f48.jpg?ver=1777048341\",\"url\":\"https:\\\/\\\/diarioprincipios.com\\\/wp-content\\\/litespeed\\\/avatar\\\/11ddfe5610ff3bd100522525b2571f48.jpg?ver=1777048341\",\"contentUrl\":\"https:\\\/\\\/diarioprincipios.com\\\/wp-content\\\/litespeed\\\/avatar\\\/11ddfe5610ff3bd100522525b2571f48.jpg?ver=1777048341\",\"caption\":\"Hern\u00e1n L\u00f3pez\"},\"url\":\"https:\\\/\\\/diarioprincipios.com\\\/index.php\\\/author\\\/hernan\\\/\"}]}<\/script>\n<!-- \/ Yoast SEO plugin. -->","yoast_head_json":{"title":"Kicillof lanz\u00f3 un plan para auxiliar a pymes y comercios bonaerense para afrontar la pandemia - Principios","robots":{"index":"index","follow":"follow","max-snippet":"max-snippet:-1","max-image-preview":"max-image-preview:large","max-video-preview":"max-video-preview:-1"},"canonical":"https:\/\/diarioprincipios.com\/index.php\/2020\/07\/06\/kicillof-lanzo-un-plan-para-auxiliar-a-pymes-y-comercios-bonaerense-para-afrontar-la-pandemia\/","og_locale":"es_ES","og_type":"article","og_title":"Kicillof lanz\u00f3 un plan para auxiliar a pymes y comercios bonaerense para afrontar la pandemia - Principios","og_description":"El gobernador bonaerense, Axel Kicillof, anunci\u00f3 hoy medidas impositivas, de financiamiento y de asistencia para ayudar a pymes y comercios afectados en su actividad por la pandemia de coronavirus, complementarias a las que implementa el Gobierno nacional. El conjunto de iniciativas est\u00e1 compuesto por un programa de asistencia tributaria de emergencia instrumentado por la Agencia...","og_url":"https:\/\/diarioprincipios.com\/index.php\/2020\/07\/06\/kicillof-lanzo-un-plan-para-auxiliar-a-pymes-y-comercios-bonaerense-para-afrontar-la-pandemia\/","og_site_name":"Principios","article_published_time":"2020-07-06T19:53:52+00:00","article_modified_time":"2020-07-06T19:53:56+00:00","og_image":[{"width":1200,"height":675,"url":"https:\/\/diarioprincipios.com\/wp-content\/uploads\/2020\/07\/kicillof1200.jpg","type":"image\/jpeg"}],"author":"Hern\u00e1n L\u00f3pez","twitter_card":"summary_large_image","twitter_misc":{"Escrito por":"Hern\u00e1n L\u00f3pez","Tiempo de lectura":"4 minutos"},"schema":{"@context":"https:\/\/schema.org","@graph":[{"@type":"Article","@id":"https:\/\/diarioprincipios.com\/index.php\/2020\/07\/06\/kicillof-lanzo-un-plan-para-auxiliar-a-pymes-y-comercios-bonaerense-para-afrontar-la-pandemia\/#article","isPartOf":{"@id":"https:\/\/diarioprincipios.com\/index.php\/2020\/07\/06\/kicillof-lanzo-un-plan-para-auxiliar-a-pymes-y-comercios-bonaerense-para-afrontar-la-pandemia\/"},"author":{"name":"Hern\u00e1n L\u00f3pez","@id":"https:\/\/diarioprincipios.com\/#\/schema\/person\/436d5a1fd41a5e250e23ff5a6a7cb080"},"headline":"Kicillof lanz\u00f3 un plan para auxiliar a pymes y comercios bonaerense para afrontar la pandemia","datePublished":"2020-07-06T19:53:52+00:00","dateModified":"2020-07-06T19:53:56+00:00","mainEntityOfPage":{"@id":"https:\/\/diarioprincipios.com\/index.php\/2020\/07\/06\/kicillof-lanzo-un-plan-para-auxiliar-a-pymes-y-comercios-bonaerense-para-afrontar-la-pandemia\/"},"wordCount":807,"commentCount":0,"publisher":{"@id":"https:\/\/diarioprincipios.com\/#organization"},"image":{"@id":"https:\/\/diarioprincipios.com\/index.php\/2020\/07\/06\/kicillof-lanzo-un-plan-para-auxiliar-a-pymes-y-comercios-bonaerense-para-afrontar-la-pandemia\/#primaryimage"},"thumbnailUrl":"https:\/\/diarioprincipios.com\/wp-content\/uploads\/2020\/07\/kicillof1200.jpg","articleSection":["Provincia"],"inLanguage":"es","potentialAction":[{"@type":"CommentAction","name":"Comment","target":["https:\/\/diarioprincipios.com\/index.php\/2020\/07\/06\/kicillof-lanzo-un-plan-para-auxiliar-a-pymes-y-comercios-bonaerense-para-afrontar-la-pandemia\/#respond"]}]},{"@type":"WebPage","@id":"https:\/\/diarioprincipios.com\/index.php\/2020\/07\/06\/kicillof-lanzo-un-plan-para-auxiliar-a-pymes-y-comercios-bonaerense-para-afrontar-la-pandemia\/","url":"https:\/\/diarioprincipios.com\/index.php\/2020\/07\/06\/kicillof-lanzo-un-plan-para-auxiliar-a-pymes-y-comercios-bonaerense-para-afrontar-la-pandemia\/","name":"Kicillof lanz\u00f3 un plan para auxiliar a pymes y comercios bonaerense para afrontar la pandemia - Principios","isPartOf":{"@id":"https:\/\/diarioprincipios.com\/#website"},"primaryImageOfPage":{"@id":"https:\/\/diarioprincipios.com\/index.php\/2020\/07\/06\/kicillof-lanzo-un-plan-para-auxiliar-a-pymes-y-comercios-bonaerense-para-afrontar-la-pandemia\/#primaryimage"},"image":{"@id":"https:\/\/diarioprincipios.com\/index.php\/2020\/07\/06\/kicillof-lanzo-un-plan-para-auxiliar-a-pymes-y-comercios-bonaerense-para-afrontar-la-pandemia\/#primaryimage"},"thumbnailUrl":"https:\/\/diarioprincipios.com\/wp-content\/uploads\/2020\/07\/kicillof1200.jpg","datePublished":"2020-07-06T19:53:52+00:00","dateModified":"2020-07-06T19:53:56+00:00","breadcrumb":{"@id":"https:\/\/diarioprincipios.com\/index.php\/2020\/07\/06\/kicillof-lanzo-un-plan-para-auxiliar-a-pymes-y-comercios-bonaerense-para-afrontar-la-pandemia\/#breadcrumb"},"inLanguage":"es","potentialAction":[{"@type":"ReadAction","target":["https:\/\/diarioprincipios.com\/index.php\/2020\/07\/06\/kicillof-lanzo-un-plan-para-auxiliar-a-pymes-y-comercios-bonaerense-para-afrontar-la-pandemia\/"]}]},{"@type":"ImageObject","inLanguage":"es","@id":"https:\/\/diarioprincipios.com\/index.php\/2020\/07\/06\/kicillof-lanzo-un-plan-para-auxiliar-a-pymes-y-comercios-bonaerense-para-afrontar-la-pandemia\/#primaryimage","url":"https:\/\/diarioprincipios.com\/wp-content\/uploads\/2020\/07\/kicillof1200.jpg","contentUrl":"https:\/\/diarioprincipios.com\/wp-content\/uploads\/2020\/07\/kicillof1200.jpg","width":1200,"height":675},{"@type":"BreadcrumbList","@id":"https:\/\/diarioprincipios.com\/index.php\/2020\/07\/06\/kicillof-lanzo-un-plan-para-auxiliar-a-pymes-y-comercios-bonaerense-para-afrontar-la-pandemia\/#breadcrumb","itemListElement":[{"@type":"ListItem","position":1,"name":"Portada","item":"https:\/\/diarioprincipios.com\/"},{"@type":"ListItem","position":2,"name":"Kicillof lanz\u00f3 un plan para auxiliar a pymes y comercios bonaerense para afrontar la pandemia"}]},{"@type":"WebSite","@id":"https:\/\/diarioprincipios.com\/#website","url":"https:\/\/diarioprincipios.com\/","name":"Principios","description":"Principios Diario","publisher":{"@id":"https:\/\/diarioprincipios.com\/#organization"},"potentialAction":[{"@type":"SearchAction","target":{"@type":"EntryPoint","urlTemplate":"https:\/\/diarioprincipios.com\/?s={search_term_string}"},"query-input":{"@type":"PropertyValueSpecification","valueRequired":true,"valueName":"search_term_string"}}],"inLanguage":"es"},{"@type":"Organization","@id":"https:\/\/diarioprincipios.com\/#organization","name":"Principios","url":"https:\/\/diarioprincipios.com\/","logo":{"@type":"ImageObject","inLanguage":"es","@id":"https:\/\/diarioprincipios.com\/#\/schema\/logo\/image\/","url":"https:\/\/diarioprincipios.com\/wp-content\/uploads\/2024\/04\/cropped-www.diarioprincipios.com_-1.png","contentUrl":"https:\/\/diarioprincipios.com\/wp-content\/uploads\/2024\/04\/cropped-www.diarioprincipios.com_-1.png","width":5325,"height":1454,"caption":"Principios"},"image":{"@id":"https:\/\/diarioprincipios.com\/#\/schema\/logo\/image\/"}},{"@type":"Person","@id":"https:\/\/diarioprincipios.com\/#\/schema\/person\/436d5a1fd41a5e250e23ff5a6a7cb080","name":"Hern\u00e1n L\u00f3pez","image":{"@type":"ImageObject","inLanguage":"es","@id":"https:\/\/diarioprincipios.com\/wp-content\/litespeed\/avatar\/11ddfe5610ff3bd100522525b2571f48.jpg?ver=1777048341","url":"https:\/\/diarioprincipios.com\/wp-content\/litespeed\/avatar\/11ddfe5610ff3bd100522525b2571f48.jpg?ver=1777048341","contentUrl":"https:\/\/diarioprincipios.com\/wp-content\/litespeed\/avatar\/11ddfe5610ff3bd100522525b2571f48.jpg?ver=1777048341","caption":"Hern\u00e1n L\u00f3pez"},"url":"https:\/\/diarioprincipios.com\/index.php\/author\/hernan\/"}]}},"jetpack_featured_media_url":"https:\/\/diarioprincipios.com\/wp-content\/uploads\/2020\/07\/kicillof1200.jpg","_links":{"self":[{"href":"https:\/\/diarioprincipios.com\/index.php\/wp-json\/wp\/v2\/posts\/3677","targetHints":{"allow":["GET"]}}],"collection":[{"href":"https:\/\/diarioprincipios.com\/index.php\/wp-json\/wp\/v2\/posts"}],"about":[{"href":"https:\/\/diarioprincipios.com\/index.php\/wp-json\/wp\/v2\/types\/post"}],"author":[{"embeddable":true,"href":"https:\/\/diarioprincipios.com\/index.php\/wp-json\/wp\/v2\/users\/2"}],"replies":[{"embeddable":true,"href":"https:\/\/diarioprincipios.com\/index.php\/wp-json\/wp\/v2\/comments?post=3677"}],"version-history":[{"count":1,"href":"https:\/\/diarioprincipios.com\/index.php\/wp-json\/wp\/v2\/posts\/3677\/revisions"}],"predecessor-version":[{"id":3679,"href":"https:\/\/diarioprincipios.com\/index.php\/wp-json\/wp\/v2\/posts\/3677\/revisions\/3679"}],"wp:featuredmedia":[{"embeddable":true,"href":"https:\/\/diarioprincipios.com\/index.php\/wp-json\/wp\/v2\/media\/3678"}],"wp:attachment":[{"href":"https:\/\/diarioprincipios.com\/index.php\/wp-json\/wp\/v2\/media?parent=3677"}],"wp:term":[{"taxonomy":"category","embeddable":true,"href":"https:\/\/diarioprincipios.com\/index.php\/wp-json\/wp\/v2\/categories?post=3677"},{"taxonomy":"post_tag","embeddable":true,"href":"https:\/\/diarioprincipios.com\/index.php\/wp-json\/wp\/v2\/tags?post=3677"}],"curies":[{"name":"wp","href":"https:\/\/api.w.org\/{rel}","templated":true}]}}