{"id":365,"date":"2020-03-18T00:58:28","date_gmt":"2020-03-18T00:58:28","guid":{"rendered":"http:\/\/diarioprincipios.com\/?p=365"},"modified":"2020-03-18T00:58:30","modified_gmt":"2020-03-18T00:58:30","slug":"berazategui-suspende-tramites-de-la-licencia-de-conducir-hasta-el-1-de-abril","status":"publish","type":"post","link":"https:\/\/diarioprincipios.com\/index.php\/2020\/03\/18\/berazategui-suspende-tramites-de-la-licencia-de-conducir-hasta-el-1-de-abril\/","title":{"rendered":"Berazategui suspende tr\u00e1mites de la licencia de conducir hasta el 1 de Abril"},"content":{"rendered":"\n<p><strong>La Municipalidad de Berazategui informa que a partir del 18 de marzo los tr\u00e1mites para obtener la Licencia de Conducir, como as\u00ed tambi\u00e9n de renovaci\u00f3n, quedar\u00e1n suspendidos hasta el 1\u00b0 de abril del corriente a\u00f1o. La medida fue tomada por la Direcci\u00f3n Provincial de Pol\u00edtica y Seguridad Vial de la Provincia de Buenos Aires.<\/strong><\/p>\n\n\n\n<p>En principio los carnets cuyos vencimiento van del 15 de febrero al 1\u00b0 de abril de este a\u00f1o tendr\u00e1n una pr\u00f3rroga de 60 d\u00edas. Lo mismo ocurre con los cursos y ex\u00e1menes.<\/p>\n\n\n\n<p>El objetivo de la medida apunta a disminuir la circulaci\u00f3n de personas y minimizar la propagaci\u00f3n del Coronavirus (COVID-19).<\/p>\n\n\n\n<p>\u201cA trav\u00e9s de la disposici\u00f3n que nos lleg\u00f3 en las \u00faltimas horas, la Municipalidad de Berazategui adhiere a la suspensi\u00f3n del tr\u00e1mite de Licencia de Conducir. Los vecinos no podr\u00e1n gestionar renovaciones ni los carnets originales para aquellos que lo hacen por primera vez\u201d, explic\u00f3 Valeria Sbert, Directora de Licencias de Conducir de la comuna berazateguense.<\/p>\n\n\n\n<p>Seg\u00fan se inform\u00f3 desde el \u00c1rea, los \u00fanicos tr\u00e1mites que realizar\u00e1n en los pr\u00f3ximos 15 d\u00edas son los duplicados, ya sea en el caso de robo o extrav\u00edo. \u201cPara estas dos gestiones deber\u00e1n presentarse directamente, sin turno, en la Direcci\u00f3n de Licencias (Calle 148 y 18 A) con la denuncia de robo o exposici\u00f3n de extrav\u00edo\u201d.<\/p>\n\n\n\n<p>Por \u00faltimo, Sbert mencion\u00f3 que: \u201cEn el trascurso de los pr\u00f3ximos d\u00edas vamos a informar las medidas a adoptar con las personas que ten\u00edan turno para realizar la renovaci\u00f3n y aquellas que ten\u00edan fecha para dar los ex\u00e1menes. Lo que debemos destacar es que las Licencias de Conducir que venc\u00edan entre el 15 de febrero y el 15 de marzo tendr\u00e1n una pr\u00f3rroga de 60 d\u00edas\u201d.<\/p>\n\n\n\n<p>En los pr\u00f3ximos d\u00edas los vecinos podr\u00e1n informarse ingresando en la p\u00e1gina web de la Municipalidad de Berazategui:&nbsp;<a rel=\"noreferrer noopener\" target=\"_blank\" href=\"http:\/\/berazategui.gob.ar\/\">berazategui.gob.ar<\/a>; o comunic\u00e1ndose con el CAV (Centro de Atenci\u00f3n al Vecino) al 0800-666-3405, de lunes a viernes de 8.00 a 16.00, y s\u00e1bados de 8.00 a 14.00.<\/p>\n","protected":false},"excerpt":{"rendered":"<p>La Municipalidad de Berazategui informa que a partir del 18 de marzo los tr\u00e1mites para obtener la Licencia de Conducir, como as\u00ed tambi\u00e9n de renovaci\u00f3n, quedar\u00e1n suspendidos hasta el 1\u00b0 de abril del corriente a\u00f1o. La medida fue tomada por la Direcci\u00f3n Provincial de Pol\u00edtica y Seguridad Vial de la Provincia de Buenos Aires. En&#8230;<\/p>\n","protected":false},"author":2,"featured_media":366,"comment_status":"open","ping_status":"open","sticky":false,"template":"","format":"standard","meta":{"footnotes":""},"categories":[3],"tags":[],"class_list":["post-365","post","type-post","status-publish","format-standard","has-post-thumbnail","hentry","category-berazategui"],"featured_image_src":"https:\/\/diarioprincipios.com\/wp-content\/uploads\/2020\/03\/BERAZATEGUI-SUSPENDE-TR\u00c1MITES-DE-LA-LICENCIA-DE-CONDUCIR-2-1024x682.jpeg","blog_images":{"medium":"https:\/\/diarioprincipios.com\/wp-content\/uploads\/2020\/03\/BERAZATEGUI-SUSPENDE-TR\u00c1MITES-DE-LA-LICENCIA-DE-CONDUCIR-2-300x200.jpeg","large":"https:\/\/diarioprincipios.com\/wp-content\/uploads\/2020\/03\/BERAZATEGUI-SUSPENDE-TR\u00c1MITES-DE-LA-LICENCIA-DE-CONDUCIR-2-1024x682.jpeg"},"ams_acf":[],"yoast_head":"<!-- This site is optimized with the Yoast SEO plugin v27.3 - https:\/\/yoast.com\/product\/yoast-seo-wordpress\/ -->\n<title>Berazategui suspende tr\u00e1mites de la licencia de conducir hasta el 1 de Abril - Principios<\/title>\n<meta name=\"robots\" content=\"index, follow, max-snippet:-1, max-image-preview:large, max-video-preview:-1\" \/>\n<link rel=\"canonical\" href=\"https:\/\/diarioprincipios.com\/index.php\/2020\/03\/18\/berazategui-suspende-tramites-de-la-licencia-de-conducir-hasta-el-1-de-abril\/\" \/>\n<meta property=\"og:locale\" content=\"es_ES\" \/>\n<meta property=\"og:type\" content=\"article\" \/>\n<meta property=\"og:title\" content=\"Berazategui suspende tr\u00e1mites de la licencia de conducir hasta el 1 de Abril - Principios\" \/>\n<meta property=\"og:description\" content=\"La Municipalidad de Berazategui informa que a partir del 18 de marzo los tr\u00e1mites para obtener la Licencia de Conducir, como as\u00ed tambi\u00e9n de renovaci\u00f3n, quedar\u00e1n suspendidos hasta el 1\u00b0 de abril del corriente a\u00f1o. La medida fue tomada por la Direcci\u00f3n Provincial de Pol\u00edtica y Seguridad Vial de la Provincia de Buenos Aires. En...\" \/>\n<meta property=\"og:url\" content=\"https:\/\/diarioprincipios.com\/index.php\/2020\/03\/18\/berazategui-suspende-tramites-de-la-licencia-de-conducir-hasta-el-1-de-abril\/\" \/>\n<meta property=\"og:site_name\" content=\"Principios\" \/>\n<meta property=\"article:published_time\" content=\"2020-03-18T00:58:28+00:00\" \/>\n<meta property=\"article:modified_time\" content=\"2020-03-18T00:58:30+00:00\" \/>\n<meta property=\"og:image\" content=\"https:\/\/diarioprincipios.com\/wp-content\/uploads\/2020\/03\/BERAZATEGUI-SUSPENDE-TR\u00c1MITES-DE-LA-LICENCIA-DE-CONDUCIR-2.jpeg\" \/>\n\t<meta property=\"og:image:width\" content=\"1280\" \/>\n\t<meta property=\"og:image:height\" content=\"853\" \/>\n\t<meta property=\"og:image:type\" content=\"image\/jpeg\" \/>\n<meta name=\"author\" content=\"Hern\u00e1n L\u00f3pez\" \/>\n<meta name=\"twitter:card\" content=\"summary_large_image\" \/>\n<meta name=\"twitter:label1\" content=\"Escrito por\" \/>\n\t<meta name=\"twitter:data1\" content=\"Hern\u00e1n L\u00f3pez\" \/>\n\t<meta name=\"twitter:label2\" content=\"Tiempo de lectura\" \/>\n\t<meta name=\"twitter:data2\" content=\"2 minutos\" \/>\n<script type=\"application\/ld+json\" class=\"yoast-schema-graph\">{\"@context\":\"https:\\\/\\\/schema.org\",\"@graph\":[{\"@type\":\"Article\",\"@id\":\"https:\\\/\\\/diarioprincipios.com\\\/index.php\\\/2020\\\/03\\\/18\\\/berazategui-suspende-tramites-de-la-licencia-de-conducir-hasta-el-1-de-abril\\\/#article\",\"isPartOf\":{\"@id\":\"https:\\\/\\\/diarioprincipios.com\\\/index.php\\\/2020\\\/03\\\/18\\\/berazategui-suspende-tramites-de-la-licencia-de-conducir-hasta-el-1-de-abril\\\/\"},\"author\":{\"name\":\"Hern\u00e1n L\u00f3pez\",\"@id\":\"https:\\\/\\\/diarioprincipios.com\\\/#\\\/schema\\\/person\\\/436d5a1fd41a5e250e23ff5a6a7cb080\"},\"headline\":\"Berazategui suspende tr\u00e1mites de la licencia de conducir hasta el 1 de Abril\",\"datePublished\":\"2020-03-18T00:58:28+00:00\",\"dateModified\":\"2020-03-18T00:58:30+00:00\",\"mainEntityOfPage\":{\"@id\":\"https:\\\/\\\/diarioprincipios.com\\\/index.php\\\/2020\\\/03\\\/18\\\/berazategui-suspende-tramites-de-la-licencia-de-conducir-hasta-el-1-de-abril\\\/\"},\"wordCount\":376,\"commentCount\":0,\"publisher\":{\"@id\":\"https:\\\/\\\/diarioprincipios.com\\\/#organization\"},\"image\":{\"@id\":\"https:\\\/\\\/diarioprincipios.com\\\/index.php\\\/2020\\\/03\\\/18\\\/berazategui-suspende-tramites-de-la-licencia-de-conducir-hasta-el-1-de-abril\\\/#primaryimage\"},\"thumbnailUrl\":\"https:\\\/\\\/diarioprincipios.com\\\/wp-content\\\/uploads\\\/2020\\\/03\\\/BERAZATEGUI-SUSPENDE-TR\u00c1MITES-DE-LA-LICENCIA-DE-CONDUCIR-2.jpeg\",\"articleSection\":[\"Berazategui\"],\"inLanguage\":\"es\",\"potentialAction\":[{\"@type\":\"CommentAction\",\"name\":\"Comment\",\"target\":[\"https:\\\/\\\/diarioprincipios.com\\\/index.php\\\/2020\\\/03\\\/18\\\/berazategui-suspende-tramites-de-la-licencia-de-conducir-hasta-el-1-de-abril\\\/#respond\"]}]},{\"@type\":\"WebPage\",\"@id\":\"https:\\\/\\\/diarioprincipios.com\\\/index.php\\\/2020\\\/03\\\/18\\\/berazategui-suspende-tramites-de-la-licencia-de-conducir-hasta-el-1-de-abril\\\/\",\"url\":\"https:\\\/\\\/diarioprincipios.com\\\/index.php\\\/2020\\\/03\\\/18\\\/berazategui-suspende-tramites-de-la-licencia-de-conducir-hasta-el-1-de-abril\\\/\",\"name\":\"Berazategui suspende tr\u00e1mites de la licencia de conducir hasta el 1 de Abril - Principios\",\"isPartOf\":{\"@id\":\"https:\\\/\\\/diarioprincipios.com\\\/#website\"},\"primaryImageOfPage\":{\"@id\":\"https:\\\/\\\/diarioprincipios.com\\\/index.php\\\/2020\\\/03\\\/18\\\/berazategui-suspende-tramites-de-la-licencia-de-conducir-hasta-el-1-de-abril\\\/#primaryimage\"},\"image\":{\"@id\":\"https:\\\/\\\/diarioprincipios.com\\\/index.php\\\/2020\\\/03\\\/18\\\/berazategui-suspende-tramites-de-la-licencia-de-conducir-hasta-el-1-de-abril\\\/#primaryimage\"},\"thumbnailUrl\":\"https:\\\/\\\/diarioprincipios.com\\\/wp-content\\\/uploads\\\/2020\\\/03\\\/BERAZATEGUI-SUSPENDE-TR\u00c1MITES-DE-LA-LICENCIA-DE-CONDUCIR-2.jpeg\",\"datePublished\":\"2020-03-18T00:58:28+00:00\",\"dateModified\":\"2020-03-18T00:58:30+00:00\",\"breadcrumb\":{\"@id\":\"https:\\\/\\\/diarioprincipios.com\\\/index.php\\\/2020\\\/03\\\/18\\\/berazategui-suspende-tramites-de-la-licencia-de-conducir-hasta-el-1-de-abril\\\/#breadcrumb\"},\"inLanguage\":\"es\",\"potentialAction\":[{\"@type\":\"ReadAction\",\"target\":[\"https:\\\/\\\/diarioprincipios.com\\\/index.php\\\/2020\\\/03\\\/18\\\/berazategui-suspende-tramites-de-la-licencia-de-conducir-hasta-el-1-de-abril\\\/\"]}]},{\"@type\":\"ImageObject\",\"inLanguage\":\"es\",\"@id\":\"https:\\\/\\\/diarioprincipios.com\\\/index.php\\\/2020\\\/03\\\/18\\\/berazategui-suspende-tramites-de-la-licencia-de-conducir-hasta-el-1-de-abril\\\/#primaryimage\",\"url\":\"https:\\\/\\\/diarioprincipios.com\\\/wp-content\\\/uploads\\\/2020\\\/03\\\/BERAZATEGUI-SUSPENDE-TR\u00c1MITES-DE-LA-LICENCIA-DE-CONDUCIR-2.jpeg\",\"contentUrl\":\"https:\\\/\\\/diarioprincipios.com\\\/wp-content\\\/uploads\\\/2020\\\/03\\\/BERAZATEGUI-SUSPENDE-TR\u00c1MITES-DE-LA-LICENCIA-DE-CONDUCIR-2.jpeg\",\"width\":1280,\"height\":853},{\"@type\":\"BreadcrumbList\",\"@id\":\"https:\\\/\\\/diarioprincipios.com\\\/index.php\\\/2020\\\/03\\\/18\\\/berazategui-suspende-tramites-de-la-licencia-de-conducir-hasta-el-1-de-abril\\\/#breadcrumb\",\"itemListElement\":[{\"@type\":\"ListItem\",\"position\":1,\"name\":\"Portada\",\"item\":\"https:\\\/\\\/diarioprincipios.com\\\/\"},{\"@type\":\"ListItem\",\"position\":2,\"name\":\"Berazategui suspende tr\u00e1mites de la licencia de conducir hasta el 1 de Abril\"}]},{\"@type\":\"WebSite\",\"@id\":\"https:\\\/\\\/diarioprincipios.com\\\/#website\",\"url\":\"https:\\\/\\\/diarioprincipios.com\\\/\",\"name\":\"Principios\",\"description\":\"Principios Diario\",\"publisher\":{\"@id\":\"https:\\\/\\\/diarioprincipios.com\\\/#organization\"},\"potentialAction\":[{\"@type\":\"SearchAction\",\"target\":{\"@type\":\"EntryPoint\",\"urlTemplate\":\"https:\\\/\\\/diarioprincipios.com\\\/?s={search_term_string}\"},\"query-input\":{\"@type\":\"PropertyValueSpecification\",\"valueRequired\":true,\"valueName\":\"search_term_string\"}}],\"inLanguage\":\"es\"},{\"@type\":\"Organization\",\"@id\":\"https:\\\/\\\/diarioprincipios.com\\\/#organization\",\"name\":\"Principios\",\"url\":\"https:\\\/\\\/diarioprincipios.com\\\/\",\"logo\":{\"@type\":\"ImageObject\",\"inLanguage\":\"es\",\"@id\":\"https:\\\/\\\/diarioprincipios.com\\\/#\\\/schema\\\/logo\\\/image\\\/\",\"url\":\"https:\\\/\\\/diarioprincipios.com\\\/wp-content\\\/uploads\\\/2024\\\/04\\\/cropped-www.diarioprincipios.com_-1.png\",\"contentUrl\":\"https:\\\/\\\/diarioprincipios.com\\\/wp-content\\\/uploads\\\/2024\\\/04\\\/cropped-www.diarioprincipios.com_-1.png\",\"width\":5325,\"height\":1454,\"caption\":\"Principios\"},\"image\":{\"@id\":\"https:\\\/\\\/diarioprincipios.com\\\/#\\\/schema\\\/logo\\\/image\\\/\"}},{\"@type\":\"Person\",\"@id\":\"https:\\\/\\\/diarioprincipios.com\\\/#\\\/schema\\\/person\\\/436d5a1fd41a5e250e23ff5a6a7cb080\",\"name\":\"Hern\u00e1n L\u00f3pez\",\"image\":{\"@type\":\"ImageObject\",\"inLanguage\":\"es\",\"@id\":\"https:\\\/\\\/diarioprincipios.com\\\/wp-content\\\/litespeed\\\/avatar\\\/11ddfe5610ff3bd100522525b2571f48.jpg?ver=1777048341\",\"url\":\"https:\\\/\\\/diarioprincipios.com\\\/wp-content\\\/litespeed\\\/avatar\\\/11ddfe5610ff3bd100522525b2571f48.jpg?ver=1777048341\",\"contentUrl\":\"https:\\\/\\\/diarioprincipios.com\\\/wp-content\\\/litespeed\\\/avatar\\\/11ddfe5610ff3bd100522525b2571f48.jpg?ver=1777048341\",\"caption\":\"Hern\u00e1n L\u00f3pez\"},\"url\":\"https:\\\/\\\/diarioprincipios.com\\\/index.php\\\/author\\\/hernan\\\/\"}]}<\/script>\n<!-- \/ Yoast SEO plugin. -->","yoast_head_json":{"title":"Berazategui suspende tr\u00e1mites de la licencia de conducir hasta el 1 de Abril - Principios","robots":{"index":"index","follow":"follow","max-snippet":"max-snippet:-1","max-image-preview":"max-image-preview:large","max-video-preview":"max-video-preview:-1"},"canonical":"https:\/\/diarioprincipios.com\/index.php\/2020\/03\/18\/berazategui-suspende-tramites-de-la-licencia-de-conducir-hasta-el-1-de-abril\/","og_locale":"es_ES","og_type":"article","og_title":"Berazategui suspende tr\u00e1mites de la licencia de conducir hasta el 1 de Abril - Principios","og_description":"La Municipalidad de Berazategui informa que a partir del 18 de marzo los tr\u00e1mites para obtener la Licencia de Conducir, como as\u00ed tambi\u00e9n de renovaci\u00f3n, quedar\u00e1n suspendidos hasta el 1\u00b0 de abril del corriente a\u00f1o. La medida fue tomada por la Direcci\u00f3n Provincial de Pol\u00edtica y Seguridad Vial de la Provincia de Buenos Aires. En...","og_url":"https:\/\/diarioprincipios.com\/index.php\/2020\/03\/18\/berazategui-suspende-tramites-de-la-licencia-de-conducir-hasta-el-1-de-abril\/","og_site_name":"Principios","article_published_time":"2020-03-18T00:58:28+00:00","article_modified_time":"2020-03-18T00:58:30+00:00","og_image":[{"width":1280,"height":853,"url":"https:\/\/diarioprincipios.com\/wp-content\/uploads\/2020\/03\/BERAZATEGUI-SUSPENDE-TR\u00c1MITES-DE-LA-LICENCIA-DE-CONDUCIR-2.jpeg","type":"image\/jpeg"}],"author":"Hern\u00e1n L\u00f3pez","twitter_card":"summary_large_image","twitter_misc":{"Escrito por":"Hern\u00e1n L\u00f3pez","Tiempo de lectura":"2 minutos"},"schema":{"@context":"https:\/\/schema.org","@graph":[{"@type":"Article","@id":"https:\/\/diarioprincipios.com\/index.php\/2020\/03\/18\/berazategui-suspende-tramites-de-la-licencia-de-conducir-hasta-el-1-de-abril\/#article","isPartOf":{"@id":"https:\/\/diarioprincipios.com\/index.php\/2020\/03\/18\/berazategui-suspende-tramites-de-la-licencia-de-conducir-hasta-el-1-de-abril\/"},"author":{"name":"Hern\u00e1n L\u00f3pez","@id":"https:\/\/diarioprincipios.com\/#\/schema\/person\/436d5a1fd41a5e250e23ff5a6a7cb080"},"headline":"Berazategui suspende tr\u00e1mites de la licencia de conducir hasta el 1 de Abril","datePublished":"2020-03-18T00:58:28+00:00","dateModified":"2020-03-18T00:58:30+00:00","mainEntityOfPage":{"@id":"https:\/\/diarioprincipios.com\/index.php\/2020\/03\/18\/berazategui-suspende-tramites-de-la-licencia-de-conducir-hasta-el-1-de-abril\/"},"wordCount":376,"commentCount":0,"publisher":{"@id":"https:\/\/diarioprincipios.com\/#organization"},"image":{"@id":"https:\/\/diarioprincipios.com\/index.php\/2020\/03\/18\/berazategui-suspende-tramites-de-la-licencia-de-conducir-hasta-el-1-de-abril\/#primaryimage"},"thumbnailUrl":"https:\/\/diarioprincipios.com\/wp-content\/uploads\/2020\/03\/BERAZATEGUI-SUSPENDE-TR\u00c1MITES-DE-LA-LICENCIA-DE-CONDUCIR-2.jpeg","articleSection":["Berazategui"],"inLanguage":"es","potentialAction":[{"@type":"CommentAction","name":"Comment","target":["https:\/\/diarioprincipios.com\/index.php\/2020\/03\/18\/berazategui-suspende-tramites-de-la-licencia-de-conducir-hasta-el-1-de-abril\/#respond"]}]},{"@type":"WebPage","@id":"https:\/\/diarioprincipios.com\/index.php\/2020\/03\/18\/berazategui-suspende-tramites-de-la-licencia-de-conducir-hasta-el-1-de-abril\/","url":"https:\/\/diarioprincipios.com\/index.php\/2020\/03\/18\/berazategui-suspende-tramites-de-la-licencia-de-conducir-hasta-el-1-de-abril\/","name":"Berazategui suspende tr\u00e1mites de la licencia de conducir hasta el 1 de Abril - Principios","isPartOf":{"@id":"https:\/\/diarioprincipios.com\/#website"},"primaryImageOfPage":{"@id":"https:\/\/diarioprincipios.com\/index.php\/2020\/03\/18\/berazategui-suspende-tramites-de-la-licencia-de-conducir-hasta-el-1-de-abril\/#primaryimage"},"image":{"@id":"https:\/\/diarioprincipios.com\/index.php\/2020\/03\/18\/berazategui-suspende-tramites-de-la-licencia-de-conducir-hasta-el-1-de-abril\/#primaryimage"},"thumbnailUrl":"https:\/\/diarioprincipios.com\/wp-content\/uploads\/2020\/03\/BERAZATEGUI-SUSPENDE-TR\u00c1MITES-DE-LA-LICENCIA-DE-CONDUCIR-2.jpeg","datePublished":"2020-03-18T00:58:28+00:00","dateModified":"2020-03-18T00:58:30+00:00","breadcrumb":{"@id":"https:\/\/diarioprincipios.com\/index.php\/2020\/03\/18\/berazategui-suspende-tramites-de-la-licencia-de-conducir-hasta-el-1-de-abril\/#breadcrumb"},"inLanguage":"es","potentialAction":[{"@type":"ReadAction","target":["https:\/\/diarioprincipios.com\/index.php\/2020\/03\/18\/berazategui-suspende-tramites-de-la-licencia-de-conducir-hasta-el-1-de-abril\/"]}]},{"@type":"ImageObject","inLanguage":"es","@id":"https:\/\/diarioprincipios.com\/index.php\/2020\/03\/18\/berazategui-suspende-tramites-de-la-licencia-de-conducir-hasta-el-1-de-abril\/#primaryimage","url":"https:\/\/diarioprincipios.com\/wp-content\/uploads\/2020\/03\/BERAZATEGUI-SUSPENDE-TR\u00c1MITES-DE-LA-LICENCIA-DE-CONDUCIR-2.jpeg","contentUrl":"https:\/\/diarioprincipios.com\/wp-content\/uploads\/2020\/03\/BERAZATEGUI-SUSPENDE-TR\u00c1MITES-DE-LA-LICENCIA-DE-CONDUCIR-2.jpeg","width":1280,"height":853},{"@type":"BreadcrumbList","@id":"https:\/\/diarioprincipios.com\/index.php\/2020\/03\/18\/berazategui-suspende-tramites-de-la-licencia-de-conducir-hasta-el-1-de-abril\/#breadcrumb","itemListElement":[{"@type":"ListItem","position":1,"name":"Portada","item":"https:\/\/diarioprincipios.com\/"},{"@type":"ListItem","position":2,"name":"Berazategui suspende tr\u00e1mites de la licencia de conducir hasta el 1 de Abril"}]},{"@type":"WebSite","@id":"https:\/\/diarioprincipios.com\/#website","url":"https:\/\/diarioprincipios.com\/","name":"Principios","description":"Principios Diario","publisher":{"@id":"https:\/\/diarioprincipios.com\/#organization"},"potentialAction":[{"@type":"SearchAction","target":{"@type":"EntryPoint","urlTemplate":"https:\/\/diarioprincipios.com\/?s={search_term_string}"},"query-input":{"@type":"PropertyValueSpecification","valueRequired":true,"valueName":"search_term_string"}}],"inLanguage":"es"},{"@type":"Organization","@id":"https:\/\/diarioprincipios.com\/#organization","name":"Principios","url":"https:\/\/diarioprincipios.com\/","logo":{"@type":"ImageObject","inLanguage":"es","@id":"https:\/\/diarioprincipios.com\/#\/schema\/logo\/image\/","url":"https:\/\/diarioprincipios.com\/wp-content\/uploads\/2024\/04\/cropped-www.diarioprincipios.com_-1.png","contentUrl":"https:\/\/diarioprincipios.com\/wp-content\/uploads\/2024\/04\/cropped-www.diarioprincipios.com_-1.png","width":5325,"height":1454,"caption":"Principios"},"image":{"@id":"https:\/\/diarioprincipios.com\/#\/schema\/logo\/image\/"}},{"@type":"Person","@id":"https:\/\/diarioprincipios.com\/#\/schema\/person\/436d5a1fd41a5e250e23ff5a6a7cb080","name":"Hern\u00e1n L\u00f3pez","image":{"@type":"ImageObject","inLanguage":"es","@id":"https:\/\/diarioprincipios.com\/wp-content\/litespeed\/avatar\/11ddfe5610ff3bd100522525b2571f48.jpg?ver=1777048341","url":"https:\/\/diarioprincipios.com\/wp-content\/litespeed\/avatar\/11ddfe5610ff3bd100522525b2571f48.jpg?ver=1777048341","contentUrl":"https:\/\/diarioprincipios.com\/wp-content\/litespeed\/avatar\/11ddfe5610ff3bd100522525b2571f48.jpg?ver=1777048341","caption":"Hern\u00e1n L\u00f3pez"},"url":"https:\/\/diarioprincipios.com\/index.php\/author\/hernan\/"}]}},"jetpack_featured_media_url":"https:\/\/diarioprincipios.com\/wp-content\/uploads\/2020\/03\/BERAZATEGUI-SUSPENDE-TR\u00c1MITES-DE-LA-LICENCIA-DE-CONDUCIR-2.jpeg","_links":{"self":[{"href":"https:\/\/diarioprincipios.com\/index.php\/wp-json\/wp\/v2\/posts\/365","targetHints":{"allow":["GET"]}}],"collection":[{"href":"https:\/\/diarioprincipios.com\/index.php\/wp-json\/wp\/v2\/posts"}],"about":[{"href":"https:\/\/diarioprincipios.com\/index.php\/wp-json\/wp\/v2\/types\/post"}],"author":[{"embeddable":true,"href":"https:\/\/diarioprincipios.com\/index.php\/wp-json\/wp\/v2\/users\/2"}],"replies":[{"embeddable":true,"href":"https:\/\/diarioprincipios.com\/index.php\/wp-json\/wp\/v2\/comments?post=365"}],"version-history":[{"count":1,"href":"https:\/\/diarioprincipios.com\/index.php\/wp-json\/wp\/v2\/posts\/365\/revisions"}],"predecessor-version":[{"id":367,"href":"https:\/\/diarioprincipios.com\/index.php\/wp-json\/wp\/v2\/posts\/365\/revisions\/367"}],"wp:featuredmedia":[{"embeddable":true,"href":"https:\/\/diarioprincipios.com\/index.php\/wp-json\/wp\/v2\/media\/366"}],"wp:attachment":[{"href":"https:\/\/diarioprincipios.com\/index.php\/wp-json\/wp\/v2\/media?parent=365"}],"wp:term":[{"taxonomy":"category","embeddable":true,"href":"https:\/\/diarioprincipios.com\/index.php\/wp-json\/wp\/v2\/categories?post=365"},{"taxonomy":"post_tag","embeddable":true,"href":"https:\/\/diarioprincipios.com\/index.php\/wp-json\/wp\/v2\/tags?post=365"}],"curies":[{"name":"wp","href":"https:\/\/api.w.org\/{rel}","templated":true}]}}