{"id":3644,"date":"2020-07-04T20:00:36","date_gmt":"2020-07-04T23:00:36","guid":{"rendered":"http:\/\/diarioprincipios.com\/?p=3644"},"modified":"2020-07-04T20:00:39","modified_gmt":"2020-07-04T23:00:39","slug":"mussi-se-reunio-con-la-maxima-autoridad-ambiental-de-la-provincia-para-coordinar-inspecciones-a-countries-en-construccion","status":"publish","type":"post","link":"https:\/\/diarioprincipios.com\/index.php\/2020\/07\/04\/mussi-se-reunio-con-la-maxima-autoridad-ambiental-de-la-provincia-para-coordinar-inspecciones-a-countries-en-construccion\/","title":{"rendered":"Mussi se reuni\u00f3 con la m\u00e1xima autoridad ambiental de la Provincia para coordinar inspecciones a countries en construcci\u00f3n"},"content":{"rendered":"\n<p><strong>El intendente de Berazategui, Dr. Juan Jos\u00e9 Mussi, mantuvo una reuni\u00f3n por videoconferencia con el director Ejecutivo del Organismo Provincial para el Desarrollo Sostenible (OPDS), Juan Brardinelli. Abordaron diferentes problem\u00e1ticas vinculadas al cuidado del ambiente, sobre todo en lo que respecta a la construcci\u00f3n de barrios cerrados que incumplen las regulaciones vigentes.<\/strong><\/p>\n\n\n\n<p>En el encuentro virtual se hizo especial hincapi\u00e9 en los proyectos de \u201cPueblos del Plata\u201d y \u201cPuerto Trinidad\u201d, dos emprendimientos de urbanizaci\u00f3n que vienen desarroll\u00e1ndose en Hudson y que infringen disposiciones de la Ley 14.888 de protecci\u00f3n de los Bosques Nativos de la provincia de Buenos Aires.<\/p>\n\n\n\n<p>En respuesta a esta situaci\u00f3n, la Municipalidad de Berazategui decidi\u00f3 -en su momento- decretar la paralizaci\u00f3n preventiva de un sector de las obras de infraestructura en el barrio Elcano, ubicado dentro de \u201cPueblos del Plata\u201d. Sin embargo, para dar mayor fuerza a estas acciones, Mussi le solicit\u00f3 al Funcionario bonaerense la intervenci\u00f3n del OPDS.<\/p>\n\n\n\n<p>Por esta raz\u00f3n, durante la reuni\u00f3n acordaron inspecciones conjuntas en las zonas de obras, con el fin de requerir el cumplimiento de la normativa ambiental provincial y municipal para la autorizaci\u00f3n de este tipo de desarrollos urban\u00edsticos. Adem\u00e1s, Brardinelli, quien es biotecn\u00f3logo y se desempe\u00f1\u00f3 como investigador de la Universidad Nacional de Quilmes, afirm\u00f3 que se iniciar\u00e1n nuevas acciones legales en caso de constatarse la producci\u00f3n de da\u00f1o ambiental como consecuencia de la ejecuci\u00f3n de emprendimientos inmobiliarios.<\/p>\n\n\n\n<p>Por otra parte, el director Ejecutivo del Organismo Provincial para el Desarrollo Sostenible destac\u00f3 la iniciativa municipal del Centro de Gesti\u00f3n Sustentable, ubicado en Av. Padre Mugica (33) y 162, Pl\u00e1tanos Norte, donde los vecinos pueden llevar una gran variedad de residuos voluminosos, como ramas, escombros, tierra, muebles, aparatos electr\u00f3nicos y chatarra. A trav\u00e9s de este espacio, el Municipio se encarga de darle a cada uno de esos elementos y objetos un adecuado tratamiento, sac\u00e1ndolos del espacio p\u00fablico y recicl\u00e1ndolos. En este sentido, el especialista remarc\u00f3 la buena predisposici\u00f3n del Organismo que dirige, para darle valor agregado al trabajo que viene llevando adelante el Municipio berazateguense en el tema.<\/p>\n\n\n\n<p>Finalmente, Juan Jos\u00e9 Mussi y Brardinelli coincidieron en la necesidad de continuar fortaleciendo el desarrollo sostenible de la ciudad de Berazategui, en simult\u00e1neo con su progreso y crecimiento.<\/p>\n","protected":false},"excerpt":{"rendered":"<p>El intendente de Berazategui, Dr. Juan Jos\u00e9 Mussi, mantuvo una reuni\u00f3n por videoconferencia con el director Ejecutivo del Organismo Provincial para el Desarrollo Sostenible (OPDS), Juan Brardinelli. Abordaron diferentes problem\u00e1ticas vinculadas al cuidado del ambiente, sobre todo en lo que respecta a la construcci\u00f3n de barrios cerrados que incumplen las regulaciones vigentes. En el encuentro&#8230;<\/p>\n","protected":false},"author":2,"featured_media":3645,"comment_status":"open","ping_status":"open","sticky":false,"template":"","format":"standard","meta":{"footnotes":""},"categories":[3],"tags":[],"class_list":["post-3644","post","type-post","status-publish","format-standard","has-post-thumbnail","hentry","category-berazategui"],"featured_image_src":"https:\/\/diarioprincipios.com\/wp-content\/uploads\/2020\/07\/MUSSI-SE-REUNI\u00d3-CON-LA-M\u00c1XIMA-AUTORIDAD-AMBIENTAL-DE-LA-PROVINCIA-1024x822.jpeg","blog_images":{"medium":"https:\/\/diarioprincipios.com\/wp-content\/uploads\/2020\/07\/MUSSI-SE-REUNI\u00d3-CON-LA-M\u00c1XIMA-AUTORIDAD-AMBIENTAL-DE-LA-PROVINCIA-300x241.jpeg","large":"https:\/\/diarioprincipios.com\/wp-content\/uploads\/2020\/07\/MUSSI-SE-REUNI\u00d3-CON-LA-M\u00c1XIMA-AUTORIDAD-AMBIENTAL-DE-LA-PROVINCIA-1024x822.jpeg"},"ams_acf":[],"yoast_head":"<!-- This site is optimized with the Yoast SEO plugin v27.3 - https:\/\/yoast.com\/product\/yoast-seo-wordpress\/ -->\n<title>Mussi se reuni\u00f3 con la m\u00e1xima autoridad ambiental de la Provincia para coordinar inspecciones a countries en construcci\u00f3n - Principios<\/title>\n<meta name=\"robots\" content=\"index, follow, max-snippet:-1, max-image-preview:large, max-video-preview:-1\" \/>\n<link rel=\"canonical\" href=\"https:\/\/diarioprincipios.com\/index.php\/2020\/07\/04\/mussi-se-reunio-con-la-maxima-autoridad-ambiental-de-la-provincia-para-coordinar-inspecciones-a-countries-en-construccion\/\" \/>\n<meta property=\"og:locale\" content=\"es_ES\" \/>\n<meta property=\"og:type\" content=\"article\" \/>\n<meta property=\"og:title\" content=\"Mussi se reuni\u00f3 con la m\u00e1xima autoridad ambiental de la Provincia para coordinar inspecciones a countries en construcci\u00f3n - Principios\" \/>\n<meta property=\"og:description\" content=\"El intendente de Berazategui, Dr. Juan Jos\u00e9 Mussi, mantuvo una reuni\u00f3n por videoconferencia con el director Ejecutivo del Organismo Provincial para el Desarrollo Sostenible (OPDS), Juan Brardinelli. Abordaron diferentes problem\u00e1ticas vinculadas al cuidado del ambiente, sobre todo en lo que respecta a la construcci\u00f3n de barrios cerrados que incumplen las regulaciones vigentes. En el encuentro...\" \/>\n<meta property=\"og:url\" content=\"https:\/\/diarioprincipios.com\/index.php\/2020\/07\/04\/mussi-se-reunio-con-la-maxima-autoridad-ambiental-de-la-provincia-para-coordinar-inspecciones-a-countries-en-construccion\/\" \/>\n<meta property=\"og:site_name\" content=\"Principios\" \/>\n<meta property=\"article:published_time\" content=\"2020-07-04T23:00:36+00:00\" \/>\n<meta property=\"article:modified_time\" content=\"2020-07-04T23:00:39+00:00\" \/>\n<meta property=\"og:image\" content=\"https:\/\/diarioprincipios.com\/wp-content\/uploads\/2020\/07\/MUSSI-SE-REUNI\u00d3-CON-LA-M\u00c1XIMA-AUTORIDAD-AMBIENTAL-DE-LA-PROVINCIA.jpeg\" \/>\n\t<meta property=\"og:image:width\" content=\"1280\" \/>\n\t<meta property=\"og:image:height\" content=\"1027\" \/>\n\t<meta property=\"og:image:type\" content=\"image\/jpeg\" \/>\n<meta name=\"author\" content=\"Hern\u00e1n L\u00f3pez\" \/>\n<meta name=\"twitter:card\" content=\"summary_large_image\" \/>\n<meta name=\"twitter:label1\" content=\"Escrito por\" \/>\n\t<meta name=\"twitter:data1\" content=\"Hern\u00e1n L\u00f3pez\" \/>\n\t<meta name=\"twitter:label2\" content=\"Tiempo de lectura\" \/>\n\t<meta name=\"twitter:data2\" content=\"2 minutos\" \/>\n<script type=\"application\/ld+json\" class=\"yoast-schema-graph\">{\"@context\":\"https:\\\/\\\/schema.org\",\"@graph\":[{\"@type\":\"Article\",\"@id\":\"https:\\\/\\\/diarioprincipios.com\\\/index.php\\\/2020\\\/07\\\/04\\\/mussi-se-reunio-con-la-maxima-autoridad-ambiental-de-la-provincia-para-coordinar-inspecciones-a-countries-en-construccion\\\/#article\",\"isPartOf\":{\"@id\":\"https:\\\/\\\/diarioprincipios.com\\\/index.php\\\/2020\\\/07\\\/04\\\/mussi-se-reunio-con-la-maxima-autoridad-ambiental-de-la-provincia-para-coordinar-inspecciones-a-countries-en-construccion\\\/\"},\"author\":{\"name\":\"Hern\u00e1n L\u00f3pez\",\"@id\":\"https:\\\/\\\/diarioprincipios.com\\\/#\\\/schema\\\/person\\\/436d5a1fd41a5e250e23ff5a6a7cb080\"},\"headline\":\"Mussi se reuni\u00f3 con la m\u00e1xima autoridad ambiental de la Provincia para coordinar inspecciones a countries en construcci\u00f3n\",\"datePublished\":\"2020-07-04T23:00:36+00:00\",\"dateModified\":\"2020-07-04T23:00:39+00:00\",\"mainEntityOfPage\":{\"@id\":\"https:\\\/\\\/diarioprincipios.com\\\/index.php\\\/2020\\\/07\\\/04\\\/mussi-se-reunio-con-la-maxima-autoridad-ambiental-de-la-provincia-para-coordinar-inspecciones-a-countries-en-construccion\\\/\"},\"wordCount\":412,\"commentCount\":0,\"publisher\":{\"@id\":\"https:\\\/\\\/diarioprincipios.com\\\/#organization\"},\"image\":{\"@id\":\"https:\\\/\\\/diarioprincipios.com\\\/index.php\\\/2020\\\/07\\\/04\\\/mussi-se-reunio-con-la-maxima-autoridad-ambiental-de-la-provincia-para-coordinar-inspecciones-a-countries-en-construccion\\\/#primaryimage\"},\"thumbnailUrl\":\"https:\\\/\\\/diarioprincipios.com\\\/wp-content\\\/uploads\\\/2020\\\/07\\\/MUSSI-SE-REUNI\u00d3-CON-LA-M\u00c1XIMA-AUTORIDAD-AMBIENTAL-DE-LA-PROVINCIA.jpeg\",\"articleSection\":[\"Berazategui\"],\"inLanguage\":\"es\",\"potentialAction\":[{\"@type\":\"CommentAction\",\"name\":\"Comment\",\"target\":[\"https:\\\/\\\/diarioprincipios.com\\\/index.php\\\/2020\\\/07\\\/04\\\/mussi-se-reunio-con-la-maxima-autoridad-ambiental-de-la-provincia-para-coordinar-inspecciones-a-countries-en-construccion\\\/#respond\"]}]},{\"@type\":\"WebPage\",\"@id\":\"https:\\\/\\\/diarioprincipios.com\\\/index.php\\\/2020\\\/07\\\/04\\\/mussi-se-reunio-con-la-maxima-autoridad-ambiental-de-la-provincia-para-coordinar-inspecciones-a-countries-en-construccion\\\/\",\"url\":\"https:\\\/\\\/diarioprincipios.com\\\/index.php\\\/2020\\\/07\\\/04\\\/mussi-se-reunio-con-la-maxima-autoridad-ambiental-de-la-provincia-para-coordinar-inspecciones-a-countries-en-construccion\\\/\",\"name\":\"Mussi se reuni\u00f3 con la m\u00e1xima autoridad ambiental de la Provincia para coordinar inspecciones a countries en construcci\u00f3n - Principios\",\"isPartOf\":{\"@id\":\"https:\\\/\\\/diarioprincipios.com\\\/#website\"},\"primaryImageOfPage\":{\"@id\":\"https:\\\/\\\/diarioprincipios.com\\\/index.php\\\/2020\\\/07\\\/04\\\/mussi-se-reunio-con-la-maxima-autoridad-ambiental-de-la-provincia-para-coordinar-inspecciones-a-countries-en-construccion\\\/#primaryimage\"},\"image\":{\"@id\":\"https:\\\/\\\/diarioprincipios.com\\\/index.php\\\/2020\\\/07\\\/04\\\/mussi-se-reunio-con-la-maxima-autoridad-ambiental-de-la-provincia-para-coordinar-inspecciones-a-countries-en-construccion\\\/#primaryimage\"},\"thumbnailUrl\":\"https:\\\/\\\/diarioprincipios.com\\\/wp-content\\\/uploads\\\/2020\\\/07\\\/MUSSI-SE-REUNI\u00d3-CON-LA-M\u00c1XIMA-AUTORIDAD-AMBIENTAL-DE-LA-PROVINCIA.jpeg\",\"datePublished\":\"2020-07-04T23:00:36+00:00\",\"dateModified\":\"2020-07-04T23:00:39+00:00\",\"breadcrumb\":{\"@id\":\"https:\\\/\\\/diarioprincipios.com\\\/index.php\\\/2020\\\/07\\\/04\\\/mussi-se-reunio-con-la-maxima-autoridad-ambiental-de-la-provincia-para-coordinar-inspecciones-a-countries-en-construccion\\\/#breadcrumb\"},\"inLanguage\":\"es\",\"potentialAction\":[{\"@type\":\"ReadAction\",\"target\":[\"https:\\\/\\\/diarioprincipios.com\\\/index.php\\\/2020\\\/07\\\/04\\\/mussi-se-reunio-con-la-maxima-autoridad-ambiental-de-la-provincia-para-coordinar-inspecciones-a-countries-en-construccion\\\/\"]}]},{\"@type\":\"ImageObject\",\"inLanguage\":\"es\",\"@id\":\"https:\\\/\\\/diarioprincipios.com\\\/index.php\\\/2020\\\/07\\\/04\\\/mussi-se-reunio-con-la-maxima-autoridad-ambiental-de-la-provincia-para-coordinar-inspecciones-a-countries-en-construccion\\\/#primaryimage\",\"url\":\"https:\\\/\\\/diarioprincipios.com\\\/wp-content\\\/uploads\\\/2020\\\/07\\\/MUSSI-SE-REUNI\u00d3-CON-LA-M\u00c1XIMA-AUTORIDAD-AMBIENTAL-DE-LA-PROVINCIA.jpeg\",\"contentUrl\":\"https:\\\/\\\/diarioprincipios.com\\\/wp-content\\\/uploads\\\/2020\\\/07\\\/MUSSI-SE-REUNI\u00d3-CON-LA-M\u00c1XIMA-AUTORIDAD-AMBIENTAL-DE-LA-PROVINCIA.jpeg\",\"width\":1280,\"height\":1027},{\"@type\":\"BreadcrumbList\",\"@id\":\"https:\\\/\\\/diarioprincipios.com\\\/index.php\\\/2020\\\/07\\\/04\\\/mussi-se-reunio-con-la-maxima-autoridad-ambiental-de-la-provincia-para-coordinar-inspecciones-a-countries-en-construccion\\\/#breadcrumb\",\"itemListElement\":[{\"@type\":\"ListItem\",\"position\":1,\"name\":\"Portada\",\"item\":\"https:\\\/\\\/diarioprincipios.com\\\/\"},{\"@type\":\"ListItem\",\"position\":2,\"name\":\"Mussi se reuni\u00f3 con la m\u00e1xima autoridad ambiental de la Provincia para coordinar inspecciones a countries en construcci\u00f3n\"}]},{\"@type\":\"WebSite\",\"@id\":\"https:\\\/\\\/diarioprincipios.com\\\/#website\",\"url\":\"https:\\\/\\\/diarioprincipios.com\\\/\",\"name\":\"Principios\",\"description\":\"Principios Diario\",\"publisher\":{\"@id\":\"https:\\\/\\\/diarioprincipios.com\\\/#organization\"},\"potentialAction\":[{\"@type\":\"SearchAction\",\"target\":{\"@type\":\"EntryPoint\",\"urlTemplate\":\"https:\\\/\\\/diarioprincipios.com\\\/?s={search_term_string}\"},\"query-input\":{\"@type\":\"PropertyValueSpecification\",\"valueRequired\":true,\"valueName\":\"search_term_string\"}}],\"inLanguage\":\"es\"},{\"@type\":\"Organization\",\"@id\":\"https:\\\/\\\/diarioprincipios.com\\\/#organization\",\"name\":\"Principios\",\"url\":\"https:\\\/\\\/diarioprincipios.com\\\/\",\"logo\":{\"@type\":\"ImageObject\",\"inLanguage\":\"es\",\"@id\":\"https:\\\/\\\/diarioprincipios.com\\\/#\\\/schema\\\/logo\\\/image\\\/\",\"url\":\"https:\\\/\\\/diarioprincipios.com\\\/wp-content\\\/uploads\\\/2024\\\/04\\\/cropped-www.diarioprincipios.com_-1.png\",\"contentUrl\":\"https:\\\/\\\/diarioprincipios.com\\\/wp-content\\\/uploads\\\/2024\\\/04\\\/cropped-www.diarioprincipios.com_-1.png\",\"width\":5325,\"height\":1454,\"caption\":\"Principios\"},\"image\":{\"@id\":\"https:\\\/\\\/diarioprincipios.com\\\/#\\\/schema\\\/logo\\\/image\\\/\"}},{\"@type\":\"Person\",\"@id\":\"https:\\\/\\\/diarioprincipios.com\\\/#\\\/schema\\\/person\\\/436d5a1fd41a5e250e23ff5a6a7cb080\",\"name\":\"Hern\u00e1n L\u00f3pez\",\"image\":{\"@type\":\"ImageObject\",\"inLanguage\":\"es\",\"@id\":\"https:\\\/\\\/diarioprincipios.com\\\/wp-content\\\/litespeed\\\/avatar\\\/11ddfe5610ff3bd100522525b2571f48.jpg?ver=1777653193\",\"url\":\"https:\\\/\\\/diarioprincipios.com\\\/wp-content\\\/litespeed\\\/avatar\\\/11ddfe5610ff3bd100522525b2571f48.jpg?ver=1777653193\",\"contentUrl\":\"https:\\\/\\\/diarioprincipios.com\\\/wp-content\\\/litespeed\\\/avatar\\\/11ddfe5610ff3bd100522525b2571f48.jpg?ver=1777653193\",\"caption\":\"Hern\u00e1n L\u00f3pez\"},\"url\":\"https:\\\/\\\/diarioprincipios.com\\\/index.php\\\/author\\\/hernan\\\/\"}]}<\/script>\n<!-- \/ Yoast SEO plugin. -->","yoast_head_json":{"title":"Mussi se reuni\u00f3 con la m\u00e1xima autoridad ambiental de la Provincia para coordinar inspecciones a countries en construcci\u00f3n - Principios","robots":{"index":"index","follow":"follow","max-snippet":"max-snippet:-1","max-image-preview":"max-image-preview:large","max-video-preview":"max-video-preview:-1"},"canonical":"https:\/\/diarioprincipios.com\/index.php\/2020\/07\/04\/mussi-se-reunio-con-la-maxima-autoridad-ambiental-de-la-provincia-para-coordinar-inspecciones-a-countries-en-construccion\/","og_locale":"es_ES","og_type":"article","og_title":"Mussi se reuni\u00f3 con la m\u00e1xima autoridad ambiental de la Provincia para coordinar inspecciones a countries en construcci\u00f3n - Principios","og_description":"El intendente de Berazategui, Dr. Juan Jos\u00e9 Mussi, mantuvo una reuni\u00f3n por videoconferencia con el director Ejecutivo del Organismo Provincial para el Desarrollo Sostenible (OPDS), Juan Brardinelli. Abordaron diferentes problem\u00e1ticas vinculadas al cuidado del ambiente, sobre todo en lo que respecta a la construcci\u00f3n de barrios cerrados que incumplen las regulaciones vigentes. En el encuentro...","og_url":"https:\/\/diarioprincipios.com\/index.php\/2020\/07\/04\/mussi-se-reunio-con-la-maxima-autoridad-ambiental-de-la-provincia-para-coordinar-inspecciones-a-countries-en-construccion\/","og_site_name":"Principios","article_published_time":"2020-07-04T23:00:36+00:00","article_modified_time":"2020-07-04T23:00:39+00:00","og_image":[{"width":1280,"height":1027,"url":"https:\/\/diarioprincipios.com\/wp-content\/uploads\/2020\/07\/MUSSI-SE-REUNI\u00d3-CON-LA-M\u00c1XIMA-AUTORIDAD-AMBIENTAL-DE-LA-PROVINCIA.jpeg","type":"image\/jpeg"}],"author":"Hern\u00e1n L\u00f3pez","twitter_card":"summary_large_image","twitter_misc":{"Escrito por":"Hern\u00e1n L\u00f3pez","Tiempo de lectura":"2 minutos"},"schema":{"@context":"https:\/\/schema.org","@graph":[{"@type":"Article","@id":"https:\/\/diarioprincipios.com\/index.php\/2020\/07\/04\/mussi-se-reunio-con-la-maxima-autoridad-ambiental-de-la-provincia-para-coordinar-inspecciones-a-countries-en-construccion\/#article","isPartOf":{"@id":"https:\/\/diarioprincipios.com\/index.php\/2020\/07\/04\/mussi-se-reunio-con-la-maxima-autoridad-ambiental-de-la-provincia-para-coordinar-inspecciones-a-countries-en-construccion\/"},"author":{"name":"Hern\u00e1n L\u00f3pez","@id":"https:\/\/diarioprincipios.com\/#\/schema\/person\/436d5a1fd41a5e250e23ff5a6a7cb080"},"headline":"Mussi se reuni\u00f3 con la m\u00e1xima autoridad ambiental de la Provincia para coordinar inspecciones a countries en construcci\u00f3n","datePublished":"2020-07-04T23:00:36+00:00","dateModified":"2020-07-04T23:00:39+00:00","mainEntityOfPage":{"@id":"https:\/\/diarioprincipios.com\/index.php\/2020\/07\/04\/mussi-se-reunio-con-la-maxima-autoridad-ambiental-de-la-provincia-para-coordinar-inspecciones-a-countries-en-construccion\/"},"wordCount":412,"commentCount":0,"publisher":{"@id":"https:\/\/diarioprincipios.com\/#organization"},"image":{"@id":"https:\/\/diarioprincipios.com\/index.php\/2020\/07\/04\/mussi-se-reunio-con-la-maxima-autoridad-ambiental-de-la-provincia-para-coordinar-inspecciones-a-countries-en-construccion\/#primaryimage"},"thumbnailUrl":"https:\/\/diarioprincipios.com\/wp-content\/uploads\/2020\/07\/MUSSI-SE-REUNI\u00d3-CON-LA-M\u00c1XIMA-AUTORIDAD-AMBIENTAL-DE-LA-PROVINCIA.jpeg","articleSection":["Berazategui"],"inLanguage":"es","potentialAction":[{"@type":"CommentAction","name":"Comment","target":["https:\/\/diarioprincipios.com\/index.php\/2020\/07\/04\/mussi-se-reunio-con-la-maxima-autoridad-ambiental-de-la-provincia-para-coordinar-inspecciones-a-countries-en-construccion\/#respond"]}]},{"@type":"WebPage","@id":"https:\/\/diarioprincipios.com\/index.php\/2020\/07\/04\/mussi-se-reunio-con-la-maxima-autoridad-ambiental-de-la-provincia-para-coordinar-inspecciones-a-countries-en-construccion\/","url":"https:\/\/diarioprincipios.com\/index.php\/2020\/07\/04\/mussi-se-reunio-con-la-maxima-autoridad-ambiental-de-la-provincia-para-coordinar-inspecciones-a-countries-en-construccion\/","name":"Mussi se reuni\u00f3 con la m\u00e1xima autoridad ambiental de la Provincia para coordinar inspecciones a countries en construcci\u00f3n - Principios","isPartOf":{"@id":"https:\/\/diarioprincipios.com\/#website"},"primaryImageOfPage":{"@id":"https:\/\/diarioprincipios.com\/index.php\/2020\/07\/04\/mussi-se-reunio-con-la-maxima-autoridad-ambiental-de-la-provincia-para-coordinar-inspecciones-a-countries-en-construccion\/#primaryimage"},"image":{"@id":"https:\/\/diarioprincipios.com\/index.php\/2020\/07\/04\/mussi-se-reunio-con-la-maxima-autoridad-ambiental-de-la-provincia-para-coordinar-inspecciones-a-countries-en-construccion\/#primaryimage"},"thumbnailUrl":"https:\/\/diarioprincipios.com\/wp-content\/uploads\/2020\/07\/MUSSI-SE-REUNI\u00d3-CON-LA-M\u00c1XIMA-AUTORIDAD-AMBIENTAL-DE-LA-PROVINCIA.jpeg","datePublished":"2020-07-04T23:00:36+00:00","dateModified":"2020-07-04T23:00:39+00:00","breadcrumb":{"@id":"https:\/\/diarioprincipios.com\/index.php\/2020\/07\/04\/mussi-se-reunio-con-la-maxima-autoridad-ambiental-de-la-provincia-para-coordinar-inspecciones-a-countries-en-construccion\/#breadcrumb"},"inLanguage":"es","potentialAction":[{"@type":"ReadAction","target":["https:\/\/diarioprincipios.com\/index.php\/2020\/07\/04\/mussi-se-reunio-con-la-maxima-autoridad-ambiental-de-la-provincia-para-coordinar-inspecciones-a-countries-en-construccion\/"]}]},{"@type":"ImageObject","inLanguage":"es","@id":"https:\/\/diarioprincipios.com\/index.php\/2020\/07\/04\/mussi-se-reunio-con-la-maxima-autoridad-ambiental-de-la-provincia-para-coordinar-inspecciones-a-countries-en-construccion\/#primaryimage","url":"https:\/\/diarioprincipios.com\/wp-content\/uploads\/2020\/07\/MUSSI-SE-REUNI\u00d3-CON-LA-M\u00c1XIMA-AUTORIDAD-AMBIENTAL-DE-LA-PROVINCIA.jpeg","contentUrl":"https:\/\/diarioprincipios.com\/wp-content\/uploads\/2020\/07\/MUSSI-SE-REUNI\u00d3-CON-LA-M\u00c1XIMA-AUTORIDAD-AMBIENTAL-DE-LA-PROVINCIA.jpeg","width":1280,"height":1027},{"@type":"BreadcrumbList","@id":"https:\/\/diarioprincipios.com\/index.php\/2020\/07\/04\/mussi-se-reunio-con-la-maxima-autoridad-ambiental-de-la-provincia-para-coordinar-inspecciones-a-countries-en-construccion\/#breadcrumb","itemListElement":[{"@type":"ListItem","position":1,"name":"Portada","item":"https:\/\/diarioprincipios.com\/"},{"@type":"ListItem","position":2,"name":"Mussi se reuni\u00f3 con la m\u00e1xima autoridad ambiental de la Provincia para coordinar inspecciones a countries en construcci\u00f3n"}]},{"@type":"WebSite","@id":"https:\/\/diarioprincipios.com\/#website","url":"https:\/\/diarioprincipios.com\/","name":"Principios","description":"Principios Diario","publisher":{"@id":"https:\/\/diarioprincipios.com\/#organization"},"potentialAction":[{"@type":"SearchAction","target":{"@type":"EntryPoint","urlTemplate":"https:\/\/diarioprincipios.com\/?s={search_term_string}"},"query-input":{"@type":"PropertyValueSpecification","valueRequired":true,"valueName":"search_term_string"}}],"inLanguage":"es"},{"@type":"Organization","@id":"https:\/\/diarioprincipios.com\/#organization","name":"Principios","url":"https:\/\/diarioprincipios.com\/","logo":{"@type":"ImageObject","inLanguage":"es","@id":"https:\/\/diarioprincipios.com\/#\/schema\/logo\/image\/","url":"https:\/\/diarioprincipios.com\/wp-content\/uploads\/2024\/04\/cropped-www.diarioprincipios.com_-1.png","contentUrl":"https:\/\/diarioprincipios.com\/wp-content\/uploads\/2024\/04\/cropped-www.diarioprincipios.com_-1.png","width":5325,"height":1454,"caption":"Principios"},"image":{"@id":"https:\/\/diarioprincipios.com\/#\/schema\/logo\/image\/"}},{"@type":"Person","@id":"https:\/\/diarioprincipios.com\/#\/schema\/person\/436d5a1fd41a5e250e23ff5a6a7cb080","name":"Hern\u00e1n L\u00f3pez","image":{"@type":"ImageObject","inLanguage":"es","@id":"https:\/\/diarioprincipios.com\/wp-content\/litespeed\/avatar\/11ddfe5610ff3bd100522525b2571f48.jpg?ver=1777653193","url":"https:\/\/diarioprincipios.com\/wp-content\/litespeed\/avatar\/11ddfe5610ff3bd100522525b2571f48.jpg?ver=1777653193","contentUrl":"https:\/\/diarioprincipios.com\/wp-content\/litespeed\/avatar\/11ddfe5610ff3bd100522525b2571f48.jpg?ver=1777653193","caption":"Hern\u00e1n L\u00f3pez"},"url":"https:\/\/diarioprincipios.com\/index.php\/author\/hernan\/"}]}},"jetpack_featured_media_url":"https:\/\/diarioprincipios.com\/wp-content\/uploads\/2020\/07\/MUSSI-SE-REUNI\u00d3-CON-LA-M\u00c1XIMA-AUTORIDAD-AMBIENTAL-DE-LA-PROVINCIA.jpeg","_links":{"self":[{"href":"https:\/\/diarioprincipios.com\/index.php\/wp-json\/wp\/v2\/posts\/3644","targetHints":{"allow":["GET"]}}],"collection":[{"href":"https:\/\/diarioprincipios.com\/index.php\/wp-json\/wp\/v2\/posts"}],"about":[{"href":"https:\/\/diarioprincipios.com\/index.php\/wp-json\/wp\/v2\/types\/post"}],"author":[{"embeddable":true,"href":"https:\/\/diarioprincipios.com\/index.php\/wp-json\/wp\/v2\/users\/2"}],"replies":[{"embeddable":true,"href":"https:\/\/diarioprincipios.com\/index.php\/wp-json\/wp\/v2\/comments?post=3644"}],"version-history":[{"count":1,"href":"https:\/\/diarioprincipios.com\/index.php\/wp-json\/wp\/v2\/posts\/3644\/revisions"}],"predecessor-version":[{"id":3646,"href":"https:\/\/diarioprincipios.com\/index.php\/wp-json\/wp\/v2\/posts\/3644\/revisions\/3646"}],"wp:featuredmedia":[{"embeddable":true,"href":"https:\/\/diarioprincipios.com\/index.php\/wp-json\/wp\/v2\/media\/3645"}],"wp:attachment":[{"href":"https:\/\/diarioprincipios.com\/index.php\/wp-json\/wp\/v2\/media?parent=3644"}],"wp:term":[{"taxonomy":"category","embeddable":true,"href":"https:\/\/diarioprincipios.com\/index.php\/wp-json\/wp\/v2\/categories?post=3644"},{"taxonomy":"post_tag","embeddable":true,"href":"https:\/\/diarioprincipios.com\/index.php\/wp-json\/wp\/v2\/tags?post=3644"}],"curies":[{"name":"wp","href":"https:\/\/api.w.org\/{rel}","templated":true}]}}