{"id":3583,"date":"2020-07-02T12:13:44","date_gmt":"2020-07-02T15:13:44","guid":{"rendered":"http:\/\/diarioprincipios.com\/?p=3583"},"modified":"2020-07-02T12:13:48","modified_gmt":"2020-07-02T15:13:48","slug":"piden-a-las-personas-con-diabetes-mantener-habitos-saludables-durante-la-pandemia","status":"publish","type":"post","link":"https:\/\/diarioprincipios.com\/index.php\/2020\/07\/02\/piden-a-las-personas-con-diabetes-mantener-habitos-saludables-durante-la-pandemia\/","title":{"rendered":"Piden a las personas con diabetes mantener h\u00e1bitos saludables durante la pandemia"},"content":{"rendered":"\n<p>Mantener un adecuado control de la glucemia, extremar el aislamiento social, sostener el r\u00e9gimen de medicaci\u00f3n prescrito y una alimentaci\u00f3n saludable, son algunas de los h\u00e1bitos que las personas con diabetes deben tener durante el transcurso de la pandemia de coronavirus, ya que forman parte de los grupos de riesgo que pueden sufrir complicaciones si se contagian Covid-19.<\/p>\n\n\n\n<p>As\u00ed lo explic\u00f3 hoy la coordinadora del Programa Nacional de Diabetes, Julieta Mendez, al participar del reporte diario que emite la autoridad sanitaria para dar cuenta de la situaci\u00f3n epidemiol\u00f3gica del pa\u00eds.<\/p>\n\n\n\n<p>\u00abLas personas con diabetes pertenecen al grupo de riesgo de desarrollar complicaciones y, por eso, es muy importante mantener un adecuado control de la glucemia como as\u00ed tambi\u00e9n las patolog\u00edas asociadas como la hipertensi\u00f3n arterial\u00bb, explic\u00f3 la funcionaria.<\/p>\n\n\n\n<p>En ese sentido, dijo que los pacientes con diabetes deben \u00abmantener el tratamiento siempre\u00bb y no limitarlo \u00absolamente de la medicaci\u00f3n, ya sean pastillas o insulina\u00bb.<\/p>\n\n\n\n<p>En ese sentido, habl\u00f3 de seguir un \u00abplan alimentario saludable con las cuatro comidas, la adecuada hidrataci\u00f3n con agua segura y tambi\u00e9n realizar 30 minutos de actividad f\u00edsica dentro de casa\u00bb.<\/p>\n\n\n\n<p>Adem\u00e1s, llam\u00f3 a \u00abadquirir el habito del cuidado de los pies: revisarlos, lavarlos y secarlos cuidadosamente todos los d\u00edas\u00bb.<\/p>\n\n\n\n<p>\u00abUsar medias de algod\u00f3n preferentemente claras, zapatos anchos y c\u00f3modos, no andar descalzos y hacer los ejercicios de pie\u00bb, recomend\u00f3.<\/p>\n\n\n\n<p>Sobre el cuidado con el coronavirus, insisti\u00f3 en \u00abel lavado adecuado de las manos antes de cocinar, antes de controlar la glucosa capilar, antes de tomar las pastillas y antes de aplicarse la insulina\u00bb.<\/p>\n\n\n\n<p>Tambi\u00e9n \u00abes importante mantener un contacto diario a trav\u00e9s del tel\u00e9fono con familiares y amigos\u00bb para que sea ellos los que faciliten alimentos saludables y medicaci\u00f3n, evitando salir a la calle.<\/p>\n\n\n\n<p>Respecto al contacto con el equipo de salud, se debe mantener a trav\u00e9s de canales de telemedicina y, en aquellos casos en que se deba concurrir al consultorio, usar el tapabocas y mantener la distancia social.<\/p>\n","protected":false},"excerpt":{"rendered":"<p>Mantener un adecuado control de la glucemia, extremar el aislamiento social, sostener el r\u00e9gimen de medicaci\u00f3n prescrito y una alimentaci\u00f3n saludable, son algunas de los h\u00e1bitos que las personas con diabetes deben tener durante el transcurso de la pandemia de coronavirus, ya que forman parte de los grupos de riesgo que pueden sufrir complicaciones si&#8230;<\/p>\n","protected":false},"author":2,"featured_media":3584,"comment_status":"open","ping_status":"open","sticky":false,"template":"","format":"standard","meta":{"footnotes":""},"categories":[10],"tags":[],"class_list":["post-3583","post","type-post","status-publish","format-standard","has-post-thumbnail","hentry","category-nacion"],"featured_image_src":"https:\/\/diarioprincipios.com\/wp-content\/uploads\/2020\/07\/diabetes.jpg","blog_images":{"medium":"https:\/\/diarioprincipios.com\/wp-content\/uploads\/2020\/07\/diabetes-300x150.jpg","large":"https:\/\/diarioprincipios.com\/wp-content\/uploads\/2020\/07\/diabetes.jpg"},"ams_acf":[],"yoast_head":"<!-- This site is optimized with the Yoast SEO plugin v27.3 - https:\/\/yoast.com\/product\/yoast-seo-wordpress\/ -->\n<title>Piden a las personas con diabetes mantener h\u00e1bitos saludables durante la pandemia - Principios<\/title>\n<meta name=\"robots\" content=\"index, follow, max-snippet:-1, max-image-preview:large, max-video-preview:-1\" \/>\n<link rel=\"canonical\" href=\"https:\/\/diarioprincipios.com\/index.php\/2020\/07\/02\/piden-a-las-personas-con-diabetes-mantener-habitos-saludables-durante-la-pandemia\/\" \/>\n<meta property=\"og:locale\" content=\"es_ES\" \/>\n<meta property=\"og:type\" content=\"article\" \/>\n<meta property=\"og:title\" content=\"Piden a las personas con diabetes mantener h\u00e1bitos saludables durante la pandemia - Principios\" \/>\n<meta property=\"og:description\" content=\"Mantener un adecuado control de la glucemia, extremar el aislamiento social, sostener el r\u00e9gimen de medicaci\u00f3n prescrito y una alimentaci\u00f3n saludable, son algunas de los h\u00e1bitos que las personas con diabetes deben tener durante el transcurso de la pandemia de coronavirus, ya que forman parte de los grupos de riesgo que pueden sufrir complicaciones si...\" \/>\n<meta property=\"og:url\" content=\"https:\/\/diarioprincipios.com\/index.php\/2020\/07\/02\/piden-a-las-personas-con-diabetes-mantener-habitos-saludables-durante-la-pandemia\/\" \/>\n<meta property=\"og:site_name\" content=\"Principios\" \/>\n<meta property=\"article:published_time\" content=\"2020-07-02T15:13:44+00:00\" \/>\n<meta property=\"article:modified_time\" content=\"2020-07-02T15:13:48+00:00\" \/>\n<meta property=\"og:image\" content=\"https:\/\/diarioprincipios.com\/wp-content\/uploads\/2020\/07\/diabetes.jpg\" \/>\n\t<meta property=\"og:image:width\" content=\"840\" \/>\n\t<meta property=\"og:image:height\" content=\"420\" \/>\n\t<meta property=\"og:image:type\" content=\"image\/jpeg\" \/>\n<meta name=\"author\" content=\"Hern\u00e1n L\u00f3pez\" \/>\n<meta name=\"twitter:card\" content=\"summary_large_image\" \/>\n<meta name=\"twitter:label1\" content=\"Escrito por\" \/>\n\t<meta name=\"twitter:data1\" content=\"Hern\u00e1n L\u00f3pez\" \/>\n\t<meta name=\"twitter:label2\" content=\"Tiempo de lectura\" \/>\n\t<meta name=\"twitter:data2\" content=\"2 minutos\" \/>\n<script type=\"application\/ld+json\" class=\"yoast-schema-graph\">{\"@context\":\"https:\\\/\\\/schema.org\",\"@graph\":[{\"@type\":\"Article\",\"@id\":\"https:\\\/\\\/diarioprincipios.com\\\/index.php\\\/2020\\\/07\\\/02\\\/piden-a-las-personas-con-diabetes-mantener-habitos-saludables-durante-la-pandemia\\\/#article\",\"isPartOf\":{\"@id\":\"https:\\\/\\\/diarioprincipios.com\\\/index.php\\\/2020\\\/07\\\/02\\\/piden-a-las-personas-con-diabetes-mantener-habitos-saludables-durante-la-pandemia\\\/\"},\"author\":{\"name\":\"Hern\u00e1n L\u00f3pez\",\"@id\":\"https:\\\/\\\/diarioprincipios.com\\\/#\\\/schema\\\/person\\\/436d5a1fd41a5e250e23ff5a6a7cb080\"},\"headline\":\"Piden a las personas con diabetes mantener h\u00e1bitos saludables durante la pandemia\",\"datePublished\":\"2020-07-02T15:13:44+00:00\",\"dateModified\":\"2020-07-02T15:13:48+00:00\",\"mainEntityOfPage\":{\"@id\":\"https:\\\/\\\/diarioprincipios.com\\\/index.php\\\/2020\\\/07\\\/02\\\/piden-a-las-personas-con-diabetes-mantener-habitos-saludables-durante-la-pandemia\\\/\"},\"wordCount\":360,\"commentCount\":0,\"publisher\":{\"@id\":\"https:\\\/\\\/diarioprincipios.com\\\/#organization\"},\"image\":{\"@id\":\"https:\\\/\\\/diarioprincipios.com\\\/index.php\\\/2020\\\/07\\\/02\\\/piden-a-las-personas-con-diabetes-mantener-habitos-saludables-durante-la-pandemia\\\/#primaryimage\"},\"thumbnailUrl\":\"https:\\\/\\\/diarioprincipios.com\\\/wp-content\\\/uploads\\\/2020\\\/07\\\/diabetes.jpg\",\"articleSection\":[\"Naci\u00f3n\"],\"inLanguage\":\"es\",\"potentialAction\":[{\"@type\":\"CommentAction\",\"name\":\"Comment\",\"target\":[\"https:\\\/\\\/diarioprincipios.com\\\/index.php\\\/2020\\\/07\\\/02\\\/piden-a-las-personas-con-diabetes-mantener-habitos-saludables-durante-la-pandemia\\\/#respond\"]}]},{\"@type\":\"WebPage\",\"@id\":\"https:\\\/\\\/diarioprincipios.com\\\/index.php\\\/2020\\\/07\\\/02\\\/piden-a-las-personas-con-diabetes-mantener-habitos-saludables-durante-la-pandemia\\\/\",\"url\":\"https:\\\/\\\/diarioprincipios.com\\\/index.php\\\/2020\\\/07\\\/02\\\/piden-a-las-personas-con-diabetes-mantener-habitos-saludables-durante-la-pandemia\\\/\",\"name\":\"Piden a las personas con diabetes mantener h\u00e1bitos saludables durante la pandemia - Principios\",\"isPartOf\":{\"@id\":\"https:\\\/\\\/diarioprincipios.com\\\/#website\"},\"primaryImageOfPage\":{\"@id\":\"https:\\\/\\\/diarioprincipios.com\\\/index.php\\\/2020\\\/07\\\/02\\\/piden-a-las-personas-con-diabetes-mantener-habitos-saludables-durante-la-pandemia\\\/#primaryimage\"},\"image\":{\"@id\":\"https:\\\/\\\/diarioprincipios.com\\\/index.php\\\/2020\\\/07\\\/02\\\/piden-a-las-personas-con-diabetes-mantener-habitos-saludables-durante-la-pandemia\\\/#primaryimage\"},\"thumbnailUrl\":\"https:\\\/\\\/diarioprincipios.com\\\/wp-content\\\/uploads\\\/2020\\\/07\\\/diabetes.jpg\",\"datePublished\":\"2020-07-02T15:13:44+00:00\",\"dateModified\":\"2020-07-02T15:13:48+00:00\",\"breadcrumb\":{\"@id\":\"https:\\\/\\\/diarioprincipios.com\\\/index.php\\\/2020\\\/07\\\/02\\\/piden-a-las-personas-con-diabetes-mantener-habitos-saludables-durante-la-pandemia\\\/#breadcrumb\"},\"inLanguage\":\"es\",\"potentialAction\":[{\"@type\":\"ReadAction\",\"target\":[\"https:\\\/\\\/diarioprincipios.com\\\/index.php\\\/2020\\\/07\\\/02\\\/piden-a-las-personas-con-diabetes-mantener-habitos-saludables-durante-la-pandemia\\\/\"]}]},{\"@type\":\"ImageObject\",\"inLanguage\":\"es\",\"@id\":\"https:\\\/\\\/diarioprincipios.com\\\/index.php\\\/2020\\\/07\\\/02\\\/piden-a-las-personas-con-diabetes-mantener-habitos-saludables-durante-la-pandemia\\\/#primaryimage\",\"url\":\"https:\\\/\\\/diarioprincipios.com\\\/wp-content\\\/uploads\\\/2020\\\/07\\\/diabetes.jpg\",\"contentUrl\":\"https:\\\/\\\/diarioprincipios.com\\\/wp-content\\\/uploads\\\/2020\\\/07\\\/diabetes.jpg\",\"width\":840,\"height\":420},{\"@type\":\"BreadcrumbList\",\"@id\":\"https:\\\/\\\/diarioprincipios.com\\\/index.php\\\/2020\\\/07\\\/02\\\/piden-a-las-personas-con-diabetes-mantener-habitos-saludables-durante-la-pandemia\\\/#breadcrumb\",\"itemListElement\":[{\"@type\":\"ListItem\",\"position\":1,\"name\":\"Portada\",\"item\":\"https:\\\/\\\/diarioprincipios.com\\\/\"},{\"@type\":\"ListItem\",\"position\":2,\"name\":\"Piden a las personas con diabetes mantener h\u00e1bitos saludables durante la pandemia\"}]},{\"@type\":\"WebSite\",\"@id\":\"https:\\\/\\\/diarioprincipios.com\\\/#website\",\"url\":\"https:\\\/\\\/diarioprincipios.com\\\/\",\"name\":\"Principios\",\"description\":\"Principios Diario\",\"publisher\":{\"@id\":\"https:\\\/\\\/diarioprincipios.com\\\/#organization\"},\"potentialAction\":[{\"@type\":\"SearchAction\",\"target\":{\"@type\":\"EntryPoint\",\"urlTemplate\":\"https:\\\/\\\/diarioprincipios.com\\\/?s={search_term_string}\"},\"query-input\":{\"@type\":\"PropertyValueSpecification\",\"valueRequired\":true,\"valueName\":\"search_term_string\"}}],\"inLanguage\":\"es\"},{\"@type\":\"Organization\",\"@id\":\"https:\\\/\\\/diarioprincipios.com\\\/#organization\",\"name\":\"Principios\",\"url\":\"https:\\\/\\\/diarioprincipios.com\\\/\",\"logo\":{\"@type\":\"ImageObject\",\"inLanguage\":\"es\",\"@id\":\"https:\\\/\\\/diarioprincipios.com\\\/#\\\/schema\\\/logo\\\/image\\\/\",\"url\":\"https:\\\/\\\/diarioprincipios.com\\\/wp-content\\\/uploads\\\/2024\\\/04\\\/cropped-www.diarioprincipios.com_-1.png\",\"contentUrl\":\"https:\\\/\\\/diarioprincipios.com\\\/wp-content\\\/uploads\\\/2024\\\/04\\\/cropped-www.diarioprincipios.com_-1.png\",\"width\":5325,\"height\":1454,\"caption\":\"Principios\"},\"image\":{\"@id\":\"https:\\\/\\\/diarioprincipios.com\\\/#\\\/schema\\\/logo\\\/image\\\/\"}},{\"@type\":\"Person\",\"@id\":\"https:\\\/\\\/diarioprincipios.com\\\/#\\\/schema\\\/person\\\/436d5a1fd41a5e250e23ff5a6a7cb080\",\"name\":\"Hern\u00e1n L\u00f3pez\",\"image\":{\"@type\":\"ImageObject\",\"inLanguage\":\"es\",\"@id\":\"https:\\\/\\\/diarioprincipios.com\\\/wp-content\\\/litespeed\\\/avatar\\\/11ddfe5610ff3bd100522525b2571f48.jpg?ver=1777653193\",\"url\":\"https:\\\/\\\/diarioprincipios.com\\\/wp-content\\\/litespeed\\\/avatar\\\/11ddfe5610ff3bd100522525b2571f48.jpg?ver=1777653193\",\"contentUrl\":\"https:\\\/\\\/diarioprincipios.com\\\/wp-content\\\/litespeed\\\/avatar\\\/11ddfe5610ff3bd100522525b2571f48.jpg?ver=1777653193\",\"caption\":\"Hern\u00e1n L\u00f3pez\"},\"url\":\"https:\\\/\\\/diarioprincipios.com\\\/index.php\\\/author\\\/hernan\\\/\"}]}<\/script>\n<!-- \/ Yoast SEO plugin. -->","yoast_head_json":{"title":"Piden a las personas con diabetes mantener h\u00e1bitos saludables durante la pandemia - Principios","robots":{"index":"index","follow":"follow","max-snippet":"max-snippet:-1","max-image-preview":"max-image-preview:large","max-video-preview":"max-video-preview:-1"},"canonical":"https:\/\/diarioprincipios.com\/index.php\/2020\/07\/02\/piden-a-las-personas-con-diabetes-mantener-habitos-saludables-durante-la-pandemia\/","og_locale":"es_ES","og_type":"article","og_title":"Piden a las personas con diabetes mantener h\u00e1bitos saludables durante la pandemia - Principios","og_description":"Mantener un adecuado control de la glucemia, extremar el aislamiento social, sostener el r\u00e9gimen de medicaci\u00f3n prescrito y una alimentaci\u00f3n saludable, son algunas de los h\u00e1bitos que las personas con diabetes deben tener durante el transcurso de la pandemia de coronavirus, ya que forman parte de los grupos de riesgo que pueden sufrir complicaciones si...","og_url":"https:\/\/diarioprincipios.com\/index.php\/2020\/07\/02\/piden-a-las-personas-con-diabetes-mantener-habitos-saludables-durante-la-pandemia\/","og_site_name":"Principios","article_published_time":"2020-07-02T15:13:44+00:00","article_modified_time":"2020-07-02T15:13:48+00:00","og_image":[{"width":840,"height":420,"url":"https:\/\/diarioprincipios.com\/wp-content\/uploads\/2020\/07\/diabetes.jpg","type":"image\/jpeg"}],"author":"Hern\u00e1n L\u00f3pez","twitter_card":"summary_large_image","twitter_misc":{"Escrito por":"Hern\u00e1n L\u00f3pez","Tiempo de lectura":"2 minutos"},"schema":{"@context":"https:\/\/schema.org","@graph":[{"@type":"Article","@id":"https:\/\/diarioprincipios.com\/index.php\/2020\/07\/02\/piden-a-las-personas-con-diabetes-mantener-habitos-saludables-durante-la-pandemia\/#article","isPartOf":{"@id":"https:\/\/diarioprincipios.com\/index.php\/2020\/07\/02\/piden-a-las-personas-con-diabetes-mantener-habitos-saludables-durante-la-pandemia\/"},"author":{"name":"Hern\u00e1n L\u00f3pez","@id":"https:\/\/diarioprincipios.com\/#\/schema\/person\/436d5a1fd41a5e250e23ff5a6a7cb080"},"headline":"Piden a las personas con diabetes mantener h\u00e1bitos saludables durante la pandemia","datePublished":"2020-07-02T15:13:44+00:00","dateModified":"2020-07-02T15:13:48+00:00","mainEntityOfPage":{"@id":"https:\/\/diarioprincipios.com\/index.php\/2020\/07\/02\/piden-a-las-personas-con-diabetes-mantener-habitos-saludables-durante-la-pandemia\/"},"wordCount":360,"commentCount":0,"publisher":{"@id":"https:\/\/diarioprincipios.com\/#organization"},"image":{"@id":"https:\/\/diarioprincipios.com\/index.php\/2020\/07\/02\/piden-a-las-personas-con-diabetes-mantener-habitos-saludables-durante-la-pandemia\/#primaryimage"},"thumbnailUrl":"https:\/\/diarioprincipios.com\/wp-content\/uploads\/2020\/07\/diabetes.jpg","articleSection":["Naci\u00f3n"],"inLanguage":"es","potentialAction":[{"@type":"CommentAction","name":"Comment","target":["https:\/\/diarioprincipios.com\/index.php\/2020\/07\/02\/piden-a-las-personas-con-diabetes-mantener-habitos-saludables-durante-la-pandemia\/#respond"]}]},{"@type":"WebPage","@id":"https:\/\/diarioprincipios.com\/index.php\/2020\/07\/02\/piden-a-las-personas-con-diabetes-mantener-habitos-saludables-durante-la-pandemia\/","url":"https:\/\/diarioprincipios.com\/index.php\/2020\/07\/02\/piden-a-las-personas-con-diabetes-mantener-habitos-saludables-durante-la-pandemia\/","name":"Piden a las personas con diabetes mantener h\u00e1bitos saludables durante la pandemia - Principios","isPartOf":{"@id":"https:\/\/diarioprincipios.com\/#website"},"primaryImageOfPage":{"@id":"https:\/\/diarioprincipios.com\/index.php\/2020\/07\/02\/piden-a-las-personas-con-diabetes-mantener-habitos-saludables-durante-la-pandemia\/#primaryimage"},"image":{"@id":"https:\/\/diarioprincipios.com\/index.php\/2020\/07\/02\/piden-a-las-personas-con-diabetes-mantener-habitos-saludables-durante-la-pandemia\/#primaryimage"},"thumbnailUrl":"https:\/\/diarioprincipios.com\/wp-content\/uploads\/2020\/07\/diabetes.jpg","datePublished":"2020-07-02T15:13:44+00:00","dateModified":"2020-07-02T15:13:48+00:00","breadcrumb":{"@id":"https:\/\/diarioprincipios.com\/index.php\/2020\/07\/02\/piden-a-las-personas-con-diabetes-mantener-habitos-saludables-durante-la-pandemia\/#breadcrumb"},"inLanguage":"es","potentialAction":[{"@type":"ReadAction","target":["https:\/\/diarioprincipios.com\/index.php\/2020\/07\/02\/piden-a-las-personas-con-diabetes-mantener-habitos-saludables-durante-la-pandemia\/"]}]},{"@type":"ImageObject","inLanguage":"es","@id":"https:\/\/diarioprincipios.com\/index.php\/2020\/07\/02\/piden-a-las-personas-con-diabetes-mantener-habitos-saludables-durante-la-pandemia\/#primaryimage","url":"https:\/\/diarioprincipios.com\/wp-content\/uploads\/2020\/07\/diabetes.jpg","contentUrl":"https:\/\/diarioprincipios.com\/wp-content\/uploads\/2020\/07\/diabetes.jpg","width":840,"height":420},{"@type":"BreadcrumbList","@id":"https:\/\/diarioprincipios.com\/index.php\/2020\/07\/02\/piden-a-las-personas-con-diabetes-mantener-habitos-saludables-durante-la-pandemia\/#breadcrumb","itemListElement":[{"@type":"ListItem","position":1,"name":"Portada","item":"https:\/\/diarioprincipios.com\/"},{"@type":"ListItem","position":2,"name":"Piden a las personas con diabetes mantener h\u00e1bitos saludables durante la pandemia"}]},{"@type":"WebSite","@id":"https:\/\/diarioprincipios.com\/#website","url":"https:\/\/diarioprincipios.com\/","name":"Principios","description":"Principios Diario","publisher":{"@id":"https:\/\/diarioprincipios.com\/#organization"},"potentialAction":[{"@type":"SearchAction","target":{"@type":"EntryPoint","urlTemplate":"https:\/\/diarioprincipios.com\/?s={search_term_string}"},"query-input":{"@type":"PropertyValueSpecification","valueRequired":true,"valueName":"search_term_string"}}],"inLanguage":"es"},{"@type":"Organization","@id":"https:\/\/diarioprincipios.com\/#organization","name":"Principios","url":"https:\/\/diarioprincipios.com\/","logo":{"@type":"ImageObject","inLanguage":"es","@id":"https:\/\/diarioprincipios.com\/#\/schema\/logo\/image\/","url":"https:\/\/diarioprincipios.com\/wp-content\/uploads\/2024\/04\/cropped-www.diarioprincipios.com_-1.png","contentUrl":"https:\/\/diarioprincipios.com\/wp-content\/uploads\/2024\/04\/cropped-www.diarioprincipios.com_-1.png","width":5325,"height":1454,"caption":"Principios"},"image":{"@id":"https:\/\/diarioprincipios.com\/#\/schema\/logo\/image\/"}},{"@type":"Person","@id":"https:\/\/diarioprincipios.com\/#\/schema\/person\/436d5a1fd41a5e250e23ff5a6a7cb080","name":"Hern\u00e1n L\u00f3pez","image":{"@type":"ImageObject","inLanguage":"es","@id":"https:\/\/diarioprincipios.com\/wp-content\/litespeed\/avatar\/11ddfe5610ff3bd100522525b2571f48.jpg?ver=1777653193","url":"https:\/\/diarioprincipios.com\/wp-content\/litespeed\/avatar\/11ddfe5610ff3bd100522525b2571f48.jpg?ver=1777653193","contentUrl":"https:\/\/diarioprincipios.com\/wp-content\/litespeed\/avatar\/11ddfe5610ff3bd100522525b2571f48.jpg?ver=1777653193","caption":"Hern\u00e1n L\u00f3pez"},"url":"https:\/\/diarioprincipios.com\/index.php\/author\/hernan\/"}]}},"jetpack_featured_media_url":"https:\/\/diarioprincipios.com\/wp-content\/uploads\/2020\/07\/diabetes.jpg","_links":{"self":[{"href":"https:\/\/diarioprincipios.com\/index.php\/wp-json\/wp\/v2\/posts\/3583","targetHints":{"allow":["GET"]}}],"collection":[{"href":"https:\/\/diarioprincipios.com\/index.php\/wp-json\/wp\/v2\/posts"}],"about":[{"href":"https:\/\/diarioprincipios.com\/index.php\/wp-json\/wp\/v2\/types\/post"}],"author":[{"embeddable":true,"href":"https:\/\/diarioprincipios.com\/index.php\/wp-json\/wp\/v2\/users\/2"}],"replies":[{"embeddable":true,"href":"https:\/\/diarioprincipios.com\/index.php\/wp-json\/wp\/v2\/comments?post=3583"}],"version-history":[{"count":1,"href":"https:\/\/diarioprincipios.com\/index.php\/wp-json\/wp\/v2\/posts\/3583\/revisions"}],"predecessor-version":[{"id":3585,"href":"https:\/\/diarioprincipios.com\/index.php\/wp-json\/wp\/v2\/posts\/3583\/revisions\/3585"}],"wp:featuredmedia":[{"embeddable":true,"href":"https:\/\/diarioprincipios.com\/index.php\/wp-json\/wp\/v2\/media\/3584"}],"wp:attachment":[{"href":"https:\/\/diarioprincipios.com\/index.php\/wp-json\/wp\/v2\/media?parent=3583"}],"wp:term":[{"taxonomy":"category","embeddable":true,"href":"https:\/\/diarioprincipios.com\/index.php\/wp-json\/wp\/v2\/categories?post=3583"},{"taxonomy":"post_tag","embeddable":true,"href":"https:\/\/diarioprincipios.com\/index.php\/wp-json\/wp\/v2\/tags?post=3583"}],"curies":[{"name":"wp","href":"https:\/\/api.w.org\/{rel}","templated":true}]}}