{"id":3575,"date":"2020-07-01T21:10:12","date_gmt":"2020-07-02T00:10:12","guid":{"rendered":"http:\/\/diarioprincipios.com\/?p=3575"},"modified":"2020-07-01T21:10:16","modified_gmt":"2020-07-02T00:10:16","slug":"berazategui-suma-nuevos-cajeros-del-banco-provincia","status":"publish","type":"post","link":"https:\/\/diarioprincipios.com\/index.php\/2020\/07\/01\/berazategui-suma-nuevos-cajeros-del-banco-provincia\/","title":{"rendered":"Berazategui suma nuevos cajeros del Banco Provincia"},"content":{"rendered":"\n<p><strong>El intendente Juan Jos\u00e9 Mussi, y el presidente del Banco Provincia, Juan Cuattromo, inauguraron una cabina modular con dos cajeros autom\u00e1ticos en el play\u00f3n del Edificio Municipal (Av. 14 e\/ 131 y 131 A). Con esta, suman 19 las que se encuentran desplegadas en el Conurbano. De esta manera, en medio de la pandemia de COVID-19, el Municipio incorpora nuevos servicios de la entidad bancaria para los vecinos del corredor oeste del distrito.<\/strong><\/p>\n\n\n\n<p>\u201cLa apertura de esta cabina es muy importante, es un adelanto fundamental para nuestra ciudadan\u00eda. El Banco Provincia, a trav\u00e9s de su Presidente, ha actuado r\u00e1pido y hoy ya tenemos dos cajeros autom\u00e1ticos que van a quedar aqu\u00ed de forma definitiva; es decir, en un lugar de mucho acceso p\u00fablico\u201d, relat\u00f3 Mussi. Y, enseguida, manifest\u00f3: \u201cLe damos nuestro agradecimiento a su Presidente; y, por supuesto, a Axel Kicillof, el gobernador de la provincia de Buenos Aires\u201d.<\/p>\n\n\n\n<p>En medio de la pandemia de Coronavirus, la nueva cabina modular ubicada en el play\u00f3n municipal ser\u00e1 de gran utilidad para los vecinos del corredor oeste de Berazategui. En ese sentido, el Intendente afirm\u00f3: \u201cEstoy muy satisfecho con la r\u00e1pida respuesta, m\u00e1s a\u00fan teniendo en cuenta la pandemia. El haberlo hecho tan r\u00e1pidamente nos da mucha alegr\u00eda y nos sentimos acompa\u00f1ados\u201d.<\/p>\n\n\n\n<figure class=\"wp-block-image size-large\"><img loading=\"lazy\" decoding=\"async\" width=\"1024\" height=\"683\" src=\"https:\/\/diarioprincipios.com\/wp-content\/uploads\/2020\/07\/BERAZATEGUI-TIENE-NUEVOS-CAJEROS-DEL-BANCO-PROVINCIA-2-1024x683.jpg\" alt=\"\" class=\"wp-image-3576\" srcset=\"https:\/\/diarioprincipios.com\/wp-content\/uploads\/2020\/07\/BERAZATEGUI-TIENE-NUEVOS-CAJEROS-DEL-BANCO-PROVINCIA-2-1024x683.jpg 1024w, https:\/\/diarioprincipios.com\/wp-content\/uploads\/2020\/07\/BERAZATEGUI-TIENE-NUEVOS-CAJEROS-DEL-BANCO-PROVINCIA-2-300x200.jpg 300w, https:\/\/diarioprincipios.com\/wp-content\/uploads\/2020\/07\/BERAZATEGUI-TIENE-NUEVOS-CAJEROS-DEL-BANCO-PROVINCIA-2-768x512.jpg 768w, https:\/\/diarioprincipios.com\/wp-content\/uploads\/2020\/07\/BERAZATEGUI-TIENE-NUEVOS-CAJEROS-DEL-BANCO-PROVINCIA-2-1536x1024.jpg 1536w, https:\/\/diarioprincipios.com\/wp-content\/uploads\/2020\/07\/BERAZATEGUI-TIENE-NUEVOS-CAJEROS-DEL-BANCO-PROVINCIA-2.jpg 1920w\" sizes=\"auto, (max-width: 1024px) 100vw, 1024px\" \/><\/figure>\n\n\n\n<p>En tanto, el Presidente del Banco Provincia dijo: \u201cEsta apertura es parte de una pol\u00edtica que estamos desarrollando desde el inicio de la pandemia. El gobernador Kicillof nos dio la instrucci\u00f3n de trabajar codo a codo con todos los intendentes e intendentas para entender la problem\u00e1tica que tiene la Provincia. Por eso, la presencia del Banco es un desaf\u00edo y en eso venimos trabajando\u201d. Y explic\u00f3: \u201cLa pandemia nos obliga a redoblar esfuerzos y ya estuvimos hablando con el Intendente sobre los diferentes desaf\u00edos que tiene el distrito, donde el Banco puede ayudar, as\u00ed que nosotros vamos a estar a disposici\u00f3n. En definitiva, el Banco es de los y las bonaerenses, y a ellos nos debemos\u201d.<\/p>\n\n\n\n<p>Por otra parte, sobre los proyectos de la entidad bancaria, Cuattromo adelant\u00f3: \u201cVamos a continuar con la instalaci\u00f3n de cajeros. Hay un Programa de instalaci\u00f3n de cabinas como \u00e9stas en toda la Provincia, atendiendo donde encontramos las mayores necesidades. En el medio, cuando tenemos urgencias, tenemos desplegada nuestra red de cajeros m\u00f3viles y con eso vamos cubriendo necesidades. Siempre poniendo el foco en resolverle la vida a la gente, que es el rol que tiene que tener el Banco p\u00fablico. Y ese es nuestro compromiso en esta etapa\u201d.<\/p>\n","protected":false},"excerpt":{"rendered":"<p>El intendente Juan Jos\u00e9 Mussi, y el presidente del Banco Provincia, Juan Cuattromo, inauguraron una cabina modular con dos cajeros autom\u00e1ticos en el play\u00f3n del Edificio Municipal (Av. 14 e\/ 131 y 131 A). Con esta, suman 19 las que se encuentran desplegadas en el Conurbano. De esta manera, en medio de la pandemia de&#8230;<\/p>\n","protected":false},"author":2,"featured_media":3577,"comment_status":"open","ping_status":"open","sticky":false,"template":"","format":"standard","meta":{"footnotes":""},"categories":[3],"tags":[],"class_list":["post-3575","post","type-post","status-publish","format-standard","has-post-thumbnail","hentry","category-berazategui"],"featured_image_src":"https:\/\/diarioprincipios.com\/wp-content\/uploads\/2020\/07\/BERAZATEGUI-TIENE-NUEVOS-CAJEROS-DEL-BANCO-PROVINCIA-1-1024x683.jpg","blog_images":{"medium":"https:\/\/diarioprincipios.com\/wp-content\/uploads\/2020\/07\/BERAZATEGUI-TIENE-NUEVOS-CAJEROS-DEL-BANCO-PROVINCIA-1-300x200.jpg","large":"https:\/\/diarioprincipios.com\/wp-content\/uploads\/2020\/07\/BERAZATEGUI-TIENE-NUEVOS-CAJEROS-DEL-BANCO-PROVINCIA-1-1024x683.jpg"},"ams_acf":[],"yoast_head":"<!-- This site is optimized with the Yoast SEO plugin v27.3 - https:\/\/yoast.com\/product\/yoast-seo-wordpress\/ -->\n<title>Berazategui suma nuevos cajeros del Banco Provincia - Principios<\/title>\n<meta name=\"robots\" content=\"index, follow, max-snippet:-1, max-image-preview:large, max-video-preview:-1\" \/>\n<link rel=\"canonical\" href=\"https:\/\/diarioprincipios.com\/index.php\/2020\/07\/01\/berazategui-suma-nuevos-cajeros-del-banco-provincia\/\" \/>\n<meta property=\"og:locale\" content=\"es_ES\" \/>\n<meta property=\"og:type\" content=\"article\" \/>\n<meta property=\"og:title\" content=\"Berazategui suma nuevos cajeros del Banco Provincia - Principios\" \/>\n<meta property=\"og:description\" content=\"El intendente Juan Jos\u00e9 Mussi, y el presidente del Banco Provincia, Juan Cuattromo, inauguraron una cabina modular con dos cajeros autom\u00e1ticos en el play\u00f3n del Edificio Municipal (Av. 14 e\/ 131 y 131 A). Con esta, suman 19 las que se encuentran desplegadas en el Conurbano. De esta manera, en medio de la pandemia de...\" \/>\n<meta property=\"og:url\" content=\"https:\/\/diarioprincipios.com\/index.php\/2020\/07\/01\/berazategui-suma-nuevos-cajeros-del-banco-provincia\/\" \/>\n<meta property=\"og:site_name\" content=\"Principios\" \/>\n<meta property=\"article:published_time\" content=\"2020-07-02T00:10:12+00:00\" \/>\n<meta property=\"article:modified_time\" content=\"2020-07-02T00:10:16+00:00\" \/>\n<meta property=\"og:image\" content=\"https:\/\/diarioprincipios.com\/wp-content\/uploads\/2020\/07\/BERAZATEGUI-TIENE-NUEVOS-CAJEROS-DEL-BANCO-PROVINCIA-1.jpg\" \/>\n\t<meta property=\"og:image:width\" content=\"1920\" \/>\n\t<meta property=\"og:image:height\" content=\"1280\" \/>\n\t<meta property=\"og:image:type\" content=\"image\/jpeg\" \/>\n<meta name=\"author\" content=\"Hern\u00e1n L\u00f3pez\" \/>\n<meta name=\"twitter:card\" content=\"summary_large_image\" \/>\n<meta name=\"twitter:label1\" content=\"Escrito por\" \/>\n\t<meta name=\"twitter:data1\" content=\"Hern\u00e1n L\u00f3pez\" \/>\n\t<meta name=\"twitter:label2\" content=\"Tiempo de lectura\" \/>\n\t<meta name=\"twitter:data2\" content=\"2 minutos\" \/>\n<script type=\"application\/ld+json\" class=\"yoast-schema-graph\">{\"@context\":\"https:\\\/\\\/schema.org\",\"@graph\":[{\"@type\":\"Article\",\"@id\":\"https:\\\/\\\/diarioprincipios.com\\\/index.php\\\/2020\\\/07\\\/01\\\/berazategui-suma-nuevos-cajeros-del-banco-provincia\\\/#article\",\"isPartOf\":{\"@id\":\"https:\\\/\\\/diarioprincipios.com\\\/index.php\\\/2020\\\/07\\\/01\\\/berazategui-suma-nuevos-cajeros-del-banco-provincia\\\/\"},\"author\":{\"name\":\"Hern\u00e1n L\u00f3pez\",\"@id\":\"https:\\\/\\\/diarioprincipios.com\\\/#\\\/schema\\\/person\\\/436d5a1fd41a5e250e23ff5a6a7cb080\"},\"headline\":\"Berazategui suma nuevos cajeros del Banco Provincia\",\"datePublished\":\"2020-07-02T00:10:12+00:00\",\"dateModified\":\"2020-07-02T00:10:16+00:00\",\"mainEntityOfPage\":{\"@id\":\"https:\\\/\\\/diarioprincipios.com\\\/index.php\\\/2020\\\/07\\\/01\\\/berazategui-suma-nuevos-cajeros-del-banco-provincia\\\/\"},\"wordCount\":441,\"commentCount\":0,\"publisher\":{\"@id\":\"https:\\\/\\\/diarioprincipios.com\\\/#organization\"},\"image\":{\"@id\":\"https:\\\/\\\/diarioprincipios.com\\\/index.php\\\/2020\\\/07\\\/01\\\/berazategui-suma-nuevos-cajeros-del-banco-provincia\\\/#primaryimage\"},\"thumbnailUrl\":\"https:\\\/\\\/diarioprincipios.com\\\/wp-content\\\/uploads\\\/2020\\\/07\\\/BERAZATEGUI-TIENE-NUEVOS-CAJEROS-DEL-BANCO-PROVINCIA-1.jpg\",\"articleSection\":[\"Berazategui\"],\"inLanguage\":\"es\",\"potentialAction\":[{\"@type\":\"CommentAction\",\"name\":\"Comment\",\"target\":[\"https:\\\/\\\/diarioprincipios.com\\\/index.php\\\/2020\\\/07\\\/01\\\/berazategui-suma-nuevos-cajeros-del-banco-provincia\\\/#respond\"]}]},{\"@type\":\"WebPage\",\"@id\":\"https:\\\/\\\/diarioprincipios.com\\\/index.php\\\/2020\\\/07\\\/01\\\/berazategui-suma-nuevos-cajeros-del-banco-provincia\\\/\",\"url\":\"https:\\\/\\\/diarioprincipios.com\\\/index.php\\\/2020\\\/07\\\/01\\\/berazategui-suma-nuevos-cajeros-del-banco-provincia\\\/\",\"name\":\"Berazategui suma nuevos cajeros del Banco Provincia - Principios\",\"isPartOf\":{\"@id\":\"https:\\\/\\\/diarioprincipios.com\\\/#website\"},\"primaryImageOfPage\":{\"@id\":\"https:\\\/\\\/diarioprincipios.com\\\/index.php\\\/2020\\\/07\\\/01\\\/berazategui-suma-nuevos-cajeros-del-banco-provincia\\\/#primaryimage\"},\"image\":{\"@id\":\"https:\\\/\\\/diarioprincipios.com\\\/index.php\\\/2020\\\/07\\\/01\\\/berazategui-suma-nuevos-cajeros-del-banco-provincia\\\/#primaryimage\"},\"thumbnailUrl\":\"https:\\\/\\\/diarioprincipios.com\\\/wp-content\\\/uploads\\\/2020\\\/07\\\/BERAZATEGUI-TIENE-NUEVOS-CAJEROS-DEL-BANCO-PROVINCIA-1.jpg\",\"datePublished\":\"2020-07-02T00:10:12+00:00\",\"dateModified\":\"2020-07-02T00:10:16+00:00\",\"breadcrumb\":{\"@id\":\"https:\\\/\\\/diarioprincipios.com\\\/index.php\\\/2020\\\/07\\\/01\\\/berazategui-suma-nuevos-cajeros-del-banco-provincia\\\/#breadcrumb\"},\"inLanguage\":\"es\",\"potentialAction\":[{\"@type\":\"ReadAction\",\"target\":[\"https:\\\/\\\/diarioprincipios.com\\\/index.php\\\/2020\\\/07\\\/01\\\/berazategui-suma-nuevos-cajeros-del-banco-provincia\\\/\"]}]},{\"@type\":\"ImageObject\",\"inLanguage\":\"es\",\"@id\":\"https:\\\/\\\/diarioprincipios.com\\\/index.php\\\/2020\\\/07\\\/01\\\/berazategui-suma-nuevos-cajeros-del-banco-provincia\\\/#primaryimage\",\"url\":\"https:\\\/\\\/diarioprincipios.com\\\/wp-content\\\/uploads\\\/2020\\\/07\\\/BERAZATEGUI-TIENE-NUEVOS-CAJEROS-DEL-BANCO-PROVINCIA-1.jpg\",\"contentUrl\":\"https:\\\/\\\/diarioprincipios.com\\\/wp-content\\\/uploads\\\/2020\\\/07\\\/BERAZATEGUI-TIENE-NUEVOS-CAJEROS-DEL-BANCO-PROVINCIA-1.jpg\",\"width\":1920,\"height\":1280},{\"@type\":\"BreadcrumbList\",\"@id\":\"https:\\\/\\\/diarioprincipios.com\\\/index.php\\\/2020\\\/07\\\/01\\\/berazategui-suma-nuevos-cajeros-del-banco-provincia\\\/#breadcrumb\",\"itemListElement\":[{\"@type\":\"ListItem\",\"position\":1,\"name\":\"Portada\",\"item\":\"https:\\\/\\\/diarioprincipios.com\\\/\"},{\"@type\":\"ListItem\",\"position\":2,\"name\":\"Berazategui suma nuevos cajeros del Banco Provincia\"}]},{\"@type\":\"WebSite\",\"@id\":\"https:\\\/\\\/diarioprincipios.com\\\/#website\",\"url\":\"https:\\\/\\\/diarioprincipios.com\\\/\",\"name\":\"Principios\",\"description\":\"Principios Diario\",\"publisher\":{\"@id\":\"https:\\\/\\\/diarioprincipios.com\\\/#organization\"},\"potentialAction\":[{\"@type\":\"SearchAction\",\"target\":{\"@type\":\"EntryPoint\",\"urlTemplate\":\"https:\\\/\\\/diarioprincipios.com\\\/?s={search_term_string}\"},\"query-input\":{\"@type\":\"PropertyValueSpecification\",\"valueRequired\":true,\"valueName\":\"search_term_string\"}}],\"inLanguage\":\"es\"},{\"@type\":\"Organization\",\"@id\":\"https:\\\/\\\/diarioprincipios.com\\\/#organization\",\"name\":\"Principios\",\"url\":\"https:\\\/\\\/diarioprincipios.com\\\/\",\"logo\":{\"@type\":\"ImageObject\",\"inLanguage\":\"es\",\"@id\":\"https:\\\/\\\/diarioprincipios.com\\\/#\\\/schema\\\/logo\\\/image\\\/\",\"url\":\"https:\\\/\\\/diarioprincipios.com\\\/wp-content\\\/uploads\\\/2024\\\/04\\\/cropped-www.diarioprincipios.com_-1.png\",\"contentUrl\":\"https:\\\/\\\/diarioprincipios.com\\\/wp-content\\\/uploads\\\/2024\\\/04\\\/cropped-www.diarioprincipios.com_-1.png\",\"width\":5325,\"height\":1454,\"caption\":\"Principios\"},\"image\":{\"@id\":\"https:\\\/\\\/diarioprincipios.com\\\/#\\\/schema\\\/logo\\\/image\\\/\"}},{\"@type\":\"Person\",\"@id\":\"https:\\\/\\\/diarioprincipios.com\\\/#\\\/schema\\\/person\\\/436d5a1fd41a5e250e23ff5a6a7cb080\",\"name\":\"Hern\u00e1n L\u00f3pez\",\"image\":{\"@type\":\"ImageObject\",\"inLanguage\":\"es\",\"@id\":\"https:\\\/\\\/diarioprincipios.com\\\/wp-content\\\/litespeed\\\/avatar\\\/11ddfe5610ff3bd100522525b2571f48.jpg?ver=1777653193\",\"url\":\"https:\\\/\\\/diarioprincipios.com\\\/wp-content\\\/litespeed\\\/avatar\\\/11ddfe5610ff3bd100522525b2571f48.jpg?ver=1777653193\",\"contentUrl\":\"https:\\\/\\\/diarioprincipios.com\\\/wp-content\\\/litespeed\\\/avatar\\\/11ddfe5610ff3bd100522525b2571f48.jpg?ver=1777653193\",\"caption\":\"Hern\u00e1n L\u00f3pez\"},\"url\":\"https:\\\/\\\/diarioprincipios.com\\\/index.php\\\/author\\\/hernan\\\/\"}]}<\/script>\n<!-- \/ Yoast SEO plugin. -->","yoast_head_json":{"title":"Berazategui suma nuevos cajeros del Banco Provincia - Principios","robots":{"index":"index","follow":"follow","max-snippet":"max-snippet:-1","max-image-preview":"max-image-preview:large","max-video-preview":"max-video-preview:-1"},"canonical":"https:\/\/diarioprincipios.com\/index.php\/2020\/07\/01\/berazategui-suma-nuevos-cajeros-del-banco-provincia\/","og_locale":"es_ES","og_type":"article","og_title":"Berazategui suma nuevos cajeros del Banco Provincia - Principios","og_description":"El intendente Juan Jos\u00e9 Mussi, y el presidente del Banco Provincia, Juan Cuattromo, inauguraron una cabina modular con dos cajeros autom\u00e1ticos en el play\u00f3n del Edificio Municipal (Av. 14 e\/ 131 y 131 A). Con esta, suman 19 las que se encuentran desplegadas en el Conurbano. De esta manera, en medio de la pandemia de...","og_url":"https:\/\/diarioprincipios.com\/index.php\/2020\/07\/01\/berazategui-suma-nuevos-cajeros-del-banco-provincia\/","og_site_name":"Principios","article_published_time":"2020-07-02T00:10:12+00:00","article_modified_time":"2020-07-02T00:10:16+00:00","og_image":[{"width":1920,"height":1280,"url":"https:\/\/diarioprincipios.com\/wp-content\/uploads\/2020\/07\/BERAZATEGUI-TIENE-NUEVOS-CAJEROS-DEL-BANCO-PROVINCIA-1.jpg","type":"image\/jpeg"}],"author":"Hern\u00e1n L\u00f3pez","twitter_card":"summary_large_image","twitter_misc":{"Escrito por":"Hern\u00e1n L\u00f3pez","Tiempo de lectura":"2 minutos"},"schema":{"@context":"https:\/\/schema.org","@graph":[{"@type":"Article","@id":"https:\/\/diarioprincipios.com\/index.php\/2020\/07\/01\/berazategui-suma-nuevos-cajeros-del-banco-provincia\/#article","isPartOf":{"@id":"https:\/\/diarioprincipios.com\/index.php\/2020\/07\/01\/berazategui-suma-nuevos-cajeros-del-banco-provincia\/"},"author":{"name":"Hern\u00e1n L\u00f3pez","@id":"https:\/\/diarioprincipios.com\/#\/schema\/person\/436d5a1fd41a5e250e23ff5a6a7cb080"},"headline":"Berazategui suma nuevos cajeros del Banco Provincia","datePublished":"2020-07-02T00:10:12+00:00","dateModified":"2020-07-02T00:10:16+00:00","mainEntityOfPage":{"@id":"https:\/\/diarioprincipios.com\/index.php\/2020\/07\/01\/berazategui-suma-nuevos-cajeros-del-banco-provincia\/"},"wordCount":441,"commentCount":0,"publisher":{"@id":"https:\/\/diarioprincipios.com\/#organization"},"image":{"@id":"https:\/\/diarioprincipios.com\/index.php\/2020\/07\/01\/berazategui-suma-nuevos-cajeros-del-banco-provincia\/#primaryimage"},"thumbnailUrl":"https:\/\/diarioprincipios.com\/wp-content\/uploads\/2020\/07\/BERAZATEGUI-TIENE-NUEVOS-CAJEROS-DEL-BANCO-PROVINCIA-1.jpg","articleSection":["Berazategui"],"inLanguage":"es","potentialAction":[{"@type":"CommentAction","name":"Comment","target":["https:\/\/diarioprincipios.com\/index.php\/2020\/07\/01\/berazategui-suma-nuevos-cajeros-del-banco-provincia\/#respond"]}]},{"@type":"WebPage","@id":"https:\/\/diarioprincipios.com\/index.php\/2020\/07\/01\/berazategui-suma-nuevos-cajeros-del-banco-provincia\/","url":"https:\/\/diarioprincipios.com\/index.php\/2020\/07\/01\/berazategui-suma-nuevos-cajeros-del-banco-provincia\/","name":"Berazategui suma nuevos cajeros del Banco Provincia - Principios","isPartOf":{"@id":"https:\/\/diarioprincipios.com\/#website"},"primaryImageOfPage":{"@id":"https:\/\/diarioprincipios.com\/index.php\/2020\/07\/01\/berazategui-suma-nuevos-cajeros-del-banco-provincia\/#primaryimage"},"image":{"@id":"https:\/\/diarioprincipios.com\/index.php\/2020\/07\/01\/berazategui-suma-nuevos-cajeros-del-banco-provincia\/#primaryimage"},"thumbnailUrl":"https:\/\/diarioprincipios.com\/wp-content\/uploads\/2020\/07\/BERAZATEGUI-TIENE-NUEVOS-CAJEROS-DEL-BANCO-PROVINCIA-1.jpg","datePublished":"2020-07-02T00:10:12+00:00","dateModified":"2020-07-02T00:10:16+00:00","breadcrumb":{"@id":"https:\/\/diarioprincipios.com\/index.php\/2020\/07\/01\/berazategui-suma-nuevos-cajeros-del-banco-provincia\/#breadcrumb"},"inLanguage":"es","potentialAction":[{"@type":"ReadAction","target":["https:\/\/diarioprincipios.com\/index.php\/2020\/07\/01\/berazategui-suma-nuevos-cajeros-del-banco-provincia\/"]}]},{"@type":"ImageObject","inLanguage":"es","@id":"https:\/\/diarioprincipios.com\/index.php\/2020\/07\/01\/berazategui-suma-nuevos-cajeros-del-banco-provincia\/#primaryimage","url":"https:\/\/diarioprincipios.com\/wp-content\/uploads\/2020\/07\/BERAZATEGUI-TIENE-NUEVOS-CAJEROS-DEL-BANCO-PROVINCIA-1.jpg","contentUrl":"https:\/\/diarioprincipios.com\/wp-content\/uploads\/2020\/07\/BERAZATEGUI-TIENE-NUEVOS-CAJEROS-DEL-BANCO-PROVINCIA-1.jpg","width":1920,"height":1280},{"@type":"BreadcrumbList","@id":"https:\/\/diarioprincipios.com\/index.php\/2020\/07\/01\/berazategui-suma-nuevos-cajeros-del-banco-provincia\/#breadcrumb","itemListElement":[{"@type":"ListItem","position":1,"name":"Portada","item":"https:\/\/diarioprincipios.com\/"},{"@type":"ListItem","position":2,"name":"Berazategui suma nuevos cajeros del Banco Provincia"}]},{"@type":"WebSite","@id":"https:\/\/diarioprincipios.com\/#website","url":"https:\/\/diarioprincipios.com\/","name":"Principios","description":"Principios Diario","publisher":{"@id":"https:\/\/diarioprincipios.com\/#organization"},"potentialAction":[{"@type":"SearchAction","target":{"@type":"EntryPoint","urlTemplate":"https:\/\/diarioprincipios.com\/?s={search_term_string}"},"query-input":{"@type":"PropertyValueSpecification","valueRequired":true,"valueName":"search_term_string"}}],"inLanguage":"es"},{"@type":"Organization","@id":"https:\/\/diarioprincipios.com\/#organization","name":"Principios","url":"https:\/\/diarioprincipios.com\/","logo":{"@type":"ImageObject","inLanguage":"es","@id":"https:\/\/diarioprincipios.com\/#\/schema\/logo\/image\/","url":"https:\/\/diarioprincipios.com\/wp-content\/uploads\/2024\/04\/cropped-www.diarioprincipios.com_-1.png","contentUrl":"https:\/\/diarioprincipios.com\/wp-content\/uploads\/2024\/04\/cropped-www.diarioprincipios.com_-1.png","width":5325,"height":1454,"caption":"Principios"},"image":{"@id":"https:\/\/diarioprincipios.com\/#\/schema\/logo\/image\/"}},{"@type":"Person","@id":"https:\/\/diarioprincipios.com\/#\/schema\/person\/436d5a1fd41a5e250e23ff5a6a7cb080","name":"Hern\u00e1n L\u00f3pez","image":{"@type":"ImageObject","inLanguage":"es","@id":"https:\/\/diarioprincipios.com\/wp-content\/litespeed\/avatar\/11ddfe5610ff3bd100522525b2571f48.jpg?ver=1777653193","url":"https:\/\/diarioprincipios.com\/wp-content\/litespeed\/avatar\/11ddfe5610ff3bd100522525b2571f48.jpg?ver=1777653193","contentUrl":"https:\/\/diarioprincipios.com\/wp-content\/litespeed\/avatar\/11ddfe5610ff3bd100522525b2571f48.jpg?ver=1777653193","caption":"Hern\u00e1n L\u00f3pez"},"url":"https:\/\/diarioprincipios.com\/index.php\/author\/hernan\/"}]}},"jetpack_featured_media_url":"https:\/\/diarioprincipios.com\/wp-content\/uploads\/2020\/07\/BERAZATEGUI-TIENE-NUEVOS-CAJEROS-DEL-BANCO-PROVINCIA-1.jpg","_links":{"self":[{"href":"https:\/\/diarioprincipios.com\/index.php\/wp-json\/wp\/v2\/posts\/3575","targetHints":{"allow":["GET"]}}],"collection":[{"href":"https:\/\/diarioprincipios.com\/index.php\/wp-json\/wp\/v2\/posts"}],"about":[{"href":"https:\/\/diarioprincipios.com\/index.php\/wp-json\/wp\/v2\/types\/post"}],"author":[{"embeddable":true,"href":"https:\/\/diarioprincipios.com\/index.php\/wp-json\/wp\/v2\/users\/2"}],"replies":[{"embeddable":true,"href":"https:\/\/diarioprincipios.com\/index.php\/wp-json\/wp\/v2\/comments?post=3575"}],"version-history":[{"count":1,"href":"https:\/\/diarioprincipios.com\/index.php\/wp-json\/wp\/v2\/posts\/3575\/revisions"}],"predecessor-version":[{"id":3578,"href":"https:\/\/diarioprincipios.com\/index.php\/wp-json\/wp\/v2\/posts\/3575\/revisions\/3578"}],"wp:featuredmedia":[{"embeddable":true,"href":"https:\/\/diarioprincipios.com\/index.php\/wp-json\/wp\/v2\/media\/3577"}],"wp:attachment":[{"href":"https:\/\/diarioprincipios.com\/index.php\/wp-json\/wp\/v2\/media?parent=3575"}],"wp:term":[{"taxonomy":"category","embeddable":true,"href":"https:\/\/diarioprincipios.com\/index.php\/wp-json\/wp\/v2\/categories?post=3575"},{"taxonomy":"post_tag","embeddable":true,"href":"https:\/\/diarioprincipios.com\/index.php\/wp-json\/wp\/v2\/tags?post=3575"}],"curies":[{"name":"wp","href":"https:\/\/api.w.org\/{rel}","templated":true}]}}