{"id":3570,"date":"2020-07-01T18:37:23","date_gmt":"2020-07-01T21:37:23","guid":{"rendered":"http:\/\/diarioprincipios.com\/?p=3570"},"modified":"2020-07-01T18:37:27","modified_gmt":"2020-07-01T21:37:27","slug":"juan-jose-mussi-disertara-en-un-foro-virtual-sobre-covid-y-gestion-municipal","status":"publish","type":"post","link":"https:\/\/diarioprincipios.com\/index.php\/2020\/07\/01\/juan-jose-mussi-disertara-en-un-foro-virtual-sobre-covid-y-gestion-municipal\/","title":{"rendered":"Juan Jos\u00e9 Mussi disertar\u00e1 en un Foro Virtual sobre Covid y Gesti\u00f3n Municipal"},"content":{"rendered":"\n<p><strong>El debate se llama \u00abCovid y gesti\u00f3n municipal, presente y futuro\u00bb, es organizado por la Fundaci\u00f3n Metropolitana y ser\u00e1 transmitido por YouTube. En el marco de la pandemia de COVID-19 y mientras las restricciones del Aislamiento Social, Preventivo y Obligatorio se endurecen en el \u00c1rea Metropolitana de Buenos Aires, para preservar la salud de los ciudadanos, el Intendente de Berazategui explicar\u00e1 diversos puntos de la gesti\u00f3n local.<\/strong><\/p>\n\n\n\n<figure class=\"wp-block-image size-large\"><img loading=\"lazy\" decoding=\"async\" width=\"724\" height=\"1024\" src=\"https:\/\/diarioprincipios.com\/wp-content\/uploads\/2020\/07\/JUAN-JOS\u00c9-MUSSI-DISERTAR\u00c1-EN-UN-FORO-VIRTUAL-724x1024.jpeg\" alt=\"\" class=\"wp-image-3571\" srcset=\"https:\/\/diarioprincipios.com\/wp-content\/uploads\/2020\/07\/JUAN-JOS\u00c9-MUSSI-DISERTAR\u00c1-EN-UN-FORO-VIRTUAL-724x1024.jpeg 724w, https:\/\/diarioprincipios.com\/wp-content\/uploads\/2020\/07\/JUAN-JOS\u00c9-MUSSI-DISERTAR\u00c1-EN-UN-FORO-VIRTUAL-212x300.jpeg 212w, https:\/\/diarioprincipios.com\/wp-content\/uploads\/2020\/07\/JUAN-JOS\u00c9-MUSSI-DISERTAR\u00c1-EN-UN-FORO-VIRTUAL-768x1086.jpeg 768w, https:\/\/diarioprincipios.com\/wp-content\/uploads\/2020\/07\/JUAN-JOS\u00c9-MUSSI-DISERTAR\u00c1-EN-UN-FORO-VIRTUAL.jpeg 794w\" sizes=\"auto, (max-width: 724px) 100vw, 724px\" \/><\/figure>\n\n\n\n<p>Adem\u00e1s del Dr. Mussi, la charla contar\u00e1 con la participaci\u00f3n de Julio Zamora, intendente de Tigre; Daniel Cravacuore, presidente de la Fundaci\u00f3n Internacional para el Desarrollo Local (FINDEL); Pedro Del Piero y Gast\u00f3n Urquiza, presidente y director ejecutivo de la Fundaci\u00f3n Metropolitana, respectivamente.\u00a0\u00a0\u00a0\u00a0\u00a0\u00a0\u00a0\u00a0\u00a0\u00a0\u00a0\u00a0\u00a0\u00a0\u00a0\u00a0\u00a0 \u00a0\u00a0\u00a0\u00a0\u00a0\u00a0\u00a0\u00a0\u00a0\u00a0\u00a0\u00a0\u00a0\u00a0\u00a0\u00a0\u00a0\u00a0\u00a0\u00a0\u00a0\u00a0\u00a0\u00a0\u00a0\u00a0\u00a0\u00a0\u00a0\u00a0\u00a0\u00a0\u00a0\u00a0\u00a0\u00a0\u00a0<\/p>\n\n\n\n<p>El di\u00e1logo en vivo se podr\u00e1 ver desde el canal de YouTube de la Fundaci\u00f3n Metropolitana (<a rel=\"noreferrer noopener\" target=\"_blank\" href=\"http:\/\/youtube.com\/user\/FMetropolitana\">youtube.com\/user\/FMetropolitana<\/a>).<\/p>\n","protected":false},"excerpt":{"rendered":"<p>El debate se llama \u00abCovid y gesti\u00f3n municipal, presente y futuro\u00bb, es organizado por la Fundaci\u00f3n Metropolitana y ser\u00e1 transmitido por YouTube. En el marco de la pandemia de COVID-19 y mientras las restricciones del Aislamiento Social, Preventivo y Obligatorio se endurecen en el \u00c1rea Metropolitana de Buenos Aires, para preservar la salud de los&#8230;<\/p>\n","protected":false},"author":2,"featured_media":3572,"comment_status":"open","ping_status":"open","sticky":false,"template":"","format":"standard","meta":{"footnotes":""},"categories":[3],"tags":[],"class_list":["post-3570","post","type-post","status-publish","format-standard","has-post-thumbnail","hentry","category-berazategui"],"featured_image_src":"https:\/\/diarioprincipios.com\/wp-content\/uploads\/2020\/07\/20200701_183448.jpg","blog_images":{"medium":"https:\/\/diarioprincipios.com\/wp-content\/uploads\/2020\/07\/20200701_183448-300x200.jpg","large":"https:\/\/diarioprincipios.com\/wp-content\/uploads\/2020\/07\/20200701_183448.jpg"},"ams_acf":[],"yoast_head":"<!-- This site is optimized with the Yoast SEO plugin v27.3 - https:\/\/yoast.com\/product\/yoast-seo-wordpress\/ -->\n<title>Juan Jos\u00e9 Mussi disertar\u00e1 en un Foro Virtual sobre Covid y Gesti\u00f3n Municipal - Principios<\/title>\n<meta name=\"robots\" content=\"index, follow, max-snippet:-1, max-image-preview:large, max-video-preview:-1\" \/>\n<link rel=\"canonical\" href=\"https:\/\/diarioprincipios.com\/index.php\/2020\/07\/01\/juan-jose-mussi-disertara-en-un-foro-virtual-sobre-covid-y-gestion-municipal\/\" \/>\n<meta property=\"og:locale\" content=\"es_ES\" \/>\n<meta property=\"og:type\" content=\"article\" \/>\n<meta property=\"og:title\" content=\"Juan Jos\u00e9 Mussi disertar\u00e1 en un Foro Virtual sobre Covid y Gesti\u00f3n Municipal - Principios\" \/>\n<meta property=\"og:description\" content=\"El debate se llama \u00abCovid y gesti\u00f3n municipal, presente y futuro\u00bb, es organizado por la Fundaci\u00f3n Metropolitana y ser\u00e1 transmitido por YouTube. En el marco de la pandemia de COVID-19 y mientras las restricciones del Aislamiento Social, Preventivo y Obligatorio se endurecen en el \u00c1rea Metropolitana de Buenos Aires, para preservar la salud de los...\" \/>\n<meta property=\"og:url\" content=\"https:\/\/diarioprincipios.com\/index.php\/2020\/07\/01\/juan-jose-mussi-disertara-en-un-foro-virtual-sobre-covid-y-gestion-municipal\/\" \/>\n<meta property=\"og:site_name\" content=\"Principios\" \/>\n<meta property=\"article:published_time\" content=\"2020-07-01T21:37:23+00:00\" \/>\n<meta property=\"article:modified_time\" content=\"2020-07-01T21:37:27+00:00\" \/>\n<meta property=\"og:image\" content=\"https:\/\/diarioprincipios.com\/wp-content\/uploads\/2020\/07\/20200701_183448.jpg\" \/>\n\t<meta property=\"og:image:width\" content=\"792\" \/>\n\t<meta property=\"og:image:height\" content=\"528\" \/>\n\t<meta property=\"og:image:type\" content=\"image\/jpeg\" \/>\n<meta name=\"author\" content=\"Hern\u00e1n L\u00f3pez\" \/>\n<meta name=\"twitter:card\" content=\"summary_large_image\" \/>\n<meta name=\"twitter:label1\" content=\"Escrito por\" \/>\n\t<meta name=\"twitter:data1\" content=\"Hern\u00e1n L\u00f3pez\" \/>\n\t<meta name=\"twitter:label2\" content=\"Tiempo de lectura\" \/>\n\t<meta name=\"twitter:data2\" content=\"1 minuto\" \/>\n<script type=\"application\/ld+json\" class=\"yoast-schema-graph\">{\"@context\":\"https:\\\/\\\/schema.org\",\"@graph\":[{\"@type\":\"Article\",\"@id\":\"https:\\\/\\\/diarioprincipios.com\\\/index.php\\\/2020\\\/07\\\/01\\\/juan-jose-mussi-disertara-en-un-foro-virtual-sobre-covid-y-gestion-municipal\\\/#article\",\"isPartOf\":{\"@id\":\"https:\\\/\\\/diarioprincipios.com\\\/index.php\\\/2020\\\/07\\\/01\\\/juan-jose-mussi-disertara-en-un-foro-virtual-sobre-covid-y-gestion-municipal\\\/\"},\"author\":{\"name\":\"Hern\u00e1n L\u00f3pez\",\"@id\":\"https:\\\/\\\/diarioprincipios.com\\\/#\\\/schema\\\/person\\\/436d5a1fd41a5e250e23ff5a6a7cb080\"},\"headline\":\"Juan Jos\u00e9 Mussi disertar\u00e1 en un Foro Virtual sobre Covid y Gesti\u00f3n Municipal\",\"datePublished\":\"2020-07-01T21:37:23+00:00\",\"dateModified\":\"2020-07-01T21:37:27+00:00\",\"mainEntityOfPage\":{\"@id\":\"https:\\\/\\\/diarioprincipios.com\\\/index.php\\\/2020\\\/07\\\/01\\\/juan-jose-mussi-disertara-en-un-foro-virtual-sobre-covid-y-gestion-municipal\\\/\"},\"wordCount\":154,\"commentCount\":0,\"publisher\":{\"@id\":\"https:\\\/\\\/diarioprincipios.com\\\/#organization\"},\"image\":{\"@id\":\"https:\\\/\\\/diarioprincipios.com\\\/index.php\\\/2020\\\/07\\\/01\\\/juan-jose-mussi-disertara-en-un-foro-virtual-sobre-covid-y-gestion-municipal\\\/#primaryimage\"},\"thumbnailUrl\":\"https:\\\/\\\/diarioprincipios.com\\\/wp-content\\\/uploads\\\/2020\\\/07\\\/20200701_183448.jpg\",\"articleSection\":[\"Berazategui\"],\"inLanguage\":\"es\",\"potentialAction\":[{\"@type\":\"CommentAction\",\"name\":\"Comment\",\"target\":[\"https:\\\/\\\/diarioprincipios.com\\\/index.php\\\/2020\\\/07\\\/01\\\/juan-jose-mussi-disertara-en-un-foro-virtual-sobre-covid-y-gestion-municipal\\\/#respond\"]}]},{\"@type\":\"WebPage\",\"@id\":\"https:\\\/\\\/diarioprincipios.com\\\/index.php\\\/2020\\\/07\\\/01\\\/juan-jose-mussi-disertara-en-un-foro-virtual-sobre-covid-y-gestion-municipal\\\/\",\"url\":\"https:\\\/\\\/diarioprincipios.com\\\/index.php\\\/2020\\\/07\\\/01\\\/juan-jose-mussi-disertara-en-un-foro-virtual-sobre-covid-y-gestion-municipal\\\/\",\"name\":\"Juan Jos\u00e9 Mussi disertar\u00e1 en un Foro Virtual sobre Covid y Gesti\u00f3n Municipal - Principios\",\"isPartOf\":{\"@id\":\"https:\\\/\\\/diarioprincipios.com\\\/#website\"},\"primaryImageOfPage\":{\"@id\":\"https:\\\/\\\/diarioprincipios.com\\\/index.php\\\/2020\\\/07\\\/01\\\/juan-jose-mussi-disertara-en-un-foro-virtual-sobre-covid-y-gestion-municipal\\\/#primaryimage\"},\"image\":{\"@id\":\"https:\\\/\\\/diarioprincipios.com\\\/index.php\\\/2020\\\/07\\\/01\\\/juan-jose-mussi-disertara-en-un-foro-virtual-sobre-covid-y-gestion-municipal\\\/#primaryimage\"},\"thumbnailUrl\":\"https:\\\/\\\/diarioprincipios.com\\\/wp-content\\\/uploads\\\/2020\\\/07\\\/20200701_183448.jpg\",\"datePublished\":\"2020-07-01T21:37:23+00:00\",\"dateModified\":\"2020-07-01T21:37:27+00:00\",\"breadcrumb\":{\"@id\":\"https:\\\/\\\/diarioprincipios.com\\\/index.php\\\/2020\\\/07\\\/01\\\/juan-jose-mussi-disertara-en-un-foro-virtual-sobre-covid-y-gestion-municipal\\\/#breadcrumb\"},\"inLanguage\":\"es\",\"potentialAction\":[{\"@type\":\"ReadAction\",\"target\":[\"https:\\\/\\\/diarioprincipios.com\\\/index.php\\\/2020\\\/07\\\/01\\\/juan-jose-mussi-disertara-en-un-foro-virtual-sobre-covid-y-gestion-municipal\\\/\"]}]},{\"@type\":\"ImageObject\",\"inLanguage\":\"es\",\"@id\":\"https:\\\/\\\/diarioprincipios.com\\\/index.php\\\/2020\\\/07\\\/01\\\/juan-jose-mussi-disertara-en-un-foro-virtual-sobre-covid-y-gestion-municipal\\\/#primaryimage\",\"url\":\"https:\\\/\\\/diarioprincipios.com\\\/wp-content\\\/uploads\\\/2020\\\/07\\\/20200701_183448.jpg\",\"contentUrl\":\"https:\\\/\\\/diarioprincipios.com\\\/wp-content\\\/uploads\\\/2020\\\/07\\\/20200701_183448.jpg\",\"width\":792,\"height\":528},{\"@type\":\"BreadcrumbList\",\"@id\":\"https:\\\/\\\/diarioprincipios.com\\\/index.php\\\/2020\\\/07\\\/01\\\/juan-jose-mussi-disertara-en-un-foro-virtual-sobre-covid-y-gestion-municipal\\\/#breadcrumb\",\"itemListElement\":[{\"@type\":\"ListItem\",\"position\":1,\"name\":\"Portada\",\"item\":\"https:\\\/\\\/diarioprincipios.com\\\/\"},{\"@type\":\"ListItem\",\"position\":2,\"name\":\"Juan Jos\u00e9 Mussi disertar\u00e1 en un Foro Virtual sobre Covid y Gesti\u00f3n Municipal\"}]},{\"@type\":\"WebSite\",\"@id\":\"https:\\\/\\\/diarioprincipios.com\\\/#website\",\"url\":\"https:\\\/\\\/diarioprincipios.com\\\/\",\"name\":\"Principios\",\"description\":\"Principios Diario\",\"publisher\":{\"@id\":\"https:\\\/\\\/diarioprincipios.com\\\/#organization\"},\"potentialAction\":[{\"@type\":\"SearchAction\",\"target\":{\"@type\":\"EntryPoint\",\"urlTemplate\":\"https:\\\/\\\/diarioprincipios.com\\\/?s={search_term_string}\"},\"query-input\":{\"@type\":\"PropertyValueSpecification\",\"valueRequired\":true,\"valueName\":\"search_term_string\"}}],\"inLanguage\":\"es\"},{\"@type\":\"Organization\",\"@id\":\"https:\\\/\\\/diarioprincipios.com\\\/#organization\",\"name\":\"Principios\",\"url\":\"https:\\\/\\\/diarioprincipios.com\\\/\",\"logo\":{\"@type\":\"ImageObject\",\"inLanguage\":\"es\",\"@id\":\"https:\\\/\\\/diarioprincipios.com\\\/#\\\/schema\\\/logo\\\/image\\\/\",\"url\":\"https:\\\/\\\/diarioprincipios.com\\\/wp-content\\\/uploads\\\/2024\\\/04\\\/cropped-www.diarioprincipios.com_-1.png\",\"contentUrl\":\"https:\\\/\\\/diarioprincipios.com\\\/wp-content\\\/uploads\\\/2024\\\/04\\\/cropped-www.diarioprincipios.com_-1.png\",\"width\":5325,\"height\":1454,\"caption\":\"Principios\"},\"image\":{\"@id\":\"https:\\\/\\\/diarioprincipios.com\\\/#\\\/schema\\\/logo\\\/image\\\/\"}},{\"@type\":\"Person\",\"@id\":\"https:\\\/\\\/diarioprincipios.com\\\/#\\\/schema\\\/person\\\/436d5a1fd41a5e250e23ff5a6a7cb080\",\"name\":\"Hern\u00e1n L\u00f3pez\",\"image\":{\"@type\":\"ImageObject\",\"inLanguage\":\"es\",\"@id\":\"https:\\\/\\\/diarioprincipios.com\\\/wp-content\\\/litespeed\\\/avatar\\\/11ddfe5610ff3bd100522525b2571f48.jpg?ver=1777048341\",\"url\":\"https:\\\/\\\/diarioprincipios.com\\\/wp-content\\\/litespeed\\\/avatar\\\/11ddfe5610ff3bd100522525b2571f48.jpg?ver=1777048341\",\"contentUrl\":\"https:\\\/\\\/diarioprincipios.com\\\/wp-content\\\/litespeed\\\/avatar\\\/11ddfe5610ff3bd100522525b2571f48.jpg?ver=1777048341\",\"caption\":\"Hern\u00e1n L\u00f3pez\"},\"url\":\"https:\\\/\\\/diarioprincipios.com\\\/index.php\\\/author\\\/hernan\\\/\"}]}<\/script>\n<!-- \/ Yoast SEO plugin. -->","yoast_head_json":{"title":"Juan Jos\u00e9 Mussi disertar\u00e1 en un Foro Virtual sobre Covid y Gesti\u00f3n Municipal - Principios","robots":{"index":"index","follow":"follow","max-snippet":"max-snippet:-1","max-image-preview":"max-image-preview:large","max-video-preview":"max-video-preview:-1"},"canonical":"https:\/\/diarioprincipios.com\/index.php\/2020\/07\/01\/juan-jose-mussi-disertara-en-un-foro-virtual-sobre-covid-y-gestion-municipal\/","og_locale":"es_ES","og_type":"article","og_title":"Juan Jos\u00e9 Mussi disertar\u00e1 en un Foro Virtual sobre Covid y Gesti\u00f3n Municipal - Principios","og_description":"El debate se llama \u00abCovid y gesti\u00f3n municipal, presente y futuro\u00bb, es organizado por la Fundaci\u00f3n Metropolitana y ser\u00e1 transmitido por YouTube. En el marco de la pandemia de COVID-19 y mientras las restricciones del Aislamiento Social, Preventivo y Obligatorio se endurecen en el \u00c1rea Metropolitana de Buenos Aires, para preservar la salud de los...","og_url":"https:\/\/diarioprincipios.com\/index.php\/2020\/07\/01\/juan-jose-mussi-disertara-en-un-foro-virtual-sobre-covid-y-gestion-municipal\/","og_site_name":"Principios","article_published_time":"2020-07-01T21:37:23+00:00","article_modified_time":"2020-07-01T21:37:27+00:00","og_image":[{"width":792,"height":528,"url":"https:\/\/diarioprincipios.com\/wp-content\/uploads\/2020\/07\/20200701_183448.jpg","type":"image\/jpeg"}],"author":"Hern\u00e1n L\u00f3pez","twitter_card":"summary_large_image","twitter_misc":{"Escrito por":"Hern\u00e1n L\u00f3pez","Tiempo de lectura":"1 minuto"},"schema":{"@context":"https:\/\/schema.org","@graph":[{"@type":"Article","@id":"https:\/\/diarioprincipios.com\/index.php\/2020\/07\/01\/juan-jose-mussi-disertara-en-un-foro-virtual-sobre-covid-y-gestion-municipal\/#article","isPartOf":{"@id":"https:\/\/diarioprincipios.com\/index.php\/2020\/07\/01\/juan-jose-mussi-disertara-en-un-foro-virtual-sobre-covid-y-gestion-municipal\/"},"author":{"name":"Hern\u00e1n L\u00f3pez","@id":"https:\/\/diarioprincipios.com\/#\/schema\/person\/436d5a1fd41a5e250e23ff5a6a7cb080"},"headline":"Juan Jos\u00e9 Mussi disertar\u00e1 en un Foro Virtual sobre Covid y Gesti\u00f3n Municipal","datePublished":"2020-07-01T21:37:23+00:00","dateModified":"2020-07-01T21:37:27+00:00","mainEntityOfPage":{"@id":"https:\/\/diarioprincipios.com\/index.php\/2020\/07\/01\/juan-jose-mussi-disertara-en-un-foro-virtual-sobre-covid-y-gestion-municipal\/"},"wordCount":154,"commentCount":0,"publisher":{"@id":"https:\/\/diarioprincipios.com\/#organization"},"image":{"@id":"https:\/\/diarioprincipios.com\/index.php\/2020\/07\/01\/juan-jose-mussi-disertara-en-un-foro-virtual-sobre-covid-y-gestion-municipal\/#primaryimage"},"thumbnailUrl":"https:\/\/diarioprincipios.com\/wp-content\/uploads\/2020\/07\/20200701_183448.jpg","articleSection":["Berazategui"],"inLanguage":"es","potentialAction":[{"@type":"CommentAction","name":"Comment","target":["https:\/\/diarioprincipios.com\/index.php\/2020\/07\/01\/juan-jose-mussi-disertara-en-un-foro-virtual-sobre-covid-y-gestion-municipal\/#respond"]}]},{"@type":"WebPage","@id":"https:\/\/diarioprincipios.com\/index.php\/2020\/07\/01\/juan-jose-mussi-disertara-en-un-foro-virtual-sobre-covid-y-gestion-municipal\/","url":"https:\/\/diarioprincipios.com\/index.php\/2020\/07\/01\/juan-jose-mussi-disertara-en-un-foro-virtual-sobre-covid-y-gestion-municipal\/","name":"Juan Jos\u00e9 Mussi disertar\u00e1 en un Foro Virtual sobre Covid y Gesti\u00f3n Municipal - Principios","isPartOf":{"@id":"https:\/\/diarioprincipios.com\/#website"},"primaryImageOfPage":{"@id":"https:\/\/diarioprincipios.com\/index.php\/2020\/07\/01\/juan-jose-mussi-disertara-en-un-foro-virtual-sobre-covid-y-gestion-municipal\/#primaryimage"},"image":{"@id":"https:\/\/diarioprincipios.com\/index.php\/2020\/07\/01\/juan-jose-mussi-disertara-en-un-foro-virtual-sobre-covid-y-gestion-municipal\/#primaryimage"},"thumbnailUrl":"https:\/\/diarioprincipios.com\/wp-content\/uploads\/2020\/07\/20200701_183448.jpg","datePublished":"2020-07-01T21:37:23+00:00","dateModified":"2020-07-01T21:37:27+00:00","breadcrumb":{"@id":"https:\/\/diarioprincipios.com\/index.php\/2020\/07\/01\/juan-jose-mussi-disertara-en-un-foro-virtual-sobre-covid-y-gestion-municipal\/#breadcrumb"},"inLanguage":"es","potentialAction":[{"@type":"ReadAction","target":["https:\/\/diarioprincipios.com\/index.php\/2020\/07\/01\/juan-jose-mussi-disertara-en-un-foro-virtual-sobre-covid-y-gestion-municipal\/"]}]},{"@type":"ImageObject","inLanguage":"es","@id":"https:\/\/diarioprincipios.com\/index.php\/2020\/07\/01\/juan-jose-mussi-disertara-en-un-foro-virtual-sobre-covid-y-gestion-municipal\/#primaryimage","url":"https:\/\/diarioprincipios.com\/wp-content\/uploads\/2020\/07\/20200701_183448.jpg","contentUrl":"https:\/\/diarioprincipios.com\/wp-content\/uploads\/2020\/07\/20200701_183448.jpg","width":792,"height":528},{"@type":"BreadcrumbList","@id":"https:\/\/diarioprincipios.com\/index.php\/2020\/07\/01\/juan-jose-mussi-disertara-en-un-foro-virtual-sobre-covid-y-gestion-municipal\/#breadcrumb","itemListElement":[{"@type":"ListItem","position":1,"name":"Portada","item":"https:\/\/diarioprincipios.com\/"},{"@type":"ListItem","position":2,"name":"Juan Jos\u00e9 Mussi disertar\u00e1 en un Foro Virtual sobre Covid y Gesti\u00f3n Municipal"}]},{"@type":"WebSite","@id":"https:\/\/diarioprincipios.com\/#website","url":"https:\/\/diarioprincipios.com\/","name":"Principios","description":"Principios Diario","publisher":{"@id":"https:\/\/diarioprincipios.com\/#organization"},"potentialAction":[{"@type":"SearchAction","target":{"@type":"EntryPoint","urlTemplate":"https:\/\/diarioprincipios.com\/?s={search_term_string}"},"query-input":{"@type":"PropertyValueSpecification","valueRequired":true,"valueName":"search_term_string"}}],"inLanguage":"es"},{"@type":"Organization","@id":"https:\/\/diarioprincipios.com\/#organization","name":"Principios","url":"https:\/\/diarioprincipios.com\/","logo":{"@type":"ImageObject","inLanguage":"es","@id":"https:\/\/diarioprincipios.com\/#\/schema\/logo\/image\/","url":"https:\/\/diarioprincipios.com\/wp-content\/uploads\/2024\/04\/cropped-www.diarioprincipios.com_-1.png","contentUrl":"https:\/\/diarioprincipios.com\/wp-content\/uploads\/2024\/04\/cropped-www.diarioprincipios.com_-1.png","width":5325,"height":1454,"caption":"Principios"},"image":{"@id":"https:\/\/diarioprincipios.com\/#\/schema\/logo\/image\/"}},{"@type":"Person","@id":"https:\/\/diarioprincipios.com\/#\/schema\/person\/436d5a1fd41a5e250e23ff5a6a7cb080","name":"Hern\u00e1n L\u00f3pez","image":{"@type":"ImageObject","inLanguage":"es","@id":"https:\/\/diarioprincipios.com\/wp-content\/litespeed\/avatar\/11ddfe5610ff3bd100522525b2571f48.jpg?ver=1777048341","url":"https:\/\/diarioprincipios.com\/wp-content\/litespeed\/avatar\/11ddfe5610ff3bd100522525b2571f48.jpg?ver=1777048341","contentUrl":"https:\/\/diarioprincipios.com\/wp-content\/litespeed\/avatar\/11ddfe5610ff3bd100522525b2571f48.jpg?ver=1777048341","caption":"Hern\u00e1n L\u00f3pez"},"url":"https:\/\/diarioprincipios.com\/index.php\/author\/hernan\/"}]}},"jetpack_featured_media_url":"https:\/\/diarioprincipios.com\/wp-content\/uploads\/2020\/07\/20200701_183448.jpg","_links":{"self":[{"href":"https:\/\/diarioprincipios.com\/index.php\/wp-json\/wp\/v2\/posts\/3570","targetHints":{"allow":["GET"]}}],"collection":[{"href":"https:\/\/diarioprincipios.com\/index.php\/wp-json\/wp\/v2\/posts"}],"about":[{"href":"https:\/\/diarioprincipios.com\/index.php\/wp-json\/wp\/v2\/types\/post"}],"author":[{"embeddable":true,"href":"https:\/\/diarioprincipios.com\/index.php\/wp-json\/wp\/v2\/users\/2"}],"replies":[{"embeddable":true,"href":"https:\/\/diarioprincipios.com\/index.php\/wp-json\/wp\/v2\/comments?post=3570"}],"version-history":[{"count":1,"href":"https:\/\/diarioprincipios.com\/index.php\/wp-json\/wp\/v2\/posts\/3570\/revisions"}],"predecessor-version":[{"id":3573,"href":"https:\/\/diarioprincipios.com\/index.php\/wp-json\/wp\/v2\/posts\/3570\/revisions\/3573"}],"wp:featuredmedia":[{"embeddable":true,"href":"https:\/\/diarioprincipios.com\/index.php\/wp-json\/wp\/v2\/media\/3572"}],"wp:attachment":[{"href":"https:\/\/diarioprincipios.com\/index.php\/wp-json\/wp\/v2\/media?parent=3570"}],"wp:term":[{"taxonomy":"category","embeddable":true,"href":"https:\/\/diarioprincipios.com\/index.php\/wp-json\/wp\/v2\/categories?post=3570"},{"taxonomy":"post_tag","embeddable":true,"href":"https:\/\/diarioprincipios.com\/index.php\/wp-json\/wp\/v2\/tags?post=3570"}],"curies":[{"name":"wp","href":"https:\/\/api.w.org\/{rel}","templated":true}]}}