{"id":3567,"date":"2020-07-01T18:25:53","date_gmt":"2020-07-01T21:25:53","guid":{"rendered":"http:\/\/diarioprincipios.com\/?p=3567"},"modified":"2020-07-01T18:25:57","modified_gmt":"2020-07-01T21:25:57","slug":"el-municipio-de-quilmes-recibio-una-ambulancia-donada-por-la-empresa-toyota","status":"publish","type":"post","link":"https:\/\/diarioprincipios.com\/index.php\/2020\/07\/01\/el-municipio-de-quilmes-recibio-una-ambulancia-donada-por-la-empresa-toyota\/","title":{"rendered":"El Municipio de Quilmes recibi\u00f3 una Ambulancia donada por la empresa Toyota"},"content":{"rendered":"\n<p>La intendenta de Quilmes, Mayra Mendoza, recibi\u00f3 de parte del gerente general de Sustentabilidad de Toyota Argentina, Eduardo Kronberg, la donaci\u00f3n para el Municipio de Quilmes de una ambulancia 0km modelo Hilux totalmente equipada, que en el marco de la pandemia por el coronavirus, ser\u00e1 destinada para el Centro de Atenci\u00f3n Primaria de Salud (CAPS) de Villa Itat\u00ed.<\/p>\n\n\n\n<p>\u201cEs una ambulancia que don\u00f3 la empresa Toyota al Municipio y la vamos a utilizar en Villa Itat\u00ed para contribuir a mitigar los casos de coronavirus. Estar\u00e1 a disposici\u00f3n de las necesidades del barrio en lo general y en lo inmediato ser\u00e1 parte del traslado de los casos positivos de coronavirus a los centros de aislamiento sanitario\u201d, se\u00f1al\u00f3 la Jefa comunal, quien le agradeci\u00f3 a Eduardo Kronberg por la iniciativa de la empresa Toyota.<\/p>\n\n\n\n<p>Tras recibir el veh\u00edculo en el play\u00f3n del Palacio Municipal, de inmediato fue llevada a la sede del CAPS de Villa Itat\u00ed, en Los Andes y Falucho, de Bernal Oeste, para dejarla a disposici\u00f3n de las autoridades sanitarias del lugar.<\/p>\n\n\n\n<p>Se trata de una ambulancia 4&#215;4, totalmente equipada y se suma a las 20 ambulancias que tiene el Municipio en el marco de la flota del SAME Quilmes. Esta incorporaci\u00f3n ayudar\u00e1 a dar una respuesta aun m\u00e1s r\u00e1pida a los vecinos, ya que actualmente hay un promedio de auxilio de 8 minutos y esta unidad, la N\u00ba 21 del SAME Quilmes, permitir\u00e1 llegar a\u00fan m\u00e1s r\u00e1pido para atender las urgencias m\u00e9dicas.<\/p>\n\n\n\n<p>Desde la empresa Toyota Argentina SA, indicaron que, \u201cen virtud de la emergencia sanitaria decretada por Ley 27.541, la pandemia declarada por la OMS por el brote a nivel Mundial del COVID-19, el estado de aislamiento social, preventivo y obligatorio decretado por el Gobierno Nacional ante el avance de la enfermedad en la Argentina y el compromiso asumido con el Estado Nacional, a fin de coadyuvar con las tareas de mitigaci\u00f3n de la pandemia COVID-19, dona a la Municipalidad de Quilmes un veh\u00edculo 0km marca Toyota Hilux 4X4 equipada como ambulancia\u201d.<\/p>\n\n\n\n<p>Estuvieron presentes en la actividad acompa\u00f1ando a Mayra Mendoza, el secretario de Salud comunal, doctor Jonatan Konfino; su par de Legal y T\u00e9cnica, Claudio Carbone; el subsecretario de Atenci\u00f3n Hospitalaria, Leandro Cardonetti; el director general de Emergencias, Marcelo Rojas; el director del SAME, Alan Moody; el director del CAPS de Villa Itat\u00ed, Jorge Bouzali y la concejala, Nair Abad.<\/p>\n","protected":false},"excerpt":{"rendered":"<p>La intendenta de Quilmes, Mayra Mendoza, recibi\u00f3 de parte del gerente general de Sustentabilidad de Toyota Argentina, Eduardo Kronberg, la donaci\u00f3n para el Municipio de Quilmes de una ambulancia 0km modelo Hilux totalmente equipada, que en el marco de la pandemia por el coronavirus, ser\u00e1 destinada para el Centro de Atenci\u00f3n Primaria de Salud (CAPS)&#8230;<\/p>\n","protected":false},"author":2,"featured_media":3568,"comment_status":"open","ping_status":"open","sticky":false,"template":"","format":"standard","meta":{"footnotes":""},"categories":[4],"tags":[],"class_list":["post-3567","post","type-post","status-publish","format-standard","has-post-thumbnail","hentry","category-quilmes"],"featured_image_src":"https:\/\/diarioprincipios.com\/wp-content\/uploads\/2020\/07\/EL-MUNICIPIO-DE-QUILMES-RECIBI\u00d3-UNA-AMBULANCIA-DONADA-POR-LA-EMPRESA-TOYOTA-5-1024x683.jpeg","blog_images":{"medium":"https:\/\/diarioprincipios.com\/wp-content\/uploads\/2020\/07\/EL-MUNICIPIO-DE-QUILMES-RECIBI\u00d3-UNA-AMBULANCIA-DONADA-POR-LA-EMPRESA-TOYOTA-5-300x200.jpeg","large":"https:\/\/diarioprincipios.com\/wp-content\/uploads\/2020\/07\/EL-MUNICIPIO-DE-QUILMES-RECIBI\u00d3-UNA-AMBULANCIA-DONADA-POR-LA-EMPRESA-TOYOTA-5-1024x683.jpeg"},"ams_acf":[],"yoast_head":"<!-- This site is optimized with the Yoast SEO plugin v27.3 - https:\/\/yoast.com\/product\/yoast-seo-wordpress\/ -->\n<title>El Municipio de Quilmes recibi\u00f3 una Ambulancia donada por la empresa Toyota - Principios<\/title>\n<meta name=\"robots\" content=\"index, follow, max-snippet:-1, max-image-preview:large, max-video-preview:-1\" \/>\n<link rel=\"canonical\" href=\"https:\/\/diarioprincipios.com\/index.php\/2020\/07\/01\/el-municipio-de-quilmes-recibio-una-ambulancia-donada-por-la-empresa-toyota\/\" \/>\n<meta property=\"og:locale\" content=\"es_ES\" \/>\n<meta property=\"og:type\" content=\"article\" \/>\n<meta property=\"og:title\" content=\"El Municipio de Quilmes recibi\u00f3 una Ambulancia donada por la empresa Toyota - Principios\" \/>\n<meta property=\"og:description\" content=\"La intendenta de Quilmes, Mayra Mendoza, recibi\u00f3 de parte del gerente general de Sustentabilidad de Toyota Argentina, Eduardo Kronberg, la donaci\u00f3n para el Municipio de Quilmes de una ambulancia 0km modelo Hilux totalmente equipada, que en el marco de la pandemia por el coronavirus, ser\u00e1 destinada para el Centro de Atenci\u00f3n Primaria de Salud (CAPS)...\" \/>\n<meta property=\"og:url\" content=\"https:\/\/diarioprincipios.com\/index.php\/2020\/07\/01\/el-municipio-de-quilmes-recibio-una-ambulancia-donada-por-la-empresa-toyota\/\" \/>\n<meta property=\"og:site_name\" content=\"Principios\" \/>\n<meta property=\"article:published_time\" content=\"2020-07-01T21:25:53+00:00\" \/>\n<meta property=\"article:modified_time\" content=\"2020-07-01T21:25:57+00:00\" \/>\n<meta property=\"og:image\" content=\"https:\/\/diarioprincipios.com\/wp-content\/uploads\/2020\/07\/EL-MUNICIPIO-DE-QUILMES-RECIBI\u00d3-UNA-AMBULANCIA-DONADA-POR-LA-EMPRESA-TOYOTA-5.jpeg\" \/>\n\t<meta property=\"og:image:width\" content=\"1280\" \/>\n\t<meta property=\"og:image:height\" content=\"854\" \/>\n\t<meta property=\"og:image:type\" content=\"image\/jpeg\" \/>\n<meta name=\"author\" content=\"Hern\u00e1n L\u00f3pez\" \/>\n<meta name=\"twitter:card\" content=\"summary_large_image\" \/>\n<meta name=\"twitter:label1\" content=\"Escrito por\" \/>\n\t<meta name=\"twitter:data1\" content=\"Hern\u00e1n L\u00f3pez\" \/>\n\t<meta name=\"twitter:label2\" content=\"Tiempo de lectura\" \/>\n\t<meta name=\"twitter:data2\" content=\"2 minutos\" \/>\n<script type=\"application\/ld+json\" class=\"yoast-schema-graph\">{\"@context\":\"https:\\\/\\\/schema.org\",\"@graph\":[{\"@type\":\"Article\",\"@id\":\"https:\\\/\\\/diarioprincipios.com\\\/index.php\\\/2020\\\/07\\\/01\\\/el-municipio-de-quilmes-recibio-una-ambulancia-donada-por-la-empresa-toyota\\\/#article\",\"isPartOf\":{\"@id\":\"https:\\\/\\\/diarioprincipios.com\\\/index.php\\\/2020\\\/07\\\/01\\\/el-municipio-de-quilmes-recibio-una-ambulancia-donada-por-la-empresa-toyota\\\/\"},\"author\":{\"name\":\"Hern\u00e1n L\u00f3pez\",\"@id\":\"https:\\\/\\\/diarioprincipios.com\\\/#\\\/schema\\\/person\\\/436d5a1fd41a5e250e23ff5a6a7cb080\"},\"headline\":\"El Municipio de Quilmes recibi\u00f3 una Ambulancia donada por la empresa Toyota\",\"datePublished\":\"2020-07-01T21:25:53+00:00\",\"dateModified\":\"2020-07-01T21:25:57+00:00\",\"mainEntityOfPage\":{\"@id\":\"https:\\\/\\\/diarioprincipios.com\\\/index.php\\\/2020\\\/07\\\/01\\\/el-municipio-de-quilmes-recibio-una-ambulancia-donada-por-la-empresa-toyota\\\/\"},\"wordCount\":420,\"commentCount\":0,\"publisher\":{\"@id\":\"https:\\\/\\\/diarioprincipios.com\\\/#organization\"},\"image\":{\"@id\":\"https:\\\/\\\/diarioprincipios.com\\\/index.php\\\/2020\\\/07\\\/01\\\/el-municipio-de-quilmes-recibio-una-ambulancia-donada-por-la-empresa-toyota\\\/#primaryimage\"},\"thumbnailUrl\":\"https:\\\/\\\/diarioprincipios.com\\\/wp-content\\\/uploads\\\/2020\\\/07\\\/EL-MUNICIPIO-DE-QUILMES-RECIBI\u00d3-UNA-AMBULANCIA-DONADA-POR-LA-EMPRESA-TOYOTA-5.jpeg\",\"articleSection\":[\"Quilmes\"],\"inLanguage\":\"es\",\"potentialAction\":[{\"@type\":\"CommentAction\",\"name\":\"Comment\",\"target\":[\"https:\\\/\\\/diarioprincipios.com\\\/index.php\\\/2020\\\/07\\\/01\\\/el-municipio-de-quilmes-recibio-una-ambulancia-donada-por-la-empresa-toyota\\\/#respond\"]}]},{\"@type\":\"WebPage\",\"@id\":\"https:\\\/\\\/diarioprincipios.com\\\/index.php\\\/2020\\\/07\\\/01\\\/el-municipio-de-quilmes-recibio-una-ambulancia-donada-por-la-empresa-toyota\\\/\",\"url\":\"https:\\\/\\\/diarioprincipios.com\\\/index.php\\\/2020\\\/07\\\/01\\\/el-municipio-de-quilmes-recibio-una-ambulancia-donada-por-la-empresa-toyota\\\/\",\"name\":\"El Municipio de Quilmes recibi\u00f3 una Ambulancia donada por la empresa Toyota - Principios\",\"isPartOf\":{\"@id\":\"https:\\\/\\\/diarioprincipios.com\\\/#website\"},\"primaryImageOfPage\":{\"@id\":\"https:\\\/\\\/diarioprincipios.com\\\/index.php\\\/2020\\\/07\\\/01\\\/el-municipio-de-quilmes-recibio-una-ambulancia-donada-por-la-empresa-toyota\\\/#primaryimage\"},\"image\":{\"@id\":\"https:\\\/\\\/diarioprincipios.com\\\/index.php\\\/2020\\\/07\\\/01\\\/el-municipio-de-quilmes-recibio-una-ambulancia-donada-por-la-empresa-toyota\\\/#primaryimage\"},\"thumbnailUrl\":\"https:\\\/\\\/diarioprincipios.com\\\/wp-content\\\/uploads\\\/2020\\\/07\\\/EL-MUNICIPIO-DE-QUILMES-RECIBI\u00d3-UNA-AMBULANCIA-DONADA-POR-LA-EMPRESA-TOYOTA-5.jpeg\",\"datePublished\":\"2020-07-01T21:25:53+00:00\",\"dateModified\":\"2020-07-01T21:25:57+00:00\",\"breadcrumb\":{\"@id\":\"https:\\\/\\\/diarioprincipios.com\\\/index.php\\\/2020\\\/07\\\/01\\\/el-municipio-de-quilmes-recibio-una-ambulancia-donada-por-la-empresa-toyota\\\/#breadcrumb\"},\"inLanguage\":\"es\",\"potentialAction\":[{\"@type\":\"ReadAction\",\"target\":[\"https:\\\/\\\/diarioprincipios.com\\\/index.php\\\/2020\\\/07\\\/01\\\/el-municipio-de-quilmes-recibio-una-ambulancia-donada-por-la-empresa-toyota\\\/\"]}]},{\"@type\":\"ImageObject\",\"inLanguage\":\"es\",\"@id\":\"https:\\\/\\\/diarioprincipios.com\\\/index.php\\\/2020\\\/07\\\/01\\\/el-municipio-de-quilmes-recibio-una-ambulancia-donada-por-la-empresa-toyota\\\/#primaryimage\",\"url\":\"https:\\\/\\\/diarioprincipios.com\\\/wp-content\\\/uploads\\\/2020\\\/07\\\/EL-MUNICIPIO-DE-QUILMES-RECIBI\u00d3-UNA-AMBULANCIA-DONADA-POR-LA-EMPRESA-TOYOTA-5.jpeg\",\"contentUrl\":\"https:\\\/\\\/diarioprincipios.com\\\/wp-content\\\/uploads\\\/2020\\\/07\\\/EL-MUNICIPIO-DE-QUILMES-RECIBI\u00d3-UNA-AMBULANCIA-DONADA-POR-LA-EMPRESA-TOYOTA-5.jpeg\",\"width\":1280,\"height\":854},{\"@type\":\"BreadcrumbList\",\"@id\":\"https:\\\/\\\/diarioprincipios.com\\\/index.php\\\/2020\\\/07\\\/01\\\/el-municipio-de-quilmes-recibio-una-ambulancia-donada-por-la-empresa-toyota\\\/#breadcrumb\",\"itemListElement\":[{\"@type\":\"ListItem\",\"position\":1,\"name\":\"Portada\",\"item\":\"https:\\\/\\\/diarioprincipios.com\\\/\"},{\"@type\":\"ListItem\",\"position\":2,\"name\":\"El Municipio de Quilmes recibi\u00f3 una Ambulancia donada por la empresa Toyota\"}]},{\"@type\":\"WebSite\",\"@id\":\"https:\\\/\\\/diarioprincipios.com\\\/#website\",\"url\":\"https:\\\/\\\/diarioprincipios.com\\\/\",\"name\":\"Principios\",\"description\":\"Principios Diario\",\"publisher\":{\"@id\":\"https:\\\/\\\/diarioprincipios.com\\\/#organization\"},\"potentialAction\":[{\"@type\":\"SearchAction\",\"target\":{\"@type\":\"EntryPoint\",\"urlTemplate\":\"https:\\\/\\\/diarioprincipios.com\\\/?s={search_term_string}\"},\"query-input\":{\"@type\":\"PropertyValueSpecification\",\"valueRequired\":true,\"valueName\":\"search_term_string\"}}],\"inLanguage\":\"es\"},{\"@type\":\"Organization\",\"@id\":\"https:\\\/\\\/diarioprincipios.com\\\/#organization\",\"name\":\"Principios\",\"url\":\"https:\\\/\\\/diarioprincipios.com\\\/\",\"logo\":{\"@type\":\"ImageObject\",\"inLanguage\":\"es\",\"@id\":\"https:\\\/\\\/diarioprincipios.com\\\/#\\\/schema\\\/logo\\\/image\\\/\",\"url\":\"https:\\\/\\\/diarioprincipios.com\\\/wp-content\\\/uploads\\\/2024\\\/04\\\/cropped-www.diarioprincipios.com_-1.png\",\"contentUrl\":\"https:\\\/\\\/diarioprincipios.com\\\/wp-content\\\/uploads\\\/2024\\\/04\\\/cropped-www.diarioprincipios.com_-1.png\",\"width\":5325,\"height\":1454,\"caption\":\"Principios\"},\"image\":{\"@id\":\"https:\\\/\\\/diarioprincipios.com\\\/#\\\/schema\\\/logo\\\/image\\\/\"}},{\"@type\":\"Person\",\"@id\":\"https:\\\/\\\/diarioprincipios.com\\\/#\\\/schema\\\/person\\\/436d5a1fd41a5e250e23ff5a6a7cb080\",\"name\":\"Hern\u00e1n L\u00f3pez\",\"image\":{\"@type\":\"ImageObject\",\"inLanguage\":\"es\",\"@id\":\"https:\\\/\\\/diarioprincipios.com\\\/wp-content\\\/litespeed\\\/avatar\\\/11ddfe5610ff3bd100522525b2571f48.jpg?ver=1777653193\",\"url\":\"https:\\\/\\\/diarioprincipios.com\\\/wp-content\\\/litespeed\\\/avatar\\\/11ddfe5610ff3bd100522525b2571f48.jpg?ver=1777653193\",\"contentUrl\":\"https:\\\/\\\/diarioprincipios.com\\\/wp-content\\\/litespeed\\\/avatar\\\/11ddfe5610ff3bd100522525b2571f48.jpg?ver=1777653193\",\"caption\":\"Hern\u00e1n L\u00f3pez\"},\"url\":\"https:\\\/\\\/diarioprincipios.com\\\/index.php\\\/author\\\/hernan\\\/\"}]}<\/script>\n<!-- \/ Yoast SEO plugin. -->","yoast_head_json":{"title":"El Municipio de Quilmes recibi\u00f3 una Ambulancia donada por la empresa Toyota - Principios","robots":{"index":"index","follow":"follow","max-snippet":"max-snippet:-1","max-image-preview":"max-image-preview:large","max-video-preview":"max-video-preview:-1"},"canonical":"https:\/\/diarioprincipios.com\/index.php\/2020\/07\/01\/el-municipio-de-quilmes-recibio-una-ambulancia-donada-por-la-empresa-toyota\/","og_locale":"es_ES","og_type":"article","og_title":"El Municipio de Quilmes recibi\u00f3 una Ambulancia donada por la empresa Toyota - Principios","og_description":"La intendenta de Quilmes, Mayra Mendoza, recibi\u00f3 de parte del gerente general de Sustentabilidad de Toyota Argentina, Eduardo Kronberg, la donaci\u00f3n para el Municipio de Quilmes de una ambulancia 0km modelo Hilux totalmente equipada, que en el marco de la pandemia por el coronavirus, ser\u00e1 destinada para el Centro de Atenci\u00f3n Primaria de Salud (CAPS)...","og_url":"https:\/\/diarioprincipios.com\/index.php\/2020\/07\/01\/el-municipio-de-quilmes-recibio-una-ambulancia-donada-por-la-empresa-toyota\/","og_site_name":"Principios","article_published_time":"2020-07-01T21:25:53+00:00","article_modified_time":"2020-07-01T21:25:57+00:00","og_image":[{"width":1280,"height":854,"url":"https:\/\/diarioprincipios.com\/wp-content\/uploads\/2020\/07\/EL-MUNICIPIO-DE-QUILMES-RECIBI\u00d3-UNA-AMBULANCIA-DONADA-POR-LA-EMPRESA-TOYOTA-5.jpeg","type":"image\/jpeg"}],"author":"Hern\u00e1n L\u00f3pez","twitter_card":"summary_large_image","twitter_misc":{"Escrito por":"Hern\u00e1n L\u00f3pez","Tiempo de lectura":"2 minutos"},"schema":{"@context":"https:\/\/schema.org","@graph":[{"@type":"Article","@id":"https:\/\/diarioprincipios.com\/index.php\/2020\/07\/01\/el-municipio-de-quilmes-recibio-una-ambulancia-donada-por-la-empresa-toyota\/#article","isPartOf":{"@id":"https:\/\/diarioprincipios.com\/index.php\/2020\/07\/01\/el-municipio-de-quilmes-recibio-una-ambulancia-donada-por-la-empresa-toyota\/"},"author":{"name":"Hern\u00e1n L\u00f3pez","@id":"https:\/\/diarioprincipios.com\/#\/schema\/person\/436d5a1fd41a5e250e23ff5a6a7cb080"},"headline":"El Municipio de Quilmes recibi\u00f3 una Ambulancia donada por la empresa Toyota","datePublished":"2020-07-01T21:25:53+00:00","dateModified":"2020-07-01T21:25:57+00:00","mainEntityOfPage":{"@id":"https:\/\/diarioprincipios.com\/index.php\/2020\/07\/01\/el-municipio-de-quilmes-recibio-una-ambulancia-donada-por-la-empresa-toyota\/"},"wordCount":420,"commentCount":0,"publisher":{"@id":"https:\/\/diarioprincipios.com\/#organization"},"image":{"@id":"https:\/\/diarioprincipios.com\/index.php\/2020\/07\/01\/el-municipio-de-quilmes-recibio-una-ambulancia-donada-por-la-empresa-toyota\/#primaryimage"},"thumbnailUrl":"https:\/\/diarioprincipios.com\/wp-content\/uploads\/2020\/07\/EL-MUNICIPIO-DE-QUILMES-RECIBI\u00d3-UNA-AMBULANCIA-DONADA-POR-LA-EMPRESA-TOYOTA-5.jpeg","articleSection":["Quilmes"],"inLanguage":"es","potentialAction":[{"@type":"CommentAction","name":"Comment","target":["https:\/\/diarioprincipios.com\/index.php\/2020\/07\/01\/el-municipio-de-quilmes-recibio-una-ambulancia-donada-por-la-empresa-toyota\/#respond"]}]},{"@type":"WebPage","@id":"https:\/\/diarioprincipios.com\/index.php\/2020\/07\/01\/el-municipio-de-quilmes-recibio-una-ambulancia-donada-por-la-empresa-toyota\/","url":"https:\/\/diarioprincipios.com\/index.php\/2020\/07\/01\/el-municipio-de-quilmes-recibio-una-ambulancia-donada-por-la-empresa-toyota\/","name":"El Municipio de Quilmes recibi\u00f3 una Ambulancia donada por la empresa Toyota - Principios","isPartOf":{"@id":"https:\/\/diarioprincipios.com\/#website"},"primaryImageOfPage":{"@id":"https:\/\/diarioprincipios.com\/index.php\/2020\/07\/01\/el-municipio-de-quilmes-recibio-una-ambulancia-donada-por-la-empresa-toyota\/#primaryimage"},"image":{"@id":"https:\/\/diarioprincipios.com\/index.php\/2020\/07\/01\/el-municipio-de-quilmes-recibio-una-ambulancia-donada-por-la-empresa-toyota\/#primaryimage"},"thumbnailUrl":"https:\/\/diarioprincipios.com\/wp-content\/uploads\/2020\/07\/EL-MUNICIPIO-DE-QUILMES-RECIBI\u00d3-UNA-AMBULANCIA-DONADA-POR-LA-EMPRESA-TOYOTA-5.jpeg","datePublished":"2020-07-01T21:25:53+00:00","dateModified":"2020-07-01T21:25:57+00:00","breadcrumb":{"@id":"https:\/\/diarioprincipios.com\/index.php\/2020\/07\/01\/el-municipio-de-quilmes-recibio-una-ambulancia-donada-por-la-empresa-toyota\/#breadcrumb"},"inLanguage":"es","potentialAction":[{"@type":"ReadAction","target":["https:\/\/diarioprincipios.com\/index.php\/2020\/07\/01\/el-municipio-de-quilmes-recibio-una-ambulancia-donada-por-la-empresa-toyota\/"]}]},{"@type":"ImageObject","inLanguage":"es","@id":"https:\/\/diarioprincipios.com\/index.php\/2020\/07\/01\/el-municipio-de-quilmes-recibio-una-ambulancia-donada-por-la-empresa-toyota\/#primaryimage","url":"https:\/\/diarioprincipios.com\/wp-content\/uploads\/2020\/07\/EL-MUNICIPIO-DE-QUILMES-RECIBI\u00d3-UNA-AMBULANCIA-DONADA-POR-LA-EMPRESA-TOYOTA-5.jpeg","contentUrl":"https:\/\/diarioprincipios.com\/wp-content\/uploads\/2020\/07\/EL-MUNICIPIO-DE-QUILMES-RECIBI\u00d3-UNA-AMBULANCIA-DONADA-POR-LA-EMPRESA-TOYOTA-5.jpeg","width":1280,"height":854},{"@type":"BreadcrumbList","@id":"https:\/\/diarioprincipios.com\/index.php\/2020\/07\/01\/el-municipio-de-quilmes-recibio-una-ambulancia-donada-por-la-empresa-toyota\/#breadcrumb","itemListElement":[{"@type":"ListItem","position":1,"name":"Portada","item":"https:\/\/diarioprincipios.com\/"},{"@type":"ListItem","position":2,"name":"El Municipio de Quilmes recibi\u00f3 una Ambulancia donada por la empresa Toyota"}]},{"@type":"WebSite","@id":"https:\/\/diarioprincipios.com\/#website","url":"https:\/\/diarioprincipios.com\/","name":"Principios","description":"Principios Diario","publisher":{"@id":"https:\/\/diarioprincipios.com\/#organization"},"potentialAction":[{"@type":"SearchAction","target":{"@type":"EntryPoint","urlTemplate":"https:\/\/diarioprincipios.com\/?s={search_term_string}"},"query-input":{"@type":"PropertyValueSpecification","valueRequired":true,"valueName":"search_term_string"}}],"inLanguage":"es"},{"@type":"Organization","@id":"https:\/\/diarioprincipios.com\/#organization","name":"Principios","url":"https:\/\/diarioprincipios.com\/","logo":{"@type":"ImageObject","inLanguage":"es","@id":"https:\/\/diarioprincipios.com\/#\/schema\/logo\/image\/","url":"https:\/\/diarioprincipios.com\/wp-content\/uploads\/2024\/04\/cropped-www.diarioprincipios.com_-1.png","contentUrl":"https:\/\/diarioprincipios.com\/wp-content\/uploads\/2024\/04\/cropped-www.diarioprincipios.com_-1.png","width":5325,"height":1454,"caption":"Principios"},"image":{"@id":"https:\/\/diarioprincipios.com\/#\/schema\/logo\/image\/"}},{"@type":"Person","@id":"https:\/\/diarioprincipios.com\/#\/schema\/person\/436d5a1fd41a5e250e23ff5a6a7cb080","name":"Hern\u00e1n L\u00f3pez","image":{"@type":"ImageObject","inLanguage":"es","@id":"https:\/\/diarioprincipios.com\/wp-content\/litespeed\/avatar\/11ddfe5610ff3bd100522525b2571f48.jpg?ver=1777653193","url":"https:\/\/diarioprincipios.com\/wp-content\/litespeed\/avatar\/11ddfe5610ff3bd100522525b2571f48.jpg?ver=1777653193","contentUrl":"https:\/\/diarioprincipios.com\/wp-content\/litespeed\/avatar\/11ddfe5610ff3bd100522525b2571f48.jpg?ver=1777653193","caption":"Hern\u00e1n L\u00f3pez"},"url":"https:\/\/diarioprincipios.com\/index.php\/author\/hernan\/"}]}},"jetpack_featured_media_url":"https:\/\/diarioprincipios.com\/wp-content\/uploads\/2020\/07\/EL-MUNICIPIO-DE-QUILMES-RECIBI\u00d3-UNA-AMBULANCIA-DONADA-POR-LA-EMPRESA-TOYOTA-5.jpeg","_links":{"self":[{"href":"https:\/\/diarioprincipios.com\/index.php\/wp-json\/wp\/v2\/posts\/3567","targetHints":{"allow":["GET"]}}],"collection":[{"href":"https:\/\/diarioprincipios.com\/index.php\/wp-json\/wp\/v2\/posts"}],"about":[{"href":"https:\/\/diarioprincipios.com\/index.php\/wp-json\/wp\/v2\/types\/post"}],"author":[{"embeddable":true,"href":"https:\/\/diarioprincipios.com\/index.php\/wp-json\/wp\/v2\/users\/2"}],"replies":[{"embeddable":true,"href":"https:\/\/diarioprincipios.com\/index.php\/wp-json\/wp\/v2\/comments?post=3567"}],"version-history":[{"count":1,"href":"https:\/\/diarioprincipios.com\/index.php\/wp-json\/wp\/v2\/posts\/3567\/revisions"}],"predecessor-version":[{"id":3569,"href":"https:\/\/diarioprincipios.com\/index.php\/wp-json\/wp\/v2\/posts\/3567\/revisions\/3569"}],"wp:featuredmedia":[{"embeddable":true,"href":"https:\/\/diarioprincipios.com\/index.php\/wp-json\/wp\/v2\/media\/3568"}],"wp:attachment":[{"href":"https:\/\/diarioprincipios.com\/index.php\/wp-json\/wp\/v2\/media?parent=3567"}],"wp:term":[{"taxonomy":"category","embeddable":true,"href":"https:\/\/diarioprincipios.com\/index.php\/wp-json\/wp\/v2\/categories?post=3567"},{"taxonomy":"post_tag","embeddable":true,"href":"https:\/\/diarioprincipios.com\/index.php\/wp-json\/wp\/v2\/tags?post=3567"}],"curies":[{"name":"wp","href":"https:\/\/api.w.org\/{rel}","templated":true}]}}