{"id":3541,"date":"2020-07-01T12:01:59","date_gmt":"2020-07-01T15:01:59","guid":{"rendered":"http:\/\/diarioprincipios.com\/?p=3541"},"modified":"2020-07-01T12:02:03","modified_gmt":"2020-07-01T15:02:03","slug":"mussi-homenajeo-a-juan-domingo-peron-en-un-nuevo-aniversario-de-su-partida","status":"publish","type":"post","link":"https:\/\/diarioprincipios.com\/index.php\/2020\/07\/01\/mussi-homenajeo-a-juan-domingo-peron-en-un-nuevo-aniversario-de-su-partida\/","title":{"rendered":"Mussi homenaje\u00f3 a Juan Domingo Per\u00f3n en un nuevo aniversario de su partida"},"content":{"rendered":"\n<p>El Intendente de Berazategui, doctor Juan Jos\u00e9 Mussi, homenaje\u00f3 hoy en sus redes sociales al tres veces presidente de la Naci\u00f3n, General Juan Domingo Per\u00f3n.<\/p>\n\n\n\n<p>\u00abHoy se cumple el 46\u00b0 aniversario de la partida del General Juan Domingo Per\u00f3n\u2026 Y lo recuerdo no solo en esta fecha sino todos los d\u00edas, porque \u00e9l cambi\u00f3 la vida de los argentinos y argentinas, y supo interpretar a su pueblo como nadie\u2026 Como siempre digo, yo soy un soldado del peronismo, y hoy m\u00e1s que nunca estamos trabajando unidos para poder continuar con su legado\u00bb, escribi\u00f3 Mussi, que tambi\u00e9n es el presidente del Consejo de Partido Justicialista de Berazategui.<\/p>\n\n\n\n<figure class=\"wp-block-image size-large\"><img loading=\"lazy\" decoding=\"async\" width=\"900\" height=\"900\" src=\"https:\/\/diarioprincipios.com\/wp-content\/uploads\/2020\/07\/FB_IMG_1593606830124.jpg\" alt=\"\" class=\"wp-image-3543\" srcset=\"https:\/\/diarioprincipios.com\/wp-content\/uploads\/2020\/07\/FB_IMG_1593606830124.jpg 900w, https:\/\/diarioprincipios.com\/wp-content\/uploads\/2020\/07\/FB_IMG_1593606830124-300x300.jpg 300w, https:\/\/diarioprincipios.com\/wp-content\/uploads\/2020\/07\/FB_IMG_1593606830124-150x150.jpg 150w, https:\/\/diarioprincipios.com\/wp-content\/uploads\/2020\/07\/FB_IMG_1593606830124-768x768.jpg 768w\" sizes=\"auto, (max-width: 900px) 100vw, 900px\" \/><\/figure>\n\n\n\n<p>Cerr\u00f3 su homenaje escribiendo: \u00abSiempre por y para nuestra Patria Chica. #VivaPeron! #PeronViveEnLaGente #Berazategui #PeronVive\u00bb.<\/p>\n","protected":false},"excerpt":{"rendered":"<p>El Intendente de Berazategui, doctor Juan Jos\u00e9 Mussi, homenaje\u00f3 hoy en sus redes sociales al tres veces presidente de la Naci\u00f3n, General Juan Domingo Per\u00f3n. \u00abHoy se cumple el 46\u00b0 aniversario de la partida del General Juan Domingo Per\u00f3n\u2026 Y lo recuerdo no solo en esta fecha sino todos los d\u00edas, porque \u00e9l cambi\u00f3 la&#8230;<\/p>\n","protected":false},"author":2,"featured_media":3542,"comment_status":"open","ping_status":"open","sticky":false,"template":"","format":"standard","meta":{"footnotes":""},"categories":[3],"tags":[],"class_list":["post-3541","post","type-post","status-publish","format-standard","has-post-thumbnail","hentry","category-berazategui"],"featured_image_src":"https:\/\/diarioprincipios.com\/wp-content\/uploads\/2020\/07\/unnamed-3.jpg","blog_images":{"medium":"https:\/\/diarioprincipios.com\/wp-content\/uploads\/2020\/07\/unnamed-3-300x251.jpg","large":"https:\/\/diarioprincipios.com\/wp-content\/uploads\/2020\/07\/unnamed-3.jpg"},"ams_acf":[],"yoast_head":"<!-- This site is optimized with the Yoast SEO plugin v27.3 - https:\/\/yoast.com\/product\/yoast-seo-wordpress\/ -->\n<title>Mussi homenaje\u00f3 a Juan Domingo Per\u00f3n en un nuevo aniversario de su partida - Principios<\/title>\n<meta name=\"robots\" content=\"index, follow, max-snippet:-1, max-image-preview:large, max-video-preview:-1\" \/>\n<link rel=\"canonical\" href=\"https:\/\/diarioprincipios.com\/index.php\/2020\/07\/01\/mussi-homenajeo-a-juan-domingo-peron-en-un-nuevo-aniversario-de-su-partida\/\" \/>\n<meta property=\"og:locale\" content=\"es_ES\" \/>\n<meta property=\"og:type\" content=\"article\" \/>\n<meta property=\"og:title\" content=\"Mussi homenaje\u00f3 a Juan Domingo Per\u00f3n en un nuevo aniversario de su partida - Principios\" \/>\n<meta property=\"og:description\" content=\"El Intendente de Berazategui, doctor Juan Jos\u00e9 Mussi, homenaje\u00f3 hoy en sus redes sociales al tres veces presidente de la Naci\u00f3n, General Juan Domingo Per\u00f3n. \u00abHoy se cumple el 46\u00b0 aniversario de la partida del General Juan Domingo Per\u00f3n\u2026 Y lo recuerdo no solo en esta fecha sino todos los d\u00edas, porque \u00e9l cambi\u00f3 la...\" \/>\n<meta property=\"og:url\" content=\"https:\/\/diarioprincipios.com\/index.php\/2020\/07\/01\/mussi-homenajeo-a-juan-domingo-peron-en-un-nuevo-aniversario-de-su-partida\/\" \/>\n<meta property=\"og:site_name\" content=\"Principios\" \/>\n<meta property=\"article:published_time\" content=\"2020-07-01T15:01:59+00:00\" \/>\n<meta property=\"article:modified_time\" content=\"2020-07-01T15:02:03+00:00\" \/>\n<meta property=\"og:image\" content=\"https:\/\/diarioprincipios.com\/wp-content\/uploads\/2020\/07\/unnamed-3.jpg\" \/>\n\t<meta property=\"og:image:width\" content=\"512\" \/>\n\t<meta property=\"og:image:height\" content=\"428\" \/>\n\t<meta property=\"og:image:type\" content=\"image\/jpeg\" \/>\n<meta name=\"author\" content=\"Hern\u00e1n L\u00f3pez\" \/>\n<meta name=\"twitter:card\" content=\"summary_large_image\" \/>\n<meta name=\"twitter:label1\" content=\"Escrito por\" \/>\n\t<meta name=\"twitter:data1\" content=\"Hern\u00e1n L\u00f3pez\" \/>\n\t<meta name=\"twitter:label2\" content=\"Tiempo de lectura\" \/>\n\t<meta name=\"twitter:data2\" content=\"1 minuto\" \/>\n<script type=\"application\/ld+json\" class=\"yoast-schema-graph\">{\"@context\":\"https:\\\/\\\/schema.org\",\"@graph\":[{\"@type\":\"Article\",\"@id\":\"https:\\\/\\\/diarioprincipios.com\\\/index.php\\\/2020\\\/07\\\/01\\\/mussi-homenajeo-a-juan-domingo-peron-en-un-nuevo-aniversario-de-su-partida\\\/#article\",\"isPartOf\":{\"@id\":\"https:\\\/\\\/diarioprincipios.com\\\/index.php\\\/2020\\\/07\\\/01\\\/mussi-homenajeo-a-juan-domingo-peron-en-un-nuevo-aniversario-de-su-partida\\\/\"},\"author\":{\"name\":\"Hern\u00e1n L\u00f3pez\",\"@id\":\"https:\\\/\\\/diarioprincipios.com\\\/#\\\/schema\\\/person\\\/436d5a1fd41a5e250e23ff5a6a7cb080\"},\"headline\":\"Mussi homenaje\u00f3 a Juan Domingo Per\u00f3n en un nuevo aniversario de su partida\",\"datePublished\":\"2020-07-01T15:01:59+00:00\",\"dateModified\":\"2020-07-01T15:02:03+00:00\",\"mainEntityOfPage\":{\"@id\":\"https:\\\/\\\/diarioprincipios.com\\\/index.php\\\/2020\\\/07\\\/01\\\/mussi-homenajeo-a-juan-domingo-peron-en-un-nuevo-aniversario-de-su-partida\\\/\"},\"wordCount\":140,\"commentCount\":0,\"publisher\":{\"@id\":\"https:\\\/\\\/diarioprincipios.com\\\/#organization\"},\"image\":{\"@id\":\"https:\\\/\\\/diarioprincipios.com\\\/index.php\\\/2020\\\/07\\\/01\\\/mussi-homenajeo-a-juan-domingo-peron-en-un-nuevo-aniversario-de-su-partida\\\/#primaryimage\"},\"thumbnailUrl\":\"https:\\\/\\\/diarioprincipios.com\\\/wp-content\\\/uploads\\\/2020\\\/07\\\/unnamed-3.jpg\",\"articleSection\":[\"Berazategui\"],\"inLanguage\":\"es\",\"potentialAction\":[{\"@type\":\"CommentAction\",\"name\":\"Comment\",\"target\":[\"https:\\\/\\\/diarioprincipios.com\\\/index.php\\\/2020\\\/07\\\/01\\\/mussi-homenajeo-a-juan-domingo-peron-en-un-nuevo-aniversario-de-su-partida\\\/#respond\"]}]},{\"@type\":\"WebPage\",\"@id\":\"https:\\\/\\\/diarioprincipios.com\\\/index.php\\\/2020\\\/07\\\/01\\\/mussi-homenajeo-a-juan-domingo-peron-en-un-nuevo-aniversario-de-su-partida\\\/\",\"url\":\"https:\\\/\\\/diarioprincipios.com\\\/index.php\\\/2020\\\/07\\\/01\\\/mussi-homenajeo-a-juan-domingo-peron-en-un-nuevo-aniversario-de-su-partida\\\/\",\"name\":\"Mussi homenaje\u00f3 a Juan Domingo Per\u00f3n en un nuevo aniversario de su partida - Principios\",\"isPartOf\":{\"@id\":\"https:\\\/\\\/diarioprincipios.com\\\/#website\"},\"primaryImageOfPage\":{\"@id\":\"https:\\\/\\\/diarioprincipios.com\\\/index.php\\\/2020\\\/07\\\/01\\\/mussi-homenajeo-a-juan-domingo-peron-en-un-nuevo-aniversario-de-su-partida\\\/#primaryimage\"},\"image\":{\"@id\":\"https:\\\/\\\/diarioprincipios.com\\\/index.php\\\/2020\\\/07\\\/01\\\/mussi-homenajeo-a-juan-domingo-peron-en-un-nuevo-aniversario-de-su-partida\\\/#primaryimage\"},\"thumbnailUrl\":\"https:\\\/\\\/diarioprincipios.com\\\/wp-content\\\/uploads\\\/2020\\\/07\\\/unnamed-3.jpg\",\"datePublished\":\"2020-07-01T15:01:59+00:00\",\"dateModified\":\"2020-07-01T15:02:03+00:00\",\"breadcrumb\":{\"@id\":\"https:\\\/\\\/diarioprincipios.com\\\/index.php\\\/2020\\\/07\\\/01\\\/mussi-homenajeo-a-juan-domingo-peron-en-un-nuevo-aniversario-de-su-partida\\\/#breadcrumb\"},\"inLanguage\":\"es\",\"potentialAction\":[{\"@type\":\"ReadAction\",\"target\":[\"https:\\\/\\\/diarioprincipios.com\\\/index.php\\\/2020\\\/07\\\/01\\\/mussi-homenajeo-a-juan-domingo-peron-en-un-nuevo-aniversario-de-su-partida\\\/\"]}]},{\"@type\":\"ImageObject\",\"inLanguage\":\"es\",\"@id\":\"https:\\\/\\\/diarioprincipios.com\\\/index.php\\\/2020\\\/07\\\/01\\\/mussi-homenajeo-a-juan-domingo-peron-en-un-nuevo-aniversario-de-su-partida\\\/#primaryimage\",\"url\":\"https:\\\/\\\/diarioprincipios.com\\\/wp-content\\\/uploads\\\/2020\\\/07\\\/unnamed-3.jpg\",\"contentUrl\":\"https:\\\/\\\/diarioprincipios.com\\\/wp-content\\\/uploads\\\/2020\\\/07\\\/unnamed-3.jpg\",\"width\":512,\"height\":428},{\"@type\":\"BreadcrumbList\",\"@id\":\"https:\\\/\\\/diarioprincipios.com\\\/index.php\\\/2020\\\/07\\\/01\\\/mussi-homenajeo-a-juan-domingo-peron-en-un-nuevo-aniversario-de-su-partida\\\/#breadcrumb\",\"itemListElement\":[{\"@type\":\"ListItem\",\"position\":1,\"name\":\"Portada\",\"item\":\"https:\\\/\\\/diarioprincipios.com\\\/\"},{\"@type\":\"ListItem\",\"position\":2,\"name\":\"Mussi homenaje\u00f3 a Juan Domingo Per\u00f3n en un nuevo aniversario de su partida\"}]},{\"@type\":\"WebSite\",\"@id\":\"https:\\\/\\\/diarioprincipios.com\\\/#website\",\"url\":\"https:\\\/\\\/diarioprincipios.com\\\/\",\"name\":\"Principios\",\"description\":\"Principios Diario\",\"publisher\":{\"@id\":\"https:\\\/\\\/diarioprincipios.com\\\/#organization\"},\"potentialAction\":[{\"@type\":\"SearchAction\",\"target\":{\"@type\":\"EntryPoint\",\"urlTemplate\":\"https:\\\/\\\/diarioprincipios.com\\\/?s={search_term_string}\"},\"query-input\":{\"@type\":\"PropertyValueSpecification\",\"valueRequired\":true,\"valueName\":\"search_term_string\"}}],\"inLanguage\":\"es\"},{\"@type\":\"Organization\",\"@id\":\"https:\\\/\\\/diarioprincipios.com\\\/#organization\",\"name\":\"Principios\",\"url\":\"https:\\\/\\\/diarioprincipios.com\\\/\",\"logo\":{\"@type\":\"ImageObject\",\"inLanguage\":\"es\",\"@id\":\"https:\\\/\\\/diarioprincipios.com\\\/#\\\/schema\\\/logo\\\/image\\\/\",\"url\":\"https:\\\/\\\/diarioprincipios.com\\\/wp-content\\\/uploads\\\/2024\\\/04\\\/cropped-www.diarioprincipios.com_-1.png\",\"contentUrl\":\"https:\\\/\\\/diarioprincipios.com\\\/wp-content\\\/uploads\\\/2024\\\/04\\\/cropped-www.diarioprincipios.com_-1.png\",\"width\":5325,\"height\":1454,\"caption\":\"Principios\"},\"image\":{\"@id\":\"https:\\\/\\\/diarioprincipios.com\\\/#\\\/schema\\\/logo\\\/image\\\/\"}},{\"@type\":\"Person\",\"@id\":\"https:\\\/\\\/diarioprincipios.com\\\/#\\\/schema\\\/person\\\/436d5a1fd41a5e250e23ff5a6a7cb080\",\"name\":\"Hern\u00e1n L\u00f3pez\",\"image\":{\"@type\":\"ImageObject\",\"inLanguage\":\"es\",\"@id\":\"https:\\\/\\\/diarioprincipios.com\\\/wp-content\\\/litespeed\\\/avatar\\\/11ddfe5610ff3bd100522525b2571f48.jpg?ver=1777653193\",\"url\":\"https:\\\/\\\/diarioprincipios.com\\\/wp-content\\\/litespeed\\\/avatar\\\/11ddfe5610ff3bd100522525b2571f48.jpg?ver=1777653193\",\"contentUrl\":\"https:\\\/\\\/diarioprincipios.com\\\/wp-content\\\/litespeed\\\/avatar\\\/11ddfe5610ff3bd100522525b2571f48.jpg?ver=1777653193\",\"caption\":\"Hern\u00e1n L\u00f3pez\"},\"url\":\"https:\\\/\\\/diarioprincipios.com\\\/index.php\\\/author\\\/hernan\\\/\"}]}<\/script>\n<!-- \/ Yoast SEO plugin. -->","yoast_head_json":{"title":"Mussi homenaje\u00f3 a Juan Domingo Per\u00f3n en un nuevo aniversario de su partida - Principios","robots":{"index":"index","follow":"follow","max-snippet":"max-snippet:-1","max-image-preview":"max-image-preview:large","max-video-preview":"max-video-preview:-1"},"canonical":"https:\/\/diarioprincipios.com\/index.php\/2020\/07\/01\/mussi-homenajeo-a-juan-domingo-peron-en-un-nuevo-aniversario-de-su-partida\/","og_locale":"es_ES","og_type":"article","og_title":"Mussi homenaje\u00f3 a Juan Domingo Per\u00f3n en un nuevo aniversario de su partida - Principios","og_description":"El Intendente de Berazategui, doctor Juan Jos\u00e9 Mussi, homenaje\u00f3 hoy en sus redes sociales al tres veces presidente de la Naci\u00f3n, General Juan Domingo Per\u00f3n. \u00abHoy se cumple el 46\u00b0 aniversario de la partida del General Juan Domingo Per\u00f3n\u2026 Y lo recuerdo no solo en esta fecha sino todos los d\u00edas, porque \u00e9l cambi\u00f3 la...","og_url":"https:\/\/diarioprincipios.com\/index.php\/2020\/07\/01\/mussi-homenajeo-a-juan-domingo-peron-en-un-nuevo-aniversario-de-su-partida\/","og_site_name":"Principios","article_published_time":"2020-07-01T15:01:59+00:00","article_modified_time":"2020-07-01T15:02:03+00:00","og_image":[{"width":512,"height":428,"url":"https:\/\/diarioprincipios.com\/wp-content\/uploads\/2020\/07\/unnamed-3.jpg","type":"image\/jpeg"}],"author":"Hern\u00e1n L\u00f3pez","twitter_card":"summary_large_image","twitter_misc":{"Escrito por":"Hern\u00e1n L\u00f3pez","Tiempo de lectura":"1 minuto"},"schema":{"@context":"https:\/\/schema.org","@graph":[{"@type":"Article","@id":"https:\/\/diarioprincipios.com\/index.php\/2020\/07\/01\/mussi-homenajeo-a-juan-domingo-peron-en-un-nuevo-aniversario-de-su-partida\/#article","isPartOf":{"@id":"https:\/\/diarioprincipios.com\/index.php\/2020\/07\/01\/mussi-homenajeo-a-juan-domingo-peron-en-un-nuevo-aniversario-de-su-partida\/"},"author":{"name":"Hern\u00e1n L\u00f3pez","@id":"https:\/\/diarioprincipios.com\/#\/schema\/person\/436d5a1fd41a5e250e23ff5a6a7cb080"},"headline":"Mussi homenaje\u00f3 a Juan Domingo Per\u00f3n en un nuevo aniversario de su partida","datePublished":"2020-07-01T15:01:59+00:00","dateModified":"2020-07-01T15:02:03+00:00","mainEntityOfPage":{"@id":"https:\/\/diarioprincipios.com\/index.php\/2020\/07\/01\/mussi-homenajeo-a-juan-domingo-peron-en-un-nuevo-aniversario-de-su-partida\/"},"wordCount":140,"commentCount":0,"publisher":{"@id":"https:\/\/diarioprincipios.com\/#organization"},"image":{"@id":"https:\/\/diarioprincipios.com\/index.php\/2020\/07\/01\/mussi-homenajeo-a-juan-domingo-peron-en-un-nuevo-aniversario-de-su-partida\/#primaryimage"},"thumbnailUrl":"https:\/\/diarioprincipios.com\/wp-content\/uploads\/2020\/07\/unnamed-3.jpg","articleSection":["Berazategui"],"inLanguage":"es","potentialAction":[{"@type":"CommentAction","name":"Comment","target":["https:\/\/diarioprincipios.com\/index.php\/2020\/07\/01\/mussi-homenajeo-a-juan-domingo-peron-en-un-nuevo-aniversario-de-su-partida\/#respond"]}]},{"@type":"WebPage","@id":"https:\/\/diarioprincipios.com\/index.php\/2020\/07\/01\/mussi-homenajeo-a-juan-domingo-peron-en-un-nuevo-aniversario-de-su-partida\/","url":"https:\/\/diarioprincipios.com\/index.php\/2020\/07\/01\/mussi-homenajeo-a-juan-domingo-peron-en-un-nuevo-aniversario-de-su-partida\/","name":"Mussi homenaje\u00f3 a Juan Domingo Per\u00f3n en un nuevo aniversario de su partida - Principios","isPartOf":{"@id":"https:\/\/diarioprincipios.com\/#website"},"primaryImageOfPage":{"@id":"https:\/\/diarioprincipios.com\/index.php\/2020\/07\/01\/mussi-homenajeo-a-juan-domingo-peron-en-un-nuevo-aniversario-de-su-partida\/#primaryimage"},"image":{"@id":"https:\/\/diarioprincipios.com\/index.php\/2020\/07\/01\/mussi-homenajeo-a-juan-domingo-peron-en-un-nuevo-aniversario-de-su-partida\/#primaryimage"},"thumbnailUrl":"https:\/\/diarioprincipios.com\/wp-content\/uploads\/2020\/07\/unnamed-3.jpg","datePublished":"2020-07-01T15:01:59+00:00","dateModified":"2020-07-01T15:02:03+00:00","breadcrumb":{"@id":"https:\/\/diarioprincipios.com\/index.php\/2020\/07\/01\/mussi-homenajeo-a-juan-domingo-peron-en-un-nuevo-aniversario-de-su-partida\/#breadcrumb"},"inLanguage":"es","potentialAction":[{"@type":"ReadAction","target":["https:\/\/diarioprincipios.com\/index.php\/2020\/07\/01\/mussi-homenajeo-a-juan-domingo-peron-en-un-nuevo-aniversario-de-su-partida\/"]}]},{"@type":"ImageObject","inLanguage":"es","@id":"https:\/\/diarioprincipios.com\/index.php\/2020\/07\/01\/mussi-homenajeo-a-juan-domingo-peron-en-un-nuevo-aniversario-de-su-partida\/#primaryimage","url":"https:\/\/diarioprincipios.com\/wp-content\/uploads\/2020\/07\/unnamed-3.jpg","contentUrl":"https:\/\/diarioprincipios.com\/wp-content\/uploads\/2020\/07\/unnamed-3.jpg","width":512,"height":428},{"@type":"BreadcrumbList","@id":"https:\/\/diarioprincipios.com\/index.php\/2020\/07\/01\/mussi-homenajeo-a-juan-domingo-peron-en-un-nuevo-aniversario-de-su-partida\/#breadcrumb","itemListElement":[{"@type":"ListItem","position":1,"name":"Portada","item":"https:\/\/diarioprincipios.com\/"},{"@type":"ListItem","position":2,"name":"Mussi homenaje\u00f3 a Juan Domingo Per\u00f3n en un nuevo aniversario de su partida"}]},{"@type":"WebSite","@id":"https:\/\/diarioprincipios.com\/#website","url":"https:\/\/diarioprincipios.com\/","name":"Principios","description":"Principios Diario","publisher":{"@id":"https:\/\/diarioprincipios.com\/#organization"},"potentialAction":[{"@type":"SearchAction","target":{"@type":"EntryPoint","urlTemplate":"https:\/\/diarioprincipios.com\/?s={search_term_string}"},"query-input":{"@type":"PropertyValueSpecification","valueRequired":true,"valueName":"search_term_string"}}],"inLanguage":"es"},{"@type":"Organization","@id":"https:\/\/diarioprincipios.com\/#organization","name":"Principios","url":"https:\/\/diarioprincipios.com\/","logo":{"@type":"ImageObject","inLanguage":"es","@id":"https:\/\/diarioprincipios.com\/#\/schema\/logo\/image\/","url":"https:\/\/diarioprincipios.com\/wp-content\/uploads\/2024\/04\/cropped-www.diarioprincipios.com_-1.png","contentUrl":"https:\/\/diarioprincipios.com\/wp-content\/uploads\/2024\/04\/cropped-www.diarioprincipios.com_-1.png","width":5325,"height":1454,"caption":"Principios"},"image":{"@id":"https:\/\/diarioprincipios.com\/#\/schema\/logo\/image\/"}},{"@type":"Person","@id":"https:\/\/diarioprincipios.com\/#\/schema\/person\/436d5a1fd41a5e250e23ff5a6a7cb080","name":"Hern\u00e1n L\u00f3pez","image":{"@type":"ImageObject","inLanguage":"es","@id":"https:\/\/diarioprincipios.com\/wp-content\/litespeed\/avatar\/11ddfe5610ff3bd100522525b2571f48.jpg?ver=1777653193","url":"https:\/\/diarioprincipios.com\/wp-content\/litespeed\/avatar\/11ddfe5610ff3bd100522525b2571f48.jpg?ver=1777653193","contentUrl":"https:\/\/diarioprincipios.com\/wp-content\/litespeed\/avatar\/11ddfe5610ff3bd100522525b2571f48.jpg?ver=1777653193","caption":"Hern\u00e1n L\u00f3pez"},"url":"https:\/\/diarioprincipios.com\/index.php\/author\/hernan\/"}]}},"jetpack_featured_media_url":"https:\/\/diarioprincipios.com\/wp-content\/uploads\/2020\/07\/unnamed-3.jpg","_links":{"self":[{"href":"https:\/\/diarioprincipios.com\/index.php\/wp-json\/wp\/v2\/posts\/3541","targetHints":{"allow":["GET"]}}],"collection":[{"href":"https:\/\/diarioprincipios.com\/index.php\/wp-json\/wp\/v2\/posts"}],"about":[{"href":"https:\/\/diarioprincipios.com\/index.php\/wp-json\/wp\/v2\/types\/post"}],"author":[{"embeddable":true,"href":"https:\/\/diarioprincipios.com\/index.php\/wp-json\/wp\/v2\/users\/2"}],"replies":[{"embeddable":true,"href":"https:\/\/diarioprincipios.com\/index.php\/wp-json\/wp\/v2\/comments?post=3541"}],"version-history":[{"count":1,"href":"https:\/\/diarioprincipios.com\/index.php\/wp-json\/wp\/v2\/posts\/3541\/revisions"}],"predecessor-version":[{"id":3544,"href":"https:\/\/diarioprincipios.com\/index.php\/wp-json\/wp\/v2\/posts\/3541\/revisions\/3544"}],"wp:featuredmedia":[{"embeddable":true,"href":"https:\/\/diarioprincipios.com\/index.php\/wp-json\/wp\/v2\/media\/3542"}],"wp:attachment":[{"href":"https:\/\/diarioprincipios.com\/index.php\/wp-json\/wp\/v2\/media?parent=3541"}],"wp:term":[{"taxonomy":"category","embeddable":true,"href":"https:\/\/diarioprincipios.com\/index.php\/wp-json\/wp\/v2\/categories?post=3541"},{"taxonomy":"post_tag","embeddable":true,"href":"https:\/\/diarioprincipios.com\/index.php\/wp-json\/wp\/v2\/tags?post=3541"}],"curies":[{"name":"wp","href":"https:\/\/api.w.org\/{rel}","templated":true}]}}