{"id":3529,"date":"2020-07-01T09:00:11","date_gmt":"2020-07-01T12:00:11","guid":{"rendered":"http:\/\/diarioprincipios.com\/?p=3529"},"modified":"2020-07-01T09:00:15","modified_gmt":"2020-07-01T12:00:15","slug":"listado-semanal-de-precios-sugeridos-en-frutas-y-verduras","status":"publish","type":"post","link":"https:\/\/diarioprincipios.com\/index.php\/2020\/07\/01\/listado-semanal-de-precios-sugeridos-en-frutas-y-verduras\/","title":{"rendered":"Listado semanal de precios sugeridos en frutas y verduras"},"content":{"rendered":"\n<p><strong>A trav\u00e9s de un acuerdo con el Mercado Central, la Municipalidad de Berazategui confecciona un listado de precios recomendados para la venta minorista de frutas y verduras. La medida, a cargo de la Secretar\u00eda de Trabajo local, apunta a combatir aumentos indiscriminados durante el aislamiento social, preventivo y obligatorio.<\/strong><\/p>\n\n\n\n<p>La lista establece precios sugeridos que se actualizan semanalmente y la actual se encuentra en vigencia hasta este jueves 2 de julio inclusive:<br><br>&#8211; Papa: $22 el kilo.<\/p>\n\n\n\n<p>&#8211; Batata: $30 el kilo.<\/p>\n\n\n\n<p>&#8211; Zapallo anco y cabutia: $26 el kilo.<\/p>\n\n\n\n<p>&#8211; Zapallito redondo: $64 el kilo.<\/p>\n\n\n\n<p>&#8211; Cebolla: $35 el kilo.<\/p>\n\n\n\n<p>&#8211; Mandarina: $67 el kilo.<\/p>\n\n\n\n<p>&#8211; Banana (de Ecuador): $101 el kilo.<\/p>\n\n\n\n<p>&#8211; Banana (comercial): $78 el kilo.<\/p>\n\n\n\n<p>&#8211; Tomate redondo (elegido): $87 el kilo.<\/p>\n\n\n\n<p>&#8211; Tomate redondo (comercial): $61 el kilo.<\/p>\n\n\n\n<p>&#8211; Lechuga: $45 el kilo.<\/p>\n\n\n\n<p>&#8211; Manzana: $80 el kilo.<\/p>\n\n\n\n<p>&#8211; Naranja (ombligo y jugo): $45 el kilo.<\/p>\n\n\n\n<p>&#8211; Pera: $77 el kilo.<\/p>\n\n\n\n<p>&#8211; Lim\u00f3n: $30 el kilo.<br><br>-Zanahoria: $60 el kilo.<\/p>\n\n\n\n<p>&nbsp;Asimismo, el Municipio contin\u00faa fiscalizando puestos del Mercado Frutihort\u00edcola local y verduler\u00edas barriales de todo el distrito para garantizar que se implemente el acuerdo de precios. En el caso de las \u00faltimas, desde que comenz\u00f3 la emergencia sanitaria, se clausuraron 43 debido a sobreprecios y otras irregularidades, y se mult\u00f3 a 120. En tanto, los productos con m\u00e1s aumentos fueron: la batata (31,8% por sobre el precio establecido), el zapallo anco y cabutia (23,5%), el lim\u00f3n (29,4%) y la banana de Ecuador (25,4%).<\/p>\n\n\n\n<p>Quienes quieran denunciar irregularidades, deben comunicarse al 4256-1004, de lunes a viernes de 8.00 a 17.00, o v\u00eda WhatsApp al 11-2452-8972. Tambi\u00e9n pueden hacerlo por mail a omic@berazategui.gob. Todos los comercios deben exhibir obligatoriamente el listado de los valores recomendados acordados para la venta minorista, para conocimiento de los clientes.<\/p>\n\n\n\n<p>Asimismo, los vecinos pueden consultar el listado en&nbsp;<a rel=\"noreferrer noopener\" target=\"_blank\" href=\"http:\/\/berazategui.gob.ar\/preciossugeridos\">berazategui.gob.ar\/preciossugeridos<\/a>.<\/p>\n","protected":false},"excerpt":{"rendered":"<p>A trav\u00e9s de un acuerdo con el Mercado Central, la Municipalidad de Berazategui confecciona un listado de precios recomendados para la venta minorista de frutas y verduras. La medida, a cargo de la Secretar\u00eda de Trabajo local, apunta a combatir aumentos indiscriminados durante el aislamiento social, preventivo y obligatorio. La lista establece precios sugeridos que&#8230;<\/p>\n","protected":false},"author":2,"featured_media":3341,"comment_status":"open","ping_status":"open","sticky":false,"template":"","format":"standard","meta":{"footnotes":""},"categories":[3],"tags":[],"class_list":["post-3529","post","type-post","status-publish","format-standard","has-post-thumbnail","hentry","category-berazategui"],"featured_image_src":"https:\/\/diarioprincipios.com\/wp-content\/uploads\/2020\/06\/PRECIOS-SUGERIDOS-EN-FRUTAS-Y-VERDURAS.jpg","blog_images":{"medium":"https:\/\/diarioprincipios.com\/wp-content\/uploads\/2020\/06\/PRECIOS-SUGERIDOS-EN-FRUTAS-Y-VERDURAS-300x225.jpg","large":"https:\/\/diarioprincipios.com\/wp-content\/uploads\/2020\/06\/PRECIOS-SUGERIDOS-EN-FRUTAS-Y-VERDURAS.jpg"},"ams_acf":[],"yoast_head":"<!-- This site is optimized with the Yoast SEO plugin v27.3 - https:\/\/yoast.com\/product\/yoast-seo-wordpress\/ -->\n<title>Listado semanal de precios sugeridos en frutas y verduras - Principios<\/title>\n<meta name=\"robots\" content=\"index, follow, max-snippet:-1, max-image-preview:large, max-video-preview:-1\" \/>\n<link rel=\"canonical\" href=\"https:\/\/diarioprincipios.com\/index.php\/2020\/07\/01\/listado-semanal-de-precios-sugeridos-en-frutas-y-verduras\/\" \/>\n<meta property=\"og:locale\" content=\"es_ES\" \/>\n<meta property=\"og:type\" content=\"article\" \/>\n<meta property=\"og:title\" content=\"Listado semanal de precios sugeridos en frutas y verduras - Principios\" \/>\n<meta property=\"og:description\" content=\"A trav\u00e9s de un acuerdo con el Mercado Central, la Municipalidad de Berazategui confecciona un listado de precios recomendados para la venta minorista de frutas y verduras. La medida, a cargo de la Secretar\u00eda de Trabajo local, apunta a combatir aumentos indiscriminados durante el aislamiento social, preventivo y obligatorio. La lista establece precios sugeridos que...\" \/>\n<meta property=\"og:url\" content=\"https:\/\/diarioprincipios.com\/index.php\/2020\/07\/01\/listado-semanal-de-precios-sugeridos-en-frutas-y-verduras\/\" \/>\n<meta property=\"og:site_name\" content=\"Principios\" \/>\n<meta property=\"article:published_time\" content=\"2020-07-01T12:00:11+00:00\" \/>\n<meta property=\"article:modified_time\" content=\"2020-07-01T12:00:15+00:00\" \/>\n<meta property=\"og:image\" content=\"https:\/\/diarioprincipios.com\/wp-content\/uploads\/2020\/06\/PRECIOS-SUGERIDOS-EN-FRUTAS-Y-VERDURAS.jpg\" \/>\n\t<meta property=\"og:image:width\" content=\"800\" \/>\n\t<meta property=\"og:image:height\" content=\"600\" \/>\n\t<meta property=\"og:image:type\" content=\"image\/jpeg\" \/>\n<meta name=\"author\" content=\"Hern\u00e1n L\u00f3pez\" \/>\n<meta name=\"twitter:card\" content=\"summary_large_image\" \/>\n<meta name=\"twitter:label1\" content=\"Escrito por\" \/>\n\t<meta name=\"twitter:data1\" content=\"Hern\u00e1n L\u00f3pez\" \/>\n\t<meta name=\"twitter:label2\" content=\"Tiempo de lectura\" \/>\n\t<meta name=\"twitter:data2\" content=\"2 minutos\" \/>\n<script type=\"application\/ld+json\" class=\"yoast-schema-graph\">{\"@context\":\"https:\\\/\\\/schema.org\",\"@graph\":[{\"@type\":\"Article\",\"@id\":\"https:\\\/\\\/diarioprincipios.com\\\/index.php\\\/2020\\\/07\\\/01\\\/listado-semanal-de-precios-sugeridos-en-frutas-y-verduras\\\/#article\",\"isPartOf\":{\"@id\":\"https:\\\/\\\/diarioprincipios.com\\\/index.php\\\/2020\\\/07\\\/01\\\/listado-semanal-de-precios-sugeridos-en-frutas-y-verduras\\\/\"},\"author\":{\"name\":\"Hern\u00e1n L\u00f3pez\",\"@id\":\"https:\\\/\\\/diarioprincipios.com\\\/#\\\/schema\\\/person\\\/436d5a1fd41a5e250e23ff5a6a7cb080\"},\"headline\":\"Listado semanal de precios sugeridos en frutas y verduras\",\"datePublished\":\"2020-07-01T12:00:11+00:00\",\"dateModified\":\"2020-07-01T12:00:15+00:00\",\"mainEntityOfPage\":{\"@id\":\"https:\\\/\\\/diarioprincipios.com\\\/index.php\\\/2020\\\/07\\\/01\\\/listado-semanal-de-precios-sugeridos-en-frutas-y-verduras\\\/\"},\"wordCount\":309,\"commentCount\":0,\"publisher\":{\"@id\":\"https:\\\/\\\/diarioprincipios.com\\\/#organization\"},\"image\":{\"@id\":\"https:\\\/\\\/diarioprincipios.com\\\/index.php\\\/2020\\\/07\\\/01\\\/listado-semanal-de-precios-sugeridos-en-frutas-y-verduras\\\/#primaryimage\"},\"thumbnailUrl\":\"https:\\\/\\\/diarioprincipios.com\\\/wp-content\\\/uploads\\\/2020\\\/06\\\/PRECIOS-SUGERIDOS-EN-FRUTAS-Y-VERDURAS.jpg\",\"articleSection\":[\"Berazategui\"],\"inLanguage\":\"es\",\"potentialAction\":[{\"@type\":\"CommentAction\",\"name\":\"Comment\",\"target\":[\"https:\\\/\\\/diarioprincipios.com\\\/index.php\\\/2020\\\/07\\\/01\\\/listado-semanal-de-precios-sugeridos-en-frutas-y-verduras\\\/#respond\"]}]},{\"@type\":\"WebPage\",\"@id\":\"https:\\\/\\\/diarioprincipios.com\\\/index.php\\\/2020\\\/07\\\/01\\\/listado-semanal-de-precios-sugeridos-en-frutas-y-verduras\\\/\",\"url\":\"https:\\\/\\\/diarioprincipios.com\\\/index.php\\\/2020\\\/07\\\/01\\\/listado-semanal-de-precios-sugeridos-en-frutas-y-verduras\\\/\",\"name\":\"Listado semanal de precios sugeridos en frutas y verduras - Principios\",\"isPartOf\":{\"@id\":\"https:\\\/\\\/diarioprincipios.com\\\/#website\"},\"primaryImageOfPage\":{\"@id\":\"https:\\\/\\\/diarioprincipios.com\\\/index.php\\\/2020\\\/07\\\/01\\\/listado-semanal-de-precios-sugeridos-en-frutas-y-verduras\\\/#primaryimage\"},\"image\":{\"@id\":\"https:\\\/\\\/diarioprincipios.com\\\/index.php\\\/2020\\\/07\\\/01\\\/listado-semanal-de-precios-sugeridos-en-frutas-y-verduras\\\/#primaryimage\"},\"thumbnailUrl\":\"https:\\\/\\\/diarioprincipios.com\\\/wp-content\\\/uploads\\\/2020\\\/06\\\/PRECIOS-SUGERIDOS-EN-FRUTAS-Y-VERDURAS.jpg\",\"datePublished\":\"2020-07-01T12:00:11+00:00\",\"dateModified\":\"2020-07-01T12:00:15+00:00\",\"breadcrumb\":{\"@id\":\"https:\\\/\\\/diarioprincipios.com\\\/index.php\\\/2020\\\/07\\\/01\\\/listado-semanal-de-precios-sugeridos-en-frutas-y-verduras\\\/#breadcrumb\"},\"inLanguage\":\"es\",\"potentialAction\":[{\"@type\":\"ReadAction\",\"target\":[\"https:\\\/\\\/diarioprincipios.com\\\/index.php\\\/2020\\\/07\\\/01\\\/listado-semanal-de-precios-sugeridos-en-frutas-y-verduras\\\/\"]}]},{\"@type\":\"ImageObject\",\"inLanguage\":\"es\",\"@id\":\"https:\\\/\\\/diarioprincipios.com\\\/index.php\\\/2020\\\/07\\\/01\\\/listado-semanal-de-precios-sugeridos-en-frutas-y-verduras\\\/#primaryimage\",\"url\":\"https:\\\/\\\/diarioprincipios.com\\\/wp-content\\\/uploads\\\/2020\\\/06\\\/PRECIOS-SUGERIDOS-EN-FRUTAS-Y-VERDURAS.jpg\",\"contentUrl\":\"https:\\\/\\\/diarioprincipios.com\\\/wp-content\\\/uploads\\\/2020\\\/06\\\/PRECIOS-SUGERIDOS-EN-FRUTAS-Y-VERDURAS.jpg\",\"width\":800,\"height\":600},{\"@type\":\"BreadcrumbList\",\"@id\":\"https:\\\/\\\/diarioprincipios.com\\\/index.php\\\/2020\\\/07\\\/01\\\/listado-semanal-de-precios-sugeridos-en-frutas-y-verduras\\\/#breadcrumb\",\"itemListElement\":[{\"@type\":\"ListItem\",\"position\":1,\"name\":\"Portada\",\"item\":\"https:\\\/\\\/diarioprincipios.com\\\/\"},{\"@type\":\"ListItem\",\"position\":2,\"name\":\"Listado semanal de precios sugeridos en frutas y verduras\"}]},{\"@type\":\"WebSite\",\"@id\":\"https:\\\/\\\/diarioprincipios.com\\\/#website\",\"url\":\"https:\\\/\\\/diarioprincipios.com\\\/\",\"name\":\"Principios\",\"description\":\"Principios Diario\",\"publisher\":{\"@id\":\"https:\\\/\\\/diarioprincipios.com\\\/#organization\"},\"potentialAction\":[{\"@type\":\"SearchAction\",\"target\":{\"@type\":\"EntryPoint\",\"urlTemplate\":\"https:\\\/\\\/diarioprincipios.com\\\/?s={search_term_string}\"},\"query-input\":{\"@type\":\"PropertyValueSpecification\",\"valueRequired\":true,\"valueName\":\"search_term_string\"}}],\"inLanguage\":\"es\"},{\"@type\":\"Organization\",\"@id\":\"https:\\\/\\\/diarioprincipios.com\\\/#organization\",\"name\":\"Principios\",\"url\":\"https:\\\/\\\/diarioprincipios.com\\\/\",\"logo\":{\"@type\":\"ImageObject\",\"inLanguage\":\"es\",\"@id\":\"https:\\\/\\\/diarioprincipios.com\\\/#\\\/schema\\\/logo\\\/image\\\/\",\"url\":\"https:\\\/\\\/diarioprincipios.com\\\/wp-content\\\/uploads\\\/2024\\\/04\\\/cropped-www.diarioprincipios.com_-1.png\",\"contentUrl\":\"https:\\\/\\\/diarioprincipios.com\\\/wp-content\\\/uploads\\\/2024\\\/04\\\/cropped-www.diarioprincipios.com_-1.png\",\"width\":5325,\"height\":1454,\"caption\":\"Principios\"},\"image\":{\"@id\":\"https:\\\/\\\/diarioprincipios.com\\\/#\\\/schema\\\/logo\\\/image\\\/\"}},{\"@type\":\"Person\",\"@id\":\"https:\\\/\\\/diarioprincipios.com\\\/#\\\/schema\\\/person\\\/436d5a1fd41a5e250e23ff5a6a7cb080\",\"name\":\"Hern\u00e1n L\u00f3pez\",\"image\":{\"@type\":\"ImageObject\",\"inLanguage\":\"es\",\"@id\":\"https:\\\/\\\/diarioprincipios.com\\\/wp-content\\\/litespeed\\\/avatar\\\/11ddfe5610ff3bd100522525b2571f48.jpg?ver=1777653193\",\"url\":\"https:\\\/\\\/diarioprincipios.com\\\/wp-content\\\/litespeed\\\/avatar\\\/11ddfe5610ff3bd100522525b2571f48.jpg?ver=1777653193\",\"contentUrl\":\"https:\\\/\\\/diarioprincipios.com\\\/wp-content\\\/litespeed\\\/avatar\\\/11ddfe5610ff3bd100522525b2571f48.jpg?ver=1777653193\",\"caption\":\"Hern\u00e1n L\u00f3pez\"},\"url\":\"https:\\\/\\\/diarioprincipios.com\\\/index.php\\\/author\\\/hernan\\\/\"}]}<\/script>\n<!-- \/ Yoast SEO plugin. -->","yoast_head_json":{"title":"Listado semanal de precios sugeridos en frutas y verduras - Principios","robots":{"index":"index","follow":"follow","max-snippet":"max-snippet:-1","max-image-preview":"max-image-preview:large","max-video-preview":"max-video-preview:-1"},"canonical":"https:\/\/diarioprincipios.com\/index.php\/2020\/07\/01\/listado-semanal-de-precios-sugeridos-en-frutas-y-verduras\/","og_locale":"es_ES","og_type":"article","og_title":"Listado semanal de precios sugeridos en frutas y verduras - Principios","og_description":"A trav\u00e9s de un acuerdo con el Mercado Central, la Municipalidad de Berazategui confecciona un listado de precios recomendados para la venta minorista de frutas y verduras. La medida, a cargo de la Secretar\u00eda de Trabajo local, apunta a combatir aumentos indiscriminados durante el aislamiento social, preventivo y obligatorio. La lista establece precios sugeridos que...","og_url":"https:\/\/diarioprincipios.com\/index.php\/2020\/07\/01\/listado-semanal-de-precios-sugeridos-en-frutas-y-verduras\/","og_site_name":"Principios","article_published_time":"2020-07-01T12:00:11+00:00","article_modified_time":"2020-07-01T12:00:15+00:00","og_image":[{"width":800,"height":600,"url":"https:\/\/diarioprincipios.com\/wp-content\/uploads\/2020\/06\/PRECIOS-SUGERIDOS-EN-FRUTAS-Y-VERDURAS.jpg","type":"image\/jpeg"}],"author":"Hern\u00e1n L\u00f3pez","twitter_card":"summary_large_image","twitter_misc":{"Escrito por":"Hern\u00e1n L\u00f3pez","Tiempo de lectura":"2 minutos"},"schema":{"@context":"https:\/\/schema.org","@graph":[{"@type":"Article","@id":"https:\/\/diarioprincipios.com\/index.php\/2020\/07\/01\/listado-semanal-de-precios-sugeridos-en-frutas-y-verduras\/#article","isPartOf":{"@id":"https:\/\/diarioprincipios.com\/index.php\/2020\/07\/01\/listado-semanal-de-precios-sugeridos-en-frutas-y-verduras\/"},"author":{"name":"Hern\u00e1n L\u00f3pez","@id":"https:\/\/diarioprincipios.com\/#\/schema\/person\/436d5a1fd41a5e250e23ff5a6a7cb080"},"headline":"Listado semanal de precios sugeridos en frutas y verduras","datePublished":"2020-07-01T12:00:11+00:00","dateModified":"2020-07-01T12:00:15+00:00","mainEntityOfPage":{"@id":"https:\/\/diarioprincipios.com\/index.php\/2020\/07\/01\/listado-semanal-de-precios-sugeridos-en-frutas-y-verduras\/"},"wordCount":309,"commentCount":0,"publisher":{"@id":"https:\/\/diarioprincipios.com\/#organization"},"image":{"@id":"https:\/\/diarioprincipios.com\/index.php\/2020\/07\/01\/listado-semanal-de-precios-sugeridos-en-frutas-y-verduras\/#primaryimage"},"thumbnailUrl":"https:\/\/diarioprincipios.com\/wp-content\/uploads\/2020\/06\/PRECIOS-SUGERIDOS-EN-FRUTAS-Y-VERDURAS.jpg","articleSection":["Berazategui"],"inLanguage":"es","potentialAction":[{"@type":"CommentAction","name":"Comment","target":["https:\/\/diarioprincipios.com\/index.php\/2020\/07\/01\/listado-semanal-de-precios-sugeridos-en-frutas-y-verduras\/#respond"]}]},{"@type":"WebPage","@id":"https:\/\/diarioprincipios.com\/index.php\/2020\/07\/01\/listado-semanal-de-precios-sugeridos-en-frutas-y-verduras\/","url":"https:\/\/diarioprincipios.com\/index.php\/2020\/07\/01\/listado-semanal-de-precios-sugeridos-en-frutas-y-verduras\/","name":"Listado semanal de precios sugeridos en frutas y verduras - Principios","isPartOf":{"@id":"https:\/\/diarioprincipios.com\/#website"},"primaryImageOfPage":{"@id":"https:\/\/diarioprincipios.com\/index.php\/2020\/07\/01\/listado-semanal-de-precios-sugeridos-en-frutas-y-verduras\/#primaryimage"},"image":{"@id":"https:\/\/diarioprincipios.com\/index.php\/2020\/07\/01\/listado-semanal-de-precios-sugeridos-en-frutas-y-verduras\/#primaryimage"},"thumbnailUrl":"https:\/\/diarioprincipios.com\/wp-content\/uploads\/2020\/06\/PRECIOS-SUGERIDOS-EN-FRUTAS-Y-VERDURAS.jpg","datePublished":"2020-07-01T12:00:11+00:00","dateModified":"2020-07-01T12:00:15+00:00","breadcrumb":{"@id":"https:\/\/diarioprincipios.com\/index.php\/2020\/07\/01\/listado-semanal-de-precios-sugeridos-en-frutas-y-verduras\/#breadcrumb"},"inLanguage":"es","potentialAction":[{"@type":"ReadAction","target":["https:\/\/diarioprincipios.com\/index.php\/2020\/07\/01\/listado-semanal-de-precios-sugeridos-en-frutas-y-verduras\/"]}]},{"@type":"ImageObject","inLanguage":"es","@id":"https:\/\/diarioprincipios.com\/index.php\/2020\/07\/01\/listado-semanal-de-precios-sugeridos-en-frutas-y-verduras\/#primaryimage","url":"https:\/\/diarioprincipios.com\/wp-content\/uploads\/2020\/06\/PRECIOS-SUGERIDOS-EN-FRUTAS-Y-VERDURAS.jpg","contentUrl":"https:\/\/diarioprincipios.com\/wp-content\/uploads\/2020\/06\/PRECIOS-SUGERIDOS-EN-FRUTAS-Y-VERDURAS.jpg","width":800,"height":600},{"@type":"BreadcrumbList","@id":"https:\/\/diarioprincipios.com\/index.php\/2020\/07\/01\/listado-semanal-de-precios-sugeridos-en-frutas-y-verduras\/#breadcrumb","itemListElement":[{"@type":"ListItem","position":1,"name":"Portada","item":"https:\/\/diarioprincipios.com\/"},{"@type":"ListItem","position":2,"name":"Listado semanal de precios sugeridos en frutas y verduras"}]},{"@type":"WebSite","@id":"https:\/\/diarioprincipios.com\/#website","url":"https:\/\/diarioprincipios.com\/","name":"Principios","description":"Principios Diario","publisher":{"@id":"https:\/\/diarioprincipios.com\/#organization"},"potentialAction":[{"@type":"SearchAction","target":{"@type":"EntryPoint","urlTemplate":"https:\/\/diarioprincipios.com\/?s={search_term_string}"},"query-input":{"@type":"PropertyValueSpecification","valueRequired":true,"valueName":"search_term_string"}}],"inLanguage":"es"},{"@type":"Organization","@id":"https:\/\/diarioprincipios.com\/#organization","name":"Principios","url":"https:\/\/diarioprincipios.com\/","logo":{"@type":"ImageObject","inLanguage":"es","@id":"https:\/\/diarioprincipios.com\/#\/schema\/logo\/image\/","url":"https:\/\/diarioprincipios.com\/wp-content\/uploads\/2024\/04\/cropped-www.diarioprincipios.com_-1.png","contentUrl":"https:\/\/diarioprincipios.com\/wp-content\/uploads\/2024\/04\/cropped-www.diarioprincipios.com_-1.png","width":5325,"height":1454,"caption":"Principios"},"image":{"@id":"https:\/\/diarioprincipios.com\/#\/schema\/logo\/image\/"}},{"@type":"Person","@id":"https:\/\/diarioprincipios.com\/#\/schema\/person\/436d5a1fd41a5e250e23ff5a6a7cb080","name":"Hern\u00e1n L\u00f3pez","image":{"@type":"ImageObject","inLanguage":"es","@id":"https:\/\/diarioprincipios.com\/wp-content\/litespeed\/avatar\/11ddfe5610ff3bd100522525b2571f48.jpg?ver=1777653193","url":"https:\/\/diarioprincipios.com\/wp-content\/litespeed\/avatar\/11ddfe5610ff3bd100522525b2571f48.jpg?ver=1777653193","contentUrl":"https:\/\/diarioprincipios.com\/wp-content\/litespeed\/avatar\/11ddfe5610ff3bd100522525b2571f48.jpg?ver=1777653193","caption":"Hern\u00e1n L\u00f3pez"},"url":"https:\/\/diarioprincipios.com\/index.php\/author\/hernan\/"}]}},"jetpack_featured_media_url":"https:\/\/diarioprincipios.com\/wp-content\/uploads\/2020\/06\/PRECIOS-SUGERIDOS-EN-FRUTAS-Y-VERDURAS.jpg","_links":{"self":[{"href":"https:\/\/diarioprincipios.com\/index.php\/wp-json\/wp\/v2\/posts\/3529","targetHints":{"allow":["GET"]}}],"collection":[{"href":"https:\/\/diarioprincipios.com\/index.php\/wp-json\/wp\/v2\/posts"}],"about":[{"href":"https:\/\/diarioprincipios.com\/index.php\/wp-json\/wp\/v2\/types\/post"}],"author":[{"embeddable":true,"href":"https:\/\/diarioprincipios.com\/index.php\/wp-json\/wp\/v2\/users\/2"}],"replies":[{"embeddable":true,"href":"https:\/\/diarioprincipios.com\/index.php\/wp-json\/wp\/v2\/comments?post=3529"}],"version-history":[{"count":1,"href":"https:\/\/diarioprincipios.com\/index.php\/wp-json\/wp\/v2\/posts\/3529\/revisions"}],"predecessor-version":[{"id":3530,"href":"https:\/\/diarioprincipios.com\/index.php\/wp-json\/wp\/v2\/posts\/3529\/revisions\/3530"}],"wp:featuredmedia":[{"embeddable":true,"href":"https:\/\/diarioprincipios.com\/index.php\/wp-json\/wp\/v2\/media\/3341"}],"wp:attachment":[{"href":"https:\/\/diarioprincipios.com\/index.php\/wp-json\/wp\/v2\/media?parent=3529"}],"wp:term":[{"taxonomy":"category","embeddable":true,"href":"https:\/\/diarioprincipios.com\/index.php\/wp-json\/wp\/v2\/categories?post=3529"},{"taxonomy":"post_tag","embeddable":true,"href":"https:\/\/diarioprincipios.com\/index.php\/wp-json\/wp\/v2\/tags?post=3529"}],"curies":[{"name":"wp","href":"https:\/\/api.w.org\/{rel}","templated":true}]}}