{"id":3519,"date":"2020-06-30T21:26:12","date_gmt":"2020-07-01T00:26:12","guid":{"rendered":"http:\/\/diarioprincipios.com\/?p=3519"},"modified":"2020-06-30T21:26:15","modified_gmt":"2020-07-01T00:26:15","slug":"intendentes-independientes-apoyaron-a-kicillof-y-criticaron-las-actitudes-de-la-coalicion-civica","status":"publish","type":"post","link":"https:\/\/diarioprincipios.com\/index.php\/2020\/06\/30\/intendentes-independientes-apoyaron-a-kicillof-y-criticaron-las-actitudes-de-la-coalicion-civica\/","title":{"rendered":"Intendentes \u00abindependientes\u00bb apoyaron a Kicillof y criticaron las actitudes de la Coalici\u00f3n C\u00edvica"},"content":{"rendered":"\n<p>Un grupo de intendentes denominados \u00abindependientes\u00bb de la provincia de Buenos Aires apoy\u00f3 hoy la gesti\u00f3n del gobernador Axel Kicillof para enfrentar la pandemia del coronavirus y pidi\u00f3 a los dirigentes de la Coalici\u00f3n C\u00edvica-ARI \u00abprudencia y solidaridad\u00bb para enfrentar este momento.<\/p>\n\n\n\n<p>La nota, que lleva el t\u00edtulo \u00abLa Solidaridad es nuestra \u00fanica respuesta\u00bb, fue firmada por los jefes comunales Cecilio Salazar, de San Pedro; Guillermo Britos, de Chivilcoy; Arturo Rojas, de Necochea; Gustavo Bevilaqcua, de Villarino; Carlos S\u00e1nchez, de Tres Arroyos, y Juan Miguel Nosetti, de Salliquel\u00f3,<\/p>\n\n\n\n<p>En el texto, al que tuvo acceso T\u00e9lam, los intendentes sostuvieron que quienes \u00abconformamos este grupo de trabajo independiente vemos, azorados, como diferentes sectores pol\u00edticos que hasta hace poco tiempo gobernaron nuestro pa\u00eds y la Provincia est\u00e1n utilizando esta terrible coyuntura que estamos padeciendo todos los argentinos, para tratar de obtener alg\u00fan tipo de r\u00e9dito pol\u00edtico\u00bb.<\/p>\n\n\n\n<p>\u00abLa historia de nuestro pa\u00eds nos ha demostrado que este tipo de actitudes solo conduce al fracaso, y si bien hoy quiz\u00e1s todas las acciones que se llevan adelante en el marco de la pandemia Covid-19 no alcancen, o parezcan insuficientes, se trabaja segundo a segundo consultando a los profesionales en la materia, ya que es algo nuevo para todos\u00bb, advirtieron.<\/p>\n\n\n\n<p>Sostuvieron que \u00ablas acciones llevadas en conjunto en el \u00e1mbito del AMBA, son el fiel reflejo que mancomunadamente, con diferencias se puede trabajar. Y es lo que humildemente tambi\u00e9n nosotros hacemos desde los distritos que nos toca conducir\u00bb.<\/p>\n\n\n\n<p>\u00abHoy el Gobernador Axel Kicillof y todo su equipo de colaboradores, funcionarios y profesionales de la Salud trabajan incansablemente para palear esta crisis, y creemos necesario y conducente que aportemos nuestras ideas tambi\u00e9n desde el disenso, pero no la cr\u00edtica est\u00e9ril que tanto da\u00f1o nos ha hecho a nuestra sociedad\u00bb, subrayaron.<\/p>\n\n\n\n<p>Adem\u00e1s consignaron que \u00abdurante la actual gesti\u00f3n, en consonancia con las definiciones del Gobierno nacional y en coordinaci\u00f3n con los gobiernos municipales, se puso en condiciones un sistema de salud que se encontraba devastado, con una infraestructura edilicia en ruinas, deudas multimillonarias y hospitales en condiciones de ser utilizados desde el 2015 que, por decisi\u00f3n pol\u00edtica de la ex gobernadora Vidal y del ex presidente Mauricio Macri, no estaban en funcionamiento\u00bb.<\/p>\n\n\n\n<p>\u00abEs por lo antes expuesto que exigimos a la Coalici\u00f3n C\u00edvica\u2013ARI prudencia y solidaridad, que dejen de poner palos en la rueda a la gesti\u00f3n provincial y se sumen a trabajar por las y los bonaerenses, que hoy m\u00e1s que nunca necesitan que su esfuerzo no sea en vano\u00bb, concluyeron.<\/p>\n\n\n\n<p>La exdiputada Elisa Carri\u00f3 critic\u00f3 recientemente la gesti\u00f3n de Kicillof y su manejo de la pandemia del coronavirus y le pidi\u00f3 que \u00abse dedique a gobernar y que deje de mentir \u00ab.<\/p>\n\n\n\n<p>Adem\u00e1s, la mesa provincial de la Coalici\u00f3n C\u00edvica-ARI emiti\u00f3 un documento en el que consider\u00f3 que \u00abKicillof es el gobernador argentino que peor manej\u00f3 la crisis del coronavirus. Su manejo de la pandemia en el conurbano fue infausto y las consecuencias en la Provincia no desentonaron\u00bb.<\/p>\n","protected":false},"excerpt":{"rendered":"<p>Un grupo de intendentes denominados \u00abindependientes\u00bb de la provincia de Buenos Aires apoy\u00f3 hoy la gesti\u00f3n del gobernador Axel Kicillof para enfrentar la pandemia del coronavirus y pidi\u00f3 a los dirigentes de la Coalici\u00f3n C\u00edvica-ARI \u00abprudencia y solidaridad\u00bb para enfrentar este momento. La nota, que lleva el t\u00edtulo \u00abLa Solidaridad es nuestra \u00fanica respuesta\u00bb, fue&#8230;<\/p>\n","protected":false},"author":2,"featured_media":3520,"comment_status":"open","ping_status":"open","sticky":false,"template":"","format":"standard","meta":{"footnotes":""},"categories":[7],"tags":[],"class_list":["post-3519","post","type-post","status-publish","format-standard","has-post-thumbnail","hentry","category-provincia"],"featured_image_src":"https:\/\/diarioprincipios.com\/wp-content\/uploads\/2020\/06\/kici-1.jpg","blog_images":{"medium":"https:\/\/diarioprincipios.com\/wp-content\/uploads\/2020\/06\/kici-1-300x168.jpg","large":"https:\/\/diarioprincipios.com\/wp-content\/uploads\/2020\/06\/kici-1.jpg"},"ams_acf":[],"yoast_head":"<!-- This site is optimized with the Yoast SEO plugin v27.3 - https:\/\/yoast.com\/product\/yoast-seo-wordpress\/ -->\n<title>Intendentes &quot;independientes&quot; apoyaron a Kicillof y criticaron las actitudes de la Coalici\u00f3n C\u00edvica - Principios<\/title>\n<meta name=\"robots\" content=\"index, follow, max-snippet:-1, max-image-preview:large, max-video-preview:-1\" \/>\n<link rel=\"canonical\" href=\"https:\/\/diarioprincipios.com\/index.php\/2020\/06\/30\/intendentes-independientes-apoyaron-a-kicillof-y-criticaron-las-actitudes-de-la-coalicion-civica\/\" \/>\n<meta property=\"og:locale\" content=\"es_ES\" \/>\n<meta property=\"og:type\" content=\"article\" \/>\n<meta property=\"og:title\" content=\"Intendentes &quot;independientes&quot; apoyaron a Kicillof y criticaron las actitudes de la Coalici\u00f3n C\u00edvica - Principios\" \/>\n<meta property=\"og:description\" content=\"Un grupo de intendentes denominados \u00abindependientes\u00bb de la provincia de Buenos Aires apoy\u00f3 hoy la gesti\u00f3n del gobernador Axel Kicillof para enfrentar la pandemia del coronavirus y pidi\u00f3 a los dirigentes de la Coalici\u00f3n C\u00edvica-ARI \u00abprudencia y solidaridad\u00bb para enfrentar este momento. La nota, que lleva el t\u00edtulo \u00abLa Solidaridad es nuestra \u00fanica respuesta\u00bb, fue...\" \/>\n<meta property=\"og:url\" content=\"https:\/\/diarioprincipios.com\/index.php\/2020\/06\/30\/intendentes-independientes-apoyaron-a-kicillof-y-criticaron-las-actitudes-de-la-coalicion-civica\/\" \/>\n<meta property=\"og:site_name\" content=\"Principios\" \/>\n<meta property=\"article:published_time\" content=\"2020-07-01T00:26:12+00:00\" \/>\n<meta property=\"article:modified_time\" content=\"2020-07-01T00:26:15+00:00\" \/>\n<meta property=\"og:image\" content=\"https:\/\/diarioprincipios.com\/wp-content\/uploads\/2020\/06\/kici-1.jpg\" \/>\n\t<meta property=\"og:image:width\" content=\"887\" \/>\n\t<meta property=\"og:image:height\" content=\"498\" \/>\n\t<meta property=\"og:image:type\" content=\"image\/jpeg\" \/>\n<meta name=\"author\" content=\"Hern\u00e1n L\u00f3pez\" \/>\n<meta name=\"twitter:card\" content=\"summary_large_image\" \/>\n<meta name=\"twitter:label1\" content=\"Escrito por\" \/>\n\t<meta name=\"twitter:data1\" content=\"Hern\u00e1n L\u00f3pez\" \/>\n\t<meta name=\"twitter:label2\" content=\"Tiempo de lectura\" \/>\n\t<meta name=\"twitter:data2\" content=\"3 minutos\" \/>\n<script type=\"application\/ld+json\" class=\"yoast-schema-graph\">{\"@context\":\"https:\\\/\\\/schema.org\",\"@graph\":[{\"@type\":\"Article\",\"@id\":\"https:\\\/\\\/diarioprincipios.com\\\/index.php\\\/2020\\\/06\\\/30\\\/intendentes-independientes-apoyaron-a-kicillof-y-criticaron-las-actitudes-de-la-coalicion-civica\\\/#article\",\"isPartOf\":{\"@id\":\"https:\\\/\\\/diarioprincipios.com\\\/index.php\\\/2020\\\/06\\\/30\\\/intendentes-independientes-apoyaron-a-kicillof-y-criticaron-las-actitudes-de-la-coalicion-civica\\\/\"},\"author\":{\"name\":\"Hern\u00e1n L\u00f3pez\",\"@id\":\"https:\\\/\\\/diarioprincipios.com\\\/#\\\/schema\\\/person\\\/436d5a1fd41a5e250e23ff5a6a7cb080\"},\"headline\":\"Intendentes \u00abindependientes\u00bb apoyaron a Kicillof y criticaron las actitudes de la Coalici\u00f3n C\u00edvica\",\"datePublished\":\"2020-07-01T00:26:12+00:00\",\"dateModified\":\"2020-07-01T00:26:15+00:00\",\"mainEntityOfPage\":{\"@id\":\"https:\\\/\\\/diarioprincipios.com\\\/index.php\\\/2020\\\/06\\\/30\\\/intendentes-independientes-apoyaron-a-kicillof-y-criticaron-las-actitudes-de-la-coalicion-civica\\\/\"},\"wordCount\":539,\"commentCount\":0,\"publisher\":{\"@id\":\"https:\\\/\\\/diarioprincipios.com\\\/#organization\"},\"image\":{\"@id\":\"https:\\\/\\\/diarioprincipios.com\\\/index.php\\\/2020\\\/06\\\/30\\\/intendentes-independientes-apoyaron-a-kicillof-y-criticaron-las-actitudes-de-la-coalicion-civica\\\/#primaryimage\"},\"thumbnailUrl\":\"https:\\\/\\\/diarioprincipios.com\\\/wp-content\\\/uploads\\\/2020\\\/06\\\/kici-1.jpg\",\"articleSection\":[\"Provincia\"],\"inLanguage\":\"es\",\"potentialAction\":[{\"@type\":\"CommentAction\",\"name\":\"Comment\",\"target\":[\"https:\\\/\\\/diarioprincipios.com\\\/index.php\\\/2020\\\/06\\\/30\\\/intendentes-independientes-apoyaron-a-kicillof-y-criticaron-las-actitudes-de-la-coalicion-civica\\\/#respond\"]}]},{\"@type\":\"WebPage\",\"@id\":\"https:\\\/\\\/diarioprincipios.com\\\/index.php\\\/2020\\\/06\\\/30\\\/intendentes-independientes-apoyaron-a-kicillof-y-criticaron-las-actitudes-de-la-coalicion-civica\\\/\",\"url\":\"https:\\\/\\\/diarioprincipios.com\\\/index.php\\\/2020\\\/06\\\/30\\\/intendentes-independientes-apoyaron-a-kicillof-y-criticaron-las-actitudes-de-la-coalicion-civica\\\/\",\"name\":\"Intendentes \\\"independientes\\\" apoyaron a Kicillof y criticaron las actitudes de la Coalici\u00f3n C\u00edvica - Principios\",\"isPartOf\":{\"@id\":\"https:\\\/\\\/diarioprincipios.com\\\/#website\"},\"primaryImageOfPage\":{\"@id\":\"https:\\\/\\\/diarioprincipios.com\\\/index.php\\\/2020\\\/06\\\/30\\\/intendentes-independientes-apoyaron-a-kicillof-y-criticaron-las-actitudes-de-la-coalicion-civica\\\/#primaryimage\"},\"image\":{\"@id\":\"https:\\\/\\\/diarioprincipios.com\\\/index.php\\\/2020\\\/06\\\/30\\\/intendentes-independientes-apoyaron-a-kicillof-y-criticaron-las-actitudes-de-la-coalicion-civica\\\/#primaryimage\"},\"thumbnailUrl\":\"https:\\\/\\\/diarioprincipios.com\\\/wp-content\\\/uploads\\\/2020\\\/06\\\/kici-1.jpg\",\"datePublished\":\"2020-07-01T00:26:12+00:00\",\"dateModified\":\"2020-07-01T00:26:15+00:00\",\"breadcrumb\":{\"@id\":\"https:\\\/\\\/diarioprincipios.com\\\/index.php\\\/2020\\\/06\\\/30\\\/intendentes-independientes-apoyaron-a-kicillof-y-criticaron-las-actitudes-de-la-coalicion-civica\\\/#breadcrumb\"},\"inLanguage\":\"es\",\"potentialAction\":[{\"@type\":\"ReadAction\",\"target\":[\"https:\\\/\\\/diarioprincipios.com\\\/index.php\\\/2020\\\/06\\\/30\\\/intendentes-independientes-apoyaron-a-kicillof-y-criticaron-las-actitudes-de-la-coalicion-civica\\\/\"]}]},{\"@type\":\"ImageObject\",\"inLanguage\":\"es\",\"@id\":\"https:\\\/\\\/diarioprincipios.com\\\/index.php\\\/2020\\\/06\\\/30\\\/intendentes-independientes-apoyaron-a-kicillof-y-criticaron-las-actitudes-de-la-coalicion-civica\\\/#primaryimage\",\"url\":\"https:\\\/\\\/diarioprincipios.com\\\/wp-content\\\/uploads\\\/2020\\\/06\\\/kici-1.jpg\",\"contentUrl\":\"https:\\\/\\\/diarioprincipios.com\\\/wp-content\\\/uploads\\\/2020\\\/06\\\/kici-1.jpg\",\"width\":887,\"height\":498},{\"@type\":\"BreadcrumbList\",\"@id\":\"https:\\\/\\\/diarioprincipios.com\\\/index.php\\\/2020\\\/06\\\/30\\\/intendentes-independientes-apoyaron-a-kicillof-y-criticaron-las-actitudes-de-la-coalicion-civica\\\/#breadcrumb\",\"itemListElement\":[{\"@type\":\"ListItem\",\"position\":1,\"name\":\"Portada\",\"item\":\"https:\\\/\\\/diarioprincipios.com\\\/\"},{\"@type\":\"ListItem\",\"position\":2,\"name\":\"Intendentes \u00abindependientes\u00bb apoyaron a Kicillof y criticaron las actitudes de la Coalici\u00f3n C\u00edvica\"}]},{\"@type\":\"WebSite\",\"@id\":\"https:\\\/\\\/diarioprincipios.com\\\/#website\",\"url\":\"https:\\\/\\\/diarioprincipios.com\\\/\",\"name\":\"Principios\",\"description\":\"Principios Diario\",\"publisher\":{\"@id\":\"https:\\\/\\\/diarioprincipios.com\\\/#organization\"},\"potentialAction\":[{\"@type\":\"SearchAction\",\"target\":{\"@type\":\"EntryPoint\",\"urlTemplate\":\"https:\\\/\\\/diarioprincipios.com\\\/?s={search_term_string}\"},\"query-input\":{\"@type\":\"PropertyValueSpecification\",\"valueRequired\":true,\"valueName\":\"search_term_string\"}}],\"inLanguage\":\"es\"},{\"@type\":\"Organization\",\"@id\":\"https:\\\/\\\/diarioprincipios.com\\\/#organization\",\"name\":\"Principios\",\"url\":\"https:\\\/\\\/diarioprincipios.com\\\/\",\"logo\":{\"@type\":\"ImageObject\",\"inLanguage\":\"es\",\"@id\":\"https:\\\/\\\/diarioprincipios.com\\\/#\\\/schema\\\/logo\\\/image\\\/\",\"url\":\"https:\\\/\\\/diarioprincipios.com\\\/wp-content\\\/uploads\\\/2024\\\/04\\\/cropped-www.diarioprincipios.com_-1.png\",\"contentUrl\":\"https:\\\/\\\/diarioprincipios.com\\\/wp-content\\\/uploads\\\/2024\\\/04\\\/cropped-www.diarioprincipios.com_-1.png\",\"width\":5325,\"height\":1454,\"caption\":\"Principios\"},\"image\":{\"@id\":\"https:\\\/\\\/diarioprincipios.com\\\/#\\\/schema\\\/logo\\\/image\\\/\"}},{\"@type\":\"Person\",\"@id\":\"https:\\\/\\\/diarioprincipios.com\\\/#\\\/schema\\\/person\\\/436d5a1fd41a5e250e23ff5a6a7cb080\",\"name\":\"Hern\u00e1n L\u00f3pez\",\"image\":{\"@type\":\"ImageObject\",\"inLanguage\":\"es\",\"@id\":\"https:\\\/\\\/diarioprincipios.com\\\/wp-content\\\/litespeed\\\/avatar\\\/11ddfe5610ff3bd100522525b2571f48.jpg?ver=1777048341\",\"url\":\"https:\\\/\\\/diarioprincipios.com\\\/wp-content\\\/litespeed\\\/avatar\\\/11ddfe5610ff3bd100522525b2571f48.jpg?ver=1777048341\",\"contentUrl\":\"https:\\\/\\\/diarioprincipios.com\\\/wp-content\\\/litespeed\\\/avatar\\\/11ddfe5610ff3bd100522525b2571f48.jpg?ver=1777048341\",\"caption\":\"Hern\u00e1n L\u00f3pez\"},\"url\":\"https:\\\/\\\/diarioprincipios.com\\\/index.php\\\/author\\\/hernan\\\/\"}]}<\/script>\n<!-- \/ Yoast SEO plugin. -->","yoast_head_json":{"title":"Intendentes \"independientes\" apoyaron a Kicillof y criticaron las actitudes de la Coalici\u00f3n C\u00edvica - Principios","robots":{"index":"index","follow":"follow","max-snippet":"max-snippet:-1","max-image-preview":"max-image-preview:large","max-video-preview":"max-video-preview:-1"},"canonical":"https:\/\/diarioprincipios.com\/index.php\/2020\/06\/30\/intendentes-independientes-apoyaron-a-kicillof-y-criticaron-las-actitudes-de-la-coalicion-civica\/","og_locale":"es_ES","og_type":"article","og_title":"Intendentes \"independientes\" apoyaron a Kicillof y criticaron las actitudes de la Coalici\u00f3n C\u00edvica - Principios","og_description":"Un grupo de intendentes denominados \u00abindependientes\u00bb de la provincia de Buenos Aires apoy\u00f3 hoy la gesti\u00f3n del gobernador Axel Kicillof para enfrentar la pandemia del coronavirus y pidi\u00f3 a los dirigentes de la Coalici\u00f3n C\u00edvica-ARI \u00abprudencia y solidaridad\u00bb para enfrentar este momento. La nota, que lleva el t\u00edtulo \u00abLa Solidaridad es nuestra \u00fanica respuesta\u00bb, fue...","og_url":"https:\/\/diarioprincipios.com\/index.php\/2020\/06\/30\/intendentes-independientes-apoyaron-a-kicillof-y-criticaron-las-actitudes-de-la-coalicion-civica\/","og_site_name":"Principios","article_published_time":"2020-07-01T00:26:12+00:00","article_modified_time":"2020-07-01T00:26:15+00:00","og_image":[{"width":887,"height":498,"url":"https:\/\/diarioprincipios.com\/wp-content\/uploads\/2020\/06\/kici-1.jpg","type":"image\/jpeg"}],"author":"Hern\u00e1n L\u00f3pez","twitter_card":"summary_large_image","twitter_misc":{"Escrito por":"Hern\u00e1n L\u00f3pez","Tiempo de lectura":"3 minutos"},"schema":{"@context":"https:\/\/schema.org","@graph":[{"@type":"Article","@id":"https:\/\/diarioprincipios.com\/index.php\/2020\/06\/30\/intendentes-independientes-apoyaron-a-kicillof-y-criticaron-las-actitudes-de-la-coalicion-civica\/#article","isPartOf":{"@id":"https:\/\/diarioprincipios.com\/index.php\/2020\/06\/30\/intendentes-independientes-apoyaron-a-kicillof-y-criticaron-las-actitudes-de-la-coalicion-civica\/"},"author":{"name":"Hern\u00e1n L\u00f3pez","@id":"https:\/\/diarioprincipios.com\/#\/schema\/person\/436d5a1fd41a5e250e23ff5a6a7cb080"},"headline":"Intendentes \u00abindependientes\u00bb apoyaron a Kicillof y criticaron las actitudes de la Coalici\u00f3n C\u00edvica","datePublished":"2020-07-01T00:26:12+00:00","dateModified":"2020-07-01T00:26:15+00:00","mainEntityOfPage":{"@id":"https:\/\/diarioprincipios.com\/index.php\/2020\/06\/30\/intendentes-independientes-apoyaron-a-kicillof-y-criticaron-las-actitudes-de-la-coalicion-civica\/"},"wordCount":539,"commentCount":0,"publisher":{"@id":"https:\/\/diarioprincipios.com\/#organization"},"image":{"@id":"https:\/\/diarioprincipios.com\/index.php\/2020\/06\/30\/intendentes-independientes-apoyaron-a-kicillof-y-criticaron-las-actitudes-de-la-coalicion-civica\/#primaryimage"},"thumbnailUrl":"https:\/\/diarioprincipios.com\/wp-content\/uploads\/2020\/06\/kici-1.jpg","articleSection":["Provincia"],"inLanguage":"es","potentialAction":[{"@type":"CommentAction","name":"Comment","target":["https:\/\/diarioprincipios.com\/index.php\/2020\/06\/30\/intendentes-independientes-apoyaron-a-kicillof-y-criticaron-las-actitudes-de-la-coalicion-civica\/#respond"]}]},{"@type":"WebPage","@id":"https:\/\/diarioprincipios.com\/index.php\/2020\/06\/30\/intendentes-independientes-apoyaron-a-kicillof-y-criticaron-las-actitudes-de-la-coalicion-civica\/","url":"https:\/\/diarioprincipios.com\/index.php\/2020\/06\/30\/intendentes-independientes-apoyaron-a-kicillof-y-criticaron-las-actitudes-de-la-coalicion-civica\/","name":"Intendentes \"independientes\" apoyaron a Kicillof y criticaron las actitudes de la Coalici\u00f3n C\u00edvica - Principios","isPartOf":{"@id":"https:\/\/diarioprincipios.com\/#website"},"primaryImageOfPage":{"@id":"https:\/\/diarioprincipios.com\/index.php\/2020\/06\/30\/intendentes-independientes-apoyaron-a-kicillof-y-criticaron-las-actitudes-de-la-coalicion-civica\/#primaryimage"},"image":{"@id":"https:\/\/diarioprincipios.com\/index.php\/2020\/06\/30\/intendentes-independientes-apoyaron-a-kicillof-y-criticaron-las-actitudes-de-la-coalicion-civica\/#primaryimage"},"thumbnailUrl":"https:\/\/diarioprincipios.com\/wp-content\/uploads\/2020\/06\/kici-1.jpg","datePublished":"2020-07-01T00:26:12+00:00","dateModified":"2020-07-01T00:26:15+00:00","breadcrumb":{"@id":"https:\/\/diarioprincipios.com\/index.php\/2020\/06\/30\/intendentes-independientes-apoyaron-a-kicillof-y-criticaron-las-actitudes-de-la-coalicion-civica\/#breadcrumb"},"inLanguage":"es","potentialAction":[{"@type":"ReadAction","target":["https:\/\/diarioprincipios.com\/index.php\/2020\/06\/30\/intendentes-independientes-apoyaron-a-kicillof-y-criticaron-las-actitudes-de-la-coalicion-civica\/"]}]},{"@type":"ImageObject","inLanguage":"es","@id":"https:\/\/diarioprincipios.com\/index.php\/2020\/06\/30\/intendentes-independientes-apoyaron-a-kicillof-y-criticaron-las-actitudes-de-la-coalicion-civica\/#primaryimage","url":"https:\/\/diarioprincipios.com\/wp-content\/uploads\/2020\/06\/kici-1.jpg","contentUrl":"https:\/\/diarioprincipios.com\/wp-content\/uploads\/2020\/06\/kici-1.jpg","width":887,"height":498},{"@type":"BreadcrumbList","@id":"https:\/\/diarioprincipios.com\/index.php\/2020\/06\/30\/intendentes-independientes-apoyaron-a-kicillof-y-criticaron-las-actitudes-de-la-coalicion-civica\/#breadcrumb","itemListElement":[{"@type":"ListItem","position":1,"name":"Portada","item":"https:\/\/diarioprincipios.com\/"},{"@type":"ListItem","position":2,"name":"Intendentes \u00abindependientes\u00bb apoyaron a Kicillof y criticaron las actitudes de la Coalici\u00f3n C\u00edvica"}]},{"@type":"WebSite","@id":"https:\/\/diarioprincipios.com\/#website","url":"https:\/\/diarioprincipios.com\/","name":"Principios","description":"Principios Diario","publisher":{"@id":"https:\/\/diarioprincipios.com\/#organization"},"potentialAction":[{"@type":"SearchAction","target":{"@type":"EntryPoint","urlTemplate":"https:\/\/diarioprincipios.com\/?s={search_term_string}"},"query-input":{"@type":"PropertyValueSpecification","valueRequired":true,"valueName":"search_term_string"}}],"inLanguage":"es"},{"@type":"Organization","@id":"https:\/\/diarioprincipios.com\/#organization","name":"Principios","url":"https:\/\/diarioprincipios.com\/","logo":{"@type":"ImageObject","inLanguage":"es","@id":"https:\/\/diarioprincipios.com\/#\/schema\/logo\/image\/","url":"https:\/\/diarioprincipios.com\/wp-content\/uploads\/2024\/04\/cropped-www.diarioprincipios.com_-1.png","contentUrl":"https:\/\/diarioprincipios.com\/wp-content\/uploads\/2024\/04\/cropped-www.diarioprincipios.com_-1.png","width":5325,"height":1454,"caption":"Principios"},"image":{"@id":"https:\/\/diarioprincipios.com\/#\/schema\/logo\/image\/"}},{"@type":"Person","@id":"https:\/\/diarioprincipios.com\/#\/schema\/person\/436d5a1fd41a5e250e23ff5a6a7cb080","name":"Hern\u00e1n L\u00f3pez","image":{"@type":"ImageObject","inLanguage":"es","@id":"https:\/\/diarioprincipios.com\/wp-content\/litespeed\/avatar\/11ddfe5610ff3bd100522525b2571f48.jpg?ver=1777048341","url":"https:\/\/diarioprincipios.com\/wp-content\/litespeed\/avatar\/11ddfe5610ff3bd100522525b2571f48.jpg?ver=1777048341","contentUrl":"https:\/\/diarioprincipios.com\/wp-content\/litespeed\/avatar\/11ddfe5610ff3bd100522525b2571f48.jpg?ver=1777048341","caption":"Hern\u00e1n L\u00f3pez"},"url":"https:\/\/diarioprincipios.com\/index.php\/author\/hernan\/"}]}},"jetpack_featured_media_url":"https:\/\/diarioprincipios.com\/wp-content\/uploads\/2020\/06\/kici-1.jpg","_links":{"self":[{"href":"https:\/\/diarioprincipios.com\/index.php\/wp-json\/wp\/v2\/posts\/3519","targetHints":{"allow":["GET"]}}],"collection":[{"href":"https:\/\/diarioprincipios.com\/index.php\/wp-json\/wp\/v2\/posts"}],"about":[{"href":"https:\/\/diarioprincipios.com\/index.php\/wp-json\/wp\/v2\/types\/post"}],"author":[{"embeddable":true,"href":"https:\/\/diarioprincipios.com\/index.php\/wp-json\/wp\/v2\/users\/2"}],"replies":[{"embeddable":true,"href":"https:\/\/diarioprincipios.com\/index.php\/wp-json\/wp\/v2\/comments?post=3519"}],"version-history":[{"count":1,"href":"https:\/\/diarioprincipios.com\/index.php\/wp-json\/wp\/v2\/posts\/3519\/revisions"}],"predecessor-version":[{"id":3521,"href":"https:\/\/diarioprincipios.com\/index.php\/wp-json\/wp\/v2\/posts\/3519\/revisions\/3521"}],"wp:featuredmedia":[{"embeddable":true,"href":"https:\/\/diarioprincipios.com\/index.php\/wp-json\/wp\/v2\/media\/3520"}],"wp:attachment":[{"href":"https:\/\/diarioprincipios.com\/index.php\/wp-json\/wp\/v2\/media?parent=3519"}],"wp:term":[{"taxonomy":"category","embeddable":true,"href":"https:\/\/diarioprincipios.com\/index.php\/wp-json\/wp\/v2\/categories?post=3519"},{"taxonomy":"post_tag","embeddable":true,"href":"https:\/\/diarioprincipios.com\/index.php\/wp-json\/wp\/v2\/tags?post=3519"}],"curies":[{"name":"wp","href":"https:\/\/api.w.org\/{rel}","templated":true}]}}