{"id":3499,"date":"2020-06-30T13:38:59","date_gmt":"2020-06-30T16:38:59","guid":{"rendered":"http:\/\/diarioprincipios.com\/?p=3499"},"modified":"2020-06-30T13:39:03","modified_gmt":"2020-06-30T16:39:03","slug":"segunda-convocatoria-al-voluntariado-covid-19-durante-el-primer-fin-de-semana-cerca-de-mil-inscripciones-de-estudiantes-de-todas-las-carreras-de-la-unaj","status":"publish","type":"post","link":"https:\/\/diarioprincipios.com\/index.php\/2020\/06\/30\/segunda-convocatoria-al-voluntariado-covid-19-durante-el-primer-fin-de-semana-cerca-de-mil-inscripciones-de-estudiantes-de-todas-las-carreras-de-la-unaj\/","title":{"rendered":"Segunda convocatoria al voluntariado COVID-19: durante el primer fin de semana, cerca de mil inscripciones de estudiantes de todas las carreras de la UNAJ"},"content":{"rendered":"\n<p>\u201cAcorde con lo que debe ser la funci\u00f3n de nuestra universidad, estar al servicio de nuestro pa\u00eds y de nuestro pueblo, esta iniciativa del voluntariado tiene la finalidad de colaborar con los municipios, con el sistema de salud de la regi\u00f3n y en la asistencia a los adultos mayores, en tareas que requieran conocimientos y capacidades espec\u00edficas de los y las estudiantes\u201d, remarc\u00f3 Ernesto Villanueva, rector de la Universidad Nacional Arturo Jauretche, ante esta nueva iniciativa del trabajo de voluntariado estudiantil para trabajar contra el COVID-19.<\/p>\n\n\n\n<p>El s\u00e1bado pasado se abri\u00f3 la segunda convocatoria para participar del voluntariado, y durante el fin de semana, ya se inscribieron 956 estudiantes de las distintas carreras de la UNAJ. De esta manera, la Universidad, en sinton\u00eda con el resto de las universidades del pa\u00eds, ha tomado un rol proactivo mediante la generaci\u00f3n y transferencia de conocimiento para el desarrollo de elementos indispensables para combatir esta pandemia por el COVID-19, como por ejemplo, la instalaci\u00f3n y puesta en marcha del equipamiento de los hospitales modulares realizada por estudiantes de la carrera de Bioingenier\u00eda, junto a docentes y t\u00e9cnicos del Hospital El Cruce (HEC) de Florencio Varela.<\/p>\n\n\n\n<p>Adem\u00e1s, los m\u00e1s de 3000 estudiantes que se inscribieron en la primera convocatoria, est\u00e1n realizando tareas los call center de los servicios de emergencias de los municipios, asisten a los centros de salud para realizar el triage, proceso que permite una gesti\u00f3n del riesgo cl\u00ednico para poder manejar adecuadamente, y estudiantes y egresados de la tecnicatura en Emergencias Sanitarias y Desastres asisten en los controles de esc\u00e1ner de temperatura en el aeropuerto de Ezeiza.<\/p>\n","protected":false},"excerpt":{"rendered":"<p>\u201cAcorde con lo que debe ser la funci\u00f3n de nuestra universidad, estar al servicio de nuestro pa\u00eds y de nuestro pueblo, esta iniciativa del voluntariado tiene la finalidad de colaborar con los municipios, con el sistema de salud de la regi\u00f3n y en la asistencia a los adultos mayores, en tareas que requieran conocimientos y&#8230;<\/p>\n","protected":false},"author":2,"featured_media":3500,"comment_status":"open","ping_status":"open","sticky":false,"template":"","format":"standard","meta":{"footnotes":""},"categories":[7],"tags":[],"class_list":["post-3499","post","type-post","status-publish","format-standard","has-post-thumbnail","hentry","category-provincia"],"featured_image_src":"https:\/\/diarioprincipios.com\/wp-content\/uploads\/2020\/06\/2da-convocatoria-Voluntariado.jpg","blog_images":{"medium":"https:\/\/diarioprincipios.com\/wp-content\/uploads\/2020\/06\/2da-convocatoria-Voluntariado-300x169.jpg","large":"https:\/\/diarioprincipios.com\/wp-content\/uploads\/2020\/06\/2da-convocatoria-Voluntariado.jpg"},"ams_acf":[],"yoast_head":"<!-- This site is optimized with the Yoast SEO plugin v27.3 - https:\/\/yoast.com\/product\/yoast-seo-wordpress\/ -->\n<title>Segunda convocatoria al voluntariado COVID-19: durante el primer fin de semana, cerca de mil inscripciones de estudiantes de todas las carreras de la UNAJ - Principios<\/title>\n<meta name=\"robots\" content=\"index, follow, max-snippet:-1, max-image-preview:large, max-video-preview:-1\" \/>\n<link rel=\"canonical\" href=\"https:\/\/diarioprincipios.com\/index.php\/2020\/06\/30\/segunda-convocatoria-al-voluntariado-covid-19-durante-el-primer-fin-de-semana-cerca-de-mil-inscripciones-de-estudiantes-de-todas-las-carreras-de-la-unaj\/\" \/>\n<meta property=\"og:locale\" content=\"es_ES\" \/>\n<meta property=\"og:type\" content=\"article\" \/>\n<meta property=\"og:title\" content=\"Segunda convocatoria al voluntariado COVID-19: durante el primer fin de semana, cerca de mil inscripciones de estudiantes de todas las carreras de la UNAJ - Principios\" \/>\n<meta property=\"og:description\" content=\"\u201cAcorde con lo que debe ser la funci\u00f3n de nuestra universidad, estar al servicio de nuestro pa\u00eds y de nuestro pueblo, esta iniciativa del voluntariado tiene la finalidad de colaborar con los municipios, con el sistema de salud de la regi\u00f3n y en la asistencia a los adultos mayores, en tareas que requieran conocimientos y...\" \/>\n<meta property=\"og:url\" content=\"https:\/\/diarioprincipios.com\/index.php\/2020\/06\/30\/segunda-convocatoria-al-voluntariado-covid-19-durante-el-primer-fin-de-semana-cerca-de-mil-inscripciones-de-estudiantes-de-todas-las-carreras-de-la-unaj\/\" \/>\n<meta property=\"og:site_name\" content=\"Principios\" \/>\n<meta property=\"article:published_time\" content=\"2020-06-30T16:38:59+00:00\" \/>\n<meta property=\"article:modified_time\" content=\"2020-06-30T16:39:03+00:00\" \/>\n<meta property=\"og:image\" content=\"https:\/\/diarioprincipios.com\/wp-content\/uploads\/2020\/06\/2da-convocatoria-Voluntariado.jpg\" \/>\n\t<meta property=\"og:image:width\" content=\"680\" \/>\n\t<meta property=\"og:image:height\" content=\"383\" \/>\n\t<meta property=\"og:image:type\" content=\"image\/jpeg\" \/>\n<meta name=\"author\" content=\"Hern\u00e1n L\u00f3pez\" \/>\n<meta name=\"twitter:card\" content=\"summary_large_image\" \/>\n<meta name=\"twitter:label1\" content=\"Escrito por\" \/>\n\t<meta name=\"twitter:data1\" content=\"Hern\u00e1n L\u00f3pez\" \/>\n\t<meta name=\"twitter:label2\" content=\"Tiempo de lectura\" \/>\n\t<meta name=\"twitter:data2\" content=\"1 minuto\" \/>\n<script type=\"application\/ld+json\" class=\"yoast-schema-graph\">{\"@context\":\"https:\\\/\\\/schema.org\",\"@graph\":[{\"@type\":\"Article\",\"@id\":\"https:\\\/\\\/diarioprincipios.com\\\/index.php\\\/2020\\\/06\\\/30\\\/segunda-convocatoria-al-voluntariado-covid-19-durante-el-primer-fin-de-semana-cerca-de-mil-inscripciones-de-estudiantes-de-todas-las-carreras-de-la-unaj\\\/#article\",\"isPartOf\":{\"@id\":\"https:\\\/\\\/diarioprincipios.com\\\/index.php\\\/2020\\\/06\\\/30\\\/segunda-convocatoria-al-voluntariado-covid-19-durante-el-primer-fin-de-semana-cerca-de-mil-inscripciones-de-estudiantes-de-todas-las-carreras-de-la-unaj\\\/\"},\"author\":{\"name\":\"Hern\u00e1n L\u00f3pez\",\"@id\":\"https:\\\/\\\/diarioprincipios.com\\\/#\\\/schema\\\/person\\\/436d5a1fd41a5e250e23ff5a6a7cb080\"},\"headline\":\"Segunda convocatoria al voluntariado COVID-19: durante el primer fin de semana, cerca de mil inscripciones de estudiantes de todas las carreras de la UNAJ\",\"datePublished\":\"2020-06-30T16:38:59+00:00\",\"dateModified\":\"2020-06-30T16:39:03+00:00\",\"mainEntityOfPage\":{\"@id\":\"https:\\\/\\\/diarioprincipios.com\\\/index.php\\\/2020\\\/06\\\/30\\\/segunda-convocatoria-al-voluntariado-covid-19-durante-el-primer-fin-de-semana-cerca-de-mil-inscripciones-de-estudiantes-de-todas-las-carreras-de-la-unaj\\\/\"},\"wordCount\":305,\"commentCount\":0,\"publisher\":{\"@id\":\"https:\\\/\\\/diarioprincipios.com\\\/#organization\"},\"image\":{\"@id\":\"https:\\\/\\\/diarioprincipios.com\\\/index.php\\\/2020\\\/06\\\/30\\\/segunda-convocatoria-al-voluntariado-covid-19-durante-el-primer-fin-de-semana-cerca-de-mil-inscripciones-de-estudiantes-de-todas-las-carreras-de-la-unaj\\\/#primaryimage\"},\"thumbnailUrl\":\"https:\\\/\\\/diarioprincipios.com\\\/wp-content\\\/uploads\\\/2020\\\/06\\\/2da-convocatoria-Voluntariado.jpg\",\"articleSection\":[\"Provincia\"],\"inLanguage\":\"es\",\"potentialAction\":[{\"@type\":\"CommentAction\",\"name\":\"Comment\",\"target\":[\"https:\\\/\\\/diarioprincipios.com\\\/index.php\\\/2020\\\/06\\\/30\\\/segunda-convocatoria-al-voluntariado-covid-19-durante-el-primer-fin-de-semana-cerca-de-mil-inscripciones-de-estudiantes-de-todas-las-carreras-de-la-unaj\\\/#respond\"]}]},{\"@type\":\"WebPage\",\"@id\":\"https:\\\/\\\/diarioprincipios.com\\\/index.php\\\/2020\\\/06\\\/30\\\/segunda-convocatoria-al-voluntariado-covid-19-durante-el-primer-fin-de-semana-cerca-de-mil-inscripciones-de-estudiantes-de-todas-las-carreras-de-la-unaj\\\/\",\"url\":\"https:\\\/\\\/diarioprincipios.com\\\/index.php\\\/2020\\\/06\\\/30\\\/segunda-convocatoria-al-voluntariado-covid-19-durante-el-primer-fin-de-semana-cerca-de-mil-inscripciones-de-estudiantes-de-todas-las-carreras-de-la-unaj\\\/\",\"name\":\"Segunda convocatoria al voluntariado COVID-19: durante el primer fin de semana, cerca de mil inscripciones de estudiantes de todas las carreras de la UNAJ - Principios\",\"isPartOf\":{\"@id\":\"https:\\\/\\\/diarioprincipios.com\\\/#website\"},\"primaryImageOfPage\":{\"@id\":\"https:\\\/\\\/diarioprincipios.com\\\/index.php\\\/2020\\\/06\\\/30\\\/segunda-convocatoria-al-voluntariado-covid-19-durante-el-primer-fin-de-semana-cerca-de-mil-inscripciones-de-estudiantes-de-todas-las-carreras-de-la-unaj\\\/#primaryimage\"},\"image\":{\"@id\":\"https:\\\/\\\/diarioprincipios.com\\\/index.php\\\/2020\\\/06\\\/30\\\/segunda-convocatoria-al-voluntariado-covid-19-durante-el-primer-fin-de-semana-cerca-de-mil-inscripciones-de-estudiantes-de-todas-las-carreras-de-la-unaj\\\/#primaryimage\"},\"thumbnailUrl\":\"https:\\\/\\\/diarioprincipios.com\\\/wp-content\\\/uploads\\\/2020\\\/06\\\/2da-convocatoria-Voluntariado.jpg\",\"datePublished\":\"2020-06-30T16:38:59+00:00\",\"dateModified\":\"2020-06-30T16:39:03+00:00\",\"breadcrumb\":{\"@id\":\"https:\\\/\\\/diarioprincipios.com\\\/index.php\\\/2020\\\/06\\\/30\\\/segunda-convocatoria-al-voluntariado-covid-19-durante-el-primer-fin-de-semana-cerca-de-mil-inscripciones-de-estudiantes-de-todas-las-carreras-de-la-unaj\\\/#breadcrumb\"},\"inLanguage\":\"es\",\"potentialAction\":[{\"@type\":\"ReadAction\",\"target\":[\"https:\\\/\\\/diarioprincipios.com\\\/index.php\\\/2020\\\/06\\\/30\\\/segunda-convocatoria-al-voluntariado-covid-19-durante-el-primer-fin-de-semana-cerca-de-mil-inscripciones-de-estudiantes-de-todas-las-carreras-de-la-unaj\\\/\"]}]},{\"@type\":\"ImageObject\",\"inLanguage\":\"es\",\"@id\":\"https:\\\/\\\/diarioprincipios.com\\\/index.php\\\/2020\\\/06\\\/30\\\/segunda-convocatoria-al-voluntariado-covid-19-durante-el-primer-fin-de-semana-cerca-de-mil-inscripciones-de-estudiantes-de-todas-las-carreras-de-la-unaj\\\/#primaryimage\",\"url\":\"https:\\\/\\\/diarioprincipios.com\\\/wp-content\\\/uploads\\\/2020\\\/06\\\/2da-convocatoria-Voluntariado.jpg\",\"contentUrl\":\"https:\\\/\\\/diarioprincipios.com\\\/wp-content\\\/uploads\\\/2020\\\/06\\\/2da-convocatoria-Voluntariado.jpg\",\"width\":680,\"height\":383},{\"@type\":\"BreadcrumbList\",\"@id\":\"https:\\\/\\\/diarioprincipios.com\\\/index.php\\\/2020\\\/06\\\/30\\\/segunda-convocatoria-al-voluntariado-covid-19-durante-el-primer-fin-de-semana-cerca-de-mil-inscripciones-de-estudiantes-de-todas-las-carreras-de-la-unaj\\\/#breadcrumb\",\"itemListElement\":[{\"@type\":\"ListItem\",\"position\":1,\"name\":\"Portada\",\"item\":\"https:\\\/\\\/diarioprincipios.com\\\/\"},{\"@type\":\"ListItem\",\"position\":2,\"name\":\"Segunda convocatoria al voluntariado COVID-19: durante el primer fin de semana, cerca de mil inscripciones de estudiantes de todas las carreras de la UNAJ\"}]},{\"@type\":\"WebSite\",\"@id\":\"https:\\\/\\\/diarioprincipios.com\\\/#website\",\"url\":\"https:\\\/\\\/diarioprincipios.com\\\/\",\"name\":\"Principios\",\"description\":\"Principios Diario\",\"publisher\":{\"@id\":\"https:\\\/\\\/diarioprincipios.com\\\/#organization\"},\"potentialAction\":[{\"@type\":\"SearchAction\",\"target\":{\"@type\":\"EntryPoint\",\"urlTemplate\":\"https:\\\/\\\/diarioprincipios.com\\\/?s={search_term_string}\"},\"query-input\":{\"@type\":\"PropertyValueSpecification\",\"valueRequired\":true,\"valueName\":\"search_term_string\"}}],\"inLanguage\":\"es\"},{\"@type\":\"Organization\",\"@id\":\"https:\\\/\\\/diarioprincipios.com\\\/#organization\",\"name\":\"Principios\",\"url\":\"https:\\\/\\\/diarioprincipios.com\\\/\",\"logo\":{\"@type\":\"ImageObject\",\"inLanguage\":\"es\",\"@id\":\"https:\\\/\\\/diarioprincipios.com\\\/#\\\/schema\\\/logo\\\/image\\\/\",\"url\":\"https:\\\/\\\/diarioprincipios.com\\\/wp-content\\\/uploads\\\/2024\\\/04\\\/cropped-www.diarioprincipios.com_-1.png\",\"contentUrl\":\"https:\\\/\\\/diarioprincipios.com\\\/wp-content\\\/uploads\\\/2024\\\/04\\\/cropped-www.diarioprincipios.com_-1.png\",\"width\":5325,\"height\":1454,\"caption\":\"Principios\"},\"image\":{\"@id\":\"https:\\\/\\\/diarioprincipios.com\\\/#\\\/schema\\\/logo\\\/image\\\/\"}},{\"@type\":\"Person\",\"@id\":\"https:\\\/\\\/diarioprincipios.com\\\/#\\\/schema\\\/person\\\/436d5a1fd41a5e250e23ff5a6a7cb080\",\"name\":\"Hern\u00e1n L\u00f3pez\",\"image\":{\"@type\":\"ImageObject\",\"inLanguage\":\"es\",\"@id\":\"https:\\\/\\\/diarioprincipios.com\\\/wp-content\\\/litespeed\\\/avatar\\\/11ddfe5610ff3bd100522525b2571f48.jpg?ver=1777048341\",\"url\":\"https:\\\/\\\/diarioprincipios.com\\\/wp-content\\\/litespeed\\\/avatar\\\/11ddfe5610ff3bd100522525b2571f48.jpg?ver=1777048341\",\"contentUrl\":\"https:\\\/\\\/diarioprincipios.com\\\/wp-content\\\/litespeed\\\/avatar\\\/11ddfe5610ff3bd100522525b2571f48.jpg?ver=1777048341\",\"caption\":\"Hern\u00e1n L\u00f3pez\"},\"url\":\"https:\\\/\\\/diarioprincipios.com\\\/index.php\\\/author\\\/hernan\\\/\"}]}<\/script>\n<!-- \/ Yoast SEO plugin. -->","yoast_head_json":{"title":"Segunda convocatoria al voluntariado COVID-19: durante el primer fin de semana, cerca de mil inscripciones de estudiantes de todas las carreras de la UNAJ - Principios","robots":{"index":"index","follow":"follow","max-snippet":"max-snippet:-1","max-image-preview":"max-image-preview:large","max-video-preview":"max-video-preview:-1"},"canonical":"https:\/\/diarioprincipios.com\/index.php\/2020\/06\/30\/segunda-convocatoria-al-voluntariado-covid-19-durante-el-primer-fin-de-semana-cerca-de-mil-inscripciones-de-estudiantes-de-todas-las-carreras-de-la-unaj\/","og_locale":"es_ES","og_type":"article","og_title":"Segunda convocatoria al voluntariado COVID-19: durante el primer fin de semana, cerca de mil inscripciones de estudiantes de todas las carreras de la UNAJ - Principios","og_description":"\u201cAcorde con lo que debe ser la funci\u00f3n de nuestra universidad, estar al servicio de nuestro pa\u00eds y de nuestro pueblo, esta iniciativa del voluntariado tiene la finalidad de colaborar con los municipios, con el sistema de salud de la regi\u00f3n y en la asistencia a los adultos mayores, en tareas que requieran conocimientos y...","og_url":"https:\/\/diarioprincipios.com\/index.php\/2020\/06\/30\/segunda-convocatoria-al-voluntariado-covid-19-durante-el-primer-fin-de-semana-cerca-de-mil-inscripciones-de-estudiantes-de-todas-las-carreras-de-la-unaj\/","og_site_name":"Principios","article_published_time":"2020-06-30T16:38:59+00:00","article_modified_time":"2020-06-30T16:39:03+00:00","og_image":[{"width":680,"height":383,"url":"https:\/\/diarioprincipios.com\/wp-content\/uploads\/2020\/06\/2da-convocatoria-Voluntariado.jpg","type":"image\/jpeg"}],"author":"Hern\u00e1n L\u00f3pez","twitter_card":"summary_large_image","twitter_misc":{"Escrito por":"Hern\u00e1n L\u00f3pez","Tiempo de lectura":"1 minuto"},"schema":{"@context":"https:\/\/schema.org","@graph":[{"@type":"Article","@id":"https:\/\/diarioprincipios.com\/index.php\/2020\/06\/30\/segunda-convocatoria-al-voluntariado-covid-19-durante-el-primer-fin-de-semana-cerca-de-mil-inscripciones-de-estudiantes-de-todas-las-carreras-de-la-unaj\/#article","isPartOf":{"@id":"https:\/\/diarioprincipios.com\/index.php\/2020\/06\/30\/segunda-convocatoria-al-voluntariado-covid-19-durante-el-primer-fin-de-semana-cerca-de-mil-inscripciones-de-estudiantes-de-todas-las-carreras-de-la-unaj\/"},"author":{"name":"Hern\u00e1n L\u00f3pez","@id":"https:\/\/diarioprincipios.com\/#\/schema\/person\/436d5a1fd41a5e250e23ff5a6a7cb080"},"headline":"Segunda convocatoria al voluntariado COVID-19: durante el primer fin de semana, cerca de mil inscripciones de estudiantes de todas las carreras de la UNAJ","datePublished":"2020-06-30T16:38:59+00:00","dateModified":"2020-06-30T16:39:03+00:00","mainEntityOfPage":{"@id":"https:\/\/diarioprincipios.com\/index.php\/2020\/06\/30\/segunda-convocatoria-al-voluntariado-covid-19-durante-el-primer-fin-de-semana-cerca-de-mil-inscripciones-de-estudiantes-de-todas-las-carreras-de-la-unaj\/"},"wordCount":305,"commentCount":0,"publisher":{"@id":"https:\/\/diarioprincipios.com\/#organization"},"image":{"@id":"https:\/\/diarioprincipios.com\/index.php\/2020\/06\/30\/segunda-convocatoria-al-voluntariado-covid-19-durante-el-primer-fin-de-semana-cerca-de-mil-inscripciones-de-estudiantes-de-todas-las-carreras-de-la-unaj\/#primaryimage"},"thumbnailUrl":"https:\/\/diarioprincipios.com\/wp-content\/uploads\/2020\/06\/2da-convocatoria-Voluntariado.jpg","articleSection":["Provincia"],"inLanguage":"es","potentialAction":[{"@type":"CommentAction","name":"Comment","target":["https:\/\/diarioprincipios.com\/index.php\/2020\/06\/30\/segunda-convocatoria-al-voluntariado-covid-19-durante-el-primer-fin-de-semana-cerca-de-mil-inscripciones-de-estudiantes-de-todas-las-carreras-de-la-unaj\/#respond"]}]},{"@type":"WebPage","@id":"https:\/\/diarioprincipios.com\/index.php\/2020\/06\/30\/segunda-convocatoria-al-voluntariado-covid-19-durante-el-primer-fin-de-semana-cerca-de-mil-inscripciones-de-estudiantes-de-todas-las-carreras-de-la-unaj\/","url":"https:\/\/diarioprincipios.com\/index.php\/2020\/06\/30\/segunda-convocatoria-al-voluntariado-covid-19-durante-el-primer-fin-de-semana-cerca-de-mil-inscripciones-de-estudiantes-de-todas-las-carreras-de-la-unaj\/","name":"Segunda convocatoria al voluntariado COVID-19: durante el primer fin de semana, cerca de mil inscripciones de estudiantes de todas las carreras de la UNAJ - Principios","isPartOf":{"@id":"https:\/\/diarioprincipios.com\/#website"},"primaryImageOfPage":{"@id":"https:\/\/diarioprincipios.com\/index.php\/2020\/06\/30\/segunda-convocatoria-al-voluntariado-covid-19-durante-el-primer-fin-de-semana-cerca-de-mil-inscripciones-de-estudiantes-de-todas-las-carreras-de-la-unaj\/#primaryimage"},"image":{"@id":"https:\/\/diarioprincipios.com\/index.php\/2020\/06\/30\/segunda-convocatoria-al-voluntariado-covid-19-durante-el-primer-fin-de-semana-cerca-de-mil-inscripciones-de-estudiantes-de-todas-las-carreras-de-la-unaj\/#primaryimage"},"thumbnailUrl":"https:\/\/diarioprincipios.com\/wp-content\/uploads\/2020\/06\/2da-convocatoria-Voluntariado.jpg","datePublished":"2020-06-30T16:38:59+00:00","dateModified":"2020-06-30T16:39:03+00:00","breadcrumb":{"@id":"https:\/\/diarioprincipios.com\/index.php\/2020\/06\/30\/segunda-convocatoria-al-voluntariado-covid-19-durante-el-primer-fin-de-semana-cerca-de-mil-inscripciones-de-estudiantes-de-todas-las-carreras-de-la-unaj\/#breadcrumb"},"inLanguage":"es","potentialAction":[{"@type":"ReadAction","target":["https:\/\/diarioprincipios.com\/index.php\/2020\/06\/30\/segunda-convocatoria-al-voluntariado-covid-19-durante-el-primer-fin-de-semana-cerca-de-mil-inscripciones-de-estudiantes-de-todas-las-carreras-de-la-unaj\/"]}]},{"@type":"ImageObject","inLanguage":"es","@id":"https:\/\/diarioprincipios.com\/index.php\/2020\/06\/30\/segunda-convocatoria-al-voluntariado-covid-19-durante-el-primer-fin-de-semana-cerca-de-mil-inscripciones-de-estudiantes-de-todas-las-carreras-de-la-unaj\/#primaryimage","url":"https:\/\/diarioprincipios.com\/wp-content\/uploads\/2020\/06\/2da-convocatoria-Voluntariado.jpg","contentUrl":"https:\/\/diarioprincipios.com\/wp-content\/uploads\/2020\/06\/2da-convocatoria-Voluntariado.jpg","width":680,"height":383},{"@type":"BreadcrumbList","@id":"https:\/\/diarioprincipios.com\/index.php\/2020\/06\/30\/segunda-convocatoria-al-voluntariado-covid-19-durante-el-primer-fin-de-semana-cerca-de-mil-inscripciones-de-estudiantes-de-todas-las-carreras-de-la-unaj\/#breadcrumb","itemListElement":[{"@type":"ListItem","position":1,"name":"Portada","item":"https:\/\/diarioprincipios.com\/"},{"@type":"ListItem","position":2,"name":"Segunda convocatoria al voluntariado COVID-19: durante el primer fin de semana, cerca de mil inscripciones de estudiantes de todas las carreras de la UNAJ"}]},{"@type":"WebSite","@id":"https:\/\/diarioprincipios.com\/#website","url":"https:\/\/diarioprincipios.com\/","name":"Principios","description":"Principios Diario","publisher":{"@id":"https:\/\/diarioprincipios.com\/#organization"},"potentialAction":[{"@type":"SearchAction","target":{"@type":"EntryPoint","urlTemplate":"https:\/\/diarioprincipios.com\/?s={search_term_string}"},"query-input":{"@type":"PropertyValueSpecification","valueRequired":true,"valueName":"search_term_string"}}],"inLanguage":"es"},{"@type":"Organization","@id":"https:\/\/diarioprincipios.com\/#organization","name":"Principios","url":"https:\/\/diarioprincipios.com\/","logo":{"@type":"ImageObject","inLanguage":"es","@id":"https:\/\/diarioprincipios.com\/#\/schema\/logo\/image\/","url":"https:\/\/diarioprincipios.com\/wp-content\/uploads\/2024\/04\/cropped-www.diarioprincipios.com_-1.png","contentUrl":"https:\/\/diarioprincipios.com\/wp-content\/uploads\/2024\/04\/cropped-www.diarioprincipios.com_-1.png","width":5325,"height":1454,"caption":"Principios"},"image":{"@id":"https:\/\/diarioprincipios.com\/#\/schema\/logo\/image\/"}},{"@type":"Person","@id":"https:\/\/diarioprincipios.com\/#\/schema\/person\/436d5a1fd41a5e250e23ff5a6a7cb080","name":"Hern\u00e1n L\u00f3pez","image":{"@type":"ImageObject","inLanguage":"es","@id":"https:\/\/diarioprincipios.com\/wp-content\/litespeed\/avatar\/11ddfe5610ff3bd100522525b2571f48.jpg?ver=1777048341","url":"https:\/\/diarioprincipios.com\/wp-content\/litespeed\/avatar\/11ddfe5610ff3bd100522525b2571f48.jpg?ver=1777048341","contentUrl":"https:\/\/diarioprincipios.com\/wp-content\/litespeed\/avatar\/11ddfe5610ff3bd100522525b2571f48.jpg?ver=1777048341","caption":"Hern\u00e1n L\u00f3pez"},"url":"https:\/\/diarioprincipios.com\/index.php\/author\/hernan\/"}]}},"jetpack_featured_media_url":"https:\/\/diarioprincipios.com\/wp-content\/uploads\/2020\/06\/2da-convocatoria-Voluntariado.jpg","_links":{"self":[{"href":"https:\/\/diarioprincipios.com\/index.php\/wp-json\/wp\/v2\/posts\/3499","targetHints":{"allow":["GET"]}}],"collection":[{"href":"https:\/\/diarioprincipios.com\/index.php\/wp-json\/wp\/v2\/posts"}],"about":[{"href":"https:\/\/diarioprincipios.com\/index.php\/wp-json\/wp\/v2\/types\/post"}],"author":[{"embeddable":true,"href":"https:\/\/diarioprincipios.com\/index.php\/wp-json\/wp\/v2\/users\/2"}],"replies":[{"embeddable":true,"href":"https:\/\/diarioprincipios.com\/index.php\/wp-json\/wp\/v2\/comments?post=3499"}],"version-history":[{"count":1,"href":"https:\/\/diarioprincipios.com\/index.php\/wp-json\/wp\/v2\/posts\/3499\/revisions"}],"predecessor-version":[{"id":3501,"href":"https:\/\/diarioprincipios.com\/index.php\/wp-json\/wp\/v2\/posts\/3499\/revisions\/3501"}],"wp:featuredmedia":[{"embeddable":true,"href":"https:\/\/diarioprincipios.com\/index.php\/wp-json\/wp\/v2\/media\/3500"}],"wp:attachment":[{"href":"https:\/\/diarioprincipios.com\/index.php\/wp-json\/wp\/v2\/media?parent=3499"}],"wp:term":[{"taxonomy":"category","embeddable":true,"href":"https:\/\/diarioprincipios.com\/index.php\/wp-json\/wp\/v2\/categories?post=3499"},{"taxonomy":"post_tag","embeddable":true,"href":"https:\/\/diarioprincipios.com\/index.php\/wp-json\/wp\/v2\/tags?post=3499"}],"curies":[{"name":"wp","href":"https:\/\/api.w.org\/{rel}","templated":true}]}}