{"id":3489,"date":"2020-06-29T19:32:22","date_gmt":"2020-06-29T22:32:22","guid":{"rendered":"http:\/\/diarioprincipios.com\/?p=3489"},"modified":"2020-06-29T19:32:27","modified_gmt":"2020-06-29T22:32:27","slug":"para-prevenir-la-propagacion-del-covid-19-los-centros-de-salud-con-guardia-descentralizaron-sus-vacunatorios","status":"publish","type":"post","link":"https:\/\/diarioprincipios.com\/index.php\/2020\/06\/29\/para-prevenir-la-propagacion-del-covid-19-los-centros-de-salud-con-guardia-descentralizaron-sus-vacunatorios\/","title":{"rendered":"Para prevenir la propagaci\u00f3n del Covid 19 los Centros de Salud con guardia descentralizaron sus vacunatorios"},"content":{"rendered":"\n<p><strong>El servicio de vacunaci\u00f3n de los Centros de Atenci\u00f3n Primaria de Salud (CAPS) que cuentan con guardia las 24 horas fue descentralizado. La finalidad es ofrecer condiciones apropiadas para la aplicaci\u00f3n de las vacunas incluidas en el calendario anual obligatorio o la antigripal, en el marco de la situaci\u00f3n sanitaria de p\u00fablico conocimiento.<\/strong><\/p>\n\n\n\n<p>Para reducir riesgos de contagio por COVID-19 en quienes deben acercarse, la Secretar\u00eda de Salud P\u00fablica e Higiene de la Municipalidad de Berazategui informa que los Vacunatorios anexos funcionan de lunes a lunes, de 10.00 a 14.00, en los siguientes espacios:<\/p>\n\n\n\n<p>&#8211; CAPS N\u00b0 2: Iglesia Santa Mar\u00eda de Hudson (calle 159, entre 53 y 54).<br>&#8211; CAPS N\u00b0 5: Sociedad de Fomento Jacarand\u00e1 (calle 160, entre 23 y 24).<br>&#8211; CAPS N\u00b0 11: Sociedad de Fomento Uni\u00f3n (calle 515, entre 611 y colectora).<br>&#8211; CAPS N\u00b0 3: Hospital m\u00f3vil en calle 457 A, esquina 415.<br>&#8211; CAPS N\u00b0 14: calle 151 A, esquina 35.<\/p>\n","protected":false},"excerpt":{"rendered":"<p>El servicio de vacunaci\u00f3n de los Centros de Atenci\u00f3n Primaria de Salud (CAPS) que cuentan con guardia las 24 horas fue descentralizado. La finalidad es ofrecer condiciones apropiadas para la aplicaci\u00f3n de las vacunas incluidas en el calendario anual obligatorio o la antigripal, en el marco de la situaci\u00f3n sanitaria de p\u00fablico conocimiento. Para reducir&#8230;<\/p>\n","protected":false},"author":2,"featured_media":3490,"comment_status":"open","ping_status":"open","sticky":false,"template":"","format":"standard","meta":{"footnotes":""},"categories":[3],"tags":[],"class_list":["post-3489","post","type-post","status-publish","format-standard","has-post-thumbnail","hentry","category-berazategui"],"featured_image_src":"https:\/\/diarioprincipios.com\/wp-content\/uploads\/2020\/06\/55.jpg","blog_images":{"medium":"https:\/\/diarioprincipios.com\/wp-content\/uploads\/2020\/06\/55-300x200.jpg","large":"https:\/\/diarioprincipios.com\/wp-content\/uploads\/2020\/06\/55.jpg"},"ams_acf":[],"yoast_head":"<!-- This site is optimized with the Yoast SEO plugin v27.3 - https:\/\/yoast.com\/product\/yoast-seo-wordpress\/ -->\n<title>Para prevenir la propagaci\u00f3n del Covid 19 los Centros de Salud con guardia descentralizaron sus vacunatorios - Principios<\/title>\n<meta name=\"robots\" content=\"index, follow, max-snippet:-1, max-image-preview:large, max-video-preview:-1\" \/>\n<link rel=\"canonical\" href=\"https:\/\/diarioprincipios.com\/index.php\/2020\/06\/29\/para-prevenir-la-propagacion-del-covid-19-los-centros-de-salud-con-guardia-descentralizaron-sus-vacunatorios\/\" \/>\n<meta property=\"og:locale\" content=\"es_ES\" \/>\n<meta property=\"og:type\" content=\"article\" \/>\n<meta property=\"og:title\" content=\"Para prevenir la propagaci\u00f3n del Covid 19 los Centros de Salud con guardia descentralizaron sus vacunatorios - Principios\" \/>\n<meta property=\"og:description\" content=\"El servicio de vacunaci\u00f3n de los Centros de Atenci\u00f3n Primaria de Salud (CAPS) que cuentan con guardia las 24 horas fue descentralizado. La finalidad es ofrecer condiciones apropiadas para la aplicaci\u00f3n de las vacunas incluidas en el calendario anual obligatorio o la antigripal, en el marco de la situaci\u00f3n sanitaria de p\u00fablico conocimiento. Para reducir...\" \/>\n<meta property=\"og:url\" content=\"https:\/\/diarioprincipios.com\/index.php\/2020\/06\/29\/para-prevenir-la-propagacion-del-covid-19-los-centros-de-salud-con-guardia-descentralizaron-sus-vacunatorios\/\" \/>\n<meta property=\"og:site_name\" content=\"Principios\" \/>\n<meta property=\"article:published_time\" content=\"2020-06-29T22:32:22+00:00\" \/>\n<meta property=\"article:modified_time\" content=\"2020-06-29T22:32:27+00:00\" \/>\n<meta property=\"og:image\" content=\"https:\/\/diarioprincipios.com\/wp-content\/uploads\/2020\/06\/55.jpg\" \/>\n\t<meta property=\"og:image:width\" content=\"862\" \/>\n\t<meta property=\"og:image:height\" content=\"574\" \/>\n\t<meta property=\"og:image:type\" content=\"image\/jpeg\" \/>\n<meta name=\"author\" content=\"Hern\u00e1n L\u00f3pez\" \/>\n<meta name=\"twitter:card\" content=\"summary_large_image\" \/>\n<meta name=\"twitter:label1\" content=\"Escrito por\" \/>\n\t<meta name=\"twitter:data1\" content=\"Hern\u00e1n L\u00f3pez\" \/>\n\t<meta name=\"twitter:label2\" content=\"Tiempo de lectura\" \/>\n\t<meta name=\"twitter:data2\" content=\"1 minuto\" \/>\n<script type=\"application\/ld+json\" class=\"yoast-schema-graph\">{\"@context\":\"https:\\\/\\\/schema.org\",\"@graph\":[{\"@type\":\"Article\",\"@id\":\"https:\\\/\\\/diarioprincipios.com\\\/index.php\\\/2020\\\/06\\\/29\\\/para-prevenir-la-propagacion-del-covid-19-los-centros-de-salud-con-guardia-descentralizaron-sus-vacunatorios\\\/#article\",\"isPartOf\":{\"@id\":\"https:\\\/\\\/diarioprincipios.com\\\/index.php\\\/2020\\\/06\\\/29\\\/para-prevenir-la-propagacion-del-covid-19-los-centros-de-salud-con-guardia-descentralizaron-sus-vacunatorios\\\/\"},\"author\":{\"name\":\"Hern\u00e1n L\u00f3pez\",\"@id\":\"https:\\\/\\\/diarioprincipios.com\\\/#\\\/schema\\\/person\\\/436d5a1fd41a5e250e23ff5a6a7cb080\"},\"headline\":\"Para prevenir la propagaci\u00f3n del Covid 19 los Centros de Salud con guardia descentralizaron sus vacunatorios\",\"datePublished\":\"2020-06-29T22:32:22+00:00\",\"dateModified\":\"2020-06-29T22:32:27+00:00\",\"mainEntityOfPage\":{\"@id\":\"https:\\\/\\\/diarioprincipios.com\\\/index.php\\\/2020\\\/06\\\/29\\\/para-prevenir-la-propagacion-del-covid-19-los-centros-de-salud-con-guardia-descentralizaron-sus-vacunatorios\\\/\"},\"wordCount\":164,\"commentCount\":0,\"publisher\":{\"@id\":\"https:\\\/\\\/diarioprincipios.com\\\/#organization\"},\"image\":{\"@id\":\"https:\\\/\\\/diarioprincipios.com\\\/index.php\\\/2020\\\/06\\\/29\\\/para-prevenir-la-propagacion-del-covid-19-los-centros-de-salud-con-guardia-descentralizaron-sus-vacunatorios\\\/#primaryimage\"},\"thumbnailUrl\":\"https:\\\/\\\/diarioprincipios.com\\\/wp-content\\\/uploads\\\/2020\\\/06\\\/55.jpg\",\"articleSection\":[\"Berazategui\"],\"inLanguage\":\"es\",\"potentialAction\":[{\"@type\":\"CommentAction\",\"name\":\"Comment\",\"target\":[\"https:\\\/\\\/diarioprincipios.com\\\/index.php\\\/2020\\\/06\\\/29\\\/para-prevenir-la-propagacion-del-covid-19-los-centros-de-salud-con-guardia-descentralizaron-sus-vacunatorios\\\/#respond\"]}]},{\"@type\":\"WebPage\",\"@id\":\"https:\\\/\\\/diarioprincipios.com\\\/index.php\\\/2020\\\/06\\\/29\\\/para-prevenir-la-propagacion-del-covid-19-los-centros-de-salud-con-guardia-descentralizaron-sus-vacunatorios\\\/\",\"url\":\"https:\\\/\\\/diarioprincipios.com\\\/index.php\\\/2020\\\/06\\\/29\\\/para-prevenir-la-propagacion-del-covid-19-los-centros-de-salud-con-guardia-descentralizaron-sus-vacunatorios\\\/\",\"name\":\"Para prevenir la propagaci\u00f3n del Covid 19 los Centros de Salud con guardia descentralizaron sus vacunatorios - Principios\",\"isPartOf\":{\"@id\":\"https:\\\/\\\/diarioprincipios.com\\\/#website\"},\"primaryImageOfPage\":{\"@id\":\"https:\\\/\\\/diarioprincipios.com\\\/index.php\\\/2020\\\/06\\\/29\\\/para-prevenir-la-propagacion-del-covid-19-los-centros-de-salud-con-guardia-descentralizaron-sus-vacunatorios\\\/#primaryimage\"},\"image\":{\"@id\":\"https:\\\/\\\/diarioprincipios.com\\\/index.php\\\/2020\\\/06\\\/29\\\/para-prevenir-la-propagacion-del-covid-19-los-centros-de-salud-con-guardia-descentralizaron-sus-vacunatorios\\\/#primaryimage\"},\"thumbnailUrl\":\"https:\\\/\\\/diarioprincipios.com\\\/wp-content\\\/uploads\\\/2020\\\/06\\\/55.jpg\",\"datePublished\":\"2020-06-29T22:32:22+00:00\",\"dateModified\":\"2020-06-29T22:32:27+00:00\",\"breadcrumb\":{\"@id\":\"https:\\\/\\\/diarioprincipios.com\\\/index.php\\\/2020\\\/06\\\/29\\\/para-prevenir-la-propagacion-del-covid-19-los-centros-de-salud-con-guardia-descentralizaron-sus-vacunatorios\\\/#breadcrumb\"},\"inLanguage\":\"es\",\"potentialAction\":[{\"@type\":\"ReadAction\",\"target\":[\"https:\\\/\\\/diarioprincipios.com\\\/index.php\\\/2020\\\/06\\\/29\\\/para-prevenir-la-propagacion-del-covid-19-los-centros-de-salud-con-guardia-descentralizaron-sus-vacunatorios\\\/\"]}]},{\"@type\":\"ImageObject\",\"inLanguage\":\"es\",\"@id\":\"https:\\\/\\\/diarioprincipios.com\\\/index.php\\\/2020\\\/06\\\/29\\\/para-prevenir-la-propagacion-del-covid-19-los-centros-de-salud-con-guardia-descentralizaron-sus-vacunatorios\\\/#primaryimage\",\"url\":\"https:\\\/\\\/diarioprincipios.com\\\/wp-content\\\/uploads\\\/2020\\\/06\\\/55.jpg\",\"contentUrl\":\"https:\\\/\\\/diarioprincipios.com\\\/wp-content\\\/uploads\\\/2020\\\/06\\\/55.jpg\",\"width\":862,\"height\":574},{\"@type\":\"BreadcrumbList\",\"@id\":\"https:\\\/\\\/diarioprincipios.com\\\/index.php\\\/2020\\\/06\\\/29\\\/para-prevenir-la-propagacion-del-covid-19-los-centros-de-salud-con-guardia-descentralizaron-sus-vacunatorios\\\/#breadcrumb\",\"itemListElement\":[{\"@type\":\"ListItem\",\"position\":1,\"name\":\"Portada\",\"item\":\"https:\\\/\\\/diarioprincipios.com\\\/\"},{\"@type\":\"ListItem\",\"position\":2,\"name\":\"Para prevenir la propagaci\u00f3n del Covid 19 los Centros de Salud con guardia descentralizaron sus vacunatorios\"}]},{\"@type\":\"WebSite\",\"@id\":\"https:\\\/\\\/diarioprincipios.com\\\/#website\",\"url\":\"https:\\\/\\\/diarioprincipios.com\\\/\",\"name\":\"Principios\",\"description\":\"Principios Diario\",\"publisher\":{\"@id\":\"https:\\\/\\\/diarioprincipios.com\\\/#organization\"},\"potentialAction\":[{\"@type\":\"SearchAction\",\"target\":{\"@type\":\"EntryPoint\",\"urlTemplate\":\"https:\\\/\\\/diarioprincipios.com\\\/?s={search_term_string}\"},\"query-input\":{\"@type\":\"PropertyValueSpecification\",\"valueRequired\":true,\"valueName\":\"search_term_string\"}}],\"inLanguage\":\"es\"},{\"@type\":\"Organization\",\"@id\":\"https:\\\/\\\/diarioprincipios.com\\\/#organization\",\"name\":\"Principios\",\"url\":\"https:\\\/\\\/diarioprincipios.com\\\/\",\"logo\":{\"@type\":\"ImageObject\",\"inLanguage\":\"es\",\"@id\":\"https:\\\/\\\/diarioprincipios.com\\\/#\\\/schema\\\/logo\\\/image\\\/\",\"url\":\"https:\\\/\\\/diarioprincipios.com\\\/wp-content\\\/uploads\\\/2024\\\/04\\\/cropped-www.diarioprincipios.com_-1.png\",\"contentUrl\":\"https:\\\/\\\/diarioprincipios.com\\\/wp-content\\\/uploads\\\/2024\\\/04\\\/cropped-www.diarioprincipios.com_-1.png\",\"width\":5325,\"height\":1454,\"caption\":\"Principios\"},\"image\":{\"@id\":\"https:\\\/\\\/diarioprincipios.com\\\/#\\\/schema\\\/logo\\\/image\\\/\"}},{\"@type\":\"Person\",\"@id\":\"https:\\\/\\\/diarioprincipios.com\\\/#\\\/schema\\\/person\\\/436d5a1fd41a5e250e23ff5a6a7cb080\",\"name\":\"Hern\u00e1n L\u00f3pez\",\"image\":{\"@type\":\"ImageObject\",\"inLanguage\":\"es\",\"@id\":\"https:\\\/\\\/diarioprincipios.com\\\/wp-content\\\/litespeed\\\/avatar\\\/11ddfe5610ff3bd100522525b2571f48.jpg?ver=1777653193\",\"url\":\"https:\\\/\\\/diarioprincipios.com\\\/wp-content\\\/litespeed\\\/avatar\\\/11ddfe5610ff3bd100522525b2571f48.jpg?ver=1777653193\",\"contentUrl\":\"https:\\\/\\\/diarioprincipios.com\\\/wp-content\\\/litespeed\\\/avatar\\\/11ddfe5610ff3bd100522525b2571f48.jpg?ver=1777653193\",\"caption\":\"Hern\u00e1n L\u00f3pez\"},\"url\":\"https:\\\/\\\/diarioprincipios.com\\\/index.php\\\/author\\\/hernan\\\/\"}]}<\/script>\n<!-- \/ Yoast SEO plugin. -->","yoast_head_json":{"title":"Para prevenir la propagaci\u00f3n del Covid 19 los Centros de Salud con guardia descentralizaron sus vacunatorios - Principios","robots":{"index":"index","follow":"follow","max-snippet":"max-snippet:-1","max-image-preview":"max-image-preview:large","max-video-preview":"max-video-preview:-1"},"canonical":"https:\/\/diarioprincipios.com\/index.php\/2020\/06\/29\/para-prevenir-la-propagacion-del-covid-19-los-centros-de-salud-con-guardia-descentralizaron-sus-vacunatorios\/","og_locale":"es_ES","og_type":"article","og_title":"Para prevenir la propagaci\u00f3n del Covid 19 los Centros de Salud con guardia descentralizaron sus vacunatorios - Principios","og_description":"El servicio de vacunaci\u00f3n de los Centros de Atenci\u00f3n Primaria de Salud (CAPS) que cuentan con guardia las 24 horas fue descentralizado. La finalidad es ofrecer condiciones apropiadas para la aplicaci\u00f3n de las vacunas incluidas en el calendario anual obligatorio o la antigripal, en el marco de la situaci\u00f3n sanitaria de p\u00fablico conocimiento. Para reducir...","og_url":"https:\/\/diarioprincipios.com\/index.php\/2020\/06\/29\/para-prevenir-la-propagacion-del-covid-19-los-centros-de-salud-con-guardia-descentralizaron-sus-vacunatorios\/","og_site_name":"Principios","article_published_time":"2020-06-29T22:32:22+00:00","article_modified_time":"2020-06-29T22:32:27+00:00","og_image":[{"width":862,"height":574,"url":"https:\/\/diarioprincipios.com\/wp-content\/uploads\/2020\/06\/55.jpg","type":"image\/jpeg"}],"author":"Hern\u00e1n L\u00f3pez","twitter_card":"summary_large_image","twitter_misc":{"Escrito por":"Hern\u00e1n L\u00f3pez","Tiempo de lectura":"1 minuto"},"schema":{"@context":"https:\/\/schema.org","@graph":[{"@type":"Article","@id":"https:\/\/diarioprincipios.com\/index.php\/2020\/06\/29\/para-prevenir-la-propagacion-del-covid-19-los-centros-de-salud-con-guardia-descentralizaron-sus-vacunatorios\/#article","isPartOf":{"@id":"https:\/\/diarioprincipios.com\/index.php\/2020\/06\/29\/para-prevenir-la-propagacion-del-covid-19-los-centros-de-salud-con-guardia-descentralizaron-sus-vacunatorios\/"},"author":{"name":"Hern\u00e1n L\u00f3pez","@id":"https:\/\/diarioprincipios.com\/#\/schema\/person\/436d5a1fd41a5e250e23ff5a6a7cb080"},"headline":"Para prevenir la propagaci\u00f3n del Covid 19 los Centros de Salud con guardia descentralizaron sus vacunatorios","datePublished":"2020-06-29T22:32:22+00:00","dateModified":"2020-06-29T22:32:27+00:00","mainEntityOfPage":{"@id":"https:\/\/diarioprincipios.com\/index.php\/2020\/06\/29\/para-prevenir-la-propagacion-del-covid-19-los-centros-de-salud-con-guardia-descentralizaron-sus-vacunatorios\/"},"wordCount":164,"commentCount":0,"publisher":{"@id":"https:\/\/diarioprincipios.com\/#organization"},"image":{"@id":"https:\/\/diarioprincipios.com\/index.php\/2020\/06\/29\/para-prevenir-la-propagacion-del-covid-19-los-centros-de-salud-con-guardia-descentralizaron-sus-vacunatorios\/#primaryimage"},"thumbnailUrl":"https:\/\/diarioprincipios.com\/wp-content\/uploads\/2020\/06\/55.jpg","articleSection":["Berazategui"],"inLanguage":"es","potentialAction":[{"@type":"CommentAction","name":"Comment","target":["https:\/\/diarioprincipios.com\/index.php\/2020\/06\/29\/para-prevenir-la-propagacion-del-covid-19-los-centros-de-salud-con-guardia-descentralizaron-sus-vacunatorios\/#respond"]}]},{"@type":"WebPage","@id":"https:\/\/diarioprincipios.com\/index.php\/2020\/06\/29\/para-prevenir-la-propagacion-del-covid-19-los-centros-de-salud-con-guardia-descentralizaron-sus-vacunatorios\/","url":"https:\/\/diarioprincipios.com\/index.php\/2020\/06\/29\/para-prevenir-la-propagacion-del-covid-19-los-centros-de-salud-con-guardia-descentralizaron-sus-vacunatorios\/","name":"Para prevenir la propagaci\u00f3n del Covid 19 los Centros de Salud con guardia descentralizaron sus vacunatorios - Principios","isPartOf":{"@id":"https:\/\/diarioprincipios.com\/#website"},"primaryImageOfPage":{"@id":"https:\/\/diarioprincipios.com\/index.php\/2020\/06\/29\/para-prevenir-la-propagacion-del-covid-19-los-centros-de-salud-con-guardia-descentralizaron-sus-vacunatorios\/#primaryimage"},"image":{"@id":"https:\/\/diarioprincipios.com\/index.php\/2020\/06\/29\/para-prevenir-la-propagacion-del-covid-19-los-centros-de-salud-con-guardia-descentralizaron-sus-vacunatorios\/#primaryimage"},"thumbnailUrl":"https:\/\/diarioprincipios.com\/wp-content\/uploads\/2020\/06\/55.jpg","datePublished":"2020-06-29T22:32:22+00:00","dateModified":"2020-06-29T22:32:27+00:00","breadcrumb":{"@id":"https:\/\/diarioprincipios.com\/index.php\/2020\/06\/29\/para-prevenir-la-propagacion-del-covid-19-los-centros-de-salud-con-guardia-descentralizaron-sus-vacunatorios\/#breadcrumb"},"inLanguage":"es","potentialAction":[{"@type":"ReadAction","target":["https:\/\/diarioprincipios.com\/index.php\/2020\/06\/29\/para-prevenir-la-propagacion-del-covid-19-los-centros-de-salud-con-guardia-descentralizaron-sus-vacunatorios\/"]}]},{"@type":"ImageObject","inLanguage":"es","@id":"https:\/\/diarioprincipios.com\/index.php\/2020\/06\/29\/para-prevenir-la-propagacion-del-covid-19-los-centros-de-salud-con-guardia-descentralizaron-sus-vacunatorios\/#primaryimage","url":"https:\/\/diarioprincipios.com\/wp-content\/uploads\/2020\/06\/55.jpg","contentUrl":"https:\/\/diarioprincipios.com\/wp-content\/uploads\/2020\/06\/55.jpg","width":862,"height":574},{"@type":"BreadcrumbList","@id":"https:\/\/diarioprincipios.com\/index.php\/2020\/06\/29\/para-prevenir-la-propagacion-del-covid-19-los-centros-de-salud-con-guardia-descentralizaron-sus-vacunatorios\/#breadcrumb","itemListElement":[{"@type":"ListItem","position":1,"name":"Portada","item":"https:\/\/diarioprincipios.com\/"},{"@type":"ListItem","position":2,"name":"Para prevenir la propagaci\u00f3n del Covid 19 los Centros de Salud con guardia descentralizaron sus vacunatorios"}]},{"@type":"WebSite","@id":"https:\/\/diarioprincipios.com\/#website","url":"https:\/\/diarioprincipios.com\/","name":"Principios","description":"Principios Diario","publisher":{"@id":"https:\/\/diarioprincipios.com\/#organization"},"potentialAction":[{"@type":"SearchAction","target":{"@type":"EntryPoint","urlTemplate":"https:\/\/diarioprincipios.com\/?s={search_term_string}"},"query-input":{"@type":"PropertyValueSpecification","valueRequired":true,"valueName":"search_term_string"}}],"inLanguage":"es"},{"@type":"Organization","@id":"https:\/\/diarioprincipios.com\/#organization","name":"Principios","url":"https:\/\/diarioprincipios.com\/","logo":{"@type":"ImageObject","inLanguage":"es","@id":"https:\/\/diarioprincipios.com\/#\/schema\/logo\/image\/","url":"https:\/\/diarioprincipios.com\/wp-content\/uploads\/2024\/04\/cropped-www.diarioprincipios.com_-1.png","contentUrl":"https:\/\/diarioprincipios.com\/wp-content\/uploads\/2024\/04\/cropped-www.diarioprincipios.com_-1.png","width":5325,"height":1454,"caption":"Principios"},"image":{"@id":"https:\/\/diarioprincipios.com\/#\/schema\/logo\/image\/"}},{"@type":"Person","@id":"https:\/\/diarioprincipios.com\/#\/schema\/person\/436d5a1fd41a5e250e23ff5a6a7cb080","name":"Hern\u00e1n L\u00f3pez","image":{"@type":"ImageObject","inLanguage":"es","@id":"https:\/\/diarioprincipios.com\/wp-content\/litespeed\/avatar\/11ddfe5610ff3bd100522525b2571f48.jpg?ver=1777653193","url":"https:\/\/diarioprincipios.com\/wp-content\/litespeed\/avatar\/11ddfe5610ff3bd100522525b2571f48.jpg?ver=1777653193","contentUrl":"https:\/\/diarioprincipios.com\/wp-content\/litespeed\/avatar\/11ddfe5610ff3bd100522525b2571f48.jpg?ver=1777653193","caption":"Hern\u00e1n L\u00f3pez"},"url":"https:\/\/diarioprincipios.com\/index.php\/author\/hernan\/"}]}},"jetpack_featured_media_url":"https:\/\/diarioprincipios.com\/wp-content\/uploads\/2020\/06\/55.jpg","_links":{"self":[{"href":"https:\/\/diarioprincipios.com\/index.php\/wp-json\/wp\/v2\/posts\/3489","targetHints":{"allow":["GET"]}}],"collection":[{"href":"https:\/\/diarioprincipios.com\/index.php\/wp-json\/wp\/v2\/posts"}],"about":[{"href":"https:\/\/diarioprincipios.com\/index.php\/wp-json\/wp\/v2\/types\/post"}],"author":[{"embeddable":true,"href":"https:\/\/diarioprincipios.com\/index.php\/wp-json\/wp\/v2\/users\/2"}],"replies":[{"embeddable":true,"href":"https:\/\/diarioprincipios.com\/index.php\/wp-json\/wp\/v2\/comments?post=3489"}],"version-history":[{"count":1,"href":"https:\/\/diarioprincipios.com\/index.php\/wp-json\/wp\/v2\/posts\/3489\/revisions"}],"predecessor-version":[{"id":3491,"href":"https:\/\/diarioprincipios.com\/index.php\/wp-json\/wp\/v2\/posts\/3489\/revisions\/3491"}],"wp:featuredmedia":[{"embeddable":true,"href":"https:\/\/diarioprincipios.com\/index.php\/wp-json\/wp\/v2\/media\/3490"}],"wp:attachment":[{"href":"https:\/\/diarioprincipios.com\/index.php\/wp-json\/wp\/v2\/media?parent=3489"}],"wp:term":[{"taxonomy":"category","embeddable":true,"href":"https:\/\/diarioprincipios.com\/index.php\/wp-json\/wp\/v2\/categories?post=3489"},{"taxonomy":"post_tag","embeddable":true,"href":"https:\/\/diarioprincipios.com\/index.php\/wp-json\/wp\/v2\/tags?post=3489"}],"curies":[{"name":"wp","href":"https:\/\/api.w.org\/{rel}","templated":true}]}}