{"id":3486,"date":"2020-06-29T19:12:10","date_gmt":"2020-06-29T22:12:10","guid":{"rendered":"http:\/\/diarioprincipios.com\/?p=3486"},"modified":"2020-06-29T19:12:14","modified_gmt":"2020-06-29T22:12:14","slug":"el-municipio-de-quilmes-salio-al-cruce-de-la-convocatoria-a-una-fiesta-clandestina-dirigida-a-recuperados-de-covid-19","status":"publish","type":"post","link":"https:\/\/diarioprincipios.com\/index.php\/2020\/06\/29\/el-municipio-de-quilmes-salio-al-cruce-de-la-convocatoria-a-una-fiesta-clandestina-dirigida-a-recuperados-de-covid-19\/","title":{"rendered":"El Municipio de Quilmes sali\u00f3 al cruce de la Convocatoria a una Fiesta Clandestina dirigida a Recuperados de Covid 19"},"content":{"rendered":"\n<p>En los \u00faltimos d\u00edas trascendi\u00f3 p\u00fablicamente una convocatoria por redes sociales a participar de una fiesta clandestina denominada \u201cNot Covid Party\u201d y dirigida a pacientes recuperados del virus Covid-19, el pr\u00f3ximo s\u00e1bado 4 de julio, en lugar a acordar con los potenciales concurrentes.<\/p>\n\n\n\n<p>Ante la gravedad que reviste dicha convocatoria y en virtud de la emergencia sanitaria por el Coronavirus, las autoridades de la Agencia de Fiscalizaci\u00f3n y Control Comunal se pusieron en contacto con uno de los supuestos organizadores del evento, quien lejos de retractarse o desmentir la publicaci\u00f3n, manifest\u00f3 su intenci\u00f3n de llevar adelante la actividad il\u00edcita y clandestina.<\/p>\n\n\n\n<p>Por tal motivo, es que desde el Municipio de Quilmes se informa que la referida convocatoria se encuentra absolutamente prohibida durante la vigencia del aislamiento social preventivo y obligatorio (conforme art\u00edculo 19 inciso 2 del Decreto Presidencial N\u00ba 576\/2020 del 29 de junio de 2020, en relaci\u00f3n al Decreto Presidencia n\u00ba 297\/2020 del 19 de marzo del 2020).<\/p>\n\n\n\n<p>Asimismo, y de constatarse efectivamente la realizaci\u00f3n de la fiesta clandestina se proceder\u00e1 a accionar penalmente contra los organizadores y concurrentes a la misma, sin perjuicio de las sanciones administrativas que pudieran corresponder.<\/p>\n\n\n\n<figure class=\"wp-block-image\"><img decoding=\"async\" src=\"https:\/\/ecp.yusercontent.com\/mail?url=https%3A%2F%2Fdrive.google.com%2Fa%2Fquilmescomunicacion.com%2Fuc%3Fid%3D1Tba2eYIwvCdvE_9qcdvQQlLvwEtulDhF%26export%3Ddownload&amp;t=1593467875&amp;ymreqid=5799fcab-b43d-2794-1c54-bf0001012000&amp;sig=rInQLXG1gEWfr9q.XSES8Q--~D\" alt=\"\"\/><\/figure>\n","protected":false},"excerpt":{"rendered":"<p>En los \u00faltimos d\u00edas trascendi\u00f3 p\u00fablicamente una convocatoria por redes sociales a participar de una fiesta clandestina denominada \u201cNot Covid Party\u201d y dirigida a pacientes recuperados del virus Covid-19, el pr\u00f3ximo s\u00e1bado 4 de julio, en lugar a acordar con los potenciales concurrentes. Ante la gravedad que reviste dicha convocatoria y en virtud de la&#8230;<\/p>\n","protected":false},"author":2,"featured_media":3487,"comment_status":"open","ping_status":"open","sticky":false,"template":"","format":"standard","meta":{"footnotes":""},"categories":[4],"tags":[],"class_list":["post-3486","post","type-post","status-publish","format-standard","has-post-thumbnail","hentry","category-quilmes"],"featured_image_src":"https:\/\/diarioprincipios.com\/wp-content\/uploads\/2020\/06\/33.jpg","blog_images":{"medium":"https:\/\/diarioprincipios.com\/wp-content\/uploads\/2020\/06\/33-300x145.jpg","large":"https:\/\/diarioprincipios.com\/wp-content\/uploads\/2020\/06\/33.jpg"},"ams_acf":[],"yoast_head":"<!-- This site is optimized with the Yoast SEO plugin v27.3 - https:\/\/yoast.com\/product\/yoast-seo-wordpress\/ -->\n<title>El Municipio de Quilmes sali\u00f3 al cruce de la Convocatoria a una Fiesta Clandestina dirigida a Recuperados de Covid 19 - Principios<\/title>\n<meta name=\"robots\" content=\"index, follow, max-snippet:-1, max-image-preview:large, max-video-preview:-1\" \/>\n<link rel=\"canonical\" href=\"https:\/\/diarioprincipios.com\/index.php\/2020\/06\/29\/el-municipio-de-quilmes-salio-al-cruce-de-la-convocatoria-a-una-fiesta-clandestina-dirigida-a-recuperados-de-covid-19\/\" \/>\n<meta property=\"og:locale\" content=\"es_ES\" \/>\n<meta property=\"og:type\" content=\"article\" \/>\n<meta property=\"og:title\" content=\"El Municipio de Quilmes sali\u00f3 al cruce de la Convocatoria a una Fiesta Clandestina dirigida a Recuperados de Covid 19 - Principios\" \/>\n<meta property=\"og:description\" content=\"En los \u00faltimos d\u00edas trascendi\u00f3 p\u00fablicamente una convocatoria por redes sociales a participar de una fiesta clandestina denominada \u201cNot Covid Party\u201d y dirigida a pacientes recuperados del virus Covid-19, el pr\u00f3ximo s\u00e1bado 4 de julio, en lugar a acordar con los potenciales concurrentes. Ante la gravedad que reviste dicha convocatoria y en virtud de la...\" \/>\n<meta property=\"og:url\" content=\"https:\/\/diarioprincipios.com\/index.php\/2020\/06\/29\/el-municipio-de-quilmes-salio-al-cruce-de-la-convocatoria-a-una-fiesta-clandestina-dirigida-a-recuperados-de-covid-19\/\" \/>\n<meta property=\"og:site_name\" content=\"Principios\" \/>\n<meta property=\"article:published_time\" content=\"2020-06-29T22:12:10+00:00\" \/>\n<meta property=\"article:modified_time\" content=\"2020-06-29T22:12:14+00:00\" \/>\n<meta property=\"og:image\" content=\"https:\/\/diarioprincipios.com\/wp-content\/uploads\/2020\/06\/33.jpg\" \/>\n\t<meta property=\"og:image:width\" content=\"862\" \/>\n\t<meta property=\"og:image:height\" content=\"417\" \/>\n\t<meta property=\"og:image:type\" content=\"image\/jpeg\" \/>\n<meta name=\"author\" content=\"Hern\u00e1n L\u00f3pez\" \/>\n<meta name=\"twitter:card\" content=\"summary_large_image\" \/>\n<meta name=\"twitter:label1\" content=\"Escrito por\" \/>\n\t<meta name=\"twitter:data1\" content=\"Hern\u00e1n L\u00f3pez\" \/>\n\t<meta name=\"twitter:label2\" content=\"Tiempo de lectura\" \/>\n\t<meta name=\"twitter:data2\" content=\"1 minuto\" \/>\n<script type=\"application\/ld+json\" class=\"yoast-schema-graph\">{\"@context\":\"https:\\\/\\\/schema.org\",\"@graph\":[{\"@type\":\"Article\",\"@id\":\"https:\\\/\\\/diarioprincipios.com\\\/index.php\\\/2020\\\/06\\\/29\\\/el-municipio-de-quilmes-salio-al-cruce-de-la-convocatoria-a-una-fiesta-clandestina-dirigida-a-recuperados-de-covid-19\\\/#article\",\"isPartOf\":{\"@id\":\"https:\\\/\\\/diarioprincipios.com\\\/index.php\\\/2020\\\/06\\\/29\\\/el-municipio-de-quilmes-salio-al-cruce-de-la-convocatoria-a-una-fiesta-clandestina-dirigida-a-recuperados-de-covid-19\\\/\"},\"author\":{\"name\":\"Hern\u00e1n L\u00f3pez\",\"@id\":\"https:\\\/\\\/diarioprincipios.com\\\/#\\\/schema\\\/person\\\/436d5a1fd41a5e250e23ff5a6a7cb080\"},\"headline\":\"El Municipio de Quilmes sali\u00f3 al cruce de la Convocatoria a una Fiesta Clandestina dirigida a Recuperados de Covid 19\",\"datePublished\":\"2020-06-29T22:12:10+00:00\",\"dateModified\":\"2020-06-29T22:12:14+00:00\",\"mainEntityOfPage\":{\"@id\":\"https:\\\/\\\/diarioprincipios.com\\\/index.php\\\/2020\\\/06\\\/29\\\/el-municipio-de-quilmes-salio-al-cruce-de-la-convocatoria-a-una-fiesta-clandestina-dirigida-a-recuperados-de-covid-19\\\/\"},\"wordCount\":213,\"commentCount\":0,\"publisher\":{\"@id\":\"https:\\\/\\\/diarioprincipios.com\\\/#organization\"},\"image\":{\"@id\":\"https:\\\/\\\/diarioprincipios.com\\\/index.php\\\/2020\\\/06\\\/29\\\/el-municipio-de-quilmes-salio-al-cruce-de-la-convocatoria-a-una-fiesta-clandestina-dirigida-a-recuperados-de-covid-19\\\/#primaryimage\"},\"thumbnailUrl\":\"https:\\\/\\\/diarioprincipios.com\\\/wp-content\\\/uploads\\\/2020\\\/06\\\/33.jpg\",\"articleSection\":[\"Quilmes\"],\"inLanguage\":\"es\",\"potentialAction\":[{\"@type\":\"CommentAction\",\"name\":\"Comment\",\"target\":[\"https:\\\/\\\/diarioprincipios.com\\\/index.php\\\/2020\\\/06\\\/29\\\/el-municipio-de-quilmes-salio-al-cruce-de-la-convocatoria-a-una-fiesta-clandestina-dirigida-a-recuperados-de-covid-19\\\/#respond\"]}]},{\"@type\":\"WebPage\",\"@id\":\"https:\\\/\\\/diarioprincipios.com\\\/index.php\\\/2020\\\/06\\\/29\\\/el-municipio-de-quilmes-salio-al-cruce-de-la-convocatoria-a-una-fiesta-clandestina-dirigida-a-recuperados-de-covid-19\\\/\",\"url\":\"https:\\\/\\\/diarioprincipios.com\\\/index.php\\\/2020\\\/06\\\/29\\\/el-municipio-de-quilmes-salio-al-cruce-de-la-convocatoria-a-una-fiesta-clandestina-dirigida-a-recuperados-de-covid-19\\\/\",\"name\":\"El Municipio de Quilmes sali\u00f3 al cruce de la Convocatoria a una Fiesta Clandestina dirigida a Recuperados de Covid 19 - Principios\",\"isPartOf\":{\"@id\":\"https:\\\/\\\/diarioprincipios.com\\\/#website\"},\"primaryImageOfPage\":{\"@id\":\"https:\\\/\\\/diarioprincipios.com\\\/index.php\\\/2020\\\/06\\\/29\\\/el-municipio-de-quilmes-salio-al-cruce-de-la-convocatoria-a-una-fiesta-clandestina-dirigida-a-recuperados-de-covid-19\\\/#primaryimage\"},\"image\":{\"@id\":\"https:\\\/\\\/diarioprincipios.com\\\/index.php\\\/2020\\\/06\\\/29\\\/el-municipio-de-quilmes-salio-al-cruce-de-la-convocatoria-a-una-fiesta-clandestina-dirigida-a-recuperados-de-covid-19\\\/#primaryimage\"},\"thumbnailUrl\":\"https:\\\/\\\/diarioprincipios.com\\\/wp-content\\\/uploads\\\/2020\\\/06\\\/33.jpg\",\"datePublished\":\"2020-06-29T22:12:10+00:00\",\"dateModified\":\"2020-06-29T22:12:14+00:00\",\"breadcrumb\":{\"@id\":\"https:\\\/\\\/diarioprincipios.com\\\/index.php\\\/2020\\\/06\\\/29\\\/el-municipio-de-quilmes-salio-al-cruce-de-la-convocatoria-a-una-fiesta-clandestina-dirigida-a-recuperados-de-covid-19\\\/#breadcrumb\"},\"inLanguage\":\"es\",\"potentialAction\":[{\"@type\":\"ReadAction\",\"target\":[\"https:\\\/\\\/diarioprincipios.com\\\/index.php\\\/2020\\\/06\\\/29\\\/el-municipio-de-quilmes-salio-al-cruce-de-la-convocatoria-a-una-fiesta-clandestina-dirigida-a-recuperados-de-covid-19\\\/\"]}]},{\"@type\":\"ImageObject\",\"inLanguage\":\"es\",\"@id\":\"https:\\\/\\\/diarioprincipios.com\\\/index.php\\\/2020\\\/06\\\/29\\\/el-municipio-de-quilmes-salio-al-cruce-de-la-convocatoria-a-una-fiesta-clandestina-dirigida-a-recuperados-de-covid-19\\\/#primaryimage\",\"url\":\"https:\\\/\\\/diarioprincipios.com\\\/wp-content\\\/uploads\\\/2020\\\/06\\\/33.jpg\",\"contentUrl\":\"https:\\\/\\\/diarioprincipios.com\\\/wp-content\\\/uploads\\\/2020\\\/06\\\/33.jpg\",\"width\":862,\"height\":417},{\"@type\":\"BreadcrumbList\",\"@id\":\"https:\\\/\\\/diarioprincipios.com\\\/index.php\\\/2020\\\/06\\\/29\\\/el-municipio-de-quilmes-salio-al-cruce-de-la-convocatoria-a-una-fiesta-clandestina-dirigida-a-recuperados-de-covid-19\\\/#breadcrumb\",\"itemListElement\":[{\"@type\":\"ListItem\",\"position\":1,\"name\":\"Portada\",\"item\":\"https:\\\/\\\/diarioprincipios.com\\\/\"},{\"@type\":\"ListItem\",\"position\":2,\"name\":\"El Municipio de Quilmes sali\u00f3 al cruce de la Convocatoria a una Fiesta Clandestina dirigida a Recuperados de Covid 19\"}]},{\"@type\":\"WebSite\",\"@id\":\"https:\\\/\\\/diarioprincipios.com\\\/#website\",\"url\":\"https:\\\/\\\/diarioprincipios.com\\\/\",\"name\":\"Principios\",\"description\":\"Principios Diario\",\"publisher\":{\"@id\":\"https:\\\/\\\/diarioprincipios.com\\\/#organization\"},\"potentialAction\":[{\"@type\":\"SearchAction\",\"target\":{\"@type\":\"EntryPoint\",\"urlTemplate\":\"https:\\\/\\\/diarioprincipios.com\\\/?s={search_term_string}\"},\"query-input\":{\"@type\":\"PropertyValueSpecification\",\"valueRequired\":true,\"valueName\":\"search_term_string\"}}],\"inLanguage\":\"es\"},{\"@type\":\"Organization\",\"@id\":\"https:\\\/\\\/diarioprincipios.com\\\/#organization\",\"name\":\"Principios\",\"url\":\"https:\\\/\\\/diarioprincipios.com\\\/\",\"logo\":{\"@type\":\"ImageObject\",\"inLanguage\":\"es\",\"@id\":\"https:\\\/\\\/diarioprincipios.com\\\/#\\\/schema\\\/logo\\\/image\\\/\",\"url\":\"https:\\\/\\\/diarioprincipios.com\\\/wp-content\\\/uploads\\\/2024\\\/04\\\/cropped-www.diarioprincipios.com_-1.png\",\"contentUrl\":\"https:\\\/\\\/diarioprincipios.com\\\/wp-content\\\/uploads\\\/2024\\\/04\\\/cropped-www.diarioprincipios.com_-1.png\",\"width\":5325,\"height\":1454,\"caption\":\"Principios\"},\"image\":{\"@id\":\"https:\\\/\\\/diarioprincipios.com\\\/#\\\/schema\\\/logo\\\/image\\\/\"}},{\"@type\":\"Person\",\"@id\":\"https:\\\/\\\/diarioprincipios.com\\\/#\\\/schema\\\/person\\\/436d5a1fd41a5e250e23ff5a6a7cb080\",\"name\":\"Hern\u00e1n L\u00f3pez\",\"image\":{\"@type\":\"ImageObject\",\"inLanguage\":\"es\",\"@id\":\"https:\\\/\\\/diarioprincipios.com\\\/wp-content\\\/litespeed\\\/avatar\\\/11ddfe5610ff3bd100522525b2571f48.jpg?ver=1777653193\",\"url\":\"https:\\\/\\\/diarioprincipios.com\\\/wp-content\\\/litespeed\\\/avatar\\\/11ddfe5610ff3bd100522525b2571f48.jpg?ver=1777653193\",\"contentUrl\":\"https:\\\/\\\/diarioprincipios.com\\\/wp-content\\\/litespeed\\\/avatar\\\/11ddfe5610ff3bd100522525b2571f48.jpg?ver=1777653193\",\"caption\":\"Hern\u00e1n L\u00f3pez\"},\"url\":\"https:\\\/\\\/diarioprincipios.com\\\/index.php\\\/author\\\/hernan\\\/\"}]}<\/script>\n<!-- \/ Yoast SEO plugin. -->","yoast_head_json":{"title":"El Municipio de Quilmes sali\u00f3 al cruce de la Convocatoria a una Fiesta Clandestina dirigida a Recuperados de Covid 19 - Principios","robots":{"index":"index","follow":"follow","max-snippet":"max-snippet:-1","max-image-preview":"max-image-preview:large","max-video-preview":"max-video-preview:-1"},"canonical":"https:\/\/diarioprincipios.com\/index.php\/2020\/06\/29\/el-municipio-de-quilmes-salio-al-cruce-de-la-convocatoria-a-una-fiesta-clandestina-dirigida-a-recuperados-de-covid-19\/","og_locale":"es_ES","og_type":"article","og_title":"El Municipio de Quilmes sali\u00f3 al cruce de la Convocatoria a una Fiesta Clandestina dirigida a Recuperados de Covid 19 - Principios","og_description":"En los \u00faltimos d\u00edas trascendi\u00f3 p\u00fablicamente una convocatoria por redes sociales a participar de una fiesta clandestina denominada \u201cNot Covid Party\u201d y dirigida a pacientes recuperados del virus Covid-19, el pr\u00f3ximo s\u00e1bado 4 de julio, en lugar a acordar con los potenciales concurrentes. Ante la gravedad que reviste dicha convocatoria y en virtud de la...","og_url":"https:\/\/diarioprincipios.com\/index.php\/2020\/06\/29\/el-municipio-de-quilmes-salio-al-cruce-de-la-convocatoria-a-una-fiesta-clandestina-dirigida-a-recuperados-de-covid-19\/","og_site_name":"Principios","article_published_time":"2020-06-29T22:12:10+00:00","article_modified_time":"2020-06-29T22:12:14+00:00","og_image":[{"width":862,"height":417,"url":"https:\/\/diarioprincipios.com\/wp-content\/uploads\/2020\/06\/33.jpg","type":"image\/jpeg"}],"author":"Hern\u00e1n L\u00f3pez","twitter_card":"summary_large_image","twitter_misc":{"Escrito por":"Hern\u00e1n L\u00f3pez","Tiempo de lectura":"1 minuto"},"schema":{"@context":"https:\/\/schema.org","@graph":[{"@type":"Article","@id":"https:\/\/diarioprincipios.com\/index.php\/2020\/06\/29\/el-municipio-de-quilmes-salio-al-cruce-de-la-convocatoria-a-una-fiesta-clandestina-dirigida-a-recuperados-de-covid-19\/#article","isPartOf":{"@id":"https:\/\/diarioprincipios.com\/index.php\/2020\/06\/29\/el-municipio-de-quilmes-salio-al-cruce-de-la-convocatoria-a-una-fiesta-clandestina-dirigida-a-recuperados-de-covid-19\/"},"author":{"name":"Hern\u00e1n L\u00f3pez","@id":"https:\/\/diarioprincipios.com\/#\/schema\/person\/436d5a1fd41a5e250e23ff5a6a7cb080"},"headline":"El Municipio de Quilmes sali\u00f3 al cruce de la Convocatoria a una Fiesta Clandestina dirigida a Recuperados de Covid 19","datePublished":"2020-06-29T22:12:10+00:00","dateModified":"2020-06-29T22:12:14+00:00","mainEntityOfPage":{"@id":"https:\/\/diarioprincipios.com\/index.php\/2020\/06\/29\/el-municipio-de-quilmes-salio-al-cruce-de-la-convocatoria-a-una-fiesta-clandestina-dirigida-a-recuperados-de-covid-19\/"},"wordCount":213,"commentCount":0,"publisher":{"@id":"https:\/\/diarioprincipios.com\/#organization"},"image":{"@id":"https:\/\/diarioprincipios.com\/index.php\/2020\/06\/29\/el-municipio-de-quilmes-salio-al-cruce-de-la-convocatoria-a-una-fiesta-clandestina-dirigida-a-recuperados-de-covid-19\/#primaryimage"},"thumbnailUrl":"https:\/\/diarioprincipios.com\/wp-content\/uploads\/2020\/06\/33.jpg","articleSection":["Quilmes"],"inLanguage":"es","potentialAction":[{"@type":"CommentAction","name":"Comment","target":["https:\/\/diarioprincipios.com\/index.php\/2020\/06\/29\/el-municipio-de-quilmes-salio-al-cruce-de-la-convocatoria-a-una-fiesta-clandestina-dirigida-a-recuperados-de-covid-19\/#respond"]}]},{"@type":"WebPage","@id":"https:\/\/diarioprincipios.com\/index.php\/2020\/06\/29\/el-municipio-de-quilmes-salio-al-cruce-de-la-convocatoria-a-una-fiesta-clandestina-dirigida-a-recuperados-de-covid-19\/","url":"https:\/\/diarioprincipios.com\/index.php\/2020\/06\/29\/el-municipio-de-quilmes-salio-al-cruce-de-la-convocatoria-a-una-fiesta-clandestina-dirigida-a-recuperados-de-covid-19\/","name":"El Municipio de Quilmes sali\u00f3 al cruce de la Convocatoria a una Fiesta Clandestina dirigida a Recuperados de Covid 19 - Principios","isPartOf":{"@id":"https:\/\/diarioprincipios.com\/#website"},"primaryImageOfPage":{"@id":"https:\/\/diarioprincipios.com\/index.php\/2020\/06\/29\/el-municipio-de-quilmes-salio-al-cruce-de-la-convocatoria-a-una-fiesta-clandestina-dirigida-a-recuperados-de-covid-19\/#primaryimage"},"image":{"@id":"https:\/\/diarioprincipios.com\/index.php\/2020\/06\/29\/el-municipio-de-quilmes-salio-al-cruce-de-la-convocatoria-a-una-fiesta-clandestina-dirigida-a-recuperados-de-covid-19\/#primaryimage"},"thumbnailUrl":"https:\/\/diarioprincipios.com\/wp-content\/uploads\/2020\/06\/33.jpg","datePublished":"2020-06-29T22:12:10+00:00","dateModified":"2020-06-29T22:12:14+00:00","breadcrumb":{"@id":"https:\/\/diarioprincipios.com\/index.php\/2020\/06\/29\/el-municipio-de-quilmes-salio-al-cruce-de-la-convocatoria-a-una-fiesta-clandestina-dirigida-a-recuperados-de-covid-19\/#breadcrumb"},"inLanguage":"es","potentialAction":[{"@type":"ReadAction","target":["https:\/\/diarioprincipios.com\/index.php\/2020\/06\/29\/el-municipio-de-quilmes-salio-al-cruce-de-la-convocatoria-a-una-fiesta-clandestina-dirigida-a-recuperados-de-covid-19\/"]}]},{"@type":"ImageObject","inLanguage":"es","@id":"https:\/\/diarioprincipios.com\/index.php\/2020\/06\/29\/el-municipio-de-quilmes-salio-al-cruce-de-la-convocatoria-a-una-fiesta-clandestina-dirigida-a-recuperados-de-covid-19\/#primaryimage","url":"https:\/\/diarioprincipios.com\/wp-content\/uploads\/2020\/06\/33.jpg","contentUrl":"https:\/\/diarioprincipios.com\/wp-content\/uploads\/2020\/06\/33.jpg","width":862,"height":417},{"@type":"BreadcrumbList","@id":"https:\/\/diarioprincipios.com\/index.php\/2020\/06\/29\/el-municipio-de-quilmes-salio-al-cruce-de-la-convocatoria-a-una-fiesta-clandestina-dirigida-a-recuperados-de-covid-19\/#breadcrumb","itemListElement":[{"@type":"ListItem","position":1,"name":"Portada","item":"https:\/\/diarioprincipios.com\/"},{"@type":"ListItem","position":2,"name":"El Municipio de Quilmes sali\u00f3 al cruce de la Convocatoria a una Fiesta Clandestina dirigida a Recuperados de Covid 19"}]},{"@type":"WebSite","@id":"https:\/\/diarioprincipios.com\/#website","url":"https:\/\/diarioprincipios.com\/","name":"Principios","description":"Principios Diario","publisher":{"@id":"https:\/\/diarioprincipios.com\/#organization"},"potentialAction":[{"@type":"SearchAction","target":{"@type":"EntryPoint","urlTemplate":"https:\/\/diarioprincipios.com\/?s={search_term_string}"},"query-input":{"@type":"PropertyValueSpecification","valueRequired":true,"valueName":"search_term_string"}}],"inLanguage":"es"},{"@type":"Organization","@id":"https:\/\/diarioprincipios.com\/#organization","name":"Principios","url":"https:\/\/diarioprincipios.com\/","logo":{"@type":"ImageObject","inLanguage":"es","@id":"https:\/\/diarioprincipios.com\/#\/schema\/logo\/image\/","url":"https:\/\/diarioprincipios.com\/wp-content\/uploads\/2024\/04\/cropped-www.diarioprincipios.com_-1.png","contentUrl":"https:\/\/diarioprincipios.com\/wp-content\/uploads\/2024\/04\/cropped-www.diarioprincipios.com_-1.png","width":5325,"height":1454,"caption":"Principios"},"image":{"@id":"https:\/\/diarioprincipios.com\/#\/schema\/logo\/image\/"}},{"@type":"Person","@id":"https:\/\/diarioprincipios.com\/#\/schema\/person\/436d5a1fd41a5e250e23ff5a6a7cb080","name":"Hern\u00e1n L\u00f3pez","image":{"@type":"ImageObject","inLanguage":"es","@id":"https:\/\/diarioprincipios.com\/wp-content\/litespeed\/avatar\/11ddfe5610ff3bd100522525b2571f48.jpg?ver=1777653193","url":"https:\/\/diarioprincipios.com\/wp-content\/litespeed\/avatar\/11ddfe5610ff3bd100522525b2571f48.jpg?ver=1777653193","contentUrl":"https:\/\/diarioprincipios.com\/wp-content\/litespeed\/avatar\/11ddfe5610ff3bd100522525b2571f48.jpg?ver=1777653193","caption":"Hern\u00e1n L\u00f3pez"},"url":"https:\/\/diarioprincipios.com\/index.php\/author\/hernan\/"}]}},"jetpack_featured_media_url":"https:\/\/diarioprincipios.com\/wp-content\/uploads\/2020\/06\/33.jpg","_links":{"self":[{"href":"https:\/\/diarioprincipios.com\/index.php\/wp-json\/wp\/v2\/posts\/3486","targetHints":{"allow":["GET"]}}],"collection":[{"href":"https:\/\/diarioprincipios.com\/index.php\/wp-json\/wp\/v2\/posts"}],"about":[{"href":"https:\/\/diarioprincipios.com\/index.php\/wp-json\/wp\/v2\/types\/post"}],"author":[{"embeddable":true,"href":"https:\/\/diarioprincipios.com\/index.php\/wp-json\/wp\/v2\/users\/2"}],"replies":[{"embeddable":true,"href":"https:\/\/diarioprincipios.com\/index.php\/wp-json\/wp\/v2\/comments?post=3486"}],"version-history":[{"count":1,"href":"https:\/\/diarioprincipios.com\/index.php\/wp-json\/wp\/v2\/posts\/3486\/revisions"}],"predecessor-version":[{"id":3488,"href":"https:\/\/diarioprincipios.com\/index.php\/wp-json\/wp\/v2\/posts\/3486\/revisions\/3488"}],"wp:featuredmedia":[{"embeddable":true,"href":"https:\/\/diarioprincipios.com\/index.php\/wp-json\/wp\/v2\/media\/3487"}],"wp:attachment":[{"href":"https:\/\/diarioprincipios.com\/index.php\/wp-json\/wp\/v2\/media?parent=3486"}],"wp:term":[{"taxonomy":"category","embeddable":true,"href":"https:\/\/diarioprincipios.com\/index.php\/wp-json\/wp\/v2\/categories?post=3486"},{"taxonomy":"post_tag","embeddable":true,"href":"https:\/\/diarioprincipios.com\/index.php\/wp-json\/wp\/v2\/tags?post=3486"}],"curies":[{"name":"wp","href":"https:\/\/api.w.org\/{rel}","templated":true}]}}