{"id":3477,"date":"2020-06-29T12:54:22","date_gmt":"2020-06-29T15:54:22","guid":{"rendered":"http:\/\/diarioprincipios.com\/?p=3477"},"modified":"2020-06-29T12:54:26","modified_gmt":"2020-06-29T15:54:26","slug":"la-universidad-de-la-plata-abrio-una-convocatoria-para-desarrollar-un-satelite-propio","status":"publish","type":"post","link":"https:\/\/diarioprincipios.com\/index.php\/2020\/06\/29\/la-universidad-de-la-plata-abrio-una-convocatoria-para-desarrollar-un-satelite-propio\/","title":{"rendered":"La Universidad de La Plata abri\u00f3 una convocatoria para desarrollar un sat\u00e9lite propio"},"content":{"rendered":"\n<p>La Facultad de Ingenier\u00eda de la Universidad Nacional de La Plata (UNLP) abri\u00f3 la convocatoria para desarrollar el primer sat\u00e9lite propio, un peque\u00f1o instrumento de la categor\u00eda denominada \u00abCubeSat\u00bb, que puede ser usado para estudiar las caracter\u00edsticas del suelo, analizar el agua, detectar incendios u observar cambios meteorol\u00f3gicos.<\/p>\n\n\n\n<p>En un comunicado, se precis\u00f3 que el proyecto \u00abSat\u00e9lite Universitario\u00bb, impulsado por el Centro Tecnol\u00f3gico Aeroespacial (CTA) de esa casa de estudios, busca que los alumnos y la comunidad cient\u00edfica de la UNLP tengan un contacto directo con la tem\u00e1tica espacial.<\/p>\n\n\n\n<p>El llamado a propuestas estar\u00e1 abierto hasta agosto 2020 y, seg\u00fan indic\u00f3 el vicepresidente del \u00c1rea Institucional de la UNLP y director del CTA, Marcos Actis, la iniciativa \u00abpretende lograr la participaci\u00f3n de \u00abdistintos laboratorios e investigadores\u00bb de la casa de estudios.<\/p>\n\n\n\n<p>\u00abLo primero es determinar qu\u00e9 necesidades hay por parte de nuestros investigadores de la observaci\u00f3n satelital. Despu\u00e9s, preparar la misi\u00f3n, armar el sat\u00e9lite y buscar la posibilidad de socios para lanzarlo\u00bb, dijo.<\/p>\n\n\n\n<p>En tanto, la coordinadora del programa, Sonia Botta, afirm\u00f3 que \u00abse busca que las propuestas de objetivos se presenten en forma de requerimientos cient\u00edficos, es decir, los detalles de la informaci\u00f3n que deber\u00eda recolectar el sat\u00e9lite para cumplir la misi\u00f3n\u00bb.<\/p>\n\n\n\n<p>\u00abSi lo que se quiere probar es un instrumento o si se conoce el equipamiento necesario para realizar las mediciones pertinentes a los objetivos, los requerimientos pasan por el lado t\u00e9cnico. Estos requerimientos detallan las necesidades del sistema (potencia, energ\u00eda, ambiente t\u00e9rmico, procesamiento de datos, etc.) y\/o las caracter\u00edsticas espec\u00edficas del instrumento\u00bb, explic\u00f3.<\/p>\n\n\n\n<p>Uno de los principales objetivos del proyecto, se\u00f1al\u00f3 Actis, es demostrar que la ciencia est\u00e1 \u00abal alcance de todos\u00bb, y remarc\u00f3 que \u00abestas cosas se pueden hacer: tenemos capacidad t\u00e9cnica y humana, que es lo principal; necesitamos gestionar y organizar para llevarlo adelante\u00bb.<\/p>\n\n\n\n<p>Luego, remarc\u00f3 la importancia de seguir apostando al desarrollo de la soberan\u00eda espacial y cont\u00f3 que, a nivel mundial, \u00abla tendencia es fabricar sat\u00e9lites en tama\u00f1os cada vez m\u00e1s peque\u00f1os\u00bb.<\/p>\n\n\n\n<p>Para este proyecto, no hay un formato espec\u00edfico para presentar las propuestas. El punto de contacto es: sonia.botta@ing.unlp.edu.ar.<\/p>\n","protected":false},"excerpt":{"rendered":"<p>La Facultad de Ingenier\u00eda de la Universidad Nacional de La Plata (UNLP) abri\u00f3 la convocatoria para desarrollar el primer sat\u00e9lite propio, un peque\u00f1o instrumento de la categor\u00eda denominada \u00abCubeSat\u00bb, que puede ser usado para estudiar las caracter\u00edsticas del suelo, analizar el agua, detectar incendios u observar cambios meteorol\u00f3gicos. En un comunicado, se precis\u00f3 que el&#8230;<\/p>\n","protected":false},"author":2,"featured_media":3478,"comment_status":"open","ping_status":"open","sticky":false,"template":"","format":"standard","meta":{"footnotes":""},"categories":[7],"tags":[],"class_list":["post-3477","post","type-post","status-publish","format-standard","has-post-thumbnail","hentry","category-provincia"],"featured_image_src":"https:\/\/diarioprincipios.com\/wp-content\/uploads\/2020\/06\/1593445490953-1024x575.jpg","blog_images":{"medium":"https:\/\/diarioprincipios.com\/wp-content\/uploads\/2020\/06\/1593445490953-300x169.jpg","large":"https:\/\/diarioprincipios.com\/wp-content\/uploads\/2020\/06\/1593445490953-1024x575.jpg"},"ams_acf":[],"yoast_head":"<!-- This site is optimized with the Yoast SEO plugin v27.3 - https:\/\/yoast.com\/product\/yoast-seo-wordpress\/ -->\n<title>La Universidad de La Plata abri\u00f3 una convocatoria para desarrollar un sat\u00e9lite propio - Principios<\/title>\n<meta name=\"robots\" content=\"index, follow, max-snippet:-1, max-image-preview:large, max-video-preview:-1\" \/>\n<link rel=\"canonical\" href=\"https:\/\/diarioprincipios.com\/index.php\/2020\/06\/29\/la-universidad-de-la-plata-abrio-una-convocatoria-para-desarrollar-un-satelite-propio\/\" \/>\n<meta property=\"og:locale\" content=\"es_ES\" \/>\n<meta property=\"og:type\" content=\"article\" \/>\n<meta property=\"og:title\" content=\"La Universidad de La Plata abri\u00f3 una convocatoria para desarrollar un sat\u00e9lite propio - Principios\" \/>\n<meta property=\"og:description\" content=\"La Facultad de Ingenier\u00eda de la Universidad Nacional de La Plata (UNLP) abri\u00f3 la convocatoria para desarrollar el primer sat\u00e9lite propio, un peque\u00f1o instrumento de la categor\u00eda denominada \u00abCubeSat\u00bb, que puede ser usado para estudiar las caracter\u00edsticas del suelo, analizar el agua, detectar incendios u observar cambios meteorol\u00f3gicos. En un comunicado, se precis\u00f3 que el...\" \/>\n<meta property=\"og:url\" content=\"https:\/\/diarioprincipios.com\/index.php\/2020\/06\/29\/la-universidad-de-la-plata-abrio-una-convocatoria-para-desarrollar-un-satelite-propio\/\" \/>\n<meta property=\"og:site_name\" content=\"Principios\" \/>\n<meta property=\"article:published_time\" content=\"2020-06-29T15:54:22+00:00\" \/>\n<meta property=\"article:modified_time\" content=\"2020-06-29T15:54:26+00:00\" \/>\n<meta property=\"og:image\" content=\"https:\/\/diarioprincipios.com\/wp-content\/uploads\/2020\/06\/1593445490953.jpg\" \/>\n\t<meta property=\"og:image:width\" content=\"1500\" \/>\n\t<meta property=\"og:image:height\" content=\"843\" \/>\n\t<meta property=\"og:image:type\" content=\"image\/jpeg\" \/>\n<meta name=\"author\" content=\"Hern\u00e1n L\u00f3pez\" \/>\n<meta name=\"twitter:card\" content=\"summary_large_image\" \/>\n<meta name=\"twitter:label1\" content=\"Escrito por\" \/>\n\t<meta name=\"twitter:data1\" content=\"Hern\u00e1n L\u00f3pez\" \/>\n\t<meta name=\"twitter:label2\" content=\"Tiempo de lectura\" \/>\n\t<meta name=\"twitter:data2\" content=\"2 minutos\" \/>\n<script type=\"application\/ld+json\" class=\"yoast-schema-graph\">{\"@context\":\"https:\\\/\\\/schema.org\",\"@graph\":[{\"@type\":\"Article\",\"@id\":\"https:\\\/\\\/diarioprincipios.com\\\/index.php\\\/2020\\\/06\\\/29\\\/la-universidad-de-la-plata-abrio-una-convocatoria-para-desarrollar-un-satelite-propio\\\/#article\",\"isPartOf\":{\"@id\":\"https:\\\/\\\/diarioprincipios.com\\\/index.php\\\/2020\\\/06\\\/29\\\/la-universidad-de-la-plata-abrio-una-convocatoria-para-desarrollar-un-satelite-propio\\\/\"},\"author\":{\"name\":\"Hern\u00e1n L\u00f3pez\",\"@id\":\"https:\\\/\\\/diarioprincipios.com\\\/#\\\/schema\\\/person\\\/436d5a1fd41a5e250e23ff5a6a7cb080\"},\"headline\":\"La Universidad de La Plata abri\u00f3 una convocatoria para desarrollar un sat\u00e9lite propio\",\"datePublished\":\"2020-06-29T15:54:22+00:00\",\"dateModified\":\"2020-06-29T15:54:26+00:00\",\"mainEntityOfPage\":{\"@id\":\"https:\\\/\\\/diarioprincipios.com\\\/index.php\\\/2020\\\/06\\\/29\\\/la-universidad-de-la-plata-abrio-una-convocatoria-para-desarrollar-un-satelite-propio\\\/\"},\"wordCount\":400,\"commentCount\":0,\"publisher\":{\"@id\":\"https:\\\/\\\/diarioprincipios.com\\\/#organization\"},\"image\":{\"@id\":\"https:\\\/\\\/diarioprincipios.com\\\/index.php\\\/2020\\\/06\\\/29\\\/la-universidad-de-la-plata-abrio-una-convocatoria-para-desarrollar-un-satelite-propio\\\/#primaryimage\"},\"thumbnailUrl\":\"https:\\\/\\\/diarioprincipios.com\\\/wp-content\\\/uploads\\\/2020\\\/06\\\/1593445490953.jpg\",\"articleSection\":[\"Provincia\"],\"inLanguage\":\"es\",\"potentialAction\":[{\"@type\":\"CommentAction\",\"name\":\"Comment\",\"target\":[\"https:\\\/\\\/diarioprincipios.com\\\/index.php\\\/2020\\\/06\\\/29\\\/la-universidad-de-la-plata-abrio-una-convocatoria-para-desarrollar-un-satelite-propio\\\/#respond\"]}]},{\"@type\":\"WebPage\",\"@id\":\"https:\\\/\\\/diarioprincipios.com\\\/index.php\\\/2020\\\/06\\\/29\\\/la-universidad-de-la-plata-abrio-una-convocatoria-para-desarrollar-un-satelite-propio\\\/\",\"url\":\"https:\\\/\\\/diarioprincipios.com\\\/index.php\\\/2020\\\/06\\\/29\\\/la-universidad-de-la-plata-abrio-una-convocatoria-para-desarrollar-un-satelite-propio\\\/\",\"name\":\"La Universidad de La Plata abri\u00f3 una convocatoria para desarrollar un sat\u00e9lite propio - Principios\",\"isPartOf\":{\"@id\":\"https:\\\/\\\/diarioprincipios.com\\\/#website\"},\"primaryImageOfPage\":{\"@id\":\"https:\\\/\\\/diarioprincipios.com\\\/index.php\\\/2020\\\/06\\\/29\\\/la-universidad-de-la-plata-abrio-una-convocatoria-para-desarrollar-un-satelite-propio\\\/#primaryimage\"},\"image\":{\"@id\":\"https:\\\/\\\/diarioprincipios.com\\\/index.php\\\/2020\\\/06\\\/29\\\/la-universidad-de-la-plata-abrio-una-convocatoria-para-desarrollar-un-satelite-propio\\\/#primaryimage\"},\"thumbnailUrl\":\"https:\\\/\\\/diarioprincipios.com\\\/wp-content\\\/uploads\\\/2020\\\/06\\\/1593445490953.jpg\",\"datePublished\":\"2020-06-29T15:54:22+00:00\",\"dateModified\":\"2020-06-29T15:54:26+00:00\",\"breadcrumb\":{\"@id\":\"https:\\\/\\\/diarioprincipios.com\\\/index.php\\\/2020\\\/06\\\/29\\\/la-universidad-de-la-plata-abrio-una-convocatoria-para-desarrollar-un-satelite-propio\\\/#breadcrumb\"},\"inLanguage\":\"es\",\"potentialAction\":[{\"@type\":\"ReadAction\",\"target\":[\"https:\\\/\\\/diarioprincipios.com\\\/index.php\\\/2020\\\/06\\\/29\\\/la-universidad-de-la-plata-abrio-una-convocatoria-para-desarrollar-un-satelite-propio\\\/\"]}]},{\"@type\":\"ImageObject\",\"inLanguage\":\"es\",\"@id\":\"https:\\\/\\\/diarioprincipios.com\\\/index.php\\\/2020\\\/06\\\/29\\\/la-universidad-de-la-plata-abrio-una-convocatoria-para-desarrollar-un-satelite-propio\\\/#primaryimage\",\"url\":\"https:\\\/\\\/diarioprincipios.com\\\/wp-content\\\/uploads\\\/2020\\\/06\\\/1593445490953.jpg\",\"contentUrl\":\"https:\\\/\\\/diarioprincipios.com\\\/wp-content\\\/uploads\\\/2020\\\/06\\\/1593445490953.jpg\",\"width\":1500,\"height\":843},{\"@type\":\"BreadcrumbList\",\"@id\":\"https:\\\/\\\/diarioprincipios.com\\\/index.php\\\/2020\\\/06\\\/29\\\/la-universidad-de-la-plata-abrio-una-convocatoria-para-desarrollar-un-satelite-propio\\\/#breadcrumb\",\"itemListElement\":[{\"@type\":\"ListItem\",\"position\":1,\"name\":\"Portada\",\"item\":\"https:\\\/\\\/diarioprincipios.com\\\/\"},{\"@type\":\"ListItem\",\"position\":2,\"name\":\"La Universidad de La Plata abri\u00f3 una convocatoria para desarrollar un sat\u00e9lite propio\"}]},{\"@type\":\"WebSite\",\"@id\":\"https:\\\/\\\/diarioprincipios.com\\\/#website\",\"url\":\"https:\\\/\\\/diarioprincipios.com\\\/\",\"name\":\"Principios\",\"description\":\"Principios Diario\",\"publisher\":{\"@id\":\"https:\\\/\\\/diarioprincipios.com\\\/#organization\"},\"potentialAction\":[{\"@type\":\"SearchAction\",\"target\":{\"@type\":\"EntryPoint\",\"urlTemplate\":\"https:\\\/\\\/diarioprincipios.com\\\/?s={search_term_string}\"},\"query-input\":{\"@type\":\"PropertyValueSpecification\",\"valueRequired\":true,\"valueName\":\"search_term_string\"}}],\"inLanguage\":\"es\"},{\"@type\":\"Organization\",\"@id\":\"https:\\\/\\\/diarioprincipios.com\\\/#organization\",\"name\":\"Principios\",\"url\":\"https:\\\/\\\/diarioprincipios.com\\\/\",\"logo\":{\"@type\":\"ImageObject\",\"inLanguage\":\"es\",\"@id\":\"https:\\\/\\\/diarioprincipios.com\\\/#\\\/schema\\\/logo\\\/image\\\/\",\"url\":\"https:\\\/\\\/diarioprincipios.com\\\/wp-content\\\/uploads\\\/2024\\\/04\\\/cropped-www.diarioprincipios.com_-1.png\",\"contentUrl\":\"https:\\\/\\\/diarioprincipios.com\\\/wp-content\\\/uploads\\\/2024\\\/04\\\/cropped-www.diarioprincipios.com_-1.png\",\"width\":5325,\"height\":1454,\"caption\":\"Principios\"},\"image\":{\"@id\":\"https:\\\/\\\/diarioprincipios.com\\\/#\\\/schema\\\/logo\\\/image\\\/\"}},{\"@type\":\"Person\",\"@id\":\"https:\\\/\\\/diarioprincipios.com\\\/#\\\/schema\\\/person\\\/436d5a1fd41a5e250e23ff5a6a7cb080\",\"name\":\"Hern\u00e1n L\u00f3pez\",\"image\":{\"@type\":\"ImageObject\",\"inLanguage\":\"es\",\"@id\":\"https:\\\/\\\/diarioprincipios.com\\\/wp-content\\\/litespeed\\\/avatar\\\/11ddfe5610ff3bd100522525b2571f48.jpg?ver=1777048341\",\"url\":\"https:\\\/\\\/diarioprincipios.com\\\/wp-content\\\/litespeed\\\/avatar\\\/11ddfe5610ff3bd100522525b2571f48.jpg?ver=1777048341\",\"contentUrl\":\"https:\\\/\\\/diarioprincipios.com\\\/wp-content\\\/litespeed\\\/avatar\\\/11ddfe5610ff3bd100522525b2571f48.jpg?ver=1777048341\",\"caption\":\"Hern\u00e1n L\u00f3pez\"},\"url\":\"https:\\\/\\\/diarioprincipios.com\\\/index.php\\\/author\\\/hernan\\\/\"}]}<\/script>\n<!-- \/ Yoast SEO plugin. -->","yoast_head_json":{"title":"La Universidad de La Plata abri\u00f3 una convocatoria para desarrollar un sat\u00e9lite propio - Principios","robots":{"index":"index","follow":"follow","max-snippet":"max-snippet:-1","max-image-preview":"max-image-preview:large","max-video-preview":"max-video-preview:-1"},"canonical":"https:\/\/diarioprincipios.com\/index.php\/2020\/06\/29\/la-universidad-de-la-plata-abrio-una-convocatoria-para-desarrollar-un-satelite-propio\/","og_locale":"es_ES","og_type":"article","og_title":"La Universidad de La Plata abri\u00f3 una convocatoria para desarrollar un sat\u00e9lite propio - Principios","og_description":"La Facultad de Ingenier\u00eda de la Universidad Nacional de La Plata (UNLP) abri\u00f3 la convocatoria para desarrollar el primer sat\u00e9lite propio, un peque\u00f1o instrumento de la categor\u00eda denominada \u00abCubeSat\u00bb, que puede ser usado para estudiar las caracter\u00edsticas del suelo, analizar el agua, detectar incendios u observar cambios meteorol\u00f3gicos. En un comunicado, se precis\u00f3 que el...","og_url":"https:\/\/diarioprincipios.com\/index.php\/2020\/06\/29\/la-universidad-de-la-plata-abrio-una-convocatoria-para-desarrollar-un-satelite-propio\/","og_site_name":"Principios","article_published_time":"2020-06-29T15:54:22+00:00","article_modified_time":"2020-06-29T15:54:26+00:00","og_image":[{"width":1500,"height":843,"url":"https:\/\/diarioprincipios.com\/wp-content\/uploads\/2020\/06\/1593445490953.jpg","type":"image\/jpeg"}],"author":"Hern\u00e1n L\u00f3pez","twitter_card":"summary_large_image","twitter_misc":{"Escrito por":"Hern\u00e1n L\u00f3pez","Tiempo de lectura":"2 minutos"},"schema":{"@context":"https:\/\/schema.org","@graph":[{"@type":"Article","@id":"https:\/\/diarioprincipios.com\/index.php\/2020\/06\/29\/la-universidad-de-la-plata-abrio-una-convocatoria-para-desarrollar-un-satelite-propio\/#article","isPartOf":{"@id":"https:\/\/diarioprincipios.com\/index.php\/2020\/06\/29\/la-universidad-de-la-plata-abrio-una-convocatoria-para-desarrollar-un-satelite-propio\/"},"author":{"name":"Hern\u00e1n L\u00f3pez","@id":"https:\/\/diarioprincipios.com\/#\/schema\/person\/436d5a1fd41a5e250e23ff5a6a7cb080"},"headline":"La Universidad de La Plata abri\u00f3 una convocatoria para desarrollar un sat\u00e9lite propio","datePublished":"2020-06-29T15:54:22+00:00","dateModified":"2020-06-29T15:54:26+00:00","mainEntityOfPage":{"@id":"https:\/\/diarioprincipios.com\/index.php\/2020\/06\/29\/la-universidad-de-la-plata-abrio-una-convocatoria-para-desarrollar-un-satelite-propio\/"},"wordCount":400,"commentCount":0,"publisher":{"@id":"https:\/\/diarioprincipios.com\/#organization"},"image":{"@id":"https:\/\/diarioprincipios.com\/index.php\/2020\/06\/29\/la-universidad-de-la-plata-abrio-una-convocatoria-para-desarrollar-un-satelite-propio\/#primaryimage"},"thumbnailUrl":"https:\/\/diarioprincipios.com\/wp-content\/uploads\/2020\/06\/1593445490953.jpg","articleSection":["Provincia"],"inLanguage":"es","potentialAction":[{"@type":"CommentAction","name":"Comment","target":["https:\/\/diarioprincipios.com\/index.php\/2020\/06\/29\/la-universidad-de-la-plata-abrio-una-convocatoria-para-desarrollar-un-satelite-propio\/#respond"]}]},{"@type":"WebPage","@id":"https:\/\/diarioprincipios.com\/index.php\/2020\/06\/29\/la-universidad-de-la-plata-abrio-una-convocatoria-para-desarrollar-un-satelite-propio\/","url":"https:\/\/diarioprincipios.com\/index.php\/2020\/06\/29\/la-universidad-de-la-plata-abrio-una-convocatoria-para-desarrollar-un-satelite-propio\/","name":"La Universidad de La Plata abri\u00f3 una convocatoria para desarrollar un sat\u00e9lite propio - Principios","isPartOf":{"@id":"https:\/\/diarioprincipios.com\/#website"},"primaryImageOfPage":{"@id":"https:\/\/diarioprincipios.com\/index.php\/2020\/06\/29\/la-universidad-de-la-plata-abrio-una-convocatoria-para-desarrollar-un-satelite-propio\/#primaryimage"},"image":{"@id":"https:\/\/diarioprincipios.com\/index.php\/2020\/06\/29\/la-universidad-de-la-plata-abrio-una-convocatoria-para-desarrollar-un-satelite-propio\/#primaryimage"},"thumbnailUrl":"https:\/\/diarioprincipios.com\/wp-content\/uploads\/2020\/06\/1593445490953.jpg","datePublished":"2020-06-29T15:54:22+00:00","dateModified":"2020-06-29T15:54:26+00:00","breadcrumb":{"@id":"https:\/\/diarioprincipios.com\/index.php\/2020\/06\/29\/la-universidad-de-la-plata-abrio-una-convocatoria-para-desarrollar-un-satelite-propio\/#breadcrumb"},"inLanguage":"es","potentialAction":[{"@type":"ReadAction","target":["https:\/\/diarioprincipios.com\/index.php\/2020\/06\/29\/la-universidad-de-la-plata-abrio-una-convocatoria-para-desarrollar-un-satelite-propio\/"]}]},{"@type":"ImageObject","inLanguage":"es","@id":"https:\/\/diarioprincipios.com\/index.php\/2020\/06\/29\/la-universidad-de-la-plata-abrio-una-convocatoria-para-desarrollar-un-satelite-propio\/#primaryimage","url":"https:\/\/diarioprincipios.com\/wp-content\/uploads\/2020\/06\/1593445490953.jpg","contentUrl":"https:\/\/diarioprincipios.com\/wp-content\/uploads\/2020\/06\/1593445490953.jpg","width":1500,"height":843},{"@type":"BreadcrumbList","@id":"https:\/\/diarioprincipios.com\/index.php\/2020\/06\/29\/la-universidad-de-la-plata-abrio-una-convocatoria-para-desarrollar-un-satelite-propio\/#breadcrumb","itemListElement":[{"@type":"ListItem","position":1,"name":"Portada","item":"https:\/\/diarioprincipios.com\/"},{"@type":"ListItem","position":2,"name":"La Universidad de La Plata abri\u00f3 una convocatoria para desarrollar un sat\u00e9lite propio"}]},{"@type":"WebSite","@id":"https:\/\/diarioprincipios.com\/#website","url":"https:\/\/diarioprincipios.com\/","name":"Principios","description":"Principios Diario","publisher":{"@id":"https:\/\/diarioprincipios.com\/#organization"},"potentialAction":[{"@type":"SearchAction","target":{"@type":"EntryPoint","urlTemplate":"https:\/\/diarioprincipios.com\/?s={search_term_string}"},"query-input":{"@type":"PropertyValueSpecification","valueRequired":true,"valueName":"search_term_string"}}],"inLanguage":"es"},{"@type":"Organization","@id":"https:\/\/diarioprincipios.com\/#organization","name":"Principios","url":"https:\/\/diarioprincipios.com\/","logo":{"@type":"ImageObject","inLanguage":"es","@id":"https:\/\/diarioprincipios.com\/#\/schema\/logo\/image\/","url":"https:\/\/diarioprincipios.com\/wp-content\/uploads\/2024\/04\/cropped-www.diarioprincipios.com_-1.png","contentUrl":"https:\/\/diarioprincipios.com\/wp-content\/uploads\/2024\/04\/cropped-www.diarioprincipios.com_-1.png","width":5325,"height":1454,"caption":"Principios"},"image":{"@id":"https:\/\/diarioprincipios.com\/#\/schema\/logo\/image\/"}},{"@type":"Person","@id":"https:\/\/diarioprincipios.com\/#\/schema\/person\/436d5a1fd41a5e250e23ff5a6a7cb080","name":"Hern\u00e1n L\u00f3pez","image":{"@type":"ImageObject","inLanguage":"es","@id":"https:\/\/diarioprincipios.com\/wp-content\/litespeed\/avatar\/11ddfe5610ff3bd100522525b2571f48.jpg?ver=1777048341","url":"https:\/\/diarioprincipios.com\/wp-content\/litespeed\/avatar\/11ddfe5610ff3bd100522525b2571f48.jpg?ver=1777048341","contentUrl":"https:\/\/diarioprincipios.com\/wp-content\/litespeed\/avatar\/11ddfe5610ff3bd100522525b2571f48.jpg?ver=1777048341","caption":"Hern\u00e1n L\u00f3pez"},"url":"https:\/\/diarioprincipios.com\/index.php\/author\/hernan\/"}]}},"jetpack_featured_media_url":"https:\/\/diarioprincipios.com\/wp-content\/uploads\/2020\/06\/1593445490953.jpg","_links":{"self":[{"href":"https:\/\/diarioprincipios.com\/index.php\/wp-json\/wp\/v2\/posts\/3477","targetHints":{"allow":["GET"]}}],"collection":[{"href":"https:\/\/diarioprincipios.com\/index.php\/wp-json\/wp\/v2\/posts"}],"about":[{"href":"https:\/\/diarioprincipios.com\/index.php\/wp-json\/wp\/v2\/types\/post"}],"author":[{"embeddable":true,"href":"https:\/\/diarioprincipios.com\/index.php\/wp-json\/wp\/v2\/users\/2"}],"replies":[{"embeddable":true,"href":"https:\/\/diarioprincipios.com\/index.php\/wp-json\/wp\/v2\/comments?post=3477"}],"version-history":[{"count":1,"href":"https:\/\/diarioprincipios.com\/index.php\/wp-json\/wp\/v2\/posts\/3477\/revisions"}],"predecessor-version":[{"id":3479,"href":"https:\/\/diarioprincipios.com\/index.php\/wp-json\/wp\/v2\/posts\/3477\/revisions\/3479"}],"wp:featuredmedia":[{"embeddable":true,"href":"https:\/\/diarioprincipios.com\/index.php\/wp-json\/wp\/v2\/media\/3478"}],"wp:attachment":[{"href":"https:\/\/diarioprincipios.com\/index.php\/wp-json\/wp\/v2\/media?parent=3477"}],"wp:term":[{"taxonomy":"category","embeddable":true,"href":"https:\/\/diarioprincipios.com\/index.php\/wp-json\/wp\/v2\/categories?post=3477"},{"taxonomy":"post_tag","embeddable":true,"href":"https:\/\/diarioprincipios.com\/index.php\/wp-json\/wp\/v2\/tags?post=3477"}],"curies":[{"name":"wp","href":"https:\/\/api.w.org\/{rel}","templated":true}]}}