{"id":3470,"date":"2020-06-29T11:23:31","date_gmt":"2020-06-29T14:23:31","guid":{"rendered":"http:\/\/diarioprincipios.com\/?p=3470"},"modified":"2020-06-29T11:24:15","modified_gmt":"2020-06-29T14:24:15","slug":"estudiantes-y-docentes-de-la-carrera-de-bioingenieria-de-la-unaj-ponen-en-marcha-equipos-de-hospitales-modulares","status":"publish","type":"post","link":"https:\/\/diarioprincipios.com\/index.php\/2020\/06\/29\/estudiantes-y-docentes-de-la-carrera-de-bioingenieria-de-la-unaj-ponen-en-marcha-equipos-de-hospitales-modulares\/","title":{"rendered":"Estudiantes y docentes de la carrera de Bioingenier\u00eda de la UNAJ ponen en marcha equipos de hospitales modulares"},"content":{"rendered":"\n<p>Estudiantes de la carrera de Bioingenier\u00eda de la Universidad Nacional Arturo Jauretche, junto a docentes y t\u00e9cnicos del Hospital El Cruce (HEC) de Florencio Varela, realizan la instalaci\u00f3n y puesta en marcha del equipamiento de los hospitales modulares, creados en distintos distritos para contener la demanda creciente por contagios de COVID-19 en la regi\u00f3n. Esta semana dejaron listo y en funcionamiento el centro modular anexo al Hospital \u201cPapa Francisco\u201d (ex UPA) en Hurlingham. All\u00ed se instalaron 24 camas de terapia intensiva y 56 camas de terapia intermedia, con los respiradores y el equipamiento necesario.<\/p>\n\n\n\n<p>\u201cLa presencia de estudiantes y docentes de la carrera de Bioingenier\u00eda, aportando conocimiento y compromiso con la sociedad, evidencia una de las tantas contribuciones de la UNAJ frente a la pandemia mundial de COVID-19\u201d, se\u00f1ala el ingeniero Fernando Ballina, coordinador de la carrera de Bioingenier\u00eda.<\/p>\n\n\n\n<figure class=\"wp-block-image\"><a href=\"https:\/\/www.unaj.edu.ar\/wp-content\/uploads\/2020\/06\/06.jpg\"><img decoding=\"async\" src=\"https:\/\/www.unaj.edu.ar\/wp-content\/uploads\/2020\/06\/06-300x300.jpg\" alt=\"\"\/><\/a><\/figure>\n\n\n\n<figure class=\"wp-block-image\"><a href=\"https:\/\/www.unaj.edu.ar\/wp-content\/uploads\/2020\/06\/04.jpg\"><img decoding=\"async\" src=\"https:\/\/www.unaj.edu.ar\/wp-content\/uploads\/2020\/06\/04-300x300.jpg\" alt=\"\"\/><\/a><\/figure>\n\n\n\n<figure class=\"wp-block-image\"><a href=\"https:\/\/www.unaj.edu.ar\/wp-content\/uploads\/2020\/06\/02.jpg\"><img decoding=\"async\" src=\"https:\/\/www.unaj.edu.ar\/wp-content\/uploads\/2020\/06\/02-300x300.jpg\" alt=\"\"\/><\/a><\/figure>\n\n\n\n<p>El de Hurlingham es uno de los 12 centros que construy\u00f3 el gobierno nacional con el objetivo de ampliar la red de emergencia para atender la pandemia. El resto de los hospitales modulares se encuentra en Almirante Brown, Florencio Varela, General Rodr\u00edguez, Lomas de Zamora, Moreno, Quilmes, Tres de Febrero y Mar del Plata (Buenos Aires), en Resistencia (Chaco), en C\u00f3rdoba Capital y en Granadero Baigorria (Santa Fe). Hasta ahora se sumaron 840 camas de terapia e internaci\u00f3n, 276 respiradores y 24 ventiladores de transporte.<\/p>\n\n\n\n<p>\u201cEste equipo de trabajo, que se arm\u00f3 entre estudiantes, docentes y t\u00e9cnicos del HEC, ya pas\u00f3 por los modulares de Hurlingham, Florencio Varela, Moreno, Quilmes, Almirante Brown y Lomas de Zamora. En mi opini\u00f3n, la participaci\u00f3n en conjunto de los estudiantes de Bioingenier\u00eda de la UNAJ con el Hospital El Cruce fue y es fundamental para lo que es la puesta en marcha de los equipos m\u00e9dicos de estos centros\u201d, comenta Franco Ornatovich, t\u00e9cnico del \u00e1rea de Ingenier\u00eda Cl\u00ednica del Hospital El Cruce y estudiante de Biotecnolog\u00eda de la UNAJ.<\/p>\n\n\n\n<figure class=\"wp-block-image\"><a href=\"https:\/\/www.unaj.edu.ar\/wp-content\/uploads\/2020\/06\/01.jpg\"><img decoding=\"async\" src=\"https:\/\/www.unaj.edu.ar\/wp-content\/uploads\/2020\/06\/01-300x300.jpg\" alt=\"\"\/><\/a><\/figure>\n\n\n\n<figure class=\"wp-block-image\"><a href=\"https:\/\/www.unaj.edu.ar\/wp-content\/uploads\/2020\/06\/03.jpg\"><img decoding=\"async\" src=\"https:\/\/www.unaj.edu.ar\/wp-content\/uploads\/2020\/06\/03-300x300.jpg\" alt=\"\"\/><\/a><\/figure>\n\n\n\n<figure class=\"wp-block-image\"><a href=\"https:\/\/www.unaj.edu.ar\/wp-content\/uploads\/2020\/06\/05.jpg\"><img decoding=\"async\" src=\"https:\/\/www.unaj.edu.ar\/wp-content\/uploads\/2020\/06\/05-300x300.jpg\" alt=\"\"\/><\/a><\/figure>\n\n\n\n<h3 class=\"wp-block-heading\"><strong>Estudiantes contratados para asistir en los hospitales<\/strong><\/h3>\n\n\n\n<p>Ante la necesidad surgida en algunos hospitales modulares, vinculada a la asistencia en el funcionamiento y que los equipos sean utilizados de forma adecuada, desde el Hospital El Cruce se gestionaron contratos para que tres estudiantes de Biotecnolog\u00eda de la Universidad Arturo Jauretche trabajen en distintos centros. As\u00ed, de lunes a viernes de 9 a 15, Maia Caballero supervisa y colabora en el centro modular de Florencio Varela, Ulises Romero hace lo suyo en el modular de Quilmes y Christian Gaet\u00e1n en el modular de Almirante Brown.<\/p>\n\n\n\n<p>Desde la llegada del COVID-19 a nuestro pa\u00eds, desde la UNAJ se asumi\u00f3 el compromiso de generar y transferir conocimiento para el desarrollo de elementos de diagn\u00f3stico, preventivos y paliativos, como as\u00ed tambi\u00e9n el acompa\u00f1amiento de diversas pol\u00edticas y acciones dispuestas por el estado nacional, provincial y municipal.<\/p>\n","protected":false},"excerpt":{"rendered":"<p>Estudiantes de la carrera de Bioingenier\u00eda de la Universidad Nacional Arturo Jauretche, junto a docentes y t\u00e9cnicos del Hospital El Cruce (HEC) de Florencio Varela, realizan la instalaci\u00f3n y puesta en marcha del equipamiento de los hospitales modulares, creados en distintos distritos para contener la demanda creciente por contagios de COVID-19 en la regi\u00f3n. Esta&#8230;<\/p>\n","protected":false},"author":2,"featured_media":3471,"comment_status":"open","ping_status":"open","sticky":false,"template":"","format":"standard","meta":{"footnotes":""},"categories":[7],"tags":[],"class_list":["post-3470","post","type-post","status-publish","format-standard","has-post-thumbnail","hentry","category-provincia"],"featured_image_src":"https:\/\/diarioprincipios.com\/wp-content\/uploads\/2020\/06\/07.jpg","blog_images":{"medium":"https:\/\/diarioprincipios.com\/wp-content\/uploads\/2020\/06\/07-300x169.jpg","large":"https:\/\/diarioprincipios.com\/wp-content\/uploads\/2020\/06\/07.jpg"},"ams_acf":[],"yoast_head":"<!-- This site is optimized with the Yoast SEO plugin v27.3 - https:\/\/yoast.com\/product\/yoast-seo-wordpress\/ -->\n<title>Estudiantes y docentes de la carrera de Bioingenier\u00eda de la UNAJ ponen en marcha equipos de hospitales modulares - Principios<\/title>\n<meta name=\"robots\" content=\"index, follow, max-snippet:-1, max-image-preview:large, max-video-preview:-1\" \/>\n<link rel=\"canonical\" href=\"https:\/\/diarioprincipios.com\/index.php\/2020\/06\/29\/estudiantes-y-docentes-de-la-carrera-de-bioingenieria-de-la-unaj-ponen-en-marcha-equipos-de-hospitales-modulares\/\" \/>\n<meta property=\"og:locale\" content=\"es_ES\" \/>\n<meta property=\"og:type\" content=\"article\" \/>\n<meta property=\"og:title\" content=\"Estudiantes y docentes de la carrera de Bioingenier\u00eda de la UNAJ ponen en marcha equipos de hospitales modulares - Principios\" \/>\n<meta property=\"og:description\" content=\"Estudiantes de la carrera de Bioingenier\u00eda de la Universidad Nacional Arturo Jauretche, junto a docentes y t\u00e9cnicos del Hospital El Cruce (HEC) de Florencio Varela, realizan la instalaci\u00f3n y puesta en marcha del equipamiento de los hospitales modulares, creados en distintos distritos para contener la demanda creciente por contagios de COVID-19 en la regi\u00f3n. Esta...\" \/>\n<meta property=\"og:url\" content=\"https:\/\/diarioprincipios.com\/index.php\/2020\/06\/29\/estudiantes-y-docentes-de-la-carrera-de-bioingenieria-de-la-unaj-ponen-en-marcha-equipos-de-hospitales-modulares\/\" \/>\n<meta property=\"og:site_name\" content=\"Principios\" \/>\n<meta property=\"article:published_time\" content=\"2020-06-29T14:23:31+00:00\" \/>\n<meta property=\"article:modified_time\" content=\"2020-06-29T14:24:15+00:00\" \/>\n<meta property=\"og:image\" content=\"https:\/\/diarioprincipios.com\/wp-content\/uploads\/2020\/06\/07.jpg\" \/>\n\t<meta property=\"og:image:width\" content=\"680\" \/>\n\t<meta property=\"og:image:height\" content=\"383\" \/>\n\t<meta property=\"og:image:type\" content=\"image\/jpeg\" \/>\n<meta name=\"author\" content=\"Hern\u00e1n L\u00f3pez\" \/>\n<meta name=\"twitter:card\" content=\"summary_large_image\" \/>\n<meta name=\"twitter:label1\" content=\"Escrito por\" \/>\n\t<meta name=\"twitter:data1\" content=\"Hern\u00e1n L\u00f3pez\" \/>\n\t<meta name=\"twitter:label2\" content=\"Tiempo de lectura\" \/>\n\t<meta name=\"twitter:data2\" content=\"2 minutos\" \/>\n<script type=\"application\/ld+json\" class=\"yoast-schema-graph\">{\"@context\":\"https:\\\/\\\/schema.org\",\"@graph\":[{\"@type\":\"Article\",\"@id\":\"https:\\\/\\\/diarioprincipios.com\\\/index.php\\\/2020\\\/06\\\/29\\\/estudiantes-y-docentes-de-la-carrera-de-bioingenieria-de-la-unaj-ponen-en-marcha-equipos-de-hospitales-modulares\\\/#article\",\"isPartOf\":{\"@id\":\"https:\\\/\\\/diarioprincipios.com\\\/index.php\\\/2020\\\/06\\\/29\\\/estudiantes-y-docentes-de-la-carrera-de-bioingenieria-de-la-unaj-ponen-en-marcha-equipos-de-hospitales-modulares\\\/\"},\"author\":{\"name\":\"Hern\u00e1n L\u00f3pez\",\"@id\":\"https:\\\/\\\/diarioprincipios.com\\\/#\\\/schema\\\/person\\\/436d5a1fd41a5e250e23ff5a6a7cb080\"},\"headline\":\"Estudiantes y docentes de la carrera de Bioingenier\u00eda de la UNAJ ponen en marcha equipos de hospitales modulares\",\"datePublished\":\"2020-06-29T14:23:31+00:00\",\"dateModified\":\"2020-06-29T14:24:15+00:00\",\"mainEntityOfPage\":{\"@id\":\"https:\\\/\\\/diarioprincipios.com\\\/index.php\\\/2020\\\/06\\\/29\\\/estudiantes-y-docentes-de-la-carrera-de-bioingenieria-de-la-unaj-ponen-en-marcha-equipos-de-hospitales-modulares\\\/\"},\"wordCount\":493,\"commentCount\":0,\"publisher\":{\"@id\":\"https:\\\/\\\/diarioprincipios.com\\\/#organization\"},\"image\":{\"@id\":\"https:\\\/\\\/diarioprincipios.com\\\/index.php\\\/2020\\\/06\\\/29\\\/estudiantes-y-docentes-de-la-carrera-de-bioingenieria-de-la-unaj-ponen-en-marcha-equipos-de-hospitales-modulares\\\/#primaryimage\"},\"thumbnailUrl\":\"https:\\\/\\\/diarioprincipios.com\\\/wp-content\\\/uploads\\\/2020\\\/06\\\/07.jpg\",\"articleSection\":[\"Provincia\"],\"inLanguage\":\"es\",\"potentialAction\":[{\"@type\":\"CommentAction\",\"name\":\"Comment\",\"target\":[\"https:\\\/\\\/diarioprincipios.com\\\/index.php\\\/2020\\\/06\\\/29\\\/estudiantes-y-docentes-de-la-carrera-de-bioingenieria-de-la-unaj-ponen-en-marcha-equipos-de-hospitales-modulares\\\/#respond\"]}]},{\"@type\":\"WebPage\",\"@id\":\"https:\\\/\\\/diarioprincipios.com\\\/index.php\\\/2020\\\/06\\\/29\\\/estudiantes-y-docentes-de-la-carrera-de-bioingenieria-de-la-unaj-ponen-en-marcha-equipos-de-hospitales-modulares\\\/\",\"url\":\"https:\\\/\\\/diarioprincipios.com\\\/index.php\\\/2020\\\/06\\\/29\\\/estudiantes-y-docentes-de-la-carrera-de-bioingenieria-de-la-unaj-ponen-en-marcha-equipos-de-hospitales-modulares\\\/\",\"name\":\"Estudiantes y docentes de la carrera de Bioingenier\u00eda de la UNAJ ponen en marcha equipos de hospitales modulares - Principios\",\"isPartOf\":{\"@id\":\"https:\\\/\\\/diarioprincipios.com\\\/#website\"},\"primaryImageOfPage\":{\"@id\":\"https:\\\/\\\/diarioprincipios.com\\\/index.php\\\/2020\\\/06\\\/29\\\/estudiantes-y-docentes-de-la-carrera-de-bioingenieria-de-la-unaj-ponen-en-marcha-equipos-de-hospitales-modulares\\\/#primaryimage\"},\"image\":{\"@id\":\"https:\\\/\\\/diarioprincipios.com\\\/index.php\\\/2020\\\/06\\\/29\\\/estudiantes-y-docentes-de-la-carrera-de-bioingenieria-de-la-unaj-ponen-en-marcha-equipos-de-hospitales-modulares\\\/#primaryimage\"},\"thumbnailUrl\":\"https:\\\/\\\/diarioprincipios.com\\\/wp-content\\\/uploads\\\/2020\\\/06\\\/07.jpg\",\"datePublished\":\"2020-06-29T14:23:31+00:00\",\"dateModified\":\"2020-06-29T14:24:15+00:00\",\"breadcrumb\":{\"@id\":\"https:\\\/\\\/diarioprincipios.com\\\/index.php\\\/2020\\\/06\\\/29\\\/estudiantes-y-docentes-de-la-carrera-de-bioingenieria-de-la-unaj-ponen-en-marcha-equipos-de-hospitales-modulares\\\/#breadcrumb\"},\"inLanguage\":\"es\",\"potentialAction\":[{\"@type\":\"ReadAction\",\"target\":[\"https:\\\/\\\/diarioprincipios.com\\\/index.php\\\/2020\\\/06\\\/29\\\/estudiantes-y-docentes-de-la-carrera-de-bioingenieria-de-la-unaj-ponen-en-marcha-equipos-de-hospitales-modulares\\\/\"]}]},{\"@type\":\"ImageObject\",\"inLanguage\":\"es\",\"@id\":\"https:\\\/\\\/diarioprincipios.com\\\/index.php\\\/2020\\\/06\\\/29\\\/estudiantes-y-docentes-de-la-carrera-de-bioingenieria-de-la-unaj-ponen-en-marcha-equipos-de-hospitales-modulares\\\/#primaryimage\",\"url\":\"https:\\\/\\\/diarioprincipios.com\\\/wp-content\\\/uploads\\\/2020\\\/06\\\/07.jpg\",\"contentUrl\":\"https:\\\/\\\/diarioprincipios.com\\\/wp-content\\\/uploads\\\/2020\\\/06\\\/07.jpg\",\"width\":680,\"height\":383},{\"@type\":\"BreadcrumbList\",\"@id\":\"https:\\\/\\\/diarioprincipios.com\\\/index.php\\\/2020\\\/06\\\/29\\\/estudiantes-y-docentes-de-la-carrera-de-bioingenieria-de-la-unaj-ponen-en-marcha-equipos-de-hospitales-modulares\\\/#breadcrumb\",\"itemListElement\":[{\"@type\":\"ListItem\",\"position\":1,\"name\":\"Portada\",\"item\":\"https:\\\/\\\/diarioprincipios.com\\\/\"},{\"@type\":\"ListItem\",\"position\":2,\"name\":\"Estudiantes y docentes de la carrera de Bioingenier\u00eda de la UNAJ ponen en marcha equipos de hospitales modulares\"}]},{\"@type\":\"WebSite\",\"@id\":\"https:\\\/\\\/diarioprincipios.com\\\/#website\",\"url\":\"https:\\\/\\\/diarioprincipios.com\\\/\",\"name\":\"Principios\",\"description\":\"Principios Diario\",\"publisher\":{\"@id\":\"https:\\\/\\\/diarioprincipios.com\\\/#organization\"},\"potentialAction\":[{\"@type\":\"SearchAction\",\"target\":{\"@type\":\"EntryPoint\",\"urlTemplate\":\"https:\\\/\\\/diarioprincipios.com\\\/?s={search_term_string}\"},\"query-input\":{\"@type\":\"PropertyValueSpecification\",\"valueRequired\":true,\"valueName\":\"search_term_string\"}}],\"inLanguage\":\"es\"},{\"@type\":\"Organization\",\"@id\":\"https:\\\/\\\/diarioprincipios.com\\\/#organization\",\"name\":\"Principios\",\"url\":\"https:\\\/\\\/diarioprincipios.com\\\/\",\"logo\":{\"@type\":\"ImageObject\",\"inLanguage\":\"es\",\"@id\":\"https:\\\/\\\/diarioprincipios.com\\\/#\\\/schema\\\/logo\\\/image\\\/\",\"url\":\"https:\\\/\\\/diarioprincipios.com\\\/wp-content\\\/uploads\\\/2024\\\/04\\\/cropped-www.diarioprincipios.com_-1.png\",\"contentUrl\":\"https:\\\/\\\/diarioprincipios.com\\\/wp-content\\\/uploads\\\/2024\\\/04\\\/cropped-www.diarioprincipios.com_-1.png\",\"width\":5325,\"height\":1454,\"caption\":\"Principios\"},\"image\":{\"@id\":\"https:\\\/\\\/diarioprincipios.com\\\/#\\\/schema\\\/logo\\\/image\\\/\"}},{\"@type\":\"Person\",\"@id\":\"https:\\\/\\\/diarioprincipios.com\\\/#\\\/schema\\\/person\\\/436d5a1fd41a5e250e23ff5a6a7cb080\",\"name\":\"Hern\u00e1n L\u00f3pez\",\"image\":{\"@type\":\"ImageObject\",\"inLanguage\":\"es\",\"@id\":\"https:\\\/\\\/diarioprincipios.com\\\/wp-content\\\/litespeed\\\/avatar\\\/11ddfe5610ff3bd100522525b2571f48.jpg?ver=1777653193\",\"url\":\"https:\\\/\\\/diarioprincipios.com\\\/wp-content\\\/litespeed\\\/avatar\\\/11ddfe5610ff3bd100522525b2571f48.jpg?ver=1777653193\",\"contentUrl\":\"https:\\\/\\\/diarioprincipios.com\\\/wp-content\\\/litespeed\\\/avatar\\\/11ddfe5610ff3bd100522525b2571f48.jpg?ver=1777653193\",\"caption\":\"Hern\u00e1n L\u00f3pez\"},\"url\":\"https:\\\/\\\/diarioprincipios.com\\\/index.php\\\/author\\\/hernan\\\/\"}]}<\/script>\n<!-- \/ Yoast SEO plugin. -->","yoast_head_json":{"title":"Estudiantes y docentes de la carrera de Bioingenier\u00eda de la UNAJ ponen en marcha equipos de hospitales modulares - Principios","robots":{"index":"index","follow":"follow","max-snippet":"max-snippet:-1","max-image-preview":"max-image-preview:large","max-video-preview":"max-video-preview:-1"},"canonical":"https:\/\/diarioprincipios.com\/index.php\/2020\/06\/29\/estudiantes-y-docentes-de-la-carrera-de-bioingenieria-de-la-unaj-ponen-en-marcha-equipos-de-hospitales-modulares\/","og_locale":"es_ES","og_type":"article","og_title":"Estudiantes y docentes de la carrera de Bioingenier\u00eda de la UNAJ ponen en marcha equipos de hospitales modulares - Principios","og_description":"Estudiantes de la carrera de Bioingenier\u00eda de la Universidad Nacional Arturo Jauretche, junto a docentes y t\u00e9cnicos del Hospital El Cruce (HEC) de Florencio Varela, realizan la instalaci\u00f3n y puesta en marcha del equipamiento de los hospitales modulares, creados en distintos distritos para contener la demanda creciente por contagios de COVID-19 en la regi\u00f3n. Esta...","og_url":"https:\/\/diarioprincipios.com\/index.php\/2020\/06\/29\/estudiantes-y-docentes-de-la-carrera-de-bioingenieria-de-la-unaj-ponen-en-marcha-equipos-de-hospitales-modulares\/","og_site_name":"Principios","article_published_time":"2020-06-29T14:23:31+00:00","article_modified_time":"2020-06-29T14:24:15+00:00","og_image":[{"width":680,"height":383,"url":"https:\/\/diarioprincipios.com\/wp-content\/uploads\/2020\/06\/07.jpg","type":"image\/jpeg"}],"author":"Hern\u00e1n L\u00f3pez","twitter_card":"summary_large_image","twitter_misc":{"Escrito por":"Hern\u00e1n L\u00f3pez","Tiempo de lectura":"2 minutos"},"schema":{"@context":"https:\/\/schema.org","@graph":[{"@type":"Article","@id":"https:\/\/diarioprincipios.com\/index.php\/2020\/06\/29\/estudiantes-y-docentes-de-la-carrera-de-bioingenieria-de-la-unaj-ponen-en-marcha-equipos-de-hospitales-modulares\/#article","isPartOf":{"@id":"https:\/\/diarioprincipios.com\/index.php\/2020\/06\/29\/estudiantes-y-docentes-de-la-carrera-de-bioingenieria-de-la-unaj-ponen-en-marcha-equipos-de-hospitales-modulares\/"},"author":{"name":"Hern\u00e1n L\u00f3pez","@id":"https:\/\/diarioprincipios.com\/#\/schema\/person\/436d5a1fd41a5e250e23ff5a6a7cb080"},"headline":"Estudiantes y docentes de la carrera de Bioingenier\u00eda de la UNAJ ponen en marcha equipos de hospitales modulares","datePublished":"2020-06-29T14:23:31+00:00","dateModified":"2020-06-29T14:24:15+00:00","mainEntityOfPage":{"@id":"https:\/\/diarioprincipios.com\/index.php\/2020\/06\/29\/estudiantes-y-docentes-de-la-carrera-de-bioingenieria-de-la-unaj-ponen-en-marcha-equipos-de-hospitales-modulares\/"},"wordCount":493,"commentCount":0,"publisher":{"@id":"https:\/\/diarioprincipios.com\/#organization"},"image":{"@id":"https:\/\/diarioprincipios.com\/index.php\/2020\/06\/29\/estudiantes-y-docentes-de-la-carrera-de-bioingenieria-de-la-unaj-ponen-en-marcha-equipos-de-hospitales-modulares\/#primaryimage"},"thumbnailUrl":"https:\/\/diarioprincipios.com\/wp-content\/uploads\/2020\/06\/07.jpg","articleSection":["Provincia"],"inLanguage":"es","potentialAction":[{"@type":"CommentAction","name":"Comment","target":["https:\/\/diarioprincipios.com\/index.php\/2020\/06\/29\/estudiantes-y-docentes-de-la-carrera-de-bioingenieria-de-la-unaj-ponen-en-marcha-equipos-de-hospitales-modulares\/#respond"]}]},{"@type":"WebPage","@id":"https:\/\/diarioprincipios.com\/index.php\/2020\/06\/29\/estudiantes-y-docentes-de-la-carrera-de-bioingenieria-de-la-unaj-ponen-en-marcha-equipos-de-hospitales-modulares\/","url":"https:\/\/diarioprincipios.com\/index.php\/2020\/06\/29\/estudiantes-y-docentes-de-la-carrera-de-bioingenieria-de-la-unaj-ponen-en-marcha-equipos-de-hospitales-modulares\/","name":"Estudiantes y docentes de la carrera de Bioingenier\u00eda de la UNAJ ponen en marcha equipos de hospitales modulares - Principios","isPartOf":{"@id":"https:\/\/diarioprincipios.com\/#website"},"primaryImageOfPage":{"@id":"https:\/\/diarioprincipios.com\/index.php\/2020\/06\/29\/estudiantes-y-docentes-de-la-carrera-de-bioingenieria-de-la-unaj-ponen-en-marcha-equipos-de-hospitales-modulares\/#primaryimage"},"image":{"@id":"https:\/\/diarioprincipios.com\/index.php\/2020\/06\/29\/estudiantes-y-docentes-de-la-carrera-de-bioingenieria-de-la-unaj-ponen-en-marcha-equipos-de-hospitales-modulares\/#primaryimage"},"thumbnailUrl":"https:\/\/diarioprincipios.com\/wp-content\/uploads\/2020\/06\/07.jpg","datePublished":"2020-06-29T14:23:31+00:00","dateModified":"2020-06-29T14:24:15+00:00","breadcrumb":{"@id":"https:\/\/diarioprincipios.com\/index.php\/2020\/06\/29\/estudiantes-y-docentes-de-la-carrera-de-bioingenieria-de-la-unaj-ponen-en-marcha-equipos-de-hospitales-modulares\/#breadcrumb"},"inLanguage":"es","potentialAction":[{"@type":"ReadAction","target":["https:\/\/diarioprincipios.com\/index.php\/2020\/06\/29\/estudiantes-y-docentes-de-la-carrera-de-bioingenieria-de-la-unaj-ponen-en-marcha-equipos-de-hospitales-modulares\/"]}]},{"@type":"ImageObject","inLanguage":"es","@id":"https:\/\/diarioprincipios.com\/index.php\/2020\/06\/29\/estudiantes-y-docentes-de-la-carrera-de-bioingenieria-de-la-unaj-ponen-en-marcha-equipos-de-hospitales-modulares\/#primaryimage","url":"https:\/\/diarioprincipios.com\/wp-content\/uploads\/2020\/06\/07.jpg","contentUrl":"https:\/\/diarioprincipios.com\/wp-content\/uploads\/2020\/06\/07.jpg","width":680,"height":383},{"@type":"BreadcrumbList","@id":"https:\/\/diarioprincipios.com\/index.php\/2020\/06\/29\/estudiantes-y-docentes-de-la-carrera-de-bioingenieria-de-la-unaj-ponen-en-marcha-equipos-de-hospitales-modulares\/#breadcrumb","itemListElement":[{"@type":"ListItem","position":1,"name":"Portada","item":"https:\/\/diarioprincipios.com\/"},{"@type":"ListItem","position":2,"name":"Estudiantes y docentes de la carrera de Bioingenier\u00eda de la UNAJ ponen en marcha equipos de hospitales modulares"}]},{"@type":"WebSite","@id":"https:\/\/diarioprincipios.com\/#website","url":"https:\/\/diarioprincipios.com\/","name":"Principios","description":"Principios Diario","publisher":{"@id":"https:\/\/diarioprincipios.com\/#organization"},"potentialAction":[{"@type":"SearchAction","target":{"@type":"EntryPoint","urlTemplate":"https:\/\/diarioprincipios.com\/?s={search_term_string}"},"query-input":{"@type":"PropertyValueSpecification","valueRequired":true,"valueName":"search_term_string"}}],"inLanguage":"es"},{"@type":"Organization","@id":"https:\/\/diarioprincipios.com\/#organization","name":"Principios","url":"https:\/\/diarioprincipios.com\/","logo":{"@type":"ImageObject","inLanguage":"es","@id":"https:\/\/diarioprincipios.com\/#\/schema\/logo\/image\/","url":"https:\/\/diarioprincipios.com\/wp-content\/uploads\/2024\/04\/cropped-www.diarioprincipios.com_-1.png","contentUrl":"https:\/\/diarioprincipios.com\/wp-content\/uploads\/2024\/04\/cropped-www.diarioprincipios.com_-1.png","width":5325,"height":1454,"caption":"Principios"},"image":{"@id":"https:\/\/diarioprincipios.com\/#\/schema\/logo\/image\/"}},{"@type":"Person","@id":"https:\/\/diarioprincipios.com\/#\/schema\/person\/436d5a1fd41a5e250e23ff5a6a7cb080","name":"Hern\u00e1n L\u00f3pez","image":{"@type":"ImageObject","inLanguage":"es","@id":"https:\/\/diarioprincipios.com\/wp-content\/litespeed\/avatar\/11ddfe5610ff3bd100522525b2571f48.jpg?ver=1777653193","url":"https:\/\/diarioprincipios.com\/wp-content\/litespeed\/avatar\/11ddfe5610ff3bd100522525b2571f48.jpg?ver=1777653193","contentUrl":"https:\/\/diarioprincipios.com\/wp-content\/litespeed\/avatar\/11ddfe5610ff3bd100522525b2571f48.jpg?ver=1777653193","caption":"Hern\u00e1n L\u00f3pez"},"url":"https:\/\/diarioprincipios.com\/index.php\/author\/hernan\/"}]}},"jetpack_featured_media_url":"https:\/\/diarioprincipios.com\/wp-content\/uploads\/2020\/06\/07.jpg","_links":{"self":[{"href":"https:\/\/diarioprincipios.com\/index.php\/wp-json\/wp\/v2\/posts\/3470","targetHints":{"allow":["GET"]}}],"collection":[{"href":"https:\/\/diarioprincipios.com\/index.php\/wp-json\/wp\/v2\/posts"}],"about":[{"href":"https:\/\/diarioprincipios.com\/index.php\/wp-json\/wp\/v2\/types\/post"}],"author":[{"embeddable":true,"href":"https:\/\/diarioprincipios.com\/index.php\/wp-json\/wp\/v2\/users\/2"}],"replies":[{"embeddable":true,"href":"https:\/\/diarioprincipios.com\/index.php\/wp-json\/wp\/v2\/comments?post=3470"}],"version-history":[{"count":2,"href":"https:\/\/diarioprincipios.com\/index.php\/wp-json\/wp\/v2\/posts\/3470\/revisions"}],"predecessor-version":[{"id":3473,"href":"https:\/\/diarioprincipios.com\/index.php\/wp-json\/wp\/v2\/posts\/3470\/revisions\/3473"}],"wp:featuredmedia":[{"embeddable":true,"href":"https:\/\/diarioprincipios.com\/index.php\/wp-json\/wp\/v2\/media\/3471"}],"wp:attachment":[{"href":"https:\/\/diarioprincipios.com\/index.php\/wp-json\/wp\/v2\/media?parent=3470"}],"wp:term":[{"taxonomy":"category","embeddable":true,"href":"https:\/\/diarioprincipios.com\/index.php\/wp-json\/wp\/v2\/categories?post=3470"},{"taxonomy":"post_tag","embeddable":true,"href":"https:\/\/diarioprincipios.com\/index.php\/wp-json\/wp\/v2\/tags?post=3470"}],"curies":[{"name":"wp","href":"https:\/\/api.w.org\/{rel}","templated":true}]}}