{"id":3450,"date":"2020-06-28T16:08:54","date_gmt":"2020-06-28T19:08:54","guid":{"rendered":"http:\/\/diarioprincipios.com\/?p=3450"},"modified":"2020-06-28T16:08:59","modified_gmt":"2020-06-28T19:08:59","slug":"industria-4-0-convocan-a-emprendedores-a-presentar-proyectos-para-potenciar-negocios","status":"publish","type":"post","link":"https:\/\/diarioprincipios.com\/index.php\/2020\/06\/28\/industria-4-0-convocan-a-emprendedores-a-presentar-proyectos-para-potenciar-negocios\/","title":{"rendered":"Industria 4.0: convocan a emprendedores a presentar proyectos para potenciar negocios"},"content":{"rendered":"\n<p>La Asociaci\u00f3n de Industriales Metal\u00fargicos de la Rep\u00fablica Argentina (Adimra) convoc\u00f3 a emprendedores y empresas de todo el pa\u00eds a presentar proyectos innovadores para la industria metal\u00fargica 4.0, en el marco de un concurso que destinar\u00e1 $300.000 para la propuesta seleccionada.<\/p>\n\n\n\n<p>Esta nueva edici\u00f3n del concurso, se desarrolla bajo la consigna: \u00abBuscando Start-Ups que se encuentren desarrollando soluciones innovadoras para la Industria 4.0\u00bb, seg\u00fan inform\u00f3 Adimra en un comunicado.<\/p>\n\n\n\n<p>Mientras que los otros finalistas ser\u00e1n acompa\u00f1ados por expertos tecnol\u00f3gicos que los ayudar\u00e1n a avanzar con sus proyectos, y adem\u00e1s, los vincular\u00e1n con m\u00e1s de 25.000 empresas metal\u00fargicas para que puedan desarrollar sus negocios, avanzando en una din\u00e1mica de Innovaci\u00f3n Abierta.<\/p>\n\n\n\n<p>Las propuestas que podr\u00e1n participar son las vinculadas a las \u00e1reas de: Agro, Salud, Energ\u00eda, Petr\u00f3leo y Gas, Movilidad y Manufactura Avanzada y los desarrolladores tendr\u00e1n tiempo de presentar sus ideas hasta el 31 de agosto pr\u00f3ximo.<\/p>\n\n\n\n<p>En tanto, desde el gobierno nacional, a trav\u00e9s del Ministerio de Desarrollo Productivo, respald\u00f3 la realizaci\u00f3n de este concurso, y puso a disposici\u00f3n su Plataforma CapacitAR para acelerar a los mejores proyectos.<\/p>\n\n\n\n<p>Respecto al concurso el titular de Adimra, Orlando Castellani, expres\u00f3: los metal\u00fargicos estamos convencidos que debemos defender un proyecto de pa\u00eds con base industrial para alcanzar el desarrollo, fomentando el creciente agregado de valor, con un permanente desarrollo tecnol\u00f3gico y generando empleo calificado\u00bb.<\/p>\n\n\n\n<p>Agreg\u00f3 que desde la entidad \u00abapoyar\u00e1n y se convertir\u00e1n en aliados estrat\u00e9gicos de los proyectos seleccionados para acelerar su llegada al mercado\u00bb.<\/p>\n\n\n\n<p>La inscripci\u00f3n es a trav\u00e9s de la web: http:\/\/www.adimra.org.ar\/emprendedores.<\/p>\n","protected":false},"excerpt":{"rendered":"<p>La Asociaci\u00f3n de Industriales Metal\u00fargicos de la Rep\u00fablica Argentina (Adimra) convoc\u00f3 a emprendedores y empresas de todo el pa\u00eds a presentar proyectos innovadores para la industria metal\u00fargica 4.0, en el marco de un concurso que destinar\u00e1 $300.000 para la propuesta seleccionada. Esta nueva edici\u00f3n del concurso, se desarrolla bajo la consigna: \u00abBuscando Start-Ups que se&#8230;<\/p>\n","protected":false},"author":2,"featured_media":3451,"comment_status":"open","ping_status":"open","sticky":false,"template":"","format":"standard","meta":{"footnotes":""},"categories":[10],"tags":[],"class_list":["post-3450","post","type-post","status-publish","format-standard","has-post-thumbnail","hentry","category-nacion"],"featured_image_src":"https:\/\/diarioprincipios.com\/wp-content\/uploads\/2020\/06\/4461.png","blog_images":{"medium":"https:\/\/diarioprincipios.com\/wp-content\/uploads\/2020\/06\/4461-300x168.png","large":"https:\/\/diarioprincipios.com\/wp-content\/uploads\/2020\/06\/4461.png"},"ams_acf":[],"yoast_head":"<!-- This site is optimized with the Yoast SEO plugin v27.3 - https:\/\/yoast.com\/product\/yoast-seo-wordpress\/ -->\n<title>Industria 4.0: convocan a emprendedores a presentar proyectos para potenciar negocios - Principios<\/title>\n<meta name=\"robots\" content=\"index, follow, max-snippet:-1, max-image-preview:large, max-video-preview:-1\" \/>\n<link rel=\"canonical\" href=\"https:\/\/diarioprincipios.com\/index.php\/2020\/06\/28\/industria-4-0-convocan-a-emprendedores-a-presentar-proyectos-para-potenciar-negocios\/\" \/>\n<meta property=\"og:locale\" content=\"es_ES\" \/>\n<meta property=\"og:type\" content=\"article\" \/>\n<meta property=\"og:title\" content=\"Industria 4.0: convocan a emprendedores a presentar proyectos para potenciar negocios - Principios\" \/>\n<meta property=\"og:description\" content=\"La Asociaci\u00f3n de Industriales Metal\u00fargicos de la Rep\u00fablica Argentina (Adimra) convoc\u00f3 a emprendedores y empresas de todo el pa\u00eds a presentar proyectos innovadores para la industria metal\u00fargica 4.0, en el marco de un concurso que destinar\u00e1 $300.000 para la propuesta seleccionada. Esta nueva edici\u00f3n del concurso, se desarrolla bajo la consigna: \u00abBuscando Start-Ups que se...\" \/>\n<meta property=\"og:url\" content=\"https:\/\/diarioprincipios.com\/index.php\/2020\/06\/28\/industria-4-0-convocan-a-emprendedores-a-presentar-proyectos-para-potenciar-negocios\/\" \/>\n<meta property=\"og:site_name\" content=\"Principios\" \/>\n<meta property=\"article:published_time\" content=\"2020-06-28T19:08:54+00:00\" \/>\n<meta property=\"article:modified_time\" content=\"2020-06-28T19:08:59+00:00\" \/>\n<meta property=\"og:image\" content=\"https:\/\/diarioprincipios.com\/wp-content\/uploads\/2020\/06\/4461.png\" \/>\n\t<meta property=\"og:image:width\" content=\"880\" \/>\n\t<meta property=\"og:image:height\" content=\"493\" \/>\n\t<meta property=\"og:image:type\" content=\"image\/png\" \/>\n<meta name=\"author\" content=\"Hern\u00e1n L\u00f3pez\" \/>\n<meta name=\"twitter:card\" content=\"summary_large_image\" \/>\n<meta name=\"twitter:label1\" content=\"Escrito por\" \/>\n\t<meta name=\"twitter:data1\" content=\"Hern\u00e1n L\u00f3pez\" \/>\n\t<meta name=\"twitter:label2\" content=\"Tiempo de lectura\" \/>\n\t<meta name=\"twitter:data2\" content=\"1 minuto\" \/>\n<script type=\"application\/ld+json\" class=\"yoast-schema-graph\">{\"@context\":\"https:\\\/\\\/schema.org\",\"@graph\":[{\"@type\":\"Article\",\"@id\":\"https:\\\/\\\/diarioprincipios.com\\\/index.php\\\/2020\\\/06\\\/28\\\/industria-4-0-convocan-a-emprendedores-a-presentar-proyectos-para-potenciar-negocios\\\/#article\",\"isPartOf\":{\"@id\":\"https:\\\/\\\/diarioprincipios.com\\\/index.php\\\/2020\\\/06\\\/28\\\/industria-4-0-convocan-a-emprendedores-a-presentar-proyectos-para-potenciar-negocios\\\/\"},\"author\":{\"name\":\"Hern\u00e1n L\u00f3pez\",\"@id\":\"https:\\\/\\\/diarioprincipios.com\\\/#\\\/schema\\\/person\\\/436d5a1fd41a5e250e23ff5a6a7cb080\"},\"headline\":\"Industria 4.0: convocan a emprendedores a presentar proyectos para potenciar negocios\",\"datePublished\":\"2020-06-28T19:08:54+00:00\",\"dateModified\":\"2020-06-28T19:08:59+00:00\",\"mainEntityOfPage\":{\"@id\":\"https:\\\/\\\/diarioprincipios.com\\\/index.php\\\/2020\\\/06\\\/28\\\/industria-4-0-convocan-a-emprendedores-a-presentar-proyectos-para-potenciar-negocios\\\/\"},\"wordCount\":296,\"commentCount\":0,\"publisher\":{\"@id\":\"https:\\\/\\\/diarioprincipios.com\\\/#organization\"},\"image\":{\"@id\":\"https:\\\/\\\/diarioprincipios.com\\\/index.php\\\/2020\\\/06\\\/28\\\/industria-4-0-convocan-a-emprendedores-a-presentar-proyectos-para-potenciar-negocios\\\/#primaryimage\"},\"thumbnailUrl\":\"https:\\\/\\\/diarioprincipios.com\\\/wp-content\\\/uploads\\\/2020\\\/06\\\/4461.png\",\"articleSection\":[\"Naci\u00f3n\"],\"inLanguage\":\"es\",\"potentialAction\":[{\"@type\":\"CommentAction\",\"name\":\"Comment\",\"target\":[\"https:\\\/\\\/diarioprincipios.com\\\/index.php\\\/2020\\\/06\\\/28\\\/industria-4-0-convocan-a-emprendedores-a-presentar-proyectos-para-potenciar-negocios\\\/#respond\"]}]},{\"@type\":\"WebPage\",\"@id\":\"https:\\\/\\\/diarioprincipios.com\\\/index.php\\\/2020\\\/06\\\/28\\\/industria-4-0-convocan-a-emprendedores-a-presentar-proyectos-para-potenciar-negocios\\\/\",\"url\":\"https:\\\/\\\/diarioprincipios.com\\\/index.php\\\/2020\\\/06\\\/28\\\/industria-4-0-convocan-a-emprendedores-a-presentar-proyectos-para-potenciar-negocios\\\/\",\"name\":\"Industria 4.0: convocan a emprendedores a presentar proyectos para potenciar negocios - Principios\",\"isPartOf\":{\"@id\":\"https:\\\/\\\/diarioprincipios.com\\\/#website\"},\"primaryImageOfPage\":{\"@id\":\"https:\\\/\\\/diarioprincipios.com\\\/index.php\\\/2020\\\/06\\\/28\\\/industria-4-0-convocan-a-emprendedores-a-presentar-proyectos-para-potenciar-negocios\\\/#primaryimage\"},\"image\":{\"@id\":\"https:\\\/\\\/diarioprincipios.com\\\/index.php\\\/2020\\\/06\\\/28\\\/industria-4-0-convocan-a-emprendedores-a-presentar-proyectos-para-potenciar-negocios\\\/#primaryimage\"},\"thumbnailUrl\":\"https:\\\/\\\/diarioprincipios.com\\\/wp-content\\\/uploads\\\/2020\\\/06\\\/4461.png\",\"datePublished\":\"2020-06-28T19:08:54+00:00\",\"dateModified\":\"2020-06-28T19:08:59+00:00\",\"breadcrumb\":{\"@id\":\"https:\\\/\\\/diarioprincipios.com\\\/index.php\\\/2020\\\/06\\\/28\\\/industria-4-0-convocan-a-emprendedores-a-presentar-proyectos-para-potenciar-negocios\\\/#breadcrumb\"},\"inLanguage\":\"es\",\"potentialAction\":[{\"@type\":\"ReadAction\",\"target\":[\"https:\\\/\\\/diarioprincipios.com\\\/index.php\\\/2020\\\/06\\\/28\\\/industria-4-0-convocan-a-emprendedores-a-presentar-proyectos-para-potenciar-negocios\\\/\"]}]},{\"@type\":\"ImageObject\",\"inLanguage\":\"es\",\"@id\":\"https:\\\/\\\/diarioprincipios.com\\\/index.php\\\/2020\\\/06\\\/28\\\/industria-4-0-convocan-a-emprendedores-a-presentar-proyectos-para-potenciar-negocios\\\/#primaryimage\",\"url\":\"https:\\\/\\\/diarioprincipios.com\\\/wp-content\\\/uploads\\\/2020\\\/06\\\/4461.png\",\"contentUrl\":\"https:\\\/\\\/diarioprincipios.com\\\/wp-content\\\/uploads\\\/2020\\\/06\\\/4461.png\",\"width\":880,\"height\":493},{\"@type\":\"BreadcrumbList\",\"@id\":\"https:\\\/\\\/diarioprincipios.com\\\/index.php\\\/2020\\\/06\\\/28\\\/industria-4-0-convocan-a-emprendedores-a-presentar-proyectos-para-potenciar-negocios\\\/#breadcrumb\",\"itemListElement\":[{\"@type\":\"ListItem\",\"position\":1,\"name\":\"Portada\",\"item\":\"https:\\\/\\\/diarioprincipios.com\\\/\"},{\"@type\":\"ListItem\",\"position\":2,\"name\":\"Industria 4.0: convocan a emprendedores a presentar proyectos para potenciar negocios\"}]},{\"@type\":\"WebSite\",\"@id\":\"https:\\\/\\\/diarioprincipios.com\\\/#website\",\"url\":\"https:\\\/\\\/diarioprincipios.com\\\/\",\"name\":\"Principios\",\"description\":\"Principios Diario\",\"publisher\":{\"@id\":\"https:\\\/\\\/diarioprincipios.com\\\/#organization\"},\"potentialAction\":[{\"@type\":\"SearchAction\",\"target\":{\"@type\":\"EntryPoint\",\"urlTemplate\":\"https:\\\/\\\/diarioprincipios.com\\\/?s={search_term_string}\"},\"query-input\":{\"@type\":\"PropertyValueSpecification\",\"valueRequired\":true,\"valueName\":\"search_term_string\"}}],\"inLanguage\":\"es\"},{\"@type\":\"Organization\",\"@id\":\"https:\\\/\\\/diarioprincipios.com\\\/#organization\",\"name\":\"Principios\",\"url\":\"https:\\\/\\\/diarioprincipios.com\\\/\",\"logo\":{\"@type\":\"ImageObject\",\"inLanguage\":\"es\",\"@id\":\"https:\\\/\\\/diarioprincipios.com\\\/#\\\/schema\\\/logo\\\/image\\\/\",\"url\":\"https:\\\/\\\/diarioprincipios.com\\\/wp-content\\\/uploads\\\/2024\\\/04\\\/cropped-www.diarioprincipios.com_-1.png\",\"contentUrl\":\"https:\\\/\\\/diarioprincipios.com\\\/wp-content\\\/uploads\\\/2024\\\/04\\\/cropped-www.diarioprincipios.com_-1.png\",\"width\":5325,\"height\":1454,\"caption\":\"Principios\"},\"image\":{\"@id\":\"https:\\\/\\\/diarioprincipios.com\\\/#\\\/schema\\\/logo\\\/image\\\/\"}},{\"@type\":\"Person\",\"@id\":\"https:\\\/\\\/diarioprincipios.com\\\/#\\\/schema\\\/person\\\/436d5a1fd41a5e250e23ff5a6a7cb080\",\"name\":\"Hern\u00e1n L\u00f3pez\",\"image\":{\"@type\":\"ImageObject\",\"inLanguage\":\"es\",\"@id\":\"https:\\\/\\\/diarioprincipios.com\\\/wp-content\\\/litespeed\\\/avatar\\\/11ddfe5610ff3bd100522525b2571f48.jpg?ver=1777653193\",\"url\":\"https:\\\/\\\/diarioprincipios.com\\\/wp-content\\\/litespeed\\\/avatar\\\/11ddfe5610ff3bd100522525b2571f48.jpg?ver=1777653193\",\"contentUrl\":\"https:\\\/\\\/diarioprincipios.com\\\/wp-content\\\/litespeed\\\/avatar\\\/11ddfe5610ff3bd100522525b2571f48.jpg?ver=1777653193\",\"caption\":\"Hern\u00e1n L\u00f3pez\"},\"url\":\"https:\\\/\\\/diarioprincipios.com\\\/index.php\\\/author\\\/hernan\\\/\"}]}<\/script>\n<!-- \/ Yoast SEO plugin. -->","yoast_head_json":{"title":"Industria 4.0: convocan a emprendedores a presentar proyectos para potenciar negocios - Principios","robots":{"index":"index","follow":"follow","max-snippet":"max-snippet:-1","max-image-preview":"max-image-preview:large","max-video-preview":"max-video-preview:-1"},"canonical":"https:\/\/diarioprincipios.com\/index.php\/2020\/06\/28\/industria-4-0-convocan-a-emprendedores-a-presentar-proyectos-para-potenciar-negocios\/","og_locale":"es_ES","og_type":"article","og_title":"Industria 4.0: convocan a emprendedores a presentar proyectos para potenciar negocios - Principios","og_description":"La Asociaci\u00f3n de Industriales Metal\u00fargicos de la Rep\u00fablica Argentina (Adimra) convoc\u00f3 a emprendedores y empresas de todo el pa\u00eds a presentar proyectos innovadores para la industria metal\u00fargica 4.0, en el marco de un concurso que destinar\u00e1 $300.000 para la propuesta seleccionada. Esta nueva edici\u00f3n del concurso, se desarrolla bajo la consigna: \u00abBuscando Start-Ups que se...","og_url":"https:\/\/diarioprincipios.com\/index.php\/2020\/06\/28\/industria-4-0-convocan-a-emprendedores-a-presentar-proyectos-para-potenciar-negocios\/","og_site_name":"Principios","article_published_time":"2020-06-28T19:08:54+00:00","article_modified_time":"2020-06-28T19:08:59+00:00","og_image":[{"width":880,"height":493,"url":"https:\/\/diarioprincipios.com\/wp-content\/uploads\/2020\/06\/4461.png","type":"image\/png"}],"author":"Hern\u00e1n L\u00f3pez","twitter_card":"summary_large_image","twitter_misc":{"Escrito por":"Hern\u00e1n L\u00f3pez","Tiempo de lectura":"1 minuto"},"schema":{"@context":"https:\/\/schema.org","@graph":[{"@type":"Article","@id":"https:\/\/diarioprincipios.com\/index.php\/2020\/06\/28\/industria-4-0-convocan-a-emprendedores-a-presentar-proyectos-para-potenciar-negocios\/#article","isPartOf":{"@id":"https:\/\/diarioprincipios.com\/index.php\/2020\/06\/28\/industria-4-0-convocan-a-emprendedores-a-presentar-proyectos-para-potenciar-negocios\/"},"author":{"name":"Hern\u00e1n L\u00f3pez","@id":"https:\/\/diarioprincipios.com\/#\/schema\/person\/436d5a1fd41a5e250e23ff5a6a7cb080"},"headline":"Industria 4.0: convocan a emprendedores a presentar proyectos para potenciar negocios","datePublished":"2020-06-28T19:08:54+00:00","dateModified":"2020-06-28T19:08:59+00:00","mainEntityOfPage":{"@id":"https:\/\/diarioprincipios.com\/index.php\/2020\/06\/28\/industria-4-0-convocan-a-emprendedores-a-presentar-proyectos-para-potenciar-negocios\/"},"wordCount":296,"commentCount":0,"publisher":{"@id":"https:\/\/diarioprincipios.com\/#organization"},"image":{"@id":"https:\/\/diarioprincipios.com\/index.php\/2020\/06\/28\/industria-4-0-convocan-a-emprendedores-a-presentar-proyectos-para-potenciar-negocios\/#primaryimage"},"thumbnailUrl":"https:\/\/diarioprincipios.com\/wp-content\/uploads\/2020\/06\/4461.png","articleSection":["Naci\u00f3n"],"inLanguage":"es","potentialAction":[{"@type":"CommentAction","name":"Comment","target":["https:\/\/diarioprincipios.com\/index.php\/2020\/06\/28\/industria-4-0-convocan-a-emprendedores-a-presentar-proyectos-para-potenciar-negocios\/#respond"]}]},{"@type":"WebPage","@id":"https:\/\/diarioprincipios.com\/index.php\/2020\/06\/28\/industria-4-0-convocan-a-emprendedores-a-presentar-proyectos-para-potenciar-negocios\/","url":"https:\/\/diarioprincipios.com\/index.php\/2020\/06\/28\/industria-4-0-convocan-a-emprendedores-a-presentar-proyectos-para-potenciar-negocios\/","name":"Industria 4.0: convocan a emprendedores a presentar proyectos para potenciar negocios - Principios","isPartOf":{"@id":"https:\/\/diarioprincipios.com\/#website"},"primaryImageOfPage":{"@id":"https:\/\/diarioprincipios.com\/index.php\/2020\/06\/28\/industria-4-0-convocan-a-emprendedores-a-presentar-proyectos-para-potenciar-negocios\/#primaryimage"},"image":{"@id":"https:\/\/diarioprincipios.com\/index.php\/2020\/06\/28\/industria-4-0-convocan-a-emprendedores-a-presentar-proyectos-para-potenciar-negocios\/#primaryimage"},"thumbnailUrl":"https:\/\/diarioprincipios.com\/wp-content\/uploads\/2020\/06\/4461.png","datePublished":"2020-06-28T19:08:54+00:00","dateModified":"2020-06-28T19:08:59+00:00","breadcrumb":{"@id":"https:\/\/diarioprincipios.com\/index.php\/2020\/06\/28\/industria-4-0-convocan-a-emprendedores-a-presentar-proyectos-para-potenciar-negocios\/#breadcrumb"},"inLanguage":"es","potentialAction":[{"@type":"ReadAction","target":["https:\/\/diarioprincipios.com\/index.php\/2020\/06\/28\/industria-4-0-convocan-a-emprendedores-a-presentar-proyectos-para-potenciar-negocios\/"]}]},{"@type":"ImageObject","inLanguage":"es","@id":"https:\/\/diarioprincipios.com\/index.php\/2020\/06\/28\/industria-4-0-convocan-a-emprendedores-a-presentar-proyectos-para-potenciar-negocios\/#primaryimage","url":"https:\/\/diarioprincipios.com\/wp-content\/uploads\/2020\/06\/4461.png","contentUrl":"https:\/\/diarioprincipios.com\/wp-content\/uploads\/2020\/06\/4461.png","width":880,"height":493},{"@type":"BreadcrumbList","@id":"https:\/\/diarioprincipios.com\/index.php\/2020\/06\/28\/industria-4-0-convocan-a-emprendedores-a-presentar-proyectos-para-potenciar-negocios\/#breadcrumb","itemListElement":[{"@type":"ListItem","position":1,"name":"Portada","item":"https:\/\/diarioprincipios.com\/"},{"@type":"ListItem","position":2,"name":"Industria 4.0: convocan a emprendedores a presentar proyectos para potenciar negocios"}]},{"@type":"WebSite","@id":"https:\/\/diarioprincipios.com\/#website","url":"https:\/\/diarioprincipios.com\/","name":"Principios","description":"Principios Diario","publisher":{"@id":"https:\/\/diarioprincipios.com\/#organization"},"potentialAction":[{"@type":"SearchAction","target":{"@type":"EntryPoint","urlTemplate":"https:\/\/diarioprincipios.com\/?s={search_term_string}"},"query-input":{"@type":"PropertyValueSpecification","valueRequired":true,"valueName":"search_term_string"}}],"inLanguage":"es"},{"@type":"Organization","@id":"https:\/\/diarioprincipios.com\/#organization","name":"Principios","url":"https:\/\/diarioprincipios.com\/","logo":{"@type":"ImageObject","inLanguage":"es","@id":"https:\/\/diarioprincipios.com\/#\/schema\/logo\/image\/","url":"https:\/\/diarioprincipios.com\/wp-content\/uploads\/2024\/04\/cropped-www.diarioprincipios.com_-1.png","contentUrl":"https:\/\/diarioprincipios.com\/wp-content\/uploads\/2024\/04\/cropped-www.diarioprincipios.com_-1.png","width":5325,"height":1454,"caption":"Principios"},"image":{"@id":"https:\/\/diarioprincipios.com\/#\/schema\/logo\/image\/"}},{"@type":"Person","@id":"https:\/\/diarioprincipios.com\/#\/schema\/person\/436d5a1fd41a5e250e23ff5a6a7cb080","name":"Hern\u00e1n L\u00f3pez","image":{"@type":"ImageObject","inLanguage":"es","@id":"https:\/\/diarioprincipios.com\/wp-content\/litespeed\/avatar\/11ddfe5610ff3bd100522525b2571f48.jpg?ver=1777653193","url":"https:\/\/diarioprincipios.com\/wp-content\/litespeed\/avatar\/11ddfe5610ff3bd100522525b2571f48.jpg?ver=1777653193","contentUrl":"https:\/\/diarioprincipios.com\/wp-content\/litespeed\/avatar\/11ddfe5610ff3bd100522525b2571f48.jpg?ver=1777653193","caption":"Hern\u00e1n L\u00f3pez"},"url":"https:\/\/diarioprincipios.com\/index.php\/author\/hernan\/"}]}},"jetpack_featured_media_url":"https:\/\/diarioprincipios.com\/wp-content\/uploads\/2020\/06\/4461.png","_links":{"self":[{"href":"https:\/\/diarioprincipios.com\/index.php\/wp-json\/wp\/v2\/posts\/3450","targetHints":{"allow":["GET"]}}],"collection":[{"href":"https:\/\/diarioprincipios.com\/index.php\/wp-json\/wp\/v2\/posts"}],"about":[{"href":"https:\/\/diarioprincipios.com\/index.php\/wp-json\/wp\/v2\/types\/post"}],"author":[{"embeddable":true,"href":"https:\/\/diarioprincipios.com\/index.php\/wp-json\/wp\/v2\/users\/2"}],"replies":[{"embeddable":true,"href":"https:\/\/diarioprincipios.com\/index.php\/wp-json\/wp\/v2\/comments?post=3450"}],"version-history":[{"count":1,"href":"https:\/\/diarioprincipios.com\/index.php\/wp-json\/wp\/v2\/posts\/3450\/revisions"}],"predecessor-version":[{"id":3452,"href":"https:\/\/diarioprincipios.com\/index.php\/wp-json\/wp\/v2\/posts\/3450\/revisions\/3452"}],"wp:featuredmedia":[{"embeddable":true,"href":"https:\/\/diarioprincipios.com\/index.php\/wp-json\/wp\/v2\/media\/3451"}],"wp:attachment":[{"href":"https:\/\/diarioprincipios.com\/index.php\/wp-json\/wp\/v2\/media?parent=3450"}],"wp:term":[{"taxonomy":"category","embeddable":true,"href":"https:\/\/diarioprincipios.com\/index.php\/wp-json\/wp\/v2\/categories?post=3450"},{"taxonomy":"post_tag","embeddable":true,"href":"https:\/\/diarioprincipios.com\/index.php\/wp-json\/wp\/v2\/tags?post=3450"}],"curies":[{"name":"wp","href":"https:\/\/api.w.org\/{rel}","templated":true}]}}