{"id":3435,"date":"2020-06-28T00:08:53","date_gmt":"2020-06-28T03:08:53","guid":{"rendered":"http:\/\/diarioprincipios.com\/?p=3435"},"modified":"2020-06-28T00:08:56","modified_gmt":"2020-06-28T03:08:56","slug":"la-ocupacion-de-camas-de-terapia-intensiva-en-el-amba-subio-levemente-al-542","status":"publish","type":"post","link":"https:\/\/diarioprincipios.com\/index.php\/2020\/06\/28\/la-ocupacion-de-camas-de-terapia-intensiva-en-el-amba-subio-levemente-al-542\/","title":{"rendered":"La ocupaci\u00f3n de camas de terapia intensiva en el AMBA subi\u00f3 levemente al 54,2%"},"content":{"rendered":"\n<p>El 54,2% de las camas de terapia intensiva en el \u00c1rea Metropolitana de Buenos Aires (AMBA) est\u00e1 ocupado, lo que representa un leve ascenso con respecto a ayer, cuando la ocupaci\u00f3n fue del 53,7%, de acuerdo con el parte vespertino del Ministerio de Salud.<\/p>\n\n\n\n<p>A nivel nacional, la ocupaci\u00f3n lleg\u00f3 hoy al 49,5%, tambi\u00e9n con un leve repunte en relaci\u00f3n a la jornada anterior, cuando se ocup\u00f3 el 48,9%, seg\u00fan el registro difundido por la cartera sanitaria nacional de acuerdo con informaci\u00f3n suministrada por las provincias.<\/p>\n\n\n\n<p>Los porcentajes de ocupaci\u00f3n tanto en el AMBA como a nivel nacional representan camas de terapia intensiva para adultos,.<\/p>\n\n\n\n<p>En tanto, 507 pacientes con coronavirus permanecen en terapia intensiva en todo el pa\u00eds, frente a los 433 que estaban internados all\u00ed el mi\u00e9rcoles pasado.<\/p>\n\n\n\n<p>En los \u00faltimos tres d\u00edas, la ocupaci\u00f3n de camas de terapia intensiva de adultos creci\u00f3 2,2 puntos porcentuales en el AMBA y 4,5 puntos en todo el pa\u00eds en el mismo per\u00edodo.<\/p>\n","protected":false},"excerpt":{"rendered":"<p>El 54,2% de las camas de terapia intensiva en el \u00c1rea Metropolitana de Buenos Aires (AMBA) est\u00e1 ocupado, lo que representa un leve ascenso con respecto a ayer, cuando la ocupaci\u00f3n fue del 53,7%, de acuerdo con el parte vespertino del Ministerio de Salud. A nivel nacional, la ocupaci\u00f3n lleg\u00f3 hoy al 49,5%, tambi\u00e9n con&#8230;<\/p>\n","protected":false},"author":2,"featured_media":3260,"comment_status":"open","ping_status":"open","sticky":false,"template":"","format":"standard","meta":{"footnotes":""},"categories":[10],"tags":[],"class_list":["post-3435","post","type-post","status-publish","format-standard","has-post-thumbnail","hentry","category-nacion"],"featured_image_src":"https:\/\/diarioprincipios.com\/wp-content\/uploads\/2020\/06\/KICILLOF-INAUGUR\u00d3-EL-NUEVO-SERVICIO-DE-EMERGENCIA-Y-TERAPIA-INTENSIVA-DEL-HOSPITAL-DE-BERAZATEGUI-2-1024x683.jpg","blog_images":{"medium":"https:\/\/diarioprincipios.com\/wp-content\/uploads\/2020\/06\/KICILLOF-INAUGUR\u00d3-EL-NUEVO-SERVICIO-DE-EMERGENCIA-Y-TERAPIA-INTENSIVA-DEL-HOSPITAL-DE-BERAZATEGUI-2-300x200.jpg","large":"https:\/\/diarioprincipios.com\/wp-content\/uploads\/2020\/06\/KICILLOF-INAUGUR\u00d3-EL-NUEVO-SERVICIO-DE-EMERGENCIA-Y-TERAPIA-INTENSIVA-DEL-HOSPITAL-DE-BERAZATEGUI-2-1024x683.jpg"},"ams_acf":[],"yoast_head":"<!-- This site is optimized with the Yoast SEO plugin v27.3 - https:\/\/yoast.com\/product\/yoast-seo-wordpress\/ -->\n<title>La ocupaci\u00f3n de camas de terapia intensiva en el AMBA subi\u00f3 levemente al 54,2% - Principios<\/title>\n<meta name=\"robots\" content=\"index, follow, max-snippet:-1, max-image-preview:large, max-video-preview:-1\" \/>\n<link rel=\"canonical\" href=\"https:\/\/diarioprincipios.com\/index.php\/2020\/06\/28\/la-ocupacion-de-camas-de-terapia-intensiva-en-el-amba-subio-levemente-al-542\/\" \/>\n<meta property=\"og:locale\" content=\"es_ES\" \/>\n<meta property=\"og:type\" content=\"article\" \/>\n<meta property=\"og:title\" content=\"La ocupaci\u00f3n de camas de terapia intensiva en el AMBA subi\u00f3 levemente al 54,2% - Principios\" \/>\n<meta property=\"og:description\" content=\"El 54,2% de las camas de terapia intensiva en el \u00c1rea Metropolitana de Buenos Aires (AMBA) est\u00e1 ocupado, lo que representa un leve ascenso con respecto a ayer, cuando la ocupaci\u00f3n fue del 53,7%, de acuerdo con el parte vespertino del Ministerio de Salud. A nivel nacional, la ocupaci\u00f3n lleg\u00f3 hoy al 49,5%, tambi\u00e9n con...\" \/>\n<meta property=\"og:url\" content=\"https:\/\/diarioprincipios.com\/index.php\/2020\/06\/28\/la-ocupacion-de-camas-de-terapia-intensiva-en-el-amba-subio-levemente-al-542\/\" \/>\n<meta property=\"og:site_name\" content=\"Principios\" \/>\n<meta property=\"article:published_time\" content=\"2020-06-28T03:08:53+00:00\" \/>\n<meta property=\"article:modified_time\" content=\"2020-06-28T03:08:56+00:00\" \/>\n<meta property=\"og:image\" content=\"https:\/\/diarioprincipios.com\/wp-content\/uploads\/2020\/06\/KICILLOF-INAUGUR\u00d3-EL-NUEVO-SERVICIO-DE-EMERGENCIA-Y-TERAPIA-INTENSIVA-DEL-HOSPITAL-DE-BERAZATEGUI-2.jpg\" \/>\n\t<meta property=\"og:image:width\" content=\"1920\" \/>\n\t<meta property=\"og:image:height\" content=\"1280\" \/>\n\t<meta property=\"og:image:type\" content=\"image\/jpeg\" \/>\n<meta name=\"author\" content=\"Hern\u00e1n L\u00f3pez\" \/>\n<meta name=\"twitter:card\" content=\"summary_large_image\" \/>\n<meta name=\"twitter:label1\" content=\"Escrito por\" \/>\n\t<meta name=\"twitter:data1\" content=\"Hern\u00e1n L\u00f3pez\" \/>\n\t<meta name=\"twitter:label2\" content=\"Tiempo de lectura\" \/>\n\t<meta name=\"twitter:data2\" content=\"1 minuto\" \/>\n<script type=\"application\/ld+json\" class=\"yoast-schema-graph\">{\"@context\":\"https:\\\/\\\/schema.org\",\"@graph\":[{\"@type\":\"Article\",\"@id\":\"https:\\\/\\\/diarioprincipios.com\\\/index.php\\\/2020\\\/06\\\/28\\\/la-ocupacion-de-camas-de-terapia-intensiva-en-el-amba-subio-levemente-al-542\\\/#article\",\"isPartOf\":{\"@id\":\"https:\\\/\\\/diarioprincipios.com\\\/index.php\\\/2020\\\/06\\\/28\\\/la-ocupacion-de-camas-de-terapia-intensiva-en-el-amba-subio-levemente-al-542\\\/\"},\"author\":{\"name\":\"Hern\u00e1n L\u00f3pez\",\"@id\":\"https:\\\/\\\/diarioprincipios.com\\\/#\\\/schema\\\/person\\\/436d5a1fd41a5e250e23ff5a6a7cb080\"},\"headline\":\"La ocupaci\u00f3n de camas de terapia intensiva en el AMBA subi\u00f3 levemente al 54,2%\",\"datePublished\":\"2020-06-28T03:08:53+00:00\",\"dateModified\":\"2020-06-28T03:08:56+00:00\",\"mainEntityOfPage\":{\"@id\":\"https:\\\/\\\/diarioprincipios.com\\\/index.php\\\/2020\\\/06\\\/28\\\/la-ocupacion-de-camas-de-terapia-intensiva-en-el-amba-subio-levemente-al-542\\\/\"},\"wordCount\":181,\"commentCount\":0,\"publisher\":{\"@id\":\"https:\\\/\\\/diarioprincipios.com\\\/#organization\"},\"image\":{\"@id\":\"https:\\\/\\\/diarioprincipios.com\\\/index.php\\\/2020\\\/06\\\/28\\\/la-ocupacion-de-camas-de-terapia-intensiva-en-el-amba-subio-levemente-al-542\\\/#primaryimage\"},\"thumbnailUrl\":\"https:\\\/\\\/diarioprincipios.com\\\/wp-content\\\/uploads\\\/2020\\\/06\\\/KICILLOF-INAUGUR\u00d3-EL-NUEVO-SERVICIO-DE-EMERGENCIA-Y-TERAPIA-INTENSIVA-DEL-HOSPITAL-DE-BERAZATEGUI-2.jpg\",\"articleSection\":[\"Naci\u00f3n\"],\"inLanguage\":\"es\",\"potentialAction\":[{\"@type\":\"CommentAction\",\"name\":\"Comment\",\"target\":[\"https:\\\/\\\/diarioprincipios.com\\\/index.php\\\/2020\\\/06\\\/28\\\/la-ocupacion-de-camas-de-terapia-intensiva-en-el-amba-subio-levemente-al-542\\\/#respond\"]}]},{\"@type\":\"WebPage\",\"@id\":\"https:\\\/\\\/diarioprincipios.com\\\/index.php\\\/2020\\\/06\\\/28\\\/la-ocupacion-de-camas-de-terapia-intensiva-en-el-amba-subio-levemente-al-542\\\/\",\"url\":\"https:\\\/\\\/diarioprincipios.com\\\/index.php\\\/2020\\\/06\\\/28\\\/la-ocupacion-de-camas-de-terapia-intensiva-en-el-amba-subio-levemente-al-542\\\/\",\"name\":\"La ocupaci\u00f3n de camas de terapia intensiva en el AMBA subi\u00f3 levemente al 54,2% - Principios\",\"isPartOf\":{\"@id\":\"https:\\\/\\\/diarioprincipios.com\\\/#website\"},\"primaryImageOfPage\":{\"@id\":\"https:\\\/\\\/diarioprincipios.com\\\/index.php\\\/2020\\\/06\\\/28\\\/la-ocupacion-de-camas-de-terapia-intensiva-en-el-amba-subio-levemente-al-542\\\/#primaryimage\"},\"image\":{\"@id\":\"https:\\\/\\\/diarioprincipios.com\\\/index.php\\\/2020\\\/06\\\/28\\\/la-ocupacion-de-camas-de-terapia-intensiva-en-el-amba-subio-levemente-al-542\\\/#primaryimage\"},\"thumbnailUrl\":\"https:\\\/\\\/diarioprincipios.com\\\/wp-content\\\/uploads\\\/2020\\\/06\\\/KICILLOF-INAUGUR\u00d3-EL-NUEVO-SERVICIO-DE-EMERGENCIA-Y-TERAPIA-INTENSIVA-DEL-HOSPITAL-DE-BERAZATEGUI-2.jpg\",\"datePublished\":\"2020-06-28T03:08:53+00:00\",\"dateModified\":\"2020-06-28T03:08:56+00:00\",\"breadcrumb\":{\"@id\":\"https:\\\/\\\/diarioprincipios.com\\\/index.php\\\/2020\\\/06\\\/28\\\/la-ocupacion-de-camas-de-terapia-intensiva-en-el-amba-subio-levemente-al-542\\\/#breadcrumb\"},\"inLanguage\":\"es\",\"potentialAction\":[{\"@type\":\"ReadAction\",\"target\":[\"https:\\\/\\\/diarioprincipios.com\\\/index.php\\\/2020\\\/06\\\/28\\\/la-ocupacion-de-camas-de-terapia-intensiva-en-el-amba-subio-levemente-al-542\\\/\"]}]},{\"@type\":\"ImageObject\",\"inLanguage\":\"es\",\"@id\":\"https:\\\/\\\/diarioprincipios.com\\\/index.php\\\/2020\\\/06\\\/28\\\/la-ocupacion-de-camas-de-terapia-intensiva-en-el-amba-subio-levemente-al-542\\\/#primaryimage\",\"url\":\"https:\\\/\\\/diarioprincipios.com\\\/wp-content\\\/uploads\\\/2020\\\/06\\\/KICILLOF-INAUGUR\u00d3-EL-NUEVO-SERVICIO-DE-EMERGENCIA-Y-TERAPIA-INTENSIVA-DEL-HOSPITAL-DE-BERAZATEGUI-2.jpg\",\"contentUrl\":\"https:\\\/\\\/diarioprincipios.com\\\/wp-content\\\/uploads\\\/2020\\\/06\\\/KICILLOF-INAUGUR\u00d3-EL-NUEVO-SERVICIO-DE-EMERGENCIA-Y-TERAPIA-INTENSIVA-DEL-HOSPITAL-DE-BERAZATEGUI-2.jpg\",\"width\":1920,\"height\":1280},{\"@type\":\"BreadcrumbList\",\"@id\":\"https:\\\/\\\/diarioprincipios.com\\\/index.php\\\/2020\\\/06\\\/28\\\/la-ocupacion-de-camas-de-terapia-intensiva-en-el-amba-subio-levemente-al-542\\\/#breadcrumb\",\"itemListElement\":[{\"@type\":\"ListItem\",\"position\":1,\"name\":\"Portada\",\"item\":\"https:\\\/\\\/diarioprincipios.com\\\/\"},{\"@type\":\"ListItem\",\"position\":2,\"name\":\"La ocupaci\u00f3n de camas de terapia intensiva en el AMBA subi\u00f3 levemente al 54,2%\"}]},{\"@type\":\"WebSite\",\"@id\":\"https:\\\/\\\/diarioprincipios.com\\\/#website\",\"url\":\"https:\\\/\\\/diarioprincipios.com\\\/\",\"name\":\"Principios\",\"description\":\"Principios Diario\",\"publisher\":{\"@id\":\"https:\\\/\\\/diarioprincipios.com\\\/#organization\"},\"potentialAction\":[{\"@type\":\"SearchAction\",\"target\":{\"@type\":\"EntryPoint\",\"urlTemplate\":\"https:\\\/\\\/diarioprincipios.com\\\/?s={search_term_string}\"},\"query-input\":{\"@type\":\"PropertyValueSpecification\",\"valueRequired\":true,\"valueName\":\"search_term_string\"}}],\"inLanguage\":\"es\"},{\"@type\":\"Organization\",\"@id\":\"https:\\\/\\\/diarioprincipios.com\\\/#organization\",\"name\":\"Principios\",\"url\":\"https:\\\/\\\/diarioprincipios.com\\\/\",\"logo\":{\"@type\":\"ImageObject\",\"inLanguage\":\"es\",\"@id\":\"https:\\\/\\\/diarioprincipios.com\\\/#\\\/schema\\\/logo\\\/image\\\/\",\"url\":\"https:\\\/\\\/diarioprincipios.com\\\/wp-content\\\/uploads\\\/2024\\\/04\\\/cropped-www.diarioprincipios.com_-1.png\",\"contentUrl\":\"https:\\\/\\\/diarioprincipios.com\\\/wp-content\\\/uploads\\\/2024\\\/04\\\/cropped-www.diarioprincipios.com_-1.png\",\"width\":5325,\"height\":1454,\"caption\":\"Principios\"},\"image\":{\"@id\":\"https:\\\/\\\/diarioprincipios.com\\\/#\\\/schema\\\/logo\\\/image\\\/\"}},{\"@type\":\"Person\",\"@id\":\"https:\\\/\\\/diarioprincipios.com\\\/#\\\/schema\\\/person\\\/436d5a1fd41a5e250e23ff5a6a7cb080\",\"name\":\"Hern\u00e1n L\u00f3pez\",\"image\":{\"@type\":\"ImageObject\",\"inLanguage\":\"es\",\"@id\":\"https:\\\/\\\/diarioprincipios.com\\\/wp-content\\\/litespeed\\\/avatar\\\/11ddfe5610ff3bd100522525b2571f48.jpg?ver=1777653193\",\"url\":\"https:\\\/\\\/diarioprincipios.com\\\/wp-content\\\/litespeed\\\/avatar\\\/11ddfe5610ff3bd100522525b2571f48.jpg?ver=1777653193\",\"contentUrl\":\"https:\\\/\\\/diarioprincipios.com\\\/wp-content\\\/litespeed\\\/avatar\\\/11ddfe5610ff3bd100522525b2571f48.jpg?ver=1777653193\",\"caption\":\"Hern\u00e1n L\u00f3pez\"},\"url\":\"https:\\\/\\\/diarioprincipios.com\\\/index.php\\\/author\\\/hernan\\\/\"}]}<\/script>\n<!-- \/ Yoast SEO plugin. -->","yoast_head_json":{"title":"La ocupaci\u00f3n de camas de terapia intensiva en el AMBA subi\u00f3 levemente al 54,2% - Principios","robots":{"index":"index","follow":"follow","max-snippet":"max-snippet:-1","max-image-preview":"max-image-preview:large","max-video-preview":"max-video-preview:-1"},"canonical":"https:\/\/diarioprincipios.com\/index.php\/2020\/06\/28\/la-ocupacion-de-camas-de-terapia-intensiva-en-el-amba-subio-levemente-al-542\/","og_locale":"es_ES","og_type":"article","og_title":"La ocupaci\u00f3n de camas de terapia intensiva en el AMBA subi\u00f3 levemente al 54,2% - Principios","og_description":"El 54,2% de las camas de terapia intensiva en el \u00c1rea Metropolitana de Buenos Aires (AMBA) est\u00e1 ocupado, lo que representa un leve ascenso con respecto a ayer, cuando la ocupaci\u00f3n fue del 53,7%, de acuerdo con el parte vespertino del Ministerio de Salud. A nivel nacional, la ocupaci\u00f3n lleg\u00f3 hoy al 49,5%, tambi\u00e9n con...","og_url":"https:\/\/diarioprincipios.com\/index.php\/2020\/06\/28\/la-ocupacion-de-camas-de-terapia-intensiva-en-el-amba-subio-levemente-al-542\/","og_site_name":"Principios","article_published_time":"2020-06-28T03:08:53+00:00","article_modified_time":"2020-06-28T03:08:56+00:00","og_image":[{"width":1920,"height":1280,"url":"https:\/\/diarioprincipios.com\/wp-content\/uploads\/2020\/06\/KICILLOF-INAUGUR\u00d3-EL-NUEVO-SERVICIO-DE-EMERGENCIA-Y-TERAPIA-INTENSIVA-DEL-HOSPITAL-DE-BERAZATEGUI-2.jpg","type":"image\/jpeg"}],"author":"Hern\u00e1n L\u00f3pez","twitter_card":"summary_large_image","twitter_misc":{"Escrito por":"Hern\u00e1n L\u00f3pez","Tiempo de lectura":"1 minuto"},"schema":{"@context":"https:\/\/schema.org","@graph":[{"@type":"Article","@id":"https:\/\/diarioprincipios.com\/index.php\/2020\/06\/28\/la-ocupacion-de-camas-de-terapia-intensiva-en-el-amba-subio-levemente-al-542\/#article","isPartOf":{"@id":"https:\/\/diarioprincipios.com\/index.php\/2020\/06\/28\/la-ocupacion-de-camas-de-terapia-intensiva-en-el-amba-subio-levemente-al-542\/"},"author":{"name":"Hern\u00e1n L\u00f3pez","@id":"https:\/\/diarioprincipios.com\/#\/schema\/person\/436d5a1fd41a5e250e23ff5a6a7cb080"},"headline":"La ocupaci\u00f3n de camas de terapia intensiva en el AMBA subi\u00f3 levemente al 54,2%","datePublished":"2020-06-28T03:08:53+00:00","dateModified":"2020-06-28T03:08:56+00:00","mainEntityOfPage":{"@id":"https:\/\/diarioprincipios.com\/index.php\/2020\/06\/28\/la-ocupacion-de-camas-de-terapia-intensiva-en-el-amba-subio-levemente-al-542\/"},"wordCount":181,"commentCount":0,"publisher":{"@id":"https:\/\/diarioprincipios.com\/#organization"},"image":{"@id":"https:\/\/diarioprincipios.com\/index.php\/2020\/06\/28\/la-ocupacion-de-camas-de-terapia-intensiva-en-el-amba-subio-levemente-al-542\/#primaryimage"},"thumbnailUrl":"https:\/\/diarioprincipios.com\/wp-content\/uploads\/2020\/06\/KICILLOF-INAUGUR\u00d3-EL-NUEVO-SERVICIO-DE-EMERGENCIA-Y-TERAPIA-INTENSIVA-DEL-HOSPITAL-DE-BERAZATEGUI-2.jpg","articleSection":["Naci\u00f3n"],"inLanguage":"es","potentialAction":[{"@type":"CommentAction","name":"Comment","target":["https:\/\/diarioprincipios.com\/index.php\/2020\/06\/28\/la-ocupacion-de-camas-de-terapia-intensiva-en-el-amba-subio-levemente-al-542\/#respond"]}]},{"@type":"WebPage","@id":"https:\/\/diarioprincipios.com\/index.php\/2020\/06\/28\/la-ocupacion-de-camas-de-terapia-intensiva-en-el-amba-subio-levemente-al-542\/","url":"https:\/\/diarioprincipios.com\/index.php\/2020\/06\/28\/la-ocupacion-de-camas-de-terapia-intensiva-en-el-amba-subio-levemente-al-542\/","name":"La ocupaci\u00f3n de camas de terapia intensiva en el AMBA subi\u00f3 levemente al 54,2% - Principios","isPartOf":{"@id":"https:\/\/diarioprincipios.com\/#website"},"primaryImageOfPage":{"@id":"https:\/\/diarioprincipios.com\/index.php\/2020\/06\/28\/la-ocupacion-de-camas-de-terapia-intensiva-en-el-amba-subio-levemente-al-542\/#primaryimage"},"image":{"@id":"https:\/\/diarioprincipios.com\/index.php\/2020\/06\/28\/la-ocupacion-de-camas-de-terapia-intensiva-en-el-amba-subio-levemente-al-542\/#primaryimage"},"thumbnailUrl":"https:\/\/diarioprincipios.com\/wp-content\/uploads\/2020\/06\/KICILLOF-INAUGUR\u00d3-EL-NUEVO-SERVICIO-DE-EMERGENCIA-Y-TERAPIA-INTENSIVA-DEL-HOSPITAL-DE-BERAZATEGUI-2.jpg","datePublished":"2020-06-28T03:08:53+00:00","dateModified":"2020-06-28T03:08:56+00:00","breadcrumb":{"@id":"https:\/\/diarioprincipios.com\/index.php\/2020\/06\/28\/la-ocupacion-de-camas-de-terapia-intensiva-en-el-amba-subio-levemente-al-542\/#breadcrumb"},"inLanguage":"es","potentialAction":[{"@type":"ReadAction","target":["https:\/\/diarioprincipios.com\/index.php\/2020\/06\/28\/la-ocupacion-de-camas-de-terapia-intensiva-en-el-amba-subio-levemente-al-542\/"]}]},{"@type":"ImageObject","inLanguage":"es","@id":"https:\/\/diarioprincipios.com\/index.php\/2020\/06\/28\/la-ocupacion-de-camas-de-terapia-intensiva-en-el-amba-subio-levemente-al-542\/#primaryimage","url":"https:\/\/diarioprincipios.com\/wp-content\/uploads\/2020\/06\/KICILLOF-INAUGUR\u00d3-EL-NUEVO-SERVICIO-DE-EMERGENCIA-Y-TERAPIA-INTENSIVA-DEL-HOSPITAL-DE-BERAZATEGUI-2.jpg","contentUrl":"https:\/\/diarioprincipios.com\/wp-content\/uploads\/2020\/06\/KICILLOF-INAUGUR\u00d3-EL-NUEVO-SERVICIO-DE-EMERGENCIA-Y-TERAPIA-INTENSIVA-DEL-HOSPITAL-DE-BERAZATEGUI-2.jpg","width":1920,"height":1280},{"@type":"BreadcrumbList","@id":"https:\/\/diarioprincipios.com\/index.php\/2020\/06\/28\/la-ocupacion-de-camas-de-terapia-intensiva-en-el-amba-subio-levemente-al-542\/#breadcrumb","itemListElement":[{"@type":"ListItem","position":1,"name":"Portada","item":"https:\/\/diarioprincipios.com\/"},{"@type":"ListItem","position":2,"name":"La ocupaci\u00f3n de camas de terapia intensiva en el AMBA subi\u00f3 levemente al 54,2%"}]},{"@type":"WebSite","@id":"https:\/\/diarioprincipios.com\/#website","url":"https:\/\/diarioprincipios.com\/","name":"Principios","description":"Principios Diario","publisher":{"@id":"https:\/\/diarioprincipios.com\/#organization"},"potentialAction":[{"@type":"SearchAction","target":{"@type":"EntryPoint","urlTemplate":"https:\/\/diarioprincipios.com\/?s={search_term_string}"},"query-input":{"@type":"PropertyValueSpecification","valueRequired":true,"valueName":"search_term_string"}}],"inLanguage":"es"},{"@type":"Organization","@id":"https:\/\/diarioprincipios.com\/#organization","name":"Principios","url":"https:\/\/diarioprincipios.com\/","logo":{"@type":"ImageObject","inLanguage":"es","@id":"https:\/\/diarioprincipios.com\/#\/schema\/logo\/image\/","url":"https:\/\/diarioprincipios.com\/wp-content\/uploads\/2024\/04\/cropped-www.diarioprincipios.com_-1.png","contentUrl":"https:\/\/diarioprincipios.com\/wp-content\/uploads\/2024\/04\/cropped-www.diarioprincipios.com_-1.png","width":5325,"height":1454,"caption":"Principios"},"image":{"@id":"https:\/\/diarioprincipios.com\/#\/schema\/logo\/image\/"}},{"@type":"Person","@id":"https:\/\/diarioprincipios.com\/#\/schema\/person\/436d5a1fd41a5e250e23ff5a6a7cb080","name":"Hern\u00e1n L\u00f3pez","image":{"@type":"ImageObject","inLanguage":"es","@id":"https:\/\/diarioprincipios.com\/wp-content\/litespeed\/avatar\/11ddfe5610ff3bd100522525b2571f48.jpg?ver=1777653193","url":"https:\/\/diarioprincipios.com\/wp-content\/litespeed\/avatar\/11ddfe5610ff3bd100522525b2571f48.jpg?ver=1777653193","contentUrl":"https:\/\/diarioprincipios.com\/wp-content\/litespeed\/avatar\/11ddfe5610ff3bd100522525b2571f48.jpg?ver=1777653193","caption":"Hern\u00e1n L\u00f3pez"},"url":"https:\/\/diarioprincipios.com\/index.php\/author\/hernan\/"}]}},"jetpack_featured_media_url":"https:\/\/diarioprincipios.com\/wp-content\/uploads\/2020\/06\/KICILLOF-INAUGUR\u00d3-EL-NUEVO-SERVICIO-DE-EMERGENCIA-Y-TERAPIA-INTENSIVA-DEL-HOSPITAL-DE-BERAZATEGUI-2.jpg","_links":{"self":[{"href":"https:\/\/diarioprincipios.com\/index.php\/wp-json\/wp\/v2\/posts\/3435","targetHints":{"allow":["GET"]}}],"collection":[{"href":"https:\/\/diarioprincipios.com\/index.php\/wp-json\/wp\/v2\/posts"}],"about":[{"href":"https:\/\/diarioprincipios.com\/index.php\/wp-json\/wp\/v2\/types\/post"}],"author":[{"embeddable":true,"href":"https:\/\/diarioprincipios.com\/index.php\/wp-json\/wp\/v2\/users\/2"}],"replies":[{"embeddable":true,"href":"https:\/\/diarioprincipios.com\/index.php\/wp-json\/wp\/v2\/comments?post=3435"}],"version-history":[{"count":1,"href":"https:\/\/diarioprincipios.com\/index.php\/wp-json\/wp\/v2\/posts\/3435\/revisions"}],"predecessor-version":[{"id":3436,"href":"https:\/\/diarioprincipios.com\/index.php\/wp-json\/wp\/v2\/posts\/3435\/revisions\/3436"}],"wp:featuredmedia":[{"embeddable":true,"href":"https:\/\/diarioprincipios.com\/index.php\/wp-json\/wp\/v2\/media\/3260"}],"wp:attachment":[{"href":"https:\/\/diarioprincipios.com\/index.php\/wp-json\/wp\/v2\/media?parent=3435"}],"wp:term":[{"taxonomy":"category","embeddable":true,"href":"https:\/\/diarioprincipios.com\/index.php\/wp-json\/wp\/v2\/categories?post=3435"},{"taxonomy":"post_tag","embeddable":true,"href":"https:\/\/diarioprincipios.com\/index.php\/wp-json\/wp\/v2\/tags?post=3435"}],"curies":[{"name":"wp","href":"https:\/\/api.w.org\/{rel}","templated":true}]}}