{"id":3348,"date":"2020-06-25T11:44:51","date_gmt":"2020-06-25T14:44:51","guid":{"rendered":"http:\/\/diarioprincipios.com\/?p=3348"},"modified":"2020-06-25T11:49:42","modified_gmt":"2020-06-25T14:49:42","slug":"argentina-se-postulo-para-ser-sede-del-mundial-sub-20-de-futbol-femenino","status":"publish","type":"post","link":"https:\/\/diarioprincipios.com\/index.php\/2020\/06\/25\/argentina-se-postulo-para-ser-sede-del-mundial-sub-20-de-futbol-femenino\/","title":{"rendered":"Argentina se postul\u00f3 para ser sede del Mundial Sub 20 de f\u00fatbol femenino"},"content":{"rendered":"\n<p>La Asociaci\u00f3n del F\u00fatbol Argentino (AFA) postul\u00f3 hoy al pa\u00eds como sede del Mundial de f\u00fatbol femenino Sub 20 que se realizar\u00e1 en 2021, ante las dificultades que present\u00f3 la organizaci\u00f3n del torneo en Costa Rica y Panam\u00e1.<\/p>\n\n\n\n<p>La AFA envi\u00f3 hoy una carta a Gianni Infantino, presidente de la FIFA, donde ofrece a la Argentina como sede del Mundial, lo que \u00abnos permitir\u00e1 afianzar y difundir la pr\u00e1ctica del f\u00fatbol femenino en nuestro pa\u00eds\u00bb. La carta est\u00e1 firmada por Claudio \u00abChiqui\u00bb Tapia, titular de la AFA.<\/p>\n\n\n\n<p>El Mundial tiene fecha para jugarse entre el 20 de enero al 6 de febrero de 2021. La FIFA hab\u00eda aprobado una sede conjunta entre Costa Rica y Panam\u00e1 para organizar el Mundial, luego de derogar la sede a Nigeria por inconformidades en la estructura deportiva. Sin embargo, esos pa\u00edses tambi\u00e9n presentan problemas y la AFA aprovech\u00f3 para postularse.<\/p>\n\n\n\n<p>El seleccionado argentino femenino Sub 20, dirigido por Carlos Borrello, no se clasific\u00f3 al Mundial de la categor\u00eda tras quedar eliminado en el Sudamericano Sub 20, que se jug\u00f3 en marzo en el estadio San Juan del Bicentenario. Sin embargo, si la FIFA deja que la Argentina sea sede del Mundial, el equipo nacional entrar\u00e1 al torneo por ser el pa\u00eds anfitri\u00f3n.<\/p>\n","protected":false},"excerpt":{"rendered":"<p>La Asociaci\u00f3n del F\u00fatbol Argentino (AFA) postul\u00f3 hoy al pa\u00eds como sede del Mundial de f\u00fatbol femenino Sub 20 que se realizar\u00e1 en 2021, ante las dificultades que present\u00f3 la organizaci\u00f3n del torneo en Costa Rica y Panam\u00e1. La AFA envi\u00f3 hoy una carta a Gianni Infantino, presidente de la FIFA, donde ofrece a la&#8230;<\/p>\n","protected":false},"author":2,"featured_media":3351,"comment_status":"open","ping_status":"open","sticky":false,"template":"","format":"standard","meta":{"footnotes":""},"categories":[6],"tags":[],"class_list":["post-3348","post","type-post","status-publish","format-standard","has-post-thumbnail","hentry","category-deportes"],"featured_image_src":"https:\/\/diarioprincipios.com\/wp-content\/uploads\/2020\/06\/288638_65102102.jpg","blog_images":{"medium":"https:\/\/diarioprincipios.com\/wp-content\/uploads\/2020\/06\/288638_65102102-300x199.jpg","large":"https:\/\/diarioprincipios.com\/wp-content\/uploads\/2020\/06\/288638_65102102.jpg"},"ams_acf":[],"yoast_head":"<!-- This site is optimized with the Yoast SEO plugin v27.3 - https:\/\/yoast.com\/product\/yoast-seo-wordpress\/ -->\n<title>Argentina se postul\u00f3 para ser sede del Mundial Sub 20 de f\u00fatbol femenino - Principios<\/title>\n<meta name=\"robots\" content=\"index, follow, max-snippet:-1, max-image-preview:large, max-video-preview:-1\" \/>\n<link rel=\"canonical\" href=\"https:\/\/diarioprincipios.com\/index.php\/2020\/06\/25\/argentina-se-postulo-para-ser-sede-del-mundial-sub-20-de-futbol-femenino\/\" \/>\n<meta property=\"og:locale\" content=\"es_ES\" \/>\n<meta property=\"og:type\" content=\"article\" \/>\n<meta property=\"og:title\" content=\"Argentina se postul\u00f3 para ser sede del Mundial Sub 20 de f\u00fatbol femenino - Principios\" \/>\n<meta property=\"og:description\" content=\"La Asociaci\u00f3n del F\u00fatbol Argentino (AFA) postul\u00f3 hoy al pa\u00eds como sede del Mundial de f\u00fatbol femenino Sub 20 que se realizar\u00e1 en 2021, ante las dificultades que present\u00f3 la organizaci\u00f3n del torneo en Costa Rica y Panam\u00e1. La AFA envi\u00f3 hoy una carta a Gianni Infantino, presidente de la FIFA, donde ofrece a la...\" \/>\n<meta property=\"og:url\" content=\"https:\/\/diarioprincipios.com\/index.php\/2020\/06\/25\/argentina-se-postulo-para-ser-sede-del-mundial-sub-20-de-futbol-femenino\/\" \/>\n<meta property=\"og:site_name\" content=\"Principios\" \/>\n<meta property=\"article:published_time\" content=\"2020-06-25T14:44:51+00:00\" \/>\n<meta property=\"article:modified_time\" content=\"2020-06-25T14:49:42+00:00\" \/>\n<meta property=\"og:image\" content=\"https:\/\/diarioprincipios.com\/wp-content\/uploads\/2020\/06\/288638_65102102.jpg\" \/>\n\t<meta property=\"og:image:width\" content=\"1024\" \/>\n\t<meta property=\"og:image:height\" content=\"680\" \/>\n\t<meta property=\"og:image:type\" content=\"image\/jpeg\" \/>\n<meta name=\"author\" content=\"Hern\u00e1n L\u00f3pez\" \/>\n<meta name=\"twitter:card\" content=\"summary_large_image\" \/>\n<meta name=\"twitter:label1\" content=\"Escrito por\" \/>\n\t<meta name=\"twitter:data1\" content=\"Hern\u00e1n L\u00f3pez\" \/>\n\t<meta name=\"twitter:label2\" content=\"Tiempo de lectura\" \/>\n\t<meta name=\"twitter:data2\" content=\"1 minuto\" \/>\n<script type=\"application\/ld+json\" class=\"yoast-schema-graph\">{\"@context\":\"https:\\\/\\\/schema.org\",\"@graph\":[{\"@type\":\"Article\",\"@id\":\"https:\\\/\\\/diarioprincipios.com\\\/index.php\\\/2020\\\/06\\\/25\\\/argentina-se-postulo-para-ser-sede-del-mundial-sub-20-de-futbol-femenino\\\/#article\",\"isPartOf\":{\"@id\":\"https:\\\/\\\/diarioprincipios.com\\\/index.php\\\/2020\\\/06\\\/25\\\/argentina-se-postulo-para-ser-sede-del-mundial-sub-20-de-futbol-femenino\\\/\"},\"author\":{\"name\":\"Hern\u00e1n L\u00f3pez\",\"@id\":\"https:\\\/\\\/diarioprincipios.com\\\/#\\\/schema\\\/person\\\/436d5a1fd41a5e250e23ff5a6a7cb080\"},\"headline\":\"Argentina se postul\u00f3 para ser sede del Mundial Sub 20 de f\u00fatbol femenino\",\"datePublished\":\"2020-06-25T14:44:51+00:00\",\"dateModified\":\"2020-06-25T14:49:42+00:00\",\"mainEntityOfPage\":{\"@id\":\"https:\\\/\\\/diarioprincipios.com\\\/index.php\\\/2020\\\/06\\\/25\\\/argentina-se-postulo-para-ser-sede-del-mundial-sub-20-de-futbol-femenino\\\/\"},\"wordCount\":228,\"commentCount\":0,\"publisher\":{\"@id\":\"https:\\\/\\\/diarioprincipios.com\\\/#organization\"},\"image\":{\"@id\":\"https:\\\/\\\/diarioprincipios.com\\\/index.php\\\/2020\\\/06\\\/25\\\/argentina-se-postulo-para-ser-sede-del-mundial-sub-20-de-futbol-femenino\\\/#primaryimage\"},\"thumbnailUrl\":\"https:\\\/\\\/diarioprincipios.com\\\/wp-content\\\/uploads\\\/2020\\\/06\\\/288638_65102102.jpg\",\"articleSection\":[\"Deportes\"],\"inLanguage\":\"es\",\"potentialAction\":[{\"@type\":\"CommentAction\",\"name\":\"Comment\",\"target\":[\"https:\\\/\\\/diarioprincipios.com\\\/index.php\\\/2020\\\/06\\\/25\\\/argentina-se-postulo-para-ser-sede-del-mundial-sub-20-de-futbol-femenino\\\/#respond\"]}]},{\"@type\":\"WebPage\",\"@id\":\"https:\\\/\\\/diarioprincipios.com\\\/index.php\\\/2020\\\/06\\\/25\\\/argentina-se-postulo-para-ser-sede-del-mundial-sub-20-de-futbol-femenino\\\/\",\"url\":\"https:\\\/\\\/diarioprincipios.com\\\/index.php\\\/2020\\\/06\\\/25\\\/argentina-se-postulo-para-ser-sede-del-mundial-sub-20-de-futbol-femenino\\\/\",\"name\":\"Argentina se postul\u00f3 para ser sede del Mundial Sub 20 de f\u00fatbol femenino - Principios\",\"isPartOf\":{\"@id\":\"https:\\\/\\\/diarioprincipios.com\\\/#website\"},\"primaryImageOfPage\":{\"@id\":\"https:\\\/\\\/diarioprincipios.com\\\/index.php\\\/2020\\\/06\\\/25\\\/argentina-se-postulo-para-ser-sede-del-mundial-sub-20-de-futbol-femenino\\\/#primaryimage\"},\"image\":{\"@id\":\"https:\\\/\\\/diarioprincipios.com\\\/index.php\\\/2020\\\/06\\\/25\\\/argentina-se-postulo-para-ser-sede-del-mundial-sub-20-de-futbol-femenino\\\/#primaryimage\"},\"thumbnailUrl\":\"https:\\\/\\\/diarioprincipios.com\\\/wp-content\\\/uploads\\\/2020\\\/06\\\/288638_65102102.jpg\",\"datePublished\":\"2020-06-25T14:44:51+00:00\",\"dateModified\":\"2020-06-25T14:49:42+00:00\",\"breadcrumb\":{\"@id\":\"https:\\\/\\\/diarioprincipios.com\\\/index.php\\\/2020\\\/06\\\/25\\\/argentina-se-postulo-para-ser-sede-del-mundial-sub-20-de-futbol-femenino\\\/#breadcrumb\"},\"inLanguage\":\"es\",\"potentialAction\":[{\"@type\":\"ReadAction\",\"target\":[\"https:\\\/\\\/diarioprincipios.com\\\/index.php\\\/2020\\\/06\\\/25\\\/argentina-se-postulo-para-ser-sede-del-mundial-sub-20-de-futbol-femenino\\\/\"]}]},{\"@type\":\"ImageObject\",\"inLanguage\":\"es\",\"@id\":\"https:\\\/\\\/diarioprincipios.com\\\/index.php\\\/2020\\\/06\\\/25\\\/argentina-se-postulo-para-ser-sede-del-mundial-sub-20-de-futbol-femenino\\\/#primaryimage\",\"url\":\"https:\\\/\\\/diarioprincipios.com\\\/wp-content\\\/uploads\\\/2020\\\/06\\\/288638_65102102.jpg\",\"contentUrl\":\"https:\\\/\\\/diarioprincipios.com\\\/wp-content\\\/uploads\\\/2020\\\/06\\\/288638_65102102.jpg\",\"width\":1024,\"height\":680},{\"@type\":\"BreadcrumbList\",\"@id\":\"https:\\\/\\\/diarioprincipios.com\\\/index.php\\\/2020\\\/06\\\/25\\\/argentina-se-postulo-para-ser-sede-del-mundial-sub-20-de-futbol-femenino\\\/#breadcrumb\",\"itemListElement\":[{\"@type\":\"ListItem\",\"position\":1,\"name\":\"Portada\",\"item\":\"https:\\\/\\\/diarioprincipios.com\\\/\"},{\"@type\":\"ListItem\",\"position\":2,\"name\":\"Argentina se postul\u00f3 para ser sede del Mundial Sub 20 de f\u00fatbol femenino\"}]},{\"@type\":\"WebSite\",\"@id\":\"https:\\\/\\\/diarioprincipios.com\\\/#website\",\"url\":\"https:\\\/\\\/diarioprincipios.com\\\/\",\"name\":\"Principios\",\"description\":\"Principios Diario\",\"publisher\":{\"@id\":\"https:\\\/\\\/diarioprincipios.com\\\/#organization\"},\"potentialAction\":[{\"@type\":\"SearchAction\",\"target\":{\"@type\":\"EntryPoint\",\"urlTemplate\":\"https:\\\/\\\/diarioprincipios.com\\\/?s={search_term_string}\"},\"query-input\":{\"@type\":\"PropertyValueSpecification\",\"valueRequired\":true,\"valueName\":\"search_term_string\"}}],\"inLanguage\":\"es\"},{\"@type\":\"Organization\",\"@id\":\"https:\\\/\\\/diarioprincipios.com\\\/#organization\",\"name\":\"Principios\",\"url\":\"https:\\\/\\\/diarioprincipios.com\\\/\",\"logo\":{\"@type\":\"ImageObject\",\"inLanguage\":\"es\",\"@id\":\"https:\\\/\\\/diarioprincipios.com\\\/#\\\/schema\\\/logo\\\/image\\\/\",\"url\":\"https:\\\/\\\/diarioprincipios.com\\\/wp-content\\\/uploads\\\/2024\\\/04\\\/cropped-www.diarioprincipios.com_-1.png\",\"contentUrl\":\"https:\\\/\\\/diarioprincipios.com\\\/wp-content\\\/uploads\\\/2024\\\/04\\\/cropped-www.diarioprincipios.com_-1.png\",\"width\":5325,\"height\":1454,\"caption\":\"Principios\"},\"image\":{\"@id\":\"https:\\\/\\\/diarioprincipios.com\\\/#\\\/schema\\\/logo\\\/image\\\/\"}},{\"@type\":\"Person\",\"@id\":\"https:\\\/\\\/diarioprincipios.com\\\/#\\\/schema\\\/person\\\/436d5a1fd41a5e250e23ff5a6a7cb080\",\"name\":\"Hern\u00e1n L\u00f3pez\",\"image\":{\"@type\":\"ImageObject\",\"inLanguage\":\"es\",\"@id\":\"https:\\\/\\\/diarioprincipios.com\\\/wp-content\\\/litespeed\\\/avatar\\\/11ddfe5610ff3bd100522525b2571f48.jpg?ver=1777653193\",\"url\":\"https:\\\/\\\/diarioprincipios.com\\\/wp-content\\\/litespeed\\\/avatar\\\/11ddfe5610ff3bd100522525b2571f48.jpg?ver=1777653193\",\"contentUrl\":\"https:\\\/\\\/diarioprincipios.com\\\/wp-content\\\/litespeed\\\/avatar\\\/11ddfe5610ff3bd100522525b2571f48.jpg?ver=1777653193\",\"caption\":\"Hern\u00e1n L\u00f3pez\"},\"url\":\"https:\\\/\\\/diarioprincipios.com\\\/index.php\\\/author\\\/hernan\\\/\"}]}<\/script>\n<!-- \/ Yoast SEO plugin. -->","yoast_head_json":{"title":"Argentina se postul\u00f3 para ser sede del Mundial Sub 20 de f\u00fatbol femenino - Principios","robots":{"index":"index","follow":"follow","max-snippet":"max-snippet:-1","max-image-preview":"max-image-preview:large","max-video-preview":"max-video-preview:-1"},"canonical":"https:\/\/diarioprincipios.com\/index.php\/2020\/06\/25\/argentina-se-postulo-para-ser-sede-del-mundial-sub-20-de-futbol-femenino\/","og_locale":"es_ES","og_type":"article","og_title":"Argentina se postul\u00f3 para ser sede del Mundial Sub 20 de f\u00fatbol femenino - Principios","og_description":"La Asociaci\u00f3n del F\u00fatbol Argentino (AFA) postul\u00f3 hoy al pa\u00eds como sede del Mundial de f\u00fatbol femenino Sub 20 que se realizar\u00e1 en 2021, ante las dificultades que present\u00f3 la organizaci\u00f3n del torneo en Costa Rica y Panam\u00e1. La AFA envi\u00f3 hoy una carta a Gianni Infantino, presidente de la FIFA, donde ofrece a la...","og_url":"https:\/\/diarioprincipios.com\/index.php\/2020\/06\/25\/argentina-se-postulo-para-ser-sede-del-mundial-sub-20-de-futbol-femenino\/","og_site_name":"Principios","article_published_time":"2020-06-25T14:44:51+00:00","article_modified_time":"2020-06-25T14:49:42+00:00","og_image":[{"width":1024,"height":680,"url":"https:\/\/diarioprincipios.com\/wp-content\/uploads\/2020\/06\/288638_65102102.jpg","type":"image\/jpeg"}],"author":"Hern\u00e1n L\u00f3pez","twitter_card":"summary_large_image","twitter_misc":{"Escrito por":"Hern\u00e1n L\u00f3pez","Tiempo de lectura":"1 minuto"},"schema":{"@context":"https:\/\/schema.org","@graph":[{"@type":"Article","@id":"https:\/\/diarioprincipios.com\/index.php\/2020\/06\/25\/argentina-se-postulo-para-ser-sede-del-mundial-sub-20-de-futbol-femenino\/#article","isPartOf":{"@id":"https:\/\/diarioprincipios.com\/index.php\/2020\/06\/25\/argentina-se-postulo-para-ser-sede-del-mundial-sub-20-de-futbol-femenino\/"},"author":{"name":"Hern\u00e1n L\u00f3pez","@id":"https:\/\/diarioprincipios.com\/#\/schema\/person\/436d5a1fd41a5e250e23ff5a6a7cb080"},"headline":"Argentina se postul\u00f3 para ser sede del Mundial Sub 20 de f\u00fatbol femenino","datePublished":"2020-06-25T14:44:51+00:00","dateModified":"2020-06-25T14:49:42+00:00","mainEntityOfPage":{"@id":"https:\/\/diarioprincipios.com\/index.php\/2020\/06\/25\/argentina-se-postulo-para-ser-sede-del-mundial-sub-20-de-futbol-femenino\/"},"wordCount":228,"commentCount":0,"publisher":{"@id":"https:\/\/diarioprincipios.com\/#organization"},"image":{"@id":"https:\/\/diarioprincipios.com\/index.php\/2020\/06\/25\/argentina-se-postulo-para-ser-sede-del-mundial-sub-20-de-futbol-femenino\/#primaryimage"},"thumbnailUrl":"https:\/\/diarioprincipios.com\/wp-content\/uploads\/2020\/06\/288638_65102102.jpg","articleSection":["Deportes"],"inLanguage":"es","potentialAction":[{"@type":"CommentAction","name":"Comment","target":["https:\/\/diarioprincipios.com\/index.php\/2020\/06\/25\/argentina-se-postulo-para-ser-sede-del-mundial-sub-20-de-futbol-femenino\/#respond"]}]},{"@type":"WebPage","@id":"https:\/\/diarioprincipios.com\/index.php\/2020\/06\/25\/argentina-se-postulo-para-ser-sede-del-mundial-sub-20-de-futbol-femenino\/","url":"https:\/\/diarioprincipios.com\/index.php\/2020\/06\/25\/argentina-se-postulo-para-ser-sede-del-mundial-sub-20-de-futbol-femenino\/","name":"Argentina se postul\u00f3 para ser sede del Mundial Sub 20 de f\u00fatbol femenino - Principios","isPartOf":{"@id":"https:\/\/diarioprincipios.com\/#website"},"primaryImageOfPage":{"@id":"https:\/\/diarioprincipios.com\/index.php\/2020\/06\/25\/argentina-se-postulo-para-ser-sede-del-mundial-sub-20-de-futbol-femenino\/#primaryimage"},"image":{"@id":"https:\/\/diarioprincipios.com\/index.php\/2020\/06\/25\/argentina-se-postulo-para-ser-sede-del-mundial-sub-20-de-futbol-femenino\/#primaryimage"},"thumbnailUrl":"https:\/\/diarioprincipios.com\/wp-content\/uploads\/2020\/06\/288638_65102102.jpg","datePublished":"2020-06-25T14:44:51+00:00","dateModified":"2020-06-25T14:49:42+00:00","breadcrumb":{"@id":"https:\/\/diarioprincipios.com\/index.php\/2020\/06\/25\/argentina-se-postulo-para-ser-sede-del-mundial-sub-20-de-futbol-femenino\/#breadcrumb"},"inLanguage":"es","potentialAction":[{"@type":"ReadAction","target":["https:\/\/diarioprincipios.com\/index.php\/2020\/06\/25\/argentina-se-postulo-para-ser-sede-del-mundial-sub-20-de-futbol-femenino\/"]}]},{"@type":"ImageObject","inLanguage":"es","@id":"https:\/\/diarioprincipios.com\/index.php\/2020\/06\/25\/argentina-se-postulo-para-ser-sede-del-mundial-sub-20-de-futbol-femenino\/#primaryimage","url":"https:\/\/diarioprincipios.com\/wp-content\/uploads\/2020\/06\/288638_65102102.jpg","contentUrl":"https:\/\/diarioprincipios.com\/wp-content\/uploads\/2020\/06\/288638_65102102.jpg","width":1024,"height":680},{"@type":"BreadcrumbList","@id":"https:\/\/diarioprincipios.com\/index.php\/2020\/06\/25\/argentina-se-postulo-para-ser-sede-del-mundial-sub-20-de-futbol-femenino\/#breadcrumb","itemListElement":[{"@type":"ListItem","position":1,"name":"Portada","item":"https:\/\/diarioprincipios.com\/"},{"@type":"ListItem","position":2,"name":"Argentina se postul\u00f3 para ser sede del Mundial Sub 20 de f\u00fatbol femenino"}]},{"@type":"WebSite","@id":"https:\/\/diarioprincipios.com\/#website","url":"https:\/\/diarioprincipios.com\/","name":"Principios","description":"Principios Diario","publisher":{"@id":"https:\/\/diarioprincipios.com\/#organization"},"potentialAction":[{"@type":"SearchAction","target":{"@type":"EntryPoint","urlTemplate":"https:\/\/diarioprincipios.com\/?s={search_term_string}"},"query-input":{"@type":"PropertyValueSpecification","valueRequired":true,"valueName":"search_term_string"}}],"inLanguage":"es"},{"@type":"Organization","@id":"https:\/\/diarioprincipios.com\/#organization","name":"Principios","url":"https:\/\/diarioprincipios.com\/","logo":{"@type":"ImageObject","inLanguage":"es","@id":"https:\/\/diarioprincipios.com\/#\/schema\/logo\/image\/","url":"https:\/\/diarioprincipios.com\/wp-content\/uploads\/2024\/04\/cropped-www.diarioprincipios.com_-1.png","contentUrl":"https:\/\/diarioprincipios.com\/wp-content\/uploads\/2024\/04\/cropped-www.diarioprincipios.com_-1.png","width":5325,"height":1454,"caption":"Principios"},"image":{"@id":"https:\/\/diarioprincipios.com\/#\/schema\/logo\/image\/"}},{"@type":"Person","@id":"https:\/\/diarioprincipios.com\/#\/schema\/person\/436d5a1fd41a5e250e23ff5a6a7cb080","name":"Hern\u00e1n L\u00f3pez","image":{"@type":"ImageObject","inLanguage":"es","@id":"https:\/\/diarioprincipios.com\/wp-content\/litespeed\/avatar\/11ddfe5610ff3bd100522525b2571f48.jpg?ver=1777653193","url":"https:\/\/diarioprincipios.com\/wp-content\/litespeed\/avatar\/11ddfe5610ff3bd100522525b2571f48.jpg?ver=1777653193","contentUrl":"https:\/\/diarioprincipios.com\/wp-content\/litespeed\/avatar\/11ddfe5610ff3bd100522525b2571f48.jpg?ver=1777653193","caption":"Hern\u00e1n L\u00f3pez"},"url":"https:\/\/diarioprincipios.com\/index.php\/author\/hernan\/"}]}},"jetpack_featured_media_url":"https:\/\/diarioprincipios.com\/wp-content\/uploads\/2020\/06\/288638_65102102.jpg","_links":{"self":[{"href":"https:\/\/diarioprincipios.com\/index.php\/wp-json\/wp\/v2\/posts\/3348","targetHints":{"allow":["GET"]}}],"collection":[{"href":"https:\/\/diarioprincipios.com\/index.php\/wp-json\/wp\/v2\/posts"}],"about":[{"href":"https:\/\/diarioprincipios.com\/index.php\/wp-json\/wp\/v2\/types\/post"}],"author":[{"embeddable":true,"href":"https:\/\/diarioprincipios.com\/index.php\/wp-json\/wp\/v2\/users\/2"}],"replies":[{"embeddable":true,"href":"https:\/\/diarioprincipios.com\/index.php\/wp-json\/wp\/v2\/comments?post=3348"}],"version-history":[{"count":1,"href":"https:\/\/diarioprincipios.com\/index.php\/wp-json\/wp\/v2\/posts\/3348\/revisions"}],"predecessor-version":[{"id":3350,"href":"https:\/\/diarioprincipios.com\/index.php\/wp-json\/wp\/v2\/posts\/3348\/revisions\/3350"}],"wp:featuredmedia":[{"embeddable":true,"href":"https:\/\/diarioprincipios.com\/index.php\/wp-json\/wp\/v2\/media\/3351"}],"wp:attachment":[{"href":"https:\/\/diarioprincipios.com\/index.php\/wp-json\/wp\/v2\/media?parent=3348"}],"wp:term":[{"taxonomy":"category","embeddable":true,"href":"https:\/\/diarioprincipios.com\/index.php\/wp-json\/wp\/v2\/categories?post=3348"},{"taxonomy":"post_tag","embeddable":true,"href":"https:\/\/diarioprincipios.com\/index.php\/wp-json\/wp\/v2\/tags?post=3348"}],"curies":[{"name":"wp","href":"https:\/\/api.w.org\/{rel}","templated":true}]}}