{"id":3344,"date":"2020-06-25T11:17:46","date_gmt":"2020-06-25T14:17:46","guid":{"rendered":"http:\/\/diarioprincipios.com\/?p=3344"},"modified":"2020-06-25T11:17:56","modified_gmt":"2020-06-25T14:17:56","slug":"inician-obras-de-la-red-primaria-cloacal-para-villa-itati","status":"publish","type":"post","link":"https:\/\/diarioprincipios.com\/index.php\/2020\/06\/25\/inician-obras-de-la-red-primaria-cloacal-para-villa-itati\/","title":{"rendered":"Inician obras de la red primaria cloacal para Villa Itat\u00ed"},"content":{"rendered":"\n<p>El Municipio de Quilmes inform\u00f3 que ma\u00f1ana comenzar\u00e1n a realizarse los trabajos preliminares que permitir\u00e1n iniciar las obras de la Red Primaria Cloacal para Villa Itat\u00ed el pr\u00f3ximo lunes 29 de junio. A ra\u00edz de esta importante obra, el jueves 25, a partir de las 8 y hasta las 17, habr\u00e1 un corte total de la calzada sobre la calle Levalle entre Pampa y Los Andes, en Bernal Oeste.<\/p>\n\n\n\n<p>El proyecto que llevar\u00e1n a cabo conjuntamente Agua y Saneamientos Argentinos (AySA), encabezada por Malena Galmarini y la Secretar\u00eda de Desarrollo Urbano y Obra P\u00fablica, a cargo de Cecilia Soler, consta de la construcci\u00f3n de dos colectores cloacales primarios para la evacuaci\u00f3n de los efluentes provenientes de las redes secundarias de Itat\u00ed, que se iniciar\u00e1n una vez finalizadas las obras de la red primaria.<\/p>\n\n\n\n<p>El Colector 1 comienza en la calle Levalle, desde Pampa hasta Misiones y en Misiones desde Levalle hasta la Estaci\u00f3n de Bombeo Cloacal Falucho. El Colector 2 empieza en la calle Montevideo, desde Yapey\u00fa hasta Levalle; en Levalle desde Montevideo a Misiones; y en Misiones desde Levalle hasta la Estaci\u00f3n de Bombeo Cloacal. La inversi\u00f3n total del proyecto es de 23.895.674 pesos y beneficiar\u00e1n a aproximadamente 25 mil vecinos y vecinas.<\/p>\n\n\n\n<p>Las tareas se suman a las obras que se iniciaron a principios de mayo en la zona con el refuerzo de la Red Primaria de Agua Potable Bernal \u2013 Villa Itat\u00ed, tambi\u00e9n realizadas en conjunto entre la Comuna y AySA para brindar mejores condiciones de vida al barrio, y se enmarca en el plan de obras de agua potable para distintos sectores del distrito.<\/p>\n","protected":false},"excerpt":{"rendered":"<p>El Municipio de Quilmes inform\u00f3 que ma\u00f1ana comenzar\u00e1n a realizarse los trabajos preliminares que permitir\u00e1n iniciar las obras de la Red Primaria Cloacal para Villa Itat\u00ed el pr\u00f3ximo lunes 29 de junio. A ra\u00edz de esta importante obra, el jueves 25, a partir de las 8 y hasta las 17, habr\u00e1 un corte total de&#8230;<\/p>\n","protected":false},"author":2,"featured_media":3345,"comment_status":"open","ping_status":"open","sticky":false,"template":"","format":"standard","meta":{"footnotes":""},"categories":[4],"tags":[],"class_list":["post-3344","post","type-post","status-publish","format-standard","has-post-thumbnail","hentry","category-quilmes"],"featured_image_src":"https:\/\/diarioprincipios.com\/wp-content\/uploads\/2020\/06\/FOTO-DE-ARCHIVO-AYSA-Y-EL-MUNICIPIO-INICIAR\u00c1N-LAS-OBRAS-DE-LA-RED-PRIMARIA-CLOACAL-PARA-EL-BARRIO-VILLA-ITAT\u00cd.jpeg","blog_images":{"medium":"https:\/\/diarioprincipios.com\/wp-content\/uploads\/2020\/06\/FOTO-DE-ARCHIVO-AYSA-Y-EL-MUNICIPIO-INICIAR\u00c1N-LAS-OBRAS-DE-LA-RED-PRIMARIA-CLOACAL-PARA-EL-BARRIO-VILLA-ITAT\u00cd-300x200.jpeg","large":"https:\/\/diarioprincipios.com\/wp-content\/uploads\/2020\/06\/FOTO-DE-ARCHIVO-AYSA-Y-EL-MUNICIPIO-INICIAR\u00c1N-LAS-OBRAS-DE-LA-RED-PRIMARIA-CLOACAL-PARA-EL-BARRIO-VILLA-ITAT\u00cd.jpeg"},"ams_acf":[],"yoast_head":"<!-- This site is optimized with the Yoast SEO plugin v27.3 - https:\/\/yoast.com\/product\/yoast-seo-wordpress\/ -->\n<title>Inician obras de la red primaria cloacal para Villa Itat\u00ed - Principios<\/title>\n<meta name=\"robots\" content=\"index, follow, max-snippet:-1, max-image-preview:large, max-video-preview:-1\" \/>\n<link rel=\"canonical\" href=\"https:\/\/diarioprincipios.com\/index.php\/2020\/06\/25\/inician-obras-de-la-red-primaria-cloacal-para-villa-itati\/\" \/>\n<meta property=\"og:locale\" content=\"es_ES\" \/>\n<meta property=\"og:type\" content=\"article\" \/>\n<meta property=\"og:title\" content=\"Inician obras de la red primaria cloacal para Villa Itat\u00ed - Principios\" \/>\n<meta property=\"og:description\" content=\"El Municipio de Quilmes inform\u00f3 que ma\u00f1ana comenzar\u00e1n a realizarse los trabajos preliminares que permitir\u00e1n iniciar las obras de la Red Primaria Cloacal para Villa Itat\u00ed el pr\u00f3ximo lunes 29 de junio. A ra\u00edz de esta importante obra, el jueves 25, a partir de las 8 y hasta las 17, habr\u00e1 un corte total de...\" \/>\n<meta property=\"og:url\" content=\"https:\/\/diarioprincipios.com\/index.php\/2020\/06\/25\/inician-obras-de-la-red-primaria-cloacal-para-villa-itati\/\" \/>\n<meta property=\"og:site_name\" content=\"Principios\" \/>\n<meta property=\"article:published_time\" content=\"2020-06-25T14:17:46+00:00\" \/>\n<meta property=\"article:modified_time\" content=\"2020-06-25T14:17:56+00:00\" \/>\n<meta property=\"og:image\" content=\"https:\/\/diarioprincipios.com\/wp-content\/uploads\/2020\/06\/FOTO-DE-ARCHIVO-AYSA-Y-EL-MUNICIPIO-INICIAR\u00c1N-LAS-OBRAS-DE-LA-RED-PRIMARIA-CLOACAL-PARA-EL-BARRIO-VILLA-ITAT\u00cd.jpeg\" \/>\n\t<meta property=\"og:image:width\" content=\"800\" \/>\n\t<meta property=\"og:image:height\" content=\"533\" \/>\n\t<meta property=\"og:image:type\" content=\"image\/jpeg\" \/>\n<meta name=\"author\" content=\"Hern\u00e1n L\u00f3pez\" \/>\n<meta name=\"twitter:card\" content=\"summary_large_image\" \/>\n<meta name=\"twitter:label1\" content=\"Escrito por\" \/>\n\t<meta name=\"twitter:data1\" content=\"Hern\u00e1n L\u00f3pez\" \/>\n\t<meta name=\"twitter:label2\" content=\"Tiempo de lectura\" \/>\n\t<meta name=\"twitter:data2\" content=\"1 minuto\" \/>\n<script type=\"application\/ld+json\" class=\"yoast-schema-graph\">{\"@context\":\"https:\\\/\\\/schema.org\",\"@graph\":[{\"@type\":\"Article\",\"@id\":\"https:\\\/\\\/diarioprincipios.com\\\/index.php\\\/2020\\\/06\\\/25\\\/inician-obras-de-la-red-primaria-cloacal-para-villa-itati\\\/#article\",\"isPartOf\":{\"@id\":\"https:\\\/\\\/diarioprincipios.com\\\/index.php\\\/2020\\\/06\\\/25\\\/inician-obras-de-la-red-primaria-cloacal-para-villa-itati\\\/\"},\"author\":{\"name\":\"Hern\u00e1n L\u00f3pez\",\"@id\":\"https:\\\/\\\/diarioprincipios.com\\\/#\\\/schema\\\/person\\\/436d5a1fd41a5e250e23ff5a6a7cb080\"},\"headline\":\"Inician obras de la red primaria cloacal para Villa Itat\u00ed\",\"datePublished\":\"2020-06-25T14:17:46+00:00\",\"dateModified\":\"2020-06-25T14:17:56+00:00\",\"mainEntityOfPage\":{\"@id\":\"https:\\\/\\\/diarioprincipios.com\\\/index.php\\\/2020\\\/06\\\/25\\\/inician-obras-de-la-red-primaria-cloacal-para-villa-itati\\\/\"},\"wordCount\":285,\"commentCount\":0,\"publisher\":{\"@id\":\"https:\\\/\\\/diarioprincipios.com\\\/#organization\"},\"image\":{\"@id\":\"https:\\\/\\\/diarioprincipios.com\\\/index.php\\\/2020\\\/06\\\/25\\\/inician-obras-de-la-red-primaria-cloacal-para-villa-itati\\\/#primaryimage\"},\"thumbnailUrl\":\"https:\\\/\\\/diarioprincipios.com\\\/wp-content\\\/uploads\\\/2020\\\/06\\\/FOTO-DE-ARCHIVO-AYSA-Y-EL-MUNICIPIO-INICIAR\u00c1N-LAS-OBRAS-DE-LA-RED-PRIMARIA-CLOACAL-PARA-EL-BARRIO-VILLA-ITAT\u00cd.jpeg\",\"articleSection\":[\"Quilmes\"],\"inLanguage\":\"es\",\"potentialAction\":[{\"@type\":\"CommentAction\",\"name\":\"Comment\",\"target\":[\"https:\\\/\\\/diarioprincipios.com\\\/index.php\\\/2020\\\/06\\\/25\\\/inician-obras-de-la-red-primaria-cloacal-para-villa-itati\\\/#respond\"]}]},{\"@type\":\"WebPage\",\"@id\":\"https:\\\/\\\/diarioprincipios.com\\\/index.php\\\/2020\\\/06\\\/25\\\/inician-obras-de-la-red-primaria-cloacal-para-villa-itati\\\/\",\"url\":\"https:\\\/\\\/diarioprincipios.com\\\/index.php\\\/2020\\\/06\\\/25\\\/inician-obras-de-la-red-primaria-cloacal-para-villa-itati\\\/\",\"name\":\"Inician obras de la red primaria cloacal para Villa Itat\u00ed - Principios\",\"isPartOf\":{\"@id\":\"https:\\\/\\\/diarioprincipios.com\\\/#website\"},\"primaryImageOfPage\":{\"@id\":\"https:\\\/\\\/diarioprincipios.com\\\/index.php\\\/2020\\\/06\\\/25\\\/inician-obras-de-la-red-primaria-cloacal-para-villa-itati\\\/#primaryimage\"},\"image\":{\"@id\":\"https:\\\/\\\/diarioprincipios.com\\\/index.php\\\/2020\\\/06\\\/25\\\/inician-obras-de-la-red-primaria-cloacal-para-villa-itati\\\/#primaryimage\"},\"thumbnailUrl\":\"https:\\\/\\\/diarioprincipios.com\\\/wp-content\\\/uploads\\\/2020\\\/06\\\/FOTO-DE-ARCHIVO-AYSA-Y-EL-MUNICIPIO-INICIAR\u00c1N-LAS-OBRAS-DE-LA-RED-PRIMARIA-CLOACAL-PARA-EL-BARRIO-VILLA-ITAT\u00cd.jpeg\",\"datePublished\":\"2020-06-25T14:17:46+00:00\",\"dateModified\":\"2020-06-25T14:17:56+00:00\",\"breadcrumb\":{\"@id\":\"https:\\\/\\\/diarioprincipios.com\\\/index.php\\\/2020\\\/06\\\/25\\\/inician-obras-de-la-red-primaria-cloacal-para-villa-itati\\\/#breadcrumb\"},\"inLanguage\":\"es\",\"potentialAction\":[{\"@type\":\"ReadAction\",\"target\":[\"https:\\\/\\\/diarioprincipios.com\\\/index.php\\\/2020\\\/06\\\/25\\\/inician-obras-de-la-red-primaria-cloacal-para-villa-itati\\\/\"]}]},{\"@type\":\"ImageObject\",\"inLanguage\":\"es\",\"@id\":\"https:\\\/\\\/diarioprincipios.com\\\/index.php\\\/2020\\\/06\\\/25\\\/inician-obras-de-la-red-primaria-cloacal-para-villa-itati\\\/#primaryimage\",\"url\":\"https:\\\/\\\/diarioprincipios.com\\\/wp-content\\\/uploads\\\/2020\\\/06\\\/FOTO-DE-ARCHIVO-AYSA-Y-EL-MUNICIPIO-INICIAR\u00c1N-LAS-OBRAS-DE-LA-RED-PRIMARIA-CLOACAL-PARA-EL-BARRIO-VILLA-ITAT\u00cd.jpeg\",\"contentUrl\":\"https:\\\/\\\/diarioprincipios.com\\\/wp-content\\\/uploads\\\/2020\\\/06\\\/FOTO-DE-ARCHIVO-AYSA-Y-EL-MUNICIPIO-INICIAR\u00c1N-LAS-OBRAS-DE-LA-RED-PRIMARIA-CLOACAL-PARA-EL-BARRIO-VILLA-ITAT\u00cd.jpeg\",\"width\":800,\"height\":533},{\"@type\":\"BreadcrumbList\",\"@id\":\"https:\\\/\\\/diarioprincipios.com\\\/index.php\\\/2020\\\/06\\\/25\\\/inician-obras-de-la-red-primaria-cloacal-para-villa-itati\\\/#breadcrumb\",\"itemListElement\":[{\"@type\":\"ListItem\",\"position\":1,\"name\":\"Portada\",\"item\":\"https:\\\/\\\/diarioprincipios.com\\\/\"},{\"@type\":\"ListItem\",\"position\":2,\"name\":\"Inician obras de la red primaria cloacal para Villa Itat\u00ed\"}]},{\"@type\":\"WebSite\",\"@id\":\"https:\\\/\\\/diarioprincipios.com\\\/#website\",\"url\":\"https:\\\/\\\/diarioprincipios.com\\\/\",\"name\":\"Principios\",\"description\":\"Principios Diario\",\"publisher\":{\"@id\":\"https:\\\/\\\/diarioprincipios.com\\\/#organization\"},\"potentialAction\":[{\"@type\":\"SearchAction\",\"target\":{\"@type\":\"EntryPoint\",\"urlTemplate\":\"https:\\\/\\\/diarioprincipios.com\\\/?s={search_term_string}\"},\"query-input\":{\"@type\":\"PropertyValueSpecification\",\"valueRequired\":true,\"valueName\":\"search_term_string\"}}],\"inLanguage\":\"es\"},{\"@type\":\"Organization\",\"@id\":\"https:\\\/\\\/diarioprincipios.com\\\/#organization\",\"name\":\"Principios\",\"url\":\"https:\\\/\\\/diarioprincipios.com\\\/\",\"logo\":{\"@type\":\"ImageObject\",\"inLanguage\":\"es\",\"@id\":\"https:\\\/\\\/diarioprincipios.com\\\/#\\\/schema\\\/logo\\\/image\\\/\",\"url\":\"https:\\\/\\\/diarioprincipios.com\\\/wp-content\\\/uploads\\\/2024\\\/04\\\/cropped-www.diarioprincipios.com_-1.png\",\"contentUrl\":\"https:\\\/\\\/diarioprincipios.com\\\/wp-content\\\/uploads\\\/2024\\\/04\\\/cropped-www.diarioprincipios.com_-1.png\",\"width\":5325,\"height\":1454,\"caption\":\"Principios\"},\"image\":{\"@id\":\"https:\\\/\\\/diarioprincipios.com\\\/#\\\/schema\\\/logo\\\/image\\\/\"}},{\"@type\":\"Person\",\"@id\":\"https:\\\/\\\/diarioprincipios.com\\\/#\\\/schema\\\/person\\\/436d5a1fd41a5e250e23ff5a6a7cb080\",\"name\":\"Hern\u00e1n L\u00f3pez\",\"image\":{\"@type\":\"ImageObject\",\"inLanguage\":\"es\",\"@id\":\"https:\\\/\\\/diarioprincipios.com\\\/wp-content\\\/litespeed\\\/avatar\\\/11ddfe5610ff3bd100522525b2571f48.jpg?ver=1777653193\",\"url\":\"https:\\\/\\\/diarioprincipios.com\\\/wp-content\\\/litespeed\\\/avatar\\\/11ddfe5610ff3bd100522525b2571f48.jpg?ver=1777653193\",\"contentUrl\":\"https:\\\/\\\/diarioprincipios.com\\\/wp-content\\\/litespeed\\\/avatar\\\/11ddfe5610ff3bd100522525b2571f48.jpg?ver=1777653193\",\"caption\":\"Hern\u00e1n L\u00f3pez\"},\"url\":\"https:\\\/\\\/diarioprincipios.com\\\/index.php\\\/author\\\/hernan\\\/\"}]}<\/script>\n<!-- \/ Yoast SEO plugin. -->","yoast_head_json":{"title":"Inician obras de la red primaria cloacal para Villa Itat\u00ed - Principios","robots":{"index":"index","follow":"follow","max-snippet":"max-snippet:-1","max-image-preview":"max-image-preview:large","max-video-preview":"max-video-preview:-1"},"canonical":"https:\/\/diarioprincipios.com\/index.php\/2020\/06\/25\/inician-obras-de-la-red-primaria-cloacal-para-villa-itati\/","og_locale":"es_ES","og_type":"article","og_title":"Inician obras de la red primaria cloacal para Villa Itat\u00ed - Principios","og_description":"El Municipio de Quilmes inform\u00f3 que ma\u00f1ana comenzar\u00e1n a realizarse los trabajos preliminares que permitir\u00e1n iniciar las obras de la Red Primaria Cloacal para Villa Itat\u00ed el pr\u00f3ximo lunes 29 de junio. A ra\u00edz de esta importante obra, el jueves 25, a partir de las 8 y hasta las 17, habr\u00e1 un corte total de...","og_url":"https:\/\/diarioprincipios.com\/index.php\/2020\/06\/25\/inician-obras-de-la-red-primaria-cloacal-para-villa-itati\/","og_site_name":"Principios","article_published_time":"2020-06-25T14:17:46+00:00","article_modified_time":"2020-06-25T14:17:56+00:00","og_image":[{"width":800,"height":533,"url":"https:\/\/diarioprincipios.com\/wp-content\/uploads\/2020\/06\/FOTO-DE-ARCHIVO-AYSA-Y-EL-MUNICIPIO-INICIAR\u00c1N-LAS-OBRAS-DE-LA-RED-PRIMARIA-CLOACAL-PARA-EL-BARRIO-VILLA-ITAT\u00cd.jpeg","type":"image\/jpeg"}],"author":"Hern\u00e1n L\u00f3pez","twitter_card":"summary_large_image","twitter_misc":{"Escrito por":"Hern\u00e1n L\u00f3pez","Tiempo de lectura":"1 minuto"},"schema":{"@context":"https:\/\/schema.org","@graph":[{"@type":"Article","@id":"https:\/\/diarioprincipios.com\/index.php\/2020\/06\/25\/inician-obras-de-la-red-primaria-cloacal-para-villa-itati\/#article","isPartOf":{"@id":"https:\/\/diarioprincipios.com\/index.php\/2020\/06\/25\/inician-obras-de-la-red-primaria-cloacal-para-villa-itati\/"},"author":{"name":"Hern\u00e1n L\u00f3pez","@id":"https:\/\/diarioprincipios.com\/#\/schema\/person\/436d5a1fd41a5e250e23ff5a6a7cb080"},"headline":"Inician obras de la red primaria cloacal para Villa Itat\u00ed","datePublished":"2020-06-25T14:17:46+00:00","dateModified":"2020-06-25T14:17:56+00:00","mainEntityOfPage":{"@id":"https:\/\/diarioprincipios.com\/index.php\/2020\/06\/25\/inician-obras-de-la-red-primaria-cloacal-para-villa-itati\/"},"wordCount":285,"commentCount":0,"publisher":{"@id":"https:\/\/diarioprincipios.com\/#organization"},"image":{"@id":"https:\/\/diarioprincipios.com\/index.php\/2020\/06\/25\/inician-obras-de-la-red-primaria-cloacal-para-villa-itati\/#primaryimage"},"thumbnailUrl":"https:\/\/diarioprincipios.com\/wp-content\/uploads\/2020\/06\/FOTO-DE-ARCHIVO-AYSA-Y-EL-MUNICIPIO-INICIAR\u00c1N-LAS-OBRAS-DE-LA-RED-PRIMARIA-CLOACAL-PARA-EL-BARRIO-VILLA-ITAT\u00cd.jpeg","articleSection":["Quilmes"],"inLanguage":"es","potentialAction":[{"@type":"CommentAction","name":"Comment","target":["https:\/\/diarioprincipios.com\/index.php\/2020\/06\/25\/inician-obras-de-la-red-primaria-cloacal-para-villa-itati\/#respond"]}]},{"@type":"WebPage","@id":"https:\/\/diarioprincipios.com\/index.php\/2020\/06\/25\/inician-obras-de-la-red-primaria-cloacal-para-villa-itati\/","url":"https:\/\/diarioprincipios.com\/index.php\/2020\/06\/25\/inician-obras-de-la-red-primaria-cloacal-para-villa-itati\/","name":"Inician obras de la red primaria cloacal para Villa Itat\u00ed - Principios","isPartOf":{"@id":"https:\/\/diarioprincipios.com\/#website"},"primaryImageOfPage":{"@id":"https:\/\/diarioprincipios.com\/index.php\/2020\/06\/25\/inician-obras-de-la-red-primaria-cloacal-para-villa-itati\/#primaryimage"},"image":{"@id":"https:\/\/diarioprincipios.com\/index.php\/2020\/06\/25\/inician-obras-de-la-red-primaria-cloacal-para-villa-itati\/#primaryimage"},"thumbnailUrl":"https:\/\/diarioprincipios.com\/wp-content\/uploads\/2020\/06\/FOTO-DE-ARCHIVO-AYSA-Y-EL-MUNICIPIO-INICIAR\u00c1N-LAS-OBRAS-DE-LA-RED-PRIMARIA-CLOACAL-PARA-EL-BARRIO-VILLA-ITAT\u00cd.jpeg","datePublished":"2020-06-25T14:17:46+00:00","dateModified":"2020-06-25T14:17:56+00:00","breadcrumb":{"@id":"https:\/\/diarioprincipios.com\/index.php\/2020\/06\/25\/inician-obras-de-la-red-primaria-cloacal-para-villa-itati\/#breadcrumb"},"inLanguage":"es","potentialAction":[{"@type":"ReadAction","target":["https:\/\/diarioprincipios.com\/index.php\/2020\/06\/25\/inician-obras-de-la-red-primaria-cloacal-para-villa-itati\/"]}]},{"@type":"ImageObject","inLanguage":"es","@id":"https:\/\/diarioprincipios.com\/index.php\/2020\/06\/25\/inician-obras-de-la-red-primaria-cloacal-para-villa-itati\/#primaryimage","url":"https:\/\/diarioprincipios.com\/wp-content\/uploads\/2020\/06\/FOTO-DE-ARCHIVO-AYSA-Y-EL-MUNICIPIO-INICIAR\u00c1N-LAS-OBRAS-DE-LA-RED-PRIMARIA-CLOACAL-PARA-EL-BARRIO-VILLA-ITAT\u00cd.jpeg","contentUrl":"https:\/\/diarioprincipios.com\/wp-content\/uploads\/2020\/06\/FOTO-DE-ARCHIVO-AYSA-Y-EL-MUNICIPIO-INICIAR\u00c1N-LAS-OBRAS-DE-LA-RED-PRIMARIA-CLOACAL-PARA-EL-BARRIO-VILLA-ITAT\u00cd.jpeg","width":800,"height":533},{"@type":"BreadcrumbList","@id":"https:\/\/diarioprincipios.com\/index.php\/2020\/06\/25\/inician-obras-de-la-red-primaria-cloacal-para-villa-itati\/#breadcrumb","itemListElement":[{"@type":"ListItem","position":1,"name":"Portada","item":"https:\/\/diarioprincipios.com\/"},{"@type":"ListItem","position":2,"name":"Inician obras de la red primaria cloacal para Villa Itat\u00ed"}]},{"@type":"WebSite","@id":"https:\/\/diarioprincipios.com\/#website","url":"https:\/\/diarioprincipios.com\/","name":"Principios","description":"Principios Diario","publisher":{"@id":"https:\/\/diarioprincipios.com\/#organization"},"potentialAction":[{"@type":"SearchAction","target":{"@type":"EntryPoint","urlTemplate":"https:\/\/diarioprincipios.com\/?s={search_term_string}"},"query-input":{"@type":"PropertyValueSpecification","valueRequired":true,"valueName":"search_term_string"}}],"inLanguage":"es"},{"@type":"Organization","@id":"https:\/\/diarioprincipios.com\/#organization","name":"Principios","url":"https:\/\/diarioprincipios.com\/","logo":{"@type":"ImageObject","inLanguage":"es","@id":"https:\/\/diarioprincipios.com\/#\/schema\/logo\/image\/","url":"https:\/\/diarioprincipios.com\/wp-content\/uploads\/2024\/04\/cropped-www.diarioprincipios.com_-1.png","contentUrl":"https:\/\/diarioprincipios.com\/wp-content\/uploads\/2024\/04\/cropped-www.diarioprincipios.com_-1.png","width":5325,"height":1454,"caption":"Principios"},"image":{"@id":"https:\/\/diarioprincipios.com\/#\/schema\/logo\/image\/"}},{"@type":"Person","@id":"https:\/\/diarioprincipios.com\/#\/schema\/person\/436d5a1fd41a5e250e23ff5a6a7cb080","name":"Hern\u00e1n L\u00f3pez","image":{"@type":"ImageObject","inLanguage":"es","@id":"https:\/\/diarioprincipios.com\/wp-content\/litespeed\/avatar\/11ddfe5610ff3bd100522525b2571f48.jpg?ver=1777653193","url":"https:\/\/diarioprincipios.com\/wp-content\/litespeed\/avatar\/11ddfe5610ff3bd100522525b2571f48.jpg?ver=1777653193","contentUrl":"https:\/\/diarioprincipios.com\/wp-content\/litespeed\/avatar\/11ddfe5610ff3bd100522525b2571f48.jpg?ver=1777653193","caption":"Hern\u00e1n L\u00f3pez"},"url":"https:\/\/diarioprincipios.com\/index.php\/author\/hernan\/"}]}},"jetpack_featured_media_url":"https:\/\/diarioprincipios.com\/wp-content\/uploads\/2020\/06\/FOTO-DE-ARCHIVO-AYSA-Y-EL-MUNICIPIO-INICIAR\u00c1N-LAS-OBRAS-DE-LA-RED-PRIMARIA-CLOACAL-PARA-EL-BARRIO-VILLA-ITAT\u00cd.jpeg","_links":{"self":[{"href":"https:\/\/diarioprincipios.com\/index.php\/wp-json\/wp\/v2\/posts\/3344","targetHints":{"allow":["GET"]}}],"collection":[{"href":"https:\/\/diarioprincipios.com\/index.php\/wp-json\/wp\/v2\/posts"}],"about":[{"href":"https:\/\/diarioprincipios.com\/index.php\/wp-json\/wp\/v2\/types\/post"}],"author":[{"embeddable":true,"href":"https:\/\/diarioprincipios.com\/index.php\/wp-json\/wp\/v2\/users\/2"}],"replies":[{"embeddable":true,"href":"https:\/\/diarioprincipios.com\/index.php\/wp-json\/wp\/v2\/comments?post=3344"}],"version-history":[{"count":1,"href":"https:\/\/diarioprincipios.com\/index.php\/wp-json\/wp\/v2\/posts\/3344\/revisions"}],"predecessor-version":[{"id":3346,"href":"https:\/\/diarioprincipios.com\/index.php\/wp-json\/wp\/v2\/posts\/3344\/revisions\/3346"}],"wp:featuredmedia":[{"embeddable":true,"href":"https:\/\/diarioprincipios.com\/index.php\/wp-json\/wp\/v2\/media\/3345"}],"wp:attachment":[{"href":"https:\/\/diarioprincipios.com\/index.php\/wp-json\/wp\/v2\/media?parent=3344"}],"wp:term":[{"taxonomy":"category","embeddable":true,"href":"https:\/\/diarioprincipios.com\/index.php\/wp-json\/wp\/v2\/categories?post=3344"},{"taxonomy":"post_tag","embeddable":true,"href":"https:\/\/diarioprincipios.com\/index.php\/wp-json\/wp\/v2\/tags?post=3344"}],"curies":[{"name":"wp","href":"https:\/\/api.w.org\/{rel}","templated":true}]}}