{"id":3333,"date":"2020-06-24T16:49:50","date_gmt":"2020-06-24T19:49:50","guid":{"rendered":"http:\/\/diarioprincipios.com\/?p=3333"},"modified":"2020-06-24T16:49:54","modified_gmt":"2020-06-24T19:49:54","slug":"el-intendente-ferraresi-pide-volver-a-fase-1","status":"publish","type":"post","link":"https:\/\/diarioprincipios.com\/index.php\/2020\/06\/24\/el-intendente-ferraresi-pide-volver-a-fase-1\/","title":{"rendered":"El intendente Ferraresi pide volver a Fase 1"},"content":{"rendered":"\n<p>El jefe comunal se expres\u00f3 a favor de fortalecer las restricciones en la circulaci\u00f3n, como forma de contener los contagios durante esta etapa de la pandemia.<\/p>\n\n\n\n<p>Ante el crecimiento sostenido de la cantidad de casos positivos de Covid-19 en toda la zona del AMBA, el intendente de Avellaneda, Jorge Ferraresi, pidi\u00f3 volver a Fase 1, adem\u00e1s de aumentar los controles y restricciones en la circulaci\u00f3n.<\/p>\n\n\n\n<p>Ferraresi manifest\u00f3 que \u201chemos hecho un esfuerzo importante y compartimos la misma preocupaci\u00f3n que tienen el presidente Alberto Fernandez y el gobernador Axel Kicillof, a quienes ya le transmitimos nuestro apoyo para que se vuelva a Fase 1, durante 15 d\u00edas\u201d.<\/p>\n\n\n\n<p>Con relaci\u00f3n a la situaci\u00f3n en el distrito expres\u00f3: \u201cDe los casos activos en Avellaneda, el 3% de los mismos demanda atenci\u00f3n en terapia intensiva y a la velocidad de contagios que tenemos, las camas que a\u00fan est\u00e1n vac\u00edas podr\u00edan llegar a ocuparse en 9 d\u00edas m\u00e1s\u201d.<\/p>\n\n\n\n<p>El AMBA es un continuo urbano en el que viven la gran mayor\u00eda de los contagiados de todo el pa\u00eds, y ante el aumento de casos se vuelve necesario unificar para dicha regi\u00f3n la decisi\u00f3n de retroceder a Fase 1, para controlar la curva de crecimiento y no poner en riesgo al sistema sanitario de cada ciudad.<\/p>\n\n\n\n<p>\u201cNecesitamos una respuesta solidaria y \u00fanica de toda el \u00e1rea metropolitana, para seguir trabajando codo a codo, con el mismo esfuerzo y el gran acompa\u00f1amiento que nos han brindado nuestros vecinos y vecinas, hasta alcanzar el objetivo de contener esta dif\u00edcil situaci\u00f3n\u201d, finaliz\u00f3 Ferraresi.<\/p>\n","protected":false},"excerpt":{"rendered":"<p>El jefe comunal se expres\u00f3 a favor de fortalecer las restricciones en la circulaci\u00f3n, como forma de contener los contagios durante esta etapa de la pandemia. Ante el crecimiento sostenido de la cantidad de casos positivos de Covid-19 en toda la zona del AMBA, el intendente de Avellaneda, Jorge Ferraresi, pidi\u00f3 volver a Fase 1,&#8230;<\/p>\n","protected":false},"author":2,"featured_media":3334,"comment_status":"open","ping_status":"open","sticky":false,"template":"","format":"standard","meta":{"footnotes":""},"categories":[5],"tags":[],"class_list":["post-3333","post","type-post","status-publish","format-standard","has-post-thumbnail","hentry","category-avellaneda"],"featured_image_src":"https:\/\/diarioprincipios.com\/wp-content\/uploads\/2020\/06\/7ec45328-451e-463a-9f3c-37239eafd0a5-1024x610.jpg","blog_images":{"medium":"https:\/\/diarioprincipios.com\/wp-content\/uploads\/2020\/06\/7ec45328-451e-463a-9f3c-37239eafd0a5-300x179.jpg","large":"https:\/\/diarioprincipios.com\/wp-content\/uploads\/2020\/06\/7ec45328-451e-463a-9f3c-37239eafd0a5-1024x610.jpg"},"ams_acf":[],"yoast_head":"<!-- This site is optimized with the Yoast SEO plugin v27.3 - https:\/\/yoast.com\/product\/yoast-seo-wordpress\/ -->\n<title>El intendente Ferraresi pide volver a Fase 1 - Principios<\/title>\n<meta name=\"robots\" content=\"index, follow, max-snippet:-1, max-image-preview:large, max-video-preview:-1\" \/>\n<link rel=\"canonical\" href=\"https:\/\/diarioprincipios.com\/index.php\/2020\/06\/24\/el-intendente-ferraresi-pide-volver-a-fase-1\/\" \/>\n<meta property=\"og:locale\" content=\"es_ES\" \/>\n<meta property=\"og:type\" content=\"article\" \/>\n<meta property=\"og:title\" content=\"El intendente Ferraresi pide volver a Fase 1 - Principios\" \/>\n<meta property=\"og:description\" content=\"El jefe comunal se expres\u00f3 a favor de fortalecer las restricciones en la circulaci\u00f3n, como forma de contener los contagios durante esta etapa de la pandemia. Ante el crecimiento sostenido de la cantidad de casos positivos de Covid-19 en toda la zona del AMBA, el intendente de Avellaneda, Jorge Ferraresi, pidi\u00f3 volver a Fase 1,...\" \/>\n<meta property=\"og:url\" content=\"https:\/\/diarioprincipios.com\/index.php\/2020\/06\/24\/el-intendente-ferraresi-pide-volver-a-fase-1\/\" \/>\n<meta property=\"og:site_name\" content=\"Principios\" \/>\n<meta property=\"article:published_time\" content=\"2020-06-24T19:49:50+00:00\" \/>\n<meta property=\"article:modified_time\" content=\"2020-06-24T19:49:54+00:00\" \/>\n<meta property=\"og:image\" content=\"https:\/\/diarioprincipios.com\/wp-content\/uploads\/2020\/06\/7ec45328-451e-463a-9f3c-37239eafd0a5.jpg\" \/>\n\t<meta property=\"og:image:width\" content=\"1280\" \/>\n\t<meta property=\"og:image:height\" content=\"762\" \/>\n\t<meta property=\"og:image:type\" content=\"image\/jpeg\" \/>\n<meta name=\"author\" content=\"Hern\u00e1n L\u00f3pez\" \/>\n<meta name=\"twitter:card\" content=\"summary_large_image\" \/>\n<meta name=\"twitter:label1\" content=\"Escrito por\" \/>\n\t<meta name=\"twitter:data1\" content=\"Hern\u00e1n L\u00f3pez\" \/>\n\t<meta name=\"twitter:label2\" content=\"Tiempo de lectura\" \/>\n\t<meta name=\"twitter:data2\" content=\"1 minuto\" \/>\n<script type=\"application\/ld+json\" class=\"yoast-schema-graph\">{\"@context\":\"https:\\\/\\\/schema.org\",\"@graph\":[{\"@type\":\"Article\",\"@id\":\"https:\\\/\\\/diarioprincipios.com\\\/index.php\\\/2020\\\/06\\\/24\\\/el-intendente-ferraresi-pide-volver-a-fase-1\\\/#article\",\"isPartOf\":{\"@id\":\"https:\\\/\\\/diarioprincipios.com\\\/index.php\\\/2020\\\/06\\\/24\\\/el-intendente-ferraresi-pide-volver-a-fase-1\\\/\"},\"author\":{\"name\":\"Hern\u00e1n L\u00f3pez\",\"@id\":\"https:\\\/\\\/diarioprincipios.com\\\/#\\\/schema\\\/person\\\/436d5a1fd41a5e250e23ff5a6a7cb080\"},\"headline\":\"El intendente Ferraresi pide volver a Fase 1\",\"datePublished\":\"2020-06-24T19:49:50+00:00\",\"dateModified\":\"2020-06-24T19:49:54+00:00\",\"mainEntityOfPage\":{\"@id\":\"https:\\\/\\\/diarioprincipios.com\\\/index.php\\\/2020\\\/06\\\/24\\\/el-intendente-ferraresi-pide-volver-a-fase-1\\\/\"},\"wordCount\":276,\"commentCount\":0,\"publisher\":{\"@id\":\"https:\\\/\\\/diarioprincipios.com\\\/#organization\"},\"image\":{\"@id\":\"https:\\\/\\\/diarioprincipios.com\\\/index.php\\\/2020\\\/06\\\/24\\\/el-intendente-ferraresi-pide-volver-a-fase-1\\\/#primaryimage\"},\"thumbnailUrl\":\"https:\\\/\\\/diarioprincipios.com\\\/wp-content\\\/uploads\\\/2020\\\/06\\\/7ec45328-451e-463a-9f3c-37239eafd0a5.jpg\",\"articleSection\":[\"Avellaneda\"],\"inLanguage\":\"es\",\"potentialAction\":[{\"@type\":\"CommentAction\",\"name\":\"Comment\",\"target\":[\"https:\\\/\\\/diarioprincipios.com\\\/index.php\\\/2020\\\/06\\\/24\\\/el-intendente-ferraresi-pide-volver-a-fase-1\\\/#respond\"]}]},{\"@type\":\"WebPage\",\"@id\":\"https:\\\/\\\/diarioprincipios.com\\\/index.php\\\/2020\\\/06\\\/24\\\/el-intendente-ferraresi-pide-volver-a-fase-1\\\/\",\"url\":\"https:\\\/\\\/diarioprincipios.com\\\/index.php\\\/2020\\\/06\\\/24\\\/el-intendente-ferraresi-pide-volver-a-fase-1\\\/\",\"name\":\"El intendente Ferraresi pide volver a Fase 1 - Principios\",\"isPartOf\":{\"@id\":\"https:\\\/\\\/diarioprincipios.com\\\/#website\"},\"primaryImageOfPage\":{\"@id\":\"https:\\\/\\\/diarioprincipios.com\\\/index.php\\\/2020\\\/06\\\/24\\\/el-intendente-ferraresi-pide-volver-a-fase-1\\\/#primaryimage\"},\"image\":{\"@id\":\"https:\\\/\\\/diarioprincipios.com\\\/index.php\\\/2020\\\/06\\\/24\\\/el-intendente-ferraresi-pide-volver-a-fase-1\\\/#primaryimage\"},\"thumbnailUrl\":\"https:\\\/\\\/diarioprincipios.com\\\/wp-content\\\/uploads\\\/2020\\\/06\\\/7ec45328-451e-463a-9f3c-37239eafd0a5.jpg\",\"datePublished\":\"2020-06-24T19:49:50+00:00\",\"dateModified\":\"2020-06-24T19:49:54+00:00\",\"breadcrumb\":{\"@id\":\"https:\\\/\\\/diarioprincipios.com\\\/index.php\\\/2020\\\/06\\\/24\\\/el-intendente-ferraresi-pide-volver-a-fase-1\\\/#breadcrumb\"},\"inLanguage\":\"es\",\"potentialAction\":[{\"@type\":\"ReadAction\",\"target\":[\"https:\\\/\\\/diarioprincipios.com\\\/index.php\\\/2020\\\/06\\\/24\\\/el-intendente-ferraresi-pide-volver-a-fase-1\\\/\"]}]},{\"@type\":\"ImageObject\",\"inLanguage\":\"es\",\"@id\":\"https:\\\/\\\/diarioprincipios.com\\\/index.php\\\/2020\\\/06\\\/24\\\/el-intendente-ferraresi-pide-volver-a-fase-1\\\/#primaryimage\",\"url\":\"https:\\\/\\\/diarioprincipios.com\\\/wp-content\\\/uploads\\\/2020\\\/06\\\/7ec45328-451e-463a-9f3c-37239eafd0a5.jpg\",\"contentUrl\":\"https:\\\/\\\/diarioprincipios.com\\\/wp-content\\\/uploads\\\/2020\\\/06\\\/7ec45328-451e-463a-9f3c-37239eafd0a5.jpg\",\"width\":1280,\"height\":762},{\"@type\":\"BreadcrumbList\",\"@id\":\"https:\\\/\\\/diarioprincipios.com\\\/index.php\\\/2020\\\/06\\\/24\\\/el-intendente-ferraresi-pide-volver-a-fase-1\\\/#breadcrumb\",\"itemListElement\":[{\"@type\":\"ListItem\",\"position\":1,\"name\":\"Portada\",\"item\":\"https:\\\/\\\/diarioprincipios.com\\\/\"},{\"@type\":\"ListItem\",\"position\":2,\"name\":\"El intendente Ferraresi pide volver a Fase 1\"}]},{\"@type\":\"WebSite\",\"@id\":\"https:\\\/\\\/diarioprincipios.com\\\/#website\",\"url\":\"https:\\\/\\\/diarioprincipios.com\\\/\",\"name\":\"Principios\",\"description\":\"Principios Diario\",\"publisher\":{\"@id\":\"https:\\\/\\\/diarioprincipios.com\\\/#organization\"},\"potentialAction\":[{\"@type\":\"SearchAction\",\"target\":{\"@type\":\"EntryPoint\",\"urlTemplate\":\"https:\\\/\\\/diarioprincipios.com\\\/?s={search_term_string}\"},\"query-input\":{\"@type\":\"PropertyValueSpecification\",\"valueRequired\":true,\"valueName\":\"search_term_string\"}}],\"inLanguage\":\"es\"},{\"@type\":\"Organization\",\"@id\":\"https:\\\/\\\/diarioprincipios.com\\\/#organization\",\"name\":\"Principios\",\"url\":\"https:\\\/\\\/diarioprincipios.com\\\/\",\"logo\":{\"@type\":\"ImageObject\",\"inLanguage\":\"es\",\"@id\":\"https:\\\/\\\/diarioprincipios.com\\\/#\\\/schema\\\/logo\\\/image\\\/\",\"url\":\"https:\\\/\\\/diarioprincipios.com\\\/wp-content\\\/uploads\\\/2024\\\/04\\\/cropped-www.diarioprincipios.com_-1.png\",\"contentUrl\":\"https:\\\/\\\/diarioprincipios.com\\\/wp-content\\\/uploads\\\/2024\\\/04\\\/cropped-www.diarioprincipios.com_-1.png\",\"width\":5325,\"height\":1454,\"caption\":\"Principios\"},\"image\":{\"@id\":\"https:\\\/\\\/diarioprincipios.com\\\/#\\\/schema\\\/logo\\\/image\\\/\"}},{\"@type\":\"Person\",\"@id\":\"https:\\\/\\\/diarioprincipios.com\\\/#\\\/schema\\\/person\\\/436d5a1fd41a5e250e23ff5a6a7cb080\",\"name\":\"Hern\u00e1n L\u00f3pez\",\"image\":{\"@type\":\"ImageObject\",\"inLanguage\":\"es\",\"@id\":\"https:\\\/\\\/diarioprincipios.com\\\/wp-content\\\/litespeed\\\/avatar\\\/11ddfe5610ff3bd100522525b2571f48.jpg?ver=1777653193\",\"url\":\"https:\\\/\\\/diarioprincipios.com\\\/wp-content\\\/litespeed\\\/avatar\\\/11ddfe5610ff3bd100522525b2571f48.jpg?ver=1777653193\",\"contentUrl\":\"https:\\\/\\\/diarioprincipios.com\\\/wp-content\\\/litespeed\\\/avatar\\\/11ddfe5610ff3bd100522525b2571f48.jpg?ver=1777653193\",\"caption\":\"Hern\u00e1n L\u00f3pez\"},\"url\":\"https:\\\/\\\/diarioprincipios.com\\\/index.php\\\/author\\\/hernan\\\/\"}]}<\/script>\n<!-- \/ Yoast SEO plugin. -->","yoast_head_json":{"title":"El intendente Ferraresi pide volver a Fase 1 - Principios","robots":{"index":"index","follow":"follow","max-snippet":"max-snippet:-1","max-image-preview":"max-image-preview:large","max-video-preview":"max-video-preview:-1"},"canonical":"https:\/\/diarioprincipios.com\/index.php\/2020\/06\/24\/el-intendente-ferraresi-pide-volver-a-fase-1\/","og_locale":"es_ES","og_type":"article","og_title":"El intendente Ferraresi pide volver a Fase 1 - Principios","og_description":"El jefe comunal se expres\u00f3 a favor de fortalecer las restricciones en la circulaci\u00f3n, como forma de contener los contagios durante esta etapa de la pandemia. Ante el crecimiento sostenido de la cantidad de casos positivos de Covid-19 en toda la zona del AMBA, el intendente de Avellaneda, Jorge Ferraresi, pidi\u00f3 volver a Fase 1,...","og_url":"https:\/\/diarioprincipios.com\/index.php\/2020\/06\/24\/el-intendente-ferraresi-pide-volver-a-fase-1\/","og_site_name":"Principios","article_published_time":"2020-06-24T19:49:50+00:00","article_modified_time":"2020-06-24T19:49:54+00:00","og_image":[{"width":1280,"height":762,"url":"https:\/\/diarioprincipios.com\/wp-content\/uploads\/2020\/06\/7ec45328-451e-463a-9f3c-37239eafd0a5.jpg","type":"image\/jpeg"}],"author":"Hern\u00e1n L\u00f3pez","twitter_card":"summary_large_image","twitter_misc":{"Escrito por":"Hern\u00e1n L\u00f3pez","Tiempo de lectura":"1 minuto"},"schema":{"@context":"https:\/\/schema.org","@graph":[{"@type":"Article","@id":"https:\/\/diarioprincipios.com\/index.php\/2020\/06\/24\/el-intendente-ferraresi-pide-volver-a-fase-1\/#article","isPartOf":{"@id":"https:\/\/diarioprincipios.com\/index.php\/2020\/06\/24\/el-intendente-ferraresi-pide-volver-a-fase-1\/"},"author":{"name":"Hern\u00e1n L\u00f3pez","@id":"https:\/\/diarioprincipios.com\/#\/schema\/person\/436d5a1fd41a5e250e23ff5a6a7cb080"},"headline":"El intendente Ferraresi pide volver a Fase 1","datePublished":"2020-06-24T19:49:50+00:00","dateModified":"2020-06-24T19:49:54+00:00","mainEntityOfPage":{"@id":"https:\/\/diarioprincipios.com\/index.php\/2020\/06\/24\/el-intendente-ferraresi-pide-volver-a-fase-1\/"},"wordCount":276,"commentCount":0,"publisher":{"@id":"https:\/\/diarioprincipios.com\/#organization"},"image":{"@id":"https:\/\/diarioprincipios.com\/index.php\/2020\/06\/24\/el-intendente-ferraresi-pide-volver-a-fase-1\/#primaryimage"},"thumbnailUrl":"https:\/\/diarioprincipios.com\/wp-content\/uploads\/2020\/06\/7ec45328-451e-463a-9f3c-37239eafd0a5.jpg","articleSection":["Avellaneda"],"inLanguage":"es","potentialAction":[{"@type":"CommentAction","name":"Comment","target":["https:\/\/diarioprincipios.com\/index.php\/2020\/06\/24\/el-intendente-ferraresi-pide-volver-a-fase-1\/#respond"]}]},{"@type":"WebPage","@id":"https:\/\/diarioprincipios.com\/index.php\/2020\/06\/24\/el-intendente-ferraresi-pide-volver-a-fase-1\/","url":"https:\/\/diarioprincipios.com\/index.php\/2020\/06\/24\/el-intendente-ferraresi-pide-volver-a-fase-1\/","name":"El intendente Ferraresi pide volver a Fase 1 - Principios","isPartOf":{"@id":"https:\/\/diarioprincipios.com\/#website"},"primaryImageOfPage":{"@id":"https:\/\/diarioprincipios.com\/index.php\/2020\/06\/24\/el-intendente-ferraresi-pide-volver-a-fase-1\/#primaryimage"},"image":{"@id":"https:\/\/diarioprincipios.com\/index.php\/2020\/06\/24\/el-intendente-ferraresi-pide-volver-a-fase-1\/#primaryimage"},"thumbnailUrl":"https:\/\/diarioprincipios.com\/wp-content\/uploads\/2020\/06\/7ec45328-451e-463a-9f3c-37239eafd0a5.jpg","datePublished":"2020-06-24T19:49:50+00:00","dateModified":"2020-06-24T19:49:54+00:00","breadcrumb":{"@id":"https:\/\/diarioprincipios.com\/index.php\/2020\/06\/24\/el-intendente-ferraresi-pide-volver-a-fase-1\/#breadcrumb"},"inLanguage":"es","potentialAction":[{"@type":"ReadAction","target":["https:\/\/diarioprincipios.com\/index.php\/2020\/06\/24\/el-intendente-ferraresi-pide-volver-a-fase-1\/"]}]},{"@type":"ImageObject","inLanguage":"es","@id":"https:\/\/diarioprincipios.com\/index.php\/2020\/06\/24\/el-intendente-ferraresi-pide-volver-a-fase-1\/#primaryimage","url":"https:\/\/diarioprincipios.com\/wp-content\/uploads\/2020\/06\/7ec45328-451e-463a-9f3c-37239eafd0a5.jpg","contentUrl":"https:\/\/diarioprincipios.com\/wp-content\/uploads\/2020\/06\/7ec45328-451e-463a-9f3c-37239eafd0a5.jpg","width":1280,"height":762},{"@type":"BreadcrumbList","@id":"https:\/\/diarioprincipios.com\/index.php\/2020\/06\/24\/el-intendente-ferraresi-pide-volver-a-fase-1\/#breadcrumb","itemListElement":[{"@type":"ListItem","position":1,"name":"Portada","item":"https:\/\/diarioprincipios.com\/"},{"@type":"ListItem","position":2,"name":"El intendente Ferraresi pide volver a Fase 1"}]},{"@type":"WebSite","@id":"https:\/\/diarioprincipios.com\/#website","url":"https:\/\/diarioprincipios.com\/","name":"Principios","description":"Principios Diario","publisher":{"@id":"https:\/\/diarioprincipios.com\/#organization"},"potentialAction":[{"@type":"SearchAction","target":{"@type":"EntryPoint","urlTemplate":"https:\/\/diarioprincipios.com\/?s={search_term_string}"},"query-input":{"@type":"PropertyValueSpecification","valueRequired":true,"valueName":"search_term_string"}}],"inLanguage":"es"},{"@type":"Organization","@id":"https:\/\/diarioprincipios.com\/#organization","name":"Principios","url":"https:\/\/diarioprincipios.com\/","logo":{"@type":"ImageObject","inLanguage":"es","@id":"https:\/\/diarioprincipios.com\/#\/schema\/logo\/image\/","url":"https:\/\/diarioprincipios.com\/wp-content\/uploads\/2024\/04\/cropped-www.diarioprincipios.com_-1.png","contentUrl":"https:\/\/diarioprincipios.com\/wp-content\/uploads\/2024\/04\/cropped-www.diarioprincipios.com_-1.png","width":5325,"height":1454,"caption":"Principios"},"image":{"@id":"https:\/\/diarioprincipios.com\/#\/schema\/logo\/image\/"}},{"@type":"Person","@id":"https:\/\/diarioprincipios.com\/#\/schema\/person\/436d5a1fd41a5e250e23ff5a6a7cb080","name":"Hern\u00e1n L\u00f3pez","image":{"@type":"ImageObject","inLanguage":"es","@id":"https:\/\/diarioprincipios.com\/wp-content\/litespeed\/avatar\/11ddfe5610ff3bd100522525b2571f48.jpg?ver=1777653193","url":"https:\/\/diarioprincipios.com\/wp-content\/litespeed\/avatar\/11ddfe5610ff3bd100522525b2571f48.jpg?ver=1777653193","contentUrl":"https:\/\/diarioprincipios.com\/wp-content\/litespeed\/avatar\/11ddfe5610ff3bd100522525b2571f48.jpg?ver=1777653193","caption":"Hern\u00e1n L\u00f3pez"},"url":"https:\/\/diarioprincipios.com\/index.php\/author\/hernan\/"}]}},"jetpack_featured_media_url":"https:\/\/diarioprincipios.com\/wp-content\/uploads\/2020\/06\/7ec45328-451e-463a-9f3c-37239eafd0a5.jpg","_links":{"self":[{"href":"https:\/\/diarioprincipios.com\/index.php\/wp-json\/wp\/v2\/posts\/3333","targetHints":{"allow":["GET"]}}],"collection":[{"href":"https:\/\/diarioprincipios.com\/index.php\/wp-json\/wp\/v2\/posts"}],"about":[{"href":"https:\/\/diarioprincipios.com\/index.php\/wp-json\/wp\/v2\/types\/post"}],"author":[{"embeddable":true,"href":"https:\/\/diarioprincipios.com\/index.php\/wp-json\/wp\/v2\/users\/2"}],"replies":[{"embeddable":true,"href":"https:\/\/diarioprincipios.com\/index.php\/wp-json\/wp\/v2\/comments?post=3333"}],"version-history":[{"count":1,"href":"https:\/\/diarioprincipios.com\/index.php\/wp-json\/wp\/v2\/posts\/3333\/revisions"}],"predecessor-version":[{"id":3335,"href":"https:\/\/diarioprincipios.com\/index.php\/wp-json\/wp\/v2\/posts\/3333\/revisions\/3335"}],"wp:featuredmedia":[{"embeddable":true,"href":"https:\/\/diarioprincipios.com\/index.php\/wp-json\/wp\/v2\/media\/3334"}],"wp:attachment":[{"href":"https:\/\/diarioprincipios.com\/index.php\/wp-json\/wp\/v2\/media?parent=3333"}],"wp:term":[{"taxonomy":"category","embeddable":true,"href":"https:\/\/diarioprincipios.com\/index.php\/wp-json\/wp\/v2\/categories?post=3333"},{"taxonomy":"post_tag","embeddable":true,"href":"https:\/\/diarioprincipios.com\/index.php\/wp-json\/wp\/v2\/tags?post=3333"}],"curies":[{"name":"wp","href":"https:\/\/api.w.org\/{rel}","templated":true}]}}