{"id":3319,"date":"2020-06-24T14:12:31","date_gmt":"2020-06-24T17:12:31","guid":{"rendered":"http:\/\/diarioprincipios.com\/?p=3319"},"modified":"2020-06-24T14:12:35","modified_gmt":"2020-06-24T17:12:35","slug":"magdalena-sierra-entre-todos-es-mejor","status":"publish","type":"post","link":"https:\/\/diarioprincipios.com\/index.php\/2020\/06\/24\/magdalena-sierra-entre-todos-es-mejor\/","title":{"rendered":"Magdalena Sierra: \u201cEntre todos es mejor\u201d"},"content":{"rendered":"\n<p>Confianza, compromiso y amor son las palabras que resumen el v\u00ednculo que venimos construyendo hace m\u00e1s de 10 a\u00f1os entre el Municipio de Avellaneda y lxs vecinxs de Azul. Los 15 d\u00edas de aislamiento del barrio, producto del brote de Coronavirus, no fueron la excepci\u00f3n. Estos valores se potenciaron y nos permitieron atravesar la situaci\u00f3n codo a codo, solidarixs, juntxs.<\/p>\n\n\n\n<p>Decidimos el aislamiento sanitario del barrio convencidxs de que era la mejor medida para controlar el foco de contagios. Pero sabiendo tambi\u00e9n que s\u00f3lo ser\u00eda posible llevarlo adelante a trav\u00e9s de una fuerte presencia y acompa\u00f1amiento del Estado en todos sus niveles: nacional, provincial y municipal; y, sin dudas, mediante la confianza y responsabilidad de la comunidad de Azul. Y as\u00ed lo hicimos, como siempre al lado de&nbsp;lxs&nbsp;vecinxs. Transitando la emergencia sanitaria unidxs y poniendo todos los recursos y dispositivos a disposici\u00f3n del barrio.<\/p>\n\n\n\n<p>La estrategia principal fue trabajar articuladamente entre las \u00e1reas de Salud, Seguridad y Desarrollo Social de ambos Municipios (Quilmes y Avellaneda) y de la Provincia de Buenos Aires, para abordar de forma integral la situaci\u00f3n. En este sentido, creo&nbsp;que&nbsp;es fundamental destacar el trabajo de cada una de estas \u00e1reas, que estuvieron presentes las 24hs, y cuya acci\u00f3n fue clave y esencial para lograr y sostener el confinamiento.<\/p>\n\n\n\n<p>Azul es un barrio muy diverso, con distintas realidades y complejidades. Un sector pertenece al Municipio de Quilmes, el otro a Avellaneda. Sin embargo, no hay ning\u00fan l\u00edmite concreto que marque esta divisi\u00f3n. Parecer\u00eda ser que la \u00fanica frontera estar\u00eda marcada por la profunda desigualdad. Conviven dos mundos: uno que da cuenta de un estado local presente a trav\u00e9s de la puesta en marcha de pol\u00edticas p\u00fablicas inclusivas, y condiciones dignas de vida; otro donde las familias viven en construcciones precarias, hacinadas, reflejando la (in) acci\u00f3n de un estado ausente.<\/p>\n\n\n\n<figure class=\"wp-block-image size-large\"><img loading=\"lazy\" decoding=\"async\" width=\"1024\" height=\"683\" src=\"https:\/\/diarioprincipios.com\/wp-content\/uploads\/2020\/06\/MG_3787B-1-1024x683.jpg\" alt=\"\" class=\"wp-image-3320\" srcset=\"https:\/\/diarioprincipios.com\/wp-content\/uploads\/2020\/06\/MG_3787B-1-1024x683.jpg 1024w, https:\/\/diarioprincipios.com\/wp-content\/uploads\/2020\/06\/MG_3787B-1-300x200.jpg 300w, https:\/\/diarioprincipios.com\/wp-content\/uploads\/2020\/06\/MG_3787B-1-768x512.jpg 768w, https:\/\/diarioprincipios.com\/wp-content\/uploads\/2020\/06\/MG_3787B-1-1536x1024.jpg 1536w, https:\/\/diarioprincipios.com\/wp-content\/uploads\/2020\/06\/MG_3787B-1-2048x1365.jpg 2048w\" sizes=\"auto, (max-width: 1024px) 100vw, 1024px\" \/><\/figure>\n\n\n\n<p>En Avellaneda, 400 viviendas sociales, el Jard\u00edn Maternal Municipal N\u00b0&nbsp;16, el Centro de Cuidado Familiar y Comunitario, el Polideportivo Municipal \u201cProyecto Nacional\u201d equipado con dos piletas climatizadas, un cuadril\u00e1tero de box, canchas de v\u00f3ley, b\u00e1squet, f\u00fatbol y un microcine;&nbsp;luminarias, la cobertura en un 100% de cloacas y red de agua potable, son el resultado de 10 a\u00f1os de trabajo de la gesti\u00f3n municipal en el barrio. Este nivel de urbanizaci\u00f3n permiti\u00f3 que lxs vecinxs pudieran llevar adelante&nbsp;el&nbsp;aislamiento en sus casas, bajo condiciones dignas de&nbsp;h\u00e1bitat. A su vez, colabor\u00f3 a detener el ritmo de contagios.<\/p>\n\n\n\n<p>Hoy, cuando el barrio est\u00e1 en boca de todxs,&nbsp;y&nbsp;empieza a ser nombrado y&nbsp;visitado por extra\u00f1xs, queda en evidencia cu\u00e1nto ignoran determinados sectores. El uso del lenguaje, por ejemplo, en el caso del periodismo que habla de \u201cterritorio\u201d, de \u201cgente\u201d da cuenta del grado de desconocimiento con el que informan. Para&nbsp;nosotrxs&nbsp;Azul es mucho m\u00e1s que un \u201cterritorio\u201d habitado por \u201cgente\u201d. Es el barrio al que llegamos hace 10 a\u00f1os, con todo por hacer, y donde gracias a la confianza y esfuerzo de sus familias y la decisi\u00f3n pol\u00edtica del Intendente Jorge Ferraresi, lo levantamos.<\/p>\n\n\n\n<p>Estuvimos (y seguimos) presentes a trav\u00e9s de diversas pol\u00edticas p\u00fablicas, no s\u00f3lo con la obra p\u00fablica, sino en materia de educaci\u00f3n, salud, ni\u00f1ez, g\u00e9neros, deportes. Siempre apuntando a la inclusi\u00f3n e igualdad de oportunidades. Y siempre con un pie en el barrio. Por eso, conocemos a lxs vecinxs. Sabemos de sus problem\u00e1ticas, historias y experiencias. El grado de cotidianeidad y el v\u00ednculo de afecto&nbsp;que fuimos construyendo, fueron clave para planificar la asistencia considerando las particularidades de cada una de las 402 familias, y lograr el cumplimiento de la medida por parte de lxs vecinxs, quienes no dudaron nunca de nuestro compromiso.<\/p>\n\n\n\n<p>Trabajamos d\u00eda a d\u00eda escuchando y atendiendo las diversas realidades. Distribuimos alimentos respetando&nbsp;dietas y necesidades alimentarias, carne, pollo, alimentos secos y frescos; entregamos art\u00edculos sanitizantes, de limpieza e higiene \u00edntima; garrafas, pa\u00f1ales y medicaciones espec\u00edficas a quienes lo necesitaron. Brindamos contenci\u00f3n emocional y psicol\u00f3gica, abordamos y acompa\u00f1amos a familias con personas embarazadas o con alguna discapacidad. Dispusimos unidades de traslado para quienes deb\u00edan salir por motivos de fuerza mayor a realizar estudios y\/o tratamientos m\u00e9dicos. Nos ocupamos de&nbsp;gestionar&nbsp;con el Ministerio de Trabajo bonaerense la emisi\u00f3n de certificados para quienes tienen empleo en blanco, brind\u00e1ndoles la tranquilidad de poder quedarse en su casa&nbsp;justificando la excepci\u00f3n.&nbsp;Y garantizamos el abastecimiento de los comercios de proximidad.&nbsp;<\/p>\n\n\n\n<p>Quiero hacer una especial menci\u00f3n para la Secretar\u00eda de Salud del Municipio, desde donde trabajaron activamente en la b\u00fasqueda puerta a puerta de pacientes asintom\u00e1ticos y realizando testeos a quienes presentaban s\u00edntomas, adem\u00e1s de realizar un fuerte operativo preventivo, informando a la poblaci\u00f3n sobre medidas a tomar para evitar contagios. Tambi\u00e9n resaltar el rol del equipo del Observatorio Social de Pol\u00edticas P\u00fablicas, quienes no s\u00f3lo distribuyeron alimentos y mercader\u00eda, sino que brindaron atenci\u00f3n y contenci\u00f3n a trav\u00e9s de cada una de sus subsecretar\u00edas: Desarrollo Social; Mujeres, G\u00e9neros y Diversidad;&nbsp; Ni\u00f1ez, Adolescencia y Familia.&nbsp;Trabajando constantemente desde la solidaridad y la empat\u00eda con la situaci\u00f3n que atravesaba cada familia.<\/p>\n\n\n\n<p>Destacar tambi\u00e9n la funci\u00f3n de las fuerzas de seguridad que actuaron con responsabilidad y conciencia, cuidando a las familias desde la proximidad. Desde la secretar\u00eda de Seguridad del Municipio se abord\u00f3 el aislamiento a trav\u00e9s de una mirada ampliada sobre la seguridad, convencidxs de que vivir seguros es tener garantizadas las condiciones b\u00e1sicas de vida, la salud, el empleo, y ese fue el esp\u00edritu con el que trabajamos en Azul, hoy y siempre.<\/p>\n\n\n\n<p>Recibimos, adem\u00e1s, donaciones de distintas instituciones, fundaciones, y privados con quienes estamos enormemente agradecidxs: Fantas\u00eda Av\u00edcola LC, Adri\u00e1n Faija; Club Social y Deportivo Defensores de Belgrano de Villa Dom\u00ednico; Iv\u00e1n Marcone, La Garganta Poderosa; Fundaci\u00f3n \u00abLa raz\u00f3n de vivir\u00bb. Todxs ellxs han colaborado, desinteresadamente,&nbsp; con alimentos, insumos, entregas de viandas.<\/p>\n\n\n\n<p>Entre otras tantas acciones destinadas a brindar soluciones y herramientas a lxs vecinxs, contamos con el aporte del Banco de la Provincia de Buenos Aires que instal\u00f3 un cajero m\u00f3vil en el acceso a Azul; la participaci\u00f3n de la ANSES que realiz\u00f3 operativos especiales para quienes deb\u00edan recibir alg\u00fan cobro; y la contribuci\u00f3n del Ente Nacional de Comunicaciones (ENACOM) que entreg\u00f3 tarjetas de telefon\u00eda m\u00f3vil para fortalecer la conectividad del barrio.<\/p>\n\n\n\n<p>Lejos de poner un cerco policial y generar un \u201cghetto de pobres\u201d,&nbsp;como escuchamos&nbsp;en las \u00faltimas semanas, estuvimos presentes quince d\u00edas con todas nuestras herramientas, equipos de trabajo y con, lo que no es menor, nuestro profundo amor al barrio, compartiendo el aislamiento con lxs vecinxs.<\/p>\n\n\n\n<p>La experiencia atravesada en Azul debe ser un ejemplo, en todos sus sentidos.<\/p>\n\n\n\n<p>Azul nos ense\u00f1a sobre solidaridad y trabajo en equipo. Da muestra de un pa\u00eds enormemente injusto y desigual. Es testigo de que no da lo mismo tener un Estado presente, sostenido en el tiempo, a no tenerlo. Nos advierte sobre la necesidad de convertir la urbanizaci\u00f3n de barrios de emergencia en una pol\u00edtica de Estado. Nos convoca a entender la importancia de la pol\u00edtica como herramienta de transformaci\u00f3n y cu\u00e1nto mejor nos va como sociedad cuando la pol\u00edtica representa al vecinx, y el vecinx conf\u00eda en ella. Pero sobre todas las cosas, nos ense\u00f1a que nadie se salva solo, que entre todxs es mejor.<\/p>\n\n\n\n<p class=\"has-text-align-right\"><strong>Magdalena Sierra, Diputada de la Naci\u00f3n<\/strong><\/p>\n","protected":false},"excerpt":{"rendered":"<p>Confianza, compromiso y amor son las palabras que resumen el v\u00ednculo que venimos construyendo hace m\u00e1s de 10 a\u00f1os entre el Municipio de Avellaneda y lxs vecinxs de Azul. Los 15 d\u00edas de aislamiento del barrio, producto del brote de Coronavirus, no fueron la excepci\u00f3n. Estos valores se potenciaron y nos permitieron atravesar la situaci\u00f3n&#8230;<\/p>\n","protected":false},"author":2,"featured_media":3321,"comment_status":"open","ping_status":"open","sticky":false,"template":"","format":"standard","meta":{"footnotes":""},"categories":[5],"tags":[],"class_list":["post-3319","post","type-post","status-publish","format-standard","has-post-thumbnail","hentry","category-avellaneda"],"featured_image_src":"https:\/\/diarioprincipios.com\/wp-content\/uploads\/2020\/06\/MG_3567-1024x683.jpg","blog_images":{"medium":"https:\/\/diarioprincipios.com\/wp-content\/uploads\/2020\/06\/MG_3567-300x200.jpg","large":"https:\/\/diarioprincipios.com\/wp-content\/uploads\/2020\/06\/MG_3567-1024x683.jpg"},"ams_acf":[],"yoast_head":"<!-- This site is optimized with the Yoast SEO plugin v27.3 - https:\/\/yoast.com\/product\/yoast-seo-wordpress\/ -->\n<title>Magdalena Sierra: \u201cEntre todos es mejor\u201d - Principios<\/title>\n<meta name=\"robots\" content=\"index, follow, max-snippet:-1, max-image-preview:large, max-video-preview:-1\" \/>\n<link rel=\"canonical\" href=\"https:\/\/diarioprincipios.com\/index.php\/2020\/06\/24\/magdalena-sierra-entre-todos-es-mejor\/\" \/>\n<meta property=\"og:locale\" content=\"es_ES\" \/>\n<meta property=\"og:type\" content=\"article\" \/>\n<meta property=\"og:title\" content=\"Magdalena Sierra: \u201cEntre todos es mejor\u201d - Principios\" \/>\n<meta property=\"og:description\" content=\"Confianza, compromiso y amor son las palabras que resumen el v\u00ednculo que venimos construyendo hace m\u00e1s de 10 a\u00f1os entre el Municipio de Avellaneda y lxs vecinxs de Azul. Los 15 d\u00edas de aislamiento del barrio, producto del brote de Coronavirus, no fueron la excepci\u00f3n. Estos valores se potenciaron y nos permitieron atravesar la situaci\u00f3n...\" \/>\n<meta property=\"og:url\" content=\"https:\/\/diarioprincipios.com\/index.php\/2020\/06\/24\/magdalena-sierra-entre-todos-es-mejor\/\" \/>\n<meta property=\"og:site_name\" content=\"Principios\" \/>\n<meta property=\"article:published_time\" content=\"2020-06-24T17:12:31+00:00\" \/>\n<meta property=\"article:modified_time\" content=\"2020-06-24T17:12:35+00:00\" \/>\n<meta property=\"og:image\" content=\"https:\/\/diarioprincipios.com\/wp-content\/uploads\/2020\/06\/MG_3567.jpg\" \/>\n\t<meta property=\"og:image:width\" content=\"2100\" \/>\n\t<meta property=\"og:image:height\" content=\"1400\" \/>\n\t<meta property=\"og:image:type\" content=\"image\/jpeg\" \/>\n<meta name=\"author\" content=\"Hern\u00e1n L\u00f3pez\" \/>\n<meta name=\"twitter:card\" content=\"summary_large_image\" \/>\n<meta name=\"twitter:label1\" content=\"Escrito por\" \/>\n\t<meta name=\"twitter:data1\" content=\"Hern\u00e1n L\u00f3pez\" \/>\n\t<meta name=\"twitter:label2\" content=\"Tiempo de lectura\" \/>\n\t<meta name=\"twitter:data2\" content=\"7 minutos\" \/>\n<script type=\"application\/ld+json\" class=\"yoast-schema-graph\">{\"@context\":\"https:\\\/\\\/schema.org\",\"@graph\":[{\"@type\":\"Article\",\"@id\":\"https:\\\/\\\/diarioprincipios.com\\\/index.php\\\/2020\\\/06\\\/24\\\/magdalena-sierra-entre-todos-es-mejor\\\/#article\",\"isPartOf\":{\"@id\":\"https:\\\/\\\/diarioprincipios.com\\\/index.php\\\/2020\\\/06\\\/24\\\/magdalena-sierra-entre-todos-es-mejor\\\/\"},\"author\":{\"name\":\"Hern\u00e1n L\u00f3pez\",\"@id\":\"https:\\\/\\\/diarioprincipios.com\\\/#\\\/schema\\\/person\\\/436d5a1fd41a5e250e23ff5a6a7cb080\"},\"headline\":\"Magdalena Sierra: \u201cEntre todos es mejor\u201d\",\"datePublished\":\"2020-06-24T17:12:31+00:00\",\"dateModified\":\"2020-06-24T17:12:35+00:00\",\"mainEntityOfPage\":{\"@id\":\"https:\\\/\\\/diarioprincipios.com\\\/index.php\\\/2020\\\/06\\\/24\\\/magdalena-sierra-entre-todos-es-mejor\\\/\"},\"wordCount\":1333,\"commentCount\":0,\"publisher\":{\"@id\":\"https:\\\/\\\/diarioprincipios.com\\\/#organization\"},\"image\":{\"@id\":\"https:\\\/\\\/diarioprincipios.com\\\/index.php\\\/2020\\\/06\\\/24\\\/magdalena-sierra-entre-todos-es-mejor\\\/#primaryimage\"},\"thumbnailUrl\":\"https:\\\/\\\/diarioprincipios.com\\\/wp-content\\\/uploads\\\/2020\\\/06\\\/MG_3567.jpg\",\"articleSection\":[\"Avellaneda\"],\"inLanguage\":\"es\",\"potentialAction\":[{\"@type\":\"CommentAction\",\"name\":\"Comment\",\"target\":[\"https:\\\/\\\/diarioprincipios.com\\\/index.php\\\/2020\\\/06\\\/24\\\/magdalena-sierra-entre-todos-es-mejor\\\/#respond\"]}]},{\"@type\":\"WebPage\",\"@id\":\"https:\\\/\\\/diarioprincipios.com\\\/index.php\\\/2020\\\/06\\\/24\\\/magdalena-sierra-entre-todos-es-mejor\\\/\",\"url\":\"https:\\\/\\\/diarioprincipios.com\\\/index.php\\\/2020\\\/06\\\/24\\\/magdalena-sierra-entre-todos-es-mejor\\\/\",\"name\":\"Magdalena Sierra: \u201cEntre todos es mejor\u201d - Principios\",\"isPartOf\":{\"@id\":\"https:\\\/\\\/diarioprincipios.com\\\/#website\"},\"primaryImageOfPage\":{\"@id\":\"https:\\\/\\\/diarioprincipios.com\\\/index.php\\\/2020\\\/06\\\/24\\\/magdalena-sierra-entre-todos-es-mejor\\\/#primaryimage\"},\"image\":{\"@id\":\"https:\\\/\\\/diarioprincipios.com\\\/index.php\\\/2020\\\/06\\\/24\\\/magdalena-sierra-entre-todos-es-mejor\\\/#primaryimage\"},\"thumbnailUrl\":\"https:\\\/\\\/diarioprincipios.com\\\/wp-content\\\/uploads\\\/2020\\\/06\\\/MG_3567.jpg\",\"datePublished\":\"2020-06-24T17:12:31+00:00\",\"dateModified\":\"2020-06-24T17:12:35+00:00\",\"breadcrumb\":{\"@id\":\"https:\\\/\\\/diarioprincipios.com\\\/index.php\\\/2020\\\/06\\\/24\\\/magdalena-sierra-entre-todos-es-mejor\\\/#breadcrumb\"},\"inLanguage\":\"es\",\"potentialAction\":[{\"@type\":\"ReadAction\",\"target\":[\"https:\\\/\\\/diarioprincipios.com\\\/index.php\\\/2020\\\/06\\\/24\\\/magdalena-sierra-entre-todos-es-mejor\\\/\"]}]},{\"@type\":\"ImageObject\",\"inLanguage\":\"es\",\"@id\":\"https:\\\/\\\/diarioprincipios.com\\\/index.php\\\/2020\\\/06\\\/24\\\/magdalena-sierra-entre-todos-es-mejor\\\/#primaryimage\",\"url\":\"https:\\\/\\\/diarioprincipios.com\\\/wp-content\\\/uploads\\\/2020\\\/06\\\/MG_3567.jpg\",\"contentUrl\":\"https:\\\/\\\/diarioprincipios.com\\\/wp-content\\\/uploads\\\/2020\\\/06\\\/MG_3567.jpg\",\"width\":2100,\"height\":1400},{\"@type\":\"BreadcrumbList\",\"@id\":\"https:\\\/\\\/diarioprincipios.com\\\/index.php\\\/2020\\\/06\\\/24\\\/magdalena-sierra-entre-todos-es-mejor\\\/#breadcrumb\",\"itemListElement\":[{\"@type\":\"ListItem\",\"position\":1,\"name\":\"Portada\",\"item\":\"https:\\\/\\\/diarioprincipios.com\\\/\"},{\"@type\":\"ListItem\",\"position\":2,\"name\":\"Magdalena Sierra: \u201cEntre todos es mejor\u201d\"}]},{\"@type\":\"WebSite\",\"@id\":\"https:\\\/\\\/diarioprincipios.com\\\/#website\",\"url\":\"https:\\\/\\\/diarioprincipios.com\\\/\",\"name\":\"Principios\",\"description\":\"Principios Diario\",\"publisher\":{\"@id\":\"https:\\\/\\\/diarioprincipios.com\\\/#organization\"},\"potentialAction\":[{\"@type\":\"SearchAction\",\"target\":{\"@type\":\"EntryPoint\",\"urlTemplate\":\"https:\\\/\\\/diarioprincipios.com\\\/?s={search_term_string}\"},\"query-input\":{\"@type\":\"PropertyValueSpecification\",\"valueRequired\":true,\"valueName\":\"search_term_string\"}}],\"inLanguage\":\"es\"},{\"@type\":\"Organization\",\"@id\":\"https:\\\/\\\/diarioprincipios.com\\\/#organization\",\"name\":\"Principios\",\"url\":\"https:\\\/\\\/diarioprincipios.com\\\/\",\"logo\":{\"@type\":\"ImageObject\",\"inLanguage\":\"es\",\"@id\":\"https:\\\/\\\/diarioprincipios.com\\\/#\\\/schema\\\/logo\\\/image\\\/\",\"url\":\"https:\\\/\\\/diarioprincipios.com\\\/wp-content\\\/uploads\\\/2024\\\/04\\\/cropped-www.diarioprincipios.com_-1.png\",\"contentUrl\":\"https:\\\/\\\/diarioprincipios.com\\\/wp-content\\\/uploads\\\/2024\\\/04\\\/cropped-www.diarioprincipios.com_-1.png\",\"width\":5325,\"height\":1454,\"caption\":\"Principios\"},\"image\":{\"@id\":\"https:\\\/\\\/diarioprincipios.com\\\/#\\\/schema\\\/logo\\\/image\\\/\"}},{\"@type\":\"Person\",\"@id\":\"https:\\\/\\\/diarioprincipios.com\\\/#\\\/schema\\\/person\\\/436d5a1fd41a5e250e23ff5a6a7cb080\",\"name\":\"Hern\u00e1n L\u00f3pez\",\"image\":{\"@type\":\"ImageObject\",\"inLanguage\":\"es\",\"@id\":\"https:\\\/\\\/diarioprincipios.com\\\/wp-content\\\/litespeed\\\/avatar\\\/11ddfe5610ff3bd100522525b2571f48.jpg?ver=1777653193\",\"url\":\"https:\\\/\\\/diarioprincipios.com\\\/wp-content\\\/litespeed\\\/avatar\\\/11ddfe5610ff3bd100522525b2571f48.jpg?ver=1777653193\",\"contentUrl\":\"https:\\\/\\\/diarioprincipios.com\\\/wp-content\\\/litespeed\\\/avatar\\\/11ddfe5610ff3bd100522525b2571f48.jpg?ver=1777653193\",\"caption\":\"Hern\u00e1n L\u00f3pez\"},\"url\":\"https:\\\/\\\/diarioprincipios.com\\\/index.php\\\/author\\\/hernan\\\/\"}]}<\/script>\n<!-- \/ Yoast SEO plugin. -->","yoast_head_json":{"title":"Magdalena Sierra: \u201cEntre todos es mejor\u201d - Principios","robots":{"index":"index","follow":"follow","max-snippet":"max-snippet:-1","max-image-preview":"max-image-preview:large","max-video-preview":"max-video-preview:-1"},"canonical":"https:\/\/diarioprincipios.com\/index.php\/2020\/06\/24\/magdalena-sierra-entre-todos-es-mejor\/","og_locale":"es_ES","og_type":"article","og_title":"Magdalena Sierra: \u201cEntre todos es mejor\u201d - Principios","og_description":"Confianza, compromiso y amor son las palabras que resumen el v\u00ednculo que venimos construyendo hace m\u00e1s de 10 a\u00f1os entre el Municipio de Avellaneda y lxs vecinxs de Azul. Los 15 d\u00edas de aislamiento del barrio, producto del brote de Coronavirus, no fueron la excepci\u00f3n. Estos valores se potenciaron y nos permitieron atravesar la situaci\u00f3n...","og_url":"https:\/\/diarioprincipios.com\/index.php\/2020\/06\/24\/magdalena-sierra-entre-todos-es-mejor\/","og_site_name":"Principios","article_published_time":"2020-06-24T17:12:31+00:00","article_modified_time":"2020-06-24T17:12:35+00:00","og_image":[{"width":2100,"height":1400,"url":"https:\/\/diarioprincipios.com\/wp-content\/uploads\/2020\/06\/MG_3567.jpg","type":"image\/jpeg"}],"author":"Hern\u00e1n L\u00f3pez","twitter_card":"summary_large_image","twitter_misc":{"Escrito por":"Hern\u00e1n L\u00f3pez","Tiempo de lectura":"7 minutos"},"schema":{"@context":"https:\/\/schema.org","@graph":[{"@type":"Article","@id":"https:\/\/diarioprincipios.com\/index.php\/2020\/06\/24\/magdalena-sierra-entre-todos-es-mejor\/#article","isPartOf":{"@id":"https:\/\/diarioprincipios.com\/index.php\/2020\/06\/24\/magdalena-sierra-entre-todos-es-mejor\/"},"author":{"name":"Hern\u00e1n L\u00f3pez","@id":"https:\/\/diarioprincipios.com\/#\/schema\/person\/436d5a1fd41a5e250e23ff5a6a7cb080"},"headline":"Magdalena Sierra: \u201cEntre todos es mejor\u201d","datePublished":"2020-06-24T17:12:31+00:00","dateModified":"2020-06-24T17:12:35+00:00","mainEntityOfPage":{"@id":"https:\/\/diarioprincipios.com\/index.php\/2020\/06\/24\/magdalena-sierra-entre-todos-es-mejor\/"},"wordCount":1333,"commentCount":0,"publisher":{"@id":"https:\/\/diarioprincipios.com\/#organization"},"image":{"@id":"https:\/\/diarioprincipios.com\/index.php\/2020\/06\/24\/magdalena-sierra-entre-todos-es-mejor\/#primaryimage"},"thumbnailUrl":"https:\/\/diarioprincipios.com\/wp-content\/uploads\/2020\/06\/MG_3567.jpg","articleSection":["Avellaneda"],"inLanguage":"es","potentialAction":[{"@type":"CommentAction","name":"Comment","target":["https:\/\/diarioprincipios.com\/index.php\/2020\/06\/24\/magdalena-sierra-entre-todos-es-mejor\/#respond"]}]},{"@type":"WebPage","@id":"https:\/\/diarioprincipios.com\/index.php\/2020\/06\/24\/magdalena-sierra-entre-todos-es-mejor\/","url":"https:\/\/diarioprincipios.com\/index.php\/2020\/06\/24\/magdalena-sierra-entre-todos-es-mejor\/","name":"Magdalena Sierra: \u201cEntre todos es mejor\u201d - Principios","isPartOf":{"@id":"https:\/\/diarioprincipios.com\/#website"},"primaryImageOfPage":{"@id":"https:\/\/diarioprincipios.com\/index.php\/2020\/06\/24\/magdalena-sierra-entre-todos-es-mejor\/#primaryimage"},"image":{"@id":"https:\/\/diarioprincipios.com\/index.php\/2020\/06\/24\/magdalena-sierra-entre-todos-es-mejor\/#primaryimage"},"thumbnailUrl":"https:\/\/diarioprincipios.com\/wp-content\/uploads\/2020\/06\/MG_3567.jpg","datePublished":"2020-06-24T17:12:31+00:00","dateModified":"2020-06-24T17:12:35+00:00","breadcrumb":{"@id":"https:\/\/diarioprincipios.com\/index.php\/2020\/06\/24\/magdalena-sierra-entre-todos-es-mejor\/#breadcrumb"},"inLanguage":"es","potentialAction":[{"@type":"ReadAction","target":["https:\/\/diarioprincipios.com\/index.php\/2020\/06\/24\/magdalena-sierra-entre-todos-es-mejor\/"]}]},{"@type":"ImageObject","inLanguage":"es","@id":"https:\/\/diarioprincipios.com\/index.php\/2020\/06\/24\/magdalena-sierra-entre-todos-es-mejor\/#primaryimage","url":"https:\/\/diarioprincipios.com\/wp-content\/uploads\/2020\/06\/MG_3567.jpg","contentUrl":"https:\/\/diarioprincipios.com\/wp-content\/uploads\/2020\/06\/MG_3567.jpg","width":2100,"height":1400},{"@type":"BreadcrumbList","@id":"https:\/\/diarioprincipios.com\/index.php\/2020\/06\/24\/magdalena-sierra-entre-todos-es-mejor\/#breadcrumb","itemListElement":[{"@type":"ListItem","position":1,"name":"Portada","item":"https:\/\/diarioprincipios.com\/"},{"@type":"ListItem","position":2,"name":"Magdalena Sierra: \u201cEntre todos es mejor\u201d"}]},{"@type":"WebSite","@id":"https:\/\/diarioprincipios.com\/#website","url":"https:\/\/diarioprincipios.com\/","name":"Principios","description":"Principios Diario","publisher":{"@id":"https:\/\/diarioprincipios.com\/#organization"},"potentialAction":[{"@type":"SearchAction","target":{"@type":"EntryPoint","urlTemplate":"https:\/\/diarioprincipios.com\/?s={search_term_string}"},"query-input":{"@type":"PropertyValueSpecification","valueRequired":true,"valueName":"search_term_string"}}],"inLanguage":"es"},{"@type":"Organization","@id":"https:\/\/diarioprincipios.com\/#organization","name":"Principios","url":"https:\/\/diarioprincipios.com\/","logo":{"@type":"ImageObject","inLanguage":"es","@id":"https:\/\/diarioprincipios.com\/#\/schema\/logo\/image\/","url":"https:\/\/diarioprincipios.com\/wp-content\/uploads\/2024\/04\/cropped-www.diarioprincipios.com_-1.png","contentUrl":"https:\/\/diarioprincipios.com\/wp-content\/uploads\/2024\/04\/cropped-www.diarioprincipios.com_-1.png","width":5325,"height":1454,"caption":"Principios"},"image":{"@id":"https:\/\/diarioprincipios.com\/#\/schema\/logo\/image\/"}},{"@type":"Person","@id":"https:\/\/diarioprincipios.com\/#\/schema\/person\/436d5a1fd41a5e250e23ff5a6a7cb080","name":"Hern\u00e1n L\u00f3pez","image":{"@type":"ImageObject","inLanguage":"es","@id":"https:\/\/diarioprincipios.com\/wp-content\/litespeed\/avatar\/11ddfe5610ff3bd100522525b2571f48.jpg?ver=1777653193","url":"https:\/\/diarioprincipios.com\/wp-content\/litespeed\/avatar\/11ddfe5610ff3bd100522525b2571f48.jpg?ver=1777653193","contentUrl":"https:\/\/diarioprincipios.com\/wp-content\/litespeed\/avatar\/11ddfe5610ff3bd100522525b2571f48.jpg?ver=1777653193","caption":"Hern\u00e1n L\u00f3pez"},"url":"https:\/\/diarioprincipios.com\/index.php\/author\/hernan\/"}]}},"jetpack_featured_media_url":"https:\/\/diarioprincipios.com\/wp-content\/uploads\/2020\/06\/MG_3567.jpg","_links":{"self":[{"href":"https:\/\/diarioprincipios.com\/index.php\/wp-json\/wp\/v2\/posts\/3319","targetHints":{"allow":["GET"]}}],"collection":[{"href":"https:\/\/diarioprincipios.com\/index.php\/wp-json\/wp\/v2\/posts"}],"about":[{"href":"https:\/\/diarioprincipios.com\/index.php\/wp-json\/wp\/v2\/types\/post"}],"author":[{"embeddable":true,"href":"https:\/\/diarioprincipios.com\/index.php\/wp-json\/wp\/v2\/users\/2"}],"replies":[{"embeddable":true,"href":"https:\/\/diarioprincipios.com\/index.php\/wp-json\/wp\/v2\/comments?post=3319"}],"version-history":[{"count":1,"href":"https:\/\/diarioprincipios.com\/index.php\/wp-json\/wp\/v2\/posts\/3319\/revisions"}],"predecessor-version":[{"id":3322,"href":"https:\/\/diarioprincipios.com\/index.php\/wp-json\/wp\/v2\/posts\/3319\/revisions\/3322"}],"wp:featuredmedia":[{"embeddable":true,"href":"https:\/\/diarioprincipios.com\/index.php\/wp-json\/wp\/v2\/media\/3321"}],"wp:attachment":[{"href":"https:\/\/diarioprincipios.com\/index.php\/wp-json\/wp\/v2\/media?parent=3319"}],"wp:term":[{"taxonomy":"category","embeddable":true,"href":"https:\/\/diarioprincipios.com\/index.php\/wp-json\/wp\/v2\/categories?post=3319"},{"taxonomy":"post_tag","embeddable":true,"href":"https:\/\/diarioprincipios.com\/index.php\/wp-json\/wp\/v2\/tags?post=3319"}],"curies":[{"name":"wp","href":"https:\/\/api.w.org\/{rel}","templated":true}]}}