{"id":3309,"date":"2020-06-24T12:21:15","date_gmt":"2020-06-24T15:21:15","guid":{"rendered":"http:\/\/diarioprincipios.com\/?p=3309"},"modified":"2020-06-24T12:21:19","modified_gmt":"2020-06-24T15:21:19","slug":"america-latina-supero-las-100-000-muertes-por-coronavirus","status":"publish","type":"post","link":"https:\/\/diarioprincipios.com\/index.php\/2020\/06\/24\/america-latina-supero-las-100-000-muertes-por-coronavirus\/","title":{"rendered":"Am\u00e9rica Latina super\u00f3 las 100.000 muertes por coronavirus"},"content":{"rendered":"\n<p>La pandemia de coronavirus se extiende r\u00e1pidamente por la regi\u00f3n de Am\u00e9rica Latina y el Caribe, que ya super\u00f3 los 100.000 fallecimientos, m\u00e1s de la mitad de ellos registrados en Brasil.<\/p>\n\n\n\n<p>El subcontinente acumula adem\u00e1s m\u00e1s de 2,1 millones de contagios y tiene como pa\u00edses m\u00e1s afectados a Brasil, Per\u00fa, Chile y M\u00e9xico, seg\u00fan la base de datos de la Universidad Johns Hopkins y la informaci\u00f3n brindada por los gobiernos.<\/p>\n\n\n\n<p>El gigante sudamericano, que adem\u00e1s es el segundo pa\u00eds m\u00e1s golpeado del mundo despu\u00e9s de Estados Unidos, tiene m\u00e1s de 1.14 millones de casos confirmados de coronavirus, al sumar 39.436 contagiados en su balance de ayer, mientras las muertes ya suman m\u00e1s de 52.700.<\/p>\n\n\n\n<p>Per\u00fa, en tanto, sigue con 260.810 contagios y 8.404 muertes; Chile con 250.767 contagios y 4.505 muertes y M\u00e9xico con 191.410 contagios y 23.377 fallecimientos.<\/p>\n\n\n\n<p>Colombia anunci\u00f3 ayer que se extender\u00e1 el confinamiento obligatorio hasta el 15 de julio, ante una disparada en los casos y muertes en momentos en que el pa\u00eds comenzaba a relajar las restricciones para reactivar la econom\u00eda.<\/p>\n\n\n\n<p>Bolivia tuvo ayer un r\u00e9cord diario de m\u00e1s de 1.100 casos y tuvo que cerrar varios hospitales por falta de insumos, mientras que Paraguay se prepara para extender la cuarentena otros 15 d\u00edas por temor a un colapso hospitalario, pese a que es de los pa\u00edses menos afectados de la regi\u00f3n.<\/p>\n\n\n\n<p>El copresidente de la Asamblea Parlamentaria Eurolatinoamericana (Eurolat), Jorge Pizarro, dijo tambi\u00e9n ayer ante una delegaci\u00f3n europea de este organismo que la golpeada regi\u00f3n \u00abno ser\u00e1 la misma\u00bb despu\u00e9s de la pandemia de coronavirus.<\/p>\n\n\n\n<p>\u00abLa pandemia significar\u00e1 sin duda un cambio pol\u00edtico, social y cultural. Creo que, estructuralmente, nuestra Am\u00e9rica Latina no ser\u00e1 la misma una vez salgamos de esta emergencia sanitaria\u00bb, dijo Pizarro ante los diputados, citado por la agencia de noticias DPA.<\/p>\n\n\n\n<p>Previamente, el Programa Mundial de Alimentos (PMA) advirti\u00f3 que el hambre afecta actualmente a 14 millones de personas que sufren de \u00abinseguridad alimentaria severa\u00bb en 11 pa\u00edses de Am\u00e9rica Latina y el Caribe, debido a las consecuencias de la pandemia de coronavirus en la regi\u00f3n.<\/p>\n\n\n\n<p>El PMA ya hab\u00eda anticipado el a\u00f1o pasado que hab\u00eda 3,4 millones de personas bajo esa categor\u00eda pero ahora subraya que en menos de medio a\u00f1o -y en el marco del brote de la Covid-19-, otros 11 millones fueron afectados por inseguridad alimentaria.<\/p>\n","protected":false},"excerpt":{"rendered":"<p>La pandemia de coronavirus se extiende r\u00e1pidamente por la regi\u00f3n de Am\u00e9rica Latina y el Caribe, que ya super\u00f3 los 100.000 fallecimientos, m\u00e1s de la mitad de ellos registrados en Brasil. El subcontinente acumula adem\u00e1s m\u00e1s de 2,1 millones de contagios y tiene como pa\u00edses m\u00e1s afectados a Brasil, Per\u00fa, Chile y M\u00e9xico, seg\u00fan la&#8230;<\/p>\n","protected":false},"author":2,"featured_media":3310,"comment_status":"open","ping_status":"open","sticky":false,"template":"","format":"standard","meta":{"footnotes":""},"categories":[1],"tags":[],"class_list":["post-3309","post","type-post","status-publish","format-standard","has-post-thumbnail","hentry","category-uncategorized"],"featured_image_src":"https:\/\/diarioprincipios.com\/wp-content\/uploads\/2020\/06\/200311212423-pba-mapa-coronavirus-latam-full-169-1024x576.jpg","blog_images":{"medium":"https:\/\/diarioprincipios.com\/wp-content\/uploads\/2020\/06\/200311212423-pba-mapa-coronavirus-latam-full-169-300x169.jpg","large":"https:\/\/diarioprincipios.com\/wp-content\/uploads\/2020\/06\/200311212423-pba-mapa-coronavirus-latam-full-169-1024x576.jpg"},"ams_acf":[],"yoast_head":"<!-- This site is optimized with the Yoast SEO plugin v27.3 - https:\/\/yoast.com\/product\/yoast-seo-wordpress\/ -->\n<title>Am\u00e9rica Latina super\u00f3 las 100.000 muertes por coronavirus - Principios<\/title>\n<meta name=\"robots\" content=\"index, follow, max-snippet:-1, max-image-preview:large, max-video-preview:-1\" \/>\n<link rel=\"canonical\" href=\"https:\/\/diarioprincipios.com\/index.php\/2020\/06\/24\/america-latina-supero-las-100-000-muertes-por-coronavirus\/\" \/>\n<meta property=\"og:locale\" content=\"es_ES\" \/>\n<meta property=\"og:type\" content=\"article\" \/>\n<meta property=\"og:title\" content=\"Am\u00e9rica Latina super\u00f3 las 100.000 muertes por coronavirus - Principios\" \/>\n<meta property=\"og:description\" content=\"La pandemia de coronavirus se extiende r\u00e1pidamente por la regi\u00f3n de Am\u00e9rica Latina y el Caribe, que ya super\u00f3 los 100.000 fallecimientos, m\u00e1s de la mitad de ellos registrados en Brasil. El subcontinente acumula adem\u00e1s m\u00e1s de 2,1 millones de contagios y tiene como pa\u00edses m\u00e1s afectados a Brasil, Per\u00fa, Chile y M\u00e9xico, seg\u00fan la...\" \/>\n<meta property=\"og:url\" content=\"https:\/\/diarioprincipios.com\/index.php\/2020\/06\/24\/america-latina-supero-las-100-000-muertes-por-coronavirus\/\" \/>\n<meta property=\"og:site_name\" content=\"Principios\" \/>\n<meta property=\"article:published_time\" content=\"2020-06-24T15:21:15+00:00\" \/>\n<meta property=\"article:modified_time\" content=\"2020-06-24T15:21:19+00:00\" \/>\n<meta property=\"og:image\" content=\"https:\/\/diarioprincipios.com\/wp-content\/uploads\/2020\/06\/200311212423-pba-mapa-coronavirus-latam-full-169.jpg\" \/>\n\t<meta property=\"og:image:width\" content=\"1600\" \/>\n\t<meta property=\"og:image:height\" content=\"900\" \/>\n\t<meta property=\"og:image:type\" content=\"image\/jpeg\" \/>\n<meta name=\"author\" content=\"Hern\u00e1n L\u00f3pez\" \/>\n<meta name=\"twitter:card\" content=\"summary_large_image\" \/>\n<meta name=\"twitter:label1\" content=\"Escrito por\" \/>\n\t<meta name=\"twitter:data1\" content=\"Hern\u00e1n L\u00f3pez\" \/>\n\t<meta name=\"twitter:label2\" content=\"Tiempo de lectura\" \/>\n\t<meta name=\"twitter:data2\" content=\"2 minutos\" \/>\n<script type=\"application\/ld+json\" class=\"yoast-schema-graph\">{\"@context\":\"https:\\\/\\\/schema.org\",\"@graph\":[{\"@type\":\"Article\",\"@id\":\"https:\\\/\\\/diarioprincipios.com\\\/index.php\\\/2020\\\/06\\\/24\\\/america-latina-supero-las-100-000-muertes-por-coronavirus\\\/#article\",\"isPartOf\":{\"@id\":\"https:\\\/\\\/diarioprincipios.com\\\/index.php\\\/2020\\\/06\\\/24\\\/america-latina-supero-las-100-000-muertes-por-coronavirus\\\/\"},\"author\":{\"name\":\"Hern\u00e1n L\u00f3pez\",\"@id\":\"https:\\\/\\\/diarioprincipios.com\\\/#\\\/schema\\\/person\\\/436d5a1fd41a5e250e23ff5a6a7cb080\"},\"headline\":\"Am\u00e9rica Latina super\u00f3 las 100.000 muertes por coronavirus\",\"datePublished\":\"2020-06-24T15:21:15+00:00\",\"dateModified\":\"2020-06-24T15:21:19+00:00\",\"mainEntityOfPage\":{\"@id\":\"https:\\\/\\\/diarioprincipios.com\\\/index.php\\\/2020\\\/06\\\/24\\\/america-latina-supero-las-100-000-muertes-por-coronavirus\\\/\"},\"wordCount\":419,\"commentCount\":0,\"publisher\":{\"@id\":\"https:\\\/\\\/diarioprincipios.com\\\/#organization\"},\"image\":{\"@id\":\"https:\\\/\\\/diarioprincipios.com\\\/index.php\\\/2020\\\/06\\\/24\\\/america-latina-supero-las-100-000-muertes-por-coronavirus\\\/#primaryimage\"},\"thumbnailUrl\":\"https:\\\/\\\/diarioprincipios.com\\\/wp-content\\\/uploads\\\/2020\\\/06\\\/200311212423-pba-mapa-coronavirus-latam-full-169.jpg\",\"articleSection\":[\"Uncategorized\"],\"inLanguage\":\"es\",\"potentialAction\":[{\"@type\":\"CommentAction\",\"name\":\"Comment\",\"target\":[\"https:\\\/\\\/diarioprincipios.com\\\/index.php\\\/2020\\\/06\\\/24\\\/america-latina-supero-las-100-000-muertes-por-coronavirus\\\/#respond\"]}]},{\"@type\":\"WebPage\",\"@id\":\"https:\\\/\\\/diarioprincipios.com\\\/index.php\\\/2020\\\/06\\\/24\\\/america-latina-supero-las-100-000-muertes-por-coronavirus\\\/\",\"url\":\"https:\\\/\\\/diarioprincipios.com\\\/index.php\\\/2020\\\/06\\\/24\\\/america-latina-supero-las-100-000-muertes-por-coronavirus\\\/\",\"name\":\"Am\u00e9rica Latina super\u00f3 las 100.000 muertes por coronavirus - Principios\",\"isPartOf\":{\"@id\":\"https:\\\/\\\/diarioprincipios.com\\\/#website\"},\"primaryImageOfPage\":{\"@id\":\"https:\\\/\\\/diarioprincipios.com\\\/index.php\\\/2020\\\/06\\\/24\\\/america-latina-supero-las-100-000-muertes-por-coronavirus\\\/#primaryimage\"},\"image\":{\"@id\":\"https:\\\/\\\/diarioprincipios.com\\\/index.php\\\/2020\\\/06\\\/24\\\/america-latina-supero-las-100-000-muertes-por-coronavirus\\\/#primaryimage\"},\"thumbnailUrl\":\"https:\\\/\\\/diarioprincipios.com\\\/wp-content\\\/uploads\\\/2020\\\/06\\\/200311212423-pba-mapa-coronavirus-latam-full-169.jpg\",\"datePublished\":\"2020-06-24T15:21:15+00:00\",\"dateModified\":\"2020-06-24T15:21:19+00:00\",\"breadcrumb\":{\"@id\":\"https:\\\/\\\/diarioprincipios.com\\\/index.php\\\/2020\\\/06\\\/24\\\/america-latina-supero-las-100-000-muertes-por-coronavirus\\\/#breadcrumb\"},\"inLanguage\":\"es\",\"potentialAction\":[{\"@type\":\"ReadAction\",\"target\":[\"https:\\\/\\\/diarioprincipios.com\\\/index.php\\\/2020\\\/06\\\/24\\\/america-latina-supero-las-100-000-muertes-por-coronavirus\\\/\"]}]},{\"@type\":\"ImageObject\",\"inLanguage\":\"es\",\"@id\":\"https:\\\/\\\/diarioprincipios.com\\\/index.php\\\/2020\\\/06\\\/24\\\/america-latina-supero-las-100-000-muertes-por-coronavirus\\\/#primaryimage\",\"url\":\"https:\\\/\\\/diarioprincipios.com\\\/wp-content\\\/uploads\\\/2020\\\/06\\\/200311212423-pba-mapa-coronavirus-latam-full-169.jpg\",\"contentUrl\":\"https:\\\/\\\/diarioprincipios.com\\\/wp-content\\\/uploads\\\/2020\\\/06\\\/200311212423-pba-mapa-coronavirus-latam-full-169.jpg\",\"width\":1600,\"height\":900},{\"@type\":\"BreadcrumbList\",\"@id\":\"https:\\\/\\\/diarioprincipios.com\\\/index.php\\\/2020\\\/06\\\/24\\\/america-latina-supero-las-100-000-muertes-por-coronavirus\\\/#breadcrumb\",\"itemListElement\":[{\"@type\":\"ListItem\",\"position\":1,\"name\":\"Portada\",\"item\":\"https:\\\/\\\/diarioprincipios.com\\\/\"},{\"@type\":\"ListItem\",\"position\":2,\"name\":\"Am\u00e9rica Latina super\u00f3 las 100.000 muertes por coronavirus\"}]},{\"@type\":\"WebSite\",\"@id\":\"https:\\\/\\\/diarioprincipios.com\\\/#website\",\"url\":\"https:\\\/\\\/diarioprincipios.com\\\/\",\"name\":\"Principios\",\"description\":\"Principios Diario\",\"publisher\":{\"@id\":\"https:\\\/\\\/diarioprincipios.com\\\/#organization\"},\"potentialAction\":[{\"@type\":\"SearchAction\",\"target\":{\"@type\":\"EntryPoint\",\"urlTemplate\":\"https:\\\/\\\/diarioprincipios.com\\\/?s={search_term_string}\"},\"query-input\":{\"@type\":\"PropertyValueSpecification\",\"valueRequired\":true,\"valueName\":\"search_term_string\"}}],\"inLanguage\":\"es\"},{\"@type\":\"Organization\",\"@id\":\"https:\\\/\\\/diarioprincipios.com\\\/#organization\",\"name\":\"Principios\",\"url\":\"https:\\\/\\\/diarioprincipios.com\\\/\",\"logo\":{\"@type\":\"ImageObject\",\"inLanguage\":\"es\",\"@id\":\"https:\\\/\\\/diarioprincipios.com\\\/#\\\/schema\\\/logo\\\/image\\\/\",\"url\":\"https:\\\/\\\/diarioprincipios.com\\\/wp-content\\\/uploads\\\/2024\\\/04\\\/cropped-www.diarioprincipios.com_-1.png\",\"contentUrl\":\"https:\\\/\\\/diarioprincipios.com\\\/wp-content\\\/uploads\\\/2024\\\/04\\\/cropped-www.diarioprincipios.com_-1.png\",\"width\":5325,\"height\":1454,\"caption\":\"Principios\"},\"image\":{\"@id\":\"https:\\\/\\\/diarioprincipios.com\\\/#\\\/schema\\\/logo\\\/image\\\/\"}},{\"@type\":\"Person\",\"@id\":\"https:\\\/\\\/diarioprincipios.com\\\/#\\\/schema\\\/person\\\/436d5a1fd41a5e250e23ff5a6a7cb080\",\"name\":\"Hern\u00e1n L\u00f3pez\",\"image\":{\"@type\":\"ImageObject\",\"inLanguage\":\"es\",\"@id\":\"https:\\\/\\\/diarioprincipios.com\\\/wp-content\\\/litespeed\\\/avatar\\\/11ddfe5610ff3bd100522525b2571f48.jpg?ver=1777653193\",\"url\":\"https:\\\/\\\/diarioprincipios.com\\\/wp-content\\\/litespeed\\\/avatar\\\/11ddfe5610ff3bd100522525b2571f48.jpg?ver=1777653193\",\"contentUrl\":\"https:\\\/\\\/diarioprincipios.com\\\/wp-content\\\/litespeed\\\/avatar\\\/11ddfe5610ff3bd100522525b2571f48.jpg?ver=1777653193\",\"caption\":\"Hern\u00e1n L\u00f3pez\"},\"url\":\"https:\\\/\\\/diarioprincipios.com\\\/index.php\\\/author\\\/hernan\\\/\"}]}<\/script>\n<!-- \/ Yoast SEO plugin. -->","yoast_head_json":{"title":"Am\u00e9rica Latina super\u00f3 las 100.000 muertes por coronavirus - Principios","robots":{"index":"index","follow":"follow","max-snippet":"max-snippet:-1","max-image-preview":"max-image-preview:large","max-video-preview":"max-video-preview:-1"},"canonical":"https:\/\/diarioprincipios.com\/index.php\/2020\/06\/24\/america-latina-supero-las-100-000-muertes-por-coronavirus\/","og_locale":"es_ES","og_type":"article","og_title":"Am\u00e9rica Latina super\u00f3 las 100.000 muertes por coronavirus - Principios","og_description":"La pandemia de coronavirus se extiende r\u00e1pidamente por la regi\u00f3n de Am\u00e9rica Latina y el Caribe, que ya super\u00f3 los 100.000 fallecimientos, m\u00e1s de la mitad de ellos registrados en Brasil. El subcontinente acumula adem\u00e1s m\u00e1s de 2,1 millones de contagios y tiene como pa\u00edses m\u00e1s afectados a Brasil, Per\u00fa, Chile y M\u00e9xico, seg\u00fan la...","og_url":"https:\/\/diarioprincipios.com\/index.php\/2020\/06\/24\/america-latina-supero-las-100-000-muertes-por-coronavirus\/","og_site_name":"Principios","article_published_time":"2020-06-24T15:21:15+00:00","article_modified_time":"2020-06-24T15:21:19+00:00","og_image":[{"width":1600,"height":900,"url":"https:\/\/diarioprincipios.com\/wp-content\/uploads\/2020\/06\/200311212423-pba-mapa-coronavirus-latam-full-169.jpg","type":"image\/jpeg"}],"author":"Hern\u00e1n L\u00f3pez","twitter_card":"summary_large_image","twitter_misc":{"Escrito por":"Hern\u00e1n L\u00f3pez","Tiempo de lectura":"2 minutos"},"schema":{"@context":"https:\/\/schema.org","@graph":[{"@type":"Article","@id":"https:\/\/diarioprincipios.com\/index.php\/2020\/06\/24\/america-latina-supero-las-100-000-muertes-por-coronavirus\/#article","isPartOf":{"@id":"https:\/\/diarioprincipios.com\/index.php\/2020\/06\/24\/america-latina-supero-las-100-000-muertes-por-coronavirus\/"},"author":{"name":"Hern\u00e1n L\u00f3pez","@id":"https:\/\/diarioprincipios.com\/#\/schema\/person\/436d5a1fd41a5e250e23ff5a6a7cb080"},"headline":"Am\u00e9rica Latina super\u00f3 las 100.000 muertes por coronavirus","datePublished":"2020-06-24T15:21:15+00:00","dateModified":"2020-06-24T15:21:19+00:00","mainEntityOfPage":{"@id":"https:\/\/diarioprincipios.com\/index.php\/2020\/06\/24\/america-latina-supero-las-100-000-muertes-por-coronavirus\/"},"wordCount":419,"commentCount":0,"publisher":{"@id":"https:\/\/diarioprincipios.com\/#organization"},"image":{"@id":"https:\/\/diarioprincipios.com\/index.php\/2020\/06\/24\/america-latina-supero-las-100-000-muertes-por-coronavirus\/#primaryimage"},"thumbnailUrl":"https:\/\/diarioprincipios.com\/wp-content\/uploads\/2020\/06\/200311212423-pba-mapa-coronavirus-latam-full-169.jpg","articleSection":["Uncategorized"],"inLanguage":"es","potentialAction":[{"@type":"CommentAction","name":"Comment","target":["https:\/\/diarioprincipios.com\/index.php\/2020\/06\/24\/america-latina-supero-las-100-000-muertes-por-coronavirus\/#respond"]}]},{"@type":"WebPage","@id":"https:\/\/diarioprincipios.com\/index.php\/2020\/06\/24\/america-latina-supero-las-100-000-muertes-por-coronavirus\/","url":"https:\/\/diarioprincipios.com\/index.php\/2020\/06\/24\/america-latina-supero-las-100-000-muertes-por-coronavirus\/","name":"Am\u00e9rica Latina super\u00f3 las 100.000 muertes por coronavirus - Principios","isPartOf":{"@id":"https:\/\/diarioprincipios.com\/#website"},"primaryImageOfPage":{"@id":"https:\/\/diarioprincipios.com\/index.php\/2020\/06\/24\/america-latina-supero-las-100-000-muertes-por-coronavirus\/#primaryimage"},"image":{"@id":"https:\/\/diarioprincipios.com\/index.php\/2020\/06\/24\/america-latina-supero-las-100-000-muertes-por-coronavirus\/#primaryimage"},"thumbnailUrl":"https:\/\/diarioprincipios.com\/wp-content\/uploads\/2020\/06\/200311212423-pba-mapa-coronavirus-latam-full-169.jpg","datePublished":"2020-06-24T15:21:15+00:00","dateModified":"2020-06-24T15:21:19+00:00","breadcrumb":{"@id":"https:\/\/diarioprincipios.com\/index.php\/2020\/06\/24\/america-latina-supero-las-100-000-muertes-por-coronavirus\/#breadcrumb"},"inLanguage":"es","potentialAction":[{"@type":"ReadAction","target":["https:\/\/diarioprincipios.com\/index.php\/2020\/06\/24\/america-latina-supero-las-100-000-muertes-por-coronavirus\/"]}]},{"@type":"ImageObject","inLanguage":"es","@id":"https:\/\/diarioprincipios.com\/index.php\/2020\/06\/24\/america-latina-supero-las-100-000-muertes-por-coronavirus\/#primaryimage","url":"https:\/\/diarioprincipios.com\/wp-content\/uploads\/2020\/06\/200311212423-pba-mapa-coronavirus-latam-full-169.jpg","contentUrl":"https:\/\/diarioprincipios.com\/wp-content\/uploads\/2020\/06\/200311212423-pba-mapa-coronavirus-latam-full-169.jpg","width":1600,"height":900},{"@type":"BreadcrumbList","@id":"https:\/\/diarioprincipios.com\/index.php\/2020\/06\/24\/america-latina-supero-las-100-000-muertes-por-coronavirus\/#breadcrumb","itemListElement":[{"@type":"ListItem","position":1,"name":"Portada","item":"https:\/\/diarioprincipios.com\/"},{"@type":"ListItem","position":2,"name":"Am\u00e9rica Latina super\u00f3 las 100.000 muertes por coronavirus"}]},{"@type":"WebSite","@id":"https:\/\/diarioprincipios.com\/#website","url":"https:\/\/diarioprincipios.com\/","name":"Principios","description":"Principios Diario","publisher":{"@id":"https:\/\/diarioprincipios.com\/#organization"},"potentialAction":[{"@type":"SearchAction","target":{"@type":"EntryPoint","urlTemplate":"https:\/\/diarioprincipios.com\/?s={search_term_string}"},"query-input":{"@type":"PropertyValueSpecification","valueRequired":true,"valueName":"search_term_string"}}],"inLanguage":"es"},{"@type":"Organization","@id":"https:\/\/diarioprincipios.com\/#organization","name":"Principios","url":"https:\/\/diarioprincipios.com\/","logo":{"@type":"ImageObject","inLanguage":"es","@id":"https:\/\/diarioprincipios.com\/#\/schema\/logo\/image\/","url":"https:\/\/diarioprincipios.com\/wp-content\/uploads\/2024\/04\/cropped-www.diarioprincipios.com_-1.png","contentUrl":"https:\/\/diarioprincipios.com\/wp-content\/uploads\/2024\/04\/cropped-www.diarioprincipios.com_-1.png","width":5325,"height":1454,"caption":"Principios"},"image":{"@id":"https:\/\/diarioprincipios.com\/#\/schema\/logo\/image\/"}},{"@type":"Person","@id":"https:\/\/diarioprincipios.com\/#\/schema\/person\/436d5a1fd41a5e250e23ff5a6a7cb080","name":"Hern\u00e1n L\u00f3pez","image":{"@type":"ImageObject","inLanguage":"es","@id":"https:\/\/diarioprincipios.com\/wp-content\/litespeed\/avatar\/11ddfe5610ff3bd100522525b2571f48.jpg?ver=1777653193","url":"https:\/\/diarioprincipios.com\/wp-content\/litespeed\/avatar\/11ddfe5610ff3bd100522525b2571f48.jpg?ver=1777653193","contentUrl":"https:\/\/diarioprincipios.com\/wp-content\/litespeed\/avatar\/11ddfe5610ff3bd100522525b2571f48.jpg?ver=1777653193","caption":"Hern\u00e1n L\u00f3pez"},"url":"https:\/\/diarioprincipios.com\/index.php\/author\/hernan\/"}]}},"jetpack_featured_media_url":"https:\/\/diarioprincipios.com\/wp-content\/uploads\/2020\/06\/200311212423-pba-mapa-coronavirus-latam-full-169.jpg","_links":{"self":[{"href":"https:\/\/diarioprincipios.com\/index.php\/wp-json\/wp\/v2\/posts\/3309","targetHints":{"allow":["GET"]}}],"collection":[{"href":"https:\/\/diarioprincipios.com\/index.php\/wp-json\/wp\/v2\/posts"}],"about":[{"href":"https:\/\/diarioprincipios.com\/index.php\/wp-json\/wp\/v2\/types\/post"}],"author":[{"embeddable":true,"href":"https:\/\/diarioprincipios.com\/index.php\/wp-json\/wp\/v2\/users\/2"}],"replies":[{"embeddable":true,"href":"https:\/\/diarioprincipios.com\/index.php\/wp-json\/wp\/v2\/comments?post=3309"}],"version-history":[{"count":1,"href":"https:\/\/diarioprincipios.com\/index.php\/wp-json\/wp\/v2\/posts\/3309\/revisions"}],"predecessor-version":[{"id":3311,"href":"https:\/\/diarioprincipios.com\/index.php\/wp-json\/wp\/v2\/posts\/3309\/revisions\/3311"}],"wp:featuredmedia":[{"embeddable":true,"href":"https:\/\/diarioprincipios.com\/index.php\/wp-json\/wp\/v2\/media\/3310"}],"wp:attachment":[{"href":"https:\/\/diarioprincipios.com\/index.php\/wp-json\/wp\/v2\/media?parent=3309"}],"wp:term":[{"taxonomy":"category","embeddable":true,"href":"https:\/\/diarioprincipios.com\/index.php\/wp-json\/wp\/v2\/categories?post=3309"},{"taxonomy":"post_tag","embeddable":true,"href":"https:\/\/diarioprincipios.com\/index.php\/wp-json\/wp\/v2\/tags?post=3309"}],"curies":[{"name":"wp","href":"https:\/\/api.w.org\/{rel}","templated":true}]}}