{"id":3285,"date":"2020-06-23T16:33:44","date_gmt":"2020-06-23T19:33:44","guid":{"rendered":"http:\/\/diarioprincipios.com\/?p=3285"},"modified":"2020-06-23T16:34:00","modified_gmt":"2020-06-23T19:34:00","slug":"masivo-rechazo-en-avellaneda-a-los-dichos-de-baby-etchecopar","status":"publish","type":"post","link":"https:\/\/diarioprincipios.com\/index.php\/2020\/06\/23\/masivo-rechazo-en-avellaneda-a-los-dichos-de-baby-etchecopar\/","title":{"rendered":"Masivo rechazo en Avellaneda a los dichos de Baby Etchecopar"},"content":{"rendered":"\n<p>Las mujeres y disidencias de Avellaneda y el Consejo Consultivo conformado por las organizaciones sociales y pol\u00edticas en articulaci\u00f3n constante con la Subsecretar\u00eda de Mujeres, G\u00e9neros y Diversidad del Observatorio Social de Pol\u00edticas P\u00fablicas de la Municipalidad de Avellaneda repudia en\u00e9rgicamente las expresiones del comunicador Baby Etchecopar durante el programa \u00abLa noche de Mirtha Legrand\u00bb emitido por Canal Trece el 20 de Junio sobre Cristina Fern\u00e1ndez de Kirchner, reproductoras de violencia pol\u00edtica, medi\u00e1tica y simb\u00f3lica enmarcadas en la Ley 26.485.<\/p>\n\n\n\n<p>Nos expresamos a trav\u00e9s de este comunicado pronunci\u00e1ndonos categ\u00f3ricamente contra los dichos de este nefasto personaje medi\u00e1tico ya que entendemos sus palabras no solamente atrasan en la construcci\u00f3n de un pa\u00eds m\u00e1s democr\u00e1tico sino porque tambi\u00e9n son fiel reflejo y s\u00edntesis de un posicionamiento machista, mis\u00f3gino y cruel que despliega as\u00ed el odio al que nos quieren acostumbrar los mismos de siempre.<\/p>\n\n\n\n<p>Lejos de disciplinarnos, nos unimos a viva voz para decirle a \u00ablxs\u00bb Baby Etchecopar que transitan los medios y la vida misma que no toleraremos m\u00e1s los intentos de construir sentido com\u00fan en la sociedad utilizando una figura ya recurrente en nuestra historia como es la del C\u00e1ncer, una de las enfermedades m\u00e1s crueles que aquejan a la humanidad.<\/p>\n\n\n\n<p>Desde Avellaneda repudiamos sus dichos que no hacen m\u00e1s que visibilizar la idea matriz de ciertos sectores de discriminar y expulsar a las mujeres e identidades disidentes de la vida p\u00fablica y sobre todo de la Pol\u00edtica.<\/p>\n\n\n\n<p>Solicitamos al pueblo de Avellaneda que acompa\u00f1e este repudio ya que la \u00fanica opci\u00f3n verdadera de democracia debe erradicar de ra\u00edz manifestaciones que constituyen desde lo simb\u00f3lico escenarios que reproducen la violencia machista.<\/p>\n\n\n\n<p>Magdalena Sierra (Diputada Nacional-Pta.del Observatorio Social de Pol\u00edticas P\u00fablicas\/Agrupaci\u00f3n Eva Per\u00f3n)) &nbsp;Maia Grisel Lata (PSOL) -Andrea Basile (Pico 1200) -Marcela Caiafa (SACRA)-Sabrina Rearte (La Campora )- Hilda Cabrera(CTA) -Mar\u00eda Laura Garibaldi (Compromiso Federal)- Gisele Alessi (Avellaneda en Movimiento) -Nancy Guzm\u00e1n( Mesa de la Militancia Peronista)\/(Bloque de Concejalas Frente de Todxs)-M\u00f3nica Litza (Diputada Nacional mandato cumplido\/Vicepresidenta Correo Argentino\/Frente Renovador) -Natalia Arlandi (Subsecretaria de Mujeres, g\u00e9neros y Diversidad)-Ver\u00f3nica Chiafari (Directora General de las Mujeres) -M\u00f3nica Cappellini (Concejal mandato cumplido\/Agrupacion 17 de Oktubre)-Silvia Cantero (Liberaci\u00f3n Nacional)-Romina Barreiro (Subsecretaria de Desarrollo Social)- M\u00f3nica Ghirelli (Secretaria de Seguridad )-Virginia Alga\u00f1araz (Secretaria de Salud)- Susana Gutt (Secretaria de Hacienda)- Victoria Onetto (Secretaria de Cultura)- Mar\u00eda Eugenia Fiorentino (Directora&nbsp;<a rel=\"noreferrer noopener\" target=\"_blank\" href=\"http:\/\/gral.de\">gral.de<\/a>&nbsp;Personal) -Susana Achucarro (Directora Gral. de H\u00e1bitat) -Patricia L\u00f3pez Arrojo (Directora de Inclusi\u00f3n de las personas con Discapacidad ) -Mar\u00eda Laura De Vincenti (Secretaria de Educaci\u00f3n)- Elida Molina (Subsecretaria de Educaci\u00f3n)- Mar\u00eda Marta P\u00e9rez (Directora de Pol\u00edticas socio educativas) -Laura Zuchiati (Directora de Nivel inicial) \u2013 \u00c1ngeles S\u00e1nchez (Subsecretaria de Juventud) Lorena Ramundo (Subsecretaria de Ni\u00f1ez y Adolescencia) -Agustina Abelleyra (Secretaria de Gobierno Participativo) -Norma Morales(Somos Barrios de Pie) -Mar\u00eda Alva Gonz\u00e1lez&nbsp; (Frente Dar\u00edo Santill\u00e1n\/Frente Patria Grande) -Claudia Colaso (Pta. Consejo Escolar) -Antonia Aquino (Movimiento Evita) -Antonella C\u00f3rdoba (Aquelarre feminismo popular) -Mariana Gavicagoxeascoa (Directora Edificio Municipal Leonardo Favio) -Miriam Comisso (Secretaria del bloque Frente de Todxs HCD) -Carolina Pierri (Directora Envi\u00f3n)-Ana Valle (Envi\u00f3n) -Macarena Macia-Graciela Barbieri-Mirta Garate (Consejeras escolares) -Claudia Mart\u00ednez (Secretaria de Genero CTA)-Mariel Mart\u00ednez (Resistir y Vencer) -Bel\u00e9n Zaffalon C\u00f3rdoba (Mujeres Territoriales)-Rosa Cano (Espacio Militante Realizar )-Marcela Prada(Movimiento Mayo) -Abril Firman (Mala Junta\/Nueva Mayor\u00eda) -Viviana Navarrete (Secretaria de Igualdad y Genero SUTEBA) -Viviana Ledesma (Frente de mujeres 26 de Julio)-Julieta Garc\u00eda (FINES) -Lorena Barrios (MTE-Mujeres y Diversidad)- Lourdes Serrats (EFAC)<\/p>\n","protected":false},"excerpt":{"rendered":"<p>Las mujeres y disidencias de Avellaneda y el Consejo Consultivo conformado por las organizaciones sociales y pol\u00edticas en articulaci\u00f3n constante con la Subsecretar\u00eda de Mujeres, G\u00e9neros y Diversidad del Observatorio Social de Pol\u00edticas P\u00fablicas de la Municipalidad de Avellaneda repudia en\u00e9rgicamente las expresiones del comunicador Baby Etchecopar durante el programa \u00abLa noche de Mirtha Legrand\u00bb&#8230;<\/p>\n","protected":false},"author":2,"featured_media":3286,"comment_status":"open","ping_status":"open","sticky":false,"template":"","format":"standard","meta":{"footnotes":""},"categories":[5],"tags":[],"class_list":["post-3285","post","type-post","status-publish","format-standard","has-post-thumbnail","hentry","category-avellaneda"],"featured_image_src":"https:\/\/diarioprincipios.com\/wp-content\/uploads\/2020\/06\/maxresdefault-1-1024x576.jpg","blog_images":{"medium":"https:\/\/diarioprincipios.com\/wp-content\/uploads\/2020\/06\/maxresdefault-1-300x169.jpg","large":"https:\/\/diarioprincipios.com\/wp-content\/uploads\/2020\/06\/maxresdefault-1-1024x576.jpg"},"ams_acf":[],"yoast_head":"<!-- This site is optimized with the Yoast SEO plugin v27.3 - https:\/\/yoast.com\/product\/yoast-seo-wordpress\/ -->\n<title>Masivo rechazo en Avellaneda a los dichos de Baby Etchecopar - Principios<\/title>\n<meta name=\"robots\" content=\"index, follow, max-snippet:-1, max-image-preview:large, max-video-preview:-1\" \/>\n<link rel=\"canonical\" href=\"https:\/\/diarioprincipios.com\/index.php\/2020\/06\/23\/masivo-rechazo-en-avellaneda-a-los-dichos-de-baby-etchecopar\/\" \/>\n<meta property=\"og:locale\" content=\"es_ES\" \/>\n<meta property=\"og:type\" content=\"article\" \/>\n<meta property=\"og:title\" content=\"Masivo rechazo en Avellaneda a los dichos de Baby Etchecopar - Principios\" \/>\n<meta property=\"og:description\" content=\"Las mujeres y disidencias de Avellaneda y el Consejo Consultivo conformado por las organizaciones sociales y pol\u00edticas en articulaci\u00f3n constante con la Subsecretar\u00eda de Mujeres, G\u00e9neros y Diversidad del Observatorio Social de Pol\u00edticas P\u00fablicas de la Municipalidad de Avellaneda repudia en\u00e9rgicamente las expresiones del comunicador Baby Etchecopar durante el programa \u00abLa noche de Mirtha Legrand\u00bb...\" \/>\n<meta property=\"og:url\" content=\"https:\/\/diarioprincipios.com\/index.php\/2020\/06\/23\/masivo-rechazo-en-avellaneda-a-los-dichos-de-baby-etchecopar\/\" \/>\n<meta property=\"og:site_name\" content=\"Principios\" \/>\n<meta property=\"article:published_time\" content=\"2020-06-23T19:33:44+00:00\" \/>\n<meta property=\"article:modified_time\" content=\"2020-06-23T19:34:00+00:00\" \/>\n<meta property=\"og:image\" content=\"https:\/\/diarioprincipios.com\/wp-content\/uploads\/2020\/06\/maxresdefault-1.jpg\" \/>\n\t<meta property=\"og:image:width\" content=\"1280\" \/>\n\t<meta property=\"og:image:height\" content=\"720\" \/>\n\t<meta property=\"og:image:type\" content=\"image\/jpeg\" \/>\n<meta name=\"author\" content=\"Hern\u00e1n L\u00f3pez\" \/>\n<meta name=\"twitter:card\" content=\"summary_large_image\" \/>\n<meta name=\"twitter:label1\" content=\"Escrito por\" \/>\n\t<meta name=\"twitter:data1\" content=\"Hern\u00e1n L\u00f3pez\" \/>\n\t<meta name=\"twitter:label2\" content=\"Tiempo de lectura\" \/>\n\t<meta name=\"twitter:data2\" content=\"3 minutos\" \/>\n<script type=\"application\/ld+json\" class=\"yoast-schema-graph\">{\"@context\":\"https:\\\/\\\/schema.org\",\"@graph\":[{\"@type\":\"Article\",\"@id\":\"https:\\\/\\\/diarioprincipios.com\\\/index.php\\\/2020\\\/06\\\/23\\\/masivo-rechazo-en-avellaneda-a-los-dichos-de-baby-etchecopar\\\/#article\",\"isPartOf\":{\"@id\":\"https:\\\/\\\/diarioprincipios.com\\\/index.php\\\/2020\\\/06\\\/23\\\/masivo-rechazo-en-avellaneda-a-los-dichos-de-baby-etchecopar\\\/\"},\"author\":{\"name\":\"Hern\u00e1n L\u00f3pez\",\"@id\":\"https:\\\/\\\/diarioprincipios.com\\\/#\\\/schema\\\/person\\\/436d5a1fd41a5e250e23ff5a6a7cb080\"},\"headline\":\"Masivo rechazo en Avellaneda a los dichos de Baby Etchecopar\",\"datePublished\":\"2020-06-23T19:33:44+00:00\",\"dateModified\":\"2020-06-23T19:34:00+00:00\",\"mainEntityOfPage\":{\"@id\":\"https:\\\/\\\/diarioprincipios.com\\\/index.php\\\/2020\\\/06\\\/23\\\/masivo-rechazo-en-avellaneda-a-los-dichos-de-baby-etchecopar\\\/\"},\"wordCount\":663,\"commentCount\":0,\"publisher\":{\"@id\":\"https:\\\/\\\/diarioprincipios.com\\\/#organization\"},\"image\":{\"@id\":\"https:\\\/\\\/diarioprincipios.com\\\/index.php\\\/2020\\\/06\\\/23\\\/masivo-rechazo-en-avellaneda-a-los-dichos-de-baby-etchecopar\\\/#primaryimage\"},\"thumbnailUrl\":\"https:\\\/\\\/diarioprincipios.com\\\/wp-content\\\/uploads\\\/2020\\\/06\\\/maxresdefault-1.jpg\",\"articleSection\":[\"Avellaneda\"],\"inLanguage\":\"es\",\"potentialAction\":[{\"@type\":\"CommentAction\",\"name\":\"Comment\",\"target\":[\"https:\\\/\\\/diarioprincipios.com\\\/index.php\\\/2020\\\/06\\\/23\\\/masivo-rechazo-en-avellaneda-a-los-dichos-de-baby-etchecopar\\\/#respond\"]}]},{\"@type\":\"WebPage\",\"@id\":\"https:\\\/\\\/diarioprincipios.com\\\/index.php\\\/2020\\\/06\\\/23\\\/masivo-rechazo-en-avellaneda-a-los-dichos-de-baby-etchecopar\\\/\",\"url\":\"https:\\\/\\\/diarioprincipios.com\\\/index.php\\\/2020\\\/06\\\/23\\\/masivo-rechazo-en-avellaneda-a-los-dichos-de-baby-etchecopar\\\/\",\"name\":\"Masivo rechazo en Avellaneda a los dichos de Baby Etchecopar - Principios\",\"isPartOf\":{\"@id\":\"https:\\\/\\\/diarioprincipios.com\\\/#website\"},\"primaryImageOfPage\":{\"@id\":\"https:\\\/\\\/diarioprincipios.com\\\/index.php\\\/2020\\\/06\\\/23\\\/masivo-rechazo-en-avellaneda-a-los-dichos-de-baby-etchecopar\\\/#primaryimage\"},\"image\":{\"@id\":\"https:\\\/\\\/diarioprincipios.com\\\/index.php\\\/2020\\\/06\\\/23\\\/masivo-rechazo-en-avellaneda-a-los-dichos-de-baby-etchecopar\\\/#primaryimage\"},\"thumbnailUrl\":\"https:\\\/\\\/diarioprincipios.com\\\/wp-content\\\/uploads\\\/2020\\\/06\\\/maxresdefault-1.jpg\",\"datePublished\":\"2020-06-23T19:33:44+00:00\",\"dateModified\":\"2020-06-23T19:34:00+00:00\",\"breadcrumb\":{\"@id\":\"https:\\\/\\\/diarioprincipios.com\\\/index.php\\\/2020\\\/06\\\/23\\\/masivo-rechazo-en-avellaneda-a-los-dichos-de-baby-etchecopar\\\/#breadcrumb\"},\"inLanguage\":\"es\",\"potentialAction\":[{\"@type\":\"ReadAction\",\"target\":[\"https:\\\/\\\/diarioprincipios.com\\\/index.php\\\/2020\\\/06\\\/23\\\/masivo-rechazo-en-avellaneda-a-los-dichos-de-baby-etchecopar\\\/\"]}]},{\"@type\":\"ImageObject\",\"inLanguage\":\"es\",\"@id\":\"https:\\\/\\\/diarioprincipios.com\\\/index.php\\\/2020\\\/06\\\/23\\\/masivo-rechazo-en-avellaneda-a-los-dichos-de-baby-etchecopar\\\/#primaryimage\",\"url\":\"https:\\\/\\\/diarioprincipios.com\\\/wp-content\\\/uploads\\\/2020\\\/06\\\/maxresdefault-1.jpg\",\"contentUrl\":\"https:\\\/\\\/diarioprincipios.com\\\/wp-content\\\/uploads\\\/2020\\\/06\\\/maxresdefault-1.jpg\",\"width\":1280,\"height\":720},{\"@type\":\"BreadcrumbList\",\"@id\":\"https:\\\/\\\/diarioprincipios.com\\\/index.php\\\/2020\\\/06\\\/23\\\/masivo-rechazo-en-avellaneda-a-los-dichos-de-baby-etchecopar\\\/#breadcrumb\",\"itemListElement\":[{\"@type\":\"ListItem\",\"position\":1,\"name\":\"Portada\",\"item\":\"https:\\\/\\\/diarioprincipios.com\\\/\"},{\"@type\":\"ListItem\",\"position\":2,\"name\":\"Masivo rechazo en Avellaneda a los dichos de Baby Etchecopar\"}]},{\"@type\":\"WebSite\",\"@id\":\"https:\\\/\\\/diarioprincipios.com\\\/#website\",\"url\":\"https:\\\/\\\/diarioprincipios.com\\\/\",\"name\":\"Principios\",\"description\":\"Principios Diario\",\"publisher\":{\"@id\":\"https:\\\/\\\/diarioprincipios.com\\\/#organization\"},\"potentialAction\":[{\"@type\":\"SearchAction\",\"target\":{\"@type\":\"EntryPoint\",\"urlTemplate\":\"https:\\\/\\\/diarioprincipios.com\\\/?s={search_term_string}\"},\"query-input\":{\"@type\":\"PropertyValueSpecification\",\"valueRequired\":true,\"valueName\":\"search_term_string\"}}],\"inLanguage\":\"es\"},{\"@type\":\"Organization\",\"@id\":\"https:\\\/\\\/diarioprincipios.com\\\/#organization\",\"name\":\"Principios\",\"url\":\"https:\\\/\\\/diarioprincipios.com\\\/\",\"logo\":{\"@type\":\"ImageObject\",\"inLanguage\":\"es\",\"@id\":\"https:\\\/\\\/diarioprincipios.com\\\/#\\\/schema\\\/logo\\\/image\\\/\",\"url\":\"https:\\\/\\\/diarioprincipios.com\\\/wp-content\\\/uploads\\\/2024\\\/04\\\/cropped-www.diarioprincipios.com_-1.png\",\"contentUrl\":\"https:\\\/\\\/diarioprincipios.com\\\/wp-content\\\/uploads\\\/2024\\\/04\\\/cropped-www.diarioprincipios.com_-1.png\",\"width\":5325,\"height\":1454,\"caption\":\"Principios\"},\"image\":{\"@id\":\"https:\\\/\\\/diarioprincipios.com\\\/#\\\/schema\\\/logo\\\/image\\\/\"}},{\"@type\":\"Person\",\"@id\":\"https:\\\/\\\/diarioprincipios.com\\\/#\\\/schema\\\/person\\\/436d5a1fd41a5e250e23ff5a6a7cb080\",\"name\":\"Hern\u00e1n L\u00f3pez\",\"image\":{\"@type\":\"ImageObject\",\"inLanguage\":\"es\",\"@id\":\"https:\\\/\\\/diarioprincipios.com\\\/wp-content\\\/litespeed\\\/avatar\\\/11ddfe5610ff3bd100522525b2571f48.jpg?ver=1777048341\",\"url\":\"https:\\\/\\\/diarioprincipios.com\\\/wp-content\\\/litespeed\\\/avatar\\\/11ddfe5610ff3bd100522525b2571f48.jpg?ver=1777048341\",\"contentUrl\":\"https:\\\/\\\/diarioprincipios.com\\\/wp-content\\\/litespeed\\\/avatar\\\/11ddfe5610ff3bd100522525b2571f48.jpg?ver=1777048341\",\"caption\":\"Hern\u00e1n L\u00f3pez\"},\"url\":\"https:\\\/\\\/diarioprincipios.com\\\/index.php\\\/author\\\/hernan\\\/\"}]}<\/script>\n<!-- \/ Yoast SEO plugin. -->","yoast_head_json":{"title":"Masivo rechazo en Avellaneda a los dichos de Baby Etchecopar - Principios","robots":{"index":"index","follow":"follow","max-snippet":"max-snippet:-1","max-image-preview":"max-image-preview:large","max-video-preview":"max-video-preview:-1"},"canonical":"https:\/\/diarioprincipios.com\/index.php\/2020\/06\/23\/masivo-rechazo-en-avellaneda-a-los-dichos-de-baby-etchecopar\/","og_locale":"es_ES","og_type":"article","og_title":"Masivo rechazo en Avellaneda a los dichos de Baby Etchecopar - Principios","og_description":"Las mujeres y disidencias de Avellaneda y el Consejo Consultivo conformado por las organizaciones sociales y pol\u00edticas en articulaci\u00f3n constante con la Subsecretar\u00eda de Mujeres, G\u00e9neros y Diversidad del Observatorio Social de Pol\u00edticas P\u00fablicas de la Municipalidad de Avellaneda repudia en\u00e9rgicamente las expresiones del comunicador Baby Etchecopar durante el programa \u00abLa noche de Mirtha Legrand\u00bb...","og_url":"https:\/\/diarioprincipios.com\/index.php\/2020\/06\/23\/masivo-rechazo-en-avellaneda-a-los-dichos-de-baby-etchecopar\/","og_site_name":"Principios","article_published_time":"2020-06-23T19:33:44+00:00","article_modified_time":"2020-06-23T19:34:00+00:00","og_image":[{"width":1280,"height":720,"url":"https:\/\/diarioprincipios.com\/wp-content\/uploads\/2020\/06\/maxresdefault-1.jpg","type":"image\/jpeg"}],"author":"Hern\u00e1n L\u00f3pez","twitter_card":"summary_large_image","twitter_misc":{"Escrito por":"Hern\u00e1n L\u00f3pez","Tiempo de lectura":"3 minutos"},"schema":{"@context":"https:\/\/schema.org","@graph":[{"@type":"Article","@id":"https:\/\/diarioprincipios.com\/index.php\/2020\/06\/23\/masivo-rechazo-en-avellaneda-a-los-dichos-de-baby-etchecopar\/#article","isPartOf":{"@id":"https:\/\/diarioprincipios.com\/index.php\/2020\/06\/23\/masivo-rechazo-en-avellaneda-a-los-dichos-de-baby-etchecopar\/"},"author":{"name":"Hern\u00e1n L\u00f3pez","@id":"https:\/\/diarioprincipios.com\/#\/schema\/person\/436d5a1fd41a5e250e23ff5a6a7cb080"},"headline":"Masivo rechazo en Avellaneda a los dichos de Baby Etchecopar","datePublished":"2020-06-23T19:33:44+00:00","dateModified":"2020-06-23T19:34:00+00:00","mainEntityOfPage":{"@id":"https:\/\/diarioprincipios.com\/index.php\/2020\/06\/23\/masivo-rechazo-en-avellaneda-a-los-dichos-de-baby-etchecopar\/"},"wordCount":663,"commentCount":0,"publisher":{"@id":"https:\/\/diarioprincipios.com\/#organization"},"image":{"@id":"https:\/\/diarioprincipios.com\/index.php\/2020\/06\/23\/masivo-rechazo-en-avellaneda-a-los-dichos-de-baby-etchecopar\/#primaryimage"},"thumbnailUrl":"https:\/\/diarioprincipios.com\/wp-content\/uploads\/2020\/06\/maxresdefault-1.jpg","articleSection":["Avellaneda"],"inLanguage":"es","potentialAction":[{"@type":"CommentAction","name":"Comment","target":["https:\/\/diarioprincipios.com\/index.php\/2020\/06\/23\/masivo-rechazo-en-avellaneda-a-los-dichos-de-baby-etchecopar\/#respond"]}]},{"@type":"WebPage","@id":"https:\/\/diarioprincipios.com\/index.php\/2020\/06\/23\/masivo-rechazo-en-avellaneda-a-los-dichos-de-baby-etchecopar\/","url":"https:\/\/diarioprincipios.com\/index.php\/2020\/06\/23\/masivo-rechazo-en-avellaneda-a-los-dichos-de-baby-etchecopar\/","name":"Masivo rechazo en Avellaneda a los dichos de Baby Etchecopar - Principios","isPartOf":{"@id":"https:\/\/diarioprincipios.com\/#website"},"primaryImageOfPage":{"@id":"https:\/\/diarioprincipios.com\/index.php\/2020\/06\/23\/masivo-rechazo-en-avellaneda-a-los-dichos-de-baby-etchecopar\/#primaryimage"},"image":{"@id":"https:\/\/diarioprincipios.com\/index.php\/2020\/06\/23\/masivo-rechazo-en-avellaneda-a-los-dichos-de-baby-etchecopar\/#primaryimage"},"thumbnailUrl":"https:\/\/diarioprincipios.com\/wp-content\/uploads\/2020\/06\/maxresdefault-1.jpg","datePublished":"2020-06-23T19:33:44+00:00","dateModified":"2020-06-23T19:34:00+00:00","breadcrumb":{"@id":"https:\/\/diarioprincipios.com\/index.php\/2020\/06\/23\/masivo-rechazo-en-avellaneda-a-los-dichos-de-baby-etchecopar\/#breadcrumb"},"inLanguage":"es","potentialAction":[{"@type":"ReadAction","target":["https:\/\/diarioprincipios.com\/index.php\/2020\/06\/23\/masivo-rechazo-en-avellaneda-a-los-dichos-de-baby-etchecopar\/"]}]},{"@type":"ImageObject","inLanguage":"es","@id":"https:\/\/diarioprincipios.com\/index.php\/2020\/06\/23\/masivo-rechazo-en-avellaneda-a-los-dichos-de-baby-etchecopar\/#primaryimage","url":"https:\/\/diarioprincipios.com\/wp-content\/uploads\/2020\/06\/maxresdefault-1.jpg","contentUrl":"https:\/\/diarioprincipios.com\/wp-content\/uploads\/2020\/06\/maxresdefault-1.jpg","width":1280,"height":720},{"@type":"BreadcrumbList","@id":"https:\/\/diarioprincipios.com\/index.php\/2020\/06\/23\/masivo-rechazo-en-avellaneda-a-los-dichos-de-baby-etchecopar\/#breadcrumb","itemListElement":[{"@type":"ListItem","position":1,"name":"Portada","item":"https:\/\/diarioprincipios.com\/"},{"@type":"ListItem","position":2,"name":"Masivo rechazo en Avellaneda a los dichos de Baby Etchecopar"}]},{"@type":"WebSite","@id":"https:\/\/diarioprincipios.com\/#website","url":"https:\/\/diarioprincipios.com\/","name":"Principios","description":"Principios Diario","publisher":{"@id":"https:\/\/diarioprincipios.com\/#organization"},"potentialAction":[{"@type":"SearchAction","target":{"@type":"EntryPoint","urlTemplate":"https:\/\/diarioprincipios.com\/?s={search_term_string}"},"query-input":{"@type":"PropertyValueSpecification","valueRequired":true,"valueName":"search_term_string"}}],"inLanguage":"es"},{"@type":"Organization","@id":"https:\/\/diarioprincipios.com\/#organization","name":"Principios","url":"https:\/\/diarioprincipios.com\/","logo":{"@type":"ImageObject","inLanguage":"es","@id":"https:\/\/diarioprincipios.com\/#\/schema\/logo\/image\/","url":"https:\/\/diarioprincipios.com\/wp-content\/uploads\/2024\/04\/cropped-www.diarioprincipios.com_-1.png","contentUrl":"https:\/\/diarioprincipios.com\/wp-content\/uploads\/2024\/04\/cropped-www.diarioprincipios.com_-1.png","width":5325,"height":1454,"caption":"Principios"},"image":{"@id":"https:\/\/diarioprincipios.com\/#\/schema\/logo\/image\/"}},{"@type":"Person","@id":"https:\/\/diarioprincipios.com\/#\/schema\/person\/436d5a1fd41a5e250e23ff5a6a7cb080","name":"Hern\u00e1n L\u00f3pez","image":{"@type":"ImageObject","inLanguage":"es","@id":"https:\/\/diarioprincipios.com\/wp-content\/litespeed\/avatar\/11ddfe5610ff3bd100522525b2571f48.jpg?ver=1777048341","url":"https:\/\/diarioprincipios.com\/wp-content\/litespeed\/avatar\/11ddfe5610ff3bd100522525b2571f48.jpg?ver=1777048341","contentUrl":"https:\/\/diarioprincipios.com\/wp-content\/litespeed\/avatar\/11ddfe5610ff3bd100522525b2571f48.jpg?ver=1777048341","caption":"Hern\u00e1n L\u00f3pez"},"url":"https:\/\/diarioprincipios.com\/index.php\/author\/hernan\/"}]}},"jetpack_featured_media_url":"https:\/\/diarioprincipios.com\/wp-content\/uploads\/2020\/06\/maxresdefault-1.jpg","_links":{"self":[{"href":"https:\/\/diarioprincipios.com\/index.php\/wp-json\/wp\/v2\/posts\/3285","targetHints":{"allow":["GET"]}}],"collection":[{"href":"https:\/\/diarioprincipios.com\/index.php\/wp-json\/wp\/v2\/posts"}],"about":[{"href":"https:\/\/diarioprincipios.com\/index.php\/wp-json\/wp\/v2\/types\/post"}],"author":[{"embeddable":true,"href":"https:\/\/diarioprincipios.com\/index.php\/wp-json\/wp\/v2\/users\/2"}],"replies":[{"embeddable":true,"href":"https:\/\/diarioprincipios.com\/index.php\/wp-json\/wp\/v2\/comments?post=3285"}],"version-history":[{"count":1,"href":"https:\/\/diarioprincipios.com\/index.php\/wp-json\/wp\/v2\/posts\/3285\/revisions"}],"predecessor-version":[{"id":3287,"href":"https:\/\/diarioprincipios.com\/index.php\/wp-json\/wp\/v2\/posts\/3285\/revisions\/3287"}],"wp:featuredmedia":[{"embeddable":true,"href":"https:\/\/diarioprincipios.com\/index.php\/wp-json\/wp\/v2\/media\/3286"}],"wp:attachment":[{"href":"https:\/\/diarioprincipios.com\/index.php\/wp-json\/wp\/v2\/media?parent=3285"}],"wp:term":[{"taxonomy":"category","embeddable":true,"href":"https:\/\/diarioprincipios.com\/index.php\/wp-json\/wp\/v2\/categories?post=3285"},{"taxonomy":"post_tag","embeddable":true,"href":"https:\/\/diarioprincipios.com\/index.php\/wp-json\/wp\/v2\/tags?post=3285"}],"curies":[{"name":"wp","href":"https:\/\/api.w.org\/{rel}","templated":true}]}}