{"id":3276,"date":"2020-06-23T16:17:52","date_gmt":"2020-06-23T19:17:52","guid":{"rendered":"http:\/\/diarioprincipios.com\/?p=3276"},"modified":"2020-06-23T16:17:56","modified_gmt":"2020-06-23T19:17:56","slug":"el-bloque-de-concejales-del-frente-de-todos-de-avellaneda-repudio-las-palabras-de-baby-etchecopar","status":"publish","type":"post","link":"https:\/\/diarioprincipios.com\/index.php\/2020\/06\/23\/el-bloque-de-concejales-del-frente-de-todos-de-avellaneda-repudio-las-palabras-de-baby-etchecopar\/","title":{"rendered":"El bloque de concejales del Frente de Todos de Avellaneda repudi\u00f3 las palabras de Baby Etchecopar"},"content":{"rendered":"\n<p>Encabezados por el titular del cuerpo legislativo de Avellaneda, Hugo Barrueco, expresaron su profundo desacuerdo con los dichos del periodista.<\/p>\n\n\n\n<p>El bloque de concejales del Frente de Todos de Avellaneda se manifest\u00f3 de manera contundente, rechazando las descalificaciones y agravios del periodista Baby Etchecopar contra la vicepresidenta Cristina Fernandez de Kirchner, el pasado s\u00e1bado en el programa \u201cLa Noche de Mirtha Legrand\u201c, de Canal 13.<\/p>\n\n\n\n<figure class=\"wp-block-image size-large\"><img loading=\"lazy\" decoding=\"async\" width=\"666\" height=\"464\" src=\"https:\/\/diarioprincipios.com\/wp-content\/uploads\/2020\/06\/e17443eb-7ff5-4673-bb45-ffe6e5d4a2b7.jpg\" alt=\"\" class=\"wp-image-3277\" srcset=\"https:\/\/diarioprincipios.com\/wp-content\/uploads\/2020\/06\/e17443eb-7ff5-4673-bb45-ffe6e5d4a2b7.jpg 666w, https:\/\/diarioprincipios.com\/wp-content\/uploads\/2020\/06\/e17443eb-7ff5-4673-bb45-ffe6e5d4a2b7-300x209.jpg 300w, https:\/\/diarioprincipios.com\/wp-content\/uploads\/2020\/06\/e17443eb-7ff5-4673-bb45-ffe6e5d4a2b7-392x272.jpg 392w, https:\/\/diarioprincipios.com\/wp-content\/uploads\/2020\/06\/e17443eb-7ff5-4673-bb45-ffe6e5d4a2b7-130x90.jpg 130w\" sizes=\"auto, (max-width: 666px) 100vw, 666px\" \/><\/figure>\n\n\n\n<p>El comunicado del bloque dice: \u201cExpresiones como esas no pueden pasarse por alto, porque recuerdan una \u00e9poca muy triste de nuestro pa\u00eds, incluso utilizando los mismos t\u00e9rminos que usaban quienes amparaban los golpes de estado que provocaron los tiempos m\u00e1s oscuros para nuestra Patria. En tiempos de crisis y cuando desde los sectores m\u00e1s responsables de la pol\u00edtica se trabaja para achicar la grieta y sobrellevar la emergencia sanitaria de la mejor manera, repudiamos en\u00e9rgicamente este tipo de declaraciones que solo promueven el odio y la misoginia\u201d.<\/p>\n","protected":false},"excerpt":{"rendered":"<p>Encabezados por el titular del cuerpo legislativo de Avellaneda, Hugo Barrueco, expresaron su profundo desacuerdo con los dichos del periodista. El bloque de concejales del Frente de Todos de Avellaneda se manifest\u00f3 de manera contundente, rechazando las descalificaciones y agravios del periodista Baby Etchecopar contra la vicepresidenta Cristina Fernandez de Kirchner, el pasado s\u00e1bado en&#8230;<\/p>\n","protected":false},"author":2,"featured_media":3278,"comment_status":"open","ping_status":"open","sticky":false,"template":"","format":"standard","meta":{"footnotes":""},"categories":[5],"tags":[],"class_list":["post-3276","post","type-post","status-publish","format-standard","has-post-thumbnail","hentry","category-avellaneda"],"featured_image_src":"https:\/\/diarioprincipios.com\/wp-content\/uploads\/2020\/06\/4ca8b871-f97e-4896-8995-ad340a36dbfa-1024x644.jpg","blog_images":{"medium":"https:\/\/diarioprincipios.com\/wp-content\/uploads\/2020\/06\/4ca8b871-f97e-4896-8995-ad340a36dbfa-300x189.jpg","large":"https:\/\/diarioprincipios.com\/wp-content\/uploads\/2020\/06\/4ca8b871-f97e-4896-8995-ad340a36dbfa-1024x644.jpg"},"ams_acf":[],"yoast_head":"<!-- This site is optimized with the Yoast SEO plugin v27.3 - https:\/\/yoast.com\/product\/yoast-seo-wordpress\/ -->\n<title>El bloque de concejales del Frente de Todos de Avellaneda repudi\u00f3 las palabras de Baby Etchecopar - Principios<\/title>\n<meta name=\"robots\" content=\"index, follow, max-snippet:-1, max-image-preview:large, max-video-preview:-1\" \/>\n<link rel=\"canonical\" href=\"https:\/\/diarioprincipios.com\/index.php\/2020\/06\/23\/el-bloque-de-concejales-del-frente-de-todos-de-avellaneda-repudio-las-palabras-de-baby-etchecopar\/\" \/>\n<meta property=\"og:locale\" content=\"es_ES\" \/>\n<meta property=\"og:type\" content=\"article\" \/>\n<meta property=\"og:title\" content=\"El bloque de concejales del Frente de Todos de Avellaneda repudi\u00f3 las palabras de Baby Etchecopar - Principios\" \/>\n<meta property=\"og:description\" content=\"Encabezados por el titular del cuerpo legislativo de Avellaneda, Hugo Barrueco, expresaron su profundo desacuerdo con los dichos del periodista. El bloque de concejales del Frente de Todos de Avellaneda se manifest\u00f3 de manera contundente, rechazando las descalificaciones y agravios del periodista Baby Etchecopar contra la vicepresidenta Cristina Fernandez de Kirchner, el pasado s\u00e1bado en...\" \/>\n<meta property=\"og:url\" content=\"https:\/\/diarioprincipios.com\/index.php\/2020\/06\/23\/el-bloque-de-concejales-del-frente-de-todos-de-avellaneda-repudio-las-palabras-de-baby-etchecopar\/\" \/>\n<meta property=\"og:site_name\" content=\"Principios\" \/>\n<meta property=\"article:published_time\" content=\"2020-06-23T19:17:52+00:00\" \/>\n<meta property=\"article:modified_time\" content=\"2020-06-23T19:17:56+00:00\" \/>\n<meta property=\"og:image\" content=\"https:\/\/diarioprincipios.com\/wp-content\/uploads\/2020\/06\/4ca8b871-f97e-4896-8995-ad340a36dbfa.jpg\" \/>\n\t<meta property=\"og:image:width\" content=\"1069\" \/>\n\t<meta property=\"og:image:height\" content=\"672\" \/>\n\t<meta property=\"og:image:type\" content=\"image\/jpeg\" \/>\n<meta name=\"author\" content=\"Hern\u00e1n L\u00f3pez\" \/>\n<meta name=\"twitter:card\" content=\"summary_large_image\" \/>\n<meta name=\"twitter:label1\" content=\"Escrito por\" \/>\n\t<meta name=\"twitter:data1\" content=\"Hern\u00e1n L\u00f3pez\" \/>\n\t<meta name=\"twitter:label2\" content=\"Tiempo de lectura\" \/>\n\t<meta name=\"twitter:data2\" content=\"1 minuto\" \/>\n<script type=\"application\/ld+json\" class=\"yoast-schema-graph\">{\"@context\":\"https:\\\/\\\/schema.org\",\"@graph\":[{\"@type\":\"Article\",\"@id\":\"https:\\\/\\\/diarioprincipios.com\\\/index.php\\\/2020\\\/06\\\/23\\\/el-bloque-de-concejales-del-frente-de-todos-de-avellaneda-repudio-las-palabras-de-baby-etchecopar\\\/#article\",\"isPartOf\":{\"@id\":\"https:\\\/\\\/diarioprincipios.com\\\/index.php\\\/2020\\\/06\\\/23\\\/el-bloque-de-concejales-del-frente-de-todos-de-avellaneda-repudio-las-palabras-de-baby-etchecopar\\\/\"},\"author\":{\"name\":\"Hern\u00e1n L\u00f3pez\",\"@id\":\"https:\\\/\\\/diarioprincipios.com\\\/#\\\/schema\\\/person\\\/436d5a1fd41a5e250e23ff5a6a7cb080\"},\"headline\":\"El bloque de concejales del Frente de Todos de Avellaneda repudi\u00f3 las palabras de Baby Etchecopar\",\"datePublished\":\"2020-06-23T19:17:52+00:00\",\"dateModified\":\"2020-06-23T19:17:56+00:00\",\"mainEntityOfPage\":{\"@id\":\"https:\\\/\\\/diarioprincipios.com\\\/index.php\\\/2020\\\/06\\\/23\\\/el-bloque-de-concejales-del-frente-de-todos-de-avellaneda-repudio-las-palabras-de-baby-etchecopar\\\/\"},\"wordCount\":174,\"commentCount\":0,\"publisher\":{\"@id\":\"https:\\\/\\\/diarioprincipios.com\\\/#organization\"},\"image\":{\"@id\":\"https:\\\/\\\/diarioprincipios.com\\\/index.php\\\/2020\\\/06\\\/23\\\/el-bloque-de-concejales-del-frente-de-todos-de-avellaneda-repudio-las-palabras-de-baby-etchecopar\\\/#primaryimage\"},\"thumbnailUrl\":\"https:\\\/\\\/diarioprincipios.com\\\/wp-content\\\/uploads\\\/2020\\\/06\\\/4ca8b871-f97e-4896-8995-ad340a36dbfa.jpg\",\"articleSection\":[\"Avellaneda\"],\"inLanguage\":\"es\",\"potentialAction\":[{\"@type\":\"CommentAction\",\"name\":\"Comment\",\"target\":[\"https:\\\/\\\/diarioprincipios.com\\\/index.php\\\/2020\\\/06\\\/23\\\/el-bloque-de-concejales-del-frente-de-todos-de-avellaneda-repudio-las-palabras-de-baby-etchecopar\\\/#respond\"]}]},{\"@type\":\"WebPage\",\"@id\":\"https:\\\/\\\/diarioprincipios.com\\\/index.php\\\/2020\\\/06\\\/23\\\/el-bloque-de-concejales-del-frente-de-todos-de-avellaneda-repudio-las-palabras-de-baby-etchecopar\\\/\",\"url\":\"https:\\\/\\\/diarioprincipios.com\\\/index.php\\\/2020\\\/06\\\/23\\\/el-bloque-de-concejales-del-frente-de-todos-de-avellaneda-repudio-las-palabras-de-baby-etchecopar\\\/\",\"name\":\"El bloque de concejales del Frente de Todos de Avellaneda repudi\u00f3 las palabras de Baby Etchecopar - Principios\",\"isPartOf\":{\"@id\":\"https:\\\/\\\/diarioprincipios.com\\\/#website\"},\"primaryImageOfPage\":{\"@id\":\"https:\\\/\\\/diarioprincipios.com\\\/index.php\\\/2020\\\/06\\\/23\\\/el-bloque-de-concejales-del-frente-de-todos-de-avellaneda-repudio-las-palabras-de-baby-etchecopar\\\/#primaryimage\"},\"image\":{\"@id\":\"https:\\\/\\\/diarioprincipios.com\\\/index.php\\\/2020\\\/06\\\/23\\\/el-bloque-de-concejales-del-frente-de-todos-de-avellaneda-repudio-las-palabras-de-baby-etchecopar\\\/#primaryimage\"},\"thumbnailUrl\":\"https:\\\/\\\/diarioprincipios.com\\\/wp-content\\\/uploads\\\/2020\\\/06\\\/4ca8b871-f97e-4896-8995-ad340a36dbfa.jpg\",\"datePublished\":\"2020-06-23T19:17:52+00:00\",\"dateModified\":\"2020-06-23T19:17:56+00:00\",\"breadcrumb\":{\"@id\":\"https:\\\/\\\/diarioprincipios.com\\\/index.php\\\/2020\\\/06\\\/23\\\/el-bloque-de-concejales-del-frente-de-todos-de-avellaneda-repudio-las-palabras-de-baby-etchecopar\\\/#breadcrumb\"},\"inLanguage\":\"es\",\"potentialAction\":[{\"@type\":\"ReadAction\",\"target\":[\"https:\\\/\\\/diarioprincipios.com\\\/index.php\\\/2020\\\/06\\\/23\\\/el-bloque-de-concejales-del-frente-de-todos-de-avellaneda-repudio-las-palabras-de-baby-etchecopar\\\/\"]}]},{\"@type\":\"ImageObject\",\"inLanguage\":\"es\",\"@id\":\"https:\\\/\\\/diarioprincipios.com\\\/index.php\\\/2020\\\/06\\\/23\\\/el-bloque-de-concejales-del-frente-de-todos-de-avellaneda-repudio-las-palabras-de-baby-etchecopar\\\/#primaryimage\",\"url\":\"https:\\\/\\\/diarioprincipios.com\\\/wp-content\\\/uploads\\\/2020\\\/06\\\/4ca8b871-f97e-4896-8995-ad340a36dbfa.jpg\",\"contentUrl\":\"https:\\\/\\\/diarioprincipios.com\\\/wp-content\\\/uploads\\\/2020\\\/06\\\/4ca8b871-f97e-4896-8995-ad340a36dbfa.jpg\",\"width\":1069,\"height\":672},{\"@type\":\"BreadcrumbList\",\"@id\":\"https:\\\/\\\/diarioprincipios.com\\\/index.php\\\/2020\\\/06\\\/23\\\/el-bloque-de-concejales-del-frente-de-todos-de-avellaneda-repudio-las-palabras-de-baby-etchecopar\\\/#breadcrumb\",\"itemListElement\":[{\"@type\":\"ListItem\",\"position\":1,\"name\":\"Portada\",\"item\":\"https:\\\/\\\/diarioprincipios.com\\\/\"},{\"@type\":\"ListItem\",\"position\":2,\"name\":\"El bloque de concejales del Frente de Todos de Avellaneda repudi\u00f3 las palabras de Baby Etchecopar\"}]},{\"@type\":\"WebSite\",\"@id\":\"https:\\\/\\\/diarioprincipios.com\\\/#website\",\"url\":\"https:\\\/\\\/diarioprincipios.com\\\/\",\"name\":\"Principios\",\"description\":\"Principios Diario\",\"publisher\":{\"@id\":\"https:\\\/\\\/diarioprincipios.com\\\/#organization\"},\"potentialAction\":[{\"@type\":\"SearchAction\",\"target\":{\"@type\":\"EntryPoint\",\"urlTemplate\":\"https:\\\/\\\/diarioprincipios.com\\\/?s={search_term_string}\"},\"query-input\":{\"@type\":\"PropertyValueSpecification\",\"valueRequired\":true,\"valueName\":\"search_term_string\"}}],\"inLanguage\":\"es\"},{\"@type\":\"Organization\",\"@id\":\"https:\\\/\\\/diarioprincipios.com\\\/#organization\",\"name\":\"Principios\",\"url\":\"https:\\\/\\\/diarioprincipios.com\\\/\",\"logo\":{\"@type\":\"ImageObject\",\"inLanguage\":\"es\",\"@id\":\"https:\\\/\\\/diarioprincipios.com\\\/#\\\/schema\\\/logo\\\/image\\\/\",\"url\":\"https:\\\/\\\/diarioprincipios.com\\\/wp-content\\\/uploads\\\/2024\\\/04\\\/cropped-www.diarioprincipios.com_-1.png\",\"contentUrl\":\"https:\\\/\\\/diarioprincipios.com\\\/wp-content\\\/uploads\\\/2024\\\/04\\\/cropped-www.diarioprincipios.com_-1.png\",\"width\":5325,\"height\":1454,\"caption\":\"Principios\"},\"image\":{\"@id\":\"https:\\\/\\\/diarioprincipios.com\\\/#\\\/schema\\\/logo\\\/image\\\/\"}},{\"@type\":\"Person\",\"@id\":\"https:\\\/\\\/diarioprincipios.com\\\/#\\\/schema\\\/person\\\/436d5a1fd41a5e250e23ff5a6a7cb080\",\"name\":\"Hern\u00e1n L\u00f3pez\",\"image\":{\"@type\":\"ImageObject\",\"inLanguage\":\"es\",\"@id\":\"https:\\\/\\\/diarioprincipios.com\\\/wp-content\\\/litespeed\\\/avatar\\\/11ddfe5610ff3bd100522525b2571f48.jpg?ver=1777653193\",\"url\":\"https:\\\/\\\/diarioprincipios.com\\\/wp-content\\\/litespeed\\\/avatar\\\/11ddfe5610ff3bd100522525b2571f48.jpg?ver=1777653193\",\"contentUrl\":\"https:\\\/\\\/diarioprincipios.com\\\/wp-content\\\/litespeed\\\/avatar\\\/11ddfe5610ff3bd100522525b2571f48.jpg?ver=1777653193\",\"caption\":\"Hern\u00e1n L\u00f3pez\"},\"url\":\"https:\\\/\\\/diarioprincipios.com\\\/index.php\\\/author\\\/hernan\\\/\"}]}<\/script>\n<!-- \/ Yoast SEO plugin. -->","yoast_head_json":{"title":"El bloque de concejales del Frente de Todos de Avellaneda repudi\u00f3 las palabras de Baby Etchecopar - Principios","robots":{"index":"index","follow":"follow","max-snippet":"max-snippet:-1","max-image-preview":"max-image-preview:large","max-video-preview":"max-video-preview:-1"},"canonical":"https:\/\/diarioprincipios.com\/index.php\/2020\/06\/23\/el-bloque-de-concejales-del-frente-de-todos-de-avellaneda-repudio-las-palabras-de-baby-etchecopar\/","og_locale":"es_ES","og_type":"article","og_title":"El bloque de concejales del Frente de Todos de Avellaneda repudi\u00f3 las palabras de Baby Etchecopar - Principios","og_description":"Encabezados por el titular del cuerpo legislativo de Avellaneda, Hugo Barrueco, expresaron su profundo desacuerdo con los dichos del periodista. El bloque de concejales del Frente de Todos de Avellaneda se manifest\u00f3 de manera contundente, rechazando las descalificaciones y agravios del periodista Baby Etchecopar contra la vicepresidenta Cristina Fernandez de Kirchner, el pasado s\u00e1bado en...","og_url":"https:\/\/diarioprincipios.com\/index.php\/2020\/06\/23\/el-bloque-de-concejales-del-frente-de-todos-de-avellaneda-repudio-las-palabras-de-baby-etchecopar\/","og_site_name":"Principios","article_published_time":"2020-06-23T19:17:52+00:00","article_modified_time":"2020-06-23T19:17:56+00:00","og_image":[{"width":1069,"height":672,"url":"https:\/\/diarioprincipios.com\/wp-content\/uploads\/2020\/06\/4ca8b871-f97e-4896-8995-ad340a36dbfa.jpg","type":"image\/jpeg"}],"author":"Hern\u00e1n L\u00f3pez","twitter_card":"summary_large_image","twitter_misc":{"Escrito por":"Hern\u00e1n L\u00f3pez","Tiempo de lectura":"1 minuto"},"schema":{"@context":"https:\/\/schema.org","@graph":[{"@type":"Article","@id":"https:\/\/diarioprincipios.com\/index.php\/2020\/06\/23\/el-bloque-de-concejales-del-frente-de-todos-de-avellaneda-repudio-las-palabras-de-baby-etchecopar\/#article","isPartOf":{"@id":"https:\/\/diarioprincipios.com\/index.php\/2020\/06\/23\/el-bloque-de-concejales-del-frente-de-todos-de-avellaneda-repudio-las-palabras-de-baby-etchecopar\/"},"author":{"name":"Hern\u00e1n L\u00f3pez","@id":"https:\/\/diarioprincipios.com\/#\/schema\/person\/436d5a1fd41a5e250e23ff5a6a7cb080"},"headline":"El bloque de concejales del Frente de Todos de Avellaneda repudi\u00f3 las palabras de Baby Etchecopar","datePublished":"2020-06-23T19:17:52+00:00","dateModified":"2020-06-23T19:17:56+00:00","mainEntityOfPage":{"@id":"https:\/\/diarioprincipios.com\/index.php\/2020\/06\/23\/el-bloque-de-concejales-del-frente-de-todos-de-avellaneda-repudio-las-palabras-de-baby-etchecopar\/"},"wordCount":174,"commentCount":0,"publisher":{"@id":"https:\/\/diarioprincipios.com\/#organization"},"image":{"@id":"https:\/\/diarioprincipios.com\/index.php\/2020\/06\/23\/el-bloque-de-concejales-del-frente-de-todos-de-avellaneda-repudio-las-palabras-de-baby-etchecopar\/#primaryimage"},"thumbnailUrl":"https:\/\/diarioprincipios.com\/wp-content\/uploads\/2020\/06\/4ca8b871-f97e-4896-8995-ad340a36dbfa.jpg","articleSection":["Avellaneda"],"inLanguage":"es","potentialAction":[{"@type":"CommentAction","name":"Comment","target":["https:\/\/diarioprincipios.com\/index.php\/2020\/06\/23\/el-bloque-de-concejales-del-frente-de-todos-de-avellaneda-repudio-las-palabras-de-baby-etchecopar\/#respond"]}]},{"@type":"WebPage","@id":"https:\/\/diarioprincipios.com\/index.php\/2020\/06\/23\/el-bloque-de-concejales-del-frente-de-todos-de-avellaneda-repudio-las-palabras-de-baby-etchecopar\/","url":"https:\/\/diarioprincipios.com\/index.php\/2020\/06\/23\/el-bloque-de-concejales-del-frente-de-todos-de-avellaneda-repudio-las-palabras-de-baby-etchecopar\/","name":"El bloque de concejales del Frente de Todos de Avellaneda repudi\u00f3 las palabras de Baby Etchecopar - Principios","isPartOf":{"@id":"https:\/\/diarioprincipios.com\/#website"},"primaryImageOfPage":{"@id":"https:\/\/diarioprincipios.com\/index.php\/2020\/06\/23\/el-bloque-de-concejales-del-frente-de-todos-de-avellaneda-repudio-las-palabras-de-baby-etchecopar\/#primaryimage"},"image":{"@id":"https:\/\/diarioprincipios.com\/index.php\/2020\/06\/23\/el-bloque-de-concejales-del-frente-de-todos-de-avellaneda-repudio-las-palabras-de-baby-etchecopar\/#primaryimage"},"thumbnailUrl":"https:\/\/diarioprincipios.com\/wp-content\/uploads\/2020\/06\/4ca8b871-f97e-4896-8995-ad340a36dbfa.jpg","datePublished":"2020-06-23T19:17:52+00:00","dateModified":"2020-06-23T19:17:56+00:00","breadcrumb":{"@id":"https:\/\/diarioprincipios.com\/index.php\/2020\/06\/23\/el-bloque-de-concejales-del-frente-de-todos-de-avellaneda-repudio-las-palabras-de-baby-etchecopar\/#breadcrumb"},"inLanguage":"es","potentialAction":[{"@type":"ReadAction","target":["https:\/\/diarioprincipios.com\/index.php\/2020\/06\/23\/el-bloque-de-concejales-del-frente-de-todos-de-avellaneda-repudio-las-palabras-de-baby-etchecopar\/"]}]},{"@type":"ImageObject","inLanguage":"es","@id":"https:\/\/diarioprincipios.com\/index.php\/2020\/06\/23\/el-bloque-de-concejales-del-frente-de-todos-de-avellaneda-repudio-las-palabras-de-baby-etchecopar\/#primaryimage","url":"https:\/\/diarioprincipios.com\/wp-content\/uploads\/2020\/06\/4ca8b871-f97e-4896-8995-ad340a36dbfa.jpg","contentUrl":"https:\/\/diarioprincipios.com\/wp-content\/uploads\/2020\/06\/4ca8b871-f97e-4896-8995-ad340a36dbfa.jpg","width":1069,"height":672},{"@type":"BreadcrumbList","@id":"https:\/\/diarioprincipios.com\/index.php\/2020\/06\/23\/el-bloque-de-concejales-del-frente-de-todos-de-avellaneda-repudio-las-palabras-de-baby-etchecopar\/#breadcrumb","itemListElement":[{"@type":"ListItem","position":1,"name":"Portada","item":"https:\/\/diarioprincipios.com\/"},{"@type":"ListItem","position":2,"name":"El bloque de concejales del Frente de Todos de Avellaneda repudi\u00f3 las palabras de Baby Etchecopar"}]},{"@type":"WebSite","@id":"https:\/\/diarioprincipios.com\/#website","url":"https:\/\/diarioprincipios.com\/","name":"Principios","description":"Principios Diario","publisher":{"@id":"https:\/\/diarioprincipios.com\/#organization"},"potentialAction":[{"@type":"SearchAction","target":{"@type":"EntryPoint","urlTemplate":"https:\/\/diarioprincipios.com\/?s={search_term_string}"},"query-input":{"@type":"PropertyValueSpecification","valueRequired":true,"valueName":"search_term_string"}}],"inLanguage":"es"},{"@type":"Organization","@id":"https:\/\/diarioprincipios.com\/#organization","name":"Principios","url":"https:\/\/diarioprincipios.com\/","logo":{"@type":"ImageObject","inLanguage":"es","@id":"https:\/\/diarioprincipios.com\/#\/schema\/logo\/image\/","url":"https:\/\/diarioprincipios.com\/wp-content\/uploads\/2024\/04\/cropped-www.diarioprincipios.com_-1.png","contentUrl":"https:\/\/diarioprincipios.com\/wp-content\/uploads\/2024\/04\/cropped-www.diarioprincipios.com_-1.png","width":5325,"height":1454,"caption":"Principios"},"image":{"@id":"https:\/\/diarioprincipios.com\/#\/schema\/logo\/image\/"}},{"@type":"Person","@id":"https:\/\/diarioprincipios.com\/#\/schema\/person\/436d5a1fd41a5e250e23ff5a6a7cb080","name":"Hern\u00e1n L\u00f3pez","image":{"@type":"ImageObject","inLanguage":"es","@id":"https:\/\/diarioprincipios.com\/wp-content\/litespeed\/avatar\/11ddfe5610ff3bd100522525b2571f48.jpg?ver=1777653193","url":"https:\/\/diarioprincipios.com\/wp-content\/litespeed\/avatar\/11ddfe5610ff3bd100522525b2571f48.jpg?ver=1777653193","contentUrl":"https:\/\/diarioprincipios.com\/wp-content\/litespeed\/avatar\/11ddfe5610ff3bd100522525b2571f48.jpg?ver=1777653193","caption":"Hern\u00e1n L\u00f3pez"},"url":"https:\/\/diarioprincipios.com\/index.php\/author\/hernan\/"}]}},"jetpack_featured_media_url":"https:\/\/diarioprincipios.com\/wp-content\/uploads\/2020\/06\/4ca8b871-f97e-4896-8995-ad340a36dbfa.jpg","_links":{"self":[{"href":"https:\/\/diarioprincipios.com\/index.php\/wp-json\/wp\/v2\/posts\/3276","targetHints":{"allow":["GET"]}}],"collection":[{"href":"https:\/\/diarioprincipios.com\/index.php\/wp-json\/wp\/v2\/posts"}],"about":[{"href":"https:\/\/diarioprincipios.com\/index.php\/wp-json\/wp\/v2\/types\/post"}],"author":[{"embeddable":true,"href":"https:\/\/diarioprincipios.com\/index.php\/wp-json\/wp\/v2\/users\/2"}],"replies":[{"embeddable":true,"href":"https:\/\/diarioprincipios.com\/index.php\/wp-json\/wp\/v2\/comments?post=3276"}],"version-history":[{"count":1,"href":"https:\/\/diarioprincipios.com\/index.php\/wp-json\/wp\/v2\/posts\/3276\/revisions"}],"predecessor-version":[{"id":3279,"href":"https:\/\/diarioprincipios.com\/index.php\/wp-json\/wp\/v2\/posts\/3276\/revisions\/3279"}],"wp:featuredmedia":[{"embeddable":true,"href":"https:\/\/diarioprincipios.com\/index.php\/wp-json\/wp\/v2\/media\/3278"}],"wp:attachment":[{"href":"https:\/\/diarioprincipios.com\/index.php\/wp-json\/wp\/v2\/media?parent=3276"}],"wp:term":[{"taxonomy":"category","embeddable":true,"href":"https:\/\/diarioprincipios.com\/index.php\/wp-json\/wp\/v2\/categories?post=3276"},{"taxonomy":"post_tag","embeddable":true,"href":"https:\/\/diarioprincipios.com\/index.php\/wp-json\/wp\/v2\/tags?post=3276"}],"curies":[{"name":"wp","href":"https:\/\/api.w.org\/{rel}","templated":true}]}}