{"id":3264,"date":"2020-06-23T15:02:39","date_gmt":"2020-06-23T18:02:39","guid":{"rendered":"http:\/\/diarioprincipios.com\/?p=3264"},"modified":"2020-06-23T15:02:43","modified_gmt":"2020-06-23T18:02:43","slug":"nueva-donacion-del-movimiento-obrero-regional-para-el-centro-de-aislamiento-que-funciona-en-el-sindicato-del-plastico","status":"publish","type":"post","link":"https:\/\/diarioprincipios.com\/index.php\/2020\/06\/23\/nueva-donacion-del-movimiento-obrero-regional-para-el-centro-de-aislamiento-que-funciona-en-el-sindicato-del-plastico\/","title":{"rendered":"Nueva donaci\u00f3n del Movimiento Obrero Regional para el Centro de Aislamiento que funciona en el Sindicato del Pl\u00e1stico"},"content":{"rendered":"\n<p>El Sindicato de Maestranza, encabezado por Luis Dom\u00ednguez, realiz\u00f3 la donaci\u00f3n de 2 estaciones de carga de celulares y tablets para las personas que est\u00e1n en el Centro de Aislamiento del Sindicato del Pl\u00e1stico.<\/p>\n\n\n\n<figure class=\"wp-block-image size-large\"><img loading=\"lazy\" decoding=\"async\" width=\"768\" height=\"1024\" src=\"https:\/\/diarioprincipios.com\/wp-content\/uploads\/2020\/06\/IMG-20200623-WA0040-768x1024.jpg\" alt=\"\" class=\"wp-image-3265\" srcset=\"https:\/\/diarioprincipios.com\/wp-content\/uploads\/2020\/06\/IMG-20200623-WA0040-768x1024.jpg 768w, https:\/\/diarioprincipios.com\/wp-content\/uploads\/2020\/06\/IMG-20200623-WA0040-225x300.jpg 225w, https:\/\/diarioprincipios.com\/wp-content\/uploads\/2020\/06\/IMG-20200623-WA0040.jpg 960w\" sizes=\"auto, (max-width: 768px) 100vw, 768px\" \/><\/figure>\n\n\n\n<p>Se trata de otra iniciativa del movimiento obrero organizado de la regional Quilmes para que la gente aislada tenga un mayor confort y una estad\u00eda m\u00e1s llevadera.<\/p>\n","protected":false},"excerpt":{"rendered":"<p>El Sindicato de Maestranza, encabezado por Luis Dom\u00ednguez, realiz\u00f3 la donaci\u00f3n de 2 estaciones de carga de celulares y tablets para las personas que est\u00e1n en el Centro de Aislamiento del Sindicato del Pl\u00e1stico. Se trata de otra iniciativa del movimiento obrero organizado de la regional Quilmes para que la gente aislada tenga un mayor&#8230;<\/p>\n","protected":false},"author":2,"featured_media":3266,"comment_status":"open","ping_status":"open","sticky":false,"template":"","format":"standard","meta":{"footnotes":""},"categories":[4],"tags":[],"class_list":["post-3264","post","type-post","status-publish","format-standard","has-post-thumbnail","hentry","category-quilmes"],"featured_image_src":"https:\/\/diarioprincipios.com\/wp-content\/uploads\/2020\/06\/IMG-20200623-WA0038-768x1024.jpg","blog_images":{"medium":"https:\/\/diarioprincipios.com\/wp-content\/uploads\/2020\/06\/IMG-20200623-WA0038-225x300.jpg","large":"https:\/\/diarioprincipios.com\/wp-content\/uploads\/2020\/06\/IMG-20200623-WA0038-768x1024.jpg"},"ams_acf":[],"yoast_head":"<!-- This site is optimized with the Yoast SEO plugin v27.3 - https:\/\/yoast.com\/product\/yoast-seo-wordpress\/ -->\n<title>Nueva donaci\u00f3n del Movimiento Obrero Regional para el Centro de Aislamiento que funciona en el Sindicato del Pl\u00e1stico - Principios<\/title>\n<meta name=\"robots\" content=\"index, follow, max-snippet:-1, max-image-preview:large, max-video-preview:-1\" \/>\n<link rel=\"canonical\" href=\"https:\/\/diarioprincipios.com\/index.php\/2020\/06\/23\/nueva-donacion-del-movimiento-obrero-regional-para-el-centro-de-aislamiento-que-funciona-en-el-sindicato-del-plastico\/\" \/>\n<meta property=\"og:locale\" content=\"es_ES\" \/>\n<meta property=\"og:type\" content=\"article\" \/>\n<meta property=\"og:title\" content=\"Nueva donaci\u00f3n del Movimiento Obrero Regional para el Centro de Aislamiento que funciona en el Sindicato del Pl\u00e1stico - Principios\" \/>\n<meta property=\"og:description\" content=\"El Sindicato de Maestranza, encabezado por Luis Dom\u00ednguez, realiz\u00f3 la donaci\u00f3n de 2 estaciones de carga de celulares y tablets para las personas que est\u00e1n en el Centro de Aislamiento del Sindicato del Pl\u00e1stico. Se trata de otra iniciativa del movimiento obrero organizado de la regional Quilmes para que la gente aislada tenga un mayor...\" \/>\n<meta property=\"og:url\" content=\"https:\/\/diarioprincipios.com\/index.php\/2020\/06\/23\/nueva-donacion-del-movimiento-obrero-regional-para-el-centro-de-aislamiento-que-funciona-en-el-sindicato-del-plastico\/\" \/>\n<meta property=\"og:site_name\" content=\"Principios\" \/>\n<meta property=\"article:published_time\" content=\"2020-06-23T18:02:39+00:00\" \/>\n<meta property=\"article:modified_time\" content=\"2020-06-23T18:02:43+00:00\" \/>\n<meta property=\"og:image\" content=\"https:\/\/diarioprincipios.com\/wp-content\/uploads\/2020\/06\/IMG-20200623-WA0038.jpg\" \/>\n\t<meta property=\"og:image:width\" content=\"960\" \/>\n\t<meta property=\"og:image:height\" content=\"1280\" \/>\n\t<meta property=\"og:image:type\" content=\"image\/jpeg\" \/>\n<meta name=\"author\" content=\"Hern\u00e1n L\u00f3pez\" \/>\n<meta name=\"twitter:card\" content=\"summary_large_image\" \/>\n<meta name=\"twitter:label1\" content=\"Escrito por\" \/>\n\t<meta name=\"twitter:data1\" content=\"Hern\u00e1n L\u00f3pez\" \/>\n<script type=\"application\/ld+json\" class=\"yoast-schema-graph\">{\"@context\":\"https:\\\/\\\/schema.org\",\"@graph\":[{\"@type\":\"Article\",\"@id\":\"https:\\\/\\\/diarioprincipios.com\\\/index.php\\\/2020\\\/06\\\/23\\\/nueva-donacion-del-movimiento-obrero-regional-para-el-centro-de-aislamiento-que-funciona-en-el-sindicato-del-plastico\\\/#article\",\"isPartOf\":{\"@id\":\"https:\\\/\\\/diarioprincipios.com\\\/index.php\\\/2020\\\/06\\\/23\\\/nueva-donacion-del-movimiento-obrero-regional-para-el-centro-de-aislamiento-que-funciona-en-el-sindicato-del-plastico\\\/\"},\"author\":{\"name\":\"Hern\u00e1n L\u00f3pez\",\"@id\":\"https:\\\/\\\/diarioprincipios.com\\\/#\\\/schema\\\/person\\\/436d5a1fd41a5e250e23ff5a6a7cb080\"},\"headline\":\"Nueva donaci\u00f3n del Movimiento Obrero Regional para el Centro de Aislamiento que funciona en el Sindicato del Pl\u00e1stico\",\"datePublished\":\"2020-06-23T18:02:39+00:00\",\"dateModified\":\"2020-06-23T18:02:43+00:00\",\"mainEntityOfPage\":{\"@id\":\"https:\\\/\\\/diarioprincipios.com\\\/index.php\\\/2020\\\/06\\\/23\\\/nueva-donacion-del-movimiento-obrero-regional-para-el-centro-de-aislamiento-que-funciona-en-el-sindicato-del-plastico\\\/\"},\"wordCount\":86,\"commentCount\":0,\"publisher\":{\"@id\":\"https:\\\/\\\/diarioprincipios.com\\\/#organization\"},\"image\":{\"@id\":\"https:\\\/\\\/diarioprincipios.com\\\/index.php\\\/2020\\\/06\\\/23\\\/nueva-donacion-del-movimiento-obrero-regional-para-el-centro-de-aislamiento-que-funciona-en-el-sindicato-del-plastico\\\/#primaryimage\"},\"thumbnailUrl\":\"https:\\\/\\\/diarioprincipios.com\\\/wp-content\\\/uploads\\\/2020\\\/06\\\/IMG-20200623-WA0038.jpg\",\"articleSection\":[\"Quilmes\"],\"inLanguage\":\"es\",\"potentialAction\":[{\"@type\":\"CommentAction\",\"name\":\"Comment\",\"target\":[\"https:\\\/\\\/diarioprincipios.com\\\/index.php\\\/2020\\\/06\\\/23\\\/nueva-donacion-del-movimiento-obrero-regional-para-el-centro-de-aislamiento-que-funciona-en-el-sindicato-del-plastico\\\/#respond\"]}]},{\"@type\":\"WebPage\",\"@id\":\"https:\\\/\\\/diarioprincipios.com\\\/index.php\\\/2020\\\/06\\\/23\\\/nueva-donacion-del-movimiento-obrero-regional-para-el-centro-de-aislamiento-que-funciona-en-el-sindicato-del-plastico\\\/\",\"url\":\"https:\\\/\\\/diarioprincipios.com\\\/index.php\\\/2020\\\/06\\\/23\\\/nueva-donacion-del-movimiento-obrero-regional-para-el-centro-de-aislamiento-que-funciona-en-el-sindicato-del-plastico\\\/\",\"name\":\"Nueva donaci\u00f3n del Movimiento Obrero Regional para el Centro de Aislamiento que funciona en el Sindicato del Pl\u00e1stico - Principios\",\"isPartOf\":{\"@id\":\"https:\\\/\\\/diarioprincipios.com\\\/#website\"},\"primaryImageOfPage\":{\"@id\":\"https:\\\/\\\/diarioprincipios.com\\\/index.php\\\/2020\\\/06\\\/23\\\/nueva-donacion-del-movimiento-obrero-regional-para-el-centro-de-aislamiento-que-funciona-en-el-sindicato-del-plastico\\\/#primaryimage\"},\"image\":{\"@id\":\"https:\\\/\\\/diarioprincipios.com\\\/index.php\\\/2020\\\/06\\\/23\\\/nueva-donacion-del-movimiento-obrero-regional-para-el-centro-de-aislamiento-que-funciona-en-el-sindicato-del-plastico\\\/#primaryimage\"},\"thumbnailUrl\":\"https:\\\/\\\/diarioprincipios.com\\\/wp-content\\\/uploads\\\/2020\\\/06\\\/IMG-20200623-WA0038.jpg\",\"datePublished\":\"2020-06-23T18:02:39+00:00\",\"dateModified\":\"2020-06-23T18:02:43+00:00\",\"breadcrumb\":{\"@id\":\"https:\\\/\\\/diarioprincipios.com\\\/index.php\\\/2020\\\/06\\\/23\\\/nueva-donacion-del-movimiento-obrero-regional-para-el-centro-de-aislamiento-que-funciona-en-el-sindicato-del-plastico\\\/#breadcrumb\"},\"inLanguage\":\"es\",\"potentialAction\":[{\"@type\":\"ReadAction\",\"target\":[\"https:\\\/\\\/diarioprincipios.com\\\/index.php\\\/2020\\\/06\\\/23\\\/nueva-donacion-del-movimiento-obrero-regional-para-el-centro-de-aislamiento-que-funciona-en-el-sindicato-del-plastico\\\/\"]}]},{\"@type\":\"ImageObject\",\"inLanguage\":\"es\",\"@id\":\"https:\\\/\\\/diarioprincipios.com\\\/index.php\\\/2020\\\/06\\\/23\\\/nueva-donacion-del-movimiento-obrero-regional-para-el-centro-de-aislamiento-que-funciona-en-el-sindicato-del-plastico\\\/#primaryimage\",\"url\":\"https:\\\/\\\/diarioprincipios.com\\\/wp-content\\\/uploads\\\/2020\\\/06\\\/IMG-20200623-WA0038.jpg\",\"contentUrl\":\"https:\\\/\\\/diarioprincipios.com\\\/wp-content\\\/uploads\\\/2020\\\/06\\\/IMG-20200623-WA0038.jpg\",\"width\":960,\"height\":1280},{\"@type\":\"BreadcrumbList\",\"@id\":\"https:\\\/\\\/diarioprincipios.com\\\/index.php\\\/2020\\\/06\\\/23\\\/nueva-donacion-del-movimiento-obrero-regional-para-el-centro-de-aislamiento-que-funciona-en-el-sindicato-del-plastico\\\/#breadcrumb\",\"itemListElement\":[{\"@type\":\"ListItem\",\"position\":1,\"name\":\"Portada\",\"item\":\"https:\\\/\\\/diarioprincipios.com\\\/\"},{\"@type\":\"ListItem\",\"position\":2,\"name\":\"Nueva donaci\u00f3n del Movimiento Obrero Regional para el Centro de Aislamiento que funciona en el Sindicato del Pl\u00e1stico\"}]},{\"@type\":\"WebSite\",\"@id\":\"https:\\\/\\\/diarioprincipios.com\\\/#website\",\"url\":\"https:\\\/\\\/diarioprincipios.com\\\/\",\"name\":\"Principios\",\"description\":\"Principios Diario\",\"publisher\":{\"@id\":\"https:\\\/\\\/diarioprincipios.com\\\/#organization\"},\"potentialAction\":[{\"@type\":\"SearchAction\",\"target\":{\"@type\":\"EntryPoint\",\"urlTemplate\":\"https:\\\/\\\/diarioprincipios.com\\\/?s={search_term_string}\"},\"query-input\":{\"@type\":\"PropertyValueSpecification\",\"valueRequired\":true,\"valueName\":\"search_term_string\"}}],\"inLanguage\":\"es\"},{\"@type\":\"Organization\",\"@id\":\"https:\\\/\\\/diarioprincipios.com\\\/#organization\",\"name\":\"Principios\",\"url\":\"https:\\\/\\\/diarioprincipios.com\\\/\",\"logo\":{\"@type\":\"ImageObject\",\"inLanguage\":\"es\",\"@id\":\"https:\\\/\\\/diarioprincipios.com\\\/#\\\/schema\\\/logo\\\/image\\\/\",\"url\":\"https:\\\/\\\/diarioprincipios.com\\\/wp-content\\\/uploads\\\/2024\\\/04\\\/cropped-www.diarioprincipios.com_-1.png\",\"contentUrl\":\"https:\\\/\\\/diarioprincipios.com\\\/wp-content\\\/uploads\\\/2024\\\/04\\\/cropped-www.diarioprincipios.com_-1.png\",\"width\":5325,\"height\":1454,\"caption\":\"Principios\"},\"image\":{\"@id\":\"https:\\\/\\\/diarioprincipios.com\\\/#\\\/schema\\\/logo\\\/image\\\/\"}},{\"@type\":\"Person\",\"@id\":\"https:\\\/\\\/diarioprincipios.com\\\/#\\\/schema\\\/person\\\/436d5a1fd41a5e250e23ff5a6a7cb080\",\"name\":\"Hern\u00e1n L\u00f3pez\",\"image\":{\"@type\":\"ImageObject\",\"inLanguage\":\"es\",\"@id\":\"https:\\\/\\\/diarioprincipios.com\\\/wp-content\\\/litespeed\\\/avatar\\\/11ddfe5610ff3bd100522525b2571f48.jpg?ver=1777048341\",\"url\":\"https:\\\/\\\/diarioprincipios.com\\\/wp-content\\\/litespeed\\\/avatar\\\/11ddfe5610ff3bd100522525b2571f48.jpg?ver=1777048341\",\"contentUrl\":\"https:\\\/\\\/diarioprincipios.com\\\/wp-content\\\/litespeed\\\/avatar\\\/11ddfe5610ff3bd100522525b2571f48.jpg?ver=1777048341\",\"caption\":\"Hern\u00e1n L\u00f3pez\"},\"url\":\"https:\\\/\\\/diarioprincipios.com\\\/index.php\\\/author\\\/hernan\\\/\"}]}<\/script>\n<!-- \/ Yoast SEO plugin. -->","yoast_head_json":{"title":"Nueva donaci\u00f3n del Movimiento Obrero Regional para el Centro de Aislamiento que funciona en el Sindicato del Pl\u00e1stico - Principios","robots":{"index":"index","follow":"follow","max-snippet":"max-snippet:-1","max-image-preview":"max-image-preview:large","max-video-preview":"max-video-preview:-1"},"canonical":"https:\/\/diarioprincipios.com\/index.php\/2020\/06\/23\/nueva-donacion-del-movimiento-obrero-regional-para-el-centro-de-aislamiento-que-funciona-en-el-sindicato-del-plastico\/","og_locale":"es_ES","og_type":"article","og_title":"Nueva donaci\u00f3n del Movimiento Obrero Regional para el Centro de Aislamiento que funciona en el Sindicato del Pl\u00e1stico - Principios","og_description":"El Sindicato de Maestranza, encabezado por Luis Dom\u00ednguez, realiz\u00f3 la donaci\u00f3n de 2 estaciones de carga de celulares y tablets para las personas que est\u00e1n en el Centro de Aislamiento del Sindicato del Pl\u00e1stico. Se trata de otra iniciativa del movimiento obrero organizado de la regional Quilmes para que la gente aislada tenga un mayor...","og_url":"https:\/\/diarioprincipios.com\/index.php\/2020\/06\/23\/nueva-donacion-del-movimiento-obrero-regional-para-el-centro-de-aislamiento-que-funciona-en-el-sindicato-del-plastico\/","og_site_name":"Principios","article_published_time":"2020-06-23T18:02:39+00:00","article_modified_time":"2020-06-23T18:02:43+00:00","og_image":[{"width":960,"height":1280,"url":"https:\/\/diarioprincipios.com\/wp-content\/uploads\/2020\/06\/IMG-20200623-WA0038.jpg","type":"image\/jpeg"}],"author":"Hern\u00e1n L\u00f3pez","twitter_card":"summary_large_image","twitter_misc":{"Escrito por":"Hern\u00e1n L\u00f3pez"},"schema":{"@context":"https:\/\/schema.org","@graph":[{"@type":"Article","@id":"https:\/\/diarioprincipios.com\/index.php\/2020\/06\/23\/nueva-donacion-del-movimiento-obrero-regional-para-el-centro-de-aislamiento-que-funciona-en-el-sindicato-del-plastico\/#article","isPartOf":{"@id":"https:\/\/diarioprincipios.com\/index.php\/2020\/06\/23\/nueva-donacion-del-movimiento-obrero-regional-para-el-centro-de-aislamiento-que-funciona-en-el-sindicato-del-plastico\/"},"author":{"name":"Hern\u00e1n L\u00f3pez","@id":"https:\/\/diarioprincipios.com\/#\/schema\/person\/436d5a1fd41a5e250e23ff5a6a7cb080"},"headline":"Nueva donaci\u00f3n del Movimiento Obrero Regional para el Centro de Aislamiento que funciona en el Sindicato del Pl\u00e1stico","datePublished":"2020-06-23T18:02:39+00:00","dateModified":"2020-06-23T18:02:43+00:00","mainEntityOfPage":{"@id":"https:\/\/diarioprincipios.com\/index.php\/2020\/06\/23\/nueva-donacion-del-movimiento-obrero-regional-para-el-centro-de-aislamiento-que-funciona-en-el-sindicato-del-plastico\/"},"wordCount":86,"commentCount":0,"publisher":{"@id":"https:\/\/diarioprincipios.com\/#organization"},"image":{"@id":"https:\/\/diarioprincipios.com\/index.php\/2020\/06\/23\/nueva-donacion-del-movimiento-obrero-regional-para-el-centro-de-aislamiento-que-funciona-en-el-sindicato-del-plastico\/#primaryimage"},"thumbnailUrl":"https:\/\/diarioprincipios.com\/wp-content\/uploads\/2020\/06\/IMG-20200623-WA0038.jpg","articleSection":["Quilmes"],"inLanguage":"es","potentialAction":[{"@type":"CommentAction","name":"Comment","target":["https:\/\/diarioprincipios.com\/index.php\/2020\/06\/23\/nueva-donacion-del-movimiento-obrero-regional-para-el-centro-de-aislamiento-que-funciona-en-el-sindicato-del-plastico\/#respond"]}]},{"@type":"WebPage","@id":"https:\/\/diarioprincipios.com\/index.php\/2020\/06\/23\/nueva-donacion-del-movimiento-obrero-regional-para-el-centro-de-aislamiento-que-funciona-en-el-sindicato-del-plastico\/","url":"https:\/\/diarioprincipios.com\/index.php\/2020\/06\/23\/nueva-donacion-del-movimiento-obrero-regional-para-el-centro-de-aislamiento-que-funciona-en-el-sindicato-del-plastico\/","name":"Nueva donaci\u00f3n del Movimiento Obrero Regional para el Centro de Aislamiento que funciona en el Sindicato del Pl\u00e1stico - Principios","isPartOf":{"@id":"https:\/\/diarioprincipios.com\/#website"},"primaryImageOfPage":{"@id":"https:\/\/diarioprincipios.com\/index.php\/2020\/06\/23\/nueva-donacion-del-movimiento-obrero-regional-para-el-centro-de-aislamiento-que-funciona-en-el-sindicato-del-plastico\/#primaryimage"},"image":{"@id":"https:\/\/diarioprincipios.com\/index.php\/2020\/06\/23\/nueva-donacion-del-movimiento-obrero-regional-para-el-centro-de-aislamiento-que-funciona-en-el-sindicato-del-plastico\/#primaryimage"},"thumbnailUrl":"https:\/\/diarioprincipios.com\/wp-content\/uploads\/2020\/06\/IMG-20200623-WA0038.jpg","datePublished":"2020-06-23T18:02:39+00:00","dateModified":"2020-06-23T18:02:43+00:00","breadcrumb":{"@id":"https:\/\/diarioprincipios.com\/index.php\/2020\/06\/23\/nueva-donacion-del-movimiento-obrero-regional-para-el-centro-de-aislamiento-que-funciona-en-el-sindicato-del-plastico\/#breadcrumb"},"inLanguage":"es","potentialAction":[{"@type":"ReadAction","target":["https:\/\/diarioprincipios.com\/index.php\/2020\/06\/23\/nueva-donacion-del-movimiento-obrero-regional-para-el-centro-de-aislamiento-que-funciona-en-el-sindicato-del-plastico\/"]}]},{"@type":"ImageObject","inLanguage":"es","@id":"https:\/\/diarioprincipios.com\/index.php\/2020\/06\/23\/nueva-donacion-del-movimiento-obrero-regional-para-el-centro-de-aislamiento-que-funciona-en-el-sindicato-del-plastico\/#primaryimage","url":"https:\/\/diarioprincipios.com\/wp-content\/uploads\/2020\/06\/IMG-20200623-WA0038.jpg","contentUrl":"https:\/\/diarioprincipios.com\/wp-content\/uploads\/2020\/06\/IMG-20200623-WA0038.jpg","width":960,"height":1280},{"@type":"BreadcrumbList","@id":"https:\/\/diarioprincipios.com\/index.php\/2020\/06\/23\/nueva-donacion-del-movimiento-obrero-regional-para-el-centro-de-aislamiento-que-funciona-en-el-sindicato-del-plastico\/#breadcrumb","itemListElement":[{"@type":"ListItem","position":1,"name":"Portada","item":"https:\/\/diarioprincipios.com\/"},{"@type":"ListItem","position":2,"name":"Nueva donaci\u00f3n del Movimiento Obrero Regional para el Centro de Aislamiento que funciona en el Sindicato del Pl\u00e1stico"}]},{"@type":"WebSite","@id":"https:\/\/diarioprincipios.com\/#website","url":"https:\/\/diarioprincipios.com\/","name":"Principios","description":"Principios Diario","publisher":{"@id":"https:\/\/diarioprincipios.com\/#organization"},"potentialAction":[{"@type":"SearchAction","target":{"@type":"EntryPoint","urlTemplate":"https:\/\/diarioprincipios.com\/?s={search_term_string}"},"query-input":{"@type":"PropertyValueSpecification","valueRequired":true,"valueName":"search_term_string"}}],"inLanguage":"es"},{"@type":"Organization","@id":"https:\/\/diarioprincipios.com\/#organization","name":"Principios","url":"https:\/\/diarioprincipios.com\/","logo":{"@type":"ImageObject","inLanguage":"es","@id":"https:\/\/diarioprincipios.com\/#\/schema\/logo\/image\/","url":"https:\/\/diarioprincipios.com\/wp-content\/uploads\/2024\/04\/cropped-www.diarioprincipios.com_-1.png","contentUrl":"https:\/\/diarioprincipios.com\/wp-content\/uploads\/2024\/04\/cropped-www.diarioprincipios.com_-1.png","width":5325,"height":1454,"caption":"Principios"},"image":{"@id":"https:\/\/diarioprincipios.com\/#\/schema\/logo\/image\/"}},{"@type":"Person","@id":"https:\/\/diarioprincipios.com\/#\/schema\/person\/436d5a1fd41a5e250e23ff5a6a7cb080","name":"Hern\u00e1n L\u00f3pez","image":{"@type":"ImageObject","inLanguage":"es","@id":"https:\/\/diarioprincipios.com\/wp-content\/litespeed\/avatar\/11ddfe5610ff3bd100522525b2571f48.jpg?ver=1777048341","url":"https:\/\/diarioprincipios.com\/wp-content\/litespeed\/avatar\/11ddfe5610ff3bd100522525b2571f48.jpg?ver=1777048341","contentUrl":"https:\/\/diarioprincipios.com\/wp-content\/litespeed\/avatar\/11ddfe5610ff3bd100522525b2571f48.jpg?ver=1777048341","caption":"Hern\u00e1n L\u00f3pez"},"url":"https:\/\/diarioprincipios.com\/index.php\/author\/hernan\/"}]}},"jetpack_featured_media_url":"https:\/\/diarioprincipios.com\/wp-content\/uploads\/2020\/06\/IMG-20200623-WA0038.jpg","_links":{"self":[{"href":"https:\/\/diarioprincipios.com\/index.php\/wp-json\/wp\/v2\/posts\/3264","targetHints":{"allow":["GET"]}}],"collection":[{"href":"https:\/\/diarioprincipios.com\/index.php\/wp-json\/wp\/v2\/posts"}],"about":[{"href":"https:\/\/diarioprincipios.com\/index.php\/wp-json\/wp\/v2\/types\/post"}],"author":[{"embeddable":true,"href":"https:\/\/diarioprincipios.com\/index.php\/wp-json\/wp\/v2\/users\/2"}],"replies":[{"embeddable":true,"href":"https:\/\/diarioprincipios.com\/index.php\/wp-json\/wp\/v2\/comments?post=3264"}],"version-history":[{"count":1,"href":"https:\/\/diarioprincipios.com\/index.php\/wp-json\/wp\/v2\/posts\/3264\/revisions"}],"predecessor-version":[{"id":3267,"href":"https:\/\/diarioprincipios.com\/index.php\/wp-json\/wp\/v2\/posts\/3264\/revisions\/3267"}],"wp:featuredmedia":[{"embeddable":true,"href":"https:\/\/diarioprincipios.com\/index.php\/wp-json\/wp\/v2\/media\/3266"}],"wp:attachment":[{"href":"https:\/\/diarioprincipios.com\/index.php\/wp-json\/wp\/v2\/media?parent=3264"}],"wp:term":[{"taxonomy":"category","embeddable":true,"href":"https:\/\/diarioprincipios.com\/index.php\/wp-json\/wp\/v2\/categories?post=3264"},{"taxonomy":"post_tag","embeddable":true,"href":"https:\/\/diarioprincipios.com\/index.php\/wp-json\/wp\/v2\/tags?post=3264"}],"curies":[{"name":"wp","href":"https:\/\/api.w.org\/{rel}","templated":true}]}}