{"id":3234,"date":"2020-06-22T20:26:44","date_gmt":"2020-06-22T23:26:44","guid":{"rendered":"http:\/\/diarioprincipios.com\/?p=3234"},"modified":"2020-06-22T21:30:24","modified_gmt":"2020-06-23T00:30:24","slug":"kicillof-advirtio-que-si-sigue-ritmo-de-contagio-habra-mas-restricciones-para-reducir-la-movilidad","status":"publish","type":"post","link":"https:\/\/diarioprincipios.com\/index.php\/2020\/06\/22\/kicillof-advirtio-que-si-sigue-ritmo-de-contagio-habra-mas-restricciones-para-reducir-la-movilidad\/","title":{"rendered":"Kicillof advirti\u00f3 que si sigue ritmo de contagio habr\u00e1 \u00abm\u00e1s restricciones para reducir la movilidad\u00bb"},"content":{"rendered":"\n<p>El gobernador bonaerense, Axel Kicillof, sostuvo hoy que si contin\u00faa la tendencia de aumento de contagios de coronavirus en el \u00c1rea Metropolitana Bueno Aires (AMBA) \u00aben unos d\u00edas m\u00e1s tendremos que ir a mayores restricciones r\u00e1pidamente para reducir dr\u00e1sticamente la movilidad\u00bb y afirm\u00f3 que al respecto \u00abhay acuerdo\u00bb entre Capital y Provincia.<\/p>\n\n\n\n<p>\u00abQuedamos en claro hoy en la reuni\u00f3n (en la Quinta de Olivos), lo que confirma lo hablado el viernes con (Horacio) Rodr\u00edguez Larreta en La Plata que si la tendencia sigue en crecimiento de casos vamos a tener que ir a mayores restricciones r\u00e1pidamente\u00bb, expres\u00f3 el gobernador en declaraciones a Radio Con Vos.<\/p>\n\n\n\n<p>Cont\u00f3 que en el encuentro que mantuvo con el jefe de Gobierno porte\u00f1o y el presidente Alberto Fern\u00e1ndez, \u00abdej\u00f3 en claro que cuanto antes tomemos una decisi\u00f3n mejor\u00bb.<\/p>\n\n\n\n<p>\u00abClaramente las camas de terapia intensiva se van utilizando y nadie quiere que lleguemos a una saturaci\u00f3n del sistema\u00bb, advirti\u00f3.<\/p>\n\n\n\n<p>Detall\u00f3 que cuando asumi\u00f3, \u00aben el Gran Buenos Aires hab\u00eda 2.590 camas de terapia intensiva; hoy son 3.701; aumentamos sustancialmente pero no importa el n\u00famero (de camas) si sigue creciendo (el contagio) se van agotando\u00bb.<\/p>\n\n\n\n<p>Explic\u00f3 que la mesa t\u00e9cnica conformada con autoridades sanitarias de la Ciudad de Buenos Aires se encuentra evaluando \u00abcantidad de camas, cantidad de contagios, rotaci\u00f3n de camas, grado de circulaci\u00f3n, etc\u00e9tera\u00bb.<\/p>\n\n\n\n<p>\u00abTenemos 3.701 camas de terapia intensiva y al viernes ten\u00edamos 1.950 camas ocupadas\u00bb, apunt\u00f3 el gobernador.<\/p>\n\n\n\n<p>Kicillof insisti\u00f3 que \u00abhay que reducir dr\u00e1sticamente la movilidad\u00bb y reconoci\u00f3 que la apertura de otros rubros industriales \u00abgener\u00f3 lo que vemos: que hay mayor movilidad y en algunos menos cuidados que al principio\u00bb.<\/p>\n\n\n\n<p>\u00abTenemos que retomar algo m\u00e1s estricto y vamos a evaluarlo r\u00e1pidamente para llegar a una situaci\u00f3n que se pueda ir comunicando anticipadamente e ir anticipando para que se preparen para esa etapa\u00bb.<\/p>\n\n\n\n<p>Record\u00f3 que el actual aislamiento social y obligatorio, con 5 fases seg\u00fan la cantidad de casos de Covid-19, \u00abtermina el 28 y la idea es tomar una decisi\u00f3n y poder anunciarla con antelaci\u00f3n\u00bb.<\/p>\n\n\n\n<p>Kicillof remarc\u00f3 que \u00abhay acuerdo\u00bb con el gobierno de la Ciudad de Buenos Aires para adoptar medidas m\u00e1s restrictivas ya que \u00abla preocupaci\u00f3n es igual\u00bb con respecto al aumento de casos y la capacidad de camas de terapia intensiva<\/p>\n\n\n\n<p>\u00abEn el AMBA agregamos much\u00edsimas camas de terapia intensiva pero hay un momento que no alcanza, de 2.590 pasamos a 3.701, con un esfuerzo adicional podemos extenderlo pero hay un momento que no alcanza\u00bb, dijo.<\/p>\n\n\n\n<p>Cont\u00f3 adem\u00e1s que \u00abtodos los d\u00edas\u00bb hay controles sanitarios en b\u00fasqueda activa de casos de coronavirus en varios municipios en simult\u00e1neo.<\/p>\n\n\n\n<p>Precis\u00f3 que \u00abse controlaron 229.000 personas, se detectaron casi 4 mil sospechosos y 1.000 confirmados\u00bb.<\/p>\n\n\n\n<p>\u00abHay que evitar los contagios, generar menos circulaci\u00f3n y menor movilidad, no hay otro remedio\u00bb, insisti\u00f3.<\/p>\n","protected":false},"excerpt":{"rendered":"<p>El gobernador bonaerense, Axel Kicillof, sostuvo hoy que si contin\u00faa la tendencia de aumento de contagios de coronavirus en el \u00c1rea Metropolitana Bueno Aires (AMBA) \u00aben unos d\u00edas m\u00e1s tendremos que ir a mayores restricciones r\u00e1pidamente para reducir dr\u00e1sticamente la movilidad\u00bb y afirm\u00f3 que al respecto \u00abhay acuerdo\u00bb entre Capital y Provincia. \u00abQuedamos en claro&#8230;<\/p>\n","protected":false},"author":2,"featured_media":3237,"comment_status":"open","ping_status":"open","sticky":false,"template":"","format":"standard","meta":{"footnotes":""},"categories":[7],"tags":[],"class_list":["post-3234","post","type-post","status-publish","format-standard","has-post-thumbnail","hentry","category-provincia"],"featured_image_src":"https:\/\/diarioprincipios.com\/wp-content\/uploads\/2020\/06\/0037367804.jpg","blog_images":{"medium":"https:\/\/diarioprincipios.com\/wp-content\/uploads\/2020\/06\/0037367804-300x225.jpg","large":"https:\/\/diarioprincipios.com\/wp-content\/uploads\/2020\/06\/0037367804.jpg"},"ams_acf":[],"yoast_head":"<!-- This site is optimized with the Yoast SEO plugin v27.3 - https:\/\/yoast.com\/product\/yoast-seo-wordpress\/ -->\n<title>Kicillof advirti\u00f3 que si sigue ritmo de contagio habr\u00e1 &quot;m\u00e1s restricciones para reducir la movilidad&quot; - Principios<\/title>\n<meta name=\"robots\" content=\"index, follow, max-snippet:-1, max-image-preview:large, max-video-preview:-1\" \/>\n<link rel=\"canonical\" href=\"https:\/\/diarioprincipios.com\/index.php\/2020\/06\/22\/kicillof-advirtio-que-si-sigue-ritmo-de-contagio-habra-mas-restricciones-para-reducir-la-movilidad\/\" \/>\n<meta property=\"og:locale\" content=\"es_ES\" \/>\n<meta property=\"og:type\" content=\"article\" \/>\n<meta property=\"og:title\" content=\"Kicillof advirti\u00f3 que si sigue ritmo de contagio habr\u00e1 &quot;m\u00e1s restricciones para reducir la movilidad&quot; - Principios\" \/>\n<meta property=\"og:description\" content=\"El gobernador bonaerense, Axel Kicillof, sostuvo hoy que si contin\u00faa la tendencia de aumento de contagios de coronavirus en el \u00c1rea Metropolitana Bueno Aires (AMBA) \u00aben unos d\u00edas m\u00e1s tendremos que ir a mayores restricciones r\u00e1pidamente para reducir dr\u00e1sticamente la movilidad\u00bb y afirm\u00f3 que al respecto \u00abhay acuerdo\u00bb entre Capital y Provincia. \u00abQuedamos en claro...\" \/>\n<meta property=\"og:url\" content=\"https:\/\/diarioprincipios.com\/index.php\/2020\/06\/22\/kicillof-advirtio-que-si-sigue-ritmo-de-contagio-habra-mas-restricciones-para-reducir-la-movilidad\/\" \/>\n<meta property=\"og:site_name\" content=\"Principios\" \/>\n<meta property=\"article:published_time\" content=\"2020-06-22T23:26:44+00:00\" \/>\n<meta property=\"article:modified_time\" content=\"2020-06-23T00:30:24+00:00\" \/>\n<meta property=\"og:image\" content=\"https:\/\/diarioprincipios.com\/wp-content\/uploads\/2020\/06\/0037367804.jpg\" \/>\n\t<meta property=\"og:image:width\" content=\"540\" \/>\n\t<meta property=\"og:image:height\" content=\"405\" \/>\n\t<meta property=\"og:image:type\" content=\"image\/jpeg\" \/>\n<meta name=\"author\" content=\"Hern\u00e1n L\u00f3pez\" \/>\n<meta name=\"twitter:card\" content=\"summary_large_image\" \/>\n<meta name=\"twitter:label1\" content=\"Escrito por\" \/>\n\t<meta name=\"twitter:data1\" content=\"Hern\u00e1n L\u00f3pez\" \/>\n\t<meta name=\"twitter:label2\" content=\"Tiempo de lectura\" \/>\n\t<meta name=\"twitter:data2\" content=\"2 minutos\" \/>\n<script type=\"application\/ld+json\" class=\"yoast-schema-graph\">{\"@context\":\"https:\\\/\\\/schema.org\",\"@graph\":[{\"@type\":\"Article\",\"@id\":\"https:\\\/\\\/diarioprincipios.com\\\/index.php\\\/2020\\\/06\\\/22\\\/kicillof-advirtio-que-si-sigue-ritmo-de-contagio-habra-mas-restricciones-para-reducir-la-movilidad\\\/#article\",\"isPartOf\":{\"@id\":\"https:\\\/\\\/diarioprincipios.com\\\/index.php\\\/2020\\\/06\\\/22\\\/kicillof-advirtio-que-si-sigue-ritmo-de-contagio-habra-mas-restricciones-para-reducir-la-movilidad\\\/\"},\"author\":{\"name\":\"Hern\u00e1n L\u00f3pez\",\"@id\":\"https:\\\/\\\/diarioprincipios.com\\\/#\\\/schema\\\/person\\\/436d5a1fd41a5e250e23ff5a6a7cb080\"},\"headline\":\"Kicillof advirti\u00f3 que si sigue ritmo de contagio habr\u00e1 \u00abm\u00e1s restricciones para reducir la movilidad\u00bb\",\"datePublished\":\"2020-06-22T23:26:44+00:00\",\"dateModified\":\"2020-06-23T00:30:24+00:00\",\"mainEntityOfPage\":{\"@id\":\"https:\\\/\\\/diarioprincipios.com\\\/index.php\\\/2020\\\/06\\\/22\\\/kicillof-advirtio-que-si-sigue-ritmo-de-contagio-habra-mas-restricciones-para-reducir-la-movilidad\\\/\"},\"wordCount\":499,\"commentCount\":0,\"publisher\":{\"@id\":\"https:\\\/\\\/diarioprincipios.com\\\/#organization\"},\"image\":{\"@id\":\"https:\\\/\\\/diarioprincipios.com\\\/index.php\\\/2020\\\/06\\\/22\\\/kicillof-advirtio-que-si-sigue-ritmo-de-contagio-habra-mas-restricciones-para-reducir-la-movilidad\\\/#primaryimage\"},\"thumbnailUrl\":\"https:\\\/\\\/diarioprincipios.com\\\/wp-content\\\/uploads\\\/2020\\\/06\\\/0037367804.jpg\",\"articleSection\":[\"Provincia\"],\"inLanguage\":\"es\",\"potentialAction\":[{\"@type\":\"CommentAction\",\"name\":\"Comment\",\"target\":[\"https:\\\/\\\/diarioprincipios.com\\\/index.php\\\/2020\\\/06\\\/22\\\/kicillof-advirtio-que-si-sigue-ritmo-de-contagio-habra-mas-restricciones-para-reducir-la-movilidad\\\/#respond\"]}]},{\"@type\":\"WebPage\",\"@id\":\"https:\\\/\\\/diarioprincipios.com\\\/index.php\\\/2020\\\/06\\\/22\\\/kicillof-advirtio-que-si-sigue-ritmo-de-contagio-habra-mas-restricciones-para-reducir-la-movilidad\\\/\",\"url\":\"https:\\\/\\\/diarioprincipios.com\\\/index.php\\\/2020\\\/06\\\/22\\\/kicillof-advirtio-que-si-sigue-ritmo-de-contagio-habra-mas-restricciones-para-reducir-la-movilidad\\\/\",\"name\":\"Kicillof advirti\u00f3 que si sigue ritmo de contagio habr\u00e1 \\\"m\u00e1s restricciones para reducir la movilidad\\\" - Principios\",\"isPartOf\":{\"@id\":\"https:\\\/\\\/diarioprincipios.com\\\/#website\"},\"primaryImageOfPage\":{\"@id\":\"https:\\\/\\\/diarioprincipios.com\\\/index.php\\\/2020\\\/06\\\/22\\\/kicillof-advirtio-que-si-sigue-ritmo-de-contagio-habra-mas-restricciones-para-reducir-la-movilidad\\\/#primaryimage\"},\"image\":{\"@id\":\"https:\\\/\\\/diarioprincipios.com\\\/index.php\\\/2020\\\/06\\\/22\\\/kicillof-advirtio-que-si-sigue-ritmo-de-contagio-habra-mas-restricciones-para-reducir-la-movilidad\\\/#primaryimage\"},\"thumbnailUrl\":\"https:\\\/\\\/diarioprincipios.com\\\/wp-content\\\/uploads\\\/2020\\\/06\\\/0037367804.jpg\",\"datePublished\":\"2020-06-22T23:26:44+00:00\",\"dateModified\":\"2020-06-23T00:30:24+00:00\",\"breadcrumb\":{\"@id\":\"https:\\\/\\\/diarioprincipios.com\\\/index.php\\\/2020\\\/06\\\/22\\\/kicillof-advirtio-que-si-sigue-ritmo-de-contagio-habra-mas-restricciones-para-reducir-la-movilidad\\\/#breadcrumb\"},\"inLanguage\":\"es\",\"potentialAction\":[{\"@type\":\"ReadAction\",\"target\":[\"https:\\\/\\\/diarioprincipios.com\\\/index.php\\\/2020\\\/06\\\/22\\\/kicillof-advirtio-que-si-sigue-ritmo-de-contagio-habra-mas-restricciones-para-reducir-la-movilidad\\\/\"]}]},{\"@type\":\"ImageObject\",\"inLanguage\":\"es\",\"@id\":\"https:\\\/\\\/diarioprincipios.com\\\/index.php\\\/2020\\\/06\\\/22\\\/kicillof-advirtio-que-si-sigue-ritmo-de-contagio-habra-mas-restricciones-para-reducir-la-movilidad\\\/#primaryimage\",\"url\":\"https:\\\/\\\/diarioprincipios.com\\\/wp-content\\\/uploads\\\/2020\\\/06\\\/0037367804.jpg\",\"contentUrl\":\"https:\\\/\\\/diarioprincipios.com\\\/wp-content\\\/uploads\\\/2020\\\/06\\\/0037367804.jpg\",\"width\":540,\"height\":405},{\"@type\":\"BreadcrumbList\",\"@id\":\"https:\\\/\\\/diarioprincipios.com\\\/index.php\\\/2020\\\/06\\\/22\\\/kicillof-advirtio-que-si-sigue-ritmo-de-contagio-habra-mas-restricciones-para-reducir-la-movilidad\\\/#breadcrumb\",\"itemListElement\":[{\"@type\":\"ListItem\",\"position\":1,\"name\":\"Portada\",\"item\":\"https:\\\/\\\/diarioprincipios.com\\\/\"},{\"@type\":\"ListItem\",\"position\":2,\"name\":\"Kicillof advirti\u00f3 que si sigue ritmo de contagio habr\u00e1 \u00abm\u00e1s restricciones para reducir la movilidad\u00bb\"}]},{\"@type\":\"WebSite\",\"@id\":\"https:\\\/\\\/diarioprincipios.com\\\/#website\",\"url\":\"https:\\\/\\\/diarioprincipios.com\\\/\",\"name\":\"Principios\",\"description\":\"Principios Diario\",\"publisher\":{\"@id\":\"https:\\\/\\\/diarioprincipios.com\\\/#organization\"},\"potentialAction\":[{\"@type\":\"SearchAction\",\"target\":{\"@type\":\"EntryPoint\",\"urlTemplate\":\"https:\\\/\\\/diarioprincipios.com\\\/?s={search_term_string}\"},\"query-input\":{\"@type\":\"PropertyValueSpecification\",\"valueRequired\":true,\"valueName\":\"search_term_string\"}}],\"inLanguage\":\"es\"},{\"@type\":\"Organization\",\"@id\":\"https:\\\/\\\/diarioprincipios.com\\\/#organization\",\"name\":\"Principios\",\"url\":\"https:\\\/\\\/diarioprincipios.com\\\/\",\"logo\":{\"@type\":\"ImageObject\",\"inLanguage\":\"es\",\"@id\":\"https:\\\/\\\/diarioprincipios.com\\\/#\\\/schema\\\/logo\\\/image\\\/\",\"url\":\"https:\\\/\\\/diarioprincipios.com\\\/wp-content\\\/uploads\\\/2024\\\/04\\\/cropped-www.diarioprincipios.com_-1.png\",\"contentUrl\":\"https:\\\/\\\/diarioprincipios.com\\\/wp-content\\\/uploads\\\/2024\\\/04\\\/cropped-www.diarioprincipios.com_-1.png\",\"width\":5325,\"height\":1454,\"caption\":\"Principios\"},\"image\":{\"@id\":\"https:\\\/\\\/diarioprincipios.com\\\/#\\\/schema\\\/logo\\\/image\\\/\"}},{\"@type\":\"Person\",\"@id\":\"https:\\\/\\\/diarioprincipios.com\\\/#\\\/schema\\\/person\\\/436d5a1fd41a5e250e23ff5a6a7cb080\",\"name\":\"Hern\u00e1n L\u00f3pez\",\"image\":{\"@type\":\"ImageObject\",\"inLanguage\":\"es\",\"@id\":\"https:\\\/\\\/diarioprincipios.com\\\/wp-content\\\/litespeed\\\/avatar\\\/11ddfe5610ff3bd100522525b2571f48.jpg?ver=1777048341\",\"url\":\"https:\\\/\\\/diarioprincipios.com\\\/wp-content\\\/litespeed\\\/avatar\\\/11ddfe5610ff3bd100522525b2571f48.jpg?ver=1777048341\",\"contentUrl\":\"https:\\\/\\\/diarioprincipios.com\\\/wp-content\\\/litespeed\\\/avatar\\\/11ddfe5610ff3bd100522525b2571f48.jpg?ver=1777048341\",\"caption\":\"Hern\u00e1n L\u00f3pez\"},\"url\":\"https:\\\/\\\/diarioprincipios.com\\\/index.php\\\/author\\\/hernan\\\/\"}]}<\/script>\n<!-- \/ Yoast SEO plugin. -->","yoast_head_json":{"title":"Kicillof advirti\u00f3 que si sigue ritmo de contagio habr\u00e1 \"m\u00e1s restricciones para reducir la movilidad\" - Principios","robots":{"index":"index","follow":"follow","max-snippet":"max-snippet:-1","max-image-preview":"max-image-preview:large","max-video-preview":"max-video-preview:-1"},"canonical":"https:\/\/diarioprincipios.com\/index.php\/2020\/06\/22\/kicillof-advirtio-que-si-sigue-ritmo-de-contagio-habra-mas-restricciones-para-reducir-la-movilidad\/","og_locale":"es_ES","og_type":"article","og_title":"Kicillof advirti\u00f3 que si sigue ritmo de contagio habr\u00e1 \"m\u00e1s restricciones para reducir la movilidad\" - Principios","og_description":"El gobernador bonaerense, Axel Kicillof, sostuvo hoy que si contin\u00faa la tendencia de aumento de contagios de coronavirus en el \u00c1rea Metropolitana Bueno Aires (AMBA) \u00aben unos d\u00edas m\u00e1s tendremos que ir a mayores restricciones r\u00e1pidamente para reducir dr\u00e1sticamente la movilidad\u00bb y afirm\u00f3 que al respecto \u00abhay acuerdo\u00bb entre Capital y Provincia. \u00abQuedamos en claro...","og_url":"https:\/\/diarioprincipios.com\/index.php\/2020\/06\/22\/kicillof-advirtio-que-si-sigue-ritmo-de-contagio-habra-mas-restricciones-para-reducir-la-movilidad\/","og_site_name":"Principios","article_published_time":"2020-06-22T23:26:44+00:00","article_modified_time":"2020-06-23T00:30:24+00:00","og_image":[{"width":540,"height":405,"url":"https:\/\/diarioprincipios.com\/wp-content\/uploads\/2020\/06\/0037367804.jpg","type":"image\/jpeg"}],"author":"Hern\u00e1n L\u00f3pez","twitter_card":"summary_large_image","twitter_misc":{"Escrito por":"Hern\u00e1n L\u00f3pez","Tiempo de lectura":"2 minutos"},"schema":{"@context":"https:\/\/schema.org","@graph":[{"@type":"Article","@id":"https:\/\/diarioprincipios.com\/index.php\/2020\/06\/22\/kicillof-advirtio-que-si-sigue-ritmo-de-contagio-habra-mas-restricciones-para-reducir-la-movilidad\/#article","isPartOf":{"@id":"https:\/\/diarioprincipios.com\/index.php\/2020\/06\/22\/kicillof-advirtio-que-si-sigue-ritmo-de-contagio-habra-mas-restricciones-para-reducir-la-movilidad\/"},"author":{"name":"Hern\u00e1n L\u00f3pez","@id":"https:\/\/diarioprincipios.com\/#\/schema\/person\/436d5a1fd41a5e250e23ff5a6a7cb080"},"headline":"Kicillof advirti\u00f3 que si sigue ritmo de contagio habr\u00e1 \u00abm\u00e1s restricciones para reducir la movilidad\u00bb","datePublished":"2020-06-22T23:26:44+00:00","dateModified":"2020-06-23T00:30:24+00:00","mainEntityOfPage":{"@id":"https:\/\/diarioprincipios.com\/index.php\/2020\/06\/22\/kicillof-advirtio-que-si-sigue-ritmo-de-contagio-habra-mas-restricciones-para-reducir-la-movilidad\/"},"wordCount":499,"commentCount":0,"publisher":{"@id":"https:\/\/diarioprincipios.com\/#organization"},"image":{"@id":"https:\/\/diarioprincipios.com\/index.php\/2020\/06\/22\/kicillof-advirtio-que-si-sigue-ritmo-de-contagio-habra-mas-restricciones-para-reducir-la-movilidad\/#primaryimage"},"thumbnailUrl":"https:\/\/diarioprincipios.com\/wp-content\/uploads\/2020\/06\/0037367804.jpg","articleSection":["Provincia"],"inLanguage":"es","potentialAction":[{"@type":"CommentAction","name":"Comment","target":["https:\/\/diarioprincipios.com\/index.php\/2020\/06\/22\/kicillof-advirtio-que-si-sigue-ritmo-de-contagio-habra-mas-restricciones-para-reducir-la-movilidad\/#respond"]}]},{"@type":"WebPage","@id":"https:\/\/diarioprincipios.com\/index.php\/2020\/06\/22\/kicillof-advirtio-que-si-sigue-ritmo-de-contagio-habra-mas-restricciones-para-reducir-la-movilidad\/","url":"https:\/\/diarioprincipios.com\/index.php\/2020\/06\/22\/kicillof-advirtio-que-si-sigue-ritmo-de-contagio-habra-mas-restricciones-para-reducir-la-movilidad\/","name":"Kicillof advirti\u00f3 que si sigue ritmo de contagio habr\u00e1 \"m\u00e1s restricciones para reducir la movilidad\" - Principios","isPartOf":{"@id":"https:\/\/diarioprincipios.com\/#website"},"primaryImageOfPage":{"@id":"https:\/\/diarioprincipios.com\/index.php\/2020\/06\/22\/kicillof-advirtio-que-si-sigue-ritmo-de-contagio-habra-mas-restricciones-para-reducir-la-movilidad\/#primaryimage"},"image":{"@id":"https:\/\/diarioprincipios.com\/index.php\/2020\/06\/22\/kicillof-advirtio-que-si-sigue-ritmo-de-contagio-habra-mas-restricciones-para-reducir-la-movilidad\/#primaryimage"},"thumbnailUrl":"https:\/\/diarioprincipios.com\/wp-content\/uploads\/2020\/06\/0037367804.jpg","datePublished":"2020-06-22T23:26:44+00:00","dateModified":"2020-06-23T00:30:24+00:00","breadcrumb":{"@id":"https:\/\/diarioprincipios.com\/index.php\/2020\/06\/22\/kicillof-advirtio-que-si-sigue-ritmo-de-contagio-habra-mas-restricciones-para-reducir-la-movilidad\/#breadcrumb"},"inLanguage":"es","potentialAction":[{"@type":"ReadAction","target":["https:\/\/diarioprincipios.com\/index.php\/2020\/06\/22\/kicillof-advirtio-que-si-sigue-ritmo-de-contagio-habra-mas-restricciones-para-reducir-la-movilidad\/"]}]},{"@type":"ImageObject","inLanguage":"es","@id":"https:\/\/diarioprincipios.com\/index.php\/2020\/06\/22\/kicillof-advirtio-que-si-sigue-ritmo-de-contagio-habra-mas-restricciones-para-reducir-la-movilidad\/#primaryimage","url":"https:\/\/diarioprincipios.com\/wp-content\/uploads\/2020\/06\/0037367804.jpg","contentUrl":"https:\/\/diarioprincipios.com\/wp-content\/uploads\/2020\/06\/0037367804.jpg","width":540,"height":405},{"@type":"BreadcrumbList","@id":"https:\/\/diarioprincipios.com\/index.php\/2020\/06\/22\/kicillof-advirtio-que-si-sigue-ritmo-de-contagio-habra-mas-restricciones-para-reducir-la-movilidad\/#breadcrumb","itemListElement":[{"@type":"ListItem","position":1,"name":"Portada","item":"https:\/\/diarioprincipios.com\/"},{"@type":"ListItem","position":2,"name":"Kicillof advirti\u00f3 que si sigue ritmo de contagio habr\u00e1 \u00abm\u00e1s restricciones para reducir la movilidad\u00bb"}]},{"@type":"WebSite","@id":"https:\/\/diarioprincipios.com\/#website","url":"https:\/\/diarioprincipios.com\/","name":"Principios","description":"Principios Diario","publisher":{"@id":"https:\/\/diarioprincipios.com\/#organization"},"potentialAction":[{"@type":"SearchAction","target":{"@type":"EntryPoint","urlTemplate":"https:\/\/diarioprincipios.com\/?s={search_term_string}"},"query-input":{"@type":"PropertyValueSpecification","valueRequired":true,"valueName":"search_term_string"}}],"inLanguage":"es"},{"@type":"Organization","@id":"https:\/\/diarioprincipios.com\/#organization","name":"Principios","url":"https:\/\/diarioprincipios.com\/","logo":{"@type":"ImageObject","inLanguage":"es","@id":"https:\/\/diarioprincipios.com\/#\/schema\/logo\/image\/","url":"https:\/\/diarioprincipios.com\/wp-content\/uploads\/2024\/04\/cropped-www.diarioprincipios.com_-1.png","contentUrl":"https:\/\/diarioprincipios.com\/wp-content\/uploads\/2024\/04\/cropped-www.diarioprincipios.com_-1.png","width":5325,"height":1454,"caption":"Principios"},"image":{"@id":"https:\/\/diarioprincipios.com\/#\/schema\/logo\/image\/"}},{"@type":"Person","@id":"https:\/\/diarioprincipios.com\/#\/schema\/person\/436d5a1fd41a5e250e23ff5a6a7cb080","name":"Hern\u00e1n L\u00f3pez","image":{"@type":"ImageObject","inLanguage":"es","@id":"https:\/\/diarioprincipios.com\/wp-content\/litespeed\/avatar\/11ddfe5610ff3bd100522525b2571f48.jpg?ver=1777048341","url":"https:\/\/diarioprincipios.com\/wp-content\/litespeed\/avatar\/11ddfe5610ff3bd100522525b2571f48.jpg?ver=1777048341","contentUrl":"https:\/\/diarioprincipios.com\/wp-content\/litespeed\/avatar\/11ddfe5610ff3bd100522525b2571f48.jpg?ver=1777048341","caption":"Hern\u00e1n L\u00f3pez"},"url":"https:\/\/diarioprincipios.com\/index.php\/author\/hernan\/"}]}},"jetpack_featured_media_url":"https:\/\/diarioprincipios.com\/wp-content\/uploads\/2020\/06\/0037367804.jpg","_links":{"self":[{"href":"https:\/\/diarioprincipios.com\/index.php\/wp-json\/wp\/v2\/posts\/3234","targetHints":{"allow":["GET"]}}],"collection":[{"href":"https:\/\/diarioprincipios.com\/index.php\/wp-json\/wp\/v2\/posts"}],"about":[{"href":"https:\/\/diarioprincipios.com\/index.php\/wp-json\/wp\/v2\/types\/post"}],"author":[{"embeddable":true,"href":"https:\/\/diarioprincipios.com\/index.php\/wp-json\/wp\/v2\/users\/2"}],"replies":[{"embeddable":true,"href":"https:\/\/diarioprincipios.com\/index.php\/wp-json\/wp\/v2\/comments?post=3234"}],"version-history":[{"count":1,"href":"https:\/\/diarioprincipios.com\/index.php\/wp-json\/wp\/v2\/posts\/3234\/revisions"}],"predecessor-version":[{"id":3236,"href":"https:\/\/diarioprincipios.com\/index.php\/wp-json\/wp\/v2\/posts\/3234\/revisions\/3236"}],"wp:featuredmedia":[{"embeddable":true,"href":"https:\/\/diarioprincipios.com\/index.php\/wp-json\/wp\/v2\/media\/3237"}],"wp:attachment":[{"href":"https:\/\/diarioprincipios.com\/index.php\/wp-json\/wp\/v2\/media?parent=3234"}],"wp:term":[{"taxonomy":"category","embeddable":true,"href":"https:\/\/diarioprincipios.com\/index.php\/wp-json\/wp\/v2\/categories?post=3234"},{"taxonomy":"post_tag","embeddable":true,"href":"https:\/\/diarioprincipios.com\/index.php\/wp-json\/wp\/v2\/tags?post=3234"}],"curies":[{"name":"wp","href":"https:\/\/api.w.org\/{rel}","templated":true}]}}