{"id":3206,"date":"2020-06-22T14:10:50","date_gmt":"2020-06-22T17:10:50","guid":{"rendered":"http:\/\/diarioprincipios.com\/?p=3206"},"modified":"2020-06-22T14:10:54","modified_gmt":"2020-06-22T17:10:54","slug":"mussi-y-kicillof-inauguraron-el-nuevo-sector-de-emergencia-y-uti-del-hospital-evita-pueblo","status":"publish","type":"post","link":"https:\/\/diarioprincipios.com\/index.php\/2020\/06\/22\/mussi-y-kicillof-inauguraron-el-nuevo-sector-de-emergencia-y-uti-del-hospital-evita-pueblo\/","title":{"rendered":"Mussi y Kicillof inauguraron el nuevo sector de emergencia y UTI del Hospital Evita Pueblo"},"content":{"rendered":"\n<p>El gobernador de la provincia de Buenos Aires, Axel Kicillof, junto al intendente de Berazategui, Juan Jos\u00e9 Mussi, y el ministro de Salud bonaerense, Daniel Gollan, inauguraron hoy el nuevo sector de emergencia y la unidad de terapia intensiva (UTI) del Hospital Provincial Evita Pueblo de Berazategui.<\/p>\n\n\n\n<figure class=\"wp-block-image size-large\"><img loading=\"lazy\" decoding=\"async\" width=\"1024\" height=\"683\" src=\"https:\/\/diarioprincipios.com\/wp-content\/uploads\/2020\/06\/FB_IMG_1592845289380-1024x683.jpg\" alt=\"\" class=\"wp-image-3208\" srcset=\"https:\/\/diarioprincipios.com\/wp-content\/uploads\/2020\/06\/FB_IMG_1592845289380-1024x683.jpg 1024w, https:\/\/diarioprincipios.com\/wp-content\/uploads\/2020\/06\/FB_IMG_1592845289380-300x200.jpg 300w, https:\/\/diarioprincipios.com\/wp-content\/uploads\/2020\/06\/FB_IMG_1592845289380-768x512.jpg 768w, https:\/\/diarioprincipios.com\/wp-content\/uploads\/2020\/06\/FB_IMG_1592845289380.jpg 1080w\" sizes=\"auto, (max-width: 1024px) 100vw, 1024px\" \/><\/figure>\n\n\n\n<p>\u201cLo que necesitaban los vecinos y vecinas de Berazategui no estaba funcionando, decidimos abrir las instalaciones del servicio de emergencia y ponerlas en valor, el contexto de la pandemia le dio adem\u00e1s otra importancia\u201d, sostuvo Kicillof  luego de la recorrida por las nuevas salas, de la que tambi\u00e9n participaron el viceministro de Salud, Nicol\u00e1s Kreplak, y el director Ejecutivo del Hospital Evita Pueblo, Juan Marini.<\/p>\n\n\n\n<figure class=\"wp-block-image size-large\"><img loading=\"lazy\" decoding=\"async\" width=\"789\" height=\"1024\" src=\"https:\/\/diarioprincipios.com\/wp-content\/uploads\/2020\/06\/FB_IMG_1592845312285-789x1024.jpg\" alt=\"\" class=\"wp-image-3209\" srcset=\"https:\/\/diarioprincipios.com\/wp-content\/uploads\/2020\/06\/FB_IMG_1592845312285-789x1024.jpg 789w, https:\/\/diarioprincipios.com\/wp-content\/uploads\/2020\/06\/FB_IMG_1592845312285-231x300.jpg 231w, https:\/\/diarioprincipios.com\/wp-content\/uploads\/2020\/06\/FB_IMG_1592845312285-768x997.jpg 768w, https:\/\/diarioprincipios.com\/wp-content\/uploads\/2020\/06\/FB_IMG_1592845312285.jpg 986w\" sizes=\"auto, (max-width: 789px) 100vw, 789px\" \/><\/figure>\n\n\n\n<p>El gobernador sostuvo que: \u201cHoy estamos inaugurando 32 camas para COVID frente a esta emergencia, en un lugar donde antes hab\u00eda 8 camas, el pueblo de Berazategui, el personal del hospital y su director se lo merec\u00edan\u201d.<\/p>\n\n\n\n<p>El nuevo sector de emergencias cuenta con 16 camas de terapia intensiva, tres shock rooms y un \u00e1rea de aislamiento para casos contagiosos.<\/p>\n\n\n\n<figure class=\"wp-block-image size-large\"><img loading=\"lazy\" decoding=\"async\" width=\"1024\" height=\"683\" src=\"https:\/\/diarioprincipios.com\/wp-content\/uploads\/2020\/06\/FB_IMG_1592845299461-1024x683.jpg\" alt=\"\" class=\"wp-image-3210\" srcset=\"https:\/\/diarioprincipios.com\/wp-content\/uploads\/2020\/06\/FB_IMG_1592845299461-1024x683.jpg 1024w, https:\/\/diarioprincipios.com\/wp-content\/uploads\/2020\/06\/FB_IMG_1592845299461-300x200.jpg 300w, https:\/\/diarioprincipios.com\/wp-content\/uploads\/2020\/06\/FB_IMG_1592845299461-768x512.jpg 768w, https:\/\/diarioprincipios.com\/wp-content\/uploads\/2020\/06\/FB_IMG_1592845299461.jpg 1080w\" sizes=\"auto, (max-width: 1024px) 100vw, 1024px\" \/><\/figure>\n\n\n\n<p>Por su parte, el intendente Mussi record\u00f3 que el sector \u201cestuvo cerrado durante cuatro a\u00f1os, la obra comenz\u00f3 hace dos a\u00f1os y no se termin\u00f3, y la gente encontraba una pared para llegar a la guardia. En cuatro meses la Provincia hizo posible que hoy estemos inaugur\u00e1ndola\u201d.<\/p>\n\n\n\n<figure class=\"wp-block-image size-large\"><img loading=\"lazy\" decoding=\"async\" width=\"1024\" height=\"683\" src=\"https:\/\/diarioprincipios.com\/wp-content\/uploads\/2020\/06\/FB_IMG_1592845307028-1024x683.jpg\" alt=\"\" class=\"wp-image-3212\" srcset=\"https:\/\/diarioprincipios.com\/wp-content\/uploads\/2020\/06\/FB_IMG_1592845307028-1024x683.jpg 1024w, https:\/\/diarioprincipios.com\/wp-content\/uploads\/2020\/06\/FB_IMG_1592845307028-300x200.jpg 300w, https:\/\/diarioprincipios.com\/wp-content\/uploads\/2020\/06\/FB_IMG_1592845307028-768x512.jpg 768w, https:\/\/diarioprincipios.com\/wp-content\/uploads\/2020\/06\/FB_IMG_1592845307028.jpg 1080w\" sizes=\"auto, (max-width: 1024px) 100vw, 1024px\" \/><\/figure>\n\n\n\n<p>El nuevo sector de emergencia permitir\u00e1, adem\u00e1s, desarrollar la residencia de m\u00e9dicos emergent\u00f3logos. El Hospital provincial Evita Pueblo es interzonal y all\u00ed trabajan 900 personas que atienden 216 mil consultas al a\u00f1o.<\/p>\n\n\n\n<figure class=\"wp-block-image size-large\"><img loading=\"lazy\" decoding=\"async\" width=\"1024\" height=\"683\" src=\"https:\/\/diarioprincipios.com\/wp-content\/uploads\/2020\/06\/FB_IMG_1592845293269-1024x683.jpg\" alt=\"\" class=\"wp-image-3211\" srcset=\"https:\/\/diarioprincipios.com\/wp-content\/uploads\/2020\/06\/FB_IMG_1592845293269-1024x683.jpg 1024w, https:\/\/diarioprincipios.com\/wp-content\/uploads\/2020\/06\/FB_IMG_1592845293269-300x200.jpg 300w, https:\/\/diarioprincipios.com\/wp-content\/uploads\/2020\/06\/FB_IMG_1592845293269-768x512.jpg 768w, https:\/\/diarioprincipios.com\/wp-content\/uploads\/2020\/06\/FB_IMG_1592845293269.jpg 1080w\" sizes=\"auto, (max-width: 1024px) 100vw, 1024px\" \/><\/figure>\n\n\n\n<p>La obra del nuevo espacio hab\u00eda comenzado en mayo de 2016, pero fue totalmente paralizada, y se reinici\u00f3 en febrero de este a\u00f1o. Adem\u00e1s, la Provincia lleva entregados en Berazategui 20 respiradores, 20 camas de terapia, 20 monitores multiparam\u00e9tricos, 12 bombas de infusi\u00f3n y 10 camas ortop\u00e9dicas, entre otros insumos.<\/p>\n","protected":false},"excerpt":{"rendered":"<p>El gobernador de la provincia de Buenos Aires, Axel Kicillof, junto al intendente de Berazategui, Juan Jos\u00e9 Mussi, y el ministro de Salud bonaerense, Daniel Gollan, inauguraron hoy el nuevo sector de emergencia y la unidad de terapia intensiva (UTI) del Hospital Provincial Evita Pueblo de Berazategui. \u201cLo que necesitaban los vecinos y vecinas de&#8230;<\/p>\n","protected":false},"author":2,"featured_media":3207,"comment_status":"open","ping_status":"open","sticky":false,"template":"","format":"standard","meta":{"footnotes":""},"categories":[3],"tags":[],"class_list":["post-3206","post","type-post","status-publish","format-standard","has-post-thumbnail","hentry","category-berazategui"],"featured_image_src":"https:\/\/diarioprincipios.com\/wp-content\/uploads\/2020\/06\/FB_IMG_1592845284437-1024x683.jpg","blog_images":{"medium":"https:\/\/diarioprincipios.com\/wp-content\/uploads\/2020\/06\/FB_IMG_1592845284437-300x200.jpg","large":"https:\/\/diarioprincipios.com\/wp-content\/uploads\/2020\/06\/FB_IMG_1592845284437-1024x683.jpg"},"ams_acf":[],"yoast_head":"<!-- This site is optimized with the Yoast SEO plugin v27.3 - https:\/\/yoast.com\/product\/yoast-seo-wordpress\/ -->\n<title>Mussi y Kicillof inauguraron el nuevo sector de emergencia y UTI del Hospital Evita Pueblo - Principios<\/title>\n<meta name=\"robots\" content=\"index, follow, max-snippet:-1, max-image-preview:large, max-video-preview:-1\" \/>\n<link rel=\"canonical\" href=\"https:\/\/diarioprincipios.com\/index.php\/2020\/06\/22\/mussi-y-kicillof-inauguraron-el-nuevo-sector-de-emergencia-y-uti-del-hospital-evita-pueblo\/\" \/>\n<meta property=\"og:locale\" content=\"es_ES\" \/>\n<meta property=\"og:type\" content=\"article\" \/>\n<meta property=\"og:title\" content=\"Mussi y Kicillof inauguraron el nuevo sector de emergencia y UTI del Hospital Evita Pueblo - Principios\" \/>\n<meta property=\"og:description\" content=\"El gobernador de la provincia de Buenos Aires, Axel Kicillof, junto al intendente de Berazategui, Juan Jos\u00e9 Mussi, y el ministro de Salud bonaerense, Daniel Gollan, inauguraron hoy el nuevo sector de emergencia y la unidad de terapia intensiva (UTI) del Hospital Provincial Evita Pueblo de Berazategui. \u201cLo que necesitaban los vecinos y vecinas de...\" \/>\n<meta property=\"og:url\" content=\"https:\/\/diarioprincipios.com\/index.php\/2020\/06\/22\/mussi-y-kicillof-inauguraron-el-nuevo-sector-de-emergencia-y-uti-del-hospital-evita-pueblo\/\" \/>\n<meta property=\"og:site_name\" content=\"Principios\" \/>\n<meta property=\"article:published_time\" content=\"2020-06-22T17:10:50+00:00\" \/>\n<meta property=\"article:modified_time\" content=\"2020-06-22T17:10:54+00:00\" \/>\n<meta property=\"og:image\" content=\"https:\/\/diarioprincipios.com\/wp-content\/uploads\/2020\/06\/FB_IMG_1592845284437.jpg\" \/>\n\t<meta property=\"og:image:width\" content=\"1080\" \/>\n\t<meta property=\"og:image:height\" content=\"720\" \/>\n\t<meta property=\"og:image:type\" content=\"image\/jpeg\" \/>\n<meta name=\"author\" content=\"Hern\u00e1n L\u00f3pez\" \/>\n<meta name=\"twitter:card\" content=\"summary_large_image\" \/>\n<meta name=\"twitter:label1\" content=\"Escrito por\" \/>\n\t<meta name=\"twitter:data1\" content=\"Hern\u00e1n L\u00f3pez\" \/>\n\t<meta name=\"twitter:label2\" content=\"Tiempo de lectura\" \/>\n\t<meta name=\"twitter:data2\" content=\"2 minutos\" \/>\n<script type=\"application\/ld+json\" class=\"yoast-schema-graph\">{\"@context\":\"https:\\\/\\\/schema.org\",\"@graph\":[{\"@type\":\"Article\",\"@id\":\"https:\\\/\\\/diarioprincipios.com\\\/index.php\\\/2020\\\/06\\\/22\\\/mussi-y-kicillof-inauguraron-el-nuevo-sector-de-emergencia-y-uti-del-hospital-evita-pueblo\\\/#article\",\"isPartOf\":{\"@id\":\"https:\\\/\\\/diarioprincipios.com\\\/index.php\\\/2020\\\/06\\\/22\\\/mussi-y-kicillof-inauguraron-el-nuevo-sector-de-emergencia-y-uti-del-hospital-evita-pueblo\\\/\"},\"author\":{\"name\":\"Hern\u00e1n L\u00f3pez\",\"@id\":\"https:\\\/\\\/diarioprincipios.com\\\/#\\\/schema\\\/person\\\/436d5a1fd41a5e250e23ff5a6a7cb080\"},\"headline\":\"Mussi y Kicillof inauguraron el nuevo sector de emergencia y UTI del Hospital Evita Pueblo\",\"datePublished\":\"2020-06-22T17:10:50+00:00\",\"dateModified\":\"2020-06-22T17:10:54+00:00\",\"mainEntityOfPage\":{\"@id\":\"https:\\\/\\\/diarioprincipios.com\\\/index.php\\\/2020\\\/06\\\/22\\\/mussi-y-kicillof-inauguraron-el-nuevo-sector-de-emergencia-y-uti-del-hospital-evita-pueblo\\\/\"},\"wordCount\":323,\"commentCount\":0,\"publisher\":{\"@id\":\"https:\\\/\\\/diarioprincipios.com\\\/#organization\"},\"image\":{\"@id\":\"https:\\\/\\\/diarioprincipios.com\\\/index.php\\\/2020\\\/06\\\/22\\\/mussi-y-kicillof-inauguraron-el-nuevo-sector-de-emergencia-y-uti-del-hospital-evita-pueblo\\\/#primaryimage\"},\"thumbnailUrl\":\"https:\\\/\\\/diarioprincipios.com\\\/wp-content\\\/uploads\\\/2020\\\/06\\\/FB_IMG_1592845284437.jpg\",\"articleSection\":[\"Berazategui\"],\"inLanguage\":\"es\",\"potentialAction\":[{\"@type\":\"CommentAction\",\"name\":\"Comment\",\"target\":[\"https:\\\/\\\/diarioprincipios.com\\\/index.php\\\/2020\\\/06\\\/22\\\/mussi-y-kicillof-inauguraron-el-nuevo-sector-de-emergencia-y-uti-del-hospital-evita-pueblo\\\/#respond\"]}]},{\"@type\":\"WebPage\",\"@id\":\"https:\\\/\\\/diarioprincipios.com\\\/index.php\\\/2020\\\/06\\\/22\\\/mussi-y-kicillof-inauguraron-el-nuevo-sector-de-emergencia-y-uti-del-hospital-evita-pueblo\\\/\",\"url\":\"https:\\\/\\\/diarioprincipios.com\\\/index.php\\\/2020\\\/06\\\/22\\\/mussi-y-kicillof-inauguraron-el-nuevo-sector-de-emergencia-y-uti-del-hospital-evita-pueblo\\\/\",\"name\":\"Mussi y Kicillof inauguraron el nuevo sector de emergencia y UTI del Hospital Evita Pueblo - Principios\",\"isPartOf\":{\"@id\":\"https:\\\/\\\/diarioprincipios.com\\\/#website\"},\"primaryImageOfPage\":{\"@id\":\"https:\\\/\\\/diarioprincipios.com\\\/index.php\\\/2020\\\/06\\\/22\\\/mussi-y-kicillof-inauguraron-el-nuevo-sector-de-emergencia-y-uti-del-hospital-evita-pueblo\\\/#primaryimage\"},\"image\":{\"@id\":\"https:\\\/\\\/diarioprincipios.com\\\/index.php\\\/2020\\\/06\\\/22\\\/mussi-y-kicillof-inauguraron-el-nuevo-sector-de-emergencia-y-uti-del-hospital-evita-pueblo\\\/#primaryimage\"},\"thumbnailUrl\":\"https:\\\/\\\/diarioprincipios.com\\\/wp-content\\\/uploads\\\/2020\\\/06\\\/FB_IMG_1592845284437.jpg\",\"datePublished\":\"2020-06-22T17:10:50+00:00\",\"dateModified\":\"2020-06-22T17:10:54+00:00\",\"breadcrumb\":{\"@id\":\"https:\\\/\\\/diarioprincipios.com\\\/index.php\\\/2020\\\/06\\\/22\\\/mussi-y-kicillof-inauguraron-el-nuevo-sector-de-emergencia-y-uti-del-hospital-evita-pueblo\\\/#breadcrumb\"},\"inLanguage\":\"es\",\"potentialAction\":[{\"@type\":\"ReadAction\",\"target\":[\"https:\\\/\\\/diarioprincipios.com\\\/index.php\\\/2020\\\/06\\\/22\\\/mussi-y-kicillof-inauguraron-el-nuevo-sector-de-emergencia-y-uti-del-hospital-evita-pueblo\\\/\"]}]},{\"@type\":\"ImageObject\",\"inLanguage\":\"es\",\"@id\":\"https:\\\/\\\/diarioprincipios.com\\\/index.php\\\/2020\\\/06\\\/22\\\/mussi-y-kicillof-inauguraron-el-nuevo-sector-de-emergencia-y-uti-del-hospital-evita-pueblo\\\/#primaryimage\",\"url\":\"https:\\\/\\\/diarioprincipios.com\\\/wp-content\\\/uploads\\\/2020\\\/06\\\/FB_IMG_1592845284437.jpg\",\"contentUrl\":\"https:\\\/\\\/diarioprincipios.com\\\/wp-content\\\/uploads\\\/2020\\\/06\\\/FB_IMG_1592845284437.jpg\",\"width\":1080,\"height\":720},{\"@type\":\"BreadcrumbList\",\"@id\":\"https:\\\/\\\/diarioprincipios.com\\\/index.php\\\/2020\\\/06\\\/22\\\/mussi-y-kicillof-inauguraron-el-nuevo-sector-de-emergencia-y-uti-del-hospital-evita-pueblo\\\/#breadcrumb\",\"itemListElement\":[{\"@type\":\"ListItem\",\"position\":1,\"name\":\"Portada\",\"item\":\"https:\\\/\\\/diarioprincipios.com\\\/\"},{\"@type\":\"ListItem\",\"position\":2,\"name\":\"Mussi y Kicillof inauguraron el nuevo sector de emergencia y UTI del Hospital Evita Pueblo\"}]},{\"@type\":\"WebSite\",\"@id\":\"https:\\\/\\\/diarioprincipios.com\\\/#website\",\"url\":\"https:\\\/\\\/diarioprincipios.com\\\/\",\"name\":\"Principios\",\"description\":\"Principios Diario\",\"publisher\":{\"@id\":\"https:\\\/\\\/diarioprincipios.com\\\/#organization\"},\"potentialAction\":[{\"@type\":\"SearchAction\",\"target\":{\"@type\":\"EntryPoint\",\"urlTemplate\":\"https:\\\/\\\/diarioprincipios.com\\\/?s={search_term_string}\"},\"query-input\":{\"@type\":\"PropertyValueSpecification\",\"valueRequired\":true,\"valueName\":\"search_term_string\"}}],\"inLanguage\":\"es\"},{\"@type\":\"Organization\",\"@id\":\"https:\\\/\\\/diarioprincipios.com\\\/#organization\",\"name\":\"Principios\",\"url\":\"https:\\\/\\\/diarioprincipios.com\\\/\",\"logo\":{\"@type\":\"ImageObject\",\"inLanguage\":\"es\",\"@id\":\"https:\\\/\\\/diarioprincipios.com\\\/#\\\/schema\\\/logo\\\/image\\\/\",\"url\":\"https:\\\/\\\/diarioprincipios.com\\\/wp-content\\\/uploads\\\/2024\\\/04\\\/cropped-www.diarioprincipios.com_-1.png\",\"contentUrl\":\"https:\\\/\\\/diarioprincipios.com\\\/wp-content\\\/uploads\\\/2024\\\/04\\\/cropped-www.diarioprincipios.com_-1.png\",\"width\":5325,\"height\":1454,\"caption\":\"Principios\"},\"image\":{\"@id\":\"https:\\\/\\\/diarioprincipios.com\\\/#\\\/schema\\\/logo\\\/image\\\/\"}},{\"@type\":\"Person\",\"@id\":\"https:\\\/\\\/diarioprincipios.com\\\/#\\\/schema\\\/person\\\/436d5a1fd41a5e250e23ff5a6a7cb080\",\"name\":\"Hern\u00e1n L\u00f3pez\",\"image\":{\"@type\":\"ImageObject\",\"inLanguage\":\"es\",\"@id\":\"https:\\\/\\\/diarioprincipios.com\\\/wp-content\\\/litespeed\\\/avatar\\\/11ddfe5610ff3bd100522525b2571f48.jpg?ver=1777653193\",\"url\":\"https:\\\/\\\/diarioprincipios.com\\\/wp-content\\\/litespeed\\\/avatar\\\/11ddfe5610ff3bd100522525b2571f48.jpg?ver=1777653193\",\"contentUrl\":\"https:\\\/\\\/diarioprincipios.com\\\/wp-content\\\/litespeed\\\/avatar\\\/11ddfe5610ff3bd100522525b2571f48.jpg?ver=1777653193\",\"caption\":\"Hern\u00e1n L\u00f3pez\"},\"url\":\"https:\\\/\\\/diarioprincipios.com\\\/index.php\\\/author\\\/hernan\\\/\"}]}<\/script>\n<!-- \/ Yoast SEO plugin. -->","yoast_head_json":{"title":"Mussi y Kicillof inauguraron el nuevo sector de emergencia y UTI del Hospital Evita Pueblo - Principios","robots":{"index":"index","follow":"follow","max-snippet":"max-snippet:-1","max-image-preview":"max-image-preview:large","max-video-preview":"max-video-preview:-1"},"canonical":"https:\/\/diarioprincipios.com\/index.php\/2020\/06\/22\/mussi-y-kicillof-inauguraron-el-nuevo-sector-de-emergencia-y-uti-del-hospital-evita-pueblo\/","og_locale":"es_ES","og_type":"article","og_title":"Mussi y Kicillof inauguraron el nuevo sector de emergencia y UTI del Hospital Evita Pueblo - Principios","og_description":"El gobernador de la provincia de Buenos Aires, Axel Kicillof, junto al intendente de Berazategui, Juan Jos\u00e9 Mussi, y el ministro de Salud bonaerense, Daniel Gollan, inauguraron hoy el nuevo sector de emergencia y la unidad de terapia intensiva (UTI) del Hospital Provincial Evita Pueblo de Berazategui. \u201cLo que necesitaban los vecinos y vecinas de...","og_url":"https:\/\/diarioprincipios.com\/index.php\/2020\/06\/22\/mussi-y-kicillof-inauguraron-el-nuevo-sector-de-emergencia-y-uti-del-hospital-evita-pueblo\/","og_site_name":"Principios","article_published_time":"2020-06-22T17:10:50+00:00","article_modified_time":"2020-06-22T17:10:54+00:00","og_image":[{"width":1080,"height":720,"url":"https:\/\/diarioprincipios.com\/wp-content\/uploads\/2020\/06\/FB_IMG_1592845284437.jpg","type":"image\/jpeg"}],"author":"Hern\u00e1n L\u00f3pez","twitter_card":"summary_large_image","twitter_misc":{"Escrito por":"Hern\u00e1n L\u00f3pez","Tiempo de lectura":"2 minutos"},"schema":{"@context":"https:\/\/schema.org","@graph":[{"@type":"Article","@id":"https:\/\/diarioprincipios.com\/index.php\/2020\/06\/22\/mussi-y-kicillof-inauguraron-el-nuevo-sector-de-emergencia-y-uti-del-hospital-evita-pueblo\/#article","isPartOf":{"@id":"https:\/\/diarioprincipios.com\/index.php\/2020\/06\/22\/mussi-y-kicillof-inauguraron-el-nuevo-sector-de-emergencia-y-uti-del-hospital-evita-pueblo\/"},"author":{"name":"Hern\u00e1n L\u00f3pez","@id":"https:\/\/diarioprincipios.com\/#\/schema\/person\/436d5a1fd41a5e250e23ff5a6a7cb080"},"headline":"Mussi y Kicillof inauguraron el nuevo sector de emergencia y UTI del Hospital Evita Pueblo","datePublished":"2020-06-22T17:10:50+00:00","dateModified":"2020-06-22T17:10:54+00:00","mainEntityOfPage":{"@id":"https:\/\/diarioprincipios.com\/index.php\/2020\/06\/22\/mussi-y-kicillof-inauguraron-el-nuevo-sector-de-emergencia-y-uti-del-hospital-evita-pueblo\/"},"wordCount":323,"commentCount":0,"publisher":{"@id":"https:\/\/diarioprincipios.com\/#organization"},"image":{"@id":"https:\/\/diarioprincipios.com\/index.php\/2020\/06\/22\/mussi-y-kicillof-inauguraron-el-nuevo-sector-de-emergencia-y-uti-del-hospital-evita-pueblo\/#primaryimage"},"thumbnailUrl":"https:\/\/diarioprincipios.com\/wp-content\/uploads\/2020\/06\/FB_IMG_1592845284437.jpg","articleSection":["Berazategui"],"inLanguage":"es","potentialAction":[{"@type":"CommentAction","name":"Comment","target":["https:\/\/diarioprincipios.com\/index.php\/2020\/06\/22\/mussi-y-kicillof-inauguraron-el-nuevo-sector-de-emergencia-y-uti-del-hospital-evita-pueblo\/#respond"]}]},{"@type":"WebPage","@id":"https:\/\/diarioprincipios.com\/index.php\/2020\/06\/22\/mussi-y-kicillof-inauguraron-el-nuevo-sector-de-emergencia-y-uti-del-hospital-evita-pueblo\/","url":"https:\/\/diarioprincipios.com\/index.php\/2020\/06\/22\/mussi-y-kicillof-inauguraron-el-nuevo-sector-de-emergencia-y-uti-del-hospital-evita-pueblo\/","name":"Mussi y Kicillof inauguraron el nuevo sector de emergencia y UTI del Hospital Evita Pueblo - Principios","isPartOf":{"@id":"https:\/\/diarioprincipios.com\/#website"},"primaryImageOfPage":{"@id":"https:\/\/diarioprincipios.com\/index.php\/2020\/06\/22\/mussi-y-kicillof-inauguraron-el-nuevo-sector-de-emergencia-y-uti-del-hospital-evita-pueblo\/#primaryimage"},"image":{"@id":"https:\/\/diarioprincipios.com\/index.php\/2020\/06\/22\/mussi-y-kicillof-inauguraron-el-nuevo-sector-de-emergencia-y-uti-del-hospital-evita-pueblo\/#primaryimage"},"thumbnailUrl":"https:\/\/diarioprincipios.com\/wp-content\/uploads\/2020\/06\/FB_IMG_1592845284437.jpg","datePublished":"2020-06-22T17:10:50+00:00","dateModified":"2020-06-22T17:10:54+00:00","breadcrumb":{"@id":"https:\/\/diarioprincipios.com\/index.php\/2020\/06\/22\/mussi-y-kicillof-inauguraron-el-nuevo-sector-de-emergencia-y-uti-del-hospital-evita-pueblo\/#breadcrumb"},"inLanguage":"es","potentialAction":[{"@type":"ReadAction","target":["https:\/\/diarioprincipios.com\/index.php\/2020\/06\/22\/mussi-y-kicillof-inauguraron-el-nuevo-sector-de-emergencia-y-uti-del-hospital-evita-pueblo\/"]}]},{"@type":"ImageObject","inLanguage":"es","@id":"https:\/\/diarioprincipios.com\/index.php\/2020\/06\/22\/mussi-y-kicillof-inauguraron-el-nuevo-sector-de-emergencia-y-uti-del-hospital-evita-pueblo\/#primaryimage","url":"https:\/\/diarioprincipios.com\/wp-content\/uploads\/2020\/06\/FB_IMG_1592845284437.jpg","contentUrl":"https:\/\/diarioprincipios.com\/wp-content\/uploads\/2020\/06\/FB_IMG_1592845284437.jpg","width":1080,"height":720},{"@type":"BreadcrumbList","@id":"https:\/\/diarioprincipios.com\/index.php\/2020\/06\/22\/mussi-y-kicillof-inauguraron-el-nuevo-sector-de-emergencia-y-uti-del-hospital-evita-pueblo\/#breadcrumb","itemListElement":[{"@type":"ListItem","position":1,"name":"Portada","item":"https:\/\/diarioprincipios.com\/"},{"@type":"ListItem","position":2,"name":"Mussi y Kicillof inauguraron el nuevo sector de emergencia y UTI del Hospital Evita Pueblo"}]},{"@type":"WebSite","@id":"https:\/\/diarioprincipios.com\/#website","url":"https:\/\/diarioprincipios.com\/","name":"Principios","description":"Principios Diario","publisher":{"@id":"https:\/\/diarioprincipios.com\/#organization"},"potentialAction":[{"@type":"SearchAction","target":{"@type":"EntryPoint","urlTemplate":"https:\/\/diarioprincipios.com\/?s={search_term_string}"},"query-input":{"@type":"PropertyValueSpecification","valueRequired":true,"valueName":"search_term_string"}}],"inLanguage":"es"},{"@type":"Organization","@id":"https:\/\/diarioprincipios.com\/#organization","name":"Principios","url":"https:\/\/diarioprincipios.com\/","logo":{"@type":"ImageObject","inLanguage":"es","@id":"https:\/\/diarioprincipios.com\/#\/schema\/logo\/image\/","url":"https:\/\/diarioprincipios.com\/wp-content\/uploads\/2024\/04\/cropped-www.diarioprincipios.com_-1.png","contentUrl":"https:\/\/diarioprincipios.com\/wp-content\/uploads\/2024\/04\/cropped-www.diarioprincipios.com_-1.png","width":5325,"height":1454,"caption":"Principios"},"image":{"@id":"https:\/\/diarioprincipios.com\/#\/schema\/logo\/image\/"}},{"@type":"Person","@id":"https:\/\/diarioprincipios.com\/#\/schema\/person\/436d5a1fd41a5e250e23ff5a6a7cb080","name":"Hern\u00e1n L\u00f3pez","image":{"@type":"ImageObject","inLanguage":"es","@id":"https:\/\/diarioprincipios.com\/wp-content\/litespeed\/avatar\/11ddfe5610ff3bd100522525b2571f48.jpg?ver=1777653193","url":"https:\/\/diarioprincipios.com\/wp-content\/litespeed\/avatar\/11ddfe5610ff3bd100522525b2571f48.jpg?ver=1777653193","contentUrl":"https:\/\/diarioprincipios.com\/wp-content\/litespeed\/avatar\/11ddfe5610ff3bd100522525b2571f48.jpg?ver=1777653193","caption":"Hern\u00e1n L\u00f3pez"},"url":"https:\/\/diarioprincipios.com\/index.php\/author\/hernan\/"}]}},"jetpack_featured_media_url":"https:\/\/diarioprincipios.com\/wp-content\/uploads\/2020\/06\/FB_IMG_1592845284437.jpg","_links":{"self":[{"href":"https:\/\/diarioprincipios.com\/index.php\/wp-json\/wp\/v2\/posts\/3206","targetHints":{"allow":["GET"]}}],"collection":[{"href":"https:\/\/diarioprincipios.com\/index.php\/wp-json\/wp\/v2\/posts"}],"about":[{"href":"https:\/\/diarioprincipios.com\/index.php\/wp-json\/wp\/v2\/types\/post"}],"author":[{"embeddable":true,"href":"https:\/\/diarioprincipios.com\/index.php\/wp-json\/wp\/v2\/users\/2"}],"replies":[{"embeddable":true,"href":"https:\/\/diarioprincipios.com\/index.php\/wp-json\/wp\/v2\/comments?post=3206"}],"version-history":[{"count":1,"href":"https:\/\/diarioprincipios.com\/index.php\/wp-json\/wp\/v2\/posts\/3206\/revisions"}],"predecessor-version":[{"id":3213,"href":"https:\/\/diarioprincipios.com\/index.php\/wp-json\/wp\/v2\/posts\/3206\/revisions\/3213"}],"wp:featuredmedia":[{"embeddable":true,"href":"https:\/\/diarioprincipios.com\/index.php\/wp-json\/wp\/v2\/media\/3207"}],"wp:attachment":[{"href":"https:\/\/diarioprincipios.com\/index.php\/wp-json\/wp\/v2\/media?parent=3206"}],"wp:term":[{"taxonomy":"category","embeddable":true,"href":"https:\/\/diarioprincipios.com\/index.php\/wp-json\/wp\/v2\/categories?post=3206"},{"taxonomy":"post_tag","embeddable":true,"href":"https:\/\/diarioprincipios.com\/index.php\/wp-json\/wp\/v2\/tags?post=3206"}],"curies":[{"name":"wp","href":"https:\/\/api.w.org\/{rel}","templated":true}]}}