{"id":3203,"date":"2020-06-22T13:03:20","date_gmt":"2020-06-22T16:03:20","guid":{"rendered":"http:\/\/diarioprincipios.com\/?p=3203"},"modified":"2020-06-22T13:03:24","modified_gmt":"2020-06-22T16:03:24","slug":"amplian-la-red-de-distribucion-de-garrafas-a-un-precio-regulado-de-350","status":"publish","type":"post","link":"https:\/\/diarioprincipios.com\/index.php\/2020\/06\/22\/amplian-la-red-de-distribucion-de-garrafas-a-un-precio-regulado-de-350\/","title":{"rendered":"Ampl\u00edan la red de distribuci\u00f3n de garrafas a un precio regulado de $ 350"},"content":{"rendered":"\n<p>El Gobierno nacional, a trav\u00e9s de la Subsecretar\u00eda de Hidrocarburos, instrument\u00f3 hoy un plan para facilitar el acceso a las garrafas por parte de los usuarios del Programa Hogar, a un costo de $ 350.<\/p>\n\n\n\n<p>As\u00ed lo revel\u00f3 hoy un comunicado emitido por la Secretar\u00eda de Energ\u00eda, seg\u00fan el cual, en coordinaci\u00f3n con el Ministerio de Desarrollo Productivo, YPF aument\u00f3 su red de distribuci\u00f3n de garrafas de 86 a 937 estaciones de servicio ubicadas en todo el pa\u00eds, para garantizar el abastecimiento a un precio regulado.<\/p>\n\n\n\n<p>Asimismo, se indic\u00f3 que el Gobierno reforzar\u00e1 los controles de precios m\u00e1ximos para la venta de garrafas de Gas Licuado de Petr\u00f3leo (GLP) en todo el pa\u00eds.<\/p>\n\n\n\n<p>El Programa Hogar es una de las pol\u00edticas p\u00fablicas del Estado nacional para las viviendas no conectadas a las redes domiciliarias de gas natural.<\/p>\n\n\n\n<p>El plan consiste, por un lado, en la fijaci\u00f3n del precio m\u00e1ximo de la garrafa para todos los usuarios y, por el otro, en el otorgamiento de un beneficio a los sectores vulnerables a trav\u00e9s de Anses, que alcanza a m\u00e1s de 2 millones de hogares, explicaron desde dicha cartera.<\/p>\n\n\n\n<p>\u00abAs\u00ed, se restablece el derecho b\u00e1sico de acceso a la energ\u00eda para toda la poblaci\u00f3n\u00bb, concluy\u00f3 el texto del comunicado oficial.<\/p>\n","protected":false},"excerpt":{"rendered":"<p>El Gobierno nacional, a trav\u00e9s de la Subsecretar\u00eda de Hidrocarburos, instrument\u00f3 hoy un plan para facilitar el acceso a las garrafas por parte de los usuarios del Programa Hogar, a un costo de $ 350. As\u00ed lo revel\u00f3 hoy un comunicado emitido por la Secretar\u00eda de Energ\u00eda, seg\u00fan el cual, en coordinaci\u00f3n con el Ministerio&#8230;<\/p>\n","protected":false},"author":2,"featured_media":3204,"comment_status":"open","ping_status":"open","sticky":false,"template":"","format":"standard","meta":{"footnotes":""},"categories":[10],"tags":[],"class_list":["post-3203","post","type-post","status-publish","format-standard","has-post-thumbnail","hentry","category-nacion"],"featured_image_src":"https:\/\/diarioprincipios.com\/wp-content\/uploads\/2020\/06\/Screenshot_20200622-130133_Chrome-1024x673.jpg","blog_images":{"medium":"https:\/\/diarioprincipios.com\/wp-content\/uploads\/2020\/06\/Screenshot_20200622-130133_Chrome-300x197.jpg","large":"https:\/\/diarioprincipios.com\/wp-content\/uploads\/2020\/06\/Screenshot_20200622-130133_Chrome-1024x673.jpg"},"ams_acf":[],"yoast_head":"<!-- This site is optimized with the Yoast SEO plugin v27.3 - https:\/\/yoast.com\/product\/yoast-seo-wordpress\/ -->\n<title>Ampl\u00edan la red de distribuci\u00f3n de garrafas a un precio regulado de $ 350 - Principios<\/title>\n<meta name=\"robots\" content=\"index, follow, max-snippet:-1, max-image-preview:large, max-video-preview:-1\" \/>\n<link rel=\"canonical\" href=\"https:\/\/diarioprincipios.com\/index.php\/2020\/06\/22\/amplian-la-red-de-distribucion-de-garrafas-a-un-precio-regulado-de-350\/\" \/>\n<meta property=\"og:locale\" content=\"es_ES\" \/>\n<meta property=\"og:type\" content=\"article\" \/>\n<meta property=\"og:title\" content=\"Ampl\u00edan la red de distribuci\u00f3n de garrafas a un precio regulado de $ 350 - Principios\" \/>\n<meta property=\"og:description\" content=\"El Gobierno nacional, a trav\u00e9s de la Subsecretar\u00eda de Hidrocarburos, instrument\u00f3 hoy un plan para facilitar el acceso a las garrafas por parte de los usuarios del Programa Hogar, a un costo de $ 350. As\u00ed lo revel\u00f3 hoy un comunicado emitido por la Secretar\u00eda de Energ\u00eda, seg\u00fan el cual, en coordinaci\u00f3n con el Ministerio...\" \/>\n<meta property=\"og:url\" content=\"https:\/\/diarioprincipios.com\/index.php\/2020\/06\/22\/amplian-la-red-de-distribucion-de-garrafas-a-un-precio-regulado-de-350\/\" \/>\n<meta property=\"og:site_name\" content=\"Principios\" \/>\n<meta property=\"article:published_time\" content=\"2020-06-22T16:03:20+00:00\" \/>\n<meta property=\"article:modified_time\" content=\"2020-06-22T16:03:24+00:00\" \/>\n<meta property=\"og:image\" content=\"https:\/\/diarioprincipios.com\/wp-content\/uploads\/2020\/06\/Screenshot_20200622-130133_Chrome.jpg\" \/>\n\t<meta property=\"og:image:width\" content=\"1080\" \/>\n\t<meta property=\"og:image:height\" content=\"710\" \/>\n\t<meta property=\"og:image:type\" content=\"image\/jpeg\" \/>\n<meta name=\"author\" content=\"Hern\u00e1n L\u00f3pez\" \/>\n<meta name=\"twitter:card\" content=\"summary_large_image\" \/>\n<meta name=\"twitter:label1\" content=\"Escrito por\" \/>\n\t<meta name=\"twitter:data1\" content=\"Hern\u00e1n L\u00f3pez\" \/>\n\t<meta name=\"twitter:label2\" content=\"Tiempo de lectura\" \/>\n\t<meta name=\"twitter:data2\" content=\"1 minuto\" \/>\n<script type=\"application\/ld+json\" class=\"yoast-schema-graph\">{\"@context\":\"https:\\\/\\\/schema.org\",\"@graph\":[{\"@type\":\"Article\",\"@id\":\"https:\\\/\\\/diarioprincipios.com\\\/index.php\\\/2020\\\/06\\\/22\\\/amplian-la-red-de-distribucion-de-garrafas-a-un-precio-regulado-de-350\\\/#article\",\"isPartOf\":{\"@id\":\"https:\\\/\\\/diarioprincipios.com\\\/index.php\\\/2020\\\/06\\\/22\\\/amplian-la-red-de-distribucion-de-garrafas-a-un-precio-regulado-de-350\\\/\"},\"author\":{\"name\":\"Hern\u00e1n L\u00f3pez\",\"@id\":\"https:\\\/\\\/diarioprincipios.com\\\/#\\\/schema\\\/person\\\/436d5a1fd41a5e250e23ff5a6a7cb080\"},\"headline\":\"Ampl\u00edan la red de distribuci\u00f3n de garrafas a un precio regulado de $ 350\",\"datePublished\":\"2020-06-22T16:03:20+00:00\",\"dateModified\":\"2020-06-22T16:03:24+00:00\",\"mainEntityOfPage\":{\"@id\":\"https:\\\/\\\/diarioprincipios.com\\\/index.php\\\/2020\\\/06\\\/22\\\/amplian-la-red-de-distribucion-de-garrafas-a-un-precio-regulado-de-350\\\/\"},\"wordCount\":237,\"commentCount\":0,\"publisher\":{\"@id\":\"https:\\\/\\\/diarioprincipios.com\\\/#organization\"},\"image\":{\"@id\":\"https:\\\/\\\/diarioprincipios.com\\\/index.php\\\/2020\\\/06\\\/22\\\/amplian-la-red-de-distribucion-de-garrafas-a-un-precio-regulado-de-350\\\/#primaryimage\"},\"thumbnailUrl\":\"https:\\\/\\\/diarioprincipios.com\\\/wp-content\\\/uploads\\\/2020\\\/06\\\/Screenshot_20200622-130133_Chrome.jpg\",\"articleSection\":[\"Naci\u00f3n\"],\"inLanguage\":\"es\",\"potentialAction\":[{\"@type\":\"CommentAction\",\"name\":\"Comment\",\"target\":[\"https:\\\/\\\/diarioprincipios.com\\\/index.php\\\/2020\\\/06\\\/22\\\/amplian-la-red-de-distribucion-de-garrafas-a-un-precio-regulado-de-350\\\/#respond\"]}]},{\"@type\":\"WebPage\",\"@id\":\"https:\\\/\\\/diarioprincipios.com\\\/index.php\\\/2020\\\/06\\\/22\\\/amplian-la-red-de-distribucion-de-garrafas-a-un-precio-regulado-de-350\\\/\",\"url\":\"https:\\\/\\\/diarioprincipios.com\\\/index.php\\\/2020\\\/06\\\/22\\\/amplian-la-red-de-distribucion-de-garrafas-a-un-precio-regulado-de-350\\\/\",\"name\":\"Ampl\u00edan la red de distribuci\u00f3n de garrafas a un precio regulado de $ 350 - Principios\",\"isPartOf\":{\"@id\":\"https:\\\/\\\/diarioprincipios.com\\\/#website\"},\"primaryImageOfPage\":{\"@id\":\"https:\\\/\\\/diarioprincipios.com\\\/index.php\\\/2020\\\/06\\\/22\\\/amplian-la-red-de-distribucion-de-garrafas-a-un-precio-regulado-de-350\\\/#primaryimage\"},\"image\":{\"@id\":\"https:\\\/\\\/diarioprincipios.com\\\/index.php\\\/2020\\\/06\\\/22\\\/amplian-la-red-de-distribucion-de-garrafas-a-un-precio-regulado-de-350\\\/#primaryimage\"},\"thumbnailUrl\":\"https:\\\/\\\/diarioprincipios.com\\\/wp-content\\\/uploads\\\/2020\\\/06\\\/Screenshot_20200622-130133_Chrome.jpg\",\"datePublished\":\"2020-06-22T16:03:20+00:00\",\"dateModified\":\"2020-06-22T16:03:24+00:00\",\"breadcrumb\":{\"@id\":\"https:\\\/\\\/diarioprincipios.com\\\/index.php\\\/2020\\\/06\\\/22\\\/amplian-la-red-de-distribucion-de-garrafas-a-un-precio-regulado-de-350\\\/#breadcrumb\"},\"inLanguage\":\"es\",\"potentialAction\":[{\"@type\":\"ReadAction\",\"target\":[\"https:\\\/\\\/diarioprincipios.com\\\/index.php\\\/2020\\\/06\\\/22\\\/amplian-la-red-de-distribucion-de-garrafas-a-un-precio-regulado-de-350\\\/\"]}]},{\"@type\":\"ImageObject\",\"inLanguage\":\"es\",\"@id\":\"https:\\\/\\\/diarioprincipios.com\\\/index.php\\\/2020\\\/06\\\/22\\\/amplian-la-red-de-distribucion-de-garrafas-a-un-precio-regulado-de-350\\\/#primaryimage\",\"url\":\"https:\\\/\\\/diarioprincipios.com\\\/wp-content\\\/uploads\\\/2020\\\/06\\\/Screenshot_20200622-130133_Chrome.jpg\",\"contentUrl\":\"https:\\\/\\\/diarioprincipios.com\\\/wp-content\\\/uploads\\\/2020\\\/06\\\/Screenshot_20200622-130133_Chrome.jpg\",\"width\":1080,\"height\":710},{\"@type\":\"BreadcrumbList\",\"@id\":\"https:\\\/\\\/diarioprincipios.com\\\/index.php\\\/2020\\\/06\\\/22\\\/amplian-la-red-de-distribucion-de-garrafas-a-un-precio-regulado-de-350\\\/#breadcrumb\",\"itemListElement\":[{\"@type\":\"ListItem\",\"position\":1,\"name\":\"Portada\",\"item\":\"https:\\\/\\\/diarioprincipios.com\\\/\"},{\"@type\":\"ListItem\",\"position\":2,\"name\":\"Ampl\u00edan la red de distribuci\u00f3n de garrafas a un precio regulado de $ 350\"}]},{\"@type\":\"WebSite\",\"@id\":\"https:\\\/\\\/diarioprincipios.com\\\/#website\",\"url\":\"https:\\\/\\\/diarioprincipios.com\\\/\",\"name\":\"Principios\",\"description\":\"Principios Diario\",\"publisher\":{\"@id\":\"https:\\\/\\\/diarioprincipios.com\\\/#organization\"},\"potentialAction\":[{\"@type\":\"SearchAction\",\"target\":{\"@type\":\"EntryPoint\",\"urlTemplate\":\"https:\\\/\\\/diarioprincipios.com\\\/?s={search_term_string}\"},\"query-input\":{\"@type\":\"PropertyValueSpecification\",\"valueRequired\":true,\"valueName\":\"search_term_string\"}}],\"inLanguage\":\"es\"},{\"@type\":\"Organization\",\"@id\":\"https:\\\/\\\/diarioprincipios.com\\\/#organization\",\"name\":\"Principios\",\"url\":\"https:\\\/\\\/diarioprincipios.com\\\/\",\"logo\":{\"@type\":\"ImageObject\",\"inLanguage\":\"es\",\"@id\":\"https:\\\/\\\/diarioprincipios.com\\\/#\\\/schema\\\/logo\\\/image\\\/\",\"url\":\"https:\\\/\\\/diarioprincipios.com\\\/wp-content\\\/uploads\\\/2024\\\/04\\\/cropped-www.diarioprincipios.com_-1.png\",\"contentUrl\":\"https:\\\/\\\/diarioprincipios.com\\\/wp-content\\\/uploads\\\/2024\\\/04\\\/cropped-www.diarioprincipios.com_-1.png\",\"width\":5325,\"height\":1454,\"caption\":\"Principios\"},\"image\":{\"@id\":\"https:\\\/\\\/diarioprincipios.com\\\/#\\\/schema\\\/logo\\\/image\\\/\"}},{\"@type\":\"Person\",\"@id\":\"https:\\\/\\\/diarioprincipios.com\\\/#\\\/schema\\\/person\\\/436d5a1fd41a5e250e23ff5a6a7cb080\",\"name\":\"Hern\u00e1n L\u00f3pez\",\"image\":{\"@type\":\"ImageObject\",\"inLanguage\":\"es\",\"@id\":\"https:\\\/\\\/diarioprincipios.com\\\/wp-content\\\/litespeed\\\/avatar\\\/11ddfe5610ff3bd100522525b2571f48.jpg?ver=1777048341\",\"url\":\"https:\\\/\\\/diarioprincipios.com\\\/wp-content\\\/litespeed\\\/avatar\\\/11ddfe5610ff3bd100522525b2571f48.jpg?ver=1777048341\",\"contentUrl\":\"https:\\\/\\\/diarioprincipios.com\\\/wp-content\\\/litespeed\\\/avatar\\\/11ddfe5610ff3bd100522525b2571f48.jpg?ver=1777048341\",\"caption\":\"Hern\u00e1n L\u00f3pez\"},\"url\":\"https:\\\/\\\/diarioprincipios.com\\\/index.php\\\/author\\\/hernan\\\/\"}]}<\/script>\n<!-- \/ Yoast SEO plugin. -->","yoast_head_json":{"title":"Ampl\u00edan la red de distribuci\u00f3n de garrafas a un precio regulado de $ 350 - Principios","robots":{"index":"index","follow":"follow","max-snippet":"max-snippet:-1","max-image-preview":"max-image-preview:large","max-video-preview":"max-video-preview:-1"},"canonical":"https:\/\/diarioprincipios.com\/index.php\/2020\/06\/22\/amplian-la-red-de-distribucion-de-garrafas-a-un-precio-regulado-de-350\/","og_locale":"es_ES","og_type":"article","og_title":"Ampl\u00edan la red de distribuci\u00f3n de garrafas a un precio regulado de $ 350 - Principios","og_description":"El Gobierno nacional, a trav\u00e9s de la Subsecretar\u00eda de Hidrocarburos, instrument\u00f3 hoy un plan para facilitar el acceso a las garrafas por parte de los usuarios del Programa Hogar, a un costo de $ 350. As\u00ed lo revel\u00f3 hoy un comunicado emitido por la Secretar\u00eda de Energ\u00eda, seg\u00fan el cual, en coordinaci\u00f3n con el Ministerio...","og_url":"https:\/\/diarioprincipios.com\/index.php\/2020\/06\/22\/amplian-la-red-de-distribucion-de-garrafas-a-un-precio-regulado-de-350\/","og_site_name":"Principios","article_published_time":"2020-06-22T16:03:20+00:00","article_modified_time":"2020-06-22T16:03:24+00:00","og_image":[{"width":1080,"height":710,"url":"https:\/\/diarioprincipios.com\/wp-content\/uploads\/2020\/06\/Screenshot_20200622-130133_Chrome.jpg","type":"image\/jpeg"}],"author":"Hern\u00e1n L\u00f3pez","twitter_card":"summary_large_image","twitter_misc":{"Escrito por":"Hern\u00e1n L\u00f3pez","Tiempo de lectura":"1 minuto"},"schema":{"@context":"https:\/\/schema.org","@graph":[{"@type":"Article","@id":"https:\/\/diarioprincipios.com\/index.php\/2020\/06\/22\/amplian-la-red-de-distribucion-de-garrafas-a-un-precio-regulado-de-350\/#article","isPartOf":{"@id":"https:\/\/diarioprincipios.com\/index.php\/2020\/06\/22\/amplian-la-red-de-distribucion-de-garrafas-a-un-precio-regulado-de-350\/"},"author":{"name":"Hern\u00e1n L\u00f3pez","@id":"https:\/\/diarioprincipios.com\/#\/schema\/person\/436d5a1fd41a5e250e23ff5a6a7cb080"},"headline":"Ampl\u00edan la red de distribuci\u00f3n de garrafas a un precio regulado de $ 350","datePublished":"2020-06-22T16:03:20+00:00","dateModified":"2020-06-22T16:03:24+00:00","mainEntityOfPage":{"@id":"https:\/\/diarioprincipios.com\/index.php\/2020\/06\/22\/amplian-la-red-de-distribucion-de-garrafas-a-un-precio-regulado-de-350\/"},"wordCount":237,"commentCount":0,"publisher":{"@id":"https:\/\/diarioprincipios.com\/#organization"},"image":{"@id":"https:\/\/diarioprincipios.com\/index.php\/2020\/06\/22\/amplian-la-red-de-distribucion-de-garrafas-a-un-precio-regulado-de-350\/#primaryimage"},"thumbnailUrl":"https:\/\/diarioprincipios.com\/wp-content\/uploads\/2020\/06\/Screenshot_20200622-130133_Chrome.jpg","articleSection":["Naci\u00f3n"],"inLanguage":"es","potentialAction":[{"@type":"CommentAction","name":"Comment","target":["https:\/\/diarioprincipios.com\/index.php\/2020\/06\/22\/amplian-la-red-de-distribucion-de-garrafas-a-un-precio-regulado-de-350\/#respond"]}]},{"@type":"WebPage","@id":"https:\/\/diarioprincipios.com\/index.php\/2020\/06\/22\/amplian-la-red-de-distribucion-de-garrafas-a-un-precio-regulado-de-350\/","url":"https:\/\/diarioprincipios.com\/index.php\/2020\/06\/22\/amplian-la-red-de-distribucion-de-garrafas-a-un-precio-regulado-de-350\/","name":"Ampl\u00edan la red de distribuci\u00f3n de garrafas a un precio regulado de $ 350 - Principios","isPartOf":{"@id":"https:\/\/diarioprincipios.com\/#website"},"primaryImageOfPage":{"@id":"https:\/\/diarioprincipios.com\/index.php\/2020\/06\/22\/amplian-la-red-de-distribucion-de-garrafas-a-un-precio-regulado-de-350\/#primaryimage"},"image":{"@id":"https:\/\/diarioprincipios.com\/index.php\/2020\/06\/22\/amplian-la-red-de-distribucion-de-garrafas-a-un-precio-regulado-de-350\/#primaryimage"},"thumbnailUrl":"https:\/\/diarioprincipios.com\/wp-content\/uploads\/2020\/06\/Screenshot_20200622-130133_Chrome.jpg","datePublished":"2020-06-22T16:03:20+00:00","dateModified":"2020-06-22T16:03:24+00:00","breadcrumb":{"@id":"https:\/\/diarioprincipios.com\/index.php\/2020\/06\/22\/amplian-la-red-de-distribucion-de-garrafas-a-un-precio-regulado-de-350\/#breadcrumb"},"inLanguage":"es","potentialAction":[{"@type":"ReadAction","target":["https:\/\/diarioprincipios.com\/index.php\/2020\/06\/22\/amplian-la-red-de-distribucion-de-garrafas-a-un-precio-regulado-de-350\/"]}]},{"@type":"ImageObject","inLanguage":"es","@id":"https:\/\/diarioprincipios.com\/index.php\/2020\/06\/22\/amplian-la-red-de-distribucion-de-garrafas-a-un-precio-regulado-de-350\/#primaryimage","url":"https:\/\/diarioprincipios.com\/wp-content\/uploads\/2020\/06\/Screenshot_20200622-130133_Chrome.jpg","contentUrl":"https:\/\/diarioprincipios.com\/wp-content\/uploads\/2020\/06\/Screenshot_20200622-130133_Chrome.jpg","width":1080,"height":710},{"@type":"BreadcrumbList","@id":"https:\/\/diarioprincipios.com\/index.php\/2020\/06\/22\/amplian-la-red-de-distribucion-de-garrafas-a-un-precio-regulado-de-350\/#breadcrumb","itemListElement":[{"@type":"ListItem","position":1,"name":"Portada","item":"https:\/\/diarioprincipios.com\/"},{"@type":"ListItem","position":2,"name":"Ampl\u00edan la red de distribuci\u00f3n de garrafas a un precio regulado de $ 350"}]},{"@type":"WebSite","@id":"https:\/\/diarioprincipios.com\/#website","url":"https:\/\/diarioprincipios.com\/","name":"Principios","description":"Principios Diario","publisher":{"@id":"https:\/\/diarioprincipios.com\/#organization"},"potentialAction":[{"@type":"SearchAction","target":{"@type":"EntryPoint","urlTemplate":"https:\/\/diarioprincipios.com\/?s={search_term_string}"},"query-input":{"@type":"PropertyValueSpecification","valueRequired":true,"valueName":"search_term_string"}}],"inLanguage":"es"},{"@type":"Organization","@id":"https:\/\/diarioprincipios.com\/#organization","name":"Principios","url":"https:\/\/diarioprincipios.com\/","logo":{"@type":"ImageObject","inLanguage":"es","@id":"https:\/\/diarioprincipios.com\/#\/schema\/logo\/image\/","url":"https:\/\/diarioprincipios.com\/wp-content\/uploads\/2024\/04\/cropped-www.diarioprincipios.com_-1.png","contentUrl":"https:\/\/diarioprincipios.com\/wp-content\/uploads\/2024\/04\/cropped-www.diarioprincipios.com_-1.png","width":5325,"height":1454,"caption":"Principios"},"image":{"@id":"https:\/\/diarioprincipios.com\/#\/schema\/logo\/image\/"}},{"@type":"Person","@id":"https:\/\/diarioprincipios.com\/#\/schema\/person\/436d5a1fd41a5e250e23ff5a6a7cb080","name":"Hern\u00e1n L\u00f3pez","image":{"@type":"ImageObject","inLanguage":"es","@id":"https:\/\/diarioprincipios.com\/wp-content\/litespeed\/avatar\/11ddfe5610ff3bd100522525b2571f48.jpg?ver=1777048341","url":"https:\/\/diarioprincipios.com\/wp-content\/litespeed\/avatar\/11ddfe5610ff3bd100522525b2571f48.jpg?ver=1777048341","contentUrl":"https:\/\/diarioprincipios.com\/wp-content\/litespeed\/avatar\/11ddfe5610ff3bd100522525b2571f48.jpg?ver=1777048341","caption":"Hern\u00e1n L\u00f3pez"},"url":"https:\/\/diarioprincipios.com\/index.php\/author\/hernan\/"}]}},"jetpack_featured_media_url":"https:\/\/diarioprincipios.com\/wp-content\/uploads\/2020\/06\/Screenshot_20200622-130133_Chrome.jpg","_links":{"self":[{"href":"https:\/\/diarioprincipios.com\/index.php\/wp-json\/wp\/v2\/posts\/3203","targetHints":{"allow":["GET"]}}],"collection":[{"href":"https:\/\/diarioprincipios.com\/index.php\/wp-json\/wp\/v2\/posts"}],"about":[{"href":"https:\/\/diarioprincipios.com\/index.php\/wp-json\/wp\/v2\/types\/post"}],"author":[{"embeddable":true,"href":"https:\/\/diarioprincipios.com\/index.php\/wp-json\/wp\/v2\/users\/2"}],"replies":[{"embeddable":true,"href":"https:\/\/diarioprincipios.com\/index.php\/wp-json\/wp\/v2\/comments?post=3203"}],"version-history":[{"count":1,"href":"https:\/\/diarioprincipios.com\/index.php\/wp-json\/wp\/v2\/posts\/3203\/revisions"}],"predecessor-version":[{"id":3205,"href":"https:\/\/diarioprincipios.com\/index.php\/wp-json\/wp\/v2\/posts\/3203\/revisions\/3205"}],"wp:featuredmedia":[{"embeddable":true,"href":"https:\/\/diarioprincipios.com\/index.php\/wp-json\/wp\/v2\/media\/3204"}],"wp:attachment":[{"href":"https:\/\/diarioprincipios.com\/index.php\/wp-json\/wp\/v2\/media?parent=3203"}],"wp:term":[{"taxonomy":"category","embeddable":true,"href":"https:\/\/diarioprincipios.com\/index.php\/wp-json\/wp\/v2\/categories?post=3203"},{"taxonomy":"post_tag","embeddable":true,"href":"https:\/\/diarioprincipios.com\/index.php\/wp-json\/wp\/v2\/tags?post=3203"}],"curies":[{"name":"wp","href":"https:\/\/api.w.org\/{rel}","templated":true}]}}