{"id":319,"date":"2020-03-13T14:24:59","date_gmt":"2020-03-13T14:24:59","guid":{"rendered":"http:\/\/diarioprincipios.com\/?p=319"},"modified":"2020-03-13T14:25:01","modified_gmt":"2020-03-13T14:25:01","slug":"dia-de-fiesta-para-el-club-voluntad","status":"publish","type":"post","link":"https:\/\/diarioprincipios.com\/index.php\/2020\/03\/13\/dia-de-fiesta-para-el-club-voluntad\/","title":{"rendered":"D\u00eda de fiesta para el Club Voluntad"},"content":{"rendered":"\n<p><strong>El Club \u201cVoluntad\u201d del barrio El Sol (138 entre 3 y 4) vivi\u00f3 un d\u00eda so\u00f1ado con la celebraci\u00f3n de su 34\u00b0 aniversario y la inauguraci\u00f3n de la plaza Voluntad que se encuentra contigua a la instituci\u00f3n. El intendente municipal, Juan Jos\u00e9 Mussi, estuvo acompa\u00f1ando a los vecinos en una jornada especial.<\/strong><\/p>\n\n\n\n<p>Durante su visita a la instituci\u00f3n, el Jefe comunal entreg\u00f3 un subsidio para la compra de material deportivo.<\/p>\n\n\n\n<p>En ese marco, subray\u00f3: \u201cTanto el club como la plaza son lugares que cuando los vemos ocupados por los vecinos sentimos una gran satisfacci\u00f3n, porque son espacios para que se encuentren las familias y los m\u00e1s chicos disfruten\u201d.&nbsp;Luego, agreg\u00f3: \u201cCuando un ni\u00f1o juega y corre est\u00e1 sano, y eso es lo fundamental. Por eso hacemos estas cosas, para que ellos est\u00e9n bien\u201d.<br>En el mismo sentido, el Dr. Mussi recalc\u00f3: \u201cTenemos que dejar de lado las cosas que nos separan y estar unidos. Si nos reencontramos vamos a dar vuelta lo que est\u00e1 viviendo el pa\u00eds\u201d.<\/p>\n\n\n\n<p>En tanto, la presidenta del Club Voluntad, Carmen Gross, expres\u00f3: \u201cEstamos muy contentos porque todo esto nos sirve para seguir peleando por los chicos. Nosotros no queremos que est\u00e9n en las calles, hacemos todo por ellos\u201d.<\/p>\n\n\n\n<p><strong>\u201cPlaza Voluntad\u201d<\/strong><\/p>\n\n\n\n<p>Con su renovaci\u00f3n, el espacio verde ahora cuenta con juegos nuevos, mesas, faroles, bancos, luces led, maceteros, cestos de basura, postes de precauci\u00f3n para los ni\u00f1os y \u00e1rboles del Vivero Municipal. Adem\u00e1s, se arreglaron y pintaron los juegos que ya estaban en el lugar.<\/p>\n\n\n\n<p>Por otro lado, tambi\u00e9n se sumaron carteles en homenaje a dos socios fundadores del Club Voluntad: Carlos Volpi y Ram\u00f3n Princich.<\/p>\n\n\n\n<p>El vicepresidente de la instituci\u00f3n, Telmo Lasso, se refiri\u00f3 a la plaza: \u201cAgradecemos mucho al Municipio por este lugar que qued\u00f3 hermoso. Estamos muy orgullosos de este logro e invitamos a todos los vecinos a que vengan a visitarla\u201d.<\/p>\n\n\n\n<p>La puesta en valor se enmarca en la pol\u00edtica municipal de remodelaci\u00f3n de los espacios p\u00fablicos de todo el distrito, que se viene desarrollando desde 2018. Fue la 4\u00b0 del a\u00f1o y durante 2019 se hizo lo mismo con 30 plazas.<\/p>\n\n\n\n<p>Participaron tambi\u00e9n de la jornada, los secretarios de Desarrollo Social y Comunitario, Mar\u00eda Laura Lacava; de Organizaciones No Gubernamentales, Marcelo Benedetti; de Gobierno, Antonio Amarilla; y de Seguridad, Ra\u00fal Torres; el subsecretario de Tr\u00e1nsito, Gustavo Gonz\u00e1lez; y el coordinador de Alumbrado P\u00fablico, Sergio Faccenda; entre otras autoridades municipales.<\/p>\n","protected":false},"excerpt":{"rendered":"<p>El Club \u201cVoluntad\u201d del barrio El Sol (138 entre 3 y 4) vivi\u00f3 un d\u00eda so\u00f1ado con la celebraci\u00f3n de su 34\u00b0 aniversario y la inauguraci\u00f3n de la plaza Voluntad que se encuentra contigua a la instituci\u00f3n. El intendente municipal, Juan Jos\u00e9 Mussi, estuvo acompa\u00f1ando a los vecinos en una jornada especial. Durante su visita&#8230;<\/p>\n","protected":false},"author":2,"featured_media":321,"comment_status":"open","ping_status":"open","sticky":false,"template":"","format":"standard","meta":{"footnotes":""},"categories":[3],"tags":[],"class_list":["post-319","post","type-post","status-publish","format-standard","has-post-thumbnail","hentry","category-berazategui"],"featured_image_src":"https:\/\/diarioprincipios.com\/wp-content\/uploads\/2020\/03\/D\u00cdA-DE-FIESTA-PARA-EL-CLUB-\u201cVOLUNTAD\u201d-DEL-BARRIO-EL-SOL-4-1-1024x682.jpg","blog_images":{"medium":"https:\/\/diarioprincipios.com\/wp-content\/uploads\/2020\/03\/D\u00cdA-DE-FIESTA-PARA-EL-CLUB-\u201cVOLUNTAD\u201d-DEL-BARRIO-EL-SOL-4-1-300x200.jpg","large":"https:\/\/diarioprincipios.com\/wp-content\/uploads\/2020\/03\/D\u00cdA-DE-FIESTA-PARA-EL-CLUB-\u201cVOLUNTAD\u201d-DEL-BARRIO-EL-SOL-4-1-1024x682.jpg"},"ams_acf":[],"yoast_head":"<!-- This site is optimized with the Yoast SEO plugin v27.3 - https:\/\/yoast.com\/product\/yoast-seo-wordpress\/ -->\n<title>D\u00eda de fiesta para el Club Voluntad - Principios<\/title>\n<meta name=\"robots\" content=\"index, follow, max-snippet:-1, max-image-preview:large, max-video-preview:-1\" \/>\n<link rel=\"canonical\" href=\"https:\/\/diarioprincipios.com\/index.php\/2020\/03\/13\/dia-de-fiesta-para-el-club-voluntad\/\" \/>\n<meta property=\"og:locale\" content=\"es_ES\" \/>\n<meta property=\"og:type\" content=\"article\" \/>\n<meta property=\"og:title\" content=\"D\u00eda de fiesta para el Club Voluntad - Principios\" \/>\n<meta property=\"og:description\" content=\"El Club \u201cVoluntad\u201d del barrio El Sol (138 entre 3 y 4) vivi\u00f3 un d\u00eda so\u00f1ado con la celebraci\u00f3n de su 34\u00b0 aniversario y la inauguraci\u00f3n de la plaza Voluntad que se encuentra contigua a la instituci\u00f3n. El intendente municipal, Juan Jos\u00e9 Mussi, estuvo acompa\u00f1ando a los vecinos en una jornada especial. Durante su visita...\" \/>\n<meta property=\"og:url\" content=\"https:\/\/diarioprincipios.com\/index.php\/2020\/03\/13\/dia-de-fiesta-para-el-club-voluntad\/\" \/>\n<meta property=\"og:site_name\" content=\"Principios\" \/>\n<meta property=\"article:published_time\" content=\"2020-03-13T14:24:59+00:00\" \/>\n<meta property=\"article:modified_time\" content=\"2020-03-13T14:25:01+00:00\" \/>\n<meta property=\"og:image\" content=\"https:\/\/diarioprincipios.com\/wp-content\/uploads\/2020\/03\/D\u00cdA-DE-FIESTA-PARA-EL-CLUB-\u201cVOLUNTAD\u201d-DEL-BARRIO-EL-SOL-4-1.jpg\" \/>\n\t<meta property=\"og:image:width\" content=\"1280\" \/>\n\t<meta property=\"og:image:height\" content=\"853\" \/>\n\t<meta property=\"og:image:type\" content=\"image\/jpeg\" \/>\n<meta name=\"author\" content=\"Hern\u00e1n L\u00f3pez\" \/>\n<meta name=\"twitter:card\" content=\"summary_large_image\" \/>\n<meta name=\"twitter:label1\" content=\"Escrito por\" \/>\n\t<meta name=\"twitter:data1\" content=\"Hern\u00e1n L\u00f3pez\" \/>\n\t<meta name=\"twitter:label2\" content=\"Tiempo de lectura\" \/>\n\t<meta name=\"twitter:data2\" content=\"2 minutos\" \/>\n<script type=\"application\/ld+json\" class=\"yoast-schema-graph\">{\"@context\":\"https:\\\/\\\/schema.org\",\"@graph\":[{\"@type\":\"Article\",\"@id\":\"https:\\\/\\\/diarioprincipios.com\\\/index.php\\\/2020\\\/03\\\/13\\\/dia-de-fiesta-para-el-club-voluntad\\\/#article\",\"isPartOf\":{\"@id\":\"https:\\\/\\\/diarioprincipios.com\\\/index.php\\\/2020\\\/03\\\/13\\\/dia-de-fiesta-para-el-club-voluntad\\\/\"},\"author\":{\"name\":\"Hern\u00e1n L\u00f3pez\",\"@id\":\"https:\\\/\\\/diarioprincipios.com\\\/#\\\/schema\\\/person\\\/436d5a1fd41a5e250e23ff5a6a7cb080\"},\"headline\":\"D\u00eda de fiesta para el Club Voluntad\",\"datePublished\":\"2020-03-13T14:24:59+00:00\",\"dateModified\":\"2020-03-13T14:25:01+00:00\",\"mainEntityOfPage\":{\"@id\":\"https:\\\/\\\/diarioprincipios.com\\\/index.php\\\/2020\\\/03\\\/13\\\/dia-de-fiesta-para-el-club-voluntad\\\/\"},\"wordCount\":429,\"commentCount\":0,\"publisher\":{\"@id\":\"https:\\\/\\\/diarioprincipios.com\\\/#organization\"},\"image\":{\"@id\":\"https:\\\/\\\/diarioprincipios.com\\\/index.php\\\/2020\\\/03\\\/13\\\/dia-de-fiesta-para-el-club-voluntad\\\/#primaryimage\"},\"thumbnailUrl\":\"https:\\\/\\\/diarioprincipios.com\\\/wp-content\\\/uploads\\\/2020\\\/03\\\/D\u00cdA-DE-FIESTA-PARA-EL-CLUB-\u201cVOLUNTAD\u201d-DEL-BARRIO-EL-SOL-4-1.jpg\",\"articleSection\":[\"Berazategui\"],\"inLanguage\":\"es\",\"potentialAction\":[{\"@type\":\"CommentAction\",\"name\":\"Comment\",\"target\":[\"https:\\\/\\\/diarioprincipios.com\\\/index.php\\\/2020\\\/03\\\/13\\\/dia-de-fiesta-para-el-club-voluntad\\\/#respond\"]}]},{\"@type\":\"WebPage\",\"@id\":\"https:\\\/\\\/diarioprincipios.com\\\/index.php\\\/2020\\\/03\\\/13\\\/dia-de-fiesta-para-el-club-voluntad\\\/\",\"url\":\"https:\\\/\\\/diarioprincipios.com\\\/index.php\\\/2020\\\/03\\\/13\\\/dia-de-fiesta-para-el-club-voluntad\\\/\",\"name\":\"D\u00eda de fiesta para el Club Voluntad - Principios\",\"isPartOf\":{\"@id\":\"https:\\\/\\\/diarioprincipios.com\\\/#website\"},\"primaryImageOfPage\":{\"@id\":\"https:\\\/\\\/diarioprincipios.com\\\/index.php\\\/2020\\\/03\\\/13\\\/dia-de-fiesta-para-el-club-voluntad\\\/#primaryimage\"},\"image\":{\"@id\":\"https:\\\/\\\/diarioprincipios.com\\\/index.php\\\/2020\\\/03\\\/13\\\/dia-de-fiesta-para-el-club-voluntad\\\/#primaryimage\"},\"thumbnailUrl\":\"https:\\\/\\\/diarioprincipios.com\\\/wp-content\\\/uploads\\\/2020\\\/03\\\/D\u00cdA-DE-FIESTA-PARA-EL-CLUB-\u201cVOLUNTAD\u201d-DEL-BARRIO-EL-SOL-4-1.jpg\",\"datePublished\":\"2020-03-13T14:24:59+00:00\",\"dateModified\":\"2020-03-13T14:25:01+00:00\",\"breadcrumb\":{\"@id\":\"https:\\\/\\\/diarioprincipios.com\\\/index.php\\\/2020\\\/03\\\/13\\\/dia-de-fiesta-para-el-club-voluntad\\\/#breadcrumb\"},\"inLanguage\":\"es\",\"potentialAction\":[{\"@type\":\"ReadAction\",\"target\":[\"https:\\\/\\\/diarioprincipios.com\\\/index.php\\\/2020\\\/03\\\/13\\\/dia-de-fiesta-para-el-club-voluntad\\\/\"]}]},{\"@type\":\"ImageObject\",\"inLanguage\":\"es\",\"@id\":\"https:\\\/\\\/diarioprincipios.com\\\/index.php\\\/2020\\\/03\\\/13\\\/dia-de-fiesta-para-el-club-voluntad\\\/#primaryimage\",\"url\":\"https:\\\/\\\/diarioprincipios.com\\\/wp-content\\\/uploads\\\/2020\\\/03\\\/D\u00cdA-DE-FIESTA-PARA-EL-CLUB-\u201cVOLUNTAD\u201d-DEL-BARRIO-EL-SOL-4-1.jpg\",\"contentUrl\":\"https:\\\/\\\/diarioprincipios.com\\\/wp-content\\\/uploads\\\/2020\\\/03\\\/D\u00cdA-DE-FIESTA-PARA-EL-CLUB-\u201cVOLUNTAD\u201d-DEL-BARRIO-EL-SOL-4-1.jpg\",\"width\":1280,\"height\":853},{\"@type\":\"BreadcrumbList\",\"@id\":\"https:\\\/\\\/diarioprincipios.com\\\/index.php\\\/2020\\\/03\\\/13\\\/dia-de-fiesta-para-el-club-voluntad\\\/#breadcrumb\",\"itemListElement\":[{\"@type\":\"ListItem\",\"position\":1,\"name\":\"Portada\",\"item\":\"https:\\\/\\\/diarioprincipios.com\\\/\"},{\"@type\":\"ListItem\",\"position\":2,\"name\":\"D\u00eda de fiesta para el Club Voluntad\"}]},{\"@type\":\"WebSite\",\"@id\":\"https:\\\/\\\/diarioprincipios.com\\\/#website\",\"url\":\"https:\\\/\\\/diarioprincipios.com\\\/\",\"name\":\"Principios\",\"description\":\"Principios Diario\",\"publisher\":{\"@id\":\"https:\\\/\\\/diarioprincipios.com\\\/#organization\"},\"potentialAction\":[{\"@type\":\"SearchAction\",\"target\":{\"@type\":\"EntryPoint\",\"urlTemplate\":\"https:\\\/\\\/diarioprincipios.com\\\/?s={search_term_string}\"},\"query-input\":{\"@type\":\"PropertyValueSpecification\",\"valueRequired\":true,\"valueName\":\"search_term_string\"}}],\"inLanguage\":\"es\"},{\"@type\":\"Organization\",\"@id\":\"https:\\\/\\\/diarioprincipios.com\\\/#organization\",\"name\":\"Principios\",\"url\":\"https:\\\/\\\/diarioprincipios.com\\\/\",\"logo\":{\"@type\":\"ImageObject\",\"inLanguage\":\"es\",\"@id\":\"https:\\\/\\\/diarioprincipios.com\\\/#\\\/schema\\\/logo\\\/image\\\/\",\"url\":\"https:\\\/\\\/diarioprincipios.com\\\/wp-content\\\/uploads\\\/2024\\\/04\\\/cropped-www.diarioprincipios.com_-1.png\",\"contentUrl\":\"https:\\\/\\\/diarioprincipios.com\\\/wp-content\\\/uploads\\\/2024\\\/04\\\/cropped-www.diarioprincipios.com_-1.png\",\"width\":5325,\"height\":1454,\"caption\":\"Principios\"},\"image\":{\"@id\":\"https:\\\/\\\/diarioprincipios.com\\\/#\\\/schema\\\/logo\\\/image\\\/\"}},{\"@type\":\"Person\",\"@id\":\"https:\\\/\\\/diarioprincipios.com\\\/#\\\/schema\\\/person\\\/436d5a1fd41a5e250e23ff5a6a7cb080\",\"name\":\"Hern\u00e1n L\u00f3pez\",\"image\":{\"@type\":\"ImageObject\",\"inLanguage\":\"es\",\"@id\":\"https:\\\/\\\/diarioprincipios.com\\\/wp-content\\\/litespeed\\\/avatar\\\/11ddfe5610ff3bd100522525b2571f48.jpg?ver=1777048341\",\"url\":\"https:\\\/\\\/diarioprincipios.com\\\/wp-content\\\/litespeed\\\/avatar\\\/11ddfe5610ff3bd100522525b2571f48.jpg?ver=1777048341\",\"contentUrl\":\"https:\\\/\\\/diarioprincipios.com\\\/wp-content\\\/litespeed\\\/avatar\\\/11ddfe5610ff3bd100522525b2571f48.jpg?ver=1777048341\",\"caption\":\"Hern\u00e1n L\u00f3pez\"},\"url\":\"https:\\\/\\\/diarioprincipios.com\\\/index.php\\\/author\\\/hernan\\\/\"}]}<\/script>\n<!-- \/ Yoast SEO plugin. -->","yoast_head_json":{"title":"D\u00eda de fiesta para el Club Voluntad - Principios","robots":{"index":"index","follow":"follow","max-snippet":"max-snippet:-1","max-image-preview":"max-image-preview:large","max-video-preview":"max-video-preview:-1"},"canonical":"https:\/\/diarioprincipios.com\/index.php\/2020\/03\/13\/dia-de-fiesta-para-el-club-voluntad\/","og_locale":"es_ES","og_type":"article","og_title":"D\u00eda de fiesta para el Club Voluntad - Principios","og_description":"El Club \u201cVoluntad\u201d del barrio El Sol (138 entre 3 y 4) vivi\u00f3 un d\u00eda so\u00f1ado con la celebraci\u00f3n de su 34\u00b0 aniversario y la inauguraci\u00f3n de la plaza Voluntad que se encuentra contigua a la instituci\u00f3n. El intendente municipal, Juan Jos\u00e9 Mussi, estuvo acompa\u00f1ando a los vecinos en una jornada especial. Durante su visita...","og_url":"https:\/\/diarioprincipios.com\/index.php\/2020\/03\/13\/dia-de-fiesta-para-el-club-voluntad\/","og_site_name":"Principios","article_published_time":"2020-03-13T14:24:59+00:00","article_modified_time":"2020-03-13T14:25:01+00:00","og_image":[{"width":1280,"height":853,"url":"https:\/\/diarioprincipios.com\/wp-content\/uploads\/2020\/03\/D\u00cdA-DE-FIESTA-PARA-EL-CLUB-\u201cVOLUNTAD\u201d-DEL-BARRIO-EL-SOL-4-1.jpg","type":"image\/jpeg"}],"author":"Hern\u00e1n L\u00f3pez","twitter_card":"summary_large_image","twitter_misc":{"Escrito por":"Hern\u00e1n L\u00f3pez","Tiempo de lectura":"2 minutos"},"schema":{"@context":"https:\/\/schema.org","@graph":[{"@type":"Article","@id":"https:\/\/diarioprincipios.com\/index.php\/2020\/03\/13\/dia-de-fiesta-para-el-club-voluntad\/#article","isPartOf":{"@id":"https:\/\/diarioprincipios.com\/index.php\/2020\/03\/13\/dia-de-fiesta-para-el-club-voluntad\/"},"author":{"name":"Hern\u00e1n L\u00f3pez","@id":"https:\/\/diarioprincipios.com\/#\/schema\/person\/436d5a1fd41a5e250e23ff5a6a7cb080"},"headline":"D\u00eda de fiesta para el Club Voluntad","datePublished":"2020-03-13T14:24:59+00:00","dateModified":"2020-03-13T14:25:01+00:00","mainEntityOfPage":{"@id":"https:\/\/diarioprincipios.com\/index.php\/2020\/03\/13\/dia-de-fiesta-para-el-club-voluntad\/"},"wordCount":429,"commentCount":0,"publisher":{"@id":"https:\/\/diarioprincipios.com\/#organization"},"image":{"@id":"https:\/\/diarioprincipios.com\/index.php\/2020\/03\/13\/dia-de-fiesta-para-el-club-voluntad\/#primaryimage"},"thumbnailUrl":"https:\/\/diarioprincipios.com\/wp-content\/uploads\/2020\/03\/D\u00cdA-DE-FIESTA-PARA-EL-CLUB-\u201cVOLUNTAD\u201d-DEL-BARRIO-EL-SOL-4-1.jpg","articleSection":["Berazategui"],"inLanguage":"es","potentialAction":[{"@type":"CommentAction","name":"Comment","target":["https:\/\/diarioprincipios.com\/index.php\/2020\/03\/13\/dia-de-fiesta-para-el-club-voluntad\/#respond"]}]},{"@type":"WebPage","@id":"https:\/\/diarioprincipios.com\/index.php\/2020\/03\/13\/dia-de-fiesta-para-el-club-voluntad\/","url":"https:\/\/diarioprincipios.com\/index.php\/2020\/03\/13\/dia-de-fiesta-para-el-club-voluntad\/","name":"D\u00eda de fiesta para el Club Voluntad - Principios","isPartOf":{"@id":"https:\/\/diarioprincipios.com\/#website"},"primaryImageOfPage":{"@id":"https:\/\/diarioprincipios.com\/index.php\/2020\/03\/13\/dia-de-fiesta-para-el-club-voluntad\/#primaryimage"},"image":{"@id":"https:\/\/diarioprincipios.com\/index.php\/2020\/03\/13\/dia-de-fiesta-para-el-club-voluntad\/#primaryimage"},"thumbnailUrl":"https:\/\/diarioprincipios.com\/wp-content\/uploads\/2020\/03\/D\u00cdA-DE-FIESTA-PARA-EL-CLUB-\u201cVOLUNTAD\u201d-DEL-BARRIO-EL-SOL-4-1.jpg","datePublished":"2020-03-13T14:24:59+00:00","dateModified":"2020-03-13T14:25:01+00:00","breadcrumb":{"@id":"https:\/\/diarioprincipios.com\/index.php\/2020\/03\/13\/dia-de-fiesta-para-el-club-voluntad\/#breadcrumb"},"inLanguage":"es","potentialAction":[{"@type":"ReadAction","target":["https:\/\/diarioprincipios.com\/index.php\/2020\/03\/13\/dia-de-fiesta-para-el-club-voluntad\/"]}]},{"@type":"ImageObject","inLanguage":"es","@id":"https:\/\/diarioprincipios.com\/index.php\/2020\/03\/13\/dia-de-fiesta-para-el-club-voluntad\/#primaryimage","url":"https:\/\/diarioprincipios.com\/wp-content\/uploads\/2020\/03\/D\u00cdA-DE-FIESTA-PARA-EL-CLUB-\u201cVOLUNTAD\u201d-DEL-BARRIO-EL-SOL-4-1.jpg","contentUrl":"https:\/\/diarioprincipios.com\/wp-content\/uploads\/2020\/03\/D\u00cdA-DE-FIESTA-PARA-EL-CLUB-\u201cVOLUNTAD\u201d-DEL-BARRIO-EL-SOL-4-1.jpg","width":1280,"height":853},{"@type":"BreadcrumbList","@id":"https:\/\/diarioprincipios.com\/index.php\/2020\/03\/13\/dia-de-fiesta-para-el-club-voluntad\/#breadcrumb","itemListElement":[{"@type":"ListItem","position":1,"name":"Portada","item":"https:\/\/diarioprincipios.com\/"},{"@type":"ListItem","position":2,"name":"D\u00eda de fiesta para el Club Voluntad"}]},{"@type":"WebSite","@id":"https:\/\/diarioprincipios.com\/#website","url":"https:\/\/diarioprincipios.com\/","name":"Principios","description":"Principios Diario","publisher":{"@id":"https:\/\/diarioprincipios.com\/#organization"},"potentialAction":[{"@type":"SearchAction","target":{"@type":"EntryPoint","urlTemplate":"https:\/\/diarioprincipios.com\/?s={search_term_string}"},"query-input":{"@type":"PropertyValueSpecification","valueRequired":true,"valueName":"search_term_string"}}],"inLanguage":"es"},{"@type":"Organization","@id":"https:\/\/diarioprincipios.com\/#organization","name":"Principios","url":"https:\/\/diarioprincipios.com\/","logo":{"@type":"ImageObject","inLanguage":"es","@id":"https:\/\/diarioprincipios.com\/#\/schema\/logo\/image\/","url":"https:\/\/diarioprincipios.com\/wp-content\/uploads\/2024\/04\/cropped-www.diarioprincipios.com_-1.png","contentUrl":"https:\/\/diarioprincipios.com\/wp-content\/uploads\/2024\/04\/cropped-www.diarioprincipios.com_-1.png","width":5325,"height":1454,"caption":"Principios"},"image":{"@id":"https:\/\/diarioprincipios.com\/#\/schema\/logo\/image\/"}},{"@type":"Person","@id":"https:\/\/diarioprincipios.com\/#\/schema\/person\/436d5a1fd41a5e250e23ff5a6a7cb080","name":"Hern\u00e1n L\u00f3pez","image":{"@type":"ImageObject","inLanguage":"es","@id":"https:\/\/diarioprincipios.com\/wp-content\/litespeed\/avatar\/11ddfe5610ff3bd100522525b2571f48.jpg?ver=1777048341","url":"https:\/\/diarioprincipios.com\/wp-content\/litespeed\/avatar\/11ddfe5610ff3bd100522525b2571f48.jpg?ver=1777048341","contentUrl":"https:\/\/diarioprincipios.com\/wp-content\/litespeed\/avatar\/11ddfe5610ff3bd100522525b2571f48.jpg?ver=1777048341","caption":"Hern\u00e1n L\u00f3pez"},"url":"https:\/\/diarioprincipios.com\/index.php\/author\/hernan\/"}]}},"jetpack_featured_media_url":"https:\/\/diarioprincipios.com\/wp-content\/uploads\/2020\/03\/D\u00cdA-DE-FIESTA-PARA-EL-CLUB-\u201cVOLUNTAD\u201d-DEL-BARRIO-EL-SOL-4-1.jpg","_links":{"self":[{"href":"https:\/\/diarioprincipios.com\/index.php\/wp-json\/wp\/v2\/posts\/319","targetHints":{"allow":["GET"]}}],"collection":[{"href":"https:\/\/diarioprincipios.com\/index.php\/wp-json\/wp\/v2\/posts"}],"about":[{"href":"https:\/\/diarioprincipios.com\/index.php\/wp-json\/wp\/v2\/types\/post"}],"author":[{"embeddable":true,"href":"https:\/\/diarioprincipios.com\/index.php\/wp-json\/wp\/v2\/users\/2"}],"replies":[{"embeddable":true,"href":"https:\/\/diarioprincipios.com\/index.php\/wp-json\/wp\/v2\/comments?post=319"}],"version-history":[{"count":1,"href":"https:\/\/diarioprincipios.com\/index.php\/wp-json\/wp\/v2\/posts\/319\/revisions"}],"predecessor-version":[{"id":322,"href":"https:\/\/diarioprincipios.com\/index.php\/wp-json\/wp\/v2\/posts\/319\/revisions\/322"}],"wp:featuredmedia":[{"embeddable":true,"href":"https:\/\/diarioprincipios.com\/index.php\/wp-json\/wp\/v2\/media\/321"}],"wp:attachment":[{"href":"https:\/\/diarioprincipios.com\/index.php\/wp-json\/wp\/v2\/media?parent=319"}],"wp:term":[{"taxonomy":"category","embeddable":true,"href":"https:\/\/diarioprincipios.com\/index.php\/wp-json\/wp\/v2\/categories?post=319"},{"taxonomy":"post_tag","embeddable":true,"href":"https:\/\/diarioprincipios.com\/index.php\/wp-json\/wp\/v2\/tags?post=319"}],"curies":[{"name":"wp","href":"https:\/\/api.w.org\/{rel}","templated":true}]}}