{"id":3173,"date":"2020-06-21T17:31:45","date_gmt":"2020-06-21T20:31:45","guid":{"rendered":"http:\/\/diarioprincipios.com\/?p=3173"},"modified":"2020-06-21T17:31:49","modified_gmt":"2020-06-21T20:31:49","slug":"el-municipio-de-berazategui-expreso-su-gratitud-con-empresas-y-vecinos-solidarios","status":"publish","type":"post","link":"https:\/\/diarioprincipios.com\/index.php\/2020\/06\/21\/el-municipio-de-berazategui-expreso-su-gratitud-con-empresas-y-vecinos-solidarios\/","title":{"rendered":"El Municipio de Berazategui expres\u00f3 su gratitud con empresas y vecinos solidarios"},"content":{"rendered":"\n<p><strong>La Municipalidad de Berazategui y su intendente, Juan Jos\u00e9 Mussi, agradecen las acciones solidarias de ciudadanos y organizaciones que, en el marco de la actual emergencia sanitaria, siguen brindando desinteresadamente su colaboraci\u00f3n para el distrito, a trav\u00e9s de donaciones de diversos recursos de gran utilidad.<\/strong><\/p>\n\n\n\n<p>En esta oportunidad, la Comuna dio a conocer los siguientes agradecimientos, que incluyen a vecinos, empresas, productores, comerciantes y emprendedores:<\/p>\n\n\n\n<p>&nbsp;&#8211; A EMPRESARIA SUR S.R.L, de Andr\u00e9s Chiappetta, que don\u00f3 100 m\u00e1scaras faciales de protecci\u00f3n.<\/p>\n\n\n\n<p>&#8211; A Ezequiel Pedrozo y SUE\u00d1O IMPRESIONES 3D, que donaron m\u00e1scaras faciales.<\/p>\n\n\n\n<p>&#8211; A los PRODUCTORES DE MERCADO VECINO, que donaron frutas, huevos y verduras para los sectores m\u00e1s vulnerables. Es la cuarta donaci\u00f3n que realizan.<\/p>\n\n\n\n<p>&#8211; A TOMATES PRETO, que don\u00f3 botellas de tomate triturado. Tambi\u00e9n, es su cuarta donaci\u00f3n.<\/p>\n\n\n\n<p>&#8211; A GRUAPA SRL &#8211; JASO ARGENTINA, que don\u00f3 alimentos no perecederos. Es su cuarta donaci\u00f3n.<\/p>\n\n\n\n<p>&#8211; A los EMPRENDEDORES DEL PROGRAMA EMPRENDER, que est\u00e1n confeccionado mantas y cuellos polares con telas que est\u00e1n donando las empresas para la Campa\u00f1a solidaria \u00abAbrigando Sue\u00f1os\u00bb. Anteriormente hab\u00edan colaborado en la confecci\u00f3n y donaci\u00f3n de tapabocas.<\/p>\n\n\n\n<p>Anteriormente, el Municipio recibi\u00f3 variadas donaciones de vecinos y organizaciones, por lo que consider\u00f3 necesario demostrar su gratitud a todos ellos nuevamente:<\/p>\n\n\n\n<p>L Y H TEXTIL \/ERICA CABRAL\/CENTRO DE DISE\u00d1O ITALIANO (CDI)\/TABACALERA ESPERT S.A.\/ANTONIO SACINO\/ESTABLECIMIENTOS SOURIGUES\/CARAVANA MOTORHOMES\/JAVIER MONTEVERDE\/DEL CERRO CONSTRUCCIONES\/BANCO DE GALICIA y BUENOS AIRES S.A.U. \/ SOCIEDAD DE FOMENTO \u00abEL OMB\u00da\u00bb \/ LUISA RODR\u00cdGUEZ CABRERA \/ MOSTAZA INDUMENTARIA &nbsp;\/ FUNDACI\u00d3N JUANJO \/ VOLUNTARIADO VOLBER (VOLUNTARIADO BERAZATEGUI) \/ PAMPA TRADE\/ LEONARDO GUEDES \/ REGINALD LEE S.A.\/ CENTRO DE MARTILLEROS Y CORREDORES P\u00daBLICOS DE BERAZATEGUI\/ RITA &nbsp;RODRIGO\/ F\u00c1BRICA TEXTIL LA SELENA S.A. \/ PABLO CIABOCCO\/ RODOLFO FERN\u00c1NDEZ FLORIANI\/ CENTRO COMERCIAL, INDUSTRIAL Y PROFESIONAL \u201cJUAN MAR\u00cdA GUTI\u00c9RREZ\u201d\/ &nbsp;COMERCIO \u201cEL MAGO\u201d\/ MADERVENT\/ PRODALSA\/ MAT\u00cdAS PAREDES\/ COMERCIANTES AUTOCONVOCADOS DE BARRIO MAR\u00cdTIMO\/ DR. MARCELO MALARA\/ AUTOCLUB BERAZATEGUI\/ GRACIELA DE LOS SANTOS\/ LOCAL DE ROPA INFANTIL EL N\u00daMERO UNO, del SR. FREDY RISCOSSA \/ S&amp;S ROPA INFANTIL, de GERARDO BASILIO \/ INMOBILIARIA GRUPO PAMPA \/ SALVADOR ARAUJO \/ JOS\u00c9 VACCARO NOTTE \/ JOS\u00c9 LUIS TRIVI\u00d1O \/ MAS-TIN \/ EL MAKZAL \/ MOLINARI Y MOLTECH \/ ENVASES DEL PARQUE S.A. \/ DISTRIBUIDORA FERNI \/ CARLOS BENZAQUEN \/ JOS\u00c9 LUIS M\u00c1RMOL \/ V\u00cdCTOR VARONE \/ GABRIEL IEZZI \/ GUSTAVO MANCUSO \/ JAVIER ROSALES \/ RICARDO L\u00d3PEZ \/ CRISTIAN TOLEDO \/ FILIAL BERAZATEGUI DEL CLUB BOCA JUNIORS \/ FILIAL BERAZATEGUI DEL CLUB RIVER PLATE \/ OSCAR GATTI \/ JUSTO LAMAS \/ JULIO SALIN \/ ROTARY CLUB EZPELETA \/ C\u00c1MARA DE COMERCIO BERAZATEGUI OESTE \/ CLAUDIO MARIUTTI \/ ESCUELA T\u00c9CNICA 4 \/ LUCAS MEMMO \/ ASOCIACI\u00d3N \u00abARGENTINA USA BARBIJOS\u00bb \/ ROTARY CLUB \/ MARIANA FERRAZ \/ SOCIEDAD DE FOMENTO PL\u00c1TANOS \/ SINDICATO DE TRABAJADORES MUNICIPALES DE BERAZATEGUI (de GABRIEL CAMPUSSANO) \/ ESCOMESSINA S.A. \/ MANDALA EVENTOS \/ CRISTALER\u00cdAS RIGOLLEAU \/ LA COMARCA EXTERIOR \/ CARDELLINO EVENTOS, de JUAN OROPEZA \/ LE PARK ENTRETENIMIENTOS \/ LA ADB \/ AZ\u00daCAR FUGAZ \/ PRODUCTORES DE LA COOPERATIVA 12 DE AGOSTO \/ DAR\u00cdO \u201cPIPA\u201d BENEDETTO \/ METALCROM \/ COARDEL \/ DECOR CLEAN \/ RGG MANTENIMIENTO \/ CLUB DE LEONES DE BERAZATEGUI \/ PANADER\u00cdA DOLCE DOLCE, del SR. EDUARDO ALBANESE \/ OSCAR ALMIR\u00d3N \/ NORMA DE LOS SANTOS Y MAT\u00cdAS AGUIRRE \/ CLUB LOS LE\u00d1EROS \/ MIGUEL SEGURA (GERENTE DE DUPONT) \/ LEANDRO DAGAND \/ CARLOS CACACE, de ARGENPACK CORRUGADOS S.A. \/ ROTARY CLUB DE RANELAGH \/ HUEVOS FABIOLA \/ FIDEOS QU\u00c9 RICO \/ SUPERMERCADO \u201cEL C\u00c9SAR\u201d \/ COLEGIO DE MAGISTRADOS Y FUNCIONARIOS DE QUILMES \/ VER\u00d3NICA D\u00cdAZ \/ SUPERMERCARDOS DIA \/ JUEZ ALEJANDRO MORA \/ SUPERMERCADO STANISCIA \/ FAMILIA FERN\u00c1NDEZ ARAG\u00d3N \u2013de Berazategui- \/ HUGO BERRETA \/ ARIEL NARV\u00c1EZ (CARNICER\u00cdA EL BUEN GUSTO) \/ UNI\u00d3N INDUSTRIAL DE BERAZATEGUI \/ AGOMAT \/ CL\u00cdNICA PRIVADA RANELAGH \/ GUEDIKIAN IMPRESORES \/ CARNICER\u00cdA LA MERCED \/ COMERCIO VIEJO OCASO \/ EMPRENDIMIENTO DULCE ISABELLA \/ AEROCLUB R\u00cdO DE LA PLATA DE BERAZATEGUI \/ MAXI DESCUENTO Y DISTRIBUIDORA SOURIGUES \/ CASA DE RETIRO DEL COLEGIO SAN PABLO AP\u00d3STOL (El Pato) \/ SEDE DANTAS DE LA ESCUELA DE POLIC\u00cdA \u201cJUAN VUCETICH\u201d \/ FUNDACI\u00d3N CREER ES CREAR \/ SE\u00d1ALARTE \/ AGRUPACI\u00d3N H\u00c9ROES DE MALVINAS \/ HLB PHARMA \/ FAMILIA O\u00b4KEEFE.&nbsp;&nbsp;<\/p>\n","protected":false},"excerpt":{"rendered":"<p>La Municipalidad de Berazategui y su intendente, Juan Jos\u00e9 Mussi, agradecen las acciones solidarias de ciudadanos y organizaciones que, en el marco de la actual emergencia sanitaria, siguen brindando desinteresadamente su colaboraci\u00f3n para el distrito, a trav\u00e9s de donaciones de diversos recursos de gran utilidad. En esta oportunidad, la Comuna dio a conocer los siguientes&#8230;<\/p>\n","protected":false},"author":2,"featured_media":2619,"comment_status":"open","ping_status":"open","sticky":false,"template":"","format":"standard","meta":{"footnotes":""},"categories":[3],"tags":[],"class_list":["post-3173","post","type-post","status-publish","format-standard","has-post-thumbnail","hentry","category-berazategui"],"featured_image_src":"https:\/\/diarioprincipios.com\/wp-content\/uploads\/2020\/06\/EL-MUNICIPIO-AGRADECE-LA-SOLIDARIDAD-DE-VECINOS-Y-ORGANIZACIONES-1024x684.jpg","blog_images":{"medium":"https:\/\/diarioprincipios.com\/wp-content\/uploads\/2020\/06\/EL-MUNICIPIO-AGRADECE-LA-SOLIDARIDAD-DE-VECINOS-Y-ORGANIZACIONES-300x200.jpg","large":"https:\/\/diarioprincipios.com\/wp-content\/uploads\/2020\/06\/EL-MUNICIPIO-AGRADECE-LA-SOLIDARIDAD-DE-VECINOS-Y-ORGANIZACIONES-1024x684.jpg"},"ams_acf":[],"yoast_head":"<!-- This site is optimized with the Yoast SEO plugin v27.3 - https:\/\/yoast.com\/product\/yoast-seo-wordpress\/ -->\n<title>El Municipio de Berazategui expres\u00f3 su gratitud con empresas y vecinos solidarios - Principios<\/title>\n<meta name=\"robots\" content=\"index, follow, max-snippet:-1, max-image-preview:large, max-video-preview:-1\" \/>\n<link rel=\"canonical\" href=\"https:\/\/diarioprincipios.com\/index.php\/2020\/06\/21\/el-municipio-de-berazategui-expreso-su-gratitud-con-empresas-y-vecinos-solidarios\/\" \/>\n<meta property=\"og:locale\" content=\"es_ES\" \/>\n<meta property=\"og:type\" content=\"article\" \/>\n<meta property=\"og:title\" content=\"El Municipio de Berazategui expres\u00f3 su gratitud con empresas y vecinos solidarios - Principios\" \/>\n<meta property=\"og:description\" content=\"La Municipalidad de Berazategui y su intendente, Juan Jos\u00e9 Mussi, agradecen las acciones solidarias de ciudadanos y organizaciones que, en el marco de la actual emergencia sanitaria, siguen brindando desinteresadamente su colaboraci\u00f3n para el distrito, a trav\u00e9s de donaciones de diversos recursos de gran utilidad. En esta oportunidad, la Comuna dio a conocer los siguientes...\" \/>\n<meta property=\"og:url\" content=\"https:\/\/diarioprincipios.com\/index.php\/2020\/06\/21\/el-municipio-de-berazategui-expreso-su-gratitud-con-empresas-y-vecinos-solidarios\/\" \/>\n<meta property=\"og:site_name\" content=\"Principios\" \/>\n<meta property=\"article:published_time\" content=\"2020-06-21T20:31:45+00:00\" \/>\n<meta property=\"article:modified_time\" content=\"2020-06-21T20:31:49+00:00\" \/>\n<meta property=\"og:image\" content=\"https:\/\/diarioprincipios.com\/wp-content\/uploads\/2020\/06\/EL-MUNICIPIO-AGRADECE-LA-SOLIDARIDAD-DE-VECINOS-Y-ORGANIZACIONES.jpg\" \/>\n\t<meta property=\"og:image:width\" content=\"1920\" \/>\n\t<meta property=\"og:image:height\" content=\"1282\" \/>\n\t<meta property=\"og:image:type\" content=\"image\/jpeg\" \/>\n<meta name=\"author\" content=\"Hern\u00e1n L\u00f3pez\" \/>\n<meta name=\"twitter:card\" content=\"summary_large_image\" \/>\n<meta name=\"twitter:label1\" content=\"Escrito por\" \/>\n\t<meta name=\"twitter:data1\" content=\"Hern\u00e1n L\u00f3pez\" \/>\n\t<meta name=\"twitter:label2\" content=\"Tiempo de lectura\" \/>\n\t<meta name=\"twitter:data2\" content=\"3 minutos\" \/>\n<script type=\"application\/ld+json\" class=\"yoast-schema-graph\">{\"@context\":\"https:\\\/\\\/schema.org\",\"@graph\":[{\"@type\":\"Article\",\"@id\":\"https:\\\/\\\/diarioprincipios.com\\\/index.php\\\/2020\\\/06\\\/21\\\/el-municipio-de-berazategui-expreso-su-gratitud-con-empresas-y-vecinos-solidarios\\\/#article\",\"isPartOf\":{\"@id\":\"https:\\\/\\\/diarioprincipios.com\\\/index.php\\\/2020\\\/06\\\/21\\\/el-municipio-de-berazategui-expreso-su-gratitud-con-empresas-y-vecinos-solidarios\\\/\"},\"author\":{\"name\":\"Hern\u00e1n L\u00f3pez\",\"@id\":\"https:\\\/\\\/diarioprincipios.com\\\/#\\\/schema\\\/person\\\/436d5a1fd41a5e250e23ff5a6a7cb080\"},\"headline\":\"El Municipio de Berazategui expres\u00f3 su gratitud con empresas y vecinos solidarios\",\"datePublished\":\"2020-06-21T20:31:45+00:00\",\"dateModified\":\"2020-06-21T20:31:49+00:00\",\"mainEntityOfPage\":{\"@id\":\"https:\\\/\\\/diarioprincipios.com\\\/index.php\\\/2020\\\/06\\\/21\\\/el-municipio-de-berazategui-expreso-su-gratitud-con-empresas-y-vecinos-solidarios\\\/\"},\"wordCount\":689,\"commentCount\":0,\"publisher\":{\"@id\":\"https:\\\/\\\/diarioprincipios.com\\\/#organization\"},\"image\":{\"@id\":\"https:\\\/\\\/diarioprincipios.com\\\/index.php\\\/2020\\\/06\\\/21\\\/el-municipio-de-berazategui-expreso-su-gratitud-con-empresas-y-vecinos-solidarios\\\/#primaryimage\"},\"thumbnailUrl\":\"https:\\\/\\\/diarioprincipios.com\\\/wp-content\\\/uploads\\\/2020\\\/06\\\/EL-MUNICIPIO-AGRADECE-LA-SOLIDARIDAD-DE-VECINOS-Y-ORGANIZACIONES.jpg\",\"articleSection\":[\"Berazategui\"],\"inLanguage\":\"es\",\"potentialAction\":[{\"@type\":\"CommentAction\",\"name\":\"Comment\",\"target\":[\"https:\\\/\\\/diarioprincipios.com\\\/index.php\\\/2020\\\/06\\\/21\\\/el-municipio-de-berazategui-expreso-su-gratitud-con-empresas-y-vecinos-solidarios\\\/#respond\"]}]},{\"@type\":\"WebPage\",\"@id\":\"https:\\\/\\\/diarioprincipios.com\\\/index.php\\\/2020\\\/06\\\/21\\\/el-municipio-de-berazategui-expreso-su-gratitud-con-empresas-y-vecinos-solidarios\\\/\",\"url\":\"https:\\\/\\\/diarioprincipios.com\\\/index.php\\\/2020\\\/06\\\/21\\\/el-municipio-de-berazategui-expreso-su-gratitud-con-empresas-y-vecinos-solidarios\\\/\",\"name\":\"El Municipio de Berazategui expres\u00f3 su gratitud con empresas y vecinos solidarios - Principios\",\"isPartOf\":{\"@id\":\"https:\\\/\\\/diarioprincipios.com\\\/#website\"},\"primaryImageOfPage\":{\"@id\":\"https:\\\/\\\/diarioprincipios.com\\\/index.php\\\/2020\\\/06\\\/21\\\/el-municipio-de-berazategui-expreso-su-gratitud-con-empresas-y-vecinos-solidarios\\\/#primaryimage\"},\"image\":{\"@id\":\"https:\\\/\\\/diarioprincipios.com\\\/index.php\\\/2020\\\/06\\\/21\\\/el-municipio-de-berazategui-expreso-su-gratitud-con-empresas-y-vecinos-solidarios\\\/#primaryimage\"},\"thumbnailUrl\":\"https:\\\/\\\/diarioprincipios.com\\\/wp-content\\\/uploads\\\/2020\\\/06\\\/EL-MUNICIPIO-AGRADECE-LA-SOLIDARIDAD-DE-VECINOS-Y-ORGANIZACIONES.jpg\",\"datePublished\":\"2020-06-21T20:31:45+00:00\",\"dateModified\":\"2020-06-21T20:31:49+00:00\",\"breadcrumb\":{\"@id\":\"https:\\\/\\\/diarioprincipios.com\\\/index.php\\\/2020\\\/06\\\/21\\\/el-municipio-de-berazategui-expreso-su-gratitud-con-empresas-y-vecinos-solidarios\\\/#breadcrumb\"},\"inLanguage\":\"es\",\"potentialAction\":[{\"@type\":\"ReadAction\",\"target\":[\"https:\\\/\\\/diarioprincipios.com\\\/index.php\\\/2020\\\/06\\\/21\\\/el-municipio-de-berazategui-expreso-su-gratitud-con-empresas-y-vecinos-solidarios\\\/\"]}]},{\"@type\":\"ImageObject\",\"inLanguage\":\"es\",\"@id\":\"https:\\\/\\\/diarioprincipios.com\\\/index.php\\\/2020\\\/06\\\/21\\\/el-municipio-de-berazategui-expreso-su-gratitud-con-empresas-y-vecinos-solidarios\\\/#primaryimage\",\"url\":\"https:\\\/\\\/diarioprincipios.com\\\/wp-content\\\/uploads\\\/2020\\\/06\\\/EL-MUNICIPIO-AGRADECE-LA-SOLIDARIDAD-DE-VECINOS-Y-ORGANIZACIONES.jpg\",\"contentUrl\":\"https:\\\/\\\/diarioprincipios.com\\\/wp-content\\\/uploads\\\/2020\\\/06\\\/EL-MUNICIPIO-AGRADECE-LA-SOLIDARIDAD-DE-VECINOS-Y-ORGANIZACIONES.jpg\",\"width\":1920,\"height\":1282},{\"@type\":\"BreadcrumbList\",\"@id\":\"https:\\\/\\\/diarioprincipios.com\\\/index.php\\\/2020\\\/06\\\/21\\\/el-municipio-de-berazategui-expreso-su-gratitud-con-empresas-y-vecinos-solidarios\\\/#breadcrumb\",\"itemListElement\":[{\"@type\":\"ListItem\",\"position\":1,\"name\":\"Portada\",\"item\":\"https:\\\/\\\/diarioprincipios.com\\\/\"},{\"@type\":\"ListItem\",\"position\":2,\"name\":\"El Municipio de Berazategui expres\u00f3 su gratitud con empresas y vecinos solidarios\"}]},{\"@type\":\"WebSite\",\"@id\":\"https:\\\/\\\/diarioprincipios.com\\\/#website\",\"url\":\"https:\\\/\\\/diarioprincipios.com\\\/\",\"name\":\"Principios\",\"description\":\"Principios Diario\",\"publisher\":{\"@id\":\"https:\\\/\\\/diarioprincipios.com\\\/#organization\"},\"potentialAction\":[{\"@type\":\"SearchAction\",\"target\":{\"@type\":\"EntryPoint\",\"urlTemplate\":\"https:\\\/\\\/diarioprincipios.com\\\/?s={search_term_string}\"},\"query-input\":{\"@type\":\"PropertyValueSpecification\",\"valueRequired\":true,\"valueName\":\"search_term_string\"}}],\"inLanguage\":\"es\"},{\"@type\":\"Organization\",\"@id\":\"https:\\\/\\\/diarioprincipios.com\\\/#organization\",\"name\":\"Principios\",\"url\":\"https:\\\/\\\/diarioprincipios.com\\\/\",\"logo\":{\"@type\":\"ImageObject\",\"inLanguage\":\"es\",\"@id\":\"https:\\\/\\\/diarioprincipios.com\\\/#\\\/schema\\\/logo\\\/image\\\/\",\"url\":\"https:\\\/\\\/diarioprincipios.com\\\/wp-content\\\/uploads\\\/2024\\\/04\\\/cropped-www.diarioprincipios.com_-1.png\",\"contentUrl\":\"https:\\\/\\\/diarioprincipios.com\\\/wp-content\\\/uploads\\\/2024\\\/04\\\/cropped-www.diarioprincipios.com_-1.png\",\"width\":5325,\"height\":1454,\"caption\":\"Principios\"},\"image\":{\"@id\":\"https:\\\/\\\/diarioprincipios.com\\\/#\\\/schema\\\/logo\\\/image\\\/\"}},{\"@type\":\"Person\",\"@id\":\"https:\\\/\\\/diarioprincipios.com\\\/#\\\/schema\\\/person\\\/436d5a1fd41a5e250e23ff5a6a7cb080\",\"name\":\"Hern\u00e1n L\u00f3pez\",\"image\":{\"@type\":\"ImageObject\",\"inLanguage\":\"es\",\"@id\":\"https:\\\/\\\/diarioprincipios.com\\\/wp-content\\\/litespeed\\\/avatar\\\/11ddfe5610ff3bd100522525b2571f48.jpg?ver=1777048341\",\"url\":\"https:\\\/\\\/diarioprincipios.com\\\/wp-content\\\/litespeed\\\/avatar\\\/11ddfe5610ff3bd100522525b2571f48.jpg?ver=1777048341\",\"contentUrl\":\"https:\\\/\\\/diarioprincipios.com\\\/wp-content\\\/litespeed\\\/avatar\\\/11ddfe5610ff3bd100522525b2571f48.jpg?ver=1777048341\",\"caption\":\"Hern\u00e1n L\u00f3pez\"},\"url\":\"https:\\\/\\\/diarioprincipios.com\\\/index.php\\\/author\\\/hernan\\\/\"}]}<\/script>\n<!-- \/ Yoast SEO plugin. -->","yoast_head_json":{"title":"El Municipio de Berazategui expres\u00f3 su gratitud con empresas y vecinos solidarios - Principios","robots":{"index":"index","follow":"follow","max-snippet":"max-snippet:-1","max-image-preview":"max-image-preview:large","max-video-preview":"max-video-preview:-1"},"canonical":"https:\/\/diarioprincipios.com\/index.php\/2020\/06\/21\/el-municipio-de-berazategui-expreso-su-gratitud-con-empresas-y-vecinos-solidarios\/","og_locale":"es_ES","og_type":"article","og_title":"El Municipio de Berazategui expres\u00f3 su gratitud con empresas y vecinos solidarios - Principios","og_description":"La Municipalidad de Berazategui y su intendente, Juan Jos\u00e9 Mussi, agradecen las acciones solidarias de ciudadanos y organizaciones que, en el marco de la actual emergencia sanitaria, siguen brindando desinteresadamente su colaboraci\u00f3n para el distrito, a trav\u00e9s de donaciones de diversos recursos de gran utilidad. En esta oportunidad, la Comuna dio a conocer los siguientes...","og_url":"https:\/\/diarioprincipios.com\/index.php\/2020\/06\/21\/el-municipio-de-berazategui-expreso-su-gratitud-con-empresas-y-vecinos-solidarios\/","og_site_name":"Principios","article_published_time":"2020-06-21T20:31:45+00:00","article_modified_time":"2020-06-21T20:31:49+00:00","og_image":[{"width":1920,"height":1282,"url":"https:\/\/diarioprincipios.com\/wp-content\/uploads\/2020\/06\/EL-MUNICIPIO-AGRADECE-LA-SOLIDARIDAD-DE-VECINOS-Y-ORGANIZACIONES.jpg","type":"image\/jpeg"}],"author":"Hern\u00e1n L\u00f3pez","twitter_card":"summary_large_image","twitter_misc":{"Escrito por":"Hern\u00e1n L\u00f3pez","Tiempo de lectura":"3 minutos"},"schema":{"@context":"https:\/\/schema.org","@graph":[{"@type":"Article","@id":"https:\/\/diarioprincipios.com\/index.php\/2020\/06\/21\/el-municipio-de-berazategui-expreso-su-gratitud-con-empresas-y-vecinos-solidarios\/#article","isPartOf":{"@id":"https:\/\/diarioprincipios.com\/index.php\/2020\/06\/21\/el-municipio-de-berazategui-expreso-su-gratitud-con-empresas-y-vecinos-solidarios\/"},"author":{"name":"Hern\u00e1n L\u00f3pez","@id":"https:\/\/diarioprincipios.com\/#\/schema\/person\/436d5a1fd41a5e250e23ff5a6a7cb080"},"headline":"El Municipio de Berazategui expres\u00f3 su gratitud con empresas y vecinos solidarios","datePublished":"2020-06-21T20:31:45+00:00","dateModified":"2020-06-21T20:31:49+00:00","mainEntityOfPage":{"@id":"https:\/\/diarioprincipios.com\/index.php\/2020\/06\/21\/el-municipio-de-berazategui-expreso-su-gratitud-con-empresas-y-vecinos-solidarios\/"},"wordCount":689,"commentCount":0,"publisher":{"@id":"https:\/\/diarioprincipios.com\/#organization"},"image":{"@id":"https:\/\/diarioprincipios.com\/index.php\/2020\/06\/21\/el-municipio-de-berazategui-expreso-su-gratitud-con-empresas-y-vecinos-solidarios\/#primaryimage"},"thumbnailUrl":"https:\/\/diarioprincipios.com\/wp-content\/uploads\/2020\/06\/EL-MUNICIPIO-AGRADECE-LA-SOLIDARIDAD-DE-VECINOS-Y-ORGANIZACIONES.jpg","articleSection":["Berazategui"],"inLanguage":"es","potentialAction":[{"@type":"CommentAction","name":"Comment","target":["https:\/\/diarioprincipios.com\/index.php\/2020\/06\/21\/el-municipio-de-berazategui-expreso-su-gratitud-con-empresas-y-vecinos-solidarios\/#respond"]}]},{"@type":"WebPage","@id":"https:\/\/diarioprincipios.com\/index.php\/2020\/06\/21\/el-municipio-de-berazategui-expreso-su-gratitud-con-empresas-y-vecinos-solidarios\/","url":"https:\/\/diarioprincipios.com\/index.php\/2020\/06\/21\/el-municipio-de-berazategui-expreso-su-gratitud-con-empresas-y-vecinos-solidarios\/","name":"El Municipio de Berazategui expres\u00f3 su gratitud con empresas y vecinos solidarios - Principios","isPartOf":{"@id":"https:\/\/diarioprincipios.com\/#website"},"primaryImageOfPage":{"@id":"https:\/\/diarioprincipios.com\/index.php\/2020\/06\/21\/el-municipio-de-berazategui-expreso-su-gratitud-con-empresas-y-vecinos-solidarios\/#primaryimage"},"image":{"@id":"https:\/\/diarioprincipios.com\/index.php\/2020\/06\/21\/el-municipio-de-berazategui-expreso-su-gratitud-con-empresas-y-vecinos-solidarios\/#primaryimage"},"thumbnailUrl":"https:\/\/diarioprincipios.com\/wp-content\/uploads\/2020\/06\/EL-MUNICIPIO-AGRADECE-LA-SOLIDARIDAD-DE-VECINOS-Y-ORGANIZACIONES.jpg","datePublished":"2020-06-21T20:31:45+00:00","dateModified":"2020-06-21T20:31:49+00:00","breadcrumb":{"@id":"https:\/\/diarioprincipios.com\/index.php\/2020\/06\/21\/el-municipio-de-berazategui-expreso-su-gratitud-con-empresas-y-vecinos-solidarios\/#breadcrumb"},"inLanguage":"es","potentialAction":[{"@type":"ReadAction","target":["https:\/\/diarioprincipios.com\/index.php\/2020\/06\/21\/el-municipio-de-berazategui-expreso-su-gratitud-con-empresas-y-vecinos-solidarios\/"]}]},{"@type":"ImageObject","inLanguage":"es","@id":"https:\/\/diarioprincipios.com\/index.php\/2020\/06\/21\/el-municipio-de-berazategui-expreso-su-gratitud-con-empresas-y-vecinos-solidarios\/#primaryimage","url":"https:\/\/diarioprincipios.com\/wp-content\/uploads\/2020\/06\/EL-MUNICIPIO-AGRADECE-LA-SOLIDARIDAD-DE-VECINOS-Y-ORGANIZACIONES.jpg","contentUrl":"https:\/\/diarioprincipios.com\/wp-content\/uploads\/2020\/06\/EL-MUNICIPIO-AGRADECE-LA-SOLIDARIDAD-DE-VECINOS-Y-ORGANIZACIONES.jpg","width":1920,"height":1282},{"@type":"BreadcrumbList","@id":"https:\/\/diarioprincipios.com\/index.php\/2020\/06\/21\/el-municipio-de-berazategui-expreso-su-gratitud-con-empresas-y-vecinos-solidarios\/#breadcrumb","itemListElement":[{"@type":"ListItem","position":1,"name":"Portada","item":"https:\/\/diarioprincipios.com\/"},{"@type":"ListItem","position":2,"name":"El Municipio de Berazategui expres\u00f3 su gratitud con empresas y vecinos solidarios"}]},{"@type":"WebSite","@id":"https:\/\/diarioprincipios.com\/#website","url":"https:\/\/diarioprincipios.com\/","name":"Principios","description":"Principios Diario","publisher":{"@id":"https:\/\/diarioprincipios.com\/#organization"},"potentialAction":[{"@type":"SearchAction","target":{"@type":"EntryPoint","urlTemplate":"https:\/\/diarioprincipios.com\/?s={search_term_string}"},"query-input":{"@type":"PropertyValueSpecification","valueRequired":true,"valueName":"search_term_string"}}],"inLanguage":"es"},{"@type":"Organization","@id":"https:\/\/diarioprincipios.com\/#organization","name":"Principios","url":"https:\/\/diarioprincipios.com\/","logo":{"@type":"ImageObject","inLanguage":"es","@id":"https:\/\/diarioprincipios.com\/#\/schema\/logo\/image\/","url":"https:\/\/diarioprincipios.com\/wp-content\/uploads\/2024\/04\/cropped-www.diarioprincipios.com_-1.png","contentUrl":"https:\/\/diarioprincipios.com\/wp-content\/uploads\/2024\/04\/cropped-www.diarioprincipios.com_-1.png","width":5325,"height":1454,"caption":"Principios"},"image":{"@id":"https:\/\/diarioprincipios.com\/#\/schema\/logo\/image\/"}},{"@type":"Person","@id":"https:\/\/diarioprincipios.com\/#\/schema\/person\/436d5a1fd41a5e250e23ff5a6a7cb080","name":"Hern\u00e1n L\u00f3pez","image":{"@type":"ImageObject","inLanguage":"es","@id":"https:\/\/diarioprincipios.com\/wp-content\/litespeed\/avatar\/11ddfe5610ff3bd100522525b2571f48.jpg?ver=1777048341","url":"https:\/\/diarioprincipios.com\/wp-content\/litespeed\/avatar\/11ddfe5610ff3bd100522525b2571f48.jpg?ver=1777048341","contentUrl":"https:\/\/diarioprincipios.com\/wp-content\/litespeed\/avatar\/11ddfe5610ff3bd100522525b2571f48.jpg?ver=1777048341","caption":"Hern\u00e1n L\u00f3pez"},"url":"https:\/\/diarioprincipios.com\/index.php\/author\/hernan\/"}]}},"jetpack_featured_media_url":"https:\/\/diarioprincipios.com\/wp-content\/uploads\/2020\/06\/EL-MUNICIPIO-AGRADECE-LA-SOLIDARIDAD-DE-VECINOS-Y-ORGANIZACIONES.jpg","_links":{"self":[{"href":"https:\/\/diarioprincipios.com\/index.php\/wp-json\/wp\/v2\/posts\/3173","targetHints":{"allow":["GET"]}}],"collection":[{"href":"https:\/\/diarioprincipios.com\/index.php\/wp-json\/wp\/v2\/posts"}],"about":[{"href":"https:\/\/diarioprincipios.com\/index.php\/wp-json\/wp\/v2\/types\/post"}],"author":[{"embeddable":true,"href":"https:\/\/diarioprincipios.com\/index.php\/wp-json\/wp\/v2\/users\/2"}],"replies":[{"embeddable":true,"href":"https:\/\/diarioprincipios.com\/index.php\/wp-json\/wp\/v2\/comments?post=3173"}],"version-history":[{"count":1,"href":"https:\/\/diarioprincipios.com\/index.php\/wp-json\/wp\/v2\/posts\/3173\/revisions"}],"predecessor-version":[{"id":3174,"href":"https:\/\/diarioprincipios.com\/index.php\/wp-json\/wp\/v2\/posts\/3173\/revisions\/3174"}],"wp:featuredmedia":[{"embeddable":true,"href":"https:\/\/diarioprincipios.com\/index.php\/wp-json\/wp\/v2\/media\/2619"}],"wp:attachment":[{"href":"https:\/\/diarioprincipios.com\/index.php\/wp-json\/wp\/v2\/media?parent=3173"}],"wp:term":[{"taxonomy":"category","embeddable":true,"href":"https:\/\/diarioprincipios.com\/index.php\/wp-json\/wp\/v2\/categories?post=3173"},{"taxonomy":"post_tag","embeddable":true,"href":"https:\/\/diarioprincipios.com\/index.php\/wp-json\/wp\/v2\/tags?post=3173"}],"curies":[{"name":"wp","href":"https:\/\/api.w.org\/{rel}","templated":true}]}}