{"id":313,"date":"2020-03-12T21:14:25","date_gmt":"2020-03-12T21:14:25","guid":{"rendered":"http:\/\/diarioprincipios.com\/?p=313"},"modified":"2020-03-12T21:14:27","modified_gmt":"2020-03-12T21:14:27","slug":"berazategui-trabaja-en-la-prevencion-del-coronavirus","status":"publish","type":"post","link":"https:\/\/diarioprincipios.com\/index.php\/2020\/03\/12\/berazategui-trabaja-en-la-prevencion-del-coronavirus\/","title":{"rendered":"Berazategui trabaja en la prevenci\u00f3n del Coronavirus"},"content":{"rendered":"\n<p><strong>El equipo de Salud del Municipio de Berazategui y directivos del Hospital Evita Pueblo volvieron a reunirse hoy para unificar acciones de prevenci\u00f3n y actuaci\u00f3n ante la aparici\u00f3n de posibles casos de coronavirus. Siguiendo las recomendaciones determinadas a nivel nacional y provincial, establecieron protocolos, tambi\u00e9n para los Centros de Atenci\u00f3n Primaria de Salud.<br>Asimismo, d\u00edas atr\u00e1s hubo encuentros entre los secretarios de Salud de los municipios vecinos para unificar criterios.<\/strong><\/p>\n\n\n\n<p>Todo el personal m\u00e9dico municipal de Berazategui ya est\u00e1 en conocimiento de los pasos a seguir ante la aparici\u00f3n de posibles casos y cuenta con los elementos adecuados para actuar en cada uno de los Centros de Salud de la ciudad.<\/p>\n\n\n\n<p>Si se detectara un infectado en Berazategui, se derivar\u00e1 al Hospital Evita Pueblo para su atenci\u00f3n y se iniciar\u00e1 un protocolo de actuaci\u00f3n para su familia.<\/p>\n\n\n\n<p>\u201cLa reuni\u00f3n con autoridades del Hospital Evita fue muy importante para unificar un protocolo con respecto a Naci\u00f3n y Provincia\u201d. Y agreg\u00f3: \u201cTomamos conductas activas desde el primer momento, nos reunimos con secretarios de Salud de la regi\u00f3n sexta, se hicieron capacitaciones para el personal de salud y se difundieron medidas preventivas\u201d, se\u00f1al\u00f3 el secretario de Salud P\u00fablica e Higiene del Municipio, Dr. Pablo Costa.<br>Hasta el momento, un vecino de Berazategui dio positivo al test de coronavirus, pero como fue detectado en Ezeiza, al ingresar al pa\u00eds desde Europa, no lleg\u00f3 nunca a su casa ubicada en la ciudad.<\/p>\n\n\n\n<p><strong>Prevenci\u00f3n<\/strong><\/p>\n\n\n\n<p>El Municipio estar\u00e1 llevando adelante reuniones con autoridades de instituciones escolares p\u00fablicas y privadas, adem\u00e1s de Sanatorios y Centros privados de Salud. En esos encuentros, se informar\u00e1n los protocolos de actuaci\u00f3n para implementar de manera coordinada una correcta prevenci\u00f3n y contenci\u00f3n de la enfermedad, y llevar tranquilidad a la comunidad educativa. &nbsp;<\/p>\n\n\n\n<figure class=\"wp-block-image size-large\"><img loading=\"lazy\" decoding=\"async\" width=\"1024\" height=\"1024\" src=\"https:\/\/diarioprincipios.com\/wp-content\/uploads\/2020\/03\/BERAZATEGUI-TRABAJA-EN-LA-PREVENCI\u00d3N-DEL-CORONAVIRUS-1-1024x1024.jpg\" alt=\"\" class=\"wp-image-314\" srcset=\"https:\/\/diarioprincipios.com\/wp-content\/uploads\/2020\/03\/BERAZATEGUI-TRABAJA-EN-LA-PREVENCI\u00d3N-DEL-CORONAVIRUS-1-1024x1024.jpg 1024w, https:\/\/diarioprincipios.com\/wp-content\/uploads\/2020\/03\/BERAZATEGUI-TRABAJA-EN-LA-PREVENCI\u00d3N-DEL-CORONAVIRUS-1-300x300.jpg 300w, https:\/\/diarioprincipios.com\/wp-content\/uploads\/2020\/03\/BERAZATEGUI-TRABAJA-EN-LA-PREVENCI\u00d3N-DEL-CORONAVIRUS-1-150x150.jpg 150w, https:\/\/diarioprincipios.com\/wp-content\/uploads\/2020\/03\/BERAZATEGUI-TRABAJA-EN-LA-PREVENCI\u00d3N-DEL-CORONAVIRUS-1-768x769.jpg 768w, https:\/\/diarioprincipios.com\/wp-content\/uploads\/2020\/03\/BERAZATEGUI-TRABAJA-EN-LA-PREVENCI\u00d3N-DEL-CORONAVIRUS-1.jpg 1279w\" sizes=\"auto, (max-width: 1024px) 100vw, 1024px\" \/><\/figure>\n\n\n\n<p><strong>Medidas a tomar<\/strong><\/p>\n\n\n\n<p>Respecto a las recomendaciones, Costa se\u00f1al\u00f3: \u201cEs importante el lavado profundo de manos con agua y jab\u00f3n o alcohol en gel, toser en el pliegue del codo, no llevarse las manos a la nariz ni a la boca, ventilar ambientes y no participar de eventos masivos, especialmente en el caso de personas mayores de 65 a\u00f1os y que presenten comorbilidades (enfermedades preexistentes)\u201d.<\/p>\n\n\n\n<p>Sobre el accionar de los Centros de salud locales, el Secretario de Salud a\u00f1adi\u00f3: \u201cEl protocolo ya est\u00e1 difundido y, ante casos sospechosos, el personal debe iniciar un interrogatorio preciso. Si se correspondiera con los s\u00edntomas, se aislar\u00e1 al paciente, se le colocar\u00e1 barbijo y se contactar\u00e1 con el servicio m\u00e9dico del Municipio que, junto con el Hospital, continuar\u00e1n la atenci\u00f3n\u201d.<\/p>\n\n\n\n<p><strong>En Berazategui<\/strong><\/p>\n\n\n\n<p>En la ciudad, hasta el momento, se contabiliza el caso de un vecino que lleg\u00f3 de Europa y no pis\u00f3 el distrito ya que al aterrizar en el pa\u00eds fue remitido para atenci\u00f3n a una Cl\u00ednica de su prepaga, en CABA, y se encuentra estable. &nbsp;<br>Adem\u00e1s, hace unos d\u00edas, una familia berazateguense fue aislada en cuarentena dentro de su casa, pero los resultados dieron negativos frente al coronavirus.\n\n<\/p>\n","protected":false},"excerpt":{"rendered":"<p>El equipo de Salud del Municipio de Berazategui y directivos del Hospital Evita Pueblo volvieron a reunirse hoy para unificar acciones de prevenci\u00f3n y actuaci\u00f3n ante la aparici\u00f3n de posibles casos de coronavirus. Siguiendo las recomendaciones determinadas a nivel nacional y provincial, establecieron protocolos, tambi\u00e9n para los Centros de Atenci\u00f3n Primaria de Salud.Asimismo, d\u00edas atr\u00e1s&#8230;<\/p>\n","protected":false},"author":2,"featured_media":315,"comment_status":"open","ping_status":"open","sticky":false,"template":"","format":"standard","meta":{"footnotes":""},"categories":[3],"tags":[],"class_list":["post-313","post","type-post","status-publish","format-standard","has-post-thumbnail","hentry","category-berazategui"],"featured_image_src":"https:\/\/diarioprincipios.com\/wp-content\/uploads\/2020\/03\/BERAZATEGUI-TRABAJA-EN-LA-PREVENCI\u00d3N-DEL-CORONAVIRUS-2-1-1024x682.jpg","blog_images":{"medium":"https:\/\/diarioprincipios.com\/wp-content\/uploads\/2020\/03\/BERAZATEGUI-TRABAJA-EN-LA-PREVENCI\u00d3N-DEL-CORONAVIRUS-2-1-300x200.jpg","large":"https:\/\/diarioprincipios.com\/wp-content\/uploads\/2020\/03\/BERAZATEGUI-TRABAJA-EN-LA-PREVENCI\u00d3N-DEL-CORONAVIRUS-2-1-1024x682.jpg"},"ams_acf":[],"yoast_head":"<!-- This site is optimized with the Yoast SEO plugin v27.3 - https:\/\/yoast.com\/product\/yoast-seo-wordpress\/ -->\n<title>Berazategui trabaja en la prevenci\u00f3n del Coronavirus - Principios<\/title>\n<meta name=\"robots\" content=\"index, follow, max-snippet:-1, max-image-preview:large, max-video-preview:-1\" \/>\n<link rel=\"canonical\" href=\"https:\/\/diarioprincipios.com\/index.php\/2020\/03\/12\/berazategui-trabaja-en-la-prevencion-del-coronavirus\/\" \/>\n<meta property=\"og:locale\" content=\"es_ES\" \/>\n<meta property=\"og:type\" content=\"article\" \/>\n<meta property=\"og:title\" content=\"Berazategui trabaja en la prevenci\u00f3n del Coronavirus - Principios\" \/>\n<meta property=\"og:description\" content=\"El equipo de Salud del Municipio de Berazategui y directivos del Hospital Evita Pueblo volvieron a reunirse hoy para unificar acciones de prevenci\u00f3n y actuaci\u00f3n ante la aparici\u00f3n de posibles casos de coronavirus. Siguiendo las recomendaciones determinadas a nivel nacional y provincial, establecieron protocolos, tambi\u00e9n para los Centros de Atenci\u00f3n Primaria de Salud.Asimismo, d\u00edas atr\u00e1s...\" \/>\n<meta property=\"og:url\" content=\"https:\/\/diarioprincipios.com\/index.php\/2020\/03\/12\/berazategui-trabaja-en-la-prevencion-del-coronavirus\/\" \/>\n<meta property=\"og:site_name\" content=\"Principios\" \/>\n<meta property=\"article:published_time\" content=\"2020-03-12T21:14:25+00:00\" \/>\n<meta property=\"article:modified_time\" content=\"2020-03-12T21:14:27+00:00\" \/>\n<meta property=\"og:image\" content=\"https:\/\/diarioprincipios.com\/wp-content\/uploads\/2020\/03\/BERAZATEGUI-TRABAJA-EN-LA-PREVENCI\u00d3N-DEL-CORONAVIRUS-2-1.jpg\" \/>\n\t<meta property=\"og:image:width\" content=\"1280\" \/>\n\t<meta property=\"og:image:height\" content=\"853\" \/>\n\t<meta property=\"og:image:type\" content=\"image\/jpeg\" \/>\n<meta name=\"author\" content=\"Hern\u00e1n L\u00f3pez\" \/>\n<meta name=\"twitter:card\" content=\"summary_large_image\" \/>\n<meta name=\"twitter:label1\" content=\"Escrito por\" \/>\n\t<meta name=\"twitter:data1\" content=\"Hern\u00e1n L\u00f3pez\" \/>\n\t<meta name=\"twitter:label2\" content=\"Tiempo de lectura\" \/>\n\t<meta name=\"twitter:data2\" content=\"3 minutos\" \/>\n<script type=\"application\/ld+json\" class=\"yoast-schema-graph\">{\"@context\":\"https:\\\/\\\/schema.org\",\"@graph\":[{\"@type\":\"Article\",\"@id\":\"https:\\\/\\\/diarioprincipios.com\\\/index.php\\\/2020\\\/03\\\/12\\\/berazategui-trabaja-en-la-prevencion-del-coronavirus\\\/#article\",\"isPartOf\":{\"@id\":\"https:\\\/\\\/diarioprincipios.com\\\/index.php\\\/2020\\\/03\\\/12\\\/berazategui-trabaja-en-la-prevencion-del-coronavirus\\\/\"},\"author\":{\"name\":\"Hern\u00e1n L\u00f3pez\",\"@id\":\"https:\\\/\\\/diarioprincipios.com\\\/#\\\/schema\\\/person\\\/436d5a1fd41a5e250e23ff5a6a7cb080\"},\"headline\":\"Berazategui trabaja en la prevenci\u00f3n del Coronavirus\",\"datePublished\":\"2020-03-12T21:14:25+00:00\",\"dateModified\":\"2020-03-12T21:14:27+00:00\",\"mainEntityOfPage\":{\"@id\":\"https:\\\/\\\/diarioprincipios.com\\\/index.php\\\/2020\\\/03\\\/12\\\/berazategui-trabaja-en-la-prevencion-del-coronavirus\\\/\"},\"wordCount\":531,\"commentCount\":0,\"publisher\":{\"@id\":\"https:\\\/\\\/diarioprincipios.com\\\/#organization\"},\"image\":{\"@id\":\"https:\\\/\\\/diarioprincipios.com\\\/index.php\\\/2020\\\/03\\\/12\\\/berazategui-trabaja-en-la-prevencion-del-coronavirus\\\/#primaryimage\"},\"thumbnailUrl\":\"https:\\\/\\\/diarioprincipios.com\\\/wp-content\\\/uploads\\\/2020\\\/03\\\/BERAZATEGUI-TRABAJA-EN-LA-PREVENCI\u00d3N-DEL-CORONAVIRUS-2-1.jpg\",\"articleSection\":[\"Berazategui\"],\"inLanguage\":\"es\",\"potentialAction\":[{\"@type\":\"CommentAction\",\"name\":\"Comment\",\"target\":[\"https:\\\/\\\/diarioprincipios.com\\\/index.php\\\/2020\\\/03\\\/12\\\/berazategui-trabaja-en-la-prevencion-del-coronavirus\\\/#respond\"]}]},{\"@type\":\"WebPage\",\"@id\":\"https:\\\/\\\/diarioprincipios.com\\\/index.php\\\/2020\\\/03\\\/12\\\/berazategui-trabaja-en-la-prevencion-del-coronavirus\\\/\",\"url\":\"https:\\\/\\\/diarioprincipios.com\\\/index.php\\\/2020\\\/03\\\/12\\\/berazategui-trabaja-en-la-prevencion-del-coronavirus\\\/\",\"name\":\"Berazategui trabaja en la prevenci\u00f3n del Coronavirus - Principios\",\"isPartOf\":{\"@id\":\"https:\\\/\\\/diarioprincipios.com\\\/#website\"},\"primaryImageOfPage\":{\"@id\":\"https:\\\/\\\/diarioprincipios.com\\\/index.php\\\/2020\\\/03\\\/12\\\/berazategui-trabaja-en-la-prevencion-del-coronavirus\\\/#primaryimage\"},\"image\":{\"@id\":\"https:\\\/\\\/diarioprincipios.com\\\/index.php\\\/2020\\\/03\\\/12\\\/berazategui-trabaja-en-la-prevencion-del-coronavirus\\\/#primaryimage\"},\"thumbnailUrl\":\"https:\\\/\\\/diarioprincipios.com\\\/wp-content\\\/uploads\\\/2020\\\/03\\\/BERAZATEGUI-TRABAJA-EN-LA-PREVENCI\u00d3N-DEL-CORONAVIRUS-2-1.jpg\",\"datePublished\":\"2020-03-12T21:14:25+00:00\",\"dateModified\":\"2020-03-12T21:14:27+00:00\",\"breadcrumb\":{\"@id\":\"https:\\\/\\\/diarioprincipios.com\\\/index.php\\\/2020\\\/03\\\/12\\\/berazategui-trabaja-en-la-prevencion-del-coronavirus\\\/#breadcrumb\"},\"inLanguage\":\"es\",\"potentialAction\":[{\"@type\":\"ReadAction\",\"target\":[\"https:\\\/\\\/diarioprincipios.com\\\/index.php\\\/2020\\\/03\\\/12\\\/berazategui-trabaja-en-la-prevencion-del-coronavirus\\\/\"]}]},{\"@type\":\"ImageObject\",\"inLanguage\":\"es\",\"@id\":\"https:\\\/\\\/diarioprincipios.com\\\/index.php\\\/2020\\\/03\\\/12\\\/berazategui-trabaja-en-la-prevencion-del-coronavirus\\\/#primaryimage\",\"url\":\"https:\\\/\\\/diarioprincipios.com\\\/wp-content\\\/uploads\\\/2020\\\/03\\\/BERAZATEGUI-TRABAJA-EN-LA-PREVENCI\u00d3N-DEL-CORONAVIRUS-2-1.jpg\",\"contentUrl\":\"https:\\\/\\\/diarioprincipios.com\\\/wp-content\\\/uploads\\\/2020\\\/03\\\/BERAZATEGUI-TRABAJA-EN-LA-PREVENCI\u00d3N-DEL-CORONAVIRUS-2-1.jpg\",\"width\":1280,\"height\":853},{\"@type\":\"BreadcrumbList\",\"@id\":\"https:\\\/\\\/diarioprincipios.com\\\/index.php\\\/2020\\\/03\\\/12\\\/berazategui-trabaja-en-la-prevencion-del-coronavirus\\\/#breadcrumb\",\"itemListElement\":[{\"@type\":\"ListItem\",\"position\":1,\"name\":\"Portada\",\"item\":\"https:\\\/\\\/diarioprincipios.com\\\/\"},{\"@type\":\"ListItem\",\"position\":2,\"name\":\"Berazategui trabaja en la prevenci\u00f3n del Coronavirus\"}]},{\"@type\":\"WebSite\",\"@id\":\"https:\\\/\\\/diarioprincipios.com\\\/#website\",\"url\":\"https:\\\/\\\/diarioprincipios.com\\\/\",\"name\":\"Principios\",\"description\":\"Principios Diario\",\"publisher\":{\"@id\":\"https:\\\/\\\/diarioprincipios.com\\\/#organization\"},\"potentialAction\":[{\"@type\":\"SearchAction\",\"target\":{\"@type\":\"EntryPoint\",\"urlTemplate\":\"https:\\\/\\\/diarioprincipios.com\\\/?s={search_term_string}\"},\"query-input\":{\"@type\":\"PropertyValueSpecification\",\"valueRequired\":true,\"valueName\":\"search_term_string\"}}],\"inLanguage\":\"es\"},{\"@type\":\"Organization\",\"@id\":\"https:\\\/\\\/diarioprincipios.com\\\/#organization\",\"name\":\"Principios\",\"url\":\"https:\\\/\\\/diarioprincipios.com\\\/\",\"logo\":{\"@type\":\"ImageObject\",\"inLanguage\":\"es\",\"@id\":\"https:\\\/\\\/diarioprincipios.com\\\/#\\\/schema\\\/logo\\\/image\\\/\",\"url\":\"https:\\\/\\\/diarioprincipios.com\\\/wp-content\\\/uploads\\\/2024\\\/04\\\/cropped-www.diarioprincipios.com_-1.png\",\"contentUrl\":\"https:\\\/\\\/diarioprincipios.com\\\/wp-content\\\/uploads\\\/2024\\\/04\\\/cropped-www.diarioprincipios.com_-1.png\",\"width\":5325,\"height\":1454,\"caption\":\"Principios\"},\"image\":{\"@id\":\"https:\\\/\\\/diarioprincipios.com\\\/#\\\/schema\\\/logo\\\/image\\\/\"}},{\"@type\":\"Person\",\"@id\":\"https:\\\/\\\/diarioprincipios.com\\\/#\\\/schema\\\/person\\\/436d5a1fd41a5e250e23ff5a6a7cb080\",\"name\":\"Hern\u00e1n L\u00f3pez\",\"image\":{\"@type\":\"ImageObject\",\"inLanguage\":\"es\",\"@id\":\"https:\\\/\\\/diarioprincipios.com\\\/wp-content\\\/litespeed\\\/avatar\\\/11ddfe5610ff3bd100522525b2571f48.jpg?ver=1777048341\",\"url\":\"https:\\\/\\\/diarioprincipios.com\\\/wp-content\\\/litespeed\\\/avatar\\\/11ddfe5610ff3bd100522525b2571f48.jpg?ver=1777048341\",\"contentUrl\":\"https:\\\/\\\/diarioprincipios.com\\\/wp-content\\\/litespeed\\\/avatar\\\/11ddfe5610ff3bd100522525b2571f48.jpg?ver=1777048341\",\"caption\":\"Hern\u00e1n L\u00f3pez\"},\"url\":\"https:\\\/\\\/diarioprincipios.com\\\/index.php\\\/author\\\/hernan\\\/\"}]}<\/script>\n<!-- \/ Yoast SEO plugin. -->","yoast_head_json":{"title":"Berazategui trabaja en la prevenci\u00f3n del Coronavirus - Principios","robots":{"index":"index","follow":"follow","max-snippet":"max-snippet:-1","max-image-preview":"max-image-preview:large","max-video-preview":"max-video-preview:-1"},"canonical":"https:\/\/diarioprincipios.com\/index.php\/2020\/03\/12\/berazategui-trabaja-en-la-prevencion-del-coronavirus\/","og_locale":"es_ES","og_type":"article","og_title":"Berazategui trabaja en la prevenci\u00f3n del Coronavirus - Principios","og_description":"El equipo de Salud del Municipio de Berazategui y directivos del Hospital Evita Pueblo volvieron a reunirse hoy para unificar acciones de prevenci\u00f3n y actuaci\u00f3n ante la aparici\u00f3n de posibles casos de coronavirus. Siguiendo las recomendaciones determinadas a nivel nacional y provincial, establecieron protocolos, tambi\u00e9n para los Centros de Atenci\u00f3n Primaria de Salud.Asimismo, d\u00edas atr\u00e1s...","og_url":"https:\/\/diarioprincipios.com\/index.php\/2020\/03\/12\/berazategui-trabaja-en-la-prevencion-del-coronavirus\/","og_site_name":"Principios","article_published_time":"2020-03-12T21:14:25+00:00","article_modified_time":"2020-03-12T21:14:27+00:00","og_image":[{"width":1280,"height":853,"url":"https:\/\/diarioprincipios.com\/wp-content\/uploads\/2020\/03\/BERAZATEGUI-TRABAJA-EN-LA-PREVENCI\u00d3N-DEL-CORONAVIRUS-2-1.jpg","type":"image\/jpeg"}],"author":"Hern\u00e1n L\u00f3pez","twitter_card":"summary_large_image","twitter_misc":{"Escrito por":"Hern\u00e1n L\u00f3pez","Tiempo de lectura":"3 minutos"},"schema":{"@context":"https:\/\/schema.org","@graph":[{"@type":"Article","@id":"https:\/\/diarioprincipios.com\/index.php\/2020\/03\/12\/berazategui-trabaja-en-la-prevencion-del-coronavirus\/#article","isPartOf":{"@id":"https:\/\/diarioprincipios.com\/index.php\/2020\/03\/12\/berazategui-trabaja-en-la-prevencion-del-coronavirus\/"},"author":{"name":"Hern\u00e1n L\u00f3pez","@id":"https:\/\/diarioprincipios.com\/#\/schema\/person\/436d5a1fd41a5e250e23ff5a6a7cb080"},"headline":"Berazategui trabaja en la prevenci\u00f3n del Coronavirus","datePublished":"2020-03-12T21:14:25+00:00","dateModified":"2020-03-12T21:14:27+00:00","mainEntityOfPage":{"@id":"https:\/\/diarioprincipios.com\/index.php\/2020\/03\/12\/berazategui-trabaja-en-la-prevencion-del-coronavirus\/"},"wordCount":531,"commentCount":0,"publisher":{"@id":"https:\/\/diarioprincipios.com\/#organization"},"image":{"@id":"https:\/\/diarioprincipios.com\/index.php\/2020\/03\/12\/berazategui-trabaja-en-la-prevencion-del-coronavirus\/#primaryimage"},"thumbnailUrl":"https:\/\/diarioprincipios.com\/wp-content\/uploads\/2020\/03\/BERAZATEGUI-TRABAJA-EN-LA-PREVENCI\u00d3N-DEL-CORONAVIRUS-2-1.jpg","articleSection":["Berazategui"],"inLanguage":"es","potentialAction":[{"@type":"CommentAction","name":"Comment","target":["https:\/\/diarioprincipios.com\/index.php\/2020\/03\/12\/berazategui-trabaja-en-la-prevencion-del-coronavirus\/#respond"]}]},{"@type":"WebPage","@id":"https:\/\/diarioprincipios.com\/index.php\/2020\/03\/12\/berazategui-trabaja-en-la-prevencion-del-coronavirus\/","url":"https:\/\/diarioprincipios.com\/index.php\/2020\/03\/12\/berazategui-trabaja-en-la-prevencion-del-coronavirus\/","name":"Berazategui trabaja en la prevenci\u00f3n del Coronavirus - Principios","isPartOf":{"@id":"https:\/\/diarioprincipios.com\/#website"},"primaryImageOfPage":{"@id":"https:\/\/diarioprincipios.com\/index.php\/2020\/03\/12\/berazategui-trabaja-en-la-prevencion-del-coronavirus\/#primaryimage"},"image":{"@id":"https:\/\/diarioprincipios.com\/index.php\/2020\/03\/12\/berazategui-trabaja-en-la-prevencion-del-coronavirus\/#primaryimage"},"thumbnailUrl":"https:\/\/diarioprincipios.com\/wp-content\/uploads\/2020\/03\/BERAZATEGUI-TRABAJA-EN-LA-PREVENCI\u00d3N-DEL-CORONAVIRUS-2-1.jpg","datePublished":"2020-03-12T21:14:25+00:00","dateModified":"2020-03-12T21:14:27+00:00","breadcrumb":{"@id":"https:\/\/diarioprincipios.com\/index.php\/2020\/03\/12\/berazategui-trabaja-en-la-prevencion-del-coronavirus\/#breadcrumb"},"inLanguage":"es","potentialAction":[{"@type":"ReadAction","target":["https:\/\/diarioprincipios.com\/index.php\/2020\/03\/12\/berazategui-trabaja-en-la-prevencion-del-coronavirus\/"]}]},{"@type":"ImageObject","inLanguage":"es","@id":"https:\/\/diarioprincipios.com\/index.php\/2020\/03\/12\/berazategui-trabaja-en-la-prevencion-del-coronavirus\/#primaryimage","url":"https:\/\/diarioprincipios.com\/wp-content\/uploads\/2020\/03\/BERAZATEGUI-TRABAJA-EN-LA-PREVENCI\u00d3N-DEL-CORONAVIRUS-2-1.jpg","contentUrl":"https:\/\/diarioprincipios.com\/wp-content\/uploads\/2020\/03\/BERAZATEGUI-TRABAJA-EN-LA-PREVENCI\u00d3N-DEL-CORONAVIRUS-2-1.jpg","width":1280,"height":853},{"@type":"BreadcrumbList","@id":"https:\/\/diarioprincipios.com\/index.php\/2020\/03\/12\/berazategui-trabaja-en-la-prevencion-del-coronavirus\/#breadcrumb","itemListElement":[{"@type":"ListItem","position":1,"name":"Portada","item":"https:\/\/diarioprincipios.com\/"},{"@type":"ListItem","position":2,"name":"Berazategui trabaja en la prevenci\u00f3n del Coronavirus"}]},{"@type":"WebSite","@id":"https:\/\/diarioprincipios.com\/#website","url":"https:\/\/diarioprincipios.com\/","name":"Principios","description":"Principios Diario","publisher":{"@id":"https:\/\/diarioprincipios.com\/#organization"},"potentialAction":[{"@type":"SearchAction","target":{"@type":"EntryPoint","urlTemplate":"https:\/\/diarioprincipios.com\/?s={search_term_string}"},"query-input":{"@type":"PropertyValueSpecification","valueRequired":true,"valueName":"search_term_string"}}],"inLanguage":"es"},{"@type":"Organization","@id":"https:\/\/diarioprincipios.com\/#organization","name":"Principios","url":"https:\/\/diarioprincipios.com\/","logo":{"@type":"ImageObject","inLanguage":"es","@id":"https:\/\/diarioprincipios.com\/#\/schema\/logo\/image\/","url":"https:\/\/diarioprincipios.com\/wp-content\/uploads\/2024\/04\/cropped-www.diarioprincipios.com_-1.png","contentUrl":"https:\/\/diarioprincipios.com\/wp-content\/uploads\/2024\/04\/cropped-www.diarioprincipios.com_-1.png","width":5325,"height":1454,"caption":"Principios"},"image":{"@id":"https:\/\/diarioprincipios.com\/#\/schema\/logo\/image\/"}},{"@type":"Person","@id":"https:\/\/diarioprincipios.com\/#\/schema\/person\/436d5a1fd41a5e250e23ff5a6a7cb080","name":"Hern\u00e1n L\u00f3pez","image":{"@type":"ImageObject","inLanguage":"es","@id":"https:\/\/diarioprincipios.com\/wp-content\/litespeed\/avatar\/11ddfe5610ff3bd100522525b2571f48.jpg?ver=1777048341","url":"https:\/\/diarioprincipios.com\/wp-content\/litespeed\/avatar\/11ddfe5610ff3bd100522525b2571f48.jpg?ver=1777048341","contentUrl":"https:\/\/diarioprincipios.com\/wp-content\/litespeed\/avatar\/11ddfe5610ff3bd100522525b2571f48.jpg?ver=1777048341","caption":"Hern\u00e1n L\u00f3pez"},"url":"https:\/\/diarioprincipios.com\/index.php\/author\/hernan\/"}]}},"jetpack_featured_media_url":"https:\/\/diarioprincipios.com\/wp-content\/uploads\/2020\/03\/BERAZATEGUI-TRABAJA-EN-LA-PREVENCI\u00d3N-DEL-CORONAVIRUS-2-1.jpg","_links":{"self":[{"href":"https:\/\/diarioprincipios.com\/index.php\/wp-json\/wp\/v2\/posts\/313","targetHints":{"allow":["GET"]}}],"collection":[{"href":"https:\/\/diarioprincipios.com\/index.php\/wp-json\/wp\/v2\/posts"}],"about":[{"href":"https:\/\/diarioprincipios.com\/index.php\/wp-json\/wp\/v2\/types\/post"}],"author":[{"embeddable":true,"href":"https:\/\/diarioprincipios.com\/index.php\/wp-json\/wp\/v2\/users\/2"}],"replies":[{"embeddable":true,"href":"https:\/\/diarioprincipios.com\/index.php\/wp-json\/wp\/v2\/comments?post=313"}],"version-history":[{"count":1,"href":"https:\/\/diarioprincipios.com\/index.php\/wp-json\/wp\/v2\/posts\/313\/revisions"}],"predecessor-version":[{"id":316,"href":"https:\/\/diarioprincipios.com\/index.php\/wp-json\/wp\/v2\/posts\/313\/revisions\/316"}],"wp:featuredmedia":[{"embeddable":true,"href":"https:\/\/diarioprincipios.com\/index.php\/wp-json\/wp\/v2\/media\/315"}],"wp:attachment":[{"href":"https:\/\/diarioprincipios.com\/index.php\/wp-json\/wp\/v2\/media?parent=313"}],"wp:term":[{"taxonomy":"category","embeddable":true,"href":"https:\/\/diarioprincipios.com\/index.php\/wp-json\/wp\/v2\/categories?post=313"},{"taxonomy":"post_tag","embeddable":true,"href":"https:\/\/diarioprincipios.com\/index.php\/wp-json\/wp\/v2\/tags?post=313"}],"curies":[{"name":"wp","href":"https:\/\/api.w.org\/{rel}","templated":true}]}}