{"id":3115,"date":"2020-06-19T13:32:37","date_gmt":"2020-06-19T16:32:37","guid":{"rendered":"http:\/\/diarioprincipios.com\/?p=3115"},"modified":"2020-06-19T13:32:42","modified_gmt":"2020-06-19T16:32:42","slug":"politicas-historicas-impulsadas-por-mussi-ayudan-a-que-berazategui-tenga-menos-casos-de-covid-19-que-otros-municipios","status":"publish","type":"post","link":"https:\/\/diarioprincipios.com\/index.php\/2020\/06\/19\/politicas-historicas-impulsadas-por-mussi-ayudan-a-que-berazategui-tenga-menos-casos-de-covid-19-que-otros-municipios\/","title":{"rendered":"Pol\u00edticas hist\u00f3ricas impulsadas por Mussi \u00bfAyudan a que Berazategui tenga menos casos de Covid 19 que otros Municipios?"},"content":{"rendered":"\n<p><br>Con 370 casos de coronavirus, Berazategui es hoy uno de los distritos del Conurbano con menor cantidad de infectados, sirvan como ejemplo los aproximadamente 1000 casos que tiene actualmente Avellaneda y los 1500 de la ciudad de Quilmes.<\/p>\n\n\n\n<p>\u00bfA que se debe esta notable diferencia en la cantidad de contagiados?.\u00a0 M\u00e1s all\u00e1 de que esto no implica que el distrito pueda relajarse en las medidas de prevenci\u00f3n o que la cantidad de contagiados pueda cambiar.<\/p>\n\n\n\n<figure class=\"wp-block-image size-large\"><img loading=\"lazy\" decoding=\"async\" width=\"1024\" height=\"793\" src=\"https:\/\/diarioprincipios.com\/wp-content\/uploads\/2020\/06\/18\u00b0-aniversario-de-la-sanci\u00f3n-de-la-ordenanza-municipal-N\u00b0-3254-que-proh\u00edbe-la-instalaci\u00f3n-de-hipermercados-en-el-distrito-1-1024x793.jpg\" alt=\"\" class=\"wp-image-3116\" srcset=\"https:\/\/diarioprincipios.com\/wp-content\/uploads\/2020\/06\/18\u00b0-aniversario-de-la-sanci\u00f3n-de-la-ordenanza-municipal-N\u00b0-3254-que-proh\u00edbe-la-instalaci\u00f3n-de-hipermercados-en-el-distrito-1-1024x793.jpg 1024w, https:\/\/diarioprincipios.com\/wp-content\/uploads\/2020\/06\/18\u00b0-aniversario-de-la-sanci\u00f3n-de-la-ordenanza-municipal-N\u00b0-3254-que-proh\u00edbe-la-instalaci\u00f3n-de-hipermercados-en-el-distrito-1-300x232.jpg 300w, https:\/\/diarioprincipios.com\/wp-content\/uploads\/2020\/06\/18\u00b0-aniversario-de-la-sanci\u00f3n-de-la-ordenanza-municipal-N\u00b0-3254-que-proh\u00edbe-la-instalaci\u00f3n-de-hipermercados-en-el-distrito-1-768x595.jpg 768w, https:\/\/diarioprincipios.com\/wp-content\/uploads\/2020\/06\/18\u00b0-aniversario-de-la-sanci\u00f3n-de-la-ordenanza-municipal-N\u00b0-3254-que-proh\u00edbe-la-instalaci\u00f3n-de-hipermercados-en-el-distrito-1.jpg 1525w\" sizes=\"auto, (max-width: 1024px) 100vw, 1024px\" \/><\/figure>\n\n\n\n<p>Si bien es dif\u00edcil hacer an\u00e1lisis precisos sobre coronavirus porque lo que hoy es una realidad ma\u00f1ana puede no serlo, no debiera dejarse pasar por alto lo siguiente: gracias a posturas pol\u00edticas hist\u00f3ricas del Dr. Juan Jos\u00e9 Mussi en Berazategui no hay asentamientos y no hay hipermercados, a diferencia de lo que ocurre en distritos vecinos.<\/p>\n\n\n\n<figure class=\"wp-block-image size-large\"><img loading=\"lazy\" decoding=\"async\" width=\"1024\" height=\"683\" src=\"https:\/\/diarioprincipios.com\/wp-content\/uploads\/2020\/06\/f3382bff57842e3d662853ce60d166af-1024x683.jpg\" alt=\"\" class=\"wp-image-3117\" srcset=\"https:\/\/diarioprincipios.com\/wp-content\/uploads\/2020\/06\/f3382bff57842e3d662853ce60d166af-1024x683.jpg 1024w, https:\/\/diarioprincipios.com\/wp-content\/uploads\/2020\/06\/f3382bff57842e3d662853ce60d166af-300x200.jpg 300w, https:\/\/diarioprincipios.com\/wp-content\/uploads\/2020\/06\/f3382bff57842e3d662853ce60d166af-768x512.jpg 768w, https:\/\/diarioprincipios.com\/wp-content\/uploads\/2020\/06\/f3382bff57842e3d662853ce60d166af.jpg 1200w\" sizes=\"auto, (max-width: 1024px) 100vw, 1024px\" \/><\/figure>\n\n\n\n<p>\u00bfSer\u00e1 este un factor importante a la hora de comparar la cantidad de infectados?. Todo parece indicar que s\u00ed.<\/p>\n\n\n\n<p>Es cierto que Berazategui realiza un fuerte control de los comercios, tareas diarias de sanitizaci\u00f3n y prevenci\u00f3n en las colas de los bancos, como as\u00ed tambi\u00e9n tiene propuestas innovadoras como el \u00fanico sentido peatonal en las veredas del centro, pero no debe pasar desapercibido que alguna de las grandes diferencias con otras ciudades son la ausencia de hipermercados y asentamientos, donde se sabe se hace muy dif\u00edcil mantener el aislamiento social.<br><a href=\"https:\/\/go.onelink.me\/107872968?pid=InProduct&amp;c=Global_Internal_YGrowth_AndroidEmailSig__AndroidUsers&amp;af_wl=ym&amp;af_sub1=Internal&amp;af_sub2=Global_YGrowth&amp;af_sub3=EmailSignature\">Enviado desde Yahoo Mail para Android<\/a><\/p>\n","protected":false},"excerpt":{"rendered":"<p>Con 370 casos de coronavirus, Berazategui es hoy uno de los distritos del Conurbano con menor cantidad de infectados, sirvan como ejemplo los aproximadamente 1000 casos que tiene actualmente Avellaneda y los 1500 de la ciudad de Quilmes. \u00bfA que se debe esta notable diferencia en la cantidad de contagiados?.\u00a0 M\u00e1s all\u00e1 de que esto&#8230;<\/p>\n","protected":false},"author":2,"featured_media":3118,"comment_status":"open","ping_status":"open","sticky":false,"template":"","format":"standard","meta":{"footnotes":""},"categories":[3],"tags":[],"class_list":["post-3115","post","type-post","status-publish","format-standard","has-post-thumbnail","hentry","category-berazategui"],"featured_image_src":"https:\/\/diarioprincipios.com\/wp-content\/uploads\/2020\/06\/15843223345551-IMG_1471.jpg","blog_images":{"medium":"https:\/\/diarioprincipios.com\/wp-content\/uploads\/2020\/06\/15843223345551-IMG_1471-300x225.jpg","large":"https:\/\/diarioprincipios.com\/wp-content\/uploads\/2020\/06\/15843223345551-IMG_1471.jpg"},"ams_acf":[],"yoast_head":"<!-- This site is optimized with the Yoast SEO plugin v27.3 - https:\/\/yoast.com\/product\/yoast-seo-wordpress\/ -->\n<title>Pol\u00edticas hist\u00f3ricas impulsadas por Mussi \u00bfAyudan a que Berazategui tenga menos casos de Covid 19 que otros Municipios? - Principios<\/title>\n<meta name=\"robots\" content=\"index, follow, max-snippet:-1, max-image-preview:large, max-video-preview:-1\" \/>\n<link rel=\"canonical\" href=\"https:\/\/diarioprincipios.com\/index.php\/2020\/06\/19\/politicas-historicas-impulsadas-por-mussi-ayudan-a-que-berazategui-tenga-menos-casos-de-covid-19-que-otros-municipios\/\" \/>\n<meta property=\"og:locale\" content=\"es_ES\" \/>\n<meta property=\"og:type\" content=\"article\" \/>\n<meta property=\"og:title\" content=\"Pol\u00edticas hist\u00f3ricas impulsadas por Mussi \u00bfAyudan a que Berazategui tenga menos casos de Covid 19 que otros Municipios? - Principios\" \/>\n<meta property=\"og:description\" content=\"Con 370 casos de coronavirus, Berazategui es hoy uno de los distritos del Conurbano con menor cantidad de infectados, sirvan como ejemplo los aproximadamente 1000 casos que tiene actualmente Avellaneda y los 1500 de la ciudad de Quilmes. \u00bfA que se debe esta notable diferencia en la cantidad de contagiados?.\u00a0 M\u00e1s all\u00e1 de que esto...\" \/>\n<meta property=\"og:url\" content=\"https:\/\/diarioprincipios.com\/index.php\/2020\/06\/19\/politicas-historicas-impulsadas-por-mussi-ayudan-a-que-berazategui-tenga-menos-casos-de-covid-19-que-otros-municipios\/\" \/>\n<meta property=\"og:site_name\" content=\"Principios\" \/>\n<meta property=\"article:published_time\" content=\"2020-06-19T16:32:37+00:00\" \/>\n<meta property=\"article:modified_time\" content=\"2020-06-19T16:32:42+00:00\" \/>\n<meta property=\"og:image\" content=\"https:\/\/diarioprincipios.com\/wp-content\/uploads\/2020\/06\/15843223345551-IMG_1471.jpg\" \/>\n\t<meta property=\"og:image:width\" content=\"1024\" \/>\n\t<meta property=\"og:image:height\" content=\"768\" \/>\n\t<meta property=\"og:image:type\" content=\"image\/jpeg\" \/>\n<meta name=\"author\" content=\"Hern\u00e1n L\u00f3pez\" \/>\n<meta name=\"twitter:card\" content=\"summary_large_image\" \/>\n<meta name=\"twitter:label1\" content=\"Escrito por\" \/>\n\t<meta name=\"twitter:data1\" content=\"Hern\u00e1n L\u00f3pez\" \/>\n\t<meta name=\"twitter:label2\" content=\"Tiempo de lectura\" \/>\n\t<meta name=\"twitter:data2\" content=\"1 minuto\" \/>\n<script type=\"application\/ld+json\" class=\"yoast-schema-graph\">{\"@context\":\"https:\\\/\\\/schema.org\",\"@graph\":[{\"@type\":\"Article\",\"@id\":\"https:\\\/\\\/diarioprincipios.com\\\/index.php\\\/2020\\\/06\\\/19\\\/politicas-historicas-impulsadas-por-mussi-ayudan-a-que-berazategui-tenga-menos-casos-de-covid-19-que-otros-municipios\\\/#article\",\"isPartOf\":{\"@id\":\"https:\\\/\\\/diarioprincipios.com\\\/index.php\\\/2020\\\/06\\\/19\\\/politicas-historicas-impulsadas-por-mussi-ayudan-a-que-berazategui-tenga-menos-casos-de-covid-19-que-otros-municipios\\\/\"},\"author\":{\"name\":\"Hern\u00e1n L\u00f3pez\",\"@id\":\"https:\\\/\\\/diarioprincipios.com\\\/#\\\/schema\\\/person\\\/436d5a1fd41a5e250e23ff5a6a7cb080\"},\"headline\":\"Pol\u00edticas hist\u00f3ricas impulsadas por Mussi \u00bfAyudan a que Berazategui tenga menos casos de Covid 19 que otros Municipios?\",\"datePublished\":\"2020-06-19T16:32:37+00:00\",\"dateModified\":\"2020-06-19T16:32:42+00:00\",\"mainEntityOfPage\":{\"@id\":\"https:\\\/\\\/diarioprincipios.com\\\/index.php\\\/2020\\\/06\\\/19\\\/politicas-historicas-impulsadas-por-mussi-ayudan-a-que-berazategui-tenga-menos-casos-de-covid-19-que-otros-municipios\\\/\"},\"wordCount\":254,\"commentCount\":0,\"publisher\":{\"@id\":\"https:\\\/\\\/diarioprincipios.com\\\/#organization\"},\"image\":{\"@id\":\"https:\\\/\\\/diarioprincipios.com\\\/index.php\\\/2020\\\/06\\\/19\\\/politicas-historicas-impulsadas-por-mussi-ayudan-a-que-berazategui-tenga-menos-casos-de-covid-19-que-otros-municipios\\\/#primaryimage\"},\"thumbnailUrl\":\"https:\\\/\\\/diarioprincipios.com\\\/wp-content\\\/uploads\\\/2020\\\/06\\\/15843223345551-IMG_1471.jpg\",\"articleSection\":[\"Berazategui\"],\"inLanguage\":\"es\",\"potentialAction\":[{\"@type\":\"CommentAction\",\"name\":\"Comment\",\"target\":[\"https:\\\/\\\/diarioprincipios.com\\\/index.php\\\/2020\\\/06\\\/19\\\/politicas-historicas-impulsadas-por-mussi-ayudan-a-que-berazategui-tenga-menos-casos-de-covid-19-que-otros-municipios\\\/#respond\"]}]},{\"@type\":\"WebPage\",\"@id\":\"https:\\\/\\\/diarioprincipios.com\\\/index.php\\\/2020\\\/06\\\/19\\\/politicas-historicas-impulsadas-por-mussi-ayudan-a-que-berazategui-tenga-menos-casos-de-covid-19-que-otros-municipios\\\/\",\"url\":\"https:\\\/\\\/diarioprincipios.com\\\/index.php\\\/2020\\\/06\\\/19\\\/politicas-historicas-impulsadas-por-mussi-ayudan-a-que-berazategui-tenga-menos-casos-de-covid-19-que-otros-municipios\\\/\",\"name\":\"Pol\u00edticas hist\u00f3ricas impulsadas por Mussi \u00bfAyudan a que Berazategui tenga menos casos de Covid 19 que otros Municipios? - Principios\",\"isPartOf\":{\"@id\":\"https:\\\/\\\/diarioprincipios.com\\\/#website\"},\"primaryImageOfPage\":{\"@id\":\"https:\\\/\\\/diarioprincipios.com\\\/index.php\\\/2020\\\/06\\\/19\\\/politicas-historicas-impulsadas-por-mussi-ayudan-a-que-berazategui-tenga-menos-casos-de-covid-19-que-otros-municipios\\\/#primaryimage\"},\"image\":{\"@id\":\"https:\\\/\\\/diarioprincipios.com\\\/index.php\\\/2020\\\/06\\\/19\\\/politicas-historicas-impulsadas-por-mussi-ayudan-a-que-berazategui-tenga-menos-casos-de-covid-19-que-otros-municipios\\\/#primaryimage\"},\"thumbnailUrl\":\"https:\\\/\\\/diarioprincipios.com\\\/wp-content\\\/uploads\\\/2020\\\/06\\\/15843223345551-IMG_1471.jpg\",\"datePublished\":\"2020-06-19T16:32:37+00:00\",\"dateModified\":\"2020-06-19T16:32:42+00:00\",\"breadcrumb\":{\"@id\":\"https:\\\/\\\/diarioprincipios.com\\\/index.php\\\/2020\\\/06\\\/19\\\/politicas-historicas-impulsadas-por-mussi-ayudan-a-que-berazategui-tenga-menos-casos-de-covid-19-que-otros-municipios\\\/#breadcrumb\"},\"inLanguage\":\"es\",\"potentialAction\":[{\"@type\":\"ReadAction\",\"target\":[\"https:\\\/\\\/diarioprincipios.com\\\/index.php\\\/2020\\\/06\\\/19\\\/politicas-historicas-impulsadas-por-mussi-ayudan-a-que-berazategui-tenga-menos-casos-de-covid-19-que-otros-municipios\\\/\"]}]},{\"@type\":\"ImageObject\",\"inLanguage\":\"es\",\"@id\":\"https:\\\/\\\/diarioprincipios.com\\\/index.php\\\/2020\\\/06\\\/19\\\/politicas-historicas-impulsadas-por-mussi-ayudan-a-que-berazategui-tenga-menos-casos-de-covid-19-que-otros-municipios\\\/#primaryimage\",\"url\":\"https:\\\/\\\/diarioprincipios.com\\\/wp-content\\\/uploads\\\/2020\\\/06\\\/15843223345551-IMG_1471.jpg\",\"contentUrl\":\"https:\\\/\\\/diarioprincipios.com\\\/wp-content\\\/uploads\\\/2020\\\/06\\\/15843223345551-IMG_1471.jpg\",\"width\":1024,\"height\":768},{\"@type\":\"BreadcrumbList\",\"@id\":\"https:\\\/\\\/diarioprincipios.com\\\/index.php\\\/2020\\\/06\\\/19\\\/politicas-historicas-impulsadas-por-mussi-ayudan-a-que-berazategui-tenga-menos-casos-de-covid-19-que-otros-municipios\\\/#breadcrumb\",\"itemListElement\":[{\"@type\":\"ListItem\",\"position\":1,\"name\":\"Portada\",\"item\":\"https:\\\/\\\/diarioprincipios.com\\\/\"},{\"@type\":\"ListItem\",\"position\":2,\"name\":\"Pol\u00edticas hist\u00f3ricas impulsadas por Mussi \u00bfAyudan a que Berazategui tenga menos casos de Covid 19 que otros Municipios?\"}]},{\"@type\":\"WebSite\",\"@id\":\"https:\\\/\\\/diarioprincipios.com\\\/#website\",\"url\":\"https:\\\/\\\/diarioprincipios.com\\\/\",\"name\":\"Principios\",\"description\":\"Principios Diario\",\"publisher\":{\"@id\":\"https:\\\/\\\/diarioprincipios.com\\\/#organization\"},\"potentialAction\":[{\"@type\":\"SearchAction\",\"target\":{\"@type\":\"EntryPoint\",\"urlTemplate\":\"https:\\\/\\\/diarioprincipios.com\\\/?s={search_term_string}\"},\"query-input\":{\"@type\":\"PropertyValueSpecification\",\"valueRequired\":true,\"valueName\":\"search_term_string\"}}],\"inLanguage\":\"es\"},{\"@type\":\"Organization\",\"@id\":\"https:\\\/\\\/diarioprincipios.com\\\/#organization\",\"name\":\"Principios\",\"url\":\"https:\\\/\\\/diarioprincipios.com\\\/\",\"logo\":{\"@type\":\"ImageObject\",\"inLanguage\":\"es\",\"@id\":\"https:\\\/\\\/diarioprincipios.com\\\/#\\\/schema\\\/logo\\\/image\\\/\",\"url\":\"https:\\\/\\\/diarioprincipios.com\\\/wp-content\\\/uploads\\\/2024\\\/04\\\/cropped-www.diarioprincipios.com_-1.png\",\"contentUrl\":\"https:\\\/\\\/diarioprincipios.com\\\/wp-content\\\/uploads\\\/2024\\\/04\\\/cropped-www.diarioprincipios.com_-1.png\",\"width\":5325,\"height\":1454,\"caption\":\"Principios\"},\"image\":{\"@id\":\"https:\\\/\\\/diarioprincipios.com\\\/#\\\/schema\\\/logo\\\/image\\\/\"}},{\"@type\":\"Person\",\"@id\":\"https:\\\/\\\/diarioprincipios.com\\\/#\\\/schema\\\/person\\\/436d5a1fd41a5e250e23ff5a6a7cb080\",\"name\":\"Hern\u00e1n L\u00f3pez\",\"image\":{\"@type\":\"ImageObject\",\"inLanguage\":\"es\",\"@id\":\"https:\\\/\\\/diarioprincipios.com\\\/wp-content\\\/litespeed\\\/avatar\\\/11ddfe5610ff3bd100522525b2571f48.jpg?ver=1777048341\",\"url\":\"https:\\\/\\\/diarioprincipios.com\\\/wp-content\\\/litespeed\\\/avatar\\\/11ddfe5610ff3bd100522525b2571f48.jpg?ver=1777048341\",\"contentUrl\":\"https:\\\/\\\/diarioprincipios.com\\\/wp-content\\\/litespeed\\\/avatar\\\/11ddfe5610ff3bd100522525b2571f48.jpg?ver=1777048341\",\"caption\":\"Hern\u00e1n L\u00f3pez\"},\"url\":\"https:\\\/\\\/diarioprincipios.com\\\/index.php\\\/author\\\/hernan\\\/\"}]}<\/script>\n<!-- \/ Yoast SEO plugin. -->","yoast_head_json":{"title":"Pol\u00edticas hist\u00f3ricas impulsadas por Mussi \u00bfAyudan a que Berazategui tenga menos casos de Covid 19 que otros Municipios? - Principios","robots":{"index":"index","follow":"follow","max-snippet":"max-snippet:-1","max-image-preview":"max-image-preview:large","max-video-preview":"max-video-preview:-1"},"canonical":"https:\/\/diarioprincipios.com\/index.php\/2020\/06\/19\/politicas-historicas-impulsadas-por-mussi-ayudan-a-que-berazategui-tenga-menos-casos-de-covid-19-que-otros-municipios\/","og_locale":"es_ES","og_type":"article","og_title":"Pol\u00edticas hist\u00f3ricas impulsadas por Mussi \u00bfAyudan a que Berazategui tenga menos casos de Covid 19 que otros Municipios? - Principios","og_description":"Con 370 casos de coronavirus, Berazategui es hoy uno de los distritos del Conurbano con menor cantidad de infectados, sirvan como ejemplo los aproximadamente 1000 casos que tiene actualmente Avellaneda y los 1500 de la ciudad de Quilmes. \u00bfA que se debe esta notable diferencia en la cantidad de contagiados?.\u00a0 M\u00e1s all\u00e1 de que esto...","og_url":"https:\/\/diarioprincipios.com\/index.php\/2020\/06\/19\/politicas-historicas-impulsadas-por-mussi-ayudan-a-que-berazategui-tenga-menos-casos-de-covid-19-que-otros-municipios\/","og_site_name":"Principios","article_published_time":"2020-06-19T16:32:37+00:00","article_modified_time":"2020-06-19T16:32:42+00:00","og_image":[{"width":1024,"height":768,"url":"https:\/\/diarioprincipios.com\/wp-content\/uploads\/2020\/06\/15843223345551-IMG_1471.jpg","type":"image\/jpeg"}],"author":"Hern\u00e1n L\u00f3pez","twitter_card":"summary_large_image","twitter_misc":{"Escrito por":"Hern\u00e1n L\u00f3pez","Tiempo de lectura":"1 minuto"},"schema":{"@context":"https:\/\/schema.org","@graph":[{"@type":"Article","@id":"https:\/\/diarioprincipios.com\/index.php\/2020\/06\/19\/politicas-historicas-impulsadas-por-mussi-ayudan-a-que-berazategui-tenga-menos-casos-de-covid-19-que-otros-municipios\/#article","isPartOf":{"@id":"https:\/\/diarioprincipios.com\/index.php\/2020\/06\/19\/politicas-historicas-impulsadas-por-mussi-ayudan-a-que-berazategui-tenga-menos-casos-de-covid-19-que-otros-municipios\/"},"author":{"name":"Hern\u00e1n L\u00f3pez","@id":"https:\/\/diarioprincipios.com\/#\/schema\/person\/436d5a1fd41a5e250e23ff5a6a7cb080"},"headline":"Pol\u00edticas hist\u00f3ricas impulsadas por Mussi \u00bfAyudan a que Berazategui tenga menos casos de Covid 19 que otros Municipios?","datePublished":"2020-06-19T16:32:37+00:00","dateModified":"2020-06-19T16:32:42+00:00","mainEntityOfPage":{"@id":"https:\/\/diarioprincipios.com\/index.php\/2020\/06\/19\/politicas-historicas-impulsadas-por-mussi-ayudan-a-que-berazategui-tenga-menos-casos-de-covid-19-que-otros-municipios\/"},"wordCount":254,"commentCount":0,"publisher":{"@id":"https:\/\/diarioprincipios.com\/#organization"},"image":{"@id":"https:\/\/diarioprincipios.com\/index.php\/2020\/06\/19\/politicas-historicas-impulsadas-por-mussi-ayudan-a-que-berazategui-tenga-menos-casos-de-covid-19-que-otros-municipios\/#primaryimage"},"thumbnailUrl":"https:\/\/diarioprincipios.com\/wp-content\/uploads\/2020\/06\/15843223345551-IMG_1471.jpg","articleSection":["Berazategui"],"inLanguage":"es","potentialAction":[{"@type":"CommentAction","name":"Comment","target":["https:\/\/diarioprincipios.com\/index.php\/2020\/06\/19\/politicas-historicas-impulsadas-por-mussi-ayudan-a-que-berazategui-tenga-menos-casos-de-covid-19-que-otros-municipios\/#respond"]}]},{"@type":"WebPage","@id":"https:\/\/diarioprincipios.com\/index.php\/2020\/06\/19\/politicas-historicas-impulsadas-por-mussi-ayudan-a-que-berazategui-tenga-menos-casos-de-covid-19-que-otros-municipios\/","url":"https:\/\/diarioprincipios.com\/index.php\/2020\/06\/19\/politicas-historicas-impulsadas-por-mussi-ayudan-a-que-berazategui-tenga-menos-casos-de-covid-19-que-otros-municipios\/","name":"Pol\u00edticas hist\u00f3ricas impulsadas por Mussi \u00bfAyudan a que Berazategui tenga menos casos de Covid 19 que otros Municipios? - Principios","isPartOf":{"@id":"https:\/\/diarioprincipios.com\/#website"},"primaryImageOfPage":{"@id":"https:\/\/diarioprincipios.com\/index.php\/2020\/06\/19\/politicas-historicas-impulsadas-por-mussi-ayudan-a-que-berazategui-tenga-menos-casos-de-covid-19-que-otros-municipios\/#primaryimage"},"image":{"@id":"https:\/\/diarioprincipios.com\/index.php\/2020\/06\/19\/politicas-historicas-impulsadas-por-mussi-ayudan-a-que-berazategui-tenga-menos-casos-de-covid-19-que-otros-municipios\/#primaryimage"},"thumbnailUrl":"https:\/\/diarioprincipios.com\/wp-content\/uploads\/2020\/06\/15843223345551-IMG_1471.jpg","datePublished":"2020-06-19T16:32:37+00:00","dateModified":"2020-06-19T16:32:42+00:00","breadcrumb":{"@id":"https:\/\/diarioprincipios.com\/index.php\/2020\/06\/19\/politicas-historicas-impulsadas-por-mussi-ayudan-a-que-berazategui-tenga-menos-casos-de-covid-19-que-otros-municipios\/#breadcrumb"},"inLanguage":"es","potentialAction":[{"@type":"ReadAction","target":["https:\/\/diarioprincipios.com\/index.php\/2020\/06\/19\/politicas-historicas-impulsadas-por-mussi-ayudan-a-que-berazategui-tenga-menos-casos-de-covid-19-que-otros-municipios\/"]}]},{"@type":"ImageObject","inLanguage":"es","@id":"https:\/\/diarioprincipios.com\/index.php\/2020\/06\/19\/politicas-historicas-impulsadas-por-mussi-ayudan-a-que-berazategui-tenga-menos-casos-de-covid-19-que-otros-municipios\/#primaryimage","url":"https:\/\/diarioprincipios.com\/wp-content\/uploads\/2020\/06\/15843223345551-IMG_1471.jpg","contentUrl":"https:\/\/diarioprincipios.com\/wp-content\/uploads\/2020\/06\/15843223345551-IMG_1471.jpg","width":1024,"height":768},{"@type":"BreadcrumbList","@id":"https:\/\/diarioprincipios.com\/index.php\/2020\/06\/19\/politicas-historicas-impulsadas-por-mussi-ayudan-a-que-berazategui-tenga-menos-casos-de-covid-19-que-otros-municipios\/#breadcrumb","itemListElement":[{"@type":"ListItem","position":1,"name":"Portada","item":"https:\/\/diarioprincipios.com\/"},{"@type":"ListItem","position":2,"name":"Pol\u00edticas hist\u00f3ricas impulsadas por Mussi \u00bfAyudan a que Berazategui tenga menos casos de Covid 19 que otros Municipios?"}]},{"@type":"WebSite","@id":"https:\/\/diarioprincipios.com\/#website","url":"https:\/\/diarioprincipios.com\/","name":"Principios","description":"Principios Diario","publisher":{"@id":"https:\/\/diarioprincipios.com\/#organization"},"potentialAction":[{"@type":"SearchAction","target":{"@type":"EntryPoint","urlTemplate":"https:\/\/diarioprincipios.com\/?s={search_term_string}"},"query-input":{"@type":"PropertyValueSpecification","valueRequired":true,"valueName":"search_term_string"}}],"inLanguage":"es"},{"@type":"Organization","@id":"https:\/\/diarioprincipios.com\/#organization","name":"Principios","url":"https:\/\/diarioprincipios.com\/","logo":{"@type":"ImageObject","inLanguage":"es","@id":"https:\/\/diarioprincipios.com\/#\/schema\/logo\/image\/","url":"https:\/\/diarioprincipios.com\/wp-content\/uploads\/2024\/04\/cropped-www.diarioprincipios.com_-1.png","contentUrl":"https:\/\/diarioprincipios.com\/wp-content\/uploads\/2024\/04\/cropped-www.diarioprincipios.com_-1.png","width":5325,"height":1454,"caption":"Principios"},"image":{"@id":"https:\/\/diarioprincipios.com\/#\/schema\/logo\/image\/"}},{"@type":"Person","@id":"https:\/\/diarioprincipios.com\/#\/schema\/person\/436d5a1fd41a5e250e23ff5a6a7cb080","name":"Hern\u00e1n L\u00f3pez","image":{"@type":"ImageObject","inLanguage":"es","@id":"https:\/\/diarioprincipios.com\/wp-content\/litespeed\/avatar\/11ddfe5610ff3bd100522525b2571f48.jpg?ver=1777048341","url":"https:\/\/diarioprincipios.com\/wp-content\/litespeed\/avatar\/11ddfe5610ff3bd100522525b2571f48.jpg?ver=1777048341","contentUrl":"https:\/\/diarioprincipios.com\/wp-content\/litespeed\/avatar\/11ddfe5610ff3bd100522525b2571f48.jpg?ver=1777048341","caption":"Hern\u00e1n L\u00f3pez"},"url":"https:\/\/diarioprincipios.com\/index.php\/author\/hernan\/"}]}},"jetpack_featured_media_url":"https:\/\/diarioprincipios.com\/wp-content\/uploads\/2020\/06\/15843223345551-IMG_1471.jpg","_links":{"self":[{"href":"https:\/\/diarioprincipios.com\/index.php\/wp-json\/wp\/v2\/posts\/3115","targetHints":{"allow":["GET"]}}],"collection":[{"href":"https:\/\/diarioprincipios.com\/index.php\/wp-json\/wp\/v2\/posts"}],"about":[{"href":"https:\/\/diarioprincipios.com\/index.php\/wp-json\/wp\/v2\/types\/post"}],"author":[{"embeddable":true,"href":"https:\/\/diarioprincipios.com\/index.php\/wp-json\/wp\/v2\/users\/2"}],"replies":[{"embeddable":true,"href":"https:\/\/diarioprincipios.com\/index.php\/wp-json\/wp\/v2\/comments?post=3115"}],"version-history":[{"count":1,"href":"https:\/\/diarioprincipios.com\/index.php\/wp-json\/wp\/v2\/posts\/3115\/revisions"}],"predecessor-version":[{"id":3119,"href":"https:\/\/diarioprincipios.com\/index.php\/wp-json\/wp\/v2\/posts\/3115\/revisions\/3119"}],"wp:featuredmedia":[{"embeddable":true,"href":"https:\/\/diarioprincipios.com\/index.php\/wp-json\/wp\/v2\/media\/3118"}],"wp:attachment":[{"href":"https:\/\/diarioprincipios.com\/index.php\/wp-json\/wp\/v2\/media?parent=3115"}],"wp:term":[{"taxonomy":"category","embeddable":true,"href":"https:\/\/diarioprincipios.com\/index.php\/wp-json\/wp\/v2\/categories?post=3115"},{"taxonomy":"post_tag","embeddable":true,"href":"https:\/\/diarioprincipios.com\/index.php\/wp-json\/wp\/v2\/tags?post=3115"}],"curies":[{"name":"wp","href":"https:\/\/api.w.org\/{rel}","templated":true}]}}