{"id":3093,"date":"2020-06-18T21:37:51","date_gmt":"2020-06-19T00:37:51","guid":{"rendered":"http:\/\/diarioprincipios.com\/?p=3093"},"modified":"2020-06-18T21:37:55","modified_gmt":"2020-06-19T00:37:55","slug":"la-unlp-realizara-ensayos-en-vehiculos-de-transporte-publico-a-propulsion-electrica","status":"publish","type":"post","link":"https:\/\/diarioprincipios.com\/index.php\/2020\/06\/18\/la-unlp-realizara-ensayos-en-vehiculos-de-transporte-publico-a-propulsion-electrica\/","title":{"rendered":"La UNLP realizar\u00e1 ensayos en veh\u00edculos de transporte p\u00fablico a propulsi\u00f3n el\u00e9ctrica"},"content":{"rendered":"\n<p>La Facultad de Ingenier\u00eda de la Universidad Nacional de La Plata comenzar\u00e1 a realizar ensayos con veh\u00edculos para la conversi\u00f3n del transporte p\u00fablico a propulsi\u00f3n el\u00e9ctrica, tras un convenio que se firm\u00f3 esta tarde con la empresa Nueve de Julio.<\/p>\n\n\n\n<p>El Centro Tecnol\u00f3gico Aeroespacial suministrar\u00e1 tecnolog\u00eda y parte del equipamiento para convertir una unidad de propulsi\u00f3n convencional en propulsi\u00f3n el\u00e9ctrica alimentada con bater\u00edas de litio, mientras que la empresa aportar\u00e1 una unidad y colaborar\u00e1 con el desarrollo y el montaje de equipamiento.<\/p>\n\n\n\n<p>Teniendo en cuenta la ausencia de normativas reglamentarias que regulen y permitan la utilizaci\u00f3n de unidades propulsadas con energ\u00edas renovables alternativas en el \u00e1mbito de la provincia de Buenos Aires y de la Municipalidad de La Plata, tanto la UNLP como la empresa de micros iniciar\u00e1n acciones conjuntas para acordar el dictado de las normas regulatorias.<\/p>\n\n\n\n<p>El decano de Ingeniar\u00eda, Horacio Frene, destac\u00f3 que \u201cla idea de este emprendimiento es demostrar que se puede evitar comprar micros el\u00e9ctricos afuera, que es lo que se hace hoy en d\u00eda, que tienen un valor de 400.000 d\u00f3lares, cuando ac\u00e1 tenemos los recursos para hacerlos y nos saldr\u00eda alrededor de 100.000 d\u00f3lares\u201d.<\/p>\n\n\n\n<p>Por su parte, el director del CTA, Marcos Actis manifest\u00f3: \u00abcreemos que es esencial aprovechar la trayectoria del CTA en reconversi\u00f3n para generar conciencia, y que nuestros funcionarios vean que se pueden hacer desarrollos en el pa\u00eds apostando al litio, que es un recurso sustentable y mucho m\u00e1s econ\u00f3mico\u201d.<\/p>\n\n\n\n<p>El acuerdo fue rubricado en el edificio de Aeron\u00e1utica de la Facultad con la participaci\u00f3n del vicepresidente del \u00e1rea Institucional de la UNLP y director del Centro Tecnol\u00f3gico Aeroespacial, Marcos Actis; el decano de Ingenier\u00eda, Horacio Frene y el presidente de la empresa Nueve de Julio, Walter Mastropietro.<\/p>\n\n\n\n<p>Tambi\u00e9n estuvieron presentes el director ejecutivo de la Comisi\u00f3n Nacional de Regulaci\u00f3n del Transporte (CNRT), Jos\u00e9 Arteaga; el subsecretario de Transporte bonaerense, Alejo Supply funcionarios municipales y provinciales y representantes de gremios del transporte.<\/p>\n","protected":false},"excerpt":{"rendered":"<p>La Facultad de Ingenier\u00eda de la Universidad Nacional de La Plata comenzar\u00e1 a realizar ensayos con veh\u00edculos para la conversi\u00f3n del transporte p\u00fablico a propulsi\u00f3n el\u00e9ctrica, tras un convenio que se firm\u00f3 esta tarde con la empresa Nueve de Julio. El Centro Tecnol\u00f3gico Aeroespacial suministrar\u00e1 tecnolog\u00eda y parte del equipamiento para convertir una unidad de&#8230;<\/p>\n","protected":false},"author":2,"featured_media":3094,"comment_status":"open","ping_status":"open","sticky":false,"template":"","format":"standard","meta":{"footnotes":""},"categories":[7],"tags":[],"class_list":["post-3093","post","type-post","status-publish","format-standard","has-post-thumbnail","hentry","category-provincia"],"featured_image_src":"https:\/\/diarioprincipios.com\/wp-content\/uploads\/2020\/06\/Autobuses-vs-automo\u0301viles-ele\u0301ctricos-crecimiento-del-mercado2.jpg","blog_images":{"medium":"https:\/\/diarioprincipios.com\/wp-content\/uploads\/2020\/06\/Autobuses-vs-automo\u0301viles-ele\u0301ctricos-crecimiento-del-mercado2-300x169.jpg","large":"https:\/\/diarioprincipios.com\/wp-content\/uploads\/2020\/06\/Autobuses-vs-automo\u0301viles-ele\u0301ctricos-crecimiento-del-mercado2.jpg"},"ams_acf":[],"yoast_head":"<!-- This site is optimized with the Yoast SEO plugin v27.3 - https:\/\/yoast.com\/product\/yoast-seo-wordpress\/ -->\n<title>La UNLP realizar\u00e1 ensayos en veh\u00edculos de transporte p\u00fablico a propulsi\u00f3n el\u00e9ctrica - Principios<\/title>\n<meta name=\"robots\" content=\"index, follow, max-snippet:-1, max-image-preview:large, max-video-preview:-1\" \/>\n<link rel=\"canonical\" href=\"https:\/\/diarioprincipios.com\/index.php\/2020\/06\/18\/la-unlp-realizara-ensayos-en-vehiculos-de-transporte-publico-a-propulsion-electrica\/\" \/>\n<meta property=\"og:locale\" content=\"es_ES\" \/>\n<meta property=\"og:type\" content=\"article\" \/>\n<meta property=\"og:title\" content=\"La UNLP realizar\u00e1 ensayos en veh\u00edculos de transporte p\u00fablico a propulsi\u00f3n el\u00e9ctrica - Principios\" \/>\n<meta property=\"og:description\" content=\"La Facultad de Ingenier\u00eda de la Universidad Nacional de La Plata comenzar\u00e1 a realizar ensayos con veh\u00edculos para la conversi\u00f3n del transporte p\u00fablico a propulsi\u00f3n el\u00e9ctrica, tras un convenio que se firm\u00f3 esta tarde con la empresa Nueve de Julio. El Centro Tecnol\u00f3gico Aeroespacial suministrar\u00e1 tecnolog\u00eda y parte del equipamiento para convertir una unidad de...\" \/>\n<meta property=\"og:url\" content=\"https:\/\/diarioprincipios.com\/index.php\/2020\/06\/18\/la-unlp-realizara-ensayos-en-vehiculos-de-transporte-publico-a-propulsion-electrica\/\" \/>\n<meta property=\"og:site_name\" content=\"Principios\" \/>\n<meta property=\"article:published_time\" content=\"2020-06-19T00:37:51+00:00\" \/>\n<meta property=\"article:modified_time\" content=\"2020-06-19T00:37:55+00:00\" \/>\n<meta property=\"og:image\" content=\"https:\/\/diarioprincipios.com\/wp-content\/uploads\/2020\/06\/Autobuses-vs-automo\u0301viles-ele\u0301ctricos-crecimiento-del-mercado2.jpg\" \/>\n\t<meta property=\"og:image:width\" content=\"575\" \/>\n\t<meta property=\"og:image:height\" content=\"323\" \/>\n\t<meta property=\"og:image:type\" content=\"image\/jpeg\" \/>\n<meta name=\"author\" content=\"Hern\u00e1n L\u00f3pez\" \/>\n<meta name=\"twitter:card\" content=\"summary_large_image\" \/>\n<meta name=\"twitter:label1\" content=\"Escrito por\" \/>\n\t<meta name=\"twitter:data1\" content=\"Hern\u00e1n L\u00f3pez\" \/>\n\t<meta name=\"twitter:label2\" content=\"Tiempo de lectura\" \/>\n\t<meta name=\"twitter:data2\" content=\"2 minutos\" \/>\n<script type=\"application\/ld+json\" class=\"yoast-schema-graph\">{\"@context\":\"https:\\\/\\\/schema.org\",\"@graph\":[{\"@type\":\"Article\",\"@id\":\"https:\\\/\\\/diarioprincipios.com\\\/index.php\\\/2020\\\/06\\\/18\\\/la-unlp-realizara-ensayos-en-vehiculos-de-transporte-publico-a-propulsion-electrica\\\/#article\",\"isPartOf\":{\"@id\":\"https:\\\/\\\/diarioprincipios.com\\\/index.php\\\/2020\\\/06\\\/18\\\/la-unlp-realizara-ensayos-en-vehiculos-de-transporte-publico-a-propulsion-electrica\\\/\"},\"author\":{\"name\":\"Hern\u00e1n L\u00f3pez\",\"@id\":\"https:\\\/\\\/diarioprincipios.com\\\/#\\\/schema\\\/person\\\/436d5a1fd41a5e250e23ff5a6a7cb080\"},\"headline\":\"La UNLP realizar\u00e1 ensayos en veh\u00edculos de transporte p\u00fablico a propulsi\u00f3n el\u00e9ctrica\",\"datePublished\":\"2020-06-19T00:37:51+00:00\",\"dateModified\":\"2020-06-19T00:37:55+00:00\",\"mainEntityOfPage\":{\"@id\":\"https:\\\/\\\/diarioprincipios.com\\\/index.php\\\/2020\\\/06\\\/18\\\/la-unlp-realizara-ensayos-en-vehiculos-de-transporte-publico-a-propulsion-electrica\\\/\"},\"wordCount\":368,\"commentCount\":0,\"publisher\":{\"@id\":\"https:\\\/\\\/diarioprincipios.com\\\/#organization\"},\"image\":{\"@id\":\"https:\\\/\\\/diarioprincipios.com\\\/index.php\\\/2020\\\/06\\\/18\\\/la-unlp-realizara-ensayos-en-vehiculos-de-transporte-publico-a-propulsion-electrica\\\/#primaryimage\"},\"thumbnailUrl\":\"https:\\\/\\\/diarioprincipios.com\\\/wp-content\\\/uploads\\\/2020\\\/06\\\/Autobuses-vs-automo\u0301viles-ele\u0301ctricos-crecimiento-del-mercado2.jpg\",\"articleSection\":[\"Provincia\"],\"inLanguage\":\"es\",\"potentialAction\":[{\"@type\":\"CommentAction\",\"name\":\"Comment\",\"target\":[\"https:\\\/\\\/diarioprincipios.com\\\/index.php\\\/2020\\\/06\\\/18\\\/la-unlp-realizara-ensayos-en-vehiculos-de-transporte-publico-a-propulsion-electrica\\\/#respond\"]}]},{\"@type\":\"WebPage\",\"@id\":\"https:\\\/\\\/diarioprincipios.com\\\/index.php\\\/2020\\\/06\\\/18\\\/la-unlp-realizara-ensayos-en-vehiculos-de-transporte-publico-a-propulsion-electrica\\\/\",\"url\":\"https:\\\/\\\/diarioprincipios.com\\\/index.php\\\/2020\\\/06\\\/18\\\/la-unlp-realizara-ensayos-en-vehiculos-de-transporte-publico-a-propulsion-electrica\\\/\",\"name\":\"La UNLP realizar\u00e1 ensayos en veh\u00edculos de transporte p\u00fablico a propulsi\u00f3n el\u00e9ctrica - Principios\",\"isPartOf\":{\"@id\":\"https:\\\/\\\/diarioprincipios.com\\\/#website\"},\"primaryImageOfPage\":{\"@id\":\"https:\\\/\\\/diarioprincipios.com\\\/index.php\\\/2020\\\/06\\\/18\\\/la-unlp-realizara-ensayos-en-vehiculos-de-transporte-publico-a-propulsion-electrica\\\/#primaryimage\"},\"image\":{\"@id\":\"https:\\\/\\\/diarioprincipios.com\\\/index.php\\\/2020\\\/06\\\/18\\\/la-unlp-realizara-ensayos-en-vehiculos-de-transporte-publico-a-propulsion-electrica\\\/#primaryimage\"},\"thumbnailUrl\":\"https:\\\/\\\/diarioprincipios.com\\\/wp-content\\\/uploads\\\/2020\\\/06\\\/Autobuses-vs-automo\u0301viles-ele\u0301ctricos-crecimiento-del-mercado2.jpg\",\"datePublished\":\"2020-06-19T00:37:51+00:00\",\"dateModified\":\"2020-06-19T00:37:55+00:00\",\"breadcrumb\":{\"@id\":\"https:\\\/\\\/diarioprincipios.com\\\/index.php\\\/2020\\\/06\\\/18\\\/la-unlp-realizara-ensayos-en-vehiculos-de-transporte-publico-a-propulsion-electrica\\\/#breadcrumb\"},\"inLanguage\":\"es\",\"potentialAction\":[{\"@type\":\"ReadAction\",\"target\":[\"https:\\\/\\\/diarioprincipios.com\\\/index.php\\\/2020\\\/06\\\/18\\\/la-unlp-realizara-ensayos-en-vehiculos-de-transporte-publico-a-propulsion-electrica\\\/\"]}]},{\"@type\":\"ImageObject\",\"inLanguage\":\"es\",\"@id\":\"https:\\\/\\\/diarioprincipios.com\\\/index.php\\\/2020\\\/06\\\/18\\\/la-unlp-realizara-ensayos-en-vehiculos-de-transporte-publico-a-propulsion-electrica\\\/#primaryimage\",\"url\":\"https:\\\/\\\/diarioprincipios.com\\\/wp-content\\\/uploads\\\/2020\\\/06\\\/Autobuses-vs-automo\u0301viles-ele\u0301ctricos-crecimiento-del-mercado2.jpg\",\"contentUrl\":\"https:\\\/\\\/diarioprincipios.com\\\/wp-content\\\/uploads\\\/2020\\\/06\\\/Autobuses-vs-automo\u0301viles-ele\u0301ctricos-crecimiento-del-mercado2.jpg\",\"width\":575,\"height\":323},{\"@type\":\"BreadcrumbList\",\"@id\":\"https:\\\/\\\/diarioprincipios.com\\\/index.php\\\/2020\\\/06\\\/18\\\/la-unlp-realizara-ensayos-en-vehiculos-de-transporte-publico-a-propulsion-electrica\\\/#breadcrumb\",\"itemListElement\":[{\"@type\":\"ListItem\",\"position\":1,\"name\":\"Portada\",\"item\":\"https:\\\/\\\/diarioprincipios.com\\\/\"},{\"@type\":\"ListItem\",\"position\":2,\"name\":\"La UNLP realizar\u00e1 ensayos en veh\u00edculos de transporte p\u00fablico a propulsi\u00f3n el\u00e9ctrica\"}]},{\"@type\":\"WebSite\",\"@id\":\"https:\\\/\\\/diarioprincipios.com\\\/#website\",\"url\":\"https:\\\/\\\/diarioprincipios.com\\\/\",\"name\":\"Principios\",\"description\":\"Principios Diario\",\"publisher\":{\"@id\":\"https:\\\/\\\/diarioprincipios.com\\\/#organization\"},\"potentialAction\":[{\"@type\":\"SearchAction\",\"target\":{\"@type\":\"EntryPoint\",\"urlTemplate\":\"https:\\\/\\\/diarioprincipios.com\\\/?s={search_term_string}\"},\"query-input\":{\"@type\":\"PropertyValueSpecification\",\"valueRequired\":true,\"valueName\":\"search_term_string\"}}],\"inLanguage\":\"es\"},{\"@type\":\"Organization\",\"@id\":\"https:\\\/\\\/diarioprincipios.com\\\/#organization\",\"name\":\"Principios\",\"url\":\"https:\\\/\\\/diarioprincipios.com\\\/\",\"logo\":{\"@type\":\"ImageObject\",\"inLanguage\":\"es\",\"@id\":\"https:\\\/\\\/diarioprincipios.com\\\/#\\\/schema\\\/logo\\\/image\\\/\",\"url\":\"https:\\\/\\\/diarioprincipios.com\\\/wp-content\\\/uploads\\\/2024\\\/04\\\/cropped-www.diarioprincipios.com_-1.png\",\"contentUrl\":\"https:\\\/\\\/diarioprincipios.com\\\/wp-content\\\/uploads\\\/2024\\\/04\\\/cropped-www.diarioprincipios.com_-1.png\",\"width\":5325,\"height\":1454,\"caption\":\"Principios\"},\"image\":{\"@id\":\"https:\\\/\\\/diarioprincipios.com\\\/#\\\/schema\\\/logo\\\/image\\\/\"}},{\"@type\":\"Person\",\"@id\":\"https:\\\/\\\/diarioprincipios.com\\\/#\\\/schema\\\/person\\\/436d5a1fd41a5e250e23ff5a6a7cb080\",\"name\":\"Hern\u00e1n L\u00f3pez\",\"image\":{\"@type\":\"ImageObject\",\"inLanguage\":\"es\",\"@id\":\"https:\\\/\\\/diarioprincipios.com\\\/wp-content\\\/litespeed\\\/avatar\\\/11ddfe5610ff3bd100522525b2571f48.jpg?ver=1777048341\",\"url\":\"https:\\\/\\\/diarioprincipios.com\\\/wp-content\\\/litespeed\\\/avatar\\\/11ddfe5610ff3bd100522525b2571f48.jpg?ver=1777048341\",\"contentUrl\":\"https:\\\/\\\/diarioprincipios.com\\\/wp-content\\\/litespeed\\\/avatar\\\/11ddfe5610ff3bd100522525b2571f48.jpg?ver=1777048341\",\"caption\":\"Hern\u00e1n L\u00f3pez\"},\"url\":\"https:\\\/\\\/diarioprincipios.com\\\/index.php\\\/author\\\/hernan\\\/\"}]}<\/script>\n<!-- \/ Yoast SEO plugin. -->","yoast_head_json":{"title":"La UNLP realizar\u00e1 ensayos en veh\u00edculos de transporte p\u00fablico a propulsi\u00f3n el\u00e9ctrica - Principios","robots":{"index":"index","follow":"follow","max-snippet":"max-snippet:-1","max-image-preview":"max-image-preview:large","max-video-preview":"max-video-preview:-1"},"canonical":"https:\/\/diarioprincipios.com\/index.php\/2020\/06\/18\/la-unlp-realizara-ensayos-en-vehiculos-de-transporte-publico-a-propulsion-electrica\/","og_locale":"es_ES","og_type":"article","og_title":"La UNLP realizar\u00e1 ensayos en veh\u00edculos de transporte p\u00fablico a propulsi\u00f3n el\u00e9ctrica - Principios","og_description":"La Facultad de Ingenier\u00eda de la Universidad Nacional de La Plata comenzar\u00e1 a realizar ensayos con veh\u00edculos para la conversi\u00f3n del transporte p\u00fablico a propulsi\u00f3n el\u00e9ctrica, tras un convenio que se firm\u00f3 esta tarde con la empresa Nueve de Julio. El Centro Tecnol\u00f3gico Aeroespacial suministrar\u00e1 tecnolog\u00eda y parte del equipamiento para convertir una unidad de...","og_url":"https:\/\/diarioprincipios.com\/index.php\/2020\/06\/18\/la-unlp-realizara-ensayos-en-vehiculos-de-transporte-publico-a-propulsion-electrica\/","og_site_name":"Principios","article_published_time":"2020-06-19T00:37:51+00:00","article_modified_time":"2020-06-19T00:37:55+00:00","og_image":[{"width":575,"height":323,"url":"https:\/\/diarioprincipios.com\/wp-content\/uploads\/2020\/06\/Autobuses-vs-automo\u0301viles-ele\u0301ctricos-crecimiento-del-mercado2.jpg","type":"image\/jpeg"}],"author":"Hern\u00e1n L\u00f3pez","twitter_card":"summary_large_image","twitter_misc":{"Escrito por":"Hern\u00e1n L\u00f3pez","Tiempo de lectura":"2 minutos"},"schema":{"@context":"https:\/\/schema.org","@graph":[{"@type":"Article","@id":"https:\/\/diarioprincipios.com\/index.php\/2020\/06\/18\/la-unlp-realizara-ensayos-en-vehiculos-de-transporte-publico-a-propulsion-electrica\/#article","isPartOf":{"@id":"https:\/\/diarioprincipios.com\/index.php\/2020\/06\/18\/la-unlp-realizara-ensayos-en-vehiculos-de-transporte-publico-a-propulsion-electrica\/"},"author":{"name":"Hern\u00e1n L\u00f3pez","@id":"https:\/\/diarioprincipios.com\/#\/schema\/person\/436d5a1fd41a5e250e23ff5a6a7cb080"},"headline":"La UNLP realizar\u00e1 ensayos en veh\u00edculos de transporte p\u00fablico a propulsi\u00f3n el\u00e9ctrica","datePublished":"2020-06-19T00:37:51+00:00","dateModified":"2020-06-19T00:37:55+00:00","mainEntityOfPage":{"@id":"https:\/\/diarioprincipios.com\/index.php\/2020\/06\/18\/la-unlp-realizara-ensayos-en-vehiculos-de-transporte-publico-a-propulsion-electrica\/"},"wordCount":368,"commentCount":0,"publisher":{"@id":"https:\/\/diarioprincipios.com\/#organization"},"image":{"@id":"https:\/\/diarioprincipios.com\/index.php\/2020\/06\/18\/la-unlp-realizara-ensayos-en-vehiculos-de-transporte-publico-a-propulsion-electrica\/#primaryimage"},"thumbnailUrl":"https:\/\/diarioprincipios.com\/wp-content\/uploads\/2020\/06\/Autobuses-vs-automo\u0301viles-ele\u0301ctricos-crecimiento-del-mercado2.jpg","articleSection":["Provincia"],"inLanguage":"es","potentialAction":[{"@type":"CommentAction","name":"Comment","target":["https:\/\/diarioprincipios.com\/index.php\/2020\/06\/18\/la-unlp-realizara-ensayos-en-vehiculos-de-transporte-publico-a-propulsion-electrica\/#respond"]}]},{"@type":"WebPage","@id":"https:\/\/diarioprincipios.com\/index.php\/2020\/06\/18\/la-unlp-realizara-ensayos-en-vehiculos-de-transporte-publico-a-propulsion-electrica\/","url":"https:\/\/diarioprincipios.com\/index.php\/2020\/06\/18\/la-unlp-realizara-ensayos-en-vehiculos-de-transporte-publico-a-propulsion-electrica\/","name":"La UNLP realizar\u00e1 ensayos en veh\u00edculos de transporte p\u00fablico a propulsi\u00f3n el\u00e9ctrica - Principios","isPartOf":{"@id":"https:\/\/diarioprincipios.com\/#website"},"primaryImageOfPage":{"@id":"https:\/\/diarioprincipios.com\/index.php\/2020\/06\/18\/la-unlp-realizara-ensayos-en-vehiculos-de-transporte-publico-a-propulsion-electrica\/#primaryimage"},"image":{"@id":"https:\/\/diarioprincipios.com\/index.php\/2020\/06\/18\/la-unlp-realizara-ensayos-en-vehiculos-de-transporte-publico-a-propulsion-electrica\/#primaryimage"},"thumbnailUrl":"https:\/\/diarioprincipios.com\/wp-content\/uploads\/2020\/06\/Autobuses-vs-automo\u0301viles-ele\u0301ctricos-crecimiento-del-mercado2.jpg","datePublished":"2020-06-19T00:37:51+00:00","dateModified":"2020-06-19T00:37:55+00:00","breadcrumb":{"@id":"https:\/\/diarioprincipios.com\/index.php\/2020\/06\/18\/la-unlp-realizara-ensayos-en-vehiculos-de-transporte-publico-a-propulsion-electrica\/#breadcrumb"},"inLanguage":"es","potentialAction":[{"@type":"ReadAction","target":["https:\/\/diarioprincipios.com\/index.php\/2020\/06\/18\/la-unlp-realizara-ensayos-en-vehiculos-de-transporte-publico-a-propulsion-electrica\/"]}]},{"@type":"ImageObject","inLanguage":"es","@id":"https:\/\/diarioprincipios.com\/index.php\/2020\/06\/18\/la-unlp-realizara-ensayos-en-vehiculos-de-transporte-publico-a-propulsion-electrica\/#primaryimage","url":"https:\/\/diarioprincipios.com\/wp-content\/uploads\/2020\/06\/Autobuses-vs-automo\u0301viles-ele\u0301ctricos-crecimiento-del-mercado2.jpg","contentUrl":"https:\/\/diarioprincipios.com\/wp-content\/uploads\/2020\/06\/Autobuses-vs-automo\u0301viles-ele\u0301ctricos-crecimiento-del-mercado2.jpg","width":575,"height":323},{"@type":"BreadcrumbList","@id":"https:\/\/diarioprincipios.com\/index.php\/2020\/06\/18\/la-unlp-realizara-ensayos-en-vehiculos-de-transporte-publico-a-propulsion-electrica\/#breadcrumb","itemListElement":[{"@type":"ListItem","position":1,"name":"Portada","item":"https:\/\/diarioprincipios.com\/"},{"@type":"ListItem","position":2,"name":"La UNLP realizar\u00e1 ensayos en veh\u00edculos de transporte p\u00fablico a propulsi\u00f3n el\u00e9ctrica"}]},{"@type":"WebSite","@id":"https:\/\/diarioprincipios.com\/#website","url":"https:\/\/diarioprincipios.com\/","name":"Principios","description":"Principios Diario","publisher":{"@id":"https:\/\/diarioprincipios.com\/#organization"},"potentialAction":[{"@type":"SearchAction","target":{"@type":"EntryPoint","urlTemplate":"https:\/\/diarioprincipios.com\/?s={search_term_string}"},"query-input":{"@type":"PropertyValueSpecification","valueRequired":true,"valueName":"search_term_string"}}],"inLanguage":"es"},{"@type":"Organization","@id":"https:\/\/diarioprincipios.com\/#organization","name":"Principios","url":"https:\/\/diarioprincipios.com\/","logo":{"@type":"ImageObject","inLanguage":"es","@id":"https:\/\/diarioprincipios.com\/#\/schema\/logo\/image\/","url":"https:\/\/diarioprincipios.com\/wp-content\/uploads\/2024\/04\/cropped-www.diarioprincipios.com_-1.png","contentUrl":"https:\/\/diarioprincipios.com\/wp-content\/uploads\/2024\/04\/cropped-www.diarioprincipios.com_-1.png","width":5325,"height":1454,"caption":"Principios"},"image":{"@id":"https:\/\/diarioprincipios.com\/#\/schema\/logo\/image\/"}},{"@type":"Person","@id":"https:\/\/diarioprincipios.com\/#\/schema\/person\/436d5a1fd41a5e250e23ff5a6a7cb080","name":"Hern\u00e1n L\u00f3pez","image":{"@type":"ImageObject","inLanguage":"es","@id":"https:\/\/diarioprincipios.com\/wp-content\/litespeed\/avatar\/11ddfe5610ff3bd100522525b2571f48.jpg?ver=1777048341","url":"https:\/\/diarioprincipios.com\/wp-content\/litespeed\/avatar\/11ddfe5610ff3bd100522525b2571f48.jpg?ver=1777048341","contentUrl":"https:\/\/diarioprincipios.com\/wp-content\/litespeed\/avatar\/11ddfe5610ff3bd100522525b2571f48.jpg?ver=1777048341","caption":"Hern\u00e1n L\u00f3pez"},"url":"https:\/\/diarioprincipios.com\/index.php\/author\/hernan\/"}]}},"jetpack_featured_media_url":"https:\/\/diarioprincipios.com\/wp-content\/uploads\/2020\/06\/Autobuses-vs-automo\u0301viles-ele\u0301ctricos-crecimiento-del-mercado2.jpg","_links":{"self":[{"href":"https:\/\/diarioprincipios.com\/index.php\/wp-json\/wp\/v2\/posts\/3093","targetHints":{"allow":["GET"]}}],"collection":[{"href":"https:\/\/diarioprincipios.com\/index.php\/wp-json\/wp\/v2\/posts"}],"about":[{"href":"https:\/\/diarioprincipios.com\/index.php\/wp-json\/wp\/v2\/types\/post"}],"author":[{"embeddable":true,"href":"https:\/\/diarioprincipios.com\/index.php\/wp-json\/wp\/v2\/users\/2"}],"replies":[{"embeddable":true,"href":"https:\/\/diarioprincipios.com\/index.php\/wp-json\/wp\/v2\/comments?post=3093"}],"version-history":[{"count":1,"href":"https:\/\/diarioprincipios.com\/index.php\/wp-json\/wp\/v2\/posts\/3093\/revisions"}],"predecessor-version":[{"id":3095,"href":"https:\/\/diarioprincipios.com\/index.php\/wp-json\/wp\/v2\/posts\/3093\/revisions\/3095"}],"wp:featuredmedia":[{"embeddable":true,"href":"https:\/\/diarioprincipios.com\/index.php\/wp-json\/wp\/v2\/media\/3094"}],"wp:attachment":[{"href":"https:\/\/diarioprincipios.com\/index.php\/wp-json\/wp\/v2\/media?parent=3093"}],"wp:term":[{"taxonomy":"category","embeddable":true,"href":"https:\/\/diarioprincipios.com\/index.php\/wp-json\/wp\/v2\/categories?post=3093"},{"taxonomy":"post_tag","embeddable":true,"href":"https:\/\/diarioprincipios.com\/index.php\/wp-json\/wp\/v2\/tags?post=3093"}],"curies":[{"name":"wp","href":"https:\/\/api.w.org\/{rel}","templated":true}]}}