{"id":3089,"date":"2020-06-18T21:06:41","date_gmt":"2020-06-19T00:06:41","guid":{"rendered":"http:\/\/diarioprincipios.com\/?p=3089"},"modified":"2020-06-18T21:06:45","modified_gmt":"2020-06-19T00:06:45","slug":"veteranos-de-malvinas-de-berazategui-recordaron-el-14-de-junio","status":"publish","type":"post","link":"https:\/\/diarioprincipios.com\/index.php\/2020\/06\/18\/veteranos-de-malvinas-de-berazategui-recordaron-el-14-de-junio\/","title":{"rendered":"Veteranos de Malvinas de Berazategui recordaron el 14 de Junio"},"content":{"rendered":"\n<p><strong>El 14 de junio se conmemor\u00f3 un nuevo aniversario de la finalizaci\u00f3n de la guerra de Malvinas y los veteranos de la Agrupaci\u00f3n \u201cExcombatientes H\u00e9roes de Malvinas\u201d, de Berazategui, recordaron aquel episodio.<\/strong><\/p>\n\n\n\n<p>Roberto Melogno fue a las Islas con 20 a\u00f1os y pertenec\u00eda al Regimiento 7 de Infanter\u00eda Mecanizado Coronel Conde, donde cumpli\u00f3 el rol de camillero. \u201cEl 11 de junio de 1982 se desarroll\u00f3 la batalla de Monte Longdon, un combate duro en el que muchos compa\u00f1eros perdieron la vida pero pelearon valientemente. El 14 se produjo el cese de las hostilidades, un hecho que nos marc\u00f3 a todos los que estuvimos ah\u00ed y que es una herida abierta que tenemos todos los veteranos\u201d, expres\u00f3 Melogno, quien -emocionado- hizo hincapi\u00e9 en recordar a los que \u201cdieron su vida por la Patria\u201d.<\/p>\n\n\n\n<p>En tanto, Jos\u00e9 Antonio Ju\u00e1rez (jefe de combate del equipo A del Regimiento de Infanter\u00eda N\u00b0 7 de La Plata) manifest\u00f3: \u201cEse d\u00eda fue muy triste y doloroso para nosotros, pero siempre lo recordamos porque es un homenaje para los verdaderos h\u00e9roes, que son los que quedaron en las Islas, entre ellos los berazateguenses\u201d.<\/p>\n\n\n\n<p>Una vez concluido el conflicto b\u00e9lico, no fueron tiempos f\u00e1ciles para los soldados porque se vivi\u00f3 un proceso de desmalvinizaci\u00f3n en el pa\u00eds. Al respecto, el presidente de la Agrupaci\u00f3n local, Adolfo Orozco, subray\u00f3: \u201cDespu\u00e9s de la guerra nos ocultaron, fue una \u00e9poca de olvido. Incluso cuando yo volv\u00ed nadie sab\u00eda que regresaba\u201d, y continu\u00f3: \u201cDel a\u00f1o 2003 en adelante los veteranos fuimos reconocidos a nivel nacional. En cambio, en Berazategui, a partir de la llegada de Juan Jos\u00e9 Mussi a la intendencia, se nos reconoci\u00f3 siempre, y eso lo valoramos mucho porque nunca nos dejaron de lado. Estamos eternamente agradecidos con el Municipio\u201d.<\/p>\n\n\n\n<figure class=\"wp-block-image size-large\"><img loading=\"lazy\" decoding=\"async\" width=\"848\" height=\"536\" src=\"https:\/\/diarioprincipios.com\/wp-content\/uploads\/2020\/06\/VETERANOS-DE-MALVINAS-DE-BERAZATEGUI-RECORDARON-EL-14-DE-JUNIO-2.jpeg\" alt=\"\" class=\"wp-image-3090\" srcset=\"https:\/\/diarioprincipios.com\/wp-content\/uploads\/2020\/06\/VETERANOS-DE-MALVINAS-DE-BERAZATEGUI-RECORDARON-EL-14-DE-JUNIO-2.jpeg 848w, https:\/\/diarioprincipios.com\/wp-content\/uploads\/2020\/06\/VETERANOS-DE-MALVINAS-DE-BERAZATEGUI-RECORDARON-EL-14-DE-JUNIO-2-300x190.jpeg 300w, https:\/\/diarioprincipios.com\/wp-content\/uploads\/2020\/06\/VETERANOS-DE-MALVINAS-DE-BERAZATEGUI-RECORDARON-EL-14-DE-JUNIO-2-768x485.jpeg 768w\" sizes=\"auto, (max-width: 848px) 100vw, 848px\" \/><\/figure>\n\n\n\n<p>Todos los viernes, los h\u00e9roes de Malvinas de esta entidad se re\u00fanen en su sede de calle 121 y 25 para compartir tiempo. Debido al aislamiento social, preventivo y obligatorio por la pandemia de coronavirus, los encuentros no se est\u00e1n desarrollando; no obstante la instituci\u00f3n sigue generando actividades, como las jornadas de vacunaci\u00f3n antigripal para los vecinos, que fueron gestionadas con la Secretar\u00eda de Salud P\u00fablica del Municipio.<\/p>\n\n\n\n<p><strong>Berazategui Ciudad Malvinera<br><\/strong><br>Desde la primera asunci\u00f3n de Juan Jos\u00e9 Mussi como Intendente en 1987, el distrito se caracteriza por homenajear permanentemente a los veteranos de guerra, a trav\u00e9s de distintos tributos, como la eximici\u00f3n del pago de tasas municipales, la prioridad en los turnos para los Centros de Salud del Municipio, la creaci\u00f3n de monumentos, la construcci\u00f3n de una r\u00e9plica del Cementerio Darwin y del Camposanto, la edificaci\u00f3n de la sede a la Agrupaci\u00f3n H\u00e9roes de Malvinas y el nombramiento de calles y espacios p\u00fablicos en su honor, entre otras iniciativas a lo largo de todo Berazategui.<\/p>\n","protected":false},"excerpt":{"rendered":"<p>El 14 de junio se conmemor\u00f3 un nuevo aniversario de la finalizaci\u00f3n de la guerra de Malvinas y los veteranos de la Agrupaci\u00f3n \u201cExcombatientes H\u00e9roes de Malvinas\u201d, de Berazategui, recordaron aquel episodio. Roberto Melogno fue a las Islas con 20 a\u00f1os y pertenec\u00eda al Regimiento 7 de Infanter\u00eda Mecanizado Coronel Conde, donde cumpli\u00f3 el rol&#8230;<\/p>\n","protected":false},"author":2,"featured_media":3091,"comment_status":"open","ping_status":"open","sticky":false,"template":"","format":"standard","meta":{"footnotes":""},"categories":[3],"tags":[],"class_list":["post-3089","post","type-post","status-publish","format-standard","has-post-thumbnail","hentry","category-berazategui"],"featured_image_src":"https:\/\/diarioprincipios.com\/wp-content\/uploads\/2020\/06\/VETERANOS-DE-MALVINAS-DE-BERAZATEGUI-RECORDARON-EL-14-DE-JUNIO-1-1024x682.jpeg","blog_images":{"medium":"https:\/\/diarioprincipios.com\/wp-content\/uploads\/2020\/06\/VETERANOS-DE-MALVINAS-DE-BERAZATEGUI-RECORDARON-EL-14-DE-JUNIO-1-300x200.jpeg","large":"https:\/\/diarioprincipios.com\/wp-content\/uploads\/2020\/06\/VETERANOS-DE-MALVINAS-DE-BERAZATEGUI-RECORDARON-EL-14-DE-JUNIO-1-1024x682.jpeg"},"ams_acf":[],"yoast_head":"<!-- This site is optimized with the Yoast SEO plugin v27.3 - https:\/\/yoast.com\/product\/yoast-seo-wordpress\/ -->\n<title>Veteranos de Malvinas de Berazategui recordaron el 14 de Junio - Principios<\/title>\n<meta name=\"robots\" content=\"index, follow, max-snippet:-1, max-image-preview:large, max-video-preview:-1\" \/>\n<link rel=\"canonical\" href=\"https:\/\/diarioprincipios.com\/index.php\/2020\/06\/18\/veteranos-de-malvinas-de-berazategui-recordaron-el-14-de-junio\/\" \/>\n<meta property=\"og:locale\" content=\"es_ES\" \/>\n<meta property=\"og:type\" content=\"article\" \/>\n<meta property=\"og:title\" content=\"Veteranos de Malvinas de Berazategui recordaron el 14 de Junio - Principios\" \/>\n<meta property=\"og:description\" content=\"El 14 de junio se conmemor\u00f3 un nuevo aniversario de la finalizaci\u00f3n de la guerra de Malvinas y los veteranos de la Agrupaci\u00f3n \u201cExcombatientes H\u00e9roes de Malvinas\u201d, de Berazategui, recordaron aquel episodio. Roberto Melogno fue a las Islas con 20 a\u00f1os y pertenec\u00eda al Regimiento 7 de Infanter\u00eda Mecanizado Coronel Conde, donde cumpli\u00f3 el rol...\" \/>\n<meta property=\"og:url\" content=\"https:\/\/diarioprincipios.com\/index.php\/2020\/06\/18\/veteranos-de-malvinas-de-berazategui-recordaron-el-14-de-junio\/\" \/>\n<meta property=\"og:site_name\" content=\"Principios\" \/>\n<meta property=\"article:published_time\" content=\"2020-06-19T00:06:41+00:00\" \/>\n<meta property=\"article:modified_time\" content=\"2020-06-19T00:06:45+00:00\" \/>\n<meta property=\"og:image\" content=\"https:\/\/diarioprincipios.com\/wp-content\/uploads\/2020\/06\/VETERANOS-DE-MALVINAS-DE-BERAZATEGUI-RECORDARON-EL-14-DE-JUNIO-1.jpeg\" \/>\n\t<meta property=\"og:image:width\" content=\"1280\" \/>\n\t<meta property=\"og:image:height\" content=\"853\" \/>\n\t<meta property=\"og:image:type\" content=\"image\/jpeg\" \/>\n<meta name=\"author\" content=\"Hern\u00e1n L\u00f3pez\" \/>\n<meta name=\"twitter:card\" content=\"summary_large_image\" \/>\n<meta name=\"twitter:label1\" content=\"Escrito por\" \/>\n\t<meta name=\"twitter:data1\" content=\"Hern\u00e1n L\u00f3pez\" \/>\n\t<meta name=\"twitter:label2\" content=\"Tiempo de lectura\" \/>\n\t<meta name=\"twitter:data2\" content=\"2 minutos\" \/>\n<script type=\"application\/ld+json\" class=\"yoast-schema-graph\">{\"@context\":\"https:\\\/\\\/schema.org\",\"@graph\":[{\"@type\":\"Article\",\"@id\":\"https:\\\/\\\/diarioprincipios.com\\\/index.php\\\/2020\\\/06\\\/18\\\/veteranos-de-malvinas-de-berazategui-recordaron-el-14-de-junio\\\/#article\",\"isPartOf\":{\"@id\":\"https:\\\/\\\/diarioprincipios.com\\\/index.php\\\/2020\\\/06\\\/18\\\/veteranos-de-malvinas-de-berazategui-recordaron-el-14-de-junio\\\/\"},\"author\":{\"name\":\"Hern\u00e1n L\u00f3pez\",\"@id\":\"https:\\\/\\\/diarioprincipios.com\\\/#\\\/schema\\\/person\\\/436d5a1fd41a5e250e23ff5a6a7cb080\"},\"headline\":\"Veteranos de Malvinas de Berazategui recordaron el 14 de Junio\",\"datePublished\":\"2020-06-19T00:06:41+00:00\",\"dateModified\":\"2020-06-19T00:06:45+00:00\",\"mainEntityOfPage\":{\"@id\":\"https:\\\/\\\/diarioprincipios.com\\\/index.php\\\/2020\\\/06\\\/18\\\/veteranos-de-malvinas-de-berazategui-recordaron-el-14-de-junio\\\/\"},\"wordCount\":490,\"commentCount\":0,\"publisher\":{\"@id\":\"https:\\\/\\\/diarioprincipios.com\\\/#organization\"},\"image\":{\"@id\":\"https:\\\/\\\/diarioprincipios.com\\\/index.php\\\/2020\\\/06\\\/18\\\/veteranos-de-malvinas-de-berazategui-recordaron-el-14-de-junio\\\/#primaryimage\"},\"thumbnailUrl\":\"https:\\\/\\\/diarioprincipios.com\\\/wp-content\\\/uploads\\\/2020\\\/06\\\/VETERANOS-DE-MALVINAS-DE-BERAZATEGUI-RECORDARON-EL-14-DE-JUNIO-1.jpeg\",\"articleSection\":[\"Berazategui\"],\"inLanguage\":\"es\",\"potentialAction\":[{\"@type\":\"CommentAction\",\"name\":\"Comment\",\"target\":[\"https:\\\/\\\/diarioprincipios.com\\\/index.php\\\/2020\\\/06\\\/18\\\/veteranos-de-malvinas-de-berazategui-recordaron-el-14-de-junio\\\/#respond\"]}]},{\"@type\":\"WebPage\",\"@id\":\"https:\\\/\\\/diarioprincipios.com\\\/index.php\\\/2020\\\/06\\\/18\\\/veteranos-de-malvinas-de-berazategui-recordaron-el-14-de-junio\\\/\",\"url\":\"https:\\\/\\\/diarioprincipios.com\\\/index.php\\\/2020\\\/06\\\/18\\\/veteranos-de-malvinas-de-berazategui-recordaron-el-14-de-junio\\\/\",\"name\":\"Veteranos de Malvinas de Berazategui recordaron el 14 de Junio - Principios\",\"isPartOf\":{\"@id\":\"https:\\\/\\\/diarioprincipios.com\\\/#website\"},\"primaryImageOfPage\":{\"@id\":\"https:\\\/\\\/diarioprincipios.com\\\/index.php\\\/2020\\\/06\\\/18\\\/veteranos-de-malvinas-de-berazategui-recordaron-el-14-de-junio\\\/#primaryimage\"},\"image\":{\"@id\":\"https:\\\/\\\/diarioprincipios.com\\\/index.php\\\/2020\\\/06\\\/18\\\/veteranos-de-malvinas-de-berazategui-recordaron-el-14-de-junio\\\/#primaryimage\"},\"thumbnailUrl\":\"https:\\\/\\\/diarioprincipios.com\\\/wp-content\\\/uploads\\\/2020\\\/06\\\/VETERANOS-DE-MALVINAS-DE-BERAZATEGUI-RECORDARON-EL-14-DE-JUNIO-1.jpeg\",\"datePublished\":\"2020-06-19T00:06:41+00:00\",\"dateModified\":\"2020-06-19T00:06:45+00:00\",\"breadcrumb\":{\"@id\":\"https:\\\/\\\/diarioprincipios.com\\\/index.php\\\/2020\\\/06\\\/18\\\/veteranos-de-malvinas-de-berazategui-recordaron-el-14-de-junio\\\/#breadcrumb\"},\"inLanguage\":\"es\",\"potentialAction\":[{\"@type\":\"ReadAction\",\"target\":[\"https:\\\/\\\/diarioprincipios.com\\\/index.php\\\/2020\\\/06\\\/18\\\/veteranos-de-malvinas-de-berazategui-recordaron-el-14-de-junio\\\/\"]}]},{\"@type\":\"ImageObject\",\"inLanguage\":\"es\",\"@id\":\"https:\\\/\\\/diarioprincipios.com\\\/index.php\\\/2020\\\/06\\\/18\\\/veteranos-de-malvinas-de-berazategui-recordaron-el-14-de-junio\\\/#primaryimage\",\"url\":\"https:\\\/\\\/diarioprincipios.com\\\/wp-content\\\/uploads\\\/2020\\\/06\\\/VETERANOS-DE-MALVINAS-DE-BERAZATEGUI-RECORDARON-EL-14-DE-JUNIO-1.jpeg\",\"contentUrl\":\"https:\\\/\\\/diarioprincipios.com\\\/wp-content\\\/uploads\\\/2020\\\/06\\\/VETERANOS-DE-MALVINAS-DE-BERAZATEGUI-RECORDARON-EL-14-DE-JUNIO-1.jpeg\",\"width\":1280,\"height\":853},{\"@type\":\"BreadcrumbList\",\"@id\":\"https:\\\/\\\/diarioprincipios.com\\\/index.php\\\/2020\\\/06\\\/18\\\/veteranos-de-malvinas-de-berazategui-recordaron-el-14-de-junio\\\/#breadcrumb\",\"itemListElement\":[{\"@type\":\"ListItem\",\"position\":1,\"name\":\"Portada\",\"item\":\"https:\\\/\\\/diarioprincipios.com\\\/\"},{\"@type\":\"ListItem\",\"position\":2,\"name\":\"Veteranos de Malvinas de Berazategui recordaron el 14 de Junio\"}]},{\"@type\":\"WebSite\",\"@id\":\"https:\\\/\\\/diarioprincipios.com\\\/#website\",\"url\":\"https:\\\/\\\/diarioprincipios.com\\\/\",\"name\":\"Principios\",\"description\":\"Principios Diario\",\"publisher\":{\"@id\":\"https:\\\/\\\/diarioprincipios.com\\\/#organization\"},\"potentialAction\":[{\"@type\":\"SearchAction\",\"target\":{\"@type\":\"EntryPoint\",\"urlTemplate\":\"https:\\\/\\\/diarioprincipios.com\\\/?s={search_term_string}\"},\"query-input\":{\"@type\":\"PropertyValueSpecification\",\"valueRequired\":true,\"valueName\":\"search_term_string\"}}],\"inLanguage\":\"es\"},{\"@type\":\"Organization\",\"@id\":\"https:\\\/\\\/diarioprincipios.com\\\/#organization\",\"name\":\"Principios\",\"url\":\"https:\\\/\\\/diarioprincipios.com\\\/\",\"logo\":{\"@type\":\"ImageObject\",\"inLanguage\":\"es\",\"@id\":\"https:\\\/\\\/diarioprincipios.com\\\/#\\\/schema\\\/logo\\\/image\\\/\",\"url\":\"https:\\\/\\\/diarioprincipios.com\\\/wp-content\\\/uploads\\\/2024\\\/04\\\/cropped-www.diarioprincipios.com_-1.png\",\"contentUrl\":\"https:\\\/\\\/diarioprincipios.com\\\/wp-content\\\/uploads\\\/2024\\\/04\\\/cropped-www.diarioprincipios.com_-1.png\",\"width\":5325,\"height\":1454,\"caption\":\"Principios\"},\"image\":{\"@id\":\"https:\\\/\\\/diarioprincipios.com\\\/#\\\/schema\\\/logo\\\/image\\\/\"}},{\"@type\":\"Person\",\"@id\":\"https:\\\/\\\/diarioprincipios.com\\\/#\\\/schema\\\/person\\\/436d5a1fd41a5e250e23ff5a6a7cb080\",\"name\":\"Hern\u00e1n L\u00f3pez\",\"image\":{\"@type\":\"ImageObject\",\"inLanguage\":\"es\",\"@id\":\"https:\\\/\\\/diarioprincipios.com\\\/wp-content\\\/litespeed\\\/avatar\\\/11ddfe5610ff3bd100522525b2571f48.jpg?ver=1777048341\",\"url\":\"https:\\\/\\\/diarioprincipios.com\\\/wp-content\\\/litespeed\\\/avatar\\\/11ddfe5610ff3bd100522525b2571f48.jpg?ver=1777048341\",\"contentUrl\":\"https:\\\/\\\/diarioprincipios.com\\\/wp-content\\\/litespeed\\\/avatar\\\/11ddfe5610ff3bd100522525b2571f48.jpg?ver=1777048341\",\"caption\":\"Hern\u00e1n L\u00f3pez\"},\"url\":\"https:\\\/\\\/diarioprincipios.com\\\/index.php\\\/author\\\/hernan\\\/\"}]}<\/script>\n<!-- \/ Yoast SEO plugin. -->","yoast_head_json":{"title":"Veteranos de Malvinas de Berazategui recordaron el 14 de Junio - Principios","robots":{"index":"index","follow":"follow","max-snippet":"max-snippet:-1","max-image-preview":"max-image-preview:large","max-video-preview":"max-video-preview:-1"},"canonical":"https:\/\/diarioprincipios.com\/index.php\/2020\/06\/18\/veteranos-de-malvinas-de-berazategui-recordaron-el-14-de-junio\/","og_locale":"es_ES","og_type":"article","og_title":"Veteranos de Malvinas de Berazategui recordaron el 14 de Junio - Principios","og_description":"El 14 de junio se conmemor\u00f3 un nuevo aniversario de la finalizaci\u00f3n de la guerra de Malvinas y los veteranos de la Agrupaci\u00f3n \u201cExcombatientes H\u00e9roes de Malvinas\u201d, de Berazategui, recordaron aquel episodio. Roberto Melogno fue a las Islas con 20 a\u00f1os y pertenec\u00eda al Regimiento 7 de Infanter\u00eda Mecanizado Coronel Conde, donde cumpli\u00f3 el rol...","og_url":"https:\/\/diarioprincipios.com\/index.php\/2020\/06\/18\/veteranos-de-malvinas-de-berazategui-recordaron-el-14-de-junio\/","og_site_name":"Principios","article_published_time":"2020-06-19T00:06:41+00:00","article_modified_time":"2020-06-19T00:06:45+00:00","og_image":[{"width":1280,"height":853,"url":"https:\/\/diarioprincipios.com\/wp-content\/uploads\/2020\/06\/VETERANOS-DE-MALVINAS-DE-BERAZATEGUI-RECORDARON-EL-14-DE-JUNIO-1.jpeg","type":"image\/jpeg"}],"author":"Hern\u00e1n L\u00f3pez","twitter_card":"summary_large_image","twitter_misc":{"Escrito por":"Hern\u00e1n L\u00f3pez","Tiempo de lectura":"2 minutos"},"schema":{"@context":"https:\/\/schema.org","@graph":[{"@type":"Article","@id":"https:\/\/diarioprincipios.com\/index.php\/2020\/06\/18\/veteranos-de-malvinas-de-berazategui-recordaron-el-14-de-junio\/#article","isPartOf":{"@id":"https:\/\/diarioprincipios.com\/index.php\/2020\/06\/18\/veteranos-de-malvinas-de-berazategui-recordaron-el-14-de-junio\/"},"author":{"name":"Hern\u00e1n L\u00f3pez","@id":"https:\/\/diarioprincipios.com\/#\/schema\/person\/436d5a1fd41a5e250e23ff5a6a7cb080"},"headline":"Veteranos de Malvinas de Berazategui recordaron el 14 de Junio","datePublished":"2020-06-19T00:06:41+00:00","dateModified":"2020-06-19T00:06:45+00:00","mainEntityOfPage":{"@id":"https:\/\/diarioprincipios.com\/index.php\/2020\/06\/18\/veteranos-de-malvinas-de-berazategui-recordaron-el-14-de-junio\/"},"wordCount":490,"commentCount":0,"publisher":{"@id":"https:\/\/diarioprincipios.com\/#organization"},"image":{"@id":"https:\/\/diarioprincipios.com\/index.php\/2020\/06\/18\/veteranos-de-malvinas-de-berazategui-recordaron-el-14-de-junio\/#primaryimage"},"thumbnailUrl":"https:\/\/diarioprincipios.com\/wp-content\/uploads\/2020\/06\/VETERANOS-DE-MALVINAS-DE-BERAZATEGUI-RECORDARON-EL-14-DE-JUNIO-1.jpeg","articleSection":["Berazategui"],"inLanguage":"es","potentialAction":[{"@type":"CommentAction","name":"Comment","target":["https:\/\/diarioprincipios.com\/index.php\/2020\/06\/18\/veteranos-de-malvinas-de-berazategui-recordaron-el-14-de-junio\/#respond"]}]},{"@type":"WebPage","@id":"https:\/\/diarioprincipios.com\/index.php\/2020\/06\/18\/veteranos-de-malvinas-de-berazategui-recordaron-el-14-de-junio\/","url":"https:\/\/diarioprincipios.com\/index.php\/2020\/06\/18\/veteranos-de-malvinas-de-berazategui-recordaron-el-14-de-junio\/","name":"Veteranos de Malvinas de Berazategui recordaron el 14 de Junio - Principios","isPartOf":{"@id":"https:\/\/diarioprincipios.com\/#website"},"primaryImageOfPage":{"@id":"https:\/\/diarioprincipios.com\/index.php\/2020\/06\/18\/veteranos-de-malvinas-de-berazategui-recordaron-el-14-de-junio\/#primaryimage"},"image":{"@id":"https:\/\/diarioprincipios.com\/index.php\/2020\/06\/18\/veteranos-de-malvinas-de-berazategui-recordaron-el-14-de-junio\/#primaryimage"},"thumbnailUrl":"https:\/\/diarioprincipios.com\/wp-content\/uploads\/2020\/06\/VETERANOS-DE-MALVINAS-DE-BERAZATEGUI-RECORDARON-EL-14-DE-JUNIO-1.jpeg","datePublished":"2020-06-19T00:06:41+00:00","dateModified":"2020-06-19T00:06:45+00:00","breadcrumb":{"@id":"https:\/\/diarioprincipios.com\/index.php\/2020\/06\/18\/veteranos-de-malvinas-de-berazategui-recordaron-el-14-de-junio\/#breadcrumb"},"inLanguage":"es","potentialAction":[{"@type":"ReadAction","target":["https:\/\/diarioprincipios.com\/index.php\/2020\/06\/18\/veteranos-de-malvinas-de-berazategui-recordaron-el-14-de-junio\/"]}]},{"@type":"ImageObject","inLanguage":"es","@id":"https:\/\/diarioprincipios.com\/index.php\/2020\/06\/18\/veteranos-de-malvinas-de-berazategui-recordaron-el-14-de-junio\/#primaryimage","url":"https:\/\/diarioprincipios.com\/wp-content\/uploads\/2020\/06\/VETERANOS-DE-MALVINAS-DE-BERAZATEGUI-RECORDARON-EL-14-DE-JUNIO-1.jpeg","contentUrl":"https:\/\/diarioprincipios.com\/wp-content\/uploads\/2020\/06\/VETERANOS-DE-MALVINAS-DE-BERAZATEGUI-RECORDARON-EL-14-DE-JUNIO-1.jpeg","width":1280,"height":853},{"@type":"BreadcrumbList","@id":"https:\/\/diarioprincipios.com\/index.php\/2020\/06\/18\/veteranos-de-malvinas-de-berazategui-recordaron-el-14-de-junio\/#breadcrumb","itemListElement":[{"@type":"ListItem","position":1,"name":"Portada","item":"https:\/\/diarioprincipios.com\/"},{"@type":"ListItem","position":2,"name":"Veteranos de Malvinas de Berazategui recordaron el 14 de Junio"}]},{"@type":"WebSite","@id":"https:\/\/diarioprincipios.com\/#website","url":"https:\/\/diarioprincipios.com\/","name":"Principios","description":"Principios Diario","publisher":{"@id":"https:\/\/diarioprincipios.com\/#organization"},"potentialAction":[{"@type":"SearchAction","target":{"@type":"EntryPoint","urlTemplate":"https:\/\/diarioprincipios.com\/?s={search_term_string}"},"query-input":{"@type":"PropertyValueSpecification","valueRequired":true,"valueName":"search_term_string"}}],"inLanguage":"es"},{"@type":"Organization","@id":"https:\/\/diarioprincipios.com\/#organization","name":"Principios","url":"https:\/\/diarioprincipios.com\/","logo":{"@type":"ImageObject","inLanguage":"es","@id":"https:\/\/diarioprincipios.com\/#\/schema\/logo\/image\/","url":"https:\/\/diarioprincipios.com\/wp-content\/uploads\/2024\/04\/cropped-www.diarioprincipios.com_-1.png","contentUrl":"https:\/\/diarioprincipios.com\/wp-content\/uploads\/2024\/04\/cropped-www.diarioprincipios.com_-1.png","width":5325,"height":1454,"caption":"Principios"},"image":{"@id":"https:\/\/diarioprincipios.com\/#\/schema\/logo\/image\/"}},{"@type":"Person","@id":"https:\/\/diarioprincipios.com\/#\/schema\/person\/436d5a1fd41a5e250e23ff5a6a7cb080","name":"Hern\u00e1n L\u00f3pez","image":{"@type":"ImageObject","inLanguage":"es","@id":"https:\/\/diarioprincipios.com\/wp-content\/litespeed\/avatar\/11ddfe5610ff3bd100522525b2571f48.jpg?ver=1777048341","url":"https:\/\/diarioprincipios.com\/wp-content\/litespeed\/avatar\/11ddfe5610ff3bd100522525b2571f48.jpg?ver=1777048341","contentUrl":"https:\/\/diarioprincipios.com\/wp-content\/litespeed\/avatar\/11ddfe5610ff3bd100522525b2571f48.jpg?ver=1777048341","caption":"Hern\u00e1n L\u00f3pez"},"url":"https:\/\/diarioprincipios.com\/index.php\/author\/hernan\/"}]}},"jetpack_featured_media_url":"https:\/\/diarioprincipios.com\/wp-content\/uploads\/2020\/06\/VETERANOS-DE-MALVINAS-DE-BERAZATEGUI-RECORDARON-EL-14-DE-JUNIO-1.jpeg","_links":{"self":[{"href":"https:\/\/diarioprincipios.com\/index.php\/wp-json\/wp\/v2\/posts\/3089","targetHints":{"allow":["GET"]}}],"collection":[{"href":"https:\/\/diarioprincipios.com\/index.php\/wp-json\/wp\/v2\/posts"}],"about":[{"href":"https:\/\/diarioprincipios.com\/index.php\/wp-json\/wp\/v2\/types\/post"}],"author":[{"embeddable":true,"href":"https:\/\/diarioprincipios.com\/index.php\/wp-json\/wp\/v2\/users\/2"}],"replies":[{"embeddable":true,"href":"https:\/\/diarioprincipios.com\/index.php\/wp-json\/wp\/v2\/comments?post=3089"}],"version-history":[{"count":1,"href":"https:\/\/diarioprincipios.com\/index.php\/wp-json\/wp\/v2\/posts\/3089\/revisions"}],"predecessor-version":[{"id":3092,"href":"https:\/\/diarioprincipios.com\/index.php\/wp-json\/wp\/v2\/posts\/3089\/revisions\/3092"}],"wp:featuredmedia":[{"embeddable":true,"href":"https:\/\/diarioprincipios.com\/index.php\/wp-json\/wp\/v2\/media\/3091"}],"wp:attachment":[{"href":"https:\/\/diarioprincipios.com\/index.php\/wp-json\/wp\/v2\/media?parent=3089"}],"wp:term":[{"taxonomy":"category","embeddable":true,"href":"https:\/\/diarioprincipios.com\/index.php\/wp-json\/wp\/v2\/categories?post=3089"},{"taxonomy":"post_tag","embeddable":true,"href":"https:\/\/diarioprincipios.com\/index.php\/wp-json\/wp\/v2\/tags?post=3089"}],"curies":[{"name":"wp","href":"https:\/\/api.w.org\/{rel}","templated":true}]}}