{"id":3082,"date":"2020-06-18T18:21:56","date_gmt":"2020-06-18T21:21:56","guid":{"rendered":"http:\/\/diarioprincipios.com\/?p=3082"},"modified":"2020-06-18T18:22:01","modified_gmt":"2020-06-18T21:22:01","slug":"el-municipio-vacuno-contra-la-gripe-en-la-agrupacion-excombatientes-heroes-de-malvinas","status":"publish","type":"post","link":"https:\/\/diarioprincipios.com\/index.php\/2020\/06\/18\/el-municipio-vacuno-contra-la-gripe-en-la-agrupacion-excombatientes-heroes-de-malvinas\/","title":{"rendered":"El Municipio vacun\u00f3 contra la Gripe en la Agrupaci\u00f3n \u00abExcombatientes H\u00e9roes de Malvinas\u00bb"},"content":{"rendered":"\n<p><strong>Personal de la Secretar\u00eda de Salud P\u00fablica e Higiene de la Municipalidad de Berazategui realiz\u00f3 una nueva jornada de vacunaci\u00f3n contra la gripe para los vecinos de la Agrupaci\u00f3n \u201cExcombatientes H\u00e9roes de Malvinas\u201d (calle 121 y 25).<\/strong><\/p>\n\n\n\n<p>La directora administrativa de Medicina Preventiva municipal, Carolina Conca, explic\u00f3: \u201cEsta es la cuarta jornada de vacunaci\u00f3n que realizamos para los excombatientes, sus familiares y vecinos del barrio, mayores de 65 a\u00f1os, embarazadas y personas de riesgo\u201d.<\/p>\n\n\n\n<p>Asimismo, ampli\u00f3: \u201cEn todo Berazategui llevamos aplicadas casi 40 mil dosis de vacuna antigripal a los vecinos. Esto es posible por la gesti\u00f3n del intendente Juan Jos\u00e9 Mussi\u201d.<\/p>\n\n\n\n<p>Los vecinos pueden acercarse tambi\u00e9n a los Centros de Atenci\u00f3n Primaria de Salud (CAPS) de todo el distrito para aplicarse la vacuna antigripal. All\u00ed se encuentran disponibles para personas con afecciones cr\u00f3nicas subyacentes, como asma, diabetes y enfermedades coronarias, entre otras (con orden m\u00e9dica, puede ser por foto), pacientes pedi\u00e1tricos de 6 meses a 2 a\u00f1os de edad, embarazadas y adultos de 65 a\u00f1os o m\u00e1s sin obra social. Estos tres \u00faltimos grupos de riesgo no necesitan orden m\u00e9dica.<\/p>\n\n\n\n<p>Para conocer la ubicaci\u00f3n de los CAPS del distrito y cu\u00e1les son los horarios de funcionamiento de los vacunatorios, ingresar en&nbsp;<a rel=\"noreferrer noopener\" target=\"_blank\" href=\"http:\/\/berazategui.gob.ar\/caps\">berazategui.gob.ar\/caps<\/a>.<\/p>\n\n\n\n<p><strong>Dosis para afiliados a PAMI<\/strong><\/p>\n\n\n\n<p>Quienes est\u00e1n afiliados a PAMI pueden acceder a la vacuna contra la gripe a trav\u00e9s de esta obra social. Los mayores de 65 a\u00f1os solo deben presentarse en las farmacias habilitadas con DNI y su credencial de PAMI; y los menores de esa edad tienen que presentar la receta m\u00e9dica. Cumpliendo las recomendaciones para combatir el COVID- 19, se estableci\u00f3 un cronograma de vacunaci\u00f3n seg\u00fan el \u00faltimo n\u00famero del DNI. Para conocerlo y saber a qu\u00e9 farmacias asistir, pueden ingresar a\u00a0<a rel=\"noreferrer noopener\" target=\"_blank\" href=\"http:\/\/pami.org.ar\/vacunacion\">pami.org.ar\/vacunacion<\/a>.<\/p>\n","protected":false},"excerpt":{"rendered":"<p>Personal de la Secretar\u00eda de Salud P\u00fablica e Higiene de la Municipalidad de Berazategui realiz\u00f3 una nueva jornada de vacunaci\u00f3n contra la gripe para los vecinos de la Agrupaci\u00f3n \u201cExcombatientes H\u00e9roes de Malvinas\u201d (calle 121 y 25). La directora administrativa de Medicina Preventiva municipal, Carolina Conca, explic\u00f3: \u201cEsta es la cuarta jornada de vacunaci\u00f3n que&#8230;<\/p>\n","protected":false},"author":2,"featured_media":3083,"comment_status":"open","ping_status":"open","sticky":false,"template":"","format":"standard","meta":{"footnotes":""},"categories":[3],"tags":[],"class_list":["post-3082","post","type-post","status-publish","format-standard","has-post-thumbnail","hentry","category-berazategui"],"featured_image_src":"https:\/\/diarioprincipios.com\/wp-content\/uploads\/2020\/06\/VACUNACI\u00d3N-CONTRA-LA-GRIPE-EN-LA-AGRUPACI\u00d3N-\u201cEXCOMBATIENTES-H\u00c9ROES-DE-MALVINAS\u201d-2-1024x683.jpg","blog_images":{"medium":"https:\/\/diarioprincipios.com\/wp-content\/uploads\/2020\/06\/VACUNACI\u00d3N-CONTRA-LA-GRIPE-EN-LA-AGRUPACI\u00d3N-\u201cEXCOMBATIENTES-H\u00c9ROES-DE-MALVINAS\u201d-2-300x200.jpg","large":"https:\/\/diarioprincipios.com\/wp-content\/uploads\/2020\/06\/VACUNACI\u00d3N-CONTRA-LA-GRIPE-EN-LA-AGRUPACI\u00d3N-\u201cEXCOMBATIENTES-H\u00c9ROES-DE-MALVINAS\u201d-2-1024x683.jpg"},"ams_acf":[],"yoast_head":"<!-- This site is optimized with the Yoast SEO plugin v27.3 - https:\/\/yoast.com\/product\/yoast-seo-wordpress\/ -->\n<title>El Municipio vacun\u00f3 contra la Gripe en la Agrupaci\u00f3n &quot;Excombatientes H\u00e9roes de Malvinas&quot; - Principios<\/title>\n<meta name=\"robots\" content=\"index, follow, max-snippet:-1, max-image-preview:large, max-video-preview:-1\" \/>\n<link rel=\"canonical\" href=\"https:\/\/diarioprincipios.com\/index.php\/2020\/06\/18\/el-municipio-vacuno-contra-la-gripe-en-la-agrupacion-excombatientes-heroes-de-malvinas\/\" \/>\n<meta property=\"og:locale\" content=\"es_ES\" \/>\n<meta property=\"og:type\" content=\"article\" \/>\n<meta property=\"og:title\" content=\"El Municipio vacun\u00f3 contra la Gripe en la Agrupaci\u00f3n &quot;Excombatientes H\u00e9roes de Malvinas&quot; - Principios\" \/>\n<meta property=\"og:description\" content=\"Personal de la Secretar\u00eda de Salud P\u00fablica e Higiene de la Municipalidad de Berazategui realiz\u00f3 una nueva jornada de vacunaci\u00f3n contra la gripe para los vecinos de la Agrupaci\u00f3n \u201cExcombatientes H\u00e9roes de Malvinas\u201d (calle 121 y 25). La directora administrativa de Medicina Preventiva municipal, Carolina Conca, explic\u00f3: \u201cEsta es la cuarta jornada de vacunaci\u00f3n que...\" \/>\n<meta property=\"og:url\" content=\"https:\/\/diarioprincipios.com\/index.php\/2020\/06\/18\/el-municipio-vacuno-contra-la-gripe-en-la-agrupacion-excombatientes-heroes-de-malvinas\/\" \/>\n<meta property=\"og:site_name\" content=\"Principios\" \/>\n<meta property=\"article:published_time\" content=\"2020-06-18T21:21:56+00:00\" \/>\n<meta property=\"article:modified_time\" content=\"2020-06-18T21:22:01+00:00\" \/>\n<meta property=\"og:image\" content=\"https:\/\/diarioprincipios.com\/wp-content\/uploads\/2020\/06\/VACUNACI\u00d3N-CONTRA-LA-GRIPE-EN-LA-AGRUPACI\u00d3N-\u201cEXCOMBATIENTES-H\u00c9ROES-DE-MALVINAS\u201d-2.jpg\" \/>\n\t<meta property=\"og:image:width\" content=\"1920\" \/>\n\t<meta property=\"og:image:height\" content=\"1280\" \/>\n\t<meta property=\"og:image:type\" content=\"image\/jpeg\" \/>\n<meta name=\"author\" content=\"Hern\u00e1n L\u00f3pez\" \/>\n<meta name=\"twitter:card\" content=\"summary_large_image\" \/>\n<meta name=\"twitter:label1\" content=\"Escrito por\" \/>\n\t<meta name=\"twitter:data1\" content=\"Hern\u00e1n L\u00f3pez\" \/>\n\t<meta name=\"twitter:label2\" content=\"Tiempo de lectura\" \/>\n\t<meta name=\"twitter:data2\" content=\"2 minutos\" \/>\n<script type=\"application\/ld+json\" class=\"yoast-schema-graph\">{\"@context\":\"https:\\\/\\\/schema.org\",\"@graph\":[{\"@type\":\"Article\",\"@id\":\"https:\\\/\\\/diarioprincipios.com\\\/index.php\\\/2020\\\/06\\\/18\\\/el-municipio-vacuno-contra-la-gripe-en-la-agrupacion-excombatientes-heroes-de-malvinas\\\/#article\",\"isPartOf\":{\"@id\":\"https:\\\/\\\/diarioprincipios.com\\\/index.php\\\/2020\\\/06\\\/18\\\/el-municipio-vacuno-contra-la-gripe-en-la-agrupacion-excombatientes-heroes-de-malvinas\\\/\"},\"author\":{\"name\":\"Hern\u00e1n L\u00f3pez\",\"@id\":\"https:\\\/\\\/diarioprincipios.com\\\/#\\\/schema\\\/person\\\/436d5a1fd41a5e250e23ff5a6a7cb080\"},\"headline\":\"El Municipio vacun\u00f3 contra la Gripe en la Agrupaci\u00f3n \u00abExcombatientes H\u00e9roes de Malvinas\u00bb\",\"datePublished\":\"2020-06-18T21:21:56+00:00\",\"dateModified\":\"2020-06-18T21:22:01+00:00\",\"mainEntityOfPage\":{\"@id\":\"https:\\\/\\\/diarioprincipios.com\\\/index.php\\\/2020\\\/06\\\/18\\\/el-municipio-vacuno-contra-la-gripe-en-la-agrupacion-excombatientes-heroes-de-malvinas\\\/\"},\"wordCount\":329,\"commentCount\":0,\"publisher\":{\"@id\":\"https:\\\/\\\/diarioprincipios.com\\\/#organization\"},\"image\":{\"@id\":\"https:\\\/\\\/diarioprincipios.com\\\/index.php\\\/2020\\\/06\\\/18\\\/el-municipio-vacuno-contra-la-gripe-en-la-agrupacion-excombatientes-heroes-de-malvinas\\\/#primaryimage\"},\"thumbnailUrl\":\"https:\\\/\\\/diarioprincipios.com\\\/wp-content\\\/uploads\\\/2020\\\/06\\\/VACUNACI\u00d3N-CONTRA-LA-GRIPE-EN-LA-AGRUPACI\u00d3N-\u201cEXCOMBATIENTES-H\u00c9ROES-DE-MALVINAS\u201d-2.jpg\",\"articleSection\":[\"Berazategui\"],\"inLanguage\":\"es\",\"potentialAction\":[{\"@type\":\"CommentAction\",\"name\":\"Comment\",\"target\":[\"https:\\\/\\\/diarioprincipios.com\\\/index.php\\\/2020\\\/06\\\/18\\\/el-municipio-vacuno-contra-la-gripe-en-la-agrupacion-excombatientes-heroes-de-malvinas\\\/#respond\"]}]},{\"@type\":\"WebPage\",\"@id\":\"https:\\\/\\\/diarioprincipios.com\\\/index.php\\\/2020\\\/06\\\/18\\\/el-municipio-vacuno-contra-la-gripe-en-la-agrupacion-excombatientes-heroes-de-malvinas\\\/\",\"url\":\"https:\\\/\\\/diarioprincipios.com\\\/index.php\\\/2020\\\/06\\\/18\\\/el-municipio-vacuno-contra-la-gripe-en-la-agrupacion-excombatientes-heroes-de-malvinas\\\/\",\"name\":\"El Municipio vacun\u00f3 contra la Gripe en la Agrupaci\u00f3n \\\"Excombatientes H\u00e9roes de Malvinas\\\" - Principios\",\"isPartOf\":{\"@id\":\"https:\\\/\\\/diarioprincipios.com\\\/#website\"},\"primaryImageOfPage\":{\"@id\":\"https:\\\/\\\/diarioprincipios.com\\\/index.php\\\/2020\\\/06\\\/18\\\/el-municipio-vacuno-contra-la-gripe-en-la-agrupacion-excombatientes-heroes-de-malvinas\\\/#primaryimage\"},\"image\":{\"@id\":\"https:\\\/\\\/diarioprincipios.com\\\/index.php\\\/2020\\\/06\\\/18\\\/el-municipio-vacuno-contra-la-gripe-en-la-agrupacion-excombatientes-heroes-de-malvinas\\\/#primaryimage\"},\"thumbnailUrl\":\"https:\\\/\\\/diarioprincipios.com\\\/wp-content\\\/uploads\\\/2020\\\/06\\\/VACUNACI\u00d3N-CONTRA-LA-GRIPE-EN-LA-AGRUPACI\u00d3N-\u201cEXCOMBATIENTES-H\u00c9ROES-DE-MALVINAS\u201d-2.jpg\",\"datePublished\":\"2020-06-18T21:21:56+00:00\",\"dateModified\":\"2020-06-18T21:22:01+00:00\",\"breadcrumb\":{\"@id\":\"https:\\\/\\\/diarioprincipios.com\\\/index.php\\\/2020\\\/06\\\/18\\\/el-municipio-vacuno-contra-la-gripe-en-la-agrupacion-excombatientes-heroes-de-malvinas\\\/#breadcrumb\"},\"inLanguage\":\"es\",\"potentialAction\":[{\"@type\":\"ReadAction\",\"target\":[\"https:\\\/\\\/diarioprincipios.com\\\/index.php\\\/2020\\\/06\\\/18\\\/el-municipio-vacuno-contra-la-gripe-en-la-agrupacion-excombatientes-heroes-de-malvinas\\\/\"]}]},{\"@type\":\"ImageObject\",\"inLanguage\":\"es\",\"@id\":\"https:\\\/\\\/diarioprincipios.com\\\/index.php\\\/2020\\\/06\\\/18\\\/el-municipio-vacuno-contra-la-gripe-en-la-agrupacion-excombatientes-heroes-de-malvinas\\\/#primaryimage\",\"url\":\"https:\\\/\\\/diarioprincipios.com\\\/wp-content\\\/uploads\\\/2020\\\/06\\\/VACUNACI\u00d3N-CONTRA-LA-GRIPE-EN-LA-AGRUPACI\u00d3N-\u201cEXCOMBATIENTES-H\u00c9ROES-DE-MALVINAS\u201d-2.jpg\",\"contentUrl\":\"https:\\\/\\\/diarioprincipios.com\\\/wp-content\\\/uploads\\\/2020\\\/06\\\/VACUNACI\u00d3N-CONTRA-LA-GRIPE-EN-LA-AGRUPACI\u00d3N-\u201cEXCOMBATIENTES-H\u00c9ROES-DE-MALVINAS\u201d-2.jpg\",\"width\":1920,\"height\":1280},{\"@type\":\"BreadcrumbList\",\"@id\":\"https:\\\/\\\/diarioprincipios.com\\\/index.php\\\/2020\\\/06\\\/18\\\/el-municipio-vacuno-contra-la-gripe-en-la-agrupacion-excombatientes-heroes-de-malvinas\\\/#breadcrumb\",\"itemListElement\":[{\"@type\":\"ListItem\",\"position\":1,\"name\":\"Portada\",\"item\":\"https:\\\/\\\/diarioprincipios.com\\\/\"},{\"@type\":\"ListItem\",\"position\":2,\"name\":\"El Municipio vacun\u00f3 contra la Gripe en la Agrupaci\u00f3n \u00abExcombatientes H\u00e9roes de Malvinas\u00bb\"}]},{\"@type\":\"WebSite\",\"@id\":\"https:\\\/\\\/diarioprincipios.com\\\/#website\",\"url\":\"https:\\\/\\\/diarioprincipios.com\\\/\",\"name\":\"Principios\",\"description\":\"Principios Diario\",\"publisher\":{\"@id\":\"https:\\\/\\\/diarioprincipios.com\\\/#organization\"},\"potentialAction\":[{\"@type\":\"SearchAction\",\"target\":{\"@type\":\"EntryPoint\",\"urlTemplate\":\"https:\\\/\\\/diarioprincipios.com\\\/?s={search_term_string}\"},\"query-input\":{\"@type\":\"PropertyValueSpecification\",\"valueRequired\":true,\"valueName\":\"search_term_string\"}}],\"inLanguage\":\"es\"},{\"@type\":\"Organization\",\"@id\":\"https:\\\/\\\/diarioprincipios.com\\\/#organization\",\"name\":\"Principios\",\"url\":\"https:\\\/\\\/diarioprincipios.com\\\/\",\"logo\":{\"@type\":\"ImageObject\",\"inLanguage\":\"es\",\"@id\":\"https:\\\/\\\/diarioprincipios.com\\\/#\\\/schema\\\/logo\\\/image\\\/\",\"url\":\"https:\\\/\\\/diarioprincipios.com\\\/wp-content\\\/uploads\\\/2024\\\/04\\\/cropped-www.diarioprincipios.com_-1.png\",\"contentUrl\":\"https:\\\/\\\/diarioprincipios.com\\\/wp-content\\\/uploads\\\/2024\\\/04\\\/cropped-www.diarioprincipios.com_-1.png\",\"width\":5325,\"height\":1454,\"caption\":\"Principios\"},\"image\":{\"@id\":\"https:\\\/\\\/diarioprincipios.com\\\/#\\\/schema\\\/logo\\\/image\\\/\"}},{\"@type\":\"Person\",\"@id\":\"https:\\\/\\\/diarioprincipios.com\\\/#\\\/schema\\\/person\\\/436d5a1fd41a5e250e23ff5a6a7cb080\",\"name\":\"Hern\u00e1n L\u00f3pez\",\"image\":{\"@type\":\"ImageObject\",\"inLanguage\":\"es\",\"@id\":\"https:\\\/\\\/diarioprincipios.com\\\/wp-content\\\/litespeed\\\/avatar\\\/11ddfe5610ff3bd100522525b2571f48.jpg?ver=1777653193\",\"url\":\"https:\\\/\\\/diarioprincipios.com\\\/wp-content\\\/litespeed\\\/avatar\\\/11ddfe5610ff3bd100522525b2571f48.jpg?ver=1777653193\",\"contentUrl\":\"https:\\\/\\\/diarioprincipios.com\\\/wp-content\\\/litespeed\\\/avatar\\\/11ddfe5610ff3bd100522525b2571f48.jpg?ver=1777653193\",\"caption\":\"Hern\u00e1n L\u00f3pez\"},\"url\":\"https:\\\/\\\/diarioprincipios.com\\\/index.php\\\/author\\\/hernan\\\/\"}]}<\/script>\n<!-- \/ Yoast SEO plugin. -->","yoast_head_json":{"title":"El Municipio vacun\u00f3 contra la Gripe en la Agrupaci\u00f3n \"Excombatientes H\u00e9roes de Malvinas\" - Principios","robots":{"index":"index","follow":"follow","max-snippet":"max-snippet:-1","max-image-preview":"max-image-preview:large","max-video-preview":"max-video-preview:-1"},"canonical":"https:\/\/diarioprincipios.com\/index.php\/2020\/06\/18\/el-municipio-vacuno-contra-la-gripe-en-la-agrupacion-excombatientes-heroes-de-malvinas\/","og_locale":"es_ES","og_type":"article","og_title":"El Municipio vacun\u00f3 contra la Gripe en la Agrupaci\u00f3n \"Excombatientes H\u00e9roes de Malvinas\" - Principios","og_description":"Personal de la Secretar\u00eda de Salud P\u00fablica e Higiene de la Municipalidad de Berazategui realiz\u00f3 una nueva jornada de vacunaci\u00f3n contra la gripe para los vecinos de la Agrupaci\u00f3n \u201cExcombatientes H\u00e9roes de Malvinas\u201d (calle 121 y 25). La directora administrativa de Medicina Preventiva municipal, Carolina Conca, explic\u00f3: \u201cEsta es la cuarta jornada de vacunaci\u00f3n que...","og_url":"https:\/\/diarioprincipios.com\/index.php\/2020\/06\/18\/el-municipio-vacuno-contra-la-gripe-en-la-agrupacion-excombatientes-heroes-de-malvinas\/","og_site_name":"Principios","article_published_time":"2020-06-18T21:21:56+00:00","article_modified_time":"2020-06-18T21:22:01+00:00","og_image":[{"width":1920,"height":1280,"url":"https:\/\/diarioprincipios.com\/wp-content\/uploads\/2020\/06\/VACUNACI\u00d3N-CONTRA-LA-GRIPE-EN-LA-AGRUPACI\u00d3N-\u201cEXCOMBATIENTES-H\u00c9ROES-DE-MALVINAS\u201d-2.jpg","type":"image\/jpeg"}],"author":"Hern\u00e1n L\u00f3pez","twitter_card":"summary_large_image","twitter_misc":{"Escrito por":"Hern\u00e1n L\u00f3pez","Tiempo de lectura":"2 minutos"},"schema":{"@context":"https:\/\/schema.org","@graph":[{"@type":"Article","@id":"https:\/\/diarioprincipios.com\/index.php\/2020\/06\/18\/el-municipio-vacuno-contra-la-gripe-en-la-agrupacion-excombatientes-heroes-de-malvinas\/#article","isPartOf":{"@id":"https:\/\/diarioprincipios.com\/index.php\/2020\/06\/18\/el-municipio-vacuno-contra-la-gripe-en-la-agrupacion-excombatientes-heroes-de-malvinas\/"},"author":{"name":"Hern\u00e1n L\u00f3pez","@id":"https:\/\/diarioprincipios.com\/#\/schema\/person\/436d5a1fd41a5e250e23ff5a6a7cb080"},"headline":"El Municipio vacun\u00f3 contra la Gripe en la Agrupaci\u00f3n \u00abExcombatientes H\u00e9roes de Malvinas\u00bb","datePublished":"2020-06-18T21:21:56+00:00","dateModified":"2020-06-18T21:22:01+00:00","mainEntityOfPage":{"@id":"https:\/\/diarioprincipios.com\/index.php\/2020\/06\/18\/el-municipio-vacuno-contra-la-gripe-en-la-agrupacion-excombatientes-heroes-de-malvinas\/"},"wordCount":329,"commentCount":0,"publisher":{"@id":"https:\/\/diarioprincipios.com\/#organization"},"image":{"@id":"https:\/\/diarioprincipios.com\/index.php\/2020\/06\/18\/el-municipio-vacuno-contra-la-gripe-en-la-agrupacion-excombatientes-heroes-de-malvinas\/#primaryimage"},"thumbnailUrl":"https:\/\/diarioprincipios.com\/wp-content\/uploads\/2020\/06\/VACUNACI\u00d3N-CONTRA-LA-GRIPE-EN-LA-AGRUPACI\u00d3N-\u201cEXCOMBATIENTES-H\u00c9ROES-DE-MALVINAS\u201d-2.jpg","articleSection":["Berazategui"],"inLanguage":"es","potentialAction":[{"@type":"CommentAction","name":"Comment","target":["https:\/\/diarioprincipios.com\/index.php\/2020\/06\/18\/el-municipio-vacuno-contra-la-gripe-en-la-agrupacion-excombatientes-heroes-de-malvinas\/#respond"]}]},{"@type":"WebPage","@id":"https:\/\/diarioprincipios.com\/index.php\/2020\/06\/18\/el-municipio-vacuno-contra-la-gripe-en-la-agrupacion-excombatientes-heroes-de-malvinas\/","url":"https:\/\/diarioprincipios.com\/index.php\/2020\/06\/18\/el-municipio-vacuno-contra-la-gripe-en-la-agrupacion-excombatientes-heroes-de-malvinas\/","name":"El Municipio vacun\u00f3 contra la Gripe en la Agrupaci\u00f3n \"Excombatientes H\u00e9roes de Malvinas\" - Principios","isPartOf":{"@id":"https:\/\/diarioprincipios.com\/#website"},"primaryImageOfPage":{"@id":"https:\/\/diarioprincipios.com\/index.php\/2020\/06\/18\/el-municipio-vacuno-contra-la-gripe-en-la-agrupacion-excombatientes-heroes-de-malvinas\/#primaryimage"},"image":{"@id":"https:\/\/diarioprincipios.com\/index.php\/2020\/06\/18\/el-municipio-vacuno-contra-la-gripe-en-la-agrupacion-excombatientes-heroes-de-malvinas\/#primaryimage"},"thumbnailUrl":"https:\/\/diarioprincipios.com\/wp-content\/uploads\/2020\/06\/VACUNACI\u00d3N-CONTRA-LA-GRIPE-EN-LA-AGRUPACI\u00d3N-\u201cEXCOMBATIENTES-H\u00c9ROES-DE-MALVINAS\u201d-2.jpg","datePublished":"2020-06-18T21:21:56+00:00","dateModified":"2020-06-18T21:22:01+00:00","breadcrumb":{"@id":"https:\/\/diarioprincipios.com\/index.php\/2020\/06\/18\/el-municipio-vacuno-contra-la-gripe-en-la-agrupacion-excombatientes-heroes-de-malvinas\/#breadcrumb"},"inLanguage":"es","potentialAction":[{"@type":"ReadAction","target":["https:\/\/diarioprincipios.com\/index.php\/2020\/06\/18\/el-municipio-vacuno-contra-la-gripe-en-la-agrupacion-excombatientes-heroes-de-malvinas\/"]}]},{"@type":"ImageObject","inLanguage":"es","@id":"https:\/\/diarioprincipios.com\/index.php\/2020\/06\/18\/el-municipio-vacuno-contra-la-gripe-en-la-agrupacion-excombatientes-heroes-de-malvinas\/#primaryimage","url":"https:\/\/diarioprincipios.com\/wp-content\/uploads\/2020\/06\/VACUNACI\u00d3N-CONTRA-LA-GRIPE-EN-LA-AGRUPACI\u00d3N-\u201cEXCOMBATIENTES-H\u00c9ROES-DE-MALVINAS\u201d-2.jpg","contentUrl":"https:\/\/diarioprincipios.com\/wp-content\/uploads\/2020\/06\/VACUNACI\u00d3N-CONTRA-LA-GRIPE-EN-LA-AGRUPACI\u00d3N-\u201cEXCOMBATIENTES-H\u00c9ROES-DE-MALVINAS\u201d-2.jpg","width":1920,"height":1280},{"@type":"BreadcrumbList","@id":"https:\/\/diarioprincipios.com\/index.php\/2020\/06\/18\/el-municipio-vacuno-contra-la-gripe-en-la-agrupacion-excombatientes-heroes-de-malvinas\/#breadcrumb","itemListElement":[{"@type":"ListItem","position":1,"name":"Portada","item":"https:\/\/diarioprincipios.com\/"},{"@type":"ListItem","position":2,"name":"El Municipio vacun\u00f3 contra la Gripe en la Agrupaci\u00f3n \u00abExcombatientes H\u00e9roes de Malvinas\u00bb"}]},{"@type":"WebSite","@id":"https:\/\/diarioprincipios.com\/#website","url":"https:\/\/diarioprincipios.com\/","name":"Principios","description":"Principios Diario","publisher":{"@id":"https:\/\/diarioprincipios.com\/#organization"},"potentialAction":[{"@type":"SearchAction","target":{"@type":"EntryPoint","urlTemplate":"https:\/\/diarioprincipios.com\/?s={search_term_string}"},"query-input":{"@type":"PropertyValueSpecification","valueRequired":true,"valueName":"search_term_string"}}],"inLanguage":"es"},{"@type":"Organization","@id":"https:\/\/diarioprincipios.com\/#organization","name":"Principios","url":"https:\/\/diarioprincipios.com\/","logo":{"@type":"ImageObject","inLanguage":"es","@id":"https:\/\/diarioprincipios.com\/#\/schema\/logo\/image\/","url":"https:\/\/diarioprincipios.com\/wp-content\/uploads\/2024\/04\/cropped-www.diarioprincipios.com_-1.png","contentUrl":"https:\/\/diarioprincipios.com\/wp-content\/uploads\/2024\/04\/cropped-www.diarioprincipios.com_-1.png","width":5325,"height":1454,"caption":"Principios"},"image":{"@id":"https:\/\/diarioprincipios.com\/#\/schema\/logo\/image\/"}},{"@type":"Person","@id":"https:\/\/diarioprincipios.com\/#\/schema\/person\/436d5a1fd41a5e250e23ff5a6a7cb080","name":"Hern\u00e1n L\u00f3pez","image":{"@type":"ImageObject","inLanguage":"es","@id":"https:\/\/diarioprincipios.com\/wp-content\/litespeed\/avatar\/11ddfe5610ff3bd100522525b2571f48.jpg?ver=1777653193","url":"https:\/\/diarioprincipios.com\/wp-content\/litespeed\/avatar\/11ddfe5610ff3bd100522525b2571f48.jpg?ver=1777653193","contentUrl":"https:\/\/diarioprincipios.com\/wp-content\/litespeed\/avatar\/11ddfe5610ff3bd100522525b2571f48.jpg?ver=1777653193","caption":"Hern\u00e1n L\u00f3pez"},"url":"https:\/\/diarioprincipios.com\/index.php\/author\/hernan\/"}]}},"jetpack_featured_media_url":"https:\/\/diarioprincipios.com\/wp-content\/uploads\/2020\/06\/VACUNACI\u00d3N-CONTRA-LA-GRIPE-EN-LA-AGRUPACI\u00d3N-\u201cEXCOMBATIENTES-H\u00c9ROES-DE-MALVINAS\u201d-2.jpg","_links":{"self":[{"href":"https:\/\/diarioprincipios.com\/index.php\/wp-json\/wp\/v2\/posts\/3082","targetHints":{"allow":["GET"]}}],"collection":[{"href":"https:\/\/diarioprincipios.com\/index.php\/wp-json\/wp\/v2\/posts"}],"about":[{"href":"https:\/\/diarioprincipios.com\/index.php\/wp-json\/wp\/v2\/types\/post"}],"author":[{"embeddable":true,"href":"https:\/\/diarioprincipios.com\/index.php\/wp-json\/wp\/v2\/users\/2"}],"replies":[{"embeddable":true,"href":"https:\/\/diarioprincipios.com\/index.php\/wp-json\/wp\/v2\/comments?post=3082"}],"version-history":[{"count":1,"href":"https:\/\/diarioprincipios.com\/index.php\/wp-json\/wp\/v2\/posts\/3082\/revisions"}],"predecessor-version":[{"id":3084,"href":"https:\/\/diarioprincipios.com\/index.php\/wp-json\/wp\/v2\/posts\/3082\/revisions\/3084"}],"wp:featuredmedia":[{"embeddable":true,"href":"https:\/\/diarioprincipios.com\/index.php\/wp-json\/wp\/v2\/media\/3083"}],"wp:attachment":[{"href":"https:\/\/diarioprincipios.com\/index.php\/wp-json\/wp\/v2\/media?parent=3082"}],"wp:term":[{"taxonomy":"category","embeddable":true,"href":"https:\/\/diarioprincipios.com\/index.php\/wp-json\/wp\/v2\/categories?post=3082"},{"taxonomy":"post_tag","embeddable":true,"href":"https:\/\/diarioprincipios.com\/index.php\/wp-json\/wp\/v2\/tags?post=3082"}],"curies":[{"name":"wp","href":"https:\/\/api.w.org\/{rel}","templated":true}]}}