{"id":3069,"date":"2020-06-18T14:33:29","date_gmt":"2020-06-18T17:33:29","guid":{"rendered":"http:\/\/diarioprincipios.com\/?p=3069"},"modified":"2020-06-18T14:33:33","modified_gmt":"2020-06-18T17:33:33","slug":"autorizan-la-apertura-de-shoppings-agencias-de-publicidad-y-de-viajes-en-cordoba","status":"publish","type":"post","link":"https:\/\/diarioprincipios.com\/index.php\/2020\/06\/18\/autorizan-la-apertura-de-shoppings-agencias-de-publicidad-y-de-viajes-en-cordoba\/","title":{"rendered":"Autorizan la apertura de shoppings, agencias de publicidad y de viajes en C\u00f3rdoba"},"content":{"rendered":"\n<p>El Comit\u00e9 Operativo de Emergencia (COE) de C\u00f3rdoba autoriz\u00f3 a partir de ma\u00f1ana la reapertura de shoppings, agencias de viajes, de publicidad y las producciones de streaming en toda la provincia, rubros que deber\u00e1n cumplir con sus respectivos protocolos.<\/p>\n\n\n\n<p>Seg\u00fan asegur\u00f3 hoy el gobernador Juan Schiaretti, en Casa de Gobierno, la apertura de los shopping ser\u00e1 de lunes a viernes de 10 a 20; s\u00e1bado y domingo de 10 a 21, bajo la modalidad paseo de compras, ya que \u00absolo se habilitar\u00e1 los locales comerciales, mientras que cines, patios de comidas, salones de juegos infantiles y de entretenimientos continuar\u00e1n cerrados\u00bb.<\/p>\n\n\n\n<p>\u201cCuidemos C\u00f3rdoba. Cuidar C\u00f3rdoba es cuidar a los cordobeses\u201d, pidi\u00f3 el mandatario provincial a la poblaci\u00f3n, al sostener que \u201ccumplir con nuestra responsabilidad social nos va a permitir no volver atr\u00e1s\u201d en las flexibilizaciones.<\/p>\n\n\n\n<p>En ese sentido, Schiaretti pidi\u00f3 festejar el D\u00eda del Padre con los familiares cercanos, sin trasladarse de una localidad hacia otra, ya que dijo \u00abhay que evitar los viajes a zonas de circulaci\u00f3n comunitaria\u201d de la Covid-19.<\/p>\n\n\n\n<p>Para reabrir, los centros comerciales deber\u00e1n instalar puestos de higienizaci\u00f3n y profilaxis con dispensers de alcohol cada 50 metros y en lugares visibles e identificados.<\/p>\n\n\n\n<p>Tambi\u00e9n deber\u00e1n mantener limpias y desinfectadas las zonas de alto contacto como sanitarios, barandas, manijas, ascensores y pantallas t\u00e1ctiles por ejemplo, de manera controlada por personal designado, adem\u00e1s de disponer de un registro de ingreso y egreso de los empleados para permitir la trazabilidad epidemiol\u00f3gica.<\/p>\n","protected":false},"excerpt":{"rendered":"<p>El Comit\u00e9 Operativo de Emergencia (COE) de C\u00f3rdoba autoriz\u00f3 a partir de ma\u00f1ana la reapertura de shoppings, agencias de viajes, de publicidad y las producciones de streaming en toda la provincia, rubros que deber\u00e1n cumplir con sus respectivos protocolos. Seg\u00fan asegur\u00f3 hoy el gobernador Juan Schiaretti, en Casa de Gobierno, la apertura de los shopping&#8230;<\/p>\n","protected":false},"author":2,"featured_media":3070,"comment_status":"open","ping_status":"open","sticky":false,"template":"","format":"standard","meta":{"footnotes":""},"categories":[10],"tags":[],"class_list":["post-3069","post","type-post","status-publish","format-standard","has-post-thumbnail","hentry","category-nacion"],"featured_image_src":"https:\/\/diarioprincipios.com\/wp-content\/uploads\/2020\/06\/cordoba.jpg","blog_images":{"medium":"https:\/\/diarioprincipios.com\/wp-content\/uploads\/2020\/06\/cordoba-300x200.jpg","large":"https:\/\/diarioprincipios.com\/wp-content\/uploads\/2020\/06\/cordoba.jpg"},"ams_acf":[],"yoast_head":"<!-- This site is optimized with the Yoast SEO plugin v27.3 - https:\/\/yoast.com\/product\/yoast-seo-wordpress\/ -->\n<title>Autorizan la apertura de shoppings, agencias de publicidad y de viajes en C\u00f3rdoba - Principios<\/title>\n<meta name=\"robots\" content=\"index, follow, max-snippet:-1, max-image-preview:large, max-video-preview:-1\" \/>\n<link rel=\"canonical\" href=\"https:\/\/diarioprincipios.com\/index.php\/2020\/06\/18\/autorizan-la-apertura-de-shoppings-agencias-de-publicidad-y-de-viajes-en-cordoba\/\" \/>\n<meta property=\"og:locale\" content=\"es_ES\" \/>\n<meta property=\"og:type\" content=\"article\" \/>\n<meta property=\"og:title\" content=\"Autorizan la apertura de shoppings, agencias de publicidad y de viajes en C\u00f3rdoba - Principios\" \/>\n<meta property=\"og:description\" content=\"El Comit\u00e9 Operativo de Emergencia (COE) de C\u00f3rdoba autoriz\u00f3 a partir de ma\u00f1ana la reapertura de shoppings, agencias de viajes, de publicidad y las producciones de streaming en toda la provincia, rubros que deber\u00e1n cumplir con sus respectivos protocolos. Seg\u00fan asegur\u00f3 hoy el gobernador Juan Schiaretti, en Casa de Gobierno, la apertura de los shopping...\" \/>\n<meta property=\"og:url\" content=\"https:\/\/diarioprincipios.com\/index.php\/2020\/06\/18\/autorizan-la-apertura-de-shoppings-agencias-de-publicidad-y-de-viajes-en-cordoba\/\" \/>\n<meta property=\"og:site_name\" content=\"Principios\" \/>\n<meta property=\"article:published_time\" content=\"2020-06-18T17:33:29+00:00\" \/>\n<meta property=\"article:modified_time\" content=\"2020-06-18T17:33:33+00:00\" \/>\n<meta property=\"og:image\" content=\"https:\/\/diarioprincipios.com\/wp-content\/uploads\/2020\/06\/cordoba.jpg\" \/>\n\t<meta property=\"og:image:width\" content=\"760\" \/>\n\t<meta property=\"og:image:height\" content=\"506\" \/>\n\t<meta property=\"og:image:type\" content=\"image\/jpeg\" \/>\n<meta name=\"author\" content=\"Hern\u00e1n L\u00f3pez\" \/>\n<meta name=\"twitter:card\" content=\"summary_large_image\" \/>\n<meta name=\"twitter:label1\" content=\"Escrito por\" \/>\n\t<meta name=\"twitter:data1\" content=\"Hern\u00e1n L\u00f3pez\" \/>\n\t<meta name=\"twitter:label2\" content=\"Tiempo de lectura\" \/>\n\t<meta name=\"twitter:data2\" content=\"1 minuto\" \/>\n<script type=\"application\/ld+json\" class=\"yoast-schema-graph\">{\"@context\":\"https:\\\/\\\/schema.org\",\"@graph\":[{\"@type\":\"Article\",\"@id\":\"https:\\\/\\\/diarioprincipios.com\\\/index.php\\\/2020\\\/06\\\/18\\\/autorizan-la-apertura-de-shoppings-agencias-de-publicidad-y-de-viajes-en-cordoba\\\/#article\",\"isPartOf\":{\"@id\":\"https:\\\/\\\/diarioprincipios.com\\\/index.php\\\/2020\\\/06\\\/18\\\/autorizan-la-apertura-de-shoppings-agencias-de-publicidad-y-de-viajes-en-cordoba\\\/\"},\"author\":{\"name\":\"Hern\u00e1n L\u00f3pez\",\"@id\":\"https:\\\/\\\/diarioprincipios.com\\\/#\\\/schema\\\/person\\\/436d5a1fd41a5e250e23ff5a6a7cb080\"},\"headline\":\"Autorizan la apertura de shoppings, agencias de publicidad y de viajes en C\u00f3rdoba\",\"datePublished\":\"2020-06-18T17:33:29+00:00\",\"dateModified\":\"2020-06-18T17:33:33+00:00\",\"mainEntityOfPage\":{\"@id\":\"https:\\\/\\\/diarioprincipios.com\\\/index.php\\\/2020\\\/06\\\/18\\\/autorizan-la-apertura-de-shoppings-agencias-de-publicidad-y-de-viajes-en-cordoba\\\/\"},\"wordCount\":269,\"commentCount\":0,\"publisher\":{\"@id\":\"https:\\\/\\\/diarioprincipios.com\\\/#organization\"},\"image\":{\"@id\":\"https:\\\/\\\/diarioprincipios.com\\\/index.php\\\/2020\\\/06\\\/18\\\/autorizan-la-apertura-de-shoppings-agencias-de-publicidad-y-de-viajes-en-cordoba\\\/#primaryimage\"},\"thumbnailUrl\":\"https:\\\/\\\/diarioprincipios.com\\\/wp-content\\\/uploads\\\/2020\\\/06\\\/cordoba.jpg\",\"articleSection\":[\"Naci\u00f3n\"],\"inLanguage\":\"es\",\"potentialAction\":[{\"@type\":\"CommentAction\",\"name\":\"Comment\",\"target\":[\"https:\\\/\\\/diarioprincipios.com\\\/index.php\\\/2020\\\/06\\\/18\\\/autorizan-la-apertura-de-shoppings-agencias-de-publicidad-y-de-viajes-en-cordoba\\\/#respond\"]}]},{\"@type\":\"WebPage\",\"@id\":\"https:\\\/\\\/diarioprincipios.com\\\/index.php\\\/2020\\\/06\\\/18\\\/autorizan-la-apertura-de-shoppings-agencias-de-publicidad-y-de-viajes-en-cordoba\\\/\",\"url\":\"https:\\\/\\\/diarioprincipios.com\\\/index.php\\\/2020\\\/06\\\/18\\\/autorizan-la-apertura-de-shoppings-agencias-de-publicidad-y-de-viajes-en-cordoba\\\/\",\"name\":\"Autorizan la apertura de shoppings, agencias de publicidad y de viajes en C\u00f3rdoba - Principios\",\"isPartOf\":{\"@id\":\"https:\\\/\\\/diarioprincipios.com\\\/#website\"},\"primaryImageOfPage\":{\"@id\":\"https:\\\/\\\/diarioprincipios.com\\\/index.php\\\/2020\\\/06\\\/18\\\/autorizan-la-apertura-de-shoppings-agencias-de-publicidad-y-de-viajes-en-cordoba\\\/#primaryimage\"},\"image\":{\"@id\":\"https:\\\/\\\/diarioprincipios.com\\\/index.php\\\/2020\\\/06\\\/18\\\/autorizan-la-apertura-de-shoppings-agencias-de-publicidad-y-de-viajes-en-cordoba\\\/#primaryimage\"},\"thumbnailUrl\":\"https:\\\/\\\/diarioprincipios.com\\\/wp-content\\\/uploads\\\/2020\\\/06\\\/cordoba.jpg\",\"datePublished\":\"2020-06-18T17:33:29+00:00\",\"dateModified\":\"2020-06-18T17:33:33+00:00\",\"breadcrumb\":{\"@id\":\"https:\\\/\\\/diarioprincipios.com\\\/index.php\\\/2020\\\/06\\\/18\\\/autorizan-la-apertura-de-shoppings-agencias-de-publicidad-y-de-viajes-en-cordoba\\\/#breadcrumb\"},\"inLanguage\":\"es\",\"potentialAction\":[{\"@type\":\"ReadAction\",\"target\":[\"https:\\\/\\\/diarioprincipios.com\\\/index.php\\\/2020\\\/06\\\/18\\\/autorizan-la-apertura-de-shoppings-agencias-de-publicidad-y-de-viajes-en-cordoba\\\/\"]}]},{\"@type\":\"ImageObject\",\"inLanguage\":\"es\",\"@id\":\"https:\\\/\\\/diarioprincipios.com\\\/index.php\\\/2020\\\/06\\\/18\\\/autorizan-la-apertura-de-shoppings-agencias-de-publicidad-y-de-viajes-en-cordoba\\\/#primaryimage\",\"url\":\"https:\\\/\\\/diarioprincipios.com\\\/wp-content\\\/uploads\\\/2020\\\/06\\\/cordoba.jpg\",\"contentUrl\":\"https:\\\/\\\/diarioprincipios.com\\\/wp-content\\\/uploads\\\/2020\\\/06\\\/cordoba.jpg\",\"width\":760,\"height\":506},{\"@type\":\"BreadcrumbList\",\"@id\":\"https:\\\/\\\/diarioprincipios.com\\\/index.php\\\/2020\\\/06\\\/18\\\/autorizan-la-apertura-de-shoppings-agencias-de-publicidad-y-de-viajes-en-cordoba\\\/#breadcrumb\",\"itemListElement\":[{\"@type\":\"ListItem\",\"position\":1,\"name\":\"Portada\",\"item\":\"https:\\\/\\\/diarioprincipios.com\\\/\"},{\"@type\":\"ListItem\",\"position\":2,\"name\":\"Autorizan la apertura de shoppings, agencias de publicidad y de viajes en C\u00f3rdoba\"}]},{\"@type\":\"WebSite\",\"@id\":\"https:\\\/\\\/diarioprincipios.com\\\/#website\",\"url\":\"https:\\\/\\\/diarioprincipios.com\\\/\",\"name\":\"Principios\",\"description\":\"Principios Diario\",\"publisher\":{\"@id\":\"https:\\\/\\\/diarioprincipios.com\\\/#organization\"},\"potentialAction\":[{\"@type\":\"SearchAction\",\"target\":{\"@type\":\"EntryPoint\",\"urlTemplate\":\"https:\\\/\\\/diarioprincipios.com\\\/?s={search_term_string}\"},\"query-input\":{\"@type\":\"PropertyValueSpecification\",\"valueRequired\":true,\"valueName\":\"search_term_string\"}}],\"inLanguage\":\"es\"},{\"@type\":\"Organization\",\"@id\":\"https:\\\/\\\/diarioprincipios.com\\\/#organization\",\"name\":\"Principios\",\"url\":\"https:\\\/\\\/diarioprincipios.com\\\/\",\"logo\":{\"@type\":\"ImageObject\",\"inLanguage\":\"es\",\"@id\":\"https:\\\/\\\/diarioprincipios.com\\\/#\\\/schema\\\/logo\\\/image\\\/\",\"url\":\"https:\\\/\\\/diarioprincipios.com\\\/wp-content\\\/uploads\\\/2024\\\/04\\\/cropped-www.diarioprincipios.com_-1.png\",\"contentUrl\":\"https:\\\/\\\/diarioprincipios.com\\\/wp-content\\\/uploads\\\/2024\\\/04\\\/cropped-www.diarioprincipios.com_-1.png\",\"width\":5325,\"height\":1454,\"caption\":\"Principios\"},\"image\":{\"@id\":\"https:\\\/\\\/diarioprincipios.com\\\/#\\\/schema\\\/logo\\\/image\\\/\"}},{\"@type\":\"Person\",\"@id\":\"https:\\\/\\\/diarioprincipios.com\\\/#\\\/schema\\\/person\\\/436d5a1fd41a5e250e23ff5a6a7cb080\",\"name\":\"Hern\u00e1n L\u00f3pez\",\"image\":{\"@type\":\"ImageObject\",\"inLanguage\":\"es\",\"@id\":\"https:\\\/\\\/diarioprincipios.com\\\/wp-content\\\/litespeed\\\/avatar\\\/11ddfe5610ff3bd100522525b2571f48.jpg?ver=1777048341\",\"url\":\"https:\\\/\\\/diarioprincipios.com\\\/wp-content\\\/litespeed\\\/avatar\\\/11ddfe5610ff3bd100522525b2571f48.jpg?ver=1777048341\",\"contentUrl\":\"https:\\\/\\\/diarioprincipios.com\\\/wp-content\\\/litespeed\\\/avatar\\\/11ddfe5610ff3bd100522525b2571f48.jpg?ver=1777048341\",\"caption\":\"Hern\u00e1n L\u00f3pez\"},\"url\":\"https:\\\/\\\/diarioprincipios.com\\\/index.php\\\/author\\\/hernan\\\/\"}]}<\/script>\n<!-- \/ Yoast SEO plugin. -->","yoast_head_json":{"title":"Autorizan la apertura de shoppings, agencias de publicidad y de viajes en C\u00f3rdoba - Principios","robots":{"index":"index","follow":"follow","max-snippet":"max-snippet:-1","max-image-preview":"max-image-preview:large","max-video-preview":"max-video-preview:-1"},"canonical":"https:\/\/diarioprincipios.com\/index.php\/2020\/06\/18\/autorizan-la-apertura-de-shoppings-agencias-de-publicidad-y-de-viajes-en-cordoba\/","og_locale":"es_ES","og_type":"article","og_title":"Autorizan la apertura de shoppings, agencias de publicidad y de viajes en C\u00f3rdoba - Principios","og_description":"El Comit\u00e9 Operativo de Emergencia (COE) de C\u00f3rdoba autoriz\u00f3 a partir de ma\u00f1ana la reapertura de shoppings, agencias de viajes, de publicidad y las producciones de streaming en toda la provincia, rubros que deber\u00e1n cumplir con sus respectivos protocolos. Seg\u00fan asegur\u00f3 hoy el gobernador Juan Schiaretti, en Casa de Gobierno, la apertura de los shopping...","og_url":"https:\/\/diarioprincipios.com\/index.php\/2020\/06\/18\/autorizan-la-apertura-de-shoppings-agencias-de-publicidad-y-de-viajes-en-cordoba\/","og_site_name":"Principios","article_published_time":"2020-06-18T17:33:29+00:00","article_modified_time":"2020-06-18T17:33:33+00:00","og_image":[{"width":760,"height":506,"url":"https:\/\/diarioprincipios.com\/wp-content\/uploads\/2020\/06\/cordoba.jpg","type":"image\/jpeg"}],"author":"Hern\u00e1n L\u00f3pez","twitter_card":"summary_large_image","twitter_misc":{"Escrito por":"Hern\u00e1n L\u00f3pez","Tiempo de lectura":"1 minuto"},"schema":{"@context":"https:\/\/schema.org","@graph":[{"@type":"Article","@id":"https:\/\/diarioprincipios.com\/index.php\/2020\/06\/18\/autorizan-la-apertura-de-shoppings-agencias-de-publicidad-y-de-viajes-en-cordoba\/#article","isPartOf":{"@id":"https:\/\/diarioprincipios.com\/index.php\/2020\/06\/18\/autorizan-la-apertura-de-shoppings-agencias-de-publicidad-y-de-viajes-en-cordoba\/"},"author":{"name":"Hern\u00e1n L\u00f3pez","@id":"https:\/\/diarioprincipios.com\/#\/schema\/person\/436d5a1fd41a5e250e23ff5a6a7cb080"},"headline":"Autorizan la apertura de shoppings, agencias de publicidad y de viajes en C\u00f3rdoba","datePublished":"2020-06-18T17:33:29+00:00","dateModified":"2020-06-18T17:33:33+00:00","mainEntityOfPage":{"@id":"https:\/\/diarioprincipios.com\/index.php\/2020\/06\/18\/autorizan-la-apertura-de-shoppings-agencias-de-publicidad-y-de-viajes-en-cordoba\/"},"wordCount":269,"commentCount":0,"publisher":{"@id":"https:\/\/diarioprincipios.com\/#organization"},"image":{"@id":"https:\/\/diarioprincipios.com\/index.php\/2020\/06\/18\/autorizan-la-apertura-de-shoppings-agencias-de-publicidad-y-de-viajes-en-cordoba\/#primaryimage"},"thumbnailUrl":"https:\/\/diarioprincipios.com\/wp-content\/uploads\/2020\/06\/cordoba.jpg","articleSection":["Naci\u00f3n"],"inLanguage":"es","potentialAction":[{"@type":"CommentAction","name":"Comment","target":["https:\/\/diarioprincipios.com\/index.php\/2020\/06\/18\/autorizan-la-apertura-de-shoppings-agencias-de-publicidad-y-de-viajes-en-cordoba\/#respond"]}]},{"@type":"WebPage","@id":"https:\/\/diarioprincipios.com\/index.php\/2020\/06\/18\/autorizan-la-apertura-de-shoppings-agencias-de-publicidad-y-de-viajes-en-cordoba\/","url":"https:\/\/diarioprincipios.com\/index.php\/2020\/06\/18\/autorizan-la-apertura-de-shoppings-agencias-de-publicidad-y-de-viajes-en-cordoba\/","name":"Autorizan la apertura de shoppings, agencias de publicidad y de viajes en C\u00f3rdoba - Principios","isPartOf":{"@id":"https:\/\/diarioprincipios.com\/#website"},"primaryImageOfPage":{"@id":"https:\/\/diarioprincipios.com\/index.php\/2020\/06\/18\/autorizan-la-apertura-de-shoppings-agencias-de-publicidad-y-de-viajes-en-cordoba\/#primaryimage"},"image":{"@id":"https:\/\/diarioprincipios.com\/index.php\/2020\/06\/18\/autorizan-la-apertura-de-shoppings-agencias-de-publicidad-y-de-viajes-en-cordoba\/#primaryimage"},"thumbnailUrl":"https:\/\/diarioprincipios.com\/wp-content\/uploads\/2020\/06\/cordoba.jpg","datePublished":"2020-06-18T17:33:29+00:00","dateModified":"2020-06-18T17:33:33+00:00","breadcrumb":{"@id":"https:\/\/diarioprincipios.com\/index.php\/2020\/06\/18\/autorizan-la-apertura-de-shoppings-agencias-de-publicidad-y-de-viajes-en-cordoba\/#breadcrumb"},"inLanguage":"es","potentialAction":[{"@type":"ReadAction","target":["https:\/\/diarioprincipios.com\/index.php\/2020\/06\/18\/autorizan-la-apertura-de-shoppings-agencias-de-publicidad-y-de-viajes-en-cordoba\/"]}]},{"@type":"ImageObject","inLanguage":"es","@id":"https:\/\/diarioprincipios.com\/index.php\/2020\/06\/18\/autorizan-la-apertura-de-shoppings-agencias-de-publicidad-y-de-viajes-en-cordoba\/#primaryimage","url":"https:\/\/diarioprincipios.com\/wp-content\/uploads\/2020\/06\/cordoba.jpg","contentUrl":"https:\/\/diarioprincipios.com\/wp-content\/uploads\/2020\/06\/cordoba.jpg","width":760,"height":506},{"@type":"BreadcrumbList","@id":"https:\/\/diarioprincipios.com\/index.php\/2020\/06\/18\/autorizan-la-apertura-de-shoppings-agencias-de-publicidad-y-de-viajes-en-cordoba\/#breadcrumb","itemListElement":[{"@type":"ListItem","position":1,"name":"Portada","item":"https:\/\/diarioprincipios.com\/"},{"@type":"ListItem","position":2,"name":"Autorizan la apertura de shoppings, agencias de publicidad y de viajes en C\u00f3rdoba"}]},{"@type":"WebSite","@id":"https:\/\/diarioprincipios.com\/#website","url":"https:\/\/diarioprincipios.com\/","name":"Principios","description":"Principios Diario","publisher":{"@id":"https:\/\/diarioprincipios.com\/#organization"},"potentialAction":[{"@type":"SearchAction","target":{"@type":"EntryPoint","urlTemplate":"https:\/\/diarioprincipios.com\/?s={search_term_string}"},"query-input":{"@type":"PropertyValueSpecification","valueRequired":true,"valueName":"search_term_string"}}],"inLanguage":"es"},{"@type":"Organization","@id":"https:\/\/diarioprincipios.com\/#organization","name":"Principios","url":"https:\/\/diarioprincipios.com\/","logo":{"@type":"ImageObject","inLanguage":"es","@id":"https:\/\/diarioprincipios.com\/#\/schema\/logo\/image\/","url":"https:\/\/diarioprincipios.com\/wp-content\/uploads\/2024\/04\/cropped-www.diarioprincipios.com_-1.png","contentUrl":"https:\/\/diarioprincipios.com\/wp-content\/uploads\/2024\/04\/cropped-www.diarioprincipios.com_-1.png","width":5325,"height":1454,"caption":"Principios"},"image":{"@id":"https:\/\/diarioprincipios.com\/#\/schema\/logo\/image\/"}},{"@type":"Person","@id":"https:\/\/diarioprincipios.com\/#\/schema\/person\/436d5a1fd41a5e250e23ff5a6a7cb080","name":"Hern\u00e1n L\u00f3pez","image":{"@type":"ImageObject","inLanguage":"es","@id":"https:\/\/diarioprincipios.com\/wp-content\/litespeed\/avatar\/11ddfe5610ff3bd100522525b2571f48.jpg?ver=1777048341","url":"https:\/\/diarioprincipios.com\/wp-content\/litespeed\/avatar\/11ddfe5610ff3bd100522525b2571f48.jpg?ver=1777048341","contentUrl":"https:\/\/diarioprincipios.com\/wp-content\/litespeed\/avatar\/11ddfe5610ff3bd100522525b2571f48.jpg?ver=1777048341","caption":"Hern\u00e1n L\u00f3pez"},"url":"https:\/\/diarioprincipios.com\/index.php\/author\/hernan\/"}]}},"jetpack_featured_media_url":"https:\/\/diarioprincipios.com\/wp-content\/uploads\/2020\/06\/cordoba.jpg","_links":{"self":[{"href":"https:\/\/diarioprincipios.com\/index.php\/wp-json\/wp\/v2\/posts\/3069","targetHints":{"allow":["GET"]}}],"collection":[{"href":"https:\/\/diarioprincipios.com\/index.php\/wp-json\/wp\/v2\/posts"}],"about":[{"href":"https:\/\/diarioprincipios.com\/index.php\/wp-json\/wp\/v2\/types\/post"}],"author":[{"embeddable":true,"href":"https:\/\/diarioprincipios.com\/index.php\/wp-json\/wp\/v2\/users\/2"}],"replies":[{"embeddable":true,"href":"https:\/\/diarioprincipios.com\/index.php\/wp-json\/wp\/v2\/comments?post=3069"}],"version-history":[{"count":1,"href":"https:\/\/diarioprincipios.com\/index.php\/wp-json\/wp\/v2\/posts\/3069\/revisions"}],"predecessor-version":[{"id":3071,"href":"https:\/\/diarioprincipios.com\/index.php\/wp-json\/wp\/v2\/posts\/3069\/revisions\/3071"}],"wp:featuredmedia":[{"embeddable":true,"href":"https:\/\/diarioprincipios.com\/index.php\/wp-json\/wp\/v2\/media\/3070"}],"wp:attachment":[{"href":"https:\/\/diarioprincipios.com\/index.php\/wp-json\/wp\/v2\/media?parent=3069"}],"wp:term":[{"taxonomy":"category","embeddable":true,"href":"https:\/\/diarioprincipios.com\/index.php\/wp-json\/wp\/v2\/categories?post=3069"},{"taxonomy":"post_tag","embeddable":true,"href":"https:\/\/diarioprincipios.com\/index.php\/wp-json\/wp\/v2\/tags?post=3069"}],"curies":[{"name":"wp","href":"https:\/\/api.w.org\/{rel}","templated":true}]}}