{"id":306,"date":"2020-03-12T17:35:12","date_gmt":"2020-03-12T17:35:12","guid":{"rendered":"http:\/\/diarioprincipios.com\/?p=306"},"modified":"2020-03-12T17:35:14","modified_gmt":"2020-03-12T17:35:14","slug":"quilmes-refuerza-prevencion-por-coronavirus","status":"publish","type":"post","link":"https:\/\/diarioprincipios.com\/index.php\/2020\/03\/12\/quilmes-refuerza-prevencion-por-coronavirus\/","title":{"rendered":"Quilmes refuerza prevenci\u00f3n por Coronavirus"},"content":{"rendered":"\n<p>La intendenta quilme\u00f1a, Mayra Mendoza, mantuvo una reuni\u00f3n con los funcionarios de la Secretar\u00eda de Salud municipal con el objetivo de realizar una evaluaci\u00f3n y reforzar el esquema preventivo sanitario en Quilmes ante la situaci\u00f3n que atraviesa la Argentina por el coronavirus (COVID-19).<\/p>\n\n\n\n<p>Durante el encuentro se expusieron las medidas implementadas en el distrito, el protocolo de actuaci\u00f3n y los refuerzos a implementar ante la probable expansi\u00f3n del virus.<\/p>\n\n\n\n<p>Acompa\u00f1ada por el jefe de Gabinete, Alejandro Gandulfo; el secretario de Salud, Jonatan Konfino; la subsecretaria de Planificaci\u00f3n Sanitaria, Carolina Begue y la directora de Epidemiolog\u00eda, Gabriela L\u2019Arco; la Jefa comunal indic\u00f3 refuerzos en todas las \u00e1reas sanitarias, de educaci\u00f3n, adultos mayores, desarrollo social, cultura, entre otras, con el objetivo de reforzar las medidas preventivas, llevar tranquilidad y realizar un trabajo interdisciplinario y contundente para evitar el contagio.<\/p>\n\n\n\n<p>El doctor Jonatan Konfino se\u00f1al\u00f3 que en Quilmes hay tres casos sospechosos y que por las caracter\u00edsticas de la enfermedad el comit\u00e9 de salud mantiene una vigilancia din\u00e1mica y de actualizaci\u00f3n constante.<\/p>\n\n\n\n<p>\u201cSe activa un protocolo din\u00e1mico de emergencia para toda persona que presente fiebre alta y afecci\u00f3n respiratoria, que haya tenido contacto con un caso confirmado o haya estado de viaje en alguna de las zonas de transmisi\u00f3n en los \u00faltimos 14 d\u00edas\u201d, asegur\u00f3 el titular de la cartera sanitaria sobre las variables que se deben considerar para realizar un test de coronavirus.<\/p>\n\n\n\n<p>El equipo de Salud dio detalles sobre el estado de la enfermedad en el mundo y en Argentina, una descripci\u00f3n de los casos notificados por la provincia de Buenos Aires, per\u00edodo de incubaci\u00f3n, transmisi\u00f3n, letalidad y las caracter\u00edsticas de la enfermedad entre las que se advierte un mayor riesgo en adultos de m\u00e1s 60 a\u00f1os y personas con diabetes, hipertensi\u00f3n, enfermedades cardiovasculares, cardiopat\u00edas, pulmonares y otras.<\/p>\n\n\n\n<p>Konfino remarc\u00f3 que hay un di\u00e1logo permanente con las autoridades de la Regi\u00f3n Sanitaria VI y de la provincia de Buenos Aires, como as\u00ed tambi\u00e9n con el SAME, directores de hospitales, centros de salud p\u00fablicos y privados y el C\u00edrculo M\u00e9dico de Quilmes, para seguir los criterios epidemiol\u00f3gicos dictados por los ministerios de Salud de la Provincia y de la Naci\u00f3n.<\/p>\n\n\n\n<p>Recomendaciones <\/p>\n\n\n\n<p>El coronavirus provoca una enfermedad respiratoria. Se transmite por contacto directo con una persona infectada. Los s\u00edntomas son: fiebre y tos, dolor de garganta y dificultad respiratoria.<\/p>\n\n\n\n<p>Si en los \u00faltimos 14 d\u00edas estuviste en regiones con circulaci\u00f3n viral (Europa, Estados Unidos, China, Corea del Sur, Jap\u00f3n e Ir\u00e1n) o en contacto directo con un caso confirmado, evit\u00e1 el contacto con otras personas. <br>\n\u2022    Lavarse las manos frecuentemente.<br>\n\u2022    Al toser y estornudar, cubrirse la nariz y boca con el pliegue del codo y l\u00e1vate las manos.<br>\n\u2022    Evitar el contacto directo con personas que tengan enfermedades respiratorias.<br>\n\u2022    Ventilar los ambientes cerrados.<br>\n\u2022    Evitar compartir mate, vasos, cubiertos.<br>\n\u2022    No te automediques. Consult\u00e1 en el centro de salud m\u00e1s cercano.<\/p>\n\n\n\n<p>Recomendaciones para instituciones p\u00fablicas<\/p>\n\n\n\n<p>En las recomendaciones difundidas para escuelas e instituciones p\u00fablicas de la Provincia se precisa la adecuada higiene de manos, con instrucciones para el personal de limpieza en cuanto a la desinfecci\u00f3n de superficies y ventilaci\u00f3n de ambientes. Se aclara, tambi\u00e9n, que el uso de barbijos solo se indica para las personas con s\u00edntomas respiratorios. A su vez, se aconseja que quienes presenten signos de la enfermedad no concurran a los lugares de trabajo.<\/p>\n\n\n\n<p>Se recomienda el lavado de manos frecuente, cubrir nariz y boca con el pliegue del codo al toser y estornudar, ventilar los ambientes, evitar compartir mate, vasos y cubiertos y no automedicarse. La adecuada higiene de manos antes de comer, manipular alimentos y\/o amamantar, luego de tocar barandas y superficies comunes, despu\u00e9s de manipular basura o desperdicios, despu\u00e9s de ir al ba\u00f1o o cambiar pa\u00f1ales.<\/p>\n\n\n\n<p>Ante cualquier consulta comunicate al 148, la l\u00ednea de atenci\u00f3n r\u00e1pida del Ministerio de Salud de la Provincia para las personas que hayan viajado a los pa\u00edses con circulaci\u00f3n del virus, o que hayan tenido contacto con una persona infectada. <\/p>\n\n\n\n<p>O al Municipio de Quilmes en el tel\u00e9fono de Atenci\u00f3n al Vecino 0800-999-5656 o por mail a epiquilmes@quilmes.gov.ar.<\/p>\n","protected":false},"excerpt":{"rendered":"<p>La intendenta quilme\u00f1a, Mayra Mendoza, mantuvo una reuni\u00f3n con los funcionarios de la Secretar\u00eda de Salud municipal con el objetivo de realizar una evaluaci\u00f3n y reforzar el esquema preventivo sanitario en Quilmes ante la situaci\u00f3n que atraviesa la Argentina por el coronavirus (COVID-19). Durante el encuentro se expusieron las medidas implementadas en el distrito, el&#8230;<\/p>\n","protected":false},"author":2,"featured_media":282,"comment_status":"open","ping_status":"open","sticky":false,"template":"","format":"standard","meta":{"footnotes":""},"categories":[4],"tags":[],"class_list":["post-306","post","type-post","status-publish","format-standard","has-post-thumbnail","hentry","category-quilmes"],"featured_image_src":"https:\/\/diarioprincipios.com\/wp-content\/uploads\/2020\/03\/IMG-20200311-WA0024-1024x1024.jpg","blog_images":{"medium":"https:\/\/diarioprincipios.com\/wp-content\/uploads\/2020\/03\/IMG-20200311-WA0024-300x300.jpg","large":"https:\/\/diarioprincipios.com\/wp-content\/uploads\/2020\/03\/IMG-20200311-WA0024-1024x1024.jpg"},"ams_acf":[],"yoast_head":"<!-- This site is optimized with the Yoast SEO plugin v27.3 - https:\/\/yoast.com\/product\/yoast-seo-wordpress\/ -->\n<title>Quilmes refuerza prevenci\u00f3n por Coronavirus - Principios<\/title>\n<meta name=\"robots\" content=\"index, follow, max-snippet:-1, max-image-preview:large, max-video-preview:-1\" \/>\n<link rel=\"canonical\" href=\"https:\/\/diarioprincipios.com\/index.php\/2020\/03\/12\/quilmes-refuerza-prevencion-por-coronavirus\/\" \/>\n<meta property=\"og:locale\" content=\"es_ES\" \/>\n<meta property=\"og:type\" content=\"article\" \/>\n<meta property=\"og:title\" content=\"Quilmes refuerza prevenci\u00f3n por Coronavirus - Principios\" \/>\n<meta property=\"og:description\" content=\"La intendenta quilme\u00f1a, Mayra Mendoza, mantuvo una reuni\u00f3n con los funcionarios de la Secretar\u00eda de Salud municipal con el objetivo de realizar una evaluaci\u00f3n y reforzar el esquema preventivo sanitario en Quilmes ante la situaci\u00f3n que atraviesa la Argentina por el coronavirus (COVID-19). Durante el encuentro se expusieron las medidas implementadas en el distrito, el...\" \/>\n<meta property=\"og:url\" content=\"https:\/\/diarioprincipios.com\/index.php\/2020\/03\/12\/quilmes-refuerza-prevencion-por-coronavirus\/\" \/>\n<meta property=\"og:site_name\" content=\"Principios\" \/>\n<meta property=\"article:published_time\" content=\"2020-03-12T17:35:12+00:00\" \/>\n<meta property=\"article:modified_time\" content=\"2020-03-12T17:35:14+00:00\" \/>\n<meta property=\"og:image\" content=\"https:\/\/diarioprincipios.com\/wp-content\/uploads\/2020\/03\/IMG-20200311-WA0024.jpg\" \/>\n\t<meta property=\"og:image:width\" content=\"1280\" \/>\n\t<meta property=\"og:image:height\" content=\"1279\" \/>\n\t<meta property=\"og:image:type\" content=\"image\/jpeg\" \/>\n<meta name=\"author\" content=\"Hern\u00e1n L\u00f3pez\" \/>\n<meta name=\"twitter:card\" content=\"summary_large_image\" \/>\n<meta name=\"twitter:label1\" content=\"Escrito por\" \/>\n\t<meta name=\"twitter:data1\" content=\"Hern\u00e1n L\u00f3pez\" \/>\n\t<meta name=\"twitter:label2\" content=\"Tiempo de lectura\" \/>\n\t<meta name=\"twitter:data2\" content=\"4 minutos\" \/>\n<script type=\"application\/ld+json\" class=\"yoast-schema-graph\">{\"@context\":\"https:\\\/\\\/schema.org\",\"@graph\":[{\"@type\":\"Article\",\"@id\":\"https:\\\/\\\/diarioprincipios.com\\\/index.php\\\/2020\\\/03\\\/12\\\/quilmes-refuerza-prevencion-por-coronavirus\\\/#article\",\"isPartOf\":{\"@id\":\"https:\\\/\\\/diarioprincipios.com\\\/index.php\\\/2020\\\/03\\\/12\\\/quilmes-refuerza-prevencion-por-coronavirus\\\/\"},\"author\":{\"name\":\"Hern\u00e1n L\u00f3pez\",\"@id\":\"https:\\\/\\\/diarioprincipios.com\\\/#\\\/schema\\\/person\\\/436d5a1fd41a5e250e23ff5a6a7cb080\"},\"headline\":\"Quilmes refuerza prevenci\u00f3n por Coronavirus\",\"datePublished\":\"2020-03-12T17:35:12+00:00\",\"dateModified\":\"2020-03-12T17:35:14+00:00\",\"mainEntityOfPage\":{\"@id\":\"https:\\\/\\\/diarioprincipios.com\\\/index.php\\\/2020\\\/03\\\/12\\\/quilmes-refuerza-prevencion-por-coronavirus\\\/\"},\"wordCount\":742,\"commentCount\":0,\"publisher\":{\"@id\":\"https:\\\/\\\/diarioprincipios.com\\\/#organization\"},\"image\":{\"@id\":\"https:\\\/\\\/diarioprincipios.com\\\/index.php\\\/2020\\\/03\\\/12\\\/quilmes-refuerza-prevencion-por-coronavirus\\\/#primaryimage\"},\"thumbnailUrl\":\"https:\\\/\\\/diarioprincipios.com\\\/wp-content\\\/uploads\\\/2020\\\/03\\\/IMG-20200311-WA0024.jpg\",\"articleSection\":[\"Quilmes\"],\"inLanguage\":\"es\",\"potentialAction\":[{\"@type\":\"CommentAction\",\"name\":\"Comment\",\"target\":[\"https:\\\/\\\/diarioprincipios.com\\\/index.php\\\/2020\\\/03\\\/12\\\/quilmes-refuerza-prevencion-por-coronavirus\\\/#respond\"]}]},{\"@type\":\"WebPage\",\"@id\":\"https:\\\/\\\/diarioprincipios.com\\\/index.php\\\/2020\\\/03\\\/12\\\/quilmes-refuerza-prevencion-por-coronavirus\\\/\",\"url\":\"https:\\\/\\\/diarioprincipios.com\\\/index.php\\\/2020\\\/03\\\/12\\\/quilmes-refuerza-prevencion-por-coronavirus\\\/\",\"name\":\"Quilmes refuerza prevenci\u00f3n por Coronavirus - Principios\",\"isPartOf\":{\"@id\":\"https:\\\/\\\/diarioprincipios.com\\\/#website\"},\"primaryImageOfPage\":{\"@id\":\"https:\\\/\\\/diarioprincipios.com\\\/index.php\\\/2020\\\/03\\\/12\\\/quilmes-refuerza-prevencion-por-coronavirus\\\/#primaryimage\"},\"image\":{\"@id\":\"https:\\\/\\\/diarioprincipios.com\\\/index.php\\\/2020\\\/03\\\/12\\\/quilmes-refuerza-prevencion-por-coronavirus\\\/#primaryimage\"},\"thumbnailUrl\":\"https:\\\/\\\/diarioprincipios.com\\\/wp-content\\\/uploads\\\/2020\\\/03\\\/IMG-20200311-WA0024.jpg\",\"datePublished\":\"2020-03-12T17:35:12+00:00\",\"dateModified\":\"2020-03-12T17:35:14+00:00\",\"breadcrumb\":{\"@id\":\"https:\\\/\\\/diarioprincipios.com\\\/index.php\\\/2020\\\/03\\\/12\\\/quilmes-refuerza-prevencion-por-coronavirus\\\/#breadcrumb\"},\"inLanguage\":\"es\",\"potentialAction\":[{\"@type\":\"ReadAction\",\"target\":[\"https:\\\/\\\/diarioprincipios.com\\\/index.php\\\/2020\\\/03\\\/12\\\/quilmes-refuerza-prevencion-por-coronavirus\\\/\"]}]},{\"@type\":\"ImageObject\",\"inLanguage\":\"es\",\"@id\":\"https:\\\/\\\/diarioprincipios.com\\\/index.php\\\/2020\\\/03\\\/12\\\/quilmes-refuerza-prevencion-por-coronavirus\\\/#primaryimage\",\"url\":\"https:\\\/\\\/diarioprincipios.com\\\/wp-content\\\/uploads\\\/2020\\\/03\\\/IMG-20200311-WA0024.jpg\",\"contentUrl\":\"https:\\\/\\\/diarioprincipios.com\\\/wp-content\\\/uploads\\\/2020\\\/03\\\/IMG-20200311-WA0024.jpg\",\"width\":1280,\"height\":1279},{\"@type\":\"BreadcrumbList\",\"@id\":\"https:\\\/\\\/diarioprincipios.com\\\/index.php\\\/2020\\\/03\\\/12\\\/quilmes-refuerza-prevencion-por-coronavirus\\\/#breadcrumb\",\"itemListElement\":[{\"@type\":\"ListItem\",\"position\":1,\"name\":\"Portada\",\"item\":\"https:\\\/\\\/diarioprincipios.com\\\/\"},{\"@type\":\"ListItem\",\"position\":2,\"name\":\"Quilmes refuerza prevenci\u00f3n por Coronavirus\"}]},{\"@type\":\"WebSite\",\"@id\":\"https:\\\/\\\/diarioprincipios.com\\\/#website\",\"url\":\"https:\\\/\\\/diarioprincipios.com\\\/\",\"name\":\"Principios\",\"description\":\"Principios Diario\",\"publisher\":{\"@id\":\"https:\\\/\\\/diarioprincipios.com\\\/#organization\"},\"potentialAction\":[{\"@type\":\"SearchAction\",\"target\":{\"@type\":\"EntryPoint\",\"urlTemplate\":\"https:\\\/\\\/diarioprincipios.com\\\/?s={search_term_string}\"},\"query-input\":{\"@type\":\"PropertyValueSpecification\",\"valueRequired\":true,\"valueName\":\"search_term_string\"}}],\"inLanguage\":\"es\"},{\"@type\":\"Organization\",\"@id\":\"https:\\\/\\\/diarioprincipios.com\\\/#organization\",\"name\":\"Principios\",\"url\":\"https:\\\/\\\/diarioprincipios.com\\\/\",\"logo\":{\"@type\":\"ImageObject\",\"inLanguage\":\"es\",\"@id\":\"https:\\\/\\\/diarioprincipios.com\\\/#\\\/schema\\\/logo\\\/image\\\/\",\"url\":\"https:\\\/\\\/diarioprincipios.com\\\/wp-content\\\/uploads\\\/2024\\\/04\\\/cropped-www.diarioprincipios.com_-1.png\",\"contentUrl\":\"https:\\\/\\\/diarioprincipios.com\\\/wp-content\\\/uploads\\\/2024\\\/04\\\/cropped-www.diarioprincipios.com_-1.png\",\"width\":5325,\"height\":1454,\"caption\":\"Principios\"},\"image\":{\"@id\":\"https:\\\/\\\/diarioprincipios.com\\\/#\\\/schema\\\/logo\\\/image\\\/\"}},{\"@type\":\"Person\",\"@id\":\"https:\\\/\\\/diarioprincipios.com\\\/#\\\/schema\\\/person\\\/436d5a1fd41a5e250e23ff5a6a7cb080\",\"name\":\"Hern\u00e1n L\u00f3pez\",\"image\":{\"@type\":\"ImageObject\",\"inLanguage\":\"es\",\"@id\":\"https:\\\/\\\/diarioprincipios.com\\\/wp-content\\\/litespeed\\\/avatar\\\/11ddfe5610ff3bd100522525b2571f48.jpg?ver=1777048341\",\"url\":\"https:\\\/\\\/diarioprincipios.com\\\/wp-content\\\/litespeed\\\/avatar\\\/11ddfe5610ff3bd100522525b2571f48.jpg?ver=1777048341\",\"contentUrl\":\"https:\\\/\\\/diarioprincipios.com\\\/wp-content\\\/litespeed\\\/avatar\\\/11ddfe5610ff3bd100522525b2571f48.jpg?ver=1777048341\",\"caption\":\"Hern\u00e1n L\u00f3pez\"},\"url\":\"https:\\\/\\\/diarioprincipios.com\\\/index.php\\\/author\\\/hernan\\\/\"}]}<\/script>\n<!-- \/ Yoast SEO plugin. -->","yoast_head_json":{"title":"Quilmes refuerza prevenci\u00f3n por Coronavirus - Principios","robots":{"index":"index","follow":"follow","max-snippet":"max-snippet:-1","max-image-preview":"max-image-preview:large","max-video-preview":"max-video-preview:-1"},"canonical":"https:\/\/diarioprincipios.com\/index.php\/2020\/03\/12\/quilmes-refuerza-prevencion-por-coronavirus\/","og_locale":"es_ES","og_type":"article","og_title":"Quilmes refuerza prevenci\u00f3n por Coronavirus - Principios","og_description":"La intendenta quilme\u00f1a, Mayra Mendoza, mantuvo una reuni\u00f3n con los funcionarios de la Secretar\u00eda de Salud municipal con el objetivo de realizar una evaluaci\u00f3n y reforzar el esquema preventivo sanitario en Quilmes ante la situaci\u00f3n que atraviesa la Argentina por el coronavirus (COVID-19). Durante el encuentro se expusieron las medidas implementadas en el distrito, el...","og_url":"https:\/\/diarioprincipios.com\/index.php\/2020\/03\/12\/quilmes-refuerza-prevencion-por-coronavirus\/","og_site_name":"Principios","article_published_time":"2020-03-12T17:35:12+00:00","article_modified_time":"2020-03-12T17:35:14+00:00","og_image":[{"width":1280,"height":1279,"url":"https:\/\/diarioprincipios.com\/wp-content\/uploads\/2020\/03\/IMG-20200311-WA0024.jpg","type":"image\/jpeg"}],"author":"Hern\u00e1n L\u00f3pez","twitter_card":"summary_large_image","twitter_misc":{"Escrito por":"Hern\u00e1n L\u00f3pez","Tiempo de lectura":"4 minutos"},"schema":{"@context":"https:\/\/schema.org","@graph":[{"@type":"Article","@id":"https:\/\/diarioprincipios.com\/index.php\/2020\/03\/12\/quilmes-refuerza-prevencion-por-coronavirus\/#article","isPartOf":{"@id":"https:\/\/diarioprincipios.com\/index.php\/2020\/03\/12\/quilmes-refuerza-prevencion-por-coronavirus\/"},"author":{"name":"Hern\u00e1n L\u00f3pez","@id":"https:\/\/diarioprincipios.com\/#\/schema\/person\/436d5a1fd41a5e250e23ff5a6a7cb080"},"headline":"Quilmes refuerza prevenci\u00f3n por Coronavirus","datePublished":"2020-03-12T17:35:12+00:00","dateModified":"2020-03-12T17:35:14+00:00","mainEntityOfPage":{"@id":"https:\/\/diarioprincipios.com\/index.php\/2020\/03\/12\/quilmes-refuerza-prevencion-por-coronavirus\/"},"wordCount":742,"commentCount":0,"publisher":{"@id":"https:\/\/diarioprincipios.com\/#organization"},"image":{"@id":"https:\/\/diarioprincipios.com\/index.php\/2020\/03\/12\/quilmes-refuerza-prevencion-por-coronavirus\/#primaryimage"},"thumbnailUrl":"https:\/\/diarioprincipios.com\/wp-content\/uploads\/2020\/03\/IMG-20200311-WA0024.jpg","articleSection":["Quilmes"],"inLanguage":"es","potentialAction":[{"@type":"CommentAction","name":"Comment","target":["https:\/\/diarioprincipios.com\/index.php\/2020\/03\/12\/quilmes-refuerza-prevencion-por-coronavirus\/#respond"]}]},{"@type":"WebPage","@id":"https:\/\/diarioprincipios.com\/index.php\/2020\/03\/12\/quilmes-refuerza-prevencion-por-coronavirus\/","url":"https:\/\/diarioprincipios.com\/index.php\/2020\/03\/12\/quilmes-refuerza-prevencion-por-coronavirus\/","name":"Quilmes refuerza prevenci\u00f3n por Coronavirus - Principios","isPartOf":{"@id":"https:\/\/diarioprincipios.com\/#website"},"primaryImageOfPage":{"@id":"https:\/\/diarioprincipios.com\/index.php\/2020\/03\/12\/quilmes-refuerza-prevencion-por-coronavirus\/#primaryimage"},"image":{"@id":"https:\/\/diarioprincipios.com\/index.php\/2020\/03\/12\/quilmes-refuerza-prevencion-por-coronavirus\/#primaryimage"},"thumbnailUrl":"https:\/\/diarioprincipios.com\/wp-content\/uploads\/2020\/03\/IMG-20200311-WA0024.jpg","datePublished":"2020-03-12T17:35:12+00:00","dateModified":"2020-03-12T17:35:14+00:00","breadcrumb":{"@id":"https:\/\/diarioprincipios.com\/index.php\/2020\/03\/12\/quilmes-refuerza-prevencion-por-coronavirus\/#breadcrumb"},"inLanguage":"es","potentialAction":[{"@type":"ReadAction","target":["https:\/\/diarioprincipios.com\/index.php\/2020\/03\/12\/quilmes-refuerza-prevencion-por-coronavirus\/"]}]},{"@type":"ImageObject","inLanguage":"es","@id":"https:\/\/diarioprincipios.com\/index.php\/2020\/03\/12\/quilmes-refuerza-prevencion-por-coronavirus\/#primaryimage","url":"https:\/\/diarioprincipios.com\/wp-content\/uploads\/2020\/03\/IMG-20200311-WA0024.jpg","contentUrl":"https:\/\/diarioprincipios.com\/wp-content\/uploads\/2020\/03\/IMG-20200311-WA0024.jpg","width":1280,"height":1279},{"@type":"BreadcrumbList","@id":"https:\/\/diarioprincipios.com\/index.php\/2020\/03\/12\/quilmes-refuerza-prevencion-por-coronavirus\/#breadcrumb","itemListElement":[{"@type":"ListItem","position":1,"name":"Portada","item":"https:\/\/diarioprincipios.com\/"},{"@type":"ListItem","position":2,"name":"Quilmes refuerza prevenci\u00f3n por Coronavirus"}]},{"@type":"WebSite","@id":"https:\/\/diarioprincipios.com\/#website","url":"https:\/\/diarioprincipios.com\/","name":"Principios","description":"Principios Diario","publisher":{"@id":"https:\/\/diarioprincipios.com\/#organization"},"potentialAction":[{"@type":"SearchAction","target":{"@type":"EntryPoint","urlTemplate":"https:\/\/diarioprincipios.com\/?s={search_term_string}"},"query-input":{"@type":"PropertyValueSpecification","valueRequired":true,"valueName":"search_term_string"}}],"inLanguage":"es"},{"@type":"Organization","@id":"https:\/\/diarioprincipios.com\/#organization","name":"Principios","url":"https:\/\/diarioprincipios.com\/","logo":{"@type":"ImageObject","inLanguage":"es","@id":"https:\/\/diarioprincipios.com\/#\/schema\/logo\/image\/","url":"https:\/\/diarioprincipios.com\/wp-content\/uploads\/2024\/04\/cropped-www.diarioprincipios.com_-1.png","contentUrl":"https:\/\/diarioprincipios.com\/wp-content\/uploads\/2024\/04\/cropped-www.diarioprincipios.com_-1.png","width":5325,"height":1454,"caption":"Principios"},"image":{"@id":"https:\/\/diarioprincipios.com\/#\/schema\/logo\/image\/"}},{"@type":"Person","@id":"https:\/\/diarioprincipios.com\/#\/schema\/person\/436d5a1fd41a5e250e23ff5a6a7cb080","name":"Hern\u00e1n L\u00f3pez","image":{"@type":"ImageObject","inLanguage":"es","@id":"https:\/\/diarioprincipios.com\/wp-content\/litespeed\/avatar\/11ddfe5610ff3bd100522525b2571f48.jpg?ver=1777048341","url":"https:\/\/diarioprincipios.com\/wp-content\/litespeed\/avatar\/11ddfe5610ff3bd100522525b2571f48.jpg?ver=1777048341","contentUrl":"https:\/\/diarioprincipios.com\/wp-content\/litespeed\/avatar\/11ddfe5610ff3bd100522525b2571f48.jpg?ver=1777048341","caption":"Hern\u00e1n L\u00f3pez"},"url":"https:\/\/diarioprincipios.com\/index.php\/author\/hernan\/"}]}},"jetpack_featured_media_url":"https:\/\/diarioprincipios.com\/wp-content\/uploads\/2020\/03\/IMG-20200311-WA0024.jpg","_links":{"self":[{"href":"https:\/\/diarioprincipios.com\/index.php\/wp-json\/wp\/v2\/posts\/306","targetHints":{"allow":["GET"]}}],"collection":[{"href":"https:\/\/diarioprincipios.com\/index.php\/wp-json\/wp\/v2\/posts"}],"about":[{"href":"https:\/\/diarioprincipios.com\/index.php\/wp-json\/wp\/v2\/types\/post"}],"author":[{"embeddable":true,"href":"https:\/\/diarioprincipios.com\/index.php\/wp-json\/wp\/v2\/users\/2"}],"replies":[{"embeddable":true,"href":"https:\/\/diarioprincipios.com\/index.php\/wp-json\/wp\/v2\/comments?post=306"}],"version-history":[{"count":1,"href":"https:\/\/diarioprincipios.com\/index.php\/wp-json\/wp\/v2\/posts\/306\/revisions"}],"predecessor-version":[{"id":308,"href":"https:\/\/diarioprincipios.com\/index.php\/wp-json\/wp\/v2\/posts\/306\/revisions\/308"}],"wp:featuredmedia":[{"embeddable":true,"href":"https:\/\/diarioprincipios.com\/index.php\/wp-json\/wp\/v2\/media\/282"}],"wp:attachment":[{"href":"https:\/\/diarioprincipios.com\/index.php\/wp-json\/wp\/v2\/media?parent=306"}],"wp:term":[{"taxonomy":"category","embeddable":true,"href":"https:\/\/diarioprincipios.com\/index.php\/wp-json\/wp\/v2\/categories?post=306"},{"taxonomy":"post_tag","embeddable":true,"href":"https:\/\/diarioprincipios.com\/index.php\/wp-json\/wp\/v2\/tags?post=306"}],"curies":[{"name":"wp","href":"https:\/\/api.w.org\/{rel}","templated":true}]}}