{"id":3040,"date":"2020-06-18T12:44:52","date_gmt":"2020-06-18T15:44:52","guid":{"rendered":"http:\/\/diarioprincipios.com\/?p=3040"},"modified":"2020-06-18T12:44:56","modified_gmt":"2020-06-18T15:44:56","slug":"trabajadores-despedidos-del-frigorifico-penta-protestan-en-un-acceso-al-puente-pueyrredon","status":"publish","type":"post","link":"https:\/\/diarioprincipios.com\/index.php\/2020\/06\/18\/trabajadores-despedidos-del-frigorifico-penta-protestan-en-un-acceso-al-puente-pueyrredon\/","title":{"rendered":"Trabajadores despedidos del Frigor\u00edfico Penta protestan en un acceso al Puente Pueyrred\u00f3n"},"content":{"rendered":"\n<p>Trabajadores despedidos del Frigor\u00edfico Penta, ubicado en la localidad bonaerense de Quilmes, protestaban este mediod\u00eda en uno de los accesos al Puente Pueyrred\u00f3n, en Avellaneda, en reclamo de la reincorporaci\u00f3n de 240 cesanteados, en el contexto de un conflicto que lleva m\u00e1s de tres meses.<\/p>\n\n\n\n<p>Acompa\u00f1ados por dirigentes y militantes partidos de izquierda, los trabajadores se concentraron desde las 10 en la Plaza Alsina y se trasladaron por la Avenida Mitre hacia una de las subidas al puente, donde fueron detenidos en su marcha por un ret\u00e9n de la Polic\u00eda local y la Prefectura.<\/p>\n\n\n\n<p>\u00abSe reclama por la reapertura del frigor\u00edfico, reincorporaci\u00f3n de los despedidos, pago de salarios ca\u00eddos y reconocimiento de la organizaci\u00f3n gremial\u00bb, dijo a la prensa el delegado gremial Angel Mileo.<\/p>\n\n\n\n<p>Adem\u00e1s, Mileo sostuvo que \u00abla asamblea de base exige la expropiaci\u00f3n de la planta como un acto de reparaci\u00f3n y de justicia para los trabajadores, lo que beneficiar\u00eda adem\u00e1s a los vecinos de los barrios populares que son tan solidarios con nuestra lucha\u00bb.<\/p>\n\n\n\n<p>Por otro lado, se\u00f1alaron que si bien ten\u00edan expectativas por una reuni\u00f3n convocada para ayer en el Ministerio de Trabajo provincial, finalmente \u00abno se present\u00f3 ning\u00fan representante de la empresa\u00bb.<\/p>\n","protected":false},"excerpt":{"rendered":"<p>Trabajadores despedidos del Frigor\u00edfico Penta, ubicado en la localidad bonaerense de Quilmes, protestaban este mediod\u00eda en uno de los accesos al Puente Pueyrred\u00f3n, en Avellaneda, en reclamo de la reincorporaci\u00f3n de 240 cesanteados, en el contexto de un conflicto que lleva m\u00e1s de tres meses. Acompa\u00f1ados por dirigentes y militantes partidos de izquierda, los trabajadores&#8230;<\/p>\n","protected":false},"author":2,"featured_media":3041,"comment_status":"open","ping_status":"open","sticky":false,"template":"","format":"standard","meta":{"footnotes":""},"categories":[4],"tags":[],"class_list":["post-3040","post","type-post","status-publish","format-standard","has-post-thumbnail","hentry","category-quilmes"],"featured_image_src":"https:\/\/diarioprincipios.com\/wp-content\/uploads\/2020\/06\/descarga-7.jpeg","blog_images":{"medium":"https:\/\/diarioprincipios.com\/wp-content\/uploads\/2020\/06\/descarga-7.jpeg","large":"https:\/\/diarioprincipios.com\/wp-content\/uploads\/2020\/06\/descarga-7.jpeg"},"ams_acf":[],"yoast_head":"<!-- This site is optimized with the Yoast SEO plugin v27.3 - https:\/\/yoast.com\/product\/yoast-seo-wordpress\/ -->\n<title>Trabajadores despedidos del Frigor\u00edfico Penta protestan en un acceso al Puente Pueyrred\u00f3n - Principios<\/title>\n<meta name=\"robots\" content=\"index, follow, max-snippet:-1, max-image-preview:large, max-video-preview:-1\" \/>\n<link rel=\"canonical\" href=\"https:\/\/diarioprincipios.com\/index.php\/2020\/06\/18\/trabajadores-despedidos-del-frigorifico-penta-protestan-en-un-acceso-al-puente-pueyrredon\/\" \/>\n<meta property=\"og:locale\" content=\"es_ES\" \/>\n<meta property=\"og:type\" content=\"article\" \/>\n<meta property=\"og:title\" content=\"Trabajadores despedidos del Frigor\u00edfico Penta protestan en un acceso al Puente Pueyrred\u00f3n - Principios\" \/>\n<meta property=\"og:description\" content=\"Trabajadores despedidos del Frigor\u00edfico Penta, ubicado en la localidad bonaerense de Quilmes, protestaban este mediod\u00eda en uno de los accesos al Puente Pueyrred\u00f3n, en Avellaneda, en reclamo de la reincorporaci\u00f3n de 240 cesanteados, en el contexto de un conflicto que lleva m\u00e1s de tres meses. Acompa\u00f1ados por dirigentes y militantes partidos de izquierda, los trabajadores...\" \/>\n<meta property=\"og:url\" content=\"https:\/\/diarioprincipios.com\/index.php\/2020\/06\/18\/trabajadores-despedidos-del-frigorifico-penta-protestan-en-un-acceso-al-puente-pueyrredon\/\" \/>\n<meta property=\"og:site_name\" content=\"Principios\" \/>\n<meta property=\"article:published_time\" content=\"2020-06-18T15:44:52+00:00\" \/>\n<meta property=\"article:modified_time\" content=\"2020-06-18T15:44:56+00:00\" \/>\n<meta property=\"og:image\" content=\"https:\/\/diarioprincipios.com\/wp-content\/uploads\/2020\/06\/descarga-7.jpeg\" \/>\n\t<meta property=\"og:image:width\" content=\"297\" \/>\n\t<meta property=\"og:image:height\" content=\"170\" \/>\n\t<meta property=\"og:image:type\" content=\"image\/jpeg\" \/>\n<meta name=\"author\" content=\"Hern\u00e1n L\u00f3pez\" \/>\n<meta name=\"twitter:card\" content=\"summary_large_image\" \/>\n<meta name=\"twitter:label1\" content=\"Escrito por\" \/>\n\t<meta name=\"twitter:data1\" content=\"Hern\u00e1n L\u00f3pez\" \/>\n\t<meta name=\"twitter:label2\" content=\"Tiempo de lectura\" \/>\n\t<meta name=\"twitter:data2\" content=\"1 minuto\" \/>\n<script type=\"application\/ld+json\" class=\"yoast-schema-graph\">{\"@context\":\"https:\\\/\\\/schema.org\",\"@graph\":[{\"@type\":\"Article\",\"@id\":\"https:\\\/\\\/diarioprincipios.com\\\/index.php\\\/2020\\\/06\\\/18\\\/trabajadores-despedidos-del-frigorifico-penta-protestan-en-un-acceso-al-puente-pueyrredon\\\/#article\",\"isPartOf\":{\"@id\":\"https:\\\/\\\/diarioprincipios.com\\\/index.php\\\/2020\\\/06\\\/18\\\/trabajadores-despedidos-del-frigorifico-penta-protestan-en-un-acceso-al-puente-pueyrredon\\\/\"},\"author\":{\"name\":\"Hern\u00e1n L\u00f3pez\",\"@id\":\"https:\\\/\\\/diarioprincipios.com\\\/#\\\/schema\\\/person\\\/436d5a1fd41a5e250e23ff5a6a7cb080\"},\"headline\":\"Trabajadores despedidos del Frigor\u00edfico Penta protestan en un acceso al Puente Pueyrred\u00f3n\",\"datePublished\":\"2020-06-18T15:44:52+00:00\",\"dateModified\":\"2020-06-18T15:44:56+00:00\",\"mainEntityOfPage\":{\"@id\":\"https:\\\/\\\/diarioprincipios.com\\\/index.php\\\/2020\\\/06\\\/18\\\/trabajadores-despedidos-del-frigorifico-penta-protestan-en-un-acceso-al-puente-pueyrredon\\\/\"},\"wordCount\":230,\"commentCount\":0,\"publisher\":{\"@id\":\"https:\\\/\\\/diarioprincipios.com\\\/#organization\"},\"image\":{\"@id\":\"https:\\\/\\\/diarioprincipios.com\\\/index.php\\\/2020\\\/06\\\/18\\\/trabajadores-despedidos-del-frigorifico-penta-protestan-en-un-acceso-al-puente-pueyrredon\\\/#primaryimage\"},\"thumbnailUrl\":\"https:\\\/\\\/diarioprincipios.com\\\/wp-content\\\/uploads\\\/2020\\\/06\\\/descarga-7.jpeg\",\"articleSection\":[\"Quilmes\"],\"inLanguage\":\"es\",\"potentialAction\":[{\"@type\":\"CommentAction\",\"name\":\"Comment\",\"target\":[\"https:\\\/\\\/diarioprincipios.com\\\/index.php\\\/2020\\\/06\\\/18\\\/trabajadores-despedidos-del-frigorifico-penta-protestan-en-un-acceso-al-puente-pueyrredon\\\/#respond\"]}]},{\"@type\":\"WebPage\",\"@id\":\"https:\\\/\\\/diarioprincipios.com\\\/index.php\\\/2020\\\/06\\\/18\\\/trabajadores-despedidos-del-frigorifico-penta-protestan-en-un-acceso-al-puente-pueyrredon\\\/\",\"url\":\"https:\\\/\\\/diarioprincipios.com\\\/index.php\\\/2020\\\/06\\\/18\\\/trabajadores-despedidos-del-frigorifico-penta-protestan-en-un-acceso-al-puente-pueyrredon\\\/\",\"name\":\"Trabajadores despedidos del Frigor\u00edfico Penta protestan en un acceso al Puente Pueyrred\u00f3n - Principios\",\"isPartOf\":{\"@id\":\"https:\\\/\\\/diarioprincipios.com\\\/#website\"},\"primaryImageOfPage\":{\"@id\":\"https:\\\/\\\/diarioprincipios.com\\\/index.php\\\/2020\\\/06\\\/18\\\/trabajadores-despedidos-del-frigorifico-penta-protestan-en-un-acceso-al-puente-pueyrredon\\\/#primaryimage\"},\"image\":{\"@id\":\"https:\\\/\\\/diarioprincipios.com\\\/index.php\\\/2020\\\/06\\\/18\\\/trabajadores-despedidos-del-frigorifico-penta-protestan-en-un-acceso-al-puente-pueyrredon\\\/#primaryimage\"},\"thumbnailUrl\":\"https:\\\/\\\/diarioprincipios.com\\\/wp-content\\\/uploads\\\/2020\\\/06\\\/descarga-7.jpeg\",\"datePublished\":\"2020-06-18T15:44:52+00:00\",\"dateModified\":\"2020-06-18T15:44:56+00:00\",\"breadcrumb\":{\"@id\":\"https:\\\/\\\/diarioprincipios.com\\\/index.php\\\/2020\\\/06\\\/18\\\/trabajadores-despedidos-del-frigorifico-penta-protestan-en-un-acceso-al-puente-pueyrredon\\\/#breadcrumb\"},\"inLanguage\":\"es\",\"potentialAction\":[{\"@type\":\"ReadAction\",\"target\":[\"https:\\\/\\\/diarioprincipios.com\\\/index.php\\\/2020\\\/06\\\/18\\\/trabajadores-despedidos-del-frigorifico-penta-protestan-en-un-acceso-al-puente-pueyrredon\\\/\"]}]},{\"@type\":\"ImageObject\",\"inLanguage\":\"es\",\"@id\":\"https:\\\/\\\/diarioprincipios.com\\\/index.php\\\/2020\\\/06\\\/18\\\/trabajadores-despedidos-del-frigorifico-penta-protestan-en-un-acceso-al-puente-pueyrredon\\\/#primaryimage\",\"url\":\"https:\\\/\\\/diarioprincipios.com\\\/wp-content\\\/uploads\\\/2020\\\/06\\\/descarga-7.jpeg\",\"contentUrl\":\"https:\\\/\\\/diarioprincipios.com\\\/wp-content\\\/uploads\\\/2020\\\/06\\\/descarga-7.jpeg\",\"width\":297,\"height\":170},{\"@type\":\"BreadcrumbList\",\"@id\":\"https:\\\/\\\/diarioprincipios.com\\\/index.php\\\/2020\\\/06\\\/18\\\/trabajadores-despedidos-del-frigorifico-penta-protestan-en-un-acceso-al-puente-pueyrredon\\\/#breadcrumb\",\"itemListElement\":[{\"@type\":\"ListItem\",\"position\":1,\"name\":\"Portada\",\"item\":\"https:\\\/\\\/diarioprincipios.com\\\/\"},{\"@type\":\"ListItem\",\"position\":2,\"name\":\"Trabajadores despedidos del Frigor\u00edfico Penta protestan en un acceso al Puente Pueyrred\u00f3n\"}]},{\"@type\":\"WebSite\",\"@id\":\"https:\\\/\\\/diarioprincipios.com\\\/#website\",\"url\":\"https:\\\/\\\/diarioprincipios.com\\\/\",\"name\":\"Principios\",\"description\":\"Principios Diario\",\"publisher\":{\"@id\":\"https:\\\/\\\/diarioprincipios.com\\\/#organization\"},\"potentialAction\":[{\"@type\":\"SearchAction\",\"target\":{\"@type\":\"EntryPoint\",\"urlTemplate\":\"https:\\\/\\\/diarioprincipios.com\\\/?s={search_term_string}\"},\"query-input\":{\"@type\":\"PropertyValueSpecification\",\"valueRequired\":true,\"valueName\":\"search_term_string\"}}],\"inLanguage\":\"es\"},{\"@type\":\"Organization\",\"@id\":\"https:\\\/\\\/diarioprincipios.com\\\/#organization\",\"name\":\"Principios\",\"url\":\"https:\\\/\\\/diarioprincipios.com\\\/\",\"logo\":{\"@type\":\"ImageObject\",\"inLanguage\":\"es\",\"@id\":\"https:\\\/\\\/diarioprincipios.com\\\/#\\\/schema\\\/logo\\\/image\\\/\",\"url\":\"https:\\\/\\\/diarioprincipios.com\\\/wp-content\\\/uploads\\\/2024\\\/04\\\/cropped-www.diarioprincipios.com_-1.png\",\"contentUrl\":\"https:\\\/\\\/diarioprincipios.com\\\/wp-content\\\/uploads\\\/2024\\\/04\\\/cropped-www.diarioprincipios.com_-1.png\",\"width\":5325,\"height\":1454,\"caption\":\"Principios\"},\"image\":{\"@id\":\"https:\\\/\\\/diarioprincipios.com\\\/#\\\/schema\\\/logo\\\/image\\\/\"}},{\"@type\":\"Person\",\"@id\":\"https:\\\/\\\/diarioprincipios.com\\\/#\\\/schema\\\/person\\\/436d5a1fd41a5e250e23ff5a6a7cb080\",\"name\":\"Hern\u00e1n L\u00f3pez\",\"image\":{\"@type\":\"ImageObject\",\"inLanguage\":\"es\",\"@id\":\"https:\\\/\\\/diarioprincipios.com\\\/wp-content\\\/litespeed\\\/avatar\\\/11ddfe5610ff3bd100522525b2571f48.jpg?ver=1777653193\",\"url\":\"https:\\\/\\\/diarioprincipios.com\\\/wp-content\\\/litespeed\\\/avatar\\\/11ddfe5610ff3bd100522525b2571f48.jpg?ver=1777653193\",\"contentUrl\":\"https:\\\/\\\/diarioprincipios.com\\\/wp-content\\\/litespeed\\\/avatar\\\/11ddfe5610ff3bd100522525b2571f48.jpg?ver=1777653193\",\"caption\":\"Hern\u00e1n L\u00f3pez\"},\"url\":\"https:\\\/\\\/diarioprincipios.com\\\/index.php\\\/author\\\/hernan\\\/\"}]}<\/script>\n<!-- \/ Yoast SEO plugin. -->","yoast_head_json":{"title":"Trabajadores despedidos del Frigor\u00edfico Penta protestan en un acceso al Puente Pueyrred\u00f3n - Principios","robots":{"index":"index","follow":"follow","max-snippet":"max-snippet:-1","max-image-preview":"max-image-preview:large","max-video-preview":"max-video-preview:-1"},"canonical":"https:\/\/diarioprincipios.com\/index.php\/2020\/06\/18\/trabajadores-despedidos-del-frigorifico-penta-protestan-en-un-acceso-al-puente-pueyrredon\/","og_locale":"es_ES","og_type":"article","og_title":"Trabajadores despedidos del Frigor\u00edfico Penta protestan en un acceso al Puente Pueyrred\u00f3n - Principios","og_description":"Trabajadores despedidos del Frigor\u00edfico Penta, ubicado en la localidad bonaerense de Quilmes, protestaban este mediod\u00eda en uno de los accesos al Puente Pueyrred\u00f3n, en Avellaneda, en reclamo de la reincorporaci\u00f3n de 240 cesanteados, en el contexto de un conflicto que lleva m\u00e1s de tres meses. Acompa\u00f1ados por dirigentes y militantes partidos de izquierda, los trabajadores...","og_url":"https:\/\/diarioprincipios.com\/index.php\/2020\/06\/18\/trabajadores-despedidos-del-frigorifico-penta-protestan-en-un-acceso-al-puente-pueyrredon\/","og_site_name":"Principios","article_published_time":"2020-06-18T15:44:52+00:00","article_modified_time":"2020-06-18T15:44:56+00:00","og_image":[{"width":297,"height":170,"url":"https:\/\/diarioprincipios.com\/wp-content\/uploads\/2020\/06\/descarga-7.jpeg","type":"image\/jpeg"}],"author":"Hern\u00e1n L\u00f3pez","twitter_card":"summary_large_image","twitter_misc":{"Escrito por":"Hern\u00e1n L\u00f3pez","Tiempo de lectura":"1 minuto"},"schema":{"@context":"https:\/\/schema.org","@graph":[{"@type":"Article","@id":"https:\/\/diarioprincipios.com\/index.php\/2020\/06\/18\/trabajadores-despedidos-del-frigorifico-penta-protestan-en-un-acceso-al-puente-pueyrredon\/#article","isPartOf":{"@id":"https:\/\/diarioprincipios.com\/index.php\/2020\/06\/18\/trabajadores-despedidos-del-frigorifico-penta-protestan-en-un-acceso-al-puente-pueyrredon\/"},"author":{"name":"Hern\u00e1n L\u00f3pez","@id":"https:\/\/diarioprincipios.com\/#\/schema\/person\/436d5a1fd41a5e250e23ff5a6a7cb080"},"headline":"Trabajadores despedidos del Frigor\u00edfico Penta protestan en un acceso al Puente Pueyrred\u00f3n","datePublished":"2020-06-18T15:44:52+00:00","dateModified":"2020-06-18T15:44:56+00:00","mainEntityOfPage":{"@id":"https:\/\/diarioprincipios.com\/index.php\/2020\/06\/18\/trabajadores-despedidos-del-frigorifico-penta-protestan-en-un-acceso-al-puente-pueyrredon\/"},"wordCount":230,"commentCount":0,"publisher":{"@id":"https:\/\/diarioprincipios.com\/#organization"},"image":{"@id":"https:\/\/diarioprincipios.com\/index.php\/2020\/06\/18\/trabajadores-despedidos-del-frigorifico-penta-protestan-en-un-acceso-al-puente-pueyrredon\/#primaryimage"},"thumbnailUrl":"https:\/\/diarioprincipios.com\/wp-content\/uploads\/2020\/06\/descarga-7.jpeg","articleSection":["Quilmes"],"inLanguage":"es","potentialAction":[{"@type":"CommentAction","name":"Comment","target":["https:\/\/diarioprincipios.com\/index.php\/2020\/06\/18\/trabajadores-despedidos-del-frigorifico-penta-protestan-en-un-acceso-al-puente-pueyrredon\/#respond"]}]},{"@type":"WebPage","@id":"https:\/\/diarioprincipios.com\/index.php\/2020\/06\/18\/trabajadores-despedidos-del-frigorifico-penta-protestan-en-un-acceso-al-puente-pueyrredon\/","url":"https:\/\/diarioprincipios.com\/index.php\/2020\/06\/18\/trabajadores-despedidos-del-frigorifico-penta-protestan-en-un-acceso-al-puente-pueyrredon\/","name":"Trabajadores despedidos del Frigor\u00edfico Penta protestan en un acceso al Puente Pueyrred\u00f3n - Principios","isPartOf":{"@id":"https:\/\/diarioprincipios.com\/#website"},"primaryImageOfPage":{"@id":"https:\/\/diarioprincipios.com\/index.php\/2020\/06\/18\/trabajadores-despedidos-del-frigorifico-penta-protestan-en-un-acceso-al-puente-pueyrredon\/#primaryimage"},"image":{"@id":"https:\/\/diarioprincipios.com\/index.php\/2020\/06\/18\/trabajadores-despedidos-del-frigorifico-penta-protestan-en-un-acceso-al-puente-pueyrredon\/#primaryimage"},"thumbnailUrl":"https:\/\/diarioprincipios.com\/wp-content\/uploads\/2020\/06\/descarga-7.jpeg","datePublished":"2020-06-18T15:44:52+00:00","dateModified":"2020-06-18T15:44:56+00:00","breadcrumb":{"@id":"https:\/\/diarioprincipios.com\/index.php\/2020\/06\/18\/trabajadores-despedidos-del-frigorifico-penta-protestan-en-un-acceso-al-puente-pueyrredon\/#breadcrumb"},"inLanguage":"es","potentialAction":[{"@type":"ReadAction","target":["https:\/\/diarioprincipios.com\/index.php\/2020\/06\/18\/trabajadores-despedidos-del-frigorifico-penta-protestan-en-un-acceso-al-puente-pueyrredon\/"]}]},{"@type":"ImageObject","inLanguage":"es","@id":"https:\/\/diarioprincipios.com\/index.php\/2020\/06\/18\/trabajadores-despedidos-del-frigorifico-penta-protestan-en-un-acceso-al-puente-pueyrredon\/#primaryimage","url":"https:\/\/diarioprincipios.com\/wp-content\/uploads\/2020\/06\/descarga-7.jpeg","contentUrl":"https:\/\/diarioprincipios.com\/wp-content\/uploads\/2020\/06\/descarga-7.jpeg","width":297,"height":170},{"@type":"BreadcrumbList","@id":"https:\/\/diarioprincipios.com\/index.php\/2020\/06\/18\/trabajadores-despedidos-del-frigorifico-penta-protestan-en-un-acceso-al-puente-pueyrredon\/#breadcrumb","itemListElement":[{"@type":"ListItem","position":1,"name":"Portada","item":"https:\/\/diarioprincipios.com\/"},{"@type":"ListItem","position":2,"name":"Trabajadores despedidos del Frigor\u00edfico Penta protestan en un acceso al Puente Pueyrred\u00f3n"}]},{"@type":"WebSite","@id":"https:\/\/diarioprincipios.com\/#website","url":"https:\/\/diarioprincipios.com\/","name":"Principios","description":"Principios Diario","publisher":{"@id":"https:\/\/diarioprincipios.com\/#organization"},"potentialAction":[{"@type":"SearchAction","target":{"@type":"EntryPoint","urlTemplate":"https:\/\/diarioprincipios.com\/?s={search_term_string}"},"query-input":{"@type":"PropertyValueSpecification","valueRequired":true,"valueName":"search_term_string"}}],"inLanguage":"es"},{"@type":"Organization","@id":"https:\/\/diarioprincipios.com\/#organization","name":"Principios","url":"https:\/\/diarioprincipios.com\/","logo":{"@type":"ImageObject","inLanguage":"es","@id":"https:\/\/diarioprincipios.com\/#\/schema\/logo\/image\/","url":"https:\/\/diarioprincipios.com\/wp-content\/uploads\/2024\/04\/cropped-www.diarioprincipios.com_-1.png","contentUrl":"https:\/\/diarioprincipios.com\/wp-content\/uploads\/2024\/04\/cropped-www.diarioprincipios.com_-1.png","width":5325,"height":1454,"caption":"Principios"},"image":{"@id":"https:\/\/diarioprincipios.com\/#\/schema\/logo\/image\/"}},{"@type":"Person","@id":"https:\/\/diarioprincipios.com\/#\/schema\/person\/436d5a1fd41a5e250e23ff5a6a7cb080","name":"Hern\u00e1n L\u00f3pez","image":{"@type":"ImageObject","inLanguage":"es","@id":"https:\/\/diarioprincipios.com\/wp-content\/litespeed\/avatar\/11ddfe5610ff3bd100522525b2571f48.jpg?ver=1777653193","url":"https:\/\/diarioprincipios.com\/wp-content\/litespeed\/avatar\/11ddfe5610ff3bd100522525b2571f48.jpg?ver=1777653193","contentUrl":"https:\/\/diarioprincipios.com\/wp-content\/litespeed\/avatar\/11ddfe5610ff3bd100522525b2571f48.jpg?ver=1777653193","caption":"Hern\u00e1n L\u00f3pez"},"url":"https:\/\/diarioprincipios.com\/index.php\/author\/hernan\/"}]}},"jetpack_featured_media_url":"https:\/\/diarioprincipios.com\/wp-content\/uploads\/2020\/06\/descarga-7.jpeg","_links":{"self":[{"href":"https:\/\/diarioprincipios.com\/index.php\/wp-json\/wp\/v2\/posts\/3040","targetHints":{"allow":["GET"]}}],"collection":[{"href":"https:\/\/diarioprincipios.com\/index.php\/wp-json\/wp\/v2\/posts"}],"about":[{"href":"https:\/\/diarioprincipios.com\/index.php\/wp-json\/wp\/v2\/types\/post"}],"author":[{"embeddable":true,"href":"https:\/\/diarioprincipios.com\/index.php\/wp-json\/wp\/v2\/users\/2"}],"replies":[{"embeddable":true,"href":"https:\/\/diarioprincipios.com\/index.php\/wp-json\/wp\/v2\/comments?post=3040"}],"version-history":[{"count":1,"href":"https:\/\/diarioprincipios.com\/index.php\/wp-json\/wp\/v2\/posts\/3040\/revisions"}],"predecessor-version":[{"id":3042,"href":"https:\/\/diarioprincipios.com\/index.php\/wp-json\/wp\/v2\/posts\/3040\/revisions\/3042"}],"wp:featuredmedia":[{"embeddable":true,"href":"https:\/\/diarioprincipios.com\/index.php\/wp-json\/wp\/v2\/media\/3041"}],"wp:attachment":[{"href":"https:\/\/diarioprincipios.com\/index.php\/wp-json\/wp\/v2\/media?parent=3040"}],"wp:term":[{"taxonomy":"category","embeddable":true,"href":"https:\/\/diarioprincipios.com\/index.php\/wp-json\/wp\/v2\/categories?post=3040"},{"taxonomy":"post_tag","embeddable":true,"href":"https:\/\/diarioprincipios.com\/index.php\/wp-json\/wp\/v2\/tags?post=3040"}],"curies":[{"name":"wp","href":"https:\/\/api.w.org\/{rel}","templated":true}]}}