{"id":3007,"date":"2020-06-17T12:17:01","date_gmt":"2020-06-17T15:17:01","guid":{"rendered":"http:\/\/diarioprincipios.com\/?p=3007"},"modified":"2020-06-17T12:17:06","modified_gmt":"2020-06-17T15:17:06","slug":"los-casos-de-coronavirus-a-nivel-global-superaron-los-8-millones-segun-la-oms","status":"publish","type":"post","link":"https:\/\/diarioprincipios.com\/index.php\/2020\/06\/17\/los-casos-de-coronavirus-a-nivel-global-superaron-los-8-millones-segun-la-oms\/","title":{"rendered":"Los casos de coronavirus a nivel global superaron los 8 millones, seg\u00fan la OMS"},"content":{"rendered":"\n<p>La pandemia de coronavirus ya caus\u00f3 m\u00e1s de 8 millones de contagios a nivel global, seg\u00fan el \u00faltimo balance de la Organizaci\u00f3n Mundial de la Salud (OMS).<\/p>\n\n\n\n<p>El informe del organismo de la ONU precisa que ya son 8.043.487 los contagios confirmados y 439.487 los fallecimientos por el brote detectado en la ciudad china de Wuhan, en diciembre de 2019.<\/p>\n\n\n\n<p>Am\u00e9rica es actualmente el continente m\u00e1s afectado, con 3.899.859 casos, seguido por Europa que llega a 2.434.184; el Mediterr\u00e1neo oriental, con 817.458; el sudeste asi\u00e1tico, 503.034; el Pac\u00edfico oeste, 200.586; y por \u00faltimo \u00c1frica, 187.625.<\/p>\n\n\n\n<p>En tanto, el ranking de pa\u00edses golpeados por el brote es encabezado por Estados Unidos, con 2.098.106 contagios y 115.484 muertes, seguido de Brasil que tiene 888.271 y 43.332, respectivamente y Rusia, con 545.458 contagios y 7.284 fallecimientos.<\/p>\n\n\n\n<p>En Am\u00e9rica Latina, los pa\u00edses m\u00e1s afectados despu\u00e9s de Brasil son Per\u00fa, con 232.992 casos y 6.688 muertes, Chile con 184.449 y 3.3672, respectivamente y M\u00e9xico donde estos \u00edtem suman 146.837 y 17.141.<\/p>\n\n\n\n<p>En tanto, crece la preocupaci\u00f3n mundial sobre un posible rebrote en pa\u00edses en los que la situaci\u00f3n parec\u00eda controlada, como China, Nueva Zelanda, e Ir\u00e1n, India y varios estados de Estados Unidos.<\/p>\n","protected":false},"excerpt":{"rendered":"<p>La pandemia de coronavirus ya caus\u00f3 m\u00e1s de 8 millones de contagios a nivel global, seg\u00fan el \u00faltimo balance de la Organizaci\u00f3n Mundial de la Salud (OMS). El informe del organismo de la ONU precisa que ya son 8.043.487 los contagios confirmados y 439.487 los fallecimientos por el brote detectado en la ciudad china de&#8230;<\/p>\n","protected":false},"author":2,"featured_media":2895,"comment_status":"open","ping_status":"open","sticky":false,"template":"","format":"standard","meta":{"footnotes":""},"categories":[1],"tags":[],"class_list":["post-3007","post","type-post","status-publish","format-standard","has-post-thumbnail","hentry","category-uncategorized"],"featured_image_src":"https:\/\/diarioprincipios.com\/wp-content\/uploads\/2020\/06\/coronavirusweb-1024x819.jpg","blog_images":{"medium":"https:\/\/diarioprincipios.com\/wp-content\/uploads\/2020\/06\/coronavirusweb-300x240.jpg","large":"https:\/\/diarioprincipios.com\/wp-content\/uploads\/2020\/06\/coronavirusweb-1024x819.jpg"},"ams_acf":[],"yoast_head":"<!-- This site is optimized with the Yoast SEO plugin v27.3 - https:\/\/yoast.com\/product\/yoast-seo-wordpress\/ -->\n<title>Los casos de coronavirus a nivel global superaron los 8 millones, seg\u00fan la OMS - Principios<\/title>\n<meta name=\"robots\" content=\"index, follow, max-snippet:-1, max-image-preview:large, max-video-preview:-1\" \/>\n<link rel=\"canonical\" href=\"https:\/\/diarioprincipios.com\/index.php\/2020\/06\/17\/los-casos-de-coronavirus-a-nivel-global-superaron-los-8-millones-segun-la-oms\/\" \/>\n<meta property=\"og:locale\" content=\"es_ES\" \/>\n<meta property=\"og:type\" content=\"article\" \/>\n<meta property=\"og:title\" content=\"Los casos de coronavirus a nivel global superaron los 8 millones, seg\u00fan la OMS - Principios\" \/>\n<meta property=\"og:description\" content=\"La pandemia de coronavirus ya caus\u00f3 m\u00e1s de 8 millones de contagios a nivel global, seg\u00fan el \u00faltimo balance de la Organizaci\u00f3n Mundial de la Salud (OMS). El informe del organismo de la ONU precisa que ya son 8.043.487 los contagios confirmados y 439.487 los fallecimientos por el brote detectado en la ciudad china de...\" \/>\n<meta property=\"og:url\" content=\"https:\/\/diarioprincipios.com\/index.php\/2020\/06\/17\/los-casos-de-coronavirus-a-nivel-global-superaron-los-8-millones-segun-la-oms\/\" \/>\n<meta property=\"og:site_name\" content=\"Principios\" \/>\n<meta property=\"article:published_time\" content=\"2020-06-17T15:17:01+00:00\" \/>\n<meta property=\"article:modified_time\" content=\"2020-06-17T15:17:06+00:00\" \/>\n<meta property=\"og:image\" content=\"https:\/\/diarioprincipios.com\/wp-content\/uploads\/2020\/06\/coronavirusweb.jpg\" \/>\n\t<meta property=\"og:image:width\" content=\"1280\" \/>\n\t<meta property=\"og:image:height\" content=\"1024\" \/>\n\t<meta property=\"og:image:type\" content=\"image\/jpeg\" \/>\n<meta name=\"author\" content=\"Hern\u00e1n L\u00f3pez\" \/>\n<meta name=\"twitter:card\" content=\"summary_large_image\" \/>\n<meta name=\"twitter:label1\" content=\"Escrito por\" \/>\n\t<meta name=\"twitter:data1\" content=\"Hern\u00e1n L\u00f3pez\" \/>\n\t<meta name=\"twitter:label2\" content=\"Tiempo de lectura\" \/>\n\t<meta name=\"twitter:data2\" content=\"1 minuto\" \/>\n<script type=\"application\/ld+json\" class=\"yoast-schema-graph\">{\"@context\":\"https:\\\/\\\/schema.org\",\"@graph\":[{\"@type\":\"Article\",\"@id\":\"https:\\\/\\\/diarioprincipios.com\\\/index.php\\\/2020\\\/06\\\/17\\\/los-casos-de-coronavirus-a-nivel-global-superaron-los-8-millones-segun-la-oms\\\/#article\",\"isPartOf\":{\"@id\":\"https:\\\/\\\/diarioprincipios.com\\\/index.php\\\/2020\\\/06\\\/17\\\/los-casos-de-coronavirus-a-nivel-global-superaron-los-8-millones-segun-la-oms\\\/\"},\"author\":{\"name\":\"Hern\u00e1n L\u00f3pez\",\"@id\":\"https:\\\/\\\/diarioprincipios.com\\\/#\\\/schema\\\/person\\\/436d5a1fd41a5e250e23ff5a6a7cb080\"},\"headline\":\"Los casos de coronavirus a nivel global superaron los 8 millones, seg\u00fan la OMS\",\"datePublished\":\"2020-06-17T15:17:01+00:00\",\"dateModified\":\"2020-06-17T15:17:06+00:00\",\"mainEntityOfPage\":{\"@id\":\"https:\\\/\\\/diarioprincipios.com\\\/index.php\\\/2020\\\/06\\\/17\\\/los-casos-de-coronavirus-a-nivel-global-superaron-los-8-millones-segun-la-oms\\\/\"},\"wordCount\":209,\"commentCount\":0,\"publisher\":{\"@id\":\"https:\\\/\\\/diarioprincipios.com\\\/#organization\"},\"image\":{\"@id\":\"https:\\\/\\\/diarioprincipios.com\\\/index.php\\\/2020\\\/06\\\/17\\\/los-casos-de-coronavirus-a-nivel-global-superaron-los-8-millones-segun-la-oms\\\/#primaryimage\"},\"thumbnailUrl\":\"https:\\\/\\\/diarioprincipios.com\\\/wp-content\\\/uploads\\\/2020\\\/06\\\/coronavirusweb.jpg\",\"articleSection\":[\"Uncategorized\"],\"inLanguage\":\"es\",\"potentialAction\":[{\"@type\":\"CommentAction\",\"name\":\"Comment\",\"target\":[\"https:\\\/\\\/diarioprincipios.com\\\/index.php\\\/2020\\\/06\\\/17\\\/los-casos-de-coronavirus-a-nivel-global-superaron-los-8-millones-segun-la-oms\\\/#respond\"]}]},{\"@type\":\"WebPage\",\"@id\":\"https:\\\/\\\/diarioprincipios.com\\\/index.php\\\/2020\\\/06\\\/17\\\/los-casos-de-coronavirus-a-nivel-global-superaron-los-8-millones-segun-la-oms\\\/\",\"url\":\"https:\\\/\\\/diarioprincipios.com\\\/index.php\\\/2020\\\/06\\\/17\\\/los-casos-de-coronavirus-a-nivel-global-superaron-los-8-millones-segun-la-oms\\\/\",\"name\":\"Los casos de coronavirus a nivel global superaron los 8 millones, seg\u00fan la OMS - Principios\",\"isPartOf\":{\"@id\":\"https:\\\/\\\/diarioprincipios.com\\\/#website\"},\"primaryImageOfPage\":{\"@id\":\"https:\\\/\\\/diarioprincipios.com\\\/index.php\\\/2020\\\/06\\\/17\\\/los-casos-de-coronavirus-a-nivel-global-superaron-los-8-millones-segun-la-oms\\\/#primaryimage\"},\"image\":{\"@id\":\"https:\\\/\\\/diarioprincipios.com\\\/index.php\\\/2020\\\/06\\\/17\\\/los-casos-de-coronavirus-a-nivel-global-superaron-los-8-millones-segun-la-oms\\\/#primaryimage\"},\"thumbnailUrl\":\"https:\\\/\\\/diarioprincipios.com\\\/wp-content\\\/uploads\\\/2020\\\/06\\\/coronavirusweb.jpg\",\"datePublished\":\"2020-06-17T15:17:01+00:00\",\"dateModified\":\"2020-06-17T15:17:06+00:00\",\"breadcrumb\":{\"@id\":\"https:\\\/\\\/diarioprincipios.com\\\/index.php\\\/2020\\\/06\\\/17\\\/los-casos-de-coronavirus-a-nivel-global-superaron-los-8-millones-segun-la-oms\\\/#breadcrumb\"},\"inLanguage\":\"es\",\"potentialAction\":[{\"@type\":\"ReadAction\",\"target\":[\"https:\\\/\\\/diarioprincipios.com\\\/index.php\\\/2020\\\/06\\\/17\\\/los-casos-de-coronavirus-a-nivel-global-superaron-los-8-millones-segun-la-oms\\\/\"]}]},{\"@type\":\"ImageObject\",\"inLanguage\":\"es\",\"@id\":\"https:\\\/\\\/diarioprincipios.com\\\/index.php\\\/2020\\\/06\\\/17\\\/los-casos-de-coronavirus-a-nivel-global-superaron-los-8-millones-segun-la-oms\\\/#primaryimage\",\"url\":\"https:\\\/\\\/diarioprincipios.com\\\/wp-content\\\/uploads\\\/2020\\\/06\\\/coronavirusweb.jpg\",\"contentUrl\":\"https:\\\/\\\/diarioprincipios.com\\\/wp-content\\\/uploads\\\/2020\\\/06\\\/coronavirusweb.jpg\",\"width\":1280,\"height\":1024},{\"@type\":\"BreadcrumbList\",\"@id\":\"https:\\\/\\\/diarioprincipios.com\\\/index.php\\\/2020\\\/06\\\/17\\\/los-casos-de-coronavirus-a-nivel-global-superaron-los-8-millones-segun-la-oms\\\/#breadcrumb\",\"itemListElement\":[{\"@type\":\"ListItem\",\"position\":1,\"name\":\"Portada\",\"item\":\"https:\\\/\\\/diarioprincipios.com\\\/\"},{\"@type\":\"ListItem\",\"position\":2,\"name\":\"Los casos de coronavirus a nivel global superaron los 8 millones, seg\u00fan la OMS\"}]},{\"@type\":\"WebSite\",\"@id\":\"https:\\\/\\\/diarioprincipios.com\\\/#website\",\"url\":\"https:\\\/\\\/diarioprincipios.com\\\/\",\"name\":\"Principios\",\"description\":\"Principios Diario\",\"publisher\":{\"@id\":\"https:\\\/\\\/diarioprincipios.com\\\/#organization\"},\"potentialAction\":[{\"@type\":\"SearchAction\",\"target\":{\"@type\":\"EntryPoint\",\"urlTemplate\":\"https:\\\/\\\/diarioprincipios.com\\\/?s={search_term_string}\"},\"query-input\":{\"@type\":\"PropertyValueSpecification\",\"valueRequired\":true,\"valueName\":\"search_term_string\"}}],\"inLanguage\":\"es\"},{\"@type\":\"Organization\",\"@id\":\"https:\\\/\\\/diarioprincipios.com\\\/#organization\",\"name\":\"Principios\",\"url\":\"https:\\\/\\\/diarioprincipios.com\\\/\",\"logo\":{\"@type\":\"ImageObject\",\"inLanguage\":\"es\",\"@id\":\"https:\\\/\\\/diarioprincipios.com\\\/#\\\/schema\\\/logo\\\/image\\\/\",\"url\":\"https:\\\/\\\/diarioprincipios.com\\\/wp-content\\\/uploads\\\/2024\\\/04\\\/cropped-www.diarioprincipios.com_-1.png\",\"contentUrl\":\"https:\\\/\\\/diarioprincipios.com\\\/wp-content\\\/uploads\\\/2024\\\/04\\\/cropped-www.diarioprincipios.com_-1.png\",\"width\":5325,\"height\":1454,\"caption\":\"Principios\"},\"image\":{\"@id\":\"https:\\\/\\\/diarioprincipios.com\\\/#\\\/schema\\\/logo\\\/image\\\/\"}},{\"@type\":\"Person\",\"@id\":\"https:\\\/\\\/diarioprincipios.com\\\/#\\\/schema\\\/person\\\/436d5a1fd41a5e250e23ff5a6a7cb080\",\"name\":\"Hern\u00e1n L\u00f3pez\",\"image\":{\"@type\":\"ImageObject\",\"inLanguage\":\"es\",\"@id\":\"https:\\\/\\\/diarioprincipios.com\\\/wp-content\\\/litespeed\\\/avatar\\\/11ddfe5610ff3bd100522525b2571f48.jpg?ver=1777653193\",\"url\":\"https:\\\/\\\/diarioprincipios.com\\\/wp-content\\\/litespeed\\\/avatar\\\/11ddfe5610ff3bd100522525b2571f48.jpg?ver=1777653193\",\"contentUrl\":\"https:\\\/\\\/diarioprincipios.com\\\/wp-content\\\/litespeed\\\/avatar\\\/11ddfe5610ff3bd100522525b2571f48.jpg?ver=1777653193\",\"caption\":\"Hern\u00e1n L\u00f3pez\"},\"url\":\"https:\\\/\\\/diarioprincipios.com\\\/index.php\\\/author\\\/hernan\\\/\"}]}<\/script>\n<!-- \/ Yoast SEO plugin. -->","yoast_head_json":{"title":"Los casos de coronavirus a nivel global superaron los 8 millones, seg\u00fan la OMS - Principios","robots":{"index":"index","follow":"follow","max-snippet":"max-snippet:-1","max-image-preview":"max-image-preview:large","max-video-preview":"max-video-preview:-1"},"canonical":"https:\/\/diarioprincipios.com\/index.php\/2020\/06\/17\/los-casos-de-coronavirus-a-nivel-global-superaron-los-8-millones-segun-la-oms\/","og_locale":"es_ES","og_type":"article","og_title":"Los casos de coronavirus a nivel global superaron los 8 millones, seg\u00fan la OMS - Principios","og_description":"La pandemia de coronavirus ya caus\u00f3 m\u00e1s de 8 millones de contagios a nivel global, seg\u00fan el \u00faltimo balance de la Organizaci\u00f3n Mundial de la Salud (OMS). El informe del organismo de la ONU precisa que ya son 8.043.487 los contagios confirmados y 439.487 los fallecimientos por el brote detectado en la ciudad china de...","og_url":"https:\/\/diarioprincipios.com\/index.php\/2020\/06\/17\/los-casos-de-coronavirus-a-nivel-global-superaron-los-8-millones-segun-la-oms\/","og_site_name":"Principios","article_published_time":"2020-06-17T15:17:01+00:00","article_modified_time":"2020-06-17T15:17:06+00:00","og_image":[{"width":1280,"height":1024,"url":"https:\/\/diarioprincipios.com\/wp-content\/uploads\/2020\/06\/coronavirusweb.jpg","type":"image\/jpeg"}],"author":"Hern\u00e1n L\u00f3pez","twitter_card":"summary_large_image","twitter_misc":{"Escrito por":"Hern\u00e1n L\u00f3pez","Tiempo de lectura":"1 minuto"},"schema":{"@context":"https:\/\/schema.org","@graph":[{"@type":"Article","@id":"https:\/\/diarioprincipios.com\/index.php\/2020\/06\/17\/los-casos-de-coronavirus-a-nivel-global-superaron-los-8-millones-segun-la-oms\/#article","isPartOf":{"@id":"https:\/\/diarioprincipios.com\/index.php\/2020\/06\/17\/los-casos-de-coronavirus-a-nivel-global-superaron-los-8-millones-segun-la-oms\/"},"author":{"name":"Hern\u00e1n L\u00f3pez","@id":"https:\/\/diarioprincipios.com\/#\/schema\/person\/436d5a1fd41a5e250e23ff5a6a7cb080"},"headline":"Los casos de coronavirus a nivel global superaron los 8 millones, seg\u00fan la OMS","datePublished":"2020-06-17T15:17:01+00:00","dateModified":"2020-06-17T15:17:06+00:00","mainEntityOfPage":{"@id":"https:\/\/diarioprincipios.com\/index.php\/2020\/06\/17\/los-casos-de-coronavirus-a-nivel-global-superaron-los-8-millones-segun-la-oms\/"},"wordCount":209,"commentCount":0,"publisher":{"@id":"https:\/\/diarioprincipios.com\/#organization"},"image":{"@id":"https:\/\/diarioprincipios.com\/index.php\/2020\/06\/17\/los-casos-de-coronavirus-a-nivel-global-superaron-los-8-millones-segun-la-oms\/#primaryimage"},"thumbnailUrl":"https:\/\/diarioprincipios.com\/wp-content\/uploads\/2020\/06\/coronavirusweb.jpg","articleSection":["Uncategorized"],"inLanguage":"es","potentialAction":[{"@type":"CommentAction","name":"Comment","target":["https:\/\/diarioprincipios.com\/index.php\/2020\/06\/17\/los-casos-de-coronavirus-a-nivel-global-superaron-los-8-millones-segun-la-oms\/#respond"]}]},{"@type":"WebPage","@id":"https:\/\/diarioprincipios.com\/index.php\/2020\/06\/17\/los-casos-de-coronavirus-a-nivel-global-superaron-los-8-millones-segun-la-oms\/","url":"https:\/\/diarioprincipios.com\/index.php\/2020\/06\/17\/los-casos-de-coronavirus-a-nivel-global-superaron-los-8-millones-segun-la-oms\/","name":"Los casos de coronavirus a nivel global superaron los 8 millones, seg\u00fan la OMS - Principios","isPartOf":{"@id":"https:\/\/diarioprincipios.com\/#website"},"primaryImageOfPage":{"@id":"https:\/\/diarioprincipios.com\/index.php\/2020\/06\/17\/los-casos-de-coronavirus-a-nivel-global-superaron-los-8-millones-segun-la-oms\/#primaryimage"},"image":{"@id":"https:\/\/diarioprincipios.com\/index.php\/2020\/06\/17\/los-casos-de-coronavirus-a-nivel-global-superaron-los-8-millones-segun-la-oms\/#primaryimage"},"thumbnailUrl":"https:\/\/diarioprincipios.com\/wp-content\/uploads\/2020\/06\/coronavirusweb.jpg","datePublished":"2020-06-17T15:17:01+00:00","dateModified":"2020-06-17T15:17:06+00:00","breadcrumb":{"@id":"https:\/\/diarioprincipios.com\/index.php\/2020\/06\/17\/los-casos-de-coronavirus-a-nivel-global-superaron-los-8-millones-segun-la-oms\/#breadcrumb"},"inLanguage":"es","potentialAction":[{"@type":"ReadAction","target":["https:\/\/diarioprincipios.com\/index.php\/2020\/06\/17\/los-casos-de-coronavirus-a-nivel-global-superaron-los-8-millones-segun-la-oms\/"]}]},{"@type":"ImageObject","inLanguage":"es","@id":"https:\/\/diarioprincipios.com\/index.php\/2020\/06\/17\/los-casos-de-coronavirus-a-nivel-global-superaron-los-8-millones-segun-la-oms\/#primaryimage","url":"https:\/\/diarioprincipios.com\/wp-content\/uploads\/2020\/06\/coronavirusweb.jpg","contentUrl":"https:\/\/diarioprincipios.com\/wp-content\/uploads\/2020\/06\/coronavirusweb.jpg","width":1280,"height":1024},{"@type":"BreadcrumbList","@id":"https:\/\/diarioprincipios.com\/index.php\/2020\/06\/17\/los-casos-de-coronavirus-a-nivel-global-superaron-los-8-millones-segun-la-oms\/#breadcrumb","itemListElement":[{"@type":"ListItem","position":1,"name":"Portada","item":"https:\/\/diarioprincipios.com\/"},{"@type":"ListItem","position":2,"name":"Los casos de coronavirus a nivel global superaron los 8 millones, seg\u00fan la OMS"}]},{"@type":"WebSite","@id":"https:\/\/diarioprincipios.com\/#website","url":"https:\/\/diarioprincipios.com\/","name":"Principios","description":"Principios Diario","publisher":{"@id":"https:\/\/diarioprincipios.com\/#organization"},"potentialAction":[{"@type":"SearchAction","target":{"@type":"EntryPoint","urlTemplate":"https:\/\/diarioprincipios.com\/?s={search_term_string}"},"query-input":{"@type":"PropertyValueSpecification","valueRequired":true,"valueName":"search_term_string"}}],"inLanguage":"es"},{"@type":"Organization","@id":"https:\/\/diarioprincipios.com\/#organization","name":"Principios","url":"https:\/\/diarioprincipios.com\/","logo":{"@type":"ImageObject","inLanguage":"es","@id":"https:\/\/diarioprincipios.com\/#\/schema\/logo\/image\/","url":"https:\/\/diarioprincipios.com\/wp-content\/uploads\/2024\/04\/cropped-www.diarioprincipios.com_-1.png","contentUrl":"https:\/\/diarioprincipios.com\/wp-content\/uploads\/2024\/04\/cropped-www.diarioprincipios.com_-1.png","width":5325,"height":1454,"caption":"Principios"},"image":{"@id":"https:\/\/diarioprincipios.com\/#\/schema\/logo\/image\/"}},{"@type":"Person","@id":"https:\/\/diarioprincipios.com\/#\/schema\/person\/436d5a1fd41a5e250e23ff5a6a7cb080","name":"Hern\u00e1n L\u00f3pez","image":{"@type":"ImageObject","inLanguage":"es","@id":"https:\/\/diarioprincipios.com\/wp-content\/litespeed\/avatar\/11ddfe5610ff3bd100522525b2571f48.jpg?ver=1777653193","url":"https:\/\/diarioprincipios.com\/wp-content\/litespeed\/avatar\/11ddfe5610ff3bd100522525b2571f48.jpg?ver=1777653193","contentUrl":"https:\/\/diarioprincipios.com\/wp-content\/litespeed\/avatar\/11ddfe5610ff3bd100522525b2571f48.jpg?ver=1777653193","caption":"Hern\u00e1n L\u00f3pez"},"url":"https:\/\/diarioprincipios.com\/index.php\/author\/hernan\/"}]}},"jetpack_featured_media_url":"https:\/\/diarioprincipios.com\/wp-content\/uploads\/2020\/06\/coronavirusweb.jpg","_links":{"self":[{"href":"https:\/\/diarioprincipios.com\/index.php\/wp-json\/wp\/v2\/posts\/3007","targetHints":{"allow":["GET"]}}],"collection":[{"href":"https:\/\/diarioprincipios.com\/index.php\/wp-json\/wp\/v2\/posts"}],"about":[{"href":"https:\/\/diarioprincipios.com\/index.php\/wp-json\/wp\/v2\/types\/post"}],"author":[{"embeddable":true,"href":"https:\/\/diarioprincipios.com\/index.php\/wp-json\/wp\/v2\/users\/2"}],"replies":[{"embeddable":true,"href":"https:\/\/diarioprincipios.com\/index.php\/wp-json\/wp\/v2\/comments?post=3007"}],"version-history":[{"count":1,"href":"https:\/\/diarioprincipios.com\/index.php\/wp-json\/wp\/v2\/posts\/3007\/revisions"}],"predecessor-version":[{"id":3008,"href":"https:\/\/diarioprincipios.com\/index.php\/wp-json\/wp\/v2\/posts\/3007\/revisions\/3008"}],"wp:featuredmedia":[{"embeddable":true,"href":"https:\/\/diarioprincipios.com\/index.php\/wp-json\/wp\/v2\/media\/2895"}],"wp:attachment":[{"href":"https:\/\/diarioprincipios.com\/index.php\/wp-json\/wp\/v2\/media?parent=3007"}],"wp:term":[{"taxonomy":"category","embeddable":true,"href":"https:\/\/diarioprincipios.com\/index.php\/wp-json\/wp\/v2\/categories?post=3007"},{"taxonomy":"post_tag","embeddable":true,"href":"https:\/\/diarioprincipios.com\/index.php\/wp-json\/wp\/v2\/tags?post=3007"}],"curies":[{"name":"wp","href":"https:\/\/api.w.org\/{rel}","templated":true}]}}