{"id":2970,"date":"2020-06-16T20:04:53","date_gmt":"2020-06-16T23:04:53","guid":{"rendered":"http:\/\/diarioprincipios.com\/?p=2970"},"modified":"2020-06-16T20:04:57","modified_gmt":"2020-06-16T23:04:57","slug":"messi-anoto-hoy-el-gol-699-de-su-carrera","status":"publish","type":"post","link":"https:\/\/diarioprincipios.com\/index.php\/2020\/06\/16\/messi-anoto-hoy-el-gol-699-de-su-carrera\/","title":{"rendered":"Messi anot\u00f3 hoy el gol 699 de su carrera"},"content":{"rendered":"\n<p>El crack rosarino Lionel Messi marc\u00f3 hoy un gol para el triunfo de Barcelona ante Legan\u00e9s por 2 a 0, en un Camp Nou a puertas cerradas por la pandemia de coronavirus, en el partido correspondiente a la fecha 29 de la liga espa\u00f1ola.<\/p>\n\n\n\n<p>Messi (ST 24m) anot\u00f3, de tiro penal, el segundo de Barcelona, puntero del campeonato, y qued\u00f3 a uno de los 700 en su carrera como profesional. El capit\u00e1n \u00abblaugrana\u00bb suma 629 en el club espa\u00f1ol y 70 en el seleccionado argentino. La fecha pasada hab\u00eda convertido frente a Mallorca.<\/p>\n\n\n\n<p>El capit\u00e1n del seleccionado argentino, decisivo en la victoria catalana, simul\u00f3 una infracci\u00f3n en el \u00e1rea que el \u00e1rbitro Juan Mart\u00ednez Munuera interpret\u00f3 como tal y en consecuencia cobr\u00f3 penal.<\/p>\n\n\n\n<p>Su festejo result\u00f3 novedoso con la mano izquierda en la cintura y la derecha apuntando a un costado, en una pose que record\u00f3 al actor estadounidense John Travolta en el film \u00abFiebre de s\u00e1bado por la noche\u00bb (1977).<\/p>\n\n\n\n<p>Messi registra 21 goles en la liga espa\u00f1ola y es el m\u00e1ximo anotador. Su inmediato perseguidor es el franc\u00e9s Karim Benzema con 14.<\/p>\n\n\n\n<p>El juvenil delantero Anssumane Fati (PT 42m) abri\u00f3 el marcador en el primer encuentro del equipo de Quique Seti\u00e9n como local desde la reanudaci\u00f3n del f\u00fatbol en Espa\u00f1a.<\/p>\n\n\n\n<p>Barcelona logr\u00f3 la tercera victoria seguida en La Liga y sac\u00f3 una ventaja de cinco puntos sobre Real Madrid que el jueves recibir\u00e1 a Valencia.<\/p>\n\n\n\n<p>En Legan\u00e9s jug\u00f3 el argentino Jonathan Silva, quien fue reemplazado por su compatriota Guido Carrillo, a los 25 minutos del segundo per\u00edodo.<\/p>\n\n\n\n<p>La jornada se inici\u00f3 con el triunfo, como local, de Villarreal ante Mallorca (Pablo Chavarr\u00eda) por 1 a 0, con gol del colombiano Carlos Bacca; y el empate sin goles entre Getafe y Espanyol (Jonathan Calleri).<\/p>\n\n\n\n<p>En Mallorca ocup\u00f3 un lugar en el banco de suplentes el adolescente argentino Luka Romero, de 15 a\u00f1os, quien fue convocado por primera vez por el entrenador Vicente Moreno, frente al Villarreal.<\/p>\n\n\n\n<p>El mediocampista zurdo integr\u00f3 por primera vez una lista de convocados desde que fue promovido al plantel profesional hace dos semanas, luego de que estuviera a punto de hacerlo en la jornada anterior frente a Barcelona (0-4).<\/p>\n\n\n\n<p>Romero, que reci\u00e9n el pr\u00f3ximo 18 de noviembre cumplir\u00e1 los 16 a\u00f1os, ocup\u00f3 un lugar en el banco de suplentes ya que la nueva normativa permite tener 12 alternativas al permitirse los cinco cambios.<\/p>\n\n\n\n<p>El segundo entrenador de Mallorca, el tambi\u00e9n argentino Daniel Pend\u00edn, pidi\u00f3 antes del encuentro mantener la \u201ctranquilidad\u201d con la joven promesa que los medios espa\u00f1oles ya catalogaron como el \u201cnuevo Messi\u201d.<\/p>\n\n\n\n<p>Si tiene la posibilidad de jugar, por ejemplo, en la pr\u00f3xima jornada, Luka Romero se convertir\u00e1 en el jugador m\u00e1s joven en debutar en la primera divisi\u00f3n del f\u00fatbol espa\u00f1ol.<\/p>\n\n\n\n<p>El \u00faltimo registro lo tiene Oscar Ram\u00f3n Pellicer, quien en 1984 debut\u00f3 en Zaragoza con 15 a\u00f1os y 289 d\u00edas.<\/p>\n\n\n\n<p>Al d\u00eda de hoy el peque\u00f1o Luka, hjjo del ex futbolista de Quilmes, Diego Romero, tiene 15 a\u00f1os y 221 d\u00edas.<\/p>\n\n\n\n<p>Luka Romero naci\u00f3 en Durango, M\u00e9xico, pero tambi\u00e9n tiene las nacionalidades argentina y espa\u00f1ola, por lo que ya pudo hacer su debut so\u00f1ado con la selecci\u00f3n albiceleste, a la que eligi\u00f3 por sobre las otras dos, al marcarle un gol a Chile y colaborar con una asistencia en el 6-0 que consiguieron los dirigidos por Diego Placente en el pasado Campeonato Sudamericano Sub 15 disputado en Paraguay.<\/p>\n\n\n\n<p>La fecha 29 continuar\u00e1 ma\u00f1ana con: Eibar-Athletic Bilbao; Valladolid-Celta; y Osasuna-Atl\u00e9tico Madrid.<\/p>\n\n\n\n<p>Jueves: Alav\u00e9s-Real Sociedad y Real Madrid-Valencia.<\/p>\n\n\n\n<p>-Posiciones-<\/p>\n\n\n\n<p>Barcelona 64; Real Madrid 59; Sevilla 51; Getafe y Real Sociedad 47; Atl\u00e9tico Madrid 46; Villarreal 44; Valencia 43; Granada 42; Bilbao 38; Osasuna y Levante 35; Betis 34; Alav\u00e9s y Valladolid 32; Eibar 27; Celta 26; Mallorca 25; Espanyol 24 y Legan\u00e9s 23.<\/p>\n","protected":false},"excerpt":{"rendered":"<p>El crack rosarino Lionel Messi marc\u00f3 hoy un gol para el triunfo de Barcelona ante Legan\u00e9s por 2 a 0, en un Camp Nou a puertas cerradas por la pandemia de coronavirus, en el partido correspondiente a la fecha 29 de la liga espa\u00f1ola. Messi (ST 24m) anot\u00f3, de tiro penal, el segundo de Barcelona,&#8230;<\/p>\n","protected":false},"author":2,"featured_media":2971,"comment_status":"open","ping_status":"open","sticky":false,"template":"","format":"standard","meta":{"footnotes":""},"categories":[6],"tags":[],"class_list":["post-2970","post","type-post","status-publish","format-standard","has-post-thumbnail","hentry","category-deportes"],"featured_image_src":"https:\/\/diarioprincipios.com\/wp-content\/uploads\/2020\/06\/messi.jpg","blog_images":{"medium":"https:\/\/diarioprincipios.com\/wp-content\/uploads\/2020\/06\/messi-300x200.jpg","large":"https:\/\/diarioprincipios.com\/wp-content\/uploads\/2020\/06\/messi.jpg"},"ams_acf":[],"yoast_head":"<!-- This site is optimized with the Yoast SEO plugin v27.3 - https:\/\/yoast.com\/product\/yoast-seo-wordpress\/ -->\n<title>Messi anot\u00f3 hoy el gol 699 de su carrera - Principios<\/title>\n<meta name=\"robots\" content=\"index, follow, max-snippet:-1, max-image-preview:large, max-video-preview:-1\" \/>\n<link rel=\"canonical\" href=\"https:\/\/diarioprincipios.com\/index.php\/2020\/06\/16\/messi-anoto-hoy-el-gol-699-de-su-carrera\/\" \/>\n<meta property=\"og:locale\" content=\"es_ES\" \/>\n<meta property=\"og:type\" content=\"article\" \/>\n<meta property=\"og:title\" content=\"Messi anot\u00f3 hoy el gol 699 de su carrera - Principios\" \/>\n<meta property=\"og:description\" content=\"El crack rosarino Lionel Messi marc\u00f3 hoy un gol para el triunfo de Barcelona ante Legan\u00e9s por 2 a 0, en un Camp Nou a puertas cerradas por la pandemia de coronavirus, en el partido correspondiente a la fecha 29 de la liga espa\u00f1ola. Messi (ST 24m) anot\u00f3, de tiro penal, el segundo de Barcelona,...\" \/>\n<meta property=\"og:url\" content=\"https:\/\/diarioprincipios.com\/index.php\/2020\/06\/16\/messi-anoto-hoy-el-gol-699-de-su-carrera\/\" \/>\n<meta property=\"og:site_name\" content=\"Principios\" \/>\n<meta property=\"article:published_time\" content=\"2020-06-16T23:04:53+00:00\" \/>\n<meta property=\"article:modified_time\" content=\"2020-06-16T23:04:57+00:00\" \/>\n<meta property=\"og:image\" content=\"https:\/\/diarioprincipios.com\/wp-content\/uploads\/2020\/06\/messi.jpg\" \/>\n\t<meta property=\"og:image:width\" content=\"1012\" \/>\n\t<meta property=\"og:image:height\" content=\"674\" \/>\n\t<meta property=\"og:image:type\" content=\"image\/jpeg\" \/>\n<meta name=\"author\" content=\"Hern\u00e1n L\u00f3pez\" \/>\n<meta name=\"twitter:card\" content=\"summary_large_image\" \/>\n<meta name=\"twitter:label1\" content=\"Escrito por\" \/>\n\t<meta name=\"twitter:data1\" content=\"Hern\u00e1n L\u00f3pez\" \/>\n\t<meta name=\"twitter:label2\" content=\"Tiempo de lectura\" \/>\n\t<meta name=\"twitter:data2\" content=\"3 minutos\" \/>\n<script type=\"application\/ld+json\" class=\"yoast-schema-graph\">{\"@context\":\"https:\\\/\\\/schema.org\",\"@graph\":[{\"@type\":\"Article\",\"@id\":\"https:\\\/\\\/diarioprincipios.com\\\/index.php\\\/2020\\\/06\\\/16\\\/messi-anoto-hoy-el-gol-699-de-su-carrera\\\/#article\",\"isPartOf\":{\"@id\":\"https:\\\/\\\/diarioprincipios.com\\\/index.php\\\/2020\\\/06\\\/16\\\/messi-anoto-hoy-el-gol-699-de-su-carrera\\\/\"},\"author\":{\"name\":\"Hern\u00e1n L\u00f3pez\",\"@id\":\"https:\\\/\\\/diarioprincipios.com\\\/#\\\/schema\\\/person\\\/436d5a1fd41a5e250e23ff5a6a7cb080\"},\"headline\":\"Messi anot\u00f3 hoy el gol 699 de su carrera\",\"datePublished\":\"2020-06-16T23:04:53+00:00\",\"dateModified\":\"2020-06-16T23:04:57+00:00\",\"mainEntityOfPage\":{\"@id\":\"https:\\\/\\\/diarioprincipios.com\\\/index.php\\\/2020\\\/06\\\/16\\\/messi-anoto-hoy-el-gol-699-de-su-carrera\\\/\"},\"wordCount\":647,\"commentCount\":0,\"publisher\":{\"@id\":\"https:\\\/\\\/diarioprincipios.com\\\/#organization\"},\"image\":{\"@id\":\"https:\\\/\\\/diarioprincipios.com\\\/index.php\\\/2020\\\/06\\\/16\\\/messi-anoto-hoy-el-gol-699-de-su-carrera\\\/#primaryimage\"},\"thumbnailUrl\":\"https:\\\/\\\/diarioprincipios.com\\\/wp-content\\\/uploads\\\/2020\\\/06\\\/messi.jpg\",\"articleSection\":[\"Deportes\"],\"inLanguage\":\"es\",\"potentialAction\":[{\"@type\":\"CommentAction\",\"name\":\"Comment\",\"target\":[\"https:\\\/\\\/diarioprincipios.com\\\/index.php\\\/2020\\\/06\\\/16\\\/messi-anoto-hoy-el-gol-699-de-su-carrera\\\/#respond\"]}]},{\"@type\":\"WebPage\",\"@id\":\"https:\\\/\\\/diarioprincipios.com\\\/index.php\\\/2020\\\/06\\\/16\\\/messi-anoto-hoy-el-gol-699-de-su-carrera\\\/\",\"url\":\"https:\\\/\\\/diarioprincipios.com\\\/index.php\\\/2020\\\/06\\\/16\\\/messi-anoto-hoy-el-gol-699-de-su-carrera\\\/\",\"name\":\"Messi anot\u00f3 hoy el gol 699 de su carrera - Principios\",\"isPartOf\":{\"@id\":\"https:\\\/\\\/diarioprincipios.com\\\/#website\"},\"primaryImageOfPage\":{\"@id\":\"https:\\\/\\\/diarioprincipios.com\\\/index.php\\\/2020\\\/06\\\/16\\\/messi-anoto-hoy-el-gol-699-de-su-carrera\\\/#primaryimage\"},\"image\":{\"@id\":\"https:\\\/\\\/diarioprincipios.com\\\/index.php\\\/2020\\\/06\\\/16\\\/messi-anoto-hoy-el-gol-699-de-su-carrera\\\/#primaryimage\"},\"thumbnailUrl\":\"https:\\\/\\\/diarioprincipios.com\\\/wp-content\\\/uploads\\\/2020\\\/06\\\/messi.jpg\",\"datePublished\":\"2020-06-16T23:04:53+00:00\",\"dateModified\":\"2020-06-16T23:04:57+00:00\",\"breadcrumb\":{\"@id\":\"https:\\\/\\\/diarioprincipios.com\\\/index.php\\\/2020\\\/06\\\/16\\\/messi-anoto-hoy-el-gol-699-de-su-carrera\\\/#breadcrumb\"},\"inLanguage\":\"es\",\"potentialAction\":[{\"@type\":\"ReadAction\",\"target\":[\"https:\\\/\\\/diarioprincipios.com\\\/index.php\\\/2020\\\/06\\\/16\\\/messi-anoto-hoy-el-gol-699-de-su-carrera\\\/\"]}]},{\"@type\":\"ImageObject\",\"inLanguage\":\"es\",\"@id\":\"https:\\\/\\\/diarioprincipios.com\\\/index.php\\\/2020\\\/06\\\/16\\\/messi-anoto-hoy-el-gol-699-de-su-carrera\\\/#primaryimage\",\"url\":\"https:\\\/\\\/diarioprincipios.com\\\/wp-content\\\/uploads\\\/2020\\\/06\\\/messi.jpg\",\"contentUrl\":\"https:\\\/\\\/diarioprincipios.com\\\/wp-content\\\/uploads\\\/2020\\\/06\\\/messi.jpg\",\"width\":1012,\"height\":674},{\"@type\":\"BreadcrumbList\",\"@id\":\"https:\\\/\\\/diarioprincipios.com\\\/index.php\\\/2020\\\/06\\\/16\\\/messi-anoto-hoy-el-gol-699-de-su-carrera\\\/#breadcrumb\",\"itemListElement\":[{\"@type\":\"ListItem\",\"position\":1,\"name\":\"Portada\",\"item\":\"https:\\\/\\\/diarioprincipios.com\\\/\"},{\"@type\":\"ListItem\",\"position\":2,\"name\":\"Messi anot\u00f3 hoy el gol 699 de su carrera\"}]},{\"@type\":\"WebSite\",\"@id\":\"https:\\\/\\\/diarioprincipios.com\\\/#website\",\"url\":\"https:\\\/\\\/diarioprincipios.com\\\/\",\"name\":\"Principios\",\"description\":\"Principios Diario\",\"publisher\":{\"@id\":\"https:\\\/\\\/diarioprincipios.com\\\/#organization\"},\"potentialAction\":[{\"@type\":\"SearchAction\",\"target\":{\"@type\":\"EntryPoint\",\"urlTemplate\":\"https:\\\/\\\/diarioprincipios.com\\\/?s={search_term_string}\"},\"query-input\":{\"@type\":\"PropertyValueSpecification\",\"valueRequired\":true,\"valueName\":\"search_term_string\"}}],\"inLanguage\":\"es\"},{\"@type\":\"Organization\",\"@id\":\"https:\\\/\\\/diarioprincipios.com\\\/#organization\",\"name\":\"Principios\",\"url\":\"https:\\\/\\\/diarioprincipios.com\\\/\",\"logo\":{\"@type\":\"ImageObject\",\"inLanguage\":\"es\",\"@id\":\"https:\\\/\\\/diarioprincipios.com\\\/#\\\/schema\\\/logo\\\/image\\\/\",\"url\":\"https:\\\/\\\/diarioprincipios.com\\\/wp-content\\\/uploads\\\/2024\\\/04\\\/cropped-www.diarioprincipios.com_-1.png\",\"contentUrl\":\"https:\\\/\\\/diarioprincipios.com\\\/wp-content\\\/uploads\\\/2024\\\/04\\\/cropped-www.diarioprincipios.com_-1.png\",\"width\":5325,\"height\":1454,\"caption\":\"Principios\"},\"image\":{\"@id\":\"https:\\\/\\\/diarioprincipios.com\\\/#\\\/schema\\\/logo\\\/image\\\/\"}},{\"@type\":\"Person\",\"@id\":\"https:\\\/\\\/diarioprincipios.com\\\/#\\\/schema\\\/person\\\/436d5a1fd41a5e250e23ff5a6a7cb080\",\"name\":\"Hern\u00e1n L\u00f3pez\",\"image\":{\"@type\":\"ImageObject\",\"inLanguage\":\"es\",\"@id\":\"https:\\\/\\\/diarioprincipios.com\\\/wp-content\\\/litespeed\\\/avatar\\\/11ddfe5610ff3bd100522525b2571f48.jpg?ver=1777653193\",\"url\":\"https:\\\/\\\/diarioprincipios.com\\\/wp-content\\\/litespeed\\\/avatar\\\/11ddfe5610ff3bd100522525b2571f48.jpg?ver=1777653193\",\"contentUrl\":\"https:\\\/\\\/diarioprincipios.com\\\/wp-content\\\/litespeed\\\/avatar\\\/11ddfe5610ff3bd100522525b2571f48.jpg?ver=1777653193\",\"caption\":\"Hern\u00e1n L\u00f3pez\"},\"url\":\"https:\\\/\\\/diarioprincipios.com\\\/index.php\\\/author\\\/hernan\\\/\"}]}<\/script>\n<!-- \/ Yoast SEO plugin. -->","yoast_head_json":{"title":"Messi anot\u00f3 hoy el gol 699 de su carrera - Principios","robots":{"index":"index","follow":"follow","max-snippet":"max-snippet:-1","max-image-preview":"max-image-preview:large","max-video-preview":"max-video-preview:-1"},"canonical":"https:\/\/diarioprincipios.com\/index.php\/2020\/06\/16\/messi-anoto-hoy-el-gol-699-de-su-carrera\/","og_locale":"es_ES","og_type":"article","og_title":"Messi anot\u00f3 hoy el gol 699 de su carrera - Principios","og_description":"El crack rosarino Lionel Messi marc\u00f3 hoy un gol para el triunfo de Barcelona ante Legan\u00e9s por 2 a 0, en un Camp Nou a puertas cerradas por la pandemia de coronavirus, en el partido correspondiente a la fecha 29 de la liga espa\u00f1ola. Messi (ST 24m) anot\u00f3, de tiro penal, el segundo de Barcelona,...","og_url":"https:\/\/diarioprincipios.com\/index.php\/2020\/06\/16\/messi-anoto-hoy-el-gol-699-de-su-carrera\/","og_site_name":"Principios","article_published_time":"2020-06-16T23:04:53+00:00","article_modified_time":"2020-06-16T23:04:57+00:00","og_image":[{"width":1012,"height":674,"url":"https:\/\/diarioprincipios.com\/wp-content\/uploads\/2020\/06\/messi.jpg","type":"image\/jpeg"}],"author":"Hern\u00e1n L\u00f3pez","twitter_card":"summary_large_image","twitter_misc":{"Escrito por":"Hern\u00e1n L\u00f3pez","Tiempo de lectura":"3 minutos"},"schema":{"@context":"https:\/\/schema.org","@graph":[{"@type":"Article","@id":"https:\/\/diarioprincipios.com\/index.php\/2020\/06\/16\/messi-anoto-hoy-el-gol-699-de-su-carrera\/#article","isPartOf":{"@id":"https:\/\/diarioprincipios.com\/index.php\/2020\/06\/16\/messi-anoto-hoy-el-gol-699-de-su-carrera\/"},"author":{"name":"Hern\u00e1n L\u00f3pez","@id":"https:\/\/diarioprincipios.com\/#\/schema\/person\/436d5a1fd41a5e250e23ff5a6a7cb080"},"headline":"Messi anot\u00f3 hoy el gol 699 de su carrera","datePublished":"2020-06-16T23:04:53+00:00","dateModified":"2020-06-16T23:04:57+00:00","mainEntityOfPage":{"@id":"https:\/\/diarioprincipios.com\/index.php\/2020\/06\/16\/messi-anoto-hoy-el-gol-699-de-su-carrera\/"},"wordCount":647,"commentCount":0,"publisher":{"@id":"https:\/\/diarioprincipios.com\/#organization"},"image":{"@id":"https:\/\/diarioprincipios.com\/index.php\/2020\/06\/16\/messi-anoto-hoy-el-gol-699-de-su-carrera\/#primaryimage"},"thumbnailUrl":"https:\/\/diarioprincipios.com\/wp-content\/uploads\/2020\/06\/messi.jpg","articleSection":["Deportes"],"inLanguage":"es","potentialAction":[{"@type":"CommentAction","name":"Comment","target":["https:\/\/diarioprincipios.com\/index.php\/2020\/06\/16\/messi-anoto-hoy-el-gol-699-de-su-carrera\/#respond"]}]},{"@type":"WebPage","@id":"https:\/\/diarioprincipios.com\/index.php\/2020\/06\/16\/messi-anoto-hoy-el-gol-699-de-su-carrera\/","url":"https:\/\/diarioprincipios.com\/index.php\/2020\/06\/16\/messi-anoto-hoy-el-gol-699-de-su-carrera\/","name":"Messi anot\u00f3 hoy el gol 699 de su carrera - Principios","isPartOf":{"@id":"https:\/\/diarioprincipios.com\/#website"},"primaryImageOfPage":{"@id":"https:\/\/diarioprincipios.com\/index.php\/2020\/06\/16\/messi-anoto-hoy-el-gol-699-de-su-carrera\/#primaryimage"},"image":{"@id":"https:\/\/diarioprincipios.com\/index.php\/2020\/06\/16\/messi-anoto-hoy-el-gol-699-de-su-carrera\/#primaryimage"},"thumbnailUrl":"https:\/\/diarioprincipios.com\/wp-content\/uploads\/2020\/06\/messi.jpg","datePublished":"2020-06-16T23:04:53+00:00","dateModified":"2020-06-16T23:04:57+00:00","breadcrumb":{"@id":"https:\/\/diarioprincipios.com\/index.php\/2020\/06\/16\/messi-anoto-hoy-el-gol-699-de-su-carrera\/#breadcrumb"},"inLanguage":"es","potentialAction":[{"@type":"ReadAction","target":["https:\/\/diarioprincipios.com\/index.php\/2020\/06\/16\/messi-anoto-hoy-el-gol-699-de-su-carrera\/"]}]},{"@type":"ImageObject","inLanguage":"es","@id":"https:\/\/diarioprincipios.com\/index.php\/2020\/06\/16\/messi-anoto-hoy-el-gol-699-de-su-carrera\/#primaryimage","url":"https:\/\/diarioprincipios.com\/wp-content\/uploads\/2020\/06\/messi.jpg","contentUrl":"https:\/\/diarioprincipios.com\/wp-content\/uploads\/2020\/06\/messi.jpg","width":1012,"height":674},{"@type":"BreadcrumbList","@id":"https:\/\/diarioprincipios.com\/index.php\/2020\/06\/16\/messi-anoto-hoy-el-gol-699-de-su-carrera\/#breadcrumb","itemListElement":[{"@type":"ListItem","position":1,"name":"Portada","item":"https:\/\/diarioprincipios.com\/"},{"@type":"ListItem","position":2,"name":"Messi anot\u00f3 hoy el gol 699 de su carrera"}]},{"@type":"WebSite","@id":"https:\/\/diarioprincipios.com\/#website","url":"https:\/\/diarioprincipios.com\/","name":"Principios","description":"Principios Diario","publisher":{"@id":"https:\/\/diarioprincipios.com\/#organization"},"potentialAction":[{"@type":"SearchAction","target":{"@type":"EntryPoint","urlTemplate":"https:\/\/diarioprincipios.com\/?s={search_term_string}"},"query-input":{"@type":"PropertyValueSpecification","valueRequired":true,"valueName":"search_term_string"}}],"inLanguage":"es"},{"@type":"Organization","@id":"https:\/\/diarioprincipios.com\/#organization","name":"Principios","url":"https:\/\/diarioprincipios.com\/","logo":{"@type":"ImageObject","inLanguage":"es","@id":"https:\/\/diarioprincipios.com\/#\/schema\/logo\/image\/","url":"https:\/\/diarioprincipios.com\/wp-content\/uploads\/2024\/04\/cropped-www.diarioprincipios.com_-1.png","contentUrl":"https:\/\/diarioprincipios.com\/wp-content\/uploads\/2024\/04\/cropped-www.diarioprincipios.com_-1.png","width":5325,"height":1454,"caption":"Principios"},"image":{"@id":"https:\/\/diarioprincipios.com\/#\/schema\/logo\/image\/"}},{"@type":"Person","@id":"https:\/\/diarioprincipios.com\/#\/schema\/person\/436d5a1fd41a5e250e23ff5a6a7cb080","name":"Hern\u00e1n L\u00f3pez","image":{"@type":"ImageObject","inLanguage":"es","@id":"https:\/\/diarioprincipios.com\/wp-content\/litespeed\/avatar\/11ddfe5610ff3bd100522525b2571f48.jpg?ver=1777653193","url":"https:\/\/diarioprincipios.com\/wp-content\/litespeed\/avatar\/11ddfe5610ff3bd100522525b2571f48.jpg?ver=1777653193","contentUrl":"https:\/\/diarioprincipios.com\/wp-content\/litespeed\/avatar\/11ddfe5610ff3bd100522525b2571f48.jpg?ver=1777653193","caption":"Hern\u00e1n L\u00f3pez"},"url":"https:\/\/diarioprincipios.com\/index.php\/author\/hernan\/"}]}},"jetpack_featured_media_url":"https:\/\/diarioprincipios.com\/wp-content\/uploads\/2020\/06\/messi.jpg","_links":{"self":[{"href":"https:\/\/diarioprincipios.com\/index.php\/wp-json\/wp\/v2\/posts\/2970","targetHints":{"allow":["GET"]}}],"collection":[{"href":"https:\/\/diarioprincipios.com\/index.php\/wp-json\/wp\/v2\/posts"}],"about":[{"href":"https:\/\/diarioprincipios.com\/index.php\/wp-json\/wp\/v2\/types\/post"}],"author":[{"embeddable":true,"href":"https:\/\/diarioprincipios.com\/index.php\/wp-json\/wp\/v2\/users\/2"}],"replies":[{"embeddable":true,"href":"https:\/\/diarioprincipios.com\/index.php\/wp-json\/wp\/v2\/comments?post=2970"}],"version-history":[{"count":1,"href":"https:\/\/diarioprincipios.com\/index.php\/wp-json\/wp\/v2\/posts\/2970\/revisions"}],"predecessor-version":[{"id":2972,"href":"https:\/\/diarioprincipios.com\/index.php\/wp-json\/wp\/v2\/posts\/2970\/revisions\/2972"}],"wp:featuredmedia":[{"embeddable":true,"href":"https:\/\/diarioprincipios.com\/index.php\/wp-json\/wp\/v2\/media\/2971"}],"wp:attachment":[{"href":"https:\/\/diarioprincipios.com\/index.php\/wp-json\/wp\/v2\/media?parent=2970"}],"wp:term":[{"taxonomy":"category","embeddable":true,"href":"https:\/\/diarioprincipios.com\/index.php\/wp-json\/wp\/v2\/categories?post=2970"},{"taxonomy":"post_tag","embeddable":true,"href":"https:\/\/diarioprincipios.com\/index.php\/wp-json\/wp\/v2\/tags?post=2970"}],"curies":[{"name":"wp","href":"https:\/\/api.w.org\/{rel}","templated":true}]}}