{"id":2961,"date":"2020-06-16T19:18:56","date_gmt":"2020-06-16T22:18:56","guid":{"rendered":"http:\/\/diarioprincipios.com\/?p=2961"},"modified":"2020-06-16T19:19:00","modified_gmt":"2020-06-16T22:19:00","slug":"el-miercoles-habra-corte-de-luz-programado-por-tareas-de-la-empresa-edesur","status":"publish","type":"post","link":"https:\/\/diarioprincipios.com\/index.php\/2020\/06\/16\/el-miercoles-habra-corte-de-luz-programado-por-tareas-de-la-empresa-edesur\/","title":{"rendered":"El mi\u00e9rcoles habr\u00e1 corte de luz programado por tareas de la empresa Edesur"},"content":{"rendered":"\n<p><strong>Debido a trabajos de mantenimiento a cargo de la empresa privada EDESUR, la Municipalidad de Berazategui informa que ma\u00f1ana (mi\u00e9rcoles 17 de junio) habr\u00e1 un corte programado del servicio de energ\u00eda el\u00e9ctrica en algunos tramos de la ciudad. El mismo se extender\u00e1 en el horario de 8.00 a 18.00 y afectar\u00e1 al per\u00edmetro conformado por las siguientes calles:<br><\/strong><br>Av. 14, entre calles 132 y 138.<br>Calle 13, entre 133 y 136.<br>Calle 15, entre 133 y 136.<br>Calle 133, entre 13 y Av. 14.<br>Calle 134, entre 12 y 15.<br>Calle 135, entre Av. 14 y 16.<br>Calle 136, entre 13 y 15.<\/p>\n","protected":false},"excerpt":{"rendered":"<p>Debido a trabajos de mantenimiento a cargo de la empresa privada EDESUR, la Municipalidad de Berazategui informa que ma\u00f1ana (mi\u00e9rcoles 17 de junio) habr\u00e1 un corte programado del servicio de energ\u00eda el\u00e9ctrica en algunos tramos de la ciudad. El mismo se extender\u00e1 en el horario de 8.00 a 18.00 y afectar\u00e1 al per\u00edmetro conformado por&#8230;<\/p>\n","protected":false},"author":2,"featured_media":2962,"comment_status":"open","ping_status":"open","sticky":false,"template":"","format":"standard","meta":{"footnotes":""},"categories":[3],"tags":[],"class_list":["post-2961","post","type-post","status-publish","format-standard","has-post-thumbnail","hentry","category-berazategui"],"featured_image_src":"https:\/\/diarioprincipios.com\/wp-content\/uploads\/2020\/06\/edesur-cortes-de-luz-1024x896.jpg","blog_images":{"medium":"https:\/\/diarioprincipios.com\/wp-content\/uploads\/2020\/06\/edesur-cortes-de-luz-300x263.jpg","large":"https:\/\/diarioprincipios.com\/wp-content\/uploads\/2020\/06\/edesur-cortes-de-luz-1024x896.jpg"},"ams_acf":[],"yoast_head":"<!-- This site is optimized with the Yoast SEO plugin v27.3 - https:\/\/yoast.com\/product\/yoast-seo-wordpress\/ -->\n<title>El mi\u00e9rcoles habr\u00e1 corte de luz programado por tareas de la empresa Edesur - Principios<\/title>\n<meta name=\"robots\" content=\"index, follow, max-snippet:-1, max-image-preview:large, max-video-preview:-1\" \/>\n<link rel=\"canonical\" href=\"https:\/\/diarioprincipios.com\/index.php\/2020\/06\/16\/el-miercoles-habra-corte-de-luz-programado-por-tareas-de-la-empresa-edesur\/\" \/>\n<meta property=\"og:locale\" content=\"es_ES\" \/>\n<meta property=\"og:type\" content=\"article\" \/>\n<meta property=\"og:title\" content=\"El mi\u00e9rcoles habr\u00e1 corte de luz programado por tareas de la empresa Edesur - Principios\" \/>\n<meta property=\"og:description\" content=\"Debido a trabajos de mantenimiento a cargo de la empresa privada EDESUR, la Municipalidad de Berazategui informa que ma\u00f1ana (mi\u00e9rcoles 17 de junio) habr\u00e1 un corte programado del servicio de energ\u00eda el\u00e9ctrica en algunos tramos de la ciudad. El mismo se extender\u00e1 en el horario de 8.00 a 18.00 y afectar\u00e1 al per\u00edmetro conformado por...\" \/>\n<meta property=\"og:url\" content=\"https:\/\/diarioprincipios.com\/index.php\/2020\/06\/16\/el-miercoles-habra-corte-de-luz-programado-por-tareas-de-la-empresa-edesur\/\" \/>\n<meta property=\"og:site_name\" content=\"Principios\" \/>\n<meta property=\"article:published_time\" content=\"2020-06-16T22:18:56+00:00\" \/>\n<meta property=\"article:modified_time\" content=\"2020-06-16T22:19:00+00:00\" \/>\n<meta property=\"og:image\" content=\"https:\/\/diarioprincipios.com\/wp-content\/uploads\/2020\/06\/edesur-cortes-de-luz.jpg\" \/>\n\t<meta property=\"og:image:width\" content=\"1200\" \/>\n\t<meta property=\"og:image:height\" content=\"1050\" \/>\n\t<meta property=\"og:image:type\" content=\"image\/jpeg\" \/>\n<meta name=\"author\" content=\"Hern\u00e1n L\u00f3pez\" \/>\n<meta name=\"twitter:card\" content=\"summary_large_image\" \/>\n<meta name=\"twitter:label1\" content=\"Escrito por\" \/>\n\t<meta name=\"twitter:data1\" content=\"Hern\u00e1n L\u00f3pez\" \/>\n<script type=\"application\/ld+json\" class=\"yoast-schema-graph\">{\"@context\":\"https:\\\/\\\/schema.org\",\"@graph\":[{\"@type\":\"Article\",\"@id\":\"https:\\\/\\\/diarioprincipios.com\\\/index.php\\\/2020\\\/06\\\/16\\\/el-miercoles-habra-corte-de-luz-programado-por-tareas-de-la-empresa-edesur\\\/#article\",\"isPartOf\":{\"@id\":\"https:\\\/\\\/diarioprincipios.com\\\/index.php\\\/2020\\\/06\\\/16\\\/el-miercoles-habra-corte-de-luz-programado-por-tareas-de-la-empresa-edesur\\\/\"},\"author\":{\"name\":\"Hern\u00e1n L\u00f3pez\",\"@id\":\"https:\\\/\\\/diarioprincipios.com\\\/#\\\/schema\\\/person\\\/436d5a1fd41a5e250e23ff5a6a7cb080\"},\"headline\":\"El mi\u00e9rcoles habr\u00e1 corte de luz programado por tareas de la empresa Edesur\",\"datePublished\":\"2020-06-16T22:18:56+00:00\",\"dateModified\":\"2020-06-16T22:19:00+00:00\",\"mainEntityOfPage\":{\"@id\":\"https:\\\/\\\/diarioprincipios.com\\\/index.php\\\/2020\\\/06\\\/16\\\/el-miercoles-habra-corte-de-luz-programado-por-tareas-de-la-empresa-edesur\\\/\"},\"wordCount\":98,\"commentCount\":0,\"publisher\":{\"@id\":\"https:\\\/\\\/diarioprincipios.com\\\/#organization\"},\"image\":{\"@id\":\"https:\\\/\\\/diarioprincipios.com\\\/index.php\\\/2020\\\/06\\\/16\\\/el-miercoles-habra-corte-de-luz-programado-por-tareas-de-la-empresa-edesur\\\/#primaryimage\"},\"thumbnailUrl\":\"https:\\\/\\\/diarioprincipios.com\\\/wp-content\\\/uploads\\\/2020\\\/06\\\/edesur-cortes-de-luz.jpg\",\"articleSection\":[\"Berazategui\"],\"inLanguage\":\"es\",\"potentialAction\":[{\"@type\":\"CommentAction\",\"name\":\"Comment\",\"target\":[\"https:\\\/\\\/diarioprincipios.com\\\/index.php\\\/2020\\\/06\\\/16\\\/el-miercoles-habra-corte-de-luz-programado-por-tareas-de-la-empresa-edesur\\\/#respond\"]}]},{\"@type\":\"WebPage\",\"@id\":\"https:\\\/\\\/diarioprincipios.com\\\/index.php\\\/2020\\\/06\\\/16\\\/el-miercoles-habra-corte-de-luz-programado-por-tareas-de-la-empresa-edesur\\\/\",\"url\":\"https:\\\/\\\/diarioprincipios.com\\\/index.php\\\/2020\\\/06\\\/16\\\/el-miercoles-habra-corte-de-luz-programado-por-tareas-de-la-empresa-edesur\\\/\",\"name\":\"El mi\u00e9rcoles habr\u00e1 corte de luz programado por tareas de la empresa Edesur - Principios\",\"isPartOf\":{\"@id\":\"https:\\\/\\\/diarioprincipios.com\\\/#website\"},\"primaryImageOfPage\":{\"@id\":\"https:\\\/\\\/diarioprincipios.com\\\/index.php\\\/2020\\\/06\\\/16\\\/el-miercoles-habra-corte-de-luz-programado-por-tareas-de-la-empresa-edesur\\\/#primaryimage\"},\"image\":{\"@id\":\"https:\\\/\\\/diarioprincipios.com\\\/index.php\\\/2020\\\/06\\\/16\\\/el-miercoles-habra-corte-de-luz-programado-por-tareas-de-la-empresa-edesur\\\/#primaryimage\"},\"thumbnailUrl\":\"https:\\\/\\\/diarioprincipios.com\\\/wp-content\\\/uploads\\\/2020\\\/06\\\/edesur-cortes-de-luz.jpg\",\"datePublished\":\"2020-06-16T22:18:56+00:00\",\"dateModified\":\"2020-06-16T22:19:00+00:00\",\"breadcrumb\":{\"@id\":\"https:\\\/\\\/diarioprincipios.com\\\/index.php\\\/2020\\\/06\\\/16\\\/el-miercoles-habra-corte-de-luz-programado-por-tareas-de-la-empresa-edesur\\\/#breadcrumb\"},\"inLanguage\":\"es\",\"potentialAction\":[{\"@type\":\"ReadAction\",\"target\":[\"https:\\\/\\\/diarioprincipios.com\\\/index.php\\\/2020\\\/06\\\/16\\\/el-miercoles-habra-corte-de-luz-programado-por-tareas-de-la-empresa-edesur\\\/\"]}]},{\"@type\":\"ImageObject\",\"inLanguage\":\"es\",\"@id\":\"https:\\\/\\\/diarioprincipios.com\\\/index.php\\\/2020\\\/06\\\/16\\\/el-miercoles-habra-corte-de-luz-programado-por-tareas-de-la-empresa-edesur\\\/#primaryimage\",\"url\":\"https:\\\/\\\/diarioprincipios.com\\\/wp-content\\\/uploads\\\/2020\\\/06\\\/edesur-cortes-de-luz.jpg\",\"contentUrl\":\"https:\\\/\\\/diarioprincipios.com\\\/wp-content\\\/uploads\\\/2020\\\/06\\\/edesur-cortes-de-luz.jpg\",\"width\":1200,\"height\":1050},{\"@type\":\"BreadcrumbList\",\"@id\":\"https:\\\/\\\/diarioprincipios.com\\\/index.php\\\/2020\\\/06\\\/16\\\/el-miercoles-habra-corte-de-luz-programado-por-tareas-de-la-empresa-edesur\\\/#breadcrumb\",\"itemListElement\":[{\"@type\":\"ListItem\",\"position\":1,\"name\":\"Portada\",\"item\":\"https:\\\/\\\/diarioprincipios.com\\\/\"},{\"@type\":\"ListItem\",\"position\":2,\"name\":\"El mi\u00e9rcoles habr\u00e1 corte de luz programado por tareas de la empresa Edesur\"}]},{\"@type\":\"WebSite\",\"@id\":\"https:\\\/\\\/diarioprincipios.com\\\/#website\",\"url\":\"https:\\\/\\\/diarioprincipios.com\\\/\",\"name\":\"Principios\",\"description\":\"Principios Diario\",\"publisher\":{\"@id\":\"https:\\\/\\\/diarioprincipios.com\\\/#organization\"},\"potentialAction\":[{\"@type\":\"SearchAction\",\"target\":{\"@type\":\"EntryPoint\",\"urlTemplate\":\"https:\\\/\\\/diarioprincipios.com\\\/?s={search_term_string}\"},\"query-input\":{\"@type\":\"PropertyValueSpecification\",\"valueRequired\":true,\"valueName\":\"search_term_string\"}}],\"inLanguage\":\"es\"},{\"@type\":\"Organization\",\"@id\":\"https:\\\/\\\/diarioprincipios.com\\\/#organization\",\"name\":\"Principios\",\"url\":\"https:\\\/\\\/diarioprincipios.com\\\/\",\"logo\":{\"@type\":\"ImageObject\",\"inLanguage\":\"es\",\"@id\":\"https:\\\/\\\/diarioprincipios.com\\\/#\\\/schema\\\/logo\\\/image\\\/\",\"url\":\"https:\\\/\\\/diarioprincipios.com\\\/wp-content\\\/uploads\\\/2024\\\/04\\\/cropped-www.diarioprincipios.com_-1.png\",\"contentUrl\":\"https:\\\/\\\/diarioprincipios.com\\\/wp-content\\\/uploads\\\/2024\\\/04\\\/cropped-www.diarioprincipios.com_-1.png\",\"width\":5325,\"height\":1454,\"caption\":\"Principios\"},\"image\":{\"@id\":\"https:\\\/\\\/diarioprincipios.com\\\/#\\\/schema\\\/logo\\\/image\\\/\"}},{\"@type\":\"Person\",\"@id\":\"https:\\\/\\\/diarioprincipios.com\\\/#\\\/schema\\\/person\\\/436d5a1fd41a5e250e23ff5a6a7cb080\",\"name\":\"Hern\u00e1n L\u00f3pez\",\"image\":{\"@type\":\"ImageObject\",\"inLanguage\":\"es\",\"@id\":\"https:\\\/\\\/diarioprincipios.com\\\/wp-content\\\/litespeed\\\/avatar\\\/11ddfe5610ff3bd100522525b2571f48.jpg?ver=1777653193\",\"url\":\"https:\\\/\\\/diarioprincipios.com\\\/wp-content\\\/litespeed\\\/avatar\\\/11ddfe5610ff3bd100522525b2571f48.jpg?ver=1777653193\",\"contentUrl\":\"https:\\\/\\\/diarioprincipios.com\\\/wp-content\\\/litespeed\\\/avatar\\\/11ddfe5610ff3bd100522525b2571f48.jpg?ver=1777653193\",\"caption\":\"Hern\u00e1n L\u00f3pez\"},\"url\":\"https:\\\/\\\/diarioprincipios.com\\\/index.php\\\/author\\\/hernan\\\/\"}]}<\/script>\n<!-- \/ Yoast SEO plugin. -->","yoast_head_json":{"title":"El mi\u00e9rcoles habr\u00e1 corte de luz programado por tareas de la empresa Edesur - Principios","robots":{"index":"index","follow":"follow","max-snippet":"max-snippet:-1","max-image-preview":"max-image-preview:large","max-video-preview":"max-video-preview:-1"},"canonical":"https:\/\/diarioprincipios.com\/index.php\/2020\/06\/16\/el-miercoles-habra-corte-de-luz-programado-por-tareas-de-la-empresa-edesur\/","og_locale":"es_ES","og_type":"article","og_title":"El mi\u00e9rcoles habr\u00e1 corte de luz programado por tareas de la empresa Edesur - Principios","og_description":"Debido a trabajos de mantenimiento a cargo de la empresa privada EDESUR, la Municipalidad de Berazategui informa que ma\u00f1ana (mi\u00e9rcoles 17 de junio) habr\u00e1 un corte programado del servicio de energ\u00eda el\u00e9ctrica en algunos tramos de la ciudad. El mismo se extender\u00e1 en el horario de 8.00 a 18.00 y afectar\u00e1 al per\u00edmetro conformado por...","og_url":"https:\/\/diarioprincipios.com\/index.php\/2020\/06\/16\/el-miercoles-habra-corte-de-luz-programado-por-tareas-de-la-empresa-edesur\/","og_site_name":"Principios","article_published_time":"2020-06-16T22:18:56+00:00","article_modified_time":"2020-06-16T22:19:00+00:00","og_image":[{"width":1200,"height":1050,"url":"https:\/\/diarioprincipios.com\/wp-content\/uploads\/2020\/06\/edesur-cortes-de-luz.jpg","type":"image\/jpeg"}],"author":"Hern\u00e1n L\u00f3pez","twitter_card":"summary_large_image","twitter_misc":{"Escrito por":"Hern\u00e1n L\u00f3pez"},"schema":{"@context":"https:\/\/schema.org","@graph":[{"@type":"Article","@id":"https:\/\/diarioprincipios.com\/index.php\/2020\/06\/16\/el-miercoles-habra-corte-de-luz-programado-por-tareas-de-la-empresa-edesur\/#article","isPartOf":{"@id":"https:\/\/diarioprincipios.com\/index.php\/2020\/06\/16\/el-miercoles-habra-corte-de-luz-programado-por-tareas-de-la-empresa-edesur\/"},"author":{"name":"Hern\u00e1n L\u00f3pez","@id":"https:\/\/diarioprincipios.com\/#\/schema\/person\/436d5a1fd41a5e250e23ff5a6a7cb080"},"headline":"El mi\u00e9rcoles habr\u00e1 corte de luz programado por tareas de la empresa Edesur","datePublished":"2020-06-16T22:18:56+00:00","dateModified":"2020-06-16T22:19:00+00:00","mainEntityOfPage":{"@id":"https:\/\/diarioprincipios.com\/index.php\/2020\/06\/16\/el-miercoles-habra-corte-de-luz-programado-por-tareas-de-la-empresa-edesur\/"},"wordCount":98,"commentCount":0,"publisher":{"@id":"https:\/\/diarioprincipios.com\/#organization"},"image":{"@id":"https:\/\/diarioprincipios.com\/index.php\/2020\/06\/16\/el-miercoles-habra-corte-de-luz-programado-por-tareas-de-la-empresa-edesur\/#primaryimage"},"thumbnailUrl":"https:\/\/diarioprincipios.com\/wp-content\/uploads\/2020\/06\/edesur-cortes-de-luz.jpg","articleSection":["Berazategui"],"inLanguage":"es","potentialAction":[{"@type":"CommentAction","name":"Comment","target":["https:\/\/diarioprincipios.com\/index.php\/2020\/06\/16\/el-miercoles-habra-corte-de-luz-programado-por-tareas-de-la-empresa-edesur\/#respond"]}]},{"@type":"WebPage","@id":"https:\/\/diarioprincipios.com\/index.php\/2020\/06\/16\/el-miercoles-habra-corte-de-luz-programado-por-tareas-de-la-empresa-edesur\/","url":"https:\/\/diarioprincipios.com\/index.php\/2020\/06\/16\/el-miercoles-habra-corte-de-luz-programado-por-tareas-de-la-empresa-edesur\/","name":"El mi\u00e9rcoles habr\u00e1 corte de luz programado por tareas de la empresa Edesur - Principios","isPartOf":{"@id":"https:\/\/diarioprincipios.com\/#website"},"primaryImageOfPage":{"@id":"https:\/\/diarioprincipios.com\/index.php\/2020\/06\/16\/el-miercoles-habra-corte-de-luz-programado-por-tareas-de-la-empresa-edesur\/#primaryimage"},"image":{"@id":"https:\/\/diarioprincipios.com\/index.php\/2020\/06\/16\/el-miercoles-habra-corte-de-luz-programado-por-tareas-de-la-empresa-edesur\/#primaryimage"},"thumbnailUrl":"https:\/\/diarioprincipios.com\/wp-content\/uploads\/2020\/06\/edesur-cortes-de-luz.jpg","datePublished":"2020-06-16T22:18:56+00:00","dateModified":"2020-06-16T22:19:00+00:00","breadcrumb":{"@id":"https:\/\/diarioprincipios.com\/index.php\/2020\/06\/16\/el-miercoles-habra-corte-de-luz-programado-por-tareas-de-la-empresa-edesur\/#breadcrumb"},"inLanguage":"es","potentialAction":[{"@type":"ReadAction","target":["https:\/\/diarioprincipios.com\/index.php\/2020\/06\/16\/el-miercoles-habra-corte-de-luz-programado-por-tareas-de-la-empresa-edesur\/"]}]},{"@type":"ImageObject","inLanguage":"es","@id":"https:\/\/diarioprincipios.com\/index.php\/2020\/06\/16\/el-miercoles-habra-corte-de-luz-programado-por-tareas-de-la-empresa-edesur\/#primaryimage","url":"https:\/\/diarioprincipios.com\/wp-content\/uploads\/2020\/06\/edesur-cortes-de-luz.jpg","contentUrl":"https:\/\/diarioprincipios.com\/wp-content\/uploads\/2020\/06\/edesur-cortes-de-luz.jpg","width":1200,"height":1050},{"@type":"BreadcrumbList","@id":"https:\/\/diarioprincipios.com\/index.php\/2020\/06\/16\/el-miercoles-habra-corte-de-luz-programado-por-tareas-de-la-empresa-edesur\/#breadcrumb","itemListElement":[{"@type":"ListItem","position":1,"name":"Portada","item":"https:\/\/diarioprincipios.com\/"},{"@type":"ListItem","position":2,"name":"El mi\u00e9rcoles habr\u00e1 corte de luz programado por tareas de la empresa Edesur"}]},{"@type":"WebSite","@id":"https:\/\/diarioprincipios.com\/#website","url":"https:\/\/diarioprincipios.com\/","name":"Principios","description":"Principios Diario","publisher":{"@id":"https:\/\/diarioprincipios.com\/#organization"},"potentialAction":[{"@type":"SearchAction","target":{"@type":"EntryPoint","urlTemplate":"https:\/\/diarioprincipios.com\/?s={search_term_string}"},"query-input":{"@type":"PropertyValueSpecification","valueRequired":true,"valueName":"search_term_string"}}],"inLanguage":"es"},{"@type":"Organization","@id":"https:\/\/diarioprincipios.com\/#organization","name":"Principios","url":"https:\/\/diarioprincipios.com\/","logo":{"@type":"ImageObject","inLanguage":"es","@id":"https:\/\/diarioprincipios.com\/#\/schema\/logo\/image\/","url":"https:\/\/diarioprincipios.com\/wp-content\/uploads\/2024\/04\/cropped-www.diarioprincipios.com_-1.png","contentUrl":"https:\/\/diarioprincipios.com\/wp-content\/uploads\/2024\/04\/cropped-www.diarioprincipios.com_-1.png","width":5325,"height":1454,"caption":"Principios"},"image":{"@id":"https:\/\/diarioprincipios.com\/#\/schema\/logo\/image\/"}},{"@type":"Person","@id":"https:\/\/diarioprincipios.com\/#\/schema\/person\/436d5a1fd41a5e250e23ff5a6a7cb080","name":"Hern\u00e1n L\u00f3pez","image":{"@type":"ImageObject","inLanguage":"es","@id":"https:\/\/diarioprincipios.com\/wp-content\/litespeed\/avatar\/11ddfe5610ff3bd100522525b2571f48.jpg?ver=1777653193","url":"https:\/\/diarioprincipios.com\/wp-content\/litespeed\/avatar\/11ddfe5610ff3bd100522525b2571f48.jpg?ver=1777653193","contentUrl":"https:\/\/diarioprincipios.com\/wp-content\/litespeed\/avatar\/11ddfe5610ff3bd100522525b2571f48.jpg?ver=1777653193","caption":"Hern\u00e1n L\u00f3pez"},"url":"https:\/\/diarioprincipios.com\/index.php\/author\/hernan\/"}]}},"jetpack_featured_media_url":"https:\/\/diarioprincipios.com\/wp-content\/uploads\/2020\/06\/edesur-cortes-de-luz.jpg","_links":{"self":[{"href":"https:\/\/diarioprincipios.com\/index.php\/wp-json\/wp\/v2\/posts\/2961","targetHints":{"allow":["GET"]}}],"collection":[{"href":"https:\/\/diarioprincipios.com\/index.php\/wp-json\/wp\/v2\/posts"}],"about":[{"href":"https:\/\/diarioprincipios.com\/index.php\/wp-json\/wp\/v2\/types\/post"}],"author":[{"embeddable":true,"href":"https:\/\/diarioprincipios.com\/index.php\/wp-json\/wp\/v2\/users\/2"}],"replies":[{"embeddable":true,"href":"https:\/\/diarioprincipios.com\/index.php\/wp-json\/wp\/v2\/comments?post=2961"}],"version-history":[{"count":1,"href":"https:\/\/diarioprincipios.com\/index.php\/wp-json\/wp\/v2\/posts\/2961\/revisions"}],"predecessor-version":[{"id":2963,"href":"https:\/\/diarioprincipios.com\/index.php\/wp-json\/wp\/v2\/posts\/2961\/revisions\/2963"}],"wp:featuredmedia":[{"embeddable":true,"href":"https:\/\/diarioprincipios.com\/index.php\/wp-json\/wp\/v2\/media\/2962"}],"wp:attachment":[{"href":"https:\/\/diarioprincipios.com\/index.php\/wp-json\/wp\/v2\/media?parent=2961"}],"wp:term":[{"taxonomy":"category","embeddable":true,"href":"https:\/\/diarioprincipios.com\/index.php\/wp-json\/wp\/v2\/categories?post=2961"},{"taxonomy":"post_tag","embeddable":true,"href":"https:\/\/diarioprincipios.com\/index.php\/wp-json\/wp\/v2\/tags?post=2961"}],"curies":[{"name":"wp","href":"https:\/\/api.w.org\/{rel}","templated":true}]}}