{"id":2945,"date":"2020-06-16T15:42:37","date_gmt":"2020-06-16T18:42:37","guid":{"rendered":"http:\/\/diarioprincipios.com\/?p=2945"},"modified":"2020-06-16T15:42:41","modified_gmt":"2020-06-16T18:42:41","slug":"mussi-firmo-convenio-con-kicillof-para-que-berazategui-reciba-asistencia-financiera-de-la-provincia","status":"publish","type":"post","link":"https:\/\/diarioprincipios.com\/index.php\/2020\/06\/16\/mussi-firmo-convenio-con-kicillof-para-que-berazategui-reciba-asistencia-financiera-de-la-provincia\/","title":{"rendered":"Mussi firm\u00f3 convenio con Kicillof para que Berazategui reciba asistencia financiera de la Provincia"},"content":{"rendered":"\n<p>El Intendente de Berazategui, doctor Juan Jos\u00e9 Mussi, firm\u00f3 hoy un convenio con el Gobernador para que Berazategui reciba asistencia financiera de la Provincia.<\/p>\n\n\n\n<p>\u00abHoy firm\u00e9 un convenio con el gobernador Axel Kicillof, por el cual #Berazategui va a recibir asistencia financiera de la Provincia. Estos fondos ser\u00e1n utilizados para solventar gastos, dada la nueva situaci\u00f3n que estamos atravesando debido a la #Pandemia de #Coronavirus\u00bb, inform\u00f3 Mussi a trav\u00e9s de sus redes sociales.<\/p>\n\n\n\n<figure class=\"wp-block-image size-large\"><img loading=\"lazy\" decoding=\"async\" width=\"1024\" height=\"683\" src=\"https:\/\/diarioprincipios.com\/wp-content\/uploads\/2020\/06\/FB_IMG_1592332471728-1024x683.jpg\" alt=\"\" class=\"wp-image-2946\" srcset=\"https:\/\/diarioprincipios.com\/wp-content\/uploads\/2020\/06\/FB_IMG_1592332471728-1024x683.jpg 1024w, https:\/\/diarioprincipios.com\/wp-content\/uploads\/2020\/06\/FB_IMG_1592332471728-300x200.jpg 300w, https:\/\/diarioprincipios.com\/wp-content\/uploads\/2020\/06\/FB_IMG_1592332471728-768x512.jpg 768w, https:\/\/diarioprincipios.com\/wp-content\/uploads\/2020\/06\/FB_IMG_1592332471728.jpg 1080w\" sizes=\"auto, (max-width: 1024px) 100vw, 1024px\" \/><\/figure>\n\n\n\n<p>Finalmente expres\u00f3 que \u00abVuelvo a agradecer a las autoridades nacionales y provinciales por seguir estando en contacto y ocup\u00e1ndose de las necesidades de los municipios. #SomosResponsables\u00bb<\/p>\n","protected":false},"excerpt":{"rendered":"<p>El Intendente de Berazategui, doctor Juan Jos\u00e9 Mussi, firm\u00f3 hoy un convenio con el Gobernador para que Berazategui reciba asistencia financiera de la Provincia. \u00abHoy firm\u00e9 un convenio con el gobernador Axel Kicillof, por el cual #Berazategui va a recibir asistencia financiera de la Provincia. Estos fondos ser\u00e1n utilizados para solventar gastos, dada la nueva&#8230;<\/p>\n","protected":false},"author":2,"featured_media":2947,"comment_status":"open","ping_status":"open","sticky":false,"template":"","format":"standard","meta":{"footnotes":""},"categories":[3],"tags":[],"class_list":["post-2945","post","type-post","status-publish","format-standard","has-post-thumbnail","hentry","category-berazategui"],"featured_image_src":"https:\/\/diarioprincipios.com\/wp-content\/uploads\/2020\/06\/FB_IMG_1592332456907-1024x683.jpg","blog_images":{"medium":"https:\/\/diarioprincipios.com\/wp-content\/uploads\/2020\/06\/FB_IMG_1592332456907-300x200.jpg","large":"https:\/\/diarioprincipios.com\/wp-content\/uploads\/2020\/06\/FB_IMG_1592332456907-1024x683.jpg"},"ams_acf":[],"yoast_head":"<!-- This site is optimized with the Yoast SEO plugin v27.3 - https:\/\/yoast.com\/product\/yoast-seo-wordpress\/ -->\n<title>Mussi firm\u00f3 convenio con Kicillof para que Berazategui reciba asistencia financiera de la Provincia - Principios<\/title>\n<meta name=\"robots\" content=\"index, follow, max-snippet:-1, max-image-preview:large, max-video-preview:-1\" \/>\n<link rel=\"canonical\" href=\"https:\/\/diarioprincipios.com\/index.php\/2020\/06\/16\/mussi-firmo-convenio-con-kicillof-para-que-berazategui-reciba-asistencia-financiera-de-la-provincia\/\" \/>\n<meta property=\"og:locale\" content=\"es_ES\" \/>\n<meta property=\"og:type\" content=\"article\" \/>\n<meta property=\"og:title\" content=\"Mussi firm\u00f3 convenio con Kicillof para que Berazategui reciba asistencia financiera de la Provincia - Principios\" \/>\n<meta property=\"og:description\" content=\"El Intendente de Berazategui, doctor Juan Jos\u00e9 Mussi, firm\u00f3 hoy un convenio con el Gobernador para que Berazategui reciba asistencia financiera de la Provincia. \u00abHoy firm\u00e9 un convenio con el gobernador Axel Kicillof, por el cual #Berazategui va a recibir asistencia financiera de la Provincia. Estos fondos ser\u00e1n utilizados para solventar gastos, dada la nueva...\" \/>\n<meta property=\"og:url\" content=\"https:\/\/diarioprincipios.com\/index.php\/2020\/06\/16\/mussi-firmo-convenio-con-kicillof-para-que-berazategui-reciba-asistencia-financiera-de-la-provincia\/\" \/>\n<meta property=\"og:site_name\" content=\"Principios\" \/>\n<meta property=\"article:published_time\" content=\"2020-06-16T18:42:37+00:00\" \/>\n<meta property=\"article:modified_time\" content=\"2020-06-16T18:42:41+00:00\" \/>\n<meta property=\"og:image\" content=\"https:\/\/diarioprincipios.com\/wp-content\/uploads\/2020\/06\/FB_IMG_1592332456907.jpg\" \/>\n\t<meta property=\"og:image:width\" content=\"1080\" \/>\n\t<meta property=\"og:image:height\" content=\"720\" \/>\n\t<meta property=\"og:image:type\" content=\"image\/jpeg\" \/>\n<meta name=\"author\" content=\"Hern\u00e1n L\u00f3pez\" \/>\n<meta name=\"twitter:card\" content=\"summary_large_image\" \/>\n<meta name=\"twitter:label1\" content=\"Escrito por\" \/>\n\t<meta name=\"twitter:data1\" content=\"Hern\u00e1n L\u00f3pez\" \/>\n\t<meta name=\"twitter:label2\" content=\"Tiempo de lectura\" \/>\n\t<meta name=\"twitter:data2\" content=\"1 minuto\" \/>\n<script type=\"application\/ld+json\" class=\"yoast-schema-graph\">{\"@context\":\"https:\\\/\\\/schema.org\",\"@graph\":[{\"@type\":\"Article\",\"@id\":\"https:\\\/\\\/diarioprincipios.com\\\/index.php\\\/2020\\\/06\\\/16\\\/mussi-firmo-convenio-con-kicillof-para-que-berazategui-reciba-asistencia-financiera-de-la-provincia\\\/#article\",\"isPartOf\":{\"@id\":\"https:\\\/\\\/diarioprincipios.com\\\/index.php\\\/2020\\\/06\\\/16\\\/mussi-firmo-convenio-con-kicillof-para-que-berazategui-reciba-asistencia-financiera-de-la-provincia\\\/\"},\"author\":{\"name\":\"Hern\u00e1n L\u00f3pez\",\"@id\":\"https:\\\/\\\/diarioprincipios.com\\\/#\\\/schema\\\/person\\\/436d5a1fd41a5e250e23ff5a6a7cb080\"},\"headline\":\"Mussi firm\u00f3 convenio con Kicillof para que Berazategui reciba asistencia financiera de la Provincia\",\"datePublished\":\"2020-06-16T18:42:37+00:00\",\"dateModified\":\"2020-06-16T18:42:41+00:00\",\"mainEntityOfPage\":{\"@id\":\"https:\\\/\\\/diarioprincipios.com\\\/index.php\\\/2020\\\/06\\\/16\\\/mussi-firmo-convenio-con-kicillof-para-que-berazategui-reciba-asistencia-financiera-de-la-provincia\\\/\"},\"wordCount\":117,\"commentCount\":0,\"publisher\":{\"@id\":\"https:\\\/\\\/diarioprincipios.com\\\/#organization\"},\"image\":{\"@id\":\"https:\\\/\\\/diarioprincipios.com\\\/index.php\\\/2020\\\/06\\\/16\\\/mussi-firmo-convenio-con-kicillof-para-que-berazategui-reciba-asistencia-financiera-de-la-provincia\\\/#primaryimage\"},\"thumbnailUrl\":\"https:\\\/\\\/diarioprincipios.com\\\/wp-content\\\/uploads\\\/2020\\\/06\\\/FB_IMG_1592332456907.jpg\",\"articleSection\":[\"Berazategui\"],\"inLanguage\":\"es\",\"potentialAction\":[{\"@type\":\"CommentAction\",\"name\":\"Comment\",\"target\":[\"https:\\\/\\\/diarioprincipios.com\\\/index.php\\\/2020\\\/06\\\/16\\\/mussi-firmo-convenio-con-kicillof-para-que-berazategui-reciba-asistencia-financiera-de-la-provincia\\\/#respond\"]}]},{\"@type\":\"WebPage\",\"@id\":\"https:\\\/\\\/diarioprincipios.com\\\/index.php\\\/2020\\\/06\\\/16\\\/mussi-firmo-convenio-con-kicillof-para-que-berazategui-reciba-asistencia-financiera-de-la-provincia\\\/\",\"url\":\"https:\\\/\\\/diarioprincipios.com\\\/index.php\\\/2020\\\/06\\\/16\\\/mussi-firmo-convenio-con-kicillof-para-que-berazategui-reciba-asistencia-financiera-de-la-provincia\\\/\",\"name\":\"Mussi firm\u00f3 convenio con Kicillof para que Berazategui reciba asistencia financiera de la Provincia - Principios\",\"isPartOf\":{\"@id\":\"https:\\\/\\\/diarioprincipios.com\\\/#website\"},\"primaryImageOfPage\":{\"@id\":\"https:\\\/\\\/diarioprincipios.com\\\/index.php\\\/2020\\\/06\\\/16\\\/mussi-firmo-convenio-con-kicillof-para-que-berazategui-reciba-asistencia-financiera-de-la-provincia\\\/#primaryimage\"},\"image\":{\"@id\":\"https:\\\/\\\/diarioprincipios.com\\\/index.php\\\/2020\\\/06\\\/16\\\/mussi-firmo-convenio-con-kicillof-para-que-berazategui-reciba-asistencia-financiera-de-la-provincia\\\/#primaryimage\"},\"thumbnailUrl\":\"https:\\\/\\\/diarioprincipios.com\\\/wp-content\\\/uploads\\\/2020\\\/06\\\/FB_IMG_1592332456907.jpg\",\"datePublished\":\"2020-06-16T18:42:37+00:00\",\"dateModified\":\"2020-06-16T18:42:41+00:00\",\"breadcrumb\":{\"@id\":\"https:\\\/\\\/diarioprincipios.com\\\/index.php\\\/2020\\\/06\\\/16\\\/mussi-firmo-convenio-con-kicillof-para-que-berazategui-reciba-asistencia-financiera-de-la-provincia\\\/#breadcrumb\"},\"inLanguage\":\"es\",\"potentialAction\":[{\"@type\":\"ReadAction\",\"target\":[\"https:\\\/\\\/diarioprincipios.com\\\/index.php\\\/2020\\\/06\\\/16\\\/mussi-firmo-convenio-con-kicillof-para-que-berazategui-reciba-asistencia-financiera-de-la-provincia\\\/\"]}]},{\"@type\":\"ImageObject\",\"inLanguage\":\"es\",\"@id\":\"https:\\\/\\\/diarioprincipios.com\\\/index.php\\\/2020\\\/06\\\/16\\\/mussi-firmo-convenio-con-kicillof-para-que-berazategui-reciba-asistencia-financiera-de-la-provincia\\\/#primaryimage\",\"url\":\"https:\\\/\\\/diarioprincipios.com\\\/wp-content\\\/uploads\\\/2020\\\/06\\\/FB_IMG_1592332456907.jpg\",\"contentUrl\":\"https:\\\/\\\/diarioprincipios.com\\\/wp-content\\\/uploads\\\/2020\\\/06\\\/FB_IMG_1592332456907.jpg\",\"width\":1080,\"height\":720},{\"@type\":\"BreadcrumbList\",\"@id\":\"https:\\\/\\\/diarioprincipios.com\\\/index.php\\\/2020\\\/06\\\/16\\\/mussi-firmo-convenio-con-kicillof-para-que-berazategui-reciba-asistencia-financiera-de-la-provincia\\\/#breadcrumb\",\"itemListElement\":[{\"@type\":\"ListItem\",\"position\":1,\"name\":\"Portada\",\"item\":\"https:\\\/\\\/diarioprincipios.com\\\/\"},{\"@type\":\"ListItem\",\"position\":2,\"name\":\"Mussi firm\u00f3 convenio con Kicillof para que Berazategui reciba asistencia financiera de la Provincia\"}]},{\"@type\":\"WebSite\",\"@id\":\"https:\\\/\\\/diarioprincipios.com\\\/#website\",\"url\":\"https:\\\/\\\/diarioprincipios.com\\\/\",\"name\":\"Principios\",\"description\":\"Principios Diario\",\"publisher\":{\"@id\":\"https:\\\/\\\/diarioprincipios.com\\\/#organization\"},\"potentialAction\":[{\"@type\":\"SearchAction\",\"target\":{\"@type\":\"EntryPoint\",\"urlTemplate\":\"https:\\\/\\\/diarioprincipios.com\\\/?s={search_term_string}\"},\"query-input\":{\"@type\":\"PropertyValueSpecification\",\"valueRequired\":true,\"valueName\":\"search_term_string\"}}],\"inLanguage\":\"es\"},{\"@type\":\"Organization\",\"@id\":\"https:\\\/\\\/diarioprincipios.com\\\/#organization\",\"name\":\"Principios\",\"url\":\"https:\\\/\\\/diarioprincipios.com\\\/\",\"logo\":{\"@type\":\"ImageObject\",\"inLanguage\":\"es\",\"@id\":\"https:\\\/\\\/diarioprincipios.com\\\/#\\\/schema\\\/logo\\\/image\\\/\",\"url\":\"https:\\\/\\\/diarioprincipios.com\\\/wp-content\\\/uploads\\\/2024\\\/04\\\/cropped-www.diarioprincipios.com_-1.png\",\"contentUrl\":\"https:\\\/\\\/diarioprincipios.com\\\/wp-content\\\/uploads\\\/2024\\\/04\\\/cropped-www.diarioprincipios.com_-1.png\",\"width\":5325,\"height\":1454,\"caption\":\"Principios\"},\"image\":{\"@id\":\"https:\\\/\\\/diarioprincipios.com\\\/#\\\/schema\\\/logo\\\/image\\\/\"}},{\"@type\":\"Person\",\"@id\":\"https:\\\/\\\/diarioprincipios.com\\\/#\\\/schema\\\/person\\\/436d5a1fd41a5e250e23ff5a6a7cb080\",\"name\":\"Hern\u00e1n L\u00f3pez\",\"image\":{\"@type\":\"ImageObject\",\"inLanguage\":\"es\",\"@id\":\"https:\\\/\\\/diarioprincipios.com\\\/wp-content\\\/litespeed\\\/avatar\\\/11ddfe5610ff3bd100522525b2571f48.jpg?ver=1777653193\",\"url\":\"https:\\\/\\\/diarioprincipios.com\\\/wp-content\\\/litespeed\\\/avatar\\\/11ddfe5610ff3bd100522525b2571f48.jpg?ver=1777653193\",\"contentUrl\":\"https:\\\/\\\/diarioprincipios.com\\\/wp-content\\\/litespeed\\\/avatar\\\/11ddfe5610ff3bd100522525b2571f48.jpg?ver=1777653193\",\"caption\":\"Hern\u00e1n L\u00f3pez\"},\"url\":\"https:\\\/\\\/diarioprincipios.com\\\/index.php\\\/author\\\/hernan\\\/\"}]}<\/script>\n<!-- \/ Yoast SEO plugin. -->","yoast_head_json":{"title":"Mussi firm\u00f3 convenio con Kicillof para que Berazategui reciba asistencia financiera de la Provincia - Principios","robots":{"index":"index","follow":"follow","max-snippet":"max-snippet:-1","max-image-preview":"max-image-preview:large","max-video-preview":"max-video-preview:-1"},"canonical":"https:\/\/diarioprincipios.com\/index.php\/2020\/06\/16\/mussi-firmo-convenio-con-kicillof-para-que-berazategui-reciba-asistencia-financiera-de-la-provincia\/","og_locale":"es_ES","og_type":"article","og_title":"Mussi firm\u00f3 convenio con Kicillof para que Berazategui reciba asistencia financiera de la Provincia - Principios","og_description":"El Intendente de Berazategui, doctor Juan Jos\u00e9 Mussi, firm\u00f3 hoy un convenio con el Gobernador para que Berazategui reciba asistencia financiera de la Provincia. \u00abHoy firm\u00e9 un convenio con el gobernador Axel Kicillof, por el cual #Berazategui va a recibir asistencia financiera de la Provincia. Estos fondos ser\u00e1n utilizados para solventar gastos, dada la nueva...","og_url":"https:\/\/diarioprincipios.com\/index.php\/2020\/06\/16\/mussi-firmo-convenio-con-kicillof-para-que-berazategui-reciba-asistencia-financiera-de-la-provincia\/","og_site_name":"Principios","article_published_time":"2020-06-16T18:42:37+00:00","article_modified_time":"2020-06-16T18:42:41+00:00","og_image":[{"width":1080,"height":720,"url":"https:\/\/diarioprincipios.com\/wp-content\/uploads\/2020\/06\/FB_IMG_1592332456907.jpg","type":"image\/jpeg"}],"author":"Hern\u00e1n L\u00f3pez","twitter_card":"summary_large_image","twitter_misc":{"Escrito por":"Hern\u00e1n L\u00f3pez","Tiempo de lectura":"1 minuto"},"schema":{"@context":"https:\/\/schema.org","@graph":[{"@type":"Article","@id":"https:\/\/diarioprincipios.com\/index.php\/2020\/06\/16\/mussi-firmo-convenio-con-kicillof-para-que-berazategui-reciba-asistencia-financiera-de-la-provincia\/#article","isPartOf":{"@id":"https:\/\/diarioprincipios.com\/index.php\/2020\/06\/16\/mussi-firmo-convenio-con-kicillof-para-que-berazategui-reciba-asistencia-financiera-de-la-provincia\/"},"author":{"name":"Hern\u00e1n L\u00f3pez","@id":"https:\/\/diarioprincipios.com\/#\/schema\/person\/436d5a1fd41a5e250e23ff5a6a7cb080"},"headline":"Mussi firm\u00f3 convenio con Kicillof para que Berazategui reciba asistencia financiera de la Provincia","datePublished":"2020-06-16T18:42:37+00:00","dateModified":"2020-06-16T18:42:41+00:00","mainEntityOfPage":{"@id":"https:\/\/diarioprincipios.com\/index.php\/2020\/06\/16\/mussi-firmo-convenio-con-kicillof-para-que-berazategui-reciba-asistencia-financiera-de-la-provincia\/"},"wordCount":117,"commentCount":0,"publisher":{"@id":"https:\/\/diarioprincipios.com\/#organization"},"image":{"@id":"https:\/\/diarioprincipios.com\/index.php\/2020\/06\/16\/mussi-firmo-convenio-con-kicillof-para-que-berazategui-reciba-asistencia-financiera-de-la-provincia\/#primaryimage"},"thumbnailUrl":"https:\/\/diarioprincipios.com\/wp-content\/uploads\/2020\/06\/FB_IMG_1592332456907.jpg","articleSection":["Berazategui"],"inLanguage":"es","potentialAction":[{"@type":"CommentAction","name":"Comment","target":["https:\/\/diarioprincipios.com\/index.php\/2020\/06\/16\/mussi-firmo-convenio-con-kicillof-para-que-berazategui-reciba-asistencia-financiera-de-la-provincia\/#respond"]}]},{"@type":"WebPage","@id":"https:\/\/diarioprincipios.com\/index.php\/2020\/06\/16\/mussi-firmo-convenio-con-kicillof-para-que-berazategui-reciba-asistencia-financiera-de-la-provincia\/","url":"https:\/\/diarioprincipios.com\/index.php\/2020\/06\/16\/mussi-firmo-convenio-con-kicillof-para-que-berazategui-reciba-asistencia-financiera-de-la-provincia\/","name":"Mussi firm\u00f3 convenio con Kicillof para que Berazategui reciba asistencia financiera de la Provincia - Principios","isPartOf":{"@id":"https:\/\/diarioprincipios.com\/#website"},"primaryImageOfPage":{"@id":"https:\/\/diarioprincipios.com\/index.php\/2020\/06\/16\/mussi-firmo-convenio-con-kicillof-para-que-berazategui-reciba-asistencia-financiera-de-la-provincia\/#primaryimage"},"image":{"@id":"https:\/\/diarioprincipios.com\/index.php\/2020\/06\/16\/mussi-firmo-convenio-con-kicillof-para-que-berazategui-reciba-asistencia-financiera-de-la-provincia\/#primaryimage"},"thumbnailUrl":"https:\/\/diarioprincipios.com\/wp-content\/uploads\/2020\/06\/FB_IMG_1592332456907.jpg","datePublished":"2020-06-16T18:42:37+00:00","dateModified":"2020-06-16T18:42:41+00:00","breadcrumb":{"@id":"https:\/\/diarioprincipios.com\/index.php\/2020\/06\/16\/mussi-firmo-convenio-con-kicillof-para-que-berazategui-reciba-asistencia-financiera-de-la-provincia\/#breadcrumb"},"inLanguage":"es","potentialAction":[{"@type":"ReadAction","target":["https:\/\/diarioprincipios.com\/index.php\/2020\/06\/16\/mussi-firmo-convenio-con-kicillof-para-que-berazategui-reciba-asistencia-financiera-de-la-provincia\/"]}]},{"@type":"ImageObject","inLanguage":"es","@id":"https:\/\/diarioprincipios.com\/index.php\/2020\/06\/16\/mussi-firmo-convenio-con-kicillof-para-que-berazategui-reciba-asistencia-financiera-de-la-provincia\/#primaryimage","url":"https:\/\/diarioprincipios.com\/wp-content\/uploads\/2020\/06\/FB_IMG_1592332456907.jpg","contentUrl":"https:\/\/diarioprincipios.com\/wp-content\/uploads\/2020\/06\/FB_IMG_1592332456907.jpg","width":1080,"height":720},{"@type":"BreadcrumbList","@id":"https:\/\/diarioprincipios.com\/index.php\/2020\/06\/16\/mussi-firmo-convenio-con-kicillof-para-que-berazategui-reciba-asistencia-financiera-de-la-provincia\/#breadcrumb","itemListElement":[{"@type":"ListItem","position":1,"name":"Portada","item":"https:\/\/diarioprincipios.com\/"},{"@type":"ListItem","position":2,"name":"Mussi firm\u00f3 convenio con Kicillof para que Berazategui reciba asistencia financiera de la Provincia"}]},{"@type":"WebSite","@id":"https:\/\/diarioprincipios.com\/#website","url":"https:\/\/diarioprincipios.com\/","name":"Principios","description":"Principios Diario","publisher":{"@id":"https:\/\/diarioprincipios.com\/#organization"},"potentialAction":[{"@type":"SearchAction","target":{"@type":"EntryPoint","urlTemplate":"https:\/\/diarioprincipios.com\/?s={search_term_string}"},"query-input":{"@type":"PropertyValueSpecification","valueRequired":true,"valueName":"search_term_string"}}],"inLanguage":"es"},{"@type":"Organization","@id":"https:\/\/diarioprincipios.com\/#organization","name":"Principios","url":"https:\/\/diarioprincipios.com\/","logo":{"@type":"ImageObject","inLanguage":"es","@id":"https:\/\/diarioprincipios.com\/#\/schema\/logo\/image\/","url":"https:\/\/diarioprincipios.com\/wp-content\/uploads\/2024\/04\/cropped-www.diarioprincipios.com_-1.png","contentUrl":"https:\/\/diarioprincipios.com\/wp-content\/uploads\/2024\/04\/cropped-www.diarioprincipios.com_-1.png","width":5325,"height":1454,"caption":"Principios"},"image":{"@id":"https:\/\/diarioprincipios.com\/#\/schema\/logo\/image\/"}},{"@type":"Person","@id":"https:\/\/diarioprincipios.com\/#\/schema\/person\/436d5a1fd41a5e250e23ff5a6a7cb080","name":"Hern\u00e1n L\u00f3pez","image":{"@type":"ImageObject","inLanguage":"es","@id":"https:\/\/diarioprincipios.com\/wp-content\/litespeed\/avatar\/11ddfe5610ff3bd100522525b2571f48.jpg?ver=1777653193","url":"https:\/\/diarioprincipios.com\/wp-content\/litespeed\/avatar\/11ddfe5610ff3bd100522525b2571f48.jpg?ver=1777653193","contentUrl":"https:\/\/diarioprincipios.com\/wp-content\/litespeed\/avatar\/11ddfe5610ff3bd100522525b2571f48.jpg?ver=1777653193","caption":"Hern\u00e1n L\u00f3pez"},"url":"https:\/\/diarioprincipios.com\/index.php\/author\/hernan\/"}]}},"jetpack_featured_media_url":"https:\/\/diarioprincipios.com\/wp-content\/uploads\/2020\/06\/FB_IMG_1592332456907.jpg","_links":{"self":[{"href":"https:\/\/diarioprincipios.com\/index.php\/wp-json\/wp\/v2\/posts\/2945","targetHints":{"allow":["GET"]}}],"collection":[{"href":"https:\/\/diarioprincipios.com\/index.php\/wp-json\/wp\/v2\/posts"}],"about":[{"href":"https:\/\/diarioprincipios.com\/index.php\/wp-json\/wp\/v2\/types\/post"}],"author":[{"embeddable":true,"href":"https:\/\/diarioprincipios.com\/index.php\/wp-json\/wp\/v2\/users\/2"}],"replies":[{"embeddable":true,"href":"https:\/\/diarioprincipios.com\/index.php\/wp-json\/wp\/v2\/comments?post=2945"}],"version-history":[{"count":1,"href":"https:\/\/diarioprincipios.com\/index.php\/wp-json\/wp\/v2\/posts\/2945\/revisions"}],"predecessor-version":[{"id":2948,"href":"https:\/\/diarioprincipios.com\/index.php\/wp-json\/wp\/v2\/posts\/2945\/revisions\/2948"}],"wp:featuredmedia":[{"embeddable":true,"href":"https:\/\/diarioprincipios.com\/index.php\/wp-json\/wp\/v2\/media\/2947"}],"wp:attachment":[{"href":"https:\/\/diarioprincipios.com\/index.php\/wp-json\/wp\/v2\/media?parent=2945"}],"wp:term":[{"taxonomy":"category","embeddable":true,"href":"https:\/\/diarioprincipios.com\/index.php\/wp-json\/wp\/v2\/categories?post=2945"},{"taxonomy":"post_tag","embeddable":true,"href":"https:\/\/diarioprincipios.com\/index.php\/wp-json\/wp\/v2\/tags?post=2945"}],"curies":[{"name":"wp","href":"https:\/\/api.w.org\/{rel}","templated":true}]}}